{"id":133683,"date":"2024-12-04T22:41:54","date_gmt":"2024-12-05T01:41:54","guid":{"rendered":"https:\/\/eltrabajo.cl\/web\/?p=133683"},"modified":"2024-12-04T22:41:54","modified_gmt":"2024-12-05T01:41:54","slug":"camara-de-turismo-de-santa-maria-organiza-exhibicion-de-parapentes-y-globos-aerostaticos","status":"publish","type":"post","link":"https:\/\/eltrabajo.cl\/web\/camara-de-turismo-de-santa-maria-organiza-exhibicion-de-parapentes-y-globos-aerostaticos\/","title":{"rendered":"C\u00e1mara de Turismo de Santa Mar\u00eda organiza exhibici\u00f3n de parapentes y globos aerost\u00e1ticos"},"content":{"rendered":"<ul>\n<li><strong>Actividades se desarrollar\u00e1n durante este fin de semana<\/strong><\/li>\n<\/ul>\n<p>Como una forma de seguir instalando diversas iniciativas en Santa Mar\u00eda, y as\u00ed convertirla en uno de los destinos favoritos y referentes del deporte aventura en nuestro pa\u00eds, la C\u00e1mara de Turismo de la comuna invita a su exhibici\u00f3n de parapentes este s\u00e1bado y los vuelos cautivos en globo aerost\u00e1tico que ofrecer\u00e1n para la ma\u00f1ana del domingo.<\/p>\n<p>Ambas actividades fijadas para este fin de semana se llevar\u00e1n a cabo en el Cerro Teucal\u00e1n, sector de las Cadenas. Mientras que para el d\u00eda s\u00e1bado la experiencia parte a contar de las 16:00 horas, los vuelos en globo aerost\u00e1tico buscan que la comunidad pueda apreciar el amanecer desde las alturas, realiz\u00e1ndose desde las 07:00 a las 10:00 horas.<\/p>\n<p>Lo anterior, se desprende de la conversaci\u00f3n que tuvo con <strong>Diario El Trabajo<\/strong>, el presidente de la C\u00e1mara de Turismo de Santa Mar\u00eda, <strong>Jonathan Venegas<\/strong>, quien dice que han creado varias actividades <em>\u00abbuscando nuevos circuitos, nuevos deportes para incluir ac\u00e1 en la comuna. Este fin de semana, el d\u00eda s\u00e1bado a las 16:00 horas, vamos incluso a tener una exhibici\u00f3n de parapentes ah\u00ed en el Cerro Teucal\u00e1n, en el sector de Las Cadenas, en el cual las personas van a poder conocer el deporte, ponerse los equipos, sentir ah\u00ed la sensaci\u00f3n de estar en un paramente y tambi\u00e9n algunos van a poder tener la posibilidad de volar. Van haber dos pilotos certificados, en el cual la gente va a poder vivir la experiencia de volar en parapente\u00bb<\/em>.<\/p>\n<p>Mientras que para el d\u00eda domingo van a cumplir con lo que estaba pendiente. <em>\u00abEs la experiencia de los globos aerost\u00e1ticos, esto va hacer el domingo -08- desde las 07:00 de la ma\u00f1ana, hasta las 10 de la ma\u00f1ana de ese mismo d\u00eda\u00bb<\/em>, se\u00f1al\u00f3.<\/p>\n<p>En tanto, ya pensando en el verano, estableci\u00f3 que en febrero <em>\u00abvamos a tener un Running, una competencia de una carrera extrema de 10 kil\u00f3metros, donde van a haber varios obst\u00e1culos que pasar para los competidores. Eso lo vamos a realizar ah\u00ed tambi\u00e9n en el Cerro Teucal\u00e1n, Las Cadenas. La cosa es que disfruten, lo pasen bien, vamos a tener buenos premios para los competidores\u00bb<\/em>, dijo.<\/p>\n<p>&#8211; <strong>Lo otro, todo esto de situar a Santa Mar\u00eda como una ventana al deporte aventura \u00bfse les ocurri\u00f3 a ustedes viendo la geograf\u00eda, la disposici\u00f3n de la gente?<\/strong><\/p>\n<p>&#8211; Nace por una invitaci\u00f3n que le hice a un club de parapente que andaba buscando lugares id\u00f3neos, que cumplieran las condiciones para poder volar y ah\u00ed los invito a volar al cerro y encuentran el lugar ideal, tienen las t\u00e9rmicas ideales para volar, los vientos necesarios y ah\u00ed nace la inquietud de por qu\u00e9 no transformar a Santa Mar\u00eda en un referente del deporte aventura. Tambi\u00e9n estamos gestionando ah\u00ed, para poder hacer Rafting en el r\u00edo si es que nos permiten las condiciones tambi\u00e9n, estoy haciendo los contactos ya con alguna gente que tiene las certificaciones necesarias, la idea es esa, transformar a una comuna. Lo que puede traer el deporte en beneficios econ\u00f3micos a una comunidad incre\u00edble, porque atrae gente de todos los lugares, se arman competencias. En San Rafael, Argentina, ocurri\u00f3 algo muy particular, se hizo una competencia de circuito de Trekking y ah\u00ed los empresarios tuvieron la necesidad, porque llegaba la gente a la comuna y no ten\u00edan d\u00f3nde alojar, almorzar; se hizo tan popular, que se cre\u00f3 la necesidad de inversiones. Creo que va a ser un tremendo aporte a lo que estamos apuntando para la comuna de Santa Mar\u00eda, es decir, podr\u00edamos transformarnos en un destino de deporte aventura de Chile, creo que tenemos las condiciones, la geograf\u00eda para hacer competencia. Esperamos tener el apoyo de las autoridades, que puedan darnos los permisos necesarios para poder realizar este tipo de actividades.<\/p>\n<p>&#8211; <strong>En resumen, por favor, todas las actividades que hay<\/strong><\/p>\n<p>&#8211; Primero, partimos el d\u00eda s\u00e1bado -07- a las 16:00 horas, con una exhibici\u00f3n de paramentes, donde las personas van a poder vivir la experiencia tambi\u00e9n de volar. En la noche les tengo una sorpresa, alguien muy conocido con una banda tributo a un gran artista, pero como te digo es sorpresa, y el d\u00eda domingo -08- vamos a tener la exhibici\u00f3n de globos aerost\u00e1ticos, donde los ni\u00f1os que ten\u00edan los tickets que se entregaron en el D\u00eda del Turismo, van a poder tambi\u00e9n subirse a los globos y elevarse en los vuelos cautivos. Para el 22 de Febrero -2025- vamos a tener esta competencia de Running con diferentes obst\u00e1culos que van a hacer en el Cerro Teucal\u00e1n.<\/p>\n<p>&#8211; <strong>\u00bfLa gente puede ir a mirar, participar?<\/strong><\/p>\n<p>&#8211; Primero, va a haber una zona donde la gente va a poder conocer los paramentes, ponerse el equipo, sin volar, tener la experiencia de inflar el parapente para sentir la presi\u00f3n y tambi\u00e9n van haber dos pilotos bi-plaza; significa que pueden llevar una persona para volar y eso va a tener un costo, pero lo ven directamente los pilotos. El d\u00eda domingo la gente va a poder subirse a los globos, pero la prioridad es para las personas que ya ten\u00edan su ticket de la actividad que no se pudo realizar en el D\u00eda Internacional del Turismo.<\/p>\n<figure id=\"attachment_133684\" aria-describedby=\"caption-attachment-133684\" style=\"width: 699px\" class=\"wp-caption alignnone\"><img loading=\"lazy\" decoding=\"async\" class=\"size-full wp-image-133684\" src=\"https:\/\/eltrabajo.cl\/web\/wp-content\/uploads\/2024\/12\/SM-Globo.jpg\" alt=\"Un globo aerost\u00e1tico que van a disfrutar este fin de semana en Santa Mar\u00eda.\" width=\"699\" height=\"933\" srcset=\"https:\/\/eltrabajo.cl\/web\/wp-content\/uploads\/2024\/12\/SM-Globo.jpg 699w, https:\/\/eltrabajo.cl\/web\/wp-content\/uploads\/2024\/12\/SM-Globo-225x300.jpg 225w, https:\/\/eltrabajo.cl\/web\/wp-content\/uploads\/2024\/12\/SM-Globo-315x420.jpg 315w, https:\/\/eltrabajo.cl\/web\/wp-content\/uploads\/2024\/12\/SM-Globo-150x200.jpg 150w, https:\/\/eltrabajo.cl\/web\/wp-content\/uploads\/2024\/12\/SM-Globo-300x400.jpg 300w, https:\/\/eltrabajo.cl\/web\/wp-content\/uploads\/2024\/12\/SM-Globo-696x929.jpg 696w\" sizes=\"auto, (max-width: 699px) 100vw, 699px\" \/><figcaption id=\"caption-attachment-133684\" class=\"wp-caption-text\">Un globo aerost\u00e1tico que van a disfrutar este fin de semana en Santa Mar\u00eda.<\/figcaption><\/figure>\n<figure id=\"attachment_133685\" aria-describedby=\"caption-attachment-133685\" style=\"width: 699px\" class=\"wp-caption alignnone\"><img loading=\"lazy\" decoding=\"async\" class=\"size-full wp-image-133685\" src=\"https:\/\/eltrabajo.cl\/web\/wp-content\/uploads\/2024\/12\/SM-Parapente.jpg\" alt=\"Un parapente volando por los cielos, que hermosa vista.\" width=\"699\" height=\"1244\" srcset=\"https:\/\/eltrabajo.cl\/web\/wp-content\/uploads\/2024\/12\/SM-Parapente.jpg 699w, https:\/\/eltrabajo.cl\/web\/wp-content\/uploads\/2024\/12\/SM-Parapente-169x300.jpg 169w, https:\/\/eltrabajo.cl\/web\/wp-content\/uploads\/2024\/12\/SM-Parapente-575x1024.jpg 575w, https:\/\/eltrabajo.cl\/web\/wp-content\/uploads\/2024\/12\/SM-Parapente-236x420.jpg 236w, https:\/\/eltrabajo.cl\/web\/wp-content\/uploads\/2024\/12\/SM-Parapente-150x267.jpg 150w, https:\/\/eltrabajo.cl\/web\/wp-content\/uploads\/2024\/12\/SM-Parapente-300x534.jpg 300w, https:\/\/eltrabajo.cl\/web\/wp-content\/uploads\/2024\/12\/SM-Parapente-696x1239.jpg 696w\" sizes=\"auto, (max-width: 699px) 100vw, 699px\" \/><figcaption id=\"caption-attachment-133685\" class=\"wp-caption-text\">Un parapente volando por los cielos, que hermosa vista.<\/figcaption><\/figure>\n","protected":false},"excerpt":{"rendered":"<p>Actividades se desarrollar\u00e1n durante este fin de semana Como una forma de seguir instalando diversas iniciativas en Santa Mar\u00eda, y as\u00ed convertirla en uno de los destinos favoritos y referentes del deporte aventura en nuestro pa\u00eds, la C\u00e1mara de Turismo de la comuna invita a su exhibici\u00f3n de parapentes este s\u00e1bado y los vuelos cautivos [&hellip;]<\/p>\n","protected":false},"author":1,"featured_media":133686,"comment_status":"open","ping_status":"closed","sticky":false,"template":"","format":"standard","meta":{"footnotes":""},"categories":[3],"tags":[],"class_list":{"0":"post-133683","1":"post","2":"type-post","3":"status-publish","4":"format-standard","5":"has-post-thumbnail","7":"category-cronica-2"},"yoast_head":"<!-- This site is optimized with the Yoast SEO plugin v27.5 - https:\/\/yoast.com\/product\/yoast-seo-wordpress\/ -->\n<title>C\u00e1mara de Turismo de Santa Mar\u00eda organiza exhibici\u00f3n de parapentes y globos aerost\u00e1ticos - Diario El Trabajo<\/title>\n<meta name=\"robots\" content=\"index, follow, max-snippet:-1, max-image-preview:large, max-video-preview:-1\" \/>\n<link rel=\"canonical\" href=\"https:\/\/eltrabajo.cl\/web\/camara-de-turismo-de-santa-maria-organiza-exhibicion-de-parapentes-y-globos-aerostaticos\/\" \/>\n<meta property=\"og:locale\" content=\"es_ES\" \/>\n<meta property=\"og:type\" content=\"article\" \/>\n<meta property=\"og:title\" content=\"C\u00e1mara de Turismo de Santa Mar\u00eda organiza exhibici\u00f3n de parapentes y globos aerost\u00e1ticos - Diario El Trabajo\" \/>\n<meta property=\"og:description\" content=\"Actividades se desarrollar\u00e1n durante este fin de semana Como una forma de seguir instalando diversas iniciativas en Santa Mar\u00eda, y as\u00ed convertirla en uno de los destinos favoritos y referentes del deporte aventura en nuestro pa\u00eds, la C\u00e1mara de Turismo de la comuna invita a su exhibici\u00f3n de parapentes este s\u00e1bado y los vuelos cautivos [&hellip;]\" \/>\n<meta property=\"og:url\" content=\"https:\/\/eltrabajo.cl\/web\/camara-de-turismo-de-santa-maria-organiza-exhibicion-de-parapentes-y-globos-aerostaticos\/\" \/>\n<meta property=\"og:site_name\" content=\"Diario El Trabajo\" \/>\n<meta property=\"article:publisher\" content=\"https:\/\/www.facebook.com\/ElTrabajoDiario\" \/>\n<meta property=\"article:published_time\" content=\"2024-12-05T01:41:54+00:00\" \/>\n<meta property=\"og:image\" content=\"https:\/\/eltrabajo.cl\/web\/wp-content\/uploads\/2024\/12\/SM.jpg\" \/>\n\t<meta property=\"og:image:width\" content=\"699\" \/>\n\t<meta property=\"og:image:height\" content=\"466\" \/>\n\t<meta property=\"og:image:type\" content=\"image\/jpeg\" \/>\n<meta name=\"author\" content=\"Diario El Trabajo\" \/>\n<meta name=\"twitter:card\" content=\"summary_large_image\" \/>\n<meta name=\"twitter:creator\" content=\"@diarioeltrabajo\" \/>\n<meta name=\"twitter:site\" content=\"@diarioeltrabajo\" \/>\n<meta name=\"twitter:label1\" content=\"Escrito por\" \/>\n\t<meta name=\"twitter:data1\" content=\"Diario El Trabajo\" \/>\n\t<meta name=\"twitter:label2\" content=\"Tiempo estimado de lectura\" \/>\n\t<meta name=\"twitter:data2\" content=\"5 minutos\" \/>\n<script type=\"application\/ld+json\" class=\"yoast-schema-graph\">{\"@context\":\"https:\\\/\\\/schema.org\",\"@graph\":[{\"@type\":\"Article\",\"@id\":\"https:\\\/\\\/eltrabajo.cl\\\/web\\\/camara-de-turismo-de-santa-maria-organiza-exhibicion-de-parapentes-y-globos-aerostaticos\\\/#article\",\"isPartOf\":{\"@id\":\"https:\\\/\\\/eltrabajo.cl\\\/web\\\/camara-de-turismo-de-santa-maria-organiza-exhibicion-de-parapentes-y-globos-aerostaticos\\\/\"},\"author\":{\"name\":\"Diario El Trabajo\",\"@id\":\"https:\\\/\\\/eltrabajo.cl\\\/web\\\/#\\\/schema\\\/person\\\/45efd3d17f86ec456e44dd7debe1bf19\"},\"headline\":\"C\u00e1mara de Turismo de Santa Mar\u00eda organiza exhibici\u00f3n de parapentes y globos aerost\u00e1ticos\",\"datePublished\":\"2024-12-05T01:41:54+00:00\",\"mainEntityOfPage\":{\"@id\":\"https:\\\/\\\/eltrabajo.cl\\\/web\\\/camara-de-turismo-de-santa-maria-organiza-exhibicion-de-parapentes-y-globos-aerostaticos\\\/\"},\"wordCount\":981,\"commentCount\":0,\"publisher\":{\"@id\":\"https:\\\/\\\/eltrabajo.cl\\\/web\\\/#organization\"},\"image\":{\"@id\":\"https:\\\/\\\/eltrabajo.cl\\\/web\\\/camara-de-turismo-de-santa-maria-organiza-exhibicion-de-parapentes-y-globos-aerostaticos\\\/#primaryimage\"},\"thumbnailUrl\":\"https:\\\/\\\/eltrabajo.cl\\\/web\\\/wp-content\\\/uploads\\\/2024\\\/12\\\/SM.jpg\",\"articleSection\":[\"Cr\u00f3nica\"],\"inLanguage\":\"es-CL\",\"potentialAction\":[{\"@type\":\"CommentAction\",\"name\":\"Comment\",\"target\":[\"https:\\\/\\\/eltrabajo.cl\\\/web\\\/camara-de-turismo-de-santa-maria-organiza-exhibicion-de-parapentes-y-globos-aerostaticos\\\/#respond\"]}]},{\"@type\":\"WebPage\",\"@id\":\"https:\\\/\\\/eltrabajo.cl\\\/web\\\/camara-de-turismo-de-santa-maria-organiza-exhibicion-de-parapentes-y-globos-aerostaticos\\\/\",\"url\":\"https:\\\/\\\/eltrabajo.cl\\\/web\\\/camara-de-turismo-de-santa-maria-organiza-exhibicion-de-parapentes-y-globos-aerostaticos\\\/\",\"name\":\"C\u00e1mara de Turismo de Santa Mar\u00eda organiza exhibici\u00f3n de parapentes y globos aerost\u00e1ticos - Diario El Trabajo\",\"isPartOf\":{\"@id\":\"https:\\\/\\\/eltrabajo.cl\\\/web\\\/#website\"},\"primaryImageOfPage\":{\"@id\":\"https:\\\/\\\/eltrabajo.cl\\\/web\\\/camara-de-turismo-de-santa-maria-organiza-exhibicion-de-parapentes-y-globos-aerostaticos\\\/#primaryimage\"},\"image\":{\"@id\":\"https:\\\/\\\/eltrabajo.cl\\\/web\\\/camara-de-turismo-de-santa-maria-organiza-exhibicion-de-parapentes-y-globos-aerostaticos\\\/#primaryimage\"},\"thumbnailUrl\":\"https:\\\/\\\/eltrabajo.cl\\\/web\\\/wp-content\\\/uploads\\\/2024\\\/12\\\/SM.jpg\",\"datePublished\":\"2024-12-05T01:41:54+00:00\",\"breadcrumb\":{\"@id\":\"https:\\\/\\\/eltrabajo.cl\\\/web\\\/camara-de-turismo-de-santa-maria-organiza-exhibicion-de-parapentes-y-globos-aerostaticos\\\/#breadcrumb\"},\"inLanguage\":\"es-CL\",\"potentialAction\":[{\"@type\":\"ReadAction\",\"target\":[\"https:\\\/\\\/eltrabajo.cl\\\/web\\\/camara-de-turismo-de-santa-maria-organiza-exhibicion-de-parapentes-y-globos-aerostaticos\\\/\"]}]},{\"@type\":\"ImageObject\",\"inLanguage\":\"es-CL\",\"@id\":\"https:\\\/\\\/eltrabajo.cl\\\/web\\\/camara-de-turismo-de-santa-maria-organiza-exhibicion-de-parapentes-y-globos-aerostaticos\\\/#primaryimage\",\"url\":\"https:\\\/\\\/eltrabajo.cl\\\/web\\\/wp-content\\\/uploads\\\/2024\\\/12\\\/SM.jpg\",\"contentUrl\":\"https:\\\/\\\/eltrabajo.cl\\\/web\\\/wp-content\\\/uploads\\\/2024\\\/12\\\/SM.jpg\",\"width\":699,\"height\":466,\"caption\":\"A la izquierda, un parapente volando por los cielos. A la derecha, un globo aerost\u00e1tico como los que estar\u00e1n este s\u00e1bado en Santa Mar\u00eda.\"},{\"@type\":\"BreadcrumbList\",\"@id\":\"https:\\\/\\\/eltrabajo.cl\\\/web\\\/camara-de-turismo-de-santa-maria-organiza-exhibicion-de-parapentes-y-globos-aerostaticos\\\/#breadcrumb\",\"itemListElement\":[{\"@type\":\"ListItem\",\"position\":1,\"name\":\"Portada\",\"item\":\"https:\\\/\\\/eltrabajo.cl\\\/web\\\/\"},{\"@type\":\"ListItem\",\"position\":2,\"name\":\"C\u00e1mara de Turismo de Santa Mar\u00eda organiza exhibici\u00f3n de parapentes y globos aerost\u00e1ticos\"}]},{\"@type\":\"WebSite\",\"@id\":\"https:\\\/\\\/eltrabajo.cl\\\/web\\\/#website\",\"url\":\"https:\\\/\\\/eltrabajo.cl\\\/web\\\/\",\"name\":\"Diario El Trabajo\",\"description\":\"Desde 1929 construyendo Identidad Local\",\"publisher\":{\"@id\":\"https:\\\/\\\/eltrabajo.cl\\\/web\\\/#organization\"},\"potentialAction\":[{\"@type\":\"SearchAction\",\"target\":{\"@type\":\"EntryPoint\",\"urlTemplate\":\"https:\\\/\\\/eltrabajo.cl\\\/web\\\/?s={search_term_string}\"},\"query-input\":{\"@type\":\"PropertyValueSpecification\",\"valueRequired\":true,\"valueName\":\"search_term_string\"}}],\"inLanguage\":\"es-CL\"},{\"@type\":\"Organization\",\"@id\":\"https:\\\/\\\/eltrabajo.cl\\\/web\\\/#organization\",\"name\":\"Diario El Trabajo\",\"url\":\"https:\\\/\\\/eltrabajo.cl\\\/web\\\/\",\"logo\":{\"@type\":\"ImageObject\",\"inLanguage\":\"es-CL\",\"@id\":\"https:\\\/\\\/eltrabajo.cl\\\/web\\\/#\\\/schema\\\/logo\\\/image\\\/\",\"url\":\"https:\\\/\\\/eltrabajo.cl\\\/web\\\/wp-content\\\/uploads\\\/2024\\\/06\\\/profile-image-ig-page-diarioeltrabajo.jpg\",\"contentUrl\":\"https:\\\/\\\/eltrabajo.cl\\\/web\\\/wp-content\\\/uploads\\\/2024\\\/06\\\/profile-image-ig-page-diarioeltrabajo.jpg\",\"width\":823,\"height\":823,\"caption\":\"Diario El Trabajo\"},\"image\":{\"@id\":\"https:\\\/\\\/eltrabajo.cl\\\/web\\\/#\\\/schema\\\/logo\\\/image\\\/\"},\"sameAs\":[\"https:\\\/\\\/www.facebook.com\\\/ElTrabajoDiario\",\"https:\\\/\\\/x.com\\\/diarioeltrabajo\"]},{\"@type\":\"Person\",\"@id\":\"https:\\\/\\\/eltrabajo.cl\\\/web\\\/#\\\/schema\\\/person\\\/45efd3d17f86ec456e44dd7debe1bf19\",\"name\":\"Diario El Trabajo\",\"image\":{\"@type\":\"ImageObject\",\"inLanguage\":\"es-CL\",\"@id\":\"https:\\\/\\\/secure.gravatar.com\\\/avatar\\\/7e6ec277dc4aea2677c2dc301d4227957219329c985ab69a3efc12518b5161aa?s=96&d=mm&r=g\",\"url\":\"https:\\\/\\\/secure.gravatar.com\\\/avatar\\\/7e6ec277dc4aea2677c2dc301d4227957219329c985ab69a3efc12518b5161aa?s=96&d=mm&r=g\",\"contentUrl\":\"https:\\\/\\\/secure.gravatar.com\\\/avatar\\\/7e6ec277dc4aea2677c2dc301d4227957219329c985ab69a3efc12518b5161aa?s=96&d=mm&r=g\",\"caption\":\"Diario El Trabajo\"},\"sameAs\":[\"https:\\\/\\\/eltrabajo.cl\\\/web\"],\"url\":\"https:\\\/\\\/eltrabajo.cl\\\/web\\\/author\\\/diario-el-trabajo\\\/\"}]}<\/script>\n<!-- \/ Yoast SEO plugin. -->","yoast_head_json":{"title":"C\u00e1mara de Turismo de Santa Mar\u00eda organiza exhibici\u00f3n de parapentes y globos aerost\u00e1ticos - Diario El Trabajo","robots":{"index":"index","follow":"follow","max-snippet":"max-snippet:-1","max-image-preview":"max-image-preview:large","max-video-preview":"max-video-preview:-1"},"canonical":"https:\/\/eltrabajo.cl\/web\/camara-de-turismo-de-santa-maria-organiza-exhibicion-de-parapentes-y-globos-aerostaticos\/","og_locale":"es_ES","og_type":"article","og_title":"C\u00e1mara de Turismo de Santa Mar\u00eda organiza exhibici\u00f3n de parapentes y globos aerost\u00e1ticos - Diario El Trabajo","og_description":"Actividades se desarrollar\u00e1n durante este fin de semana Como una forma de seguir instalando diversas iniciativas en Santa Mar\u00eda, y as\u00ed convertirla en uno de los destinos favoritos y referentes del deporte aventura en nuestro pa\u00eds, la C\u00e1mara de Turismo de la comuna invita a su exhibici\u00f3n de parapentes este s\u00e1bado y los vuelos cautivos [&hellip;]","og_url":"https:\/\/eltrabajo.cl\/web\/camara-de-turismo-de-santa-maria-organiza-exhibicion-de-parapentes-y-globos-aerostaticos\/","og_site_name":"Diario El Trabajo","article_publisher":"https:\/\/www.facebook.com\/ElTrabajoDiario","article_published_time":"2024-12-05T01:41:54+00:00","og_image":[{"width":699,"height":466,"url":"https:\/\/eltrabajo.cl\/web\/wp-content\/uploads\/2024\/12\/SM.jpg","type":"image\/jpeg"}],"author":"Diario El Trabajo","twitter_card":"summary_large_image","twitter_creator":"@diarioeltrabajo","twitter_site":"@diarioeltrabajo","twitter_misc":{"Escrito por":"Diario El Trabajo","Tiempo estimado de lectura":"5 minutos"},"schema":{"@context":"https:\/\/schema.org","@graph":[{"@type":"Article","@id":"https:\/\/eltrabajo.cl\/web\/camara-de-turismo-de-santa-maria-organiza-exhibicion-de-parapentes-y-globos-aerostaticos\/#article","isPartOf":{"@id":"https:\/\/eltrabajo.cl\/web\/camara-de-turismo-de-santa-maria-organiza-exhibicion-de-parapentes-y-globos-aerostaticos\/"},"author":{"name":"Diario El Trabajo","@id":"https:\/\/eltrabajo.cl\/web\/#\/schema\/person\/45efd3d17f86ec456e44dd7debe1bf19"},"headline":"C\u00e1mara de Turismo de Santa Mar\u00eda organiza exhibici\u00f3n de parapentes y globos aerost\u00e1ticos","datePublished":"2024-12-05T01:41:54+00:00","mainEntityOfPage":{"@id":"https:\/\/eltrabajo.cl\/web\/camara-de-turismo-de-santa-maria-organiza-exhibicion-de-parapentes-y-globos-aerostaticos\/"},"wordCount":981,"commentCount":0,"publisher":{"@id":"https:\/\/eltrabajo.cl\/web\/#organization"},"image":{"@id":"https:\/\/eltrabajo.cl\/web\/camara-de-turismo-de-santa-maria-organiza-exhibicion-de-parapentes-y-globos-aerostaticos\/#primaryimage"},"thumbnailUrl":"https:\/\/eltrabajo.cl\/web\/wp-content\/uploads\/2024\/12\/SM.jpg","articleSection":["Cr\u00f3nica"],"inLanguage":"es-CL","potentialAction":[{"@type":"CommentAction","name":"Comment","target":["https:\/\/eltrabajo.cl\/web\/camara-de-turismo-de-santa-maria-organiza-exhibicion-de-parapentes-y-globos-aerostaticos\/#respond"]}]},{"@type":"WebPage","@id":"https:\/\/eltrabajo.cl\/web\/camara-de-turismo-de-santa-maria-organiza-exhibicion-de-parapentes-y-globos-aerostaticos\/","url":"https:\/\/eltrabajo.cl\/web\/camara-de-turismo-de-santa-maria-organiza-exhibicion-de-parapentes-y-globos-aerostaticos\/","name":"C\u00e1mara de Turismo de Santa Mar\u00eda organiza exhibici\u00f3n de parapentes y globos aerost\u00e1ticos - Diario El Trabajo","isPartOf":{"@id":"https:\/\/eltrabajo.cl\/web\/#website"},"primaryImageOfPage":{"@id":"https:\/\/eltrabajo.cl\/web\/camara-de-turismo-de-santa-maria-organiza-exhibicion-de-parapentes-y-globos-aerostaticos\/#primaryimage"},"image":{"@id":"https:\/\/eltrabajo.cl\/web\/camara-de-turismo-de-santa-maria-organiza-exhibicion-de-parapentes-y-globos-aerostaticos\/#primaryimage"},"thumbnailUrl":"https:\/\/eltrabajo.cl\/web\/wp-content\/uploads\/2024\/12\/SM.jpg","datePublished":"2024-12-05T01:41:54+00:00","breadcrumb":{"@id":"https:\/\/eltrabajo.cl\/web\/camara-de-turismo-de-santa-maria-organiza-exhibicion-de-parapentes-y-globos-aerostaticos\/#breadcrumb"},"inLanguage":"es-CL","potentialAction":[{"@type":"ReadAction","target":["https:\/\/eltrabajo.cl\/web\/camara-de-turismo-de-santa-maria-organiza-exhibicion-de-parapentes-y-globos-aerostaticos\/"]}]},{"@type":"ImageObject","inLanguage":"es-CL","@id":"https:\/\/eltrabajo.cl\/web\/camara-de-turismo-de-santa-maria-organiza-exhibicion-de-parapentes-y-globos-aerostaticos\/#primaryimage","url":"https:\/\/eltrabajo.cl\/web\/wp-content\/uploads\/2024\/12\/SM.jpg","contentUrl":"https:\/\/eltrabajo.cl\/web\/wp-content\/uploads\/2024\/12\/SM.jpg","width":699,"height":466,"caption":"A la izquierda, un parapente volando por los cielos. A la derecha, un globo aerost\u00e1tico como los que estar\u00e1n este s\u00e1bado en Santa Mar\u00eda."},{"@type":"BreadcrumbList","@id":"https:\/\/eltrabajo.cl\/web\/camara-de-turismo-de-santa-maria-organiza-exhibicion-de-parapentes-y-globos-aerostaticos\/#breadcrumb","itemListElement":[{"@type":"ListItem","position":1,"name":"Portada","item":"https:\/\/eltrabajo.cl\/web\/"},{"@type":"ListItem","position":2,"name":"C\u00e1mara de Turismo de Santa Mar\u00eda organiza exhibici\u00f3n de parapentes y globos aerost\u00e1ticos"}]},{"@type":"WebSite","@id":"https:\/\/eltrabajo.cl\/web\/#website","url":"https:\/\/eltrabajo.cl\/web\/","name":"Diario El Trabajo","description":"Desde 1929 construyendo Identidad Local","publisher":{"@id":"https:\/\/eltrabajo.cl\/web\/#organization"},"potentialAction":[{"@type":"SearchAction","target":{"@type":"EntryPoint","urlTemplate":"https:\/\/eltrabajo.cl\/web\/?s={search_term_string}"},"query-input":{"@type":"PropertyValueSpecification","valueRequired":true,"valueName":"search_term_string"}}],"inLanguage":"es-CL"},{"@type":"Organization","@id":"https:\/\/eltrabajo.cl\/web\/#organization","name":"Diario El Trabajo","url":"https:\/\/eltrabajo.cl\/web\/","logo":{"@type":"ImageObject","inLanguage":"es-CL","@id":"https:\/\/eltrabajo.cl\/web\/#\/schema\/logo\/image\/","url":"https:\/\/eltrabajo.cl\/web\/wp-content\/uploads\/2024\/06\/profile-image-ig-page-diarioeltrabajo.jpg","contentUrl":"https:\/\/eltrabajo.cl\/web\/wp-content\/uploads\/2024\/06\/profile-image-ig-page-diarioeltrabajo.jpg","width":823,"height":823,"caption":"Diario El Trabajo"},"image":{"@id":"https:\/\/eltrabajo.cl\/web\/#\/schema\/logo\/image\/"},"sameAs":["https:\/\/www.facebook.com\/ElTrabajoDiario","https:\/\/x.com\/diarioeltrabajo"]},{"@type":"Person","@id":"https:\/\/eltrabajo.cl\/web\/#\/schema\/person\/45efd3d17f86ec456e44dd7debe1bf19","name":"Diario El Trabajo","image":{"@type":"ImageObject","inLanguage":"es-CL","@id":"https:\/\/secure.gravatar.com\/avatar\/7e6ec277dc4aea2677c2dc301d4227957219329c985ab69a3efc12518b5161aa?s=96&d=mm&r=g","url":"https:\/\/secure.gravatar.com\/avatar\/7e6ec277dc4aea2677c2dc301d4227957219329c985ab69a3efc12518b5161aa?s=96&d=mm&r=g","contentUrl":"https:\/\/secure.gravatar.com\/avatar\/7e6ec277dc4aea2677c2dc301d4227957219329c985ab69a3efc12518b5161aa?s=96&d=mm&r=g","caption":"Diario El Trabajo"},"sameAs":["https:\/\/eltrabajo.cl\/web"],"url":"https:\/\/eltrabajo.cl\/web\/author\/diario-el-trabajo\/"}]}},"_links":{"self":[{"href":"https:\/\/eltrabajo.cl\/web\/wp-json\/wp\/v2\/posts\/133683","targetHints":{"allow":["GET"]}}],"collection":[{"href":"https:\/\/eltrabajo.cl\/web\/wp-json\/wp\/v2\/posts"}],"about":[{"href":"https:\/\/eltrabajo.cl\/web\/wp-json\/wp\/v2\/types\/post"}],"author":[{"embeddable":true,"href":"https:\/\/eltrabajo.cl\/web\/wp-json\/wp\/v2\/users\/1"}],"replies":[{"embeddable":true,"href":"https:\/\/eltrabajo.cl\/web\/wp-json\/wp\/v2\/comments?post=133683"}],"version-history":[{"count":1,"href":"https:\/\/eltrabajo.cl\/web\/wp-json\/wp\/v2\/posts\/133683\/revisions"}],"predecessor-version":[{"id":133687,"href":"https:\/\/eltrabajo.cl\/web\/wp-json\/wp\/v2\/posts\/133683\/revisions\/133687"}],"wp:featuredmedia":[{"embeddable":true,"href":"https:\/\/eltrabajo.cl\/web\/wp-json\/wp\/v2\/media\/133686"}],"wp:attachment":[{"href":"https:\/\/eltrabajo.cl\/web\/wp-json\/wp\/v2\/media?parent=133683"}],"wp:term":[{"taxonomy":"category","embeddable":true,"href":"https:\/\/eltrabajo.cl\/web\/wp-json\/wp\/v2\/categories?post=133683"},{"taxonomy":"post_tag","embeddable":true,"href":"https:\/\/eltrabajo.cl\/web\/wp-json\/wp\/v2\/tags?post=133683"}],"curies":[{"name":"wp","href":"https:\/\/api.w.org\/{rel}","templated":true}]}}