{"id":133976,"date":"2024-12-18T22:38:57","date_gmt":"2024-12-19T01:38:57","guid":{"rendered":"https:\/\/eltrabajo.cl\/web\/?p=133976"},"modified":"2024-12-18T22:38:57","modified_gmt":"2024-12-19T01:38:57","slug":"a-partir-de-hoy-se-habilitara-boulevard-estival-en-calle-salinas","status":"publish","type":"post","link":"https:\/\/eltrabajo.cl\/web\/a-partir-de-hoy-se-habilitara-boulevard-estival-en-calle-salinas\/","title":{"rendered":"A partir de hoy se habilitar\u00e1 \u2018Boulevard Estival\u2019 en calle Salinas"},"content":{"rendered":"<ul>\n<li><strong>Cierre entre calles Santo Domingo y Prat est\u00e1 programado a eso de las 18:00 horas.\u2013<\/strong><\/li>\n<\/ul>\n<p>Desde hoy jueves y hasta el s\u00e1bado de la presente semana, se habilitar\u00e1 calle Salinas entre Prat y Santo Domingo como el primer \u2018Boulevard Estival\u2019, esto, considerando los acuerdos alcanzados con los comerciantes y que est\u00e1n establecidos en el Plan de Apoyo Integral al Comercio de la Comuna que fue elaborado por el municipio.<\/p>\n<p>El cierre de dicha arteria est\u00e1 programado que comience a eso de las 18:00 horas, para que los comerciantes del sector puedan extender su horario de atenci\u00f3n y aprovechar ese espacio.<\/p>\n<p>Al respecto, la alcaldesa <strong>Carmen Castillo<\/strong> se\u00f1al\u00f3 que <em>\u00abpara nosotros es muy importante este Plan de Apoyo Integral al Comercio de la comuna y este \u2018Boulevard Estival\u2019 es uno de los componentes que queremos resaltar, porque estamos trabajando fuertemente para que sea seguro, amable, que cuente adem\u00e1s con espacios para m\u00fasica, que nos de a todos la posibilidad de poder hacer una convivencia familiar, que va a ser con cierre de calle despu\u00e9s de las 18:00 horas, que es algo que para nosotros es importante, porque as\u00ed permite que el comercio pueda trabajar tranquilo\u00bb<\/em>.<\/p>\n<p>La medida est\u00e1 programada para que se extienda hasta las 23:00 horas para fortalecer al comercio local. <em>\u00abPor ahora estamos preparando calle Salinas, entre Prat y Santo Domingo este jueves 19, 20 y 21, son tres d\u00edas que estamos trabajando en esta medida e ir probando, c\u00f3mo va a reaccionar la comunidad, ojal\u00e1 que vengan e invitarlos, porque va a ser seguro\u00bb<\/em>.<\/p>\n<p>En este contexto, la edil no descart\u00f3 que la medida pueda desarrollarse en otras calles del centro. <em>\u00abEst\u00e1 establecido otras alternativas que las vamos a ir trabajando con ellos, esta es la primera etapa y esperamos que los vecinos vengan y d\u00e9mosle la posibilidad a nuestro comercio que necesita de esta mano amiga para la compra de regalos\u00bb<\/em>.<\/p>\n<p>Asimismo, Castillo agreg\u00f3 que <em>\u00abexiste la voluntad de probar, es un acuerdo de ir haciendo un camino nuevo, en esta mesa se habl\u00f3 con mucha franqueza, la idea es que exista esta alternativa y se ha hablado en la mesa con locatarios y el transporte\u00bb<\/em>.<\/p>\n<p>Para amenizar las jornadas, adem\u00e1s habr\u00e1 presentaciones de artistas, el jueves 18 estar\u00e1 \u2018<strong>Gabriel<\/strong>\u2019, el viernes 19 ser\u00e1 el turno de \u2018<strong>Constanza V\u00e1squez<\/strong>\u2019, mientras que el s\u00e1bado 21 se presentar\u00e1 \u2018<strong>Gregory Godoy<\/strong>\u2019.<\/p>\n<figure id=\"attachment_133977\" aria-describedby=\"caption-attachment-133977\" style=\"width: 698px\" class=\"wp-caption alignnone\"><img loading=\"lazy\" decoding=\"async\" class=\"size-full wp-image-133977\" src=\"https:\/\/eltrabajo.cl\/web\/wp-content\/uploads\/2024\/12\/boulevard-estival.jpg\" alt=\"A partir de hoy se habilitar\u00e1 el 'Boulevard Estival' en calle Salinas. \" width=\"698\" height=\"422\" srcset=\"https:\/\/eltrabajo.cl\/web\/wp-content\/uploads\/2024\/12\/boulevard-estival.jpg 698w, https:\/\/eltrabajo.cl\/web\/wp-content\/uploads\/2024\/12\/boulevard-estival-300x181.jpg 300w, https:\/\/eltrabajo.cl\/web\/wp-content\/uploads\/2024\/12\/boulevard-estival-695x420.jpg 695w, https:\/\/eltrabajo.cl\/web\/wp-content\/uploads\/2024\/12\/boulevard-estival-150x91.jpg 150w, https:\/\/eltrabajo.cl\/web\/wp-content\/uploads\/2024\/12\/boulevard-estival-696x421.jpg 696w\" sizes=\"auto, (max-width: 698px) 100vw, 698px\" \/><figcaption id=\"caption-attachment-133977\" class=\"wp-caption-text\">A partir de hoy se habilitar\u00e1 el &#8216;Boulevard Estival&#8217; en calle Salinas.<\/figcaption><\/figure>\n","protected":false},"excerpt":{"rendered":"<p>Cierre entre calles Santo Domingo y Prat est\u00e1 programado a eso de las 18:00 horas.\u2013 Desde hoy jueves y hasta el s\u00e1bado de la presente semana, se habilitar\u00e1 calle Salinas entre Prat y Santo Domingo como el primer \u2018Boulevard Estival\u2019, esto, considerando los acuerdos alcanzados con los comerciantes y que est\u00e1n establecidos en el Plan [&hellip;]<\/p>\n","protected":false},"author":1,"featured_media":133977,"comment_status":"open","ping_status":"closed","sticky":false,"template":"","format":"standard","meta":{"footnotes":""},"categories":[3],"tags":[],"class_list":{"0":"post-133976","1":"post","2":"type-post","3":"status-publish","4":"format-standard","5":"has-post-thumbnail","7":"category-cronica-2"},"yoast_head":"<!-- This site is optimized with the Yoast SEO plugin v27.5 - https:\/\/yoast.com\/product\/yoast-seo-wordpress\/ -->\n<title>A partir de hoy se habilitar\u00e1 \u2018Boulevard Estival\u2019 en calle Salinas - Diario El Trabajo<\/title>\n<meta name=\"robots\" content=\"index, follow, max-snippet:-1, max-image-preview:large, max-video-preview:-1\" \/>\n<link rel=\"canonical\" href=\"https:\/\/eltrabajo.cl\/web\/a-partir-de-hoy-se-habilitara-boulevard-estival-en-calle-salinas\/\" \/>\n<meta property=\"og:locale\" content=\"es_ES\" \/>\n<meta property=\"og:type\" content=\"article\" \/>\n<meta property=\"og:title\" content=\"A partir de hoy se habilitar\u00e1 \u2018Boulevard Estival\u2019 en calle Salinas - Diario El Trabajo\" \/>\n<meta property=\"og:description\" content=\"Cierre entre calles Santo Domingo y Prat est\u00e1 programado a eso de las 18:00 horas.\u2013 Desde hoy jueves y hasta el s\u00e1bado de la presente semana, se habilitar\u00e1 calle Salinas entre Prat y Santo Domingo como el primer \u2018Boulevard Estival\u2019, esto, considerando los acuerdos alcanzados con los comerciantes y que est\u00e1n establecidos en el Plan [&hellip;]\" \/>\n<meta property=\"og:url\" content=\"https:\/\/eltrabajo.cl\/web\/a-partir-de-hoy-se-habilitara-boulevard-estival-en-calle-salinas\/\" \/>\n<meta property=\"og:site_name\" content=\"Diario El Trabajo\" \/>\n<meta property=\"article:publisher\" content=\"https:\/\/www.facebook.com\/ElTrabajoDiario\" \/>\n<meta property=\"article:published_time\" content=\"2024-12-19T01:38:57+00:00\" \/>\n<meta property=\"og:image\" content=\"https:\/\/eltrabajo.cl\/web\/wp-content\/uploads\/2024\/12\/boulevard-estival.jpg\" \/>\n\t<meta property=\"og:image:width\" content=\"698\" \/>\n\t<meta property=\"og:image:height\" content=\"422\" \/>\n\t<meta property=\"og:image:type\" content=\"image\/jpeg\" \/>\n<meta name=\"author\" content=\"Diario El Trabajo\" \/>\n<meta name=\"twitter:card\" content=\"summary_large_image\" \/>\n<meta name=\"twitter:creator\" content=\"@diarioeltrabajo\" \/>\n<meta name=\"twitter:site\" content=\"@diarioeltrabajo\" \/>\n<meta name=\"twitter:label1\" content=\"Escrito por\" \/>\n\t<meta name=\"twitter:data1\" content=\"Diario El Trabajo\" \/>\n\t<meta name=\"twitter:label2\" content=\"Tiempo estimado de lectura\" \/>\n\t<meta name=\"twitter:data2\" content=\"3 minutos\" \/>\n<script type=\"application\/ld+json\" class=\"yoast-schema-graph\">{\"@context\":\"https:\\\/\\\/schema.org\",\"@graph\":[{\"@type\":\"Article\",\"@id\":\"https:\\\/\\\/eltrabajo.cl\\\/web\\\/a-partir-de-hoy-se-habilitara-boulevard-estival-en-calle-salinas\\\/#article\",\"isPartOf\":{\"@id\":\"https:\\\/\\\/eltrabajo.cl\\\/web\\\/a-partir-de-hoy-se-habilitara-boulevard-estival-en-calle-salinas\\\/\"},\"author\":{\"name\":\"Diario El Trabajo\",\"@id\":\"https:\\\/\\\/eltrabajo.cl\\\/web\\\/#\\\/schema\\\/person\\\/45efd3d17f86ec456e44dd7debe1bf19\"},\"headline\":\"A partir de hoy se habilitar\u00e1 \u2018Boulevard Estival\u2019 en calle Salinas\",\"datePublished\":\"2024-12-19T01:38:57+00:00\",\"mainEntityOfPage\":{\"@id\":\"https:\\\/\\\/eltrabajo.cl\\\/web\\\/a-partir-de-hoy-se-habilitara-boulevard-estival-en-calle-salinas\\\/\"},\"wordCount\":424,\"commentCount\":0,\"publisher\":{\"@id\":\"https:\\\/\\\/eltrabajo.cl\\\/web\\\/#organization\"},\"image\":{\"@id\":\"https:\\\/\\\/eltrabajo.cl\\\/web\\\/a-partir-de-hoy-se-habilitara-boulevard-estival-en-calle-salinas\\\/#primaryimage\"},\"thumbnailUrl\":\"https:\\\/\\\/eltrabajo.cl\\\/web\\\/wp-content\\\/uploads\\\/2024\\\/12\\\/boulevard-estival.jpg\",\"articleSection\":[\"Cr\u00f3nica\"],\"inLanguage\":\"es-CL\",\"potentialAction\":[{\"@type\":\"CommentAction\",\"name\":\"Comment\",\"target\":[\"https:\\\/\\\/eltrabajo.cl\\\/web\\\/a-partir-de-hoy-se-habilitara-boulevard-estival-en-calle-salinas\\\/#respond\"]}]},{\"@type\":\"WebPage\",\"@id\":\"https:\\\/\\\/eltrabajo.cl\\\/web\\\/a-partir-de-hoy-se-habilitara-boulevard-estival-en-calle-salinas\\\/\",\"url\":\"https:\\\/\\\/eltrabajo.cl\\\/web\\\/a-partir-de-hoy-se-habilitara-boulevard-estival-en-calle-salinas\\\/\",\"name\":\"A partir de hoy se habilitar\u00e1 \u2018Boulevard Estival\u2019 en calle Salinas - Diario El Trabajo\",\"isPartOf\":{\"@id\":\"https:\\\/\\\/eltrabajo.cl\\\/web\\\/#website\"},\"primaryImageOfPage\":{\"@id\":\"https:\\\/\\\/eltrabajo.cl\\\/web\\\/a-partir-de-hoy-se-habilitara-boulevard-estival-en-calle-salinas\\\/#primaryimage\"},\"image\":{\"@id\":\"https:\\\/\\\/eltrabajo.cl\\\/web\\\/a-partir-de-hoy-se-habilitara-boulevard-estival-en-calle-salinas\\\/#primaryimage\"},\"thumbnailUrl\":\"https:\\\/\\\/eltrabajo.cl\\\/web\\\/wp-content\\\/uploads\\\/2024\\\/12\\\/boulevard-estival.jpg\",\"datePublished\":\"2024-12-19T01:38:57+00:00\",\"breadcrumb\":{\"@id\":\"https:\\\/\\\/eltrabajo.cl\\\/web\\\/a-partir-de-hoy-se-habilitara-boulevard-estival-en-calle-salinas\\\/#breadcrumb\"},\"inLanguage\":\"es-CL\",\"potentialAction\":[{\"@type\":\"ReadAction\",\"target\":[\"https:\\\/\\\/eltrabajo.cl\\\/web\\\/a-partir-de-hoy-se-habilitara-boulevard-estival-en-calle-salinas\\\/\"]}]},{\"@type\":\"ImageObject\",\"inLanguage\":\"es-CL\",\"@id\":\"https:\\\/\\\/eltrabajo.cl\\\/web\\\/a-partir-de-hoy-se-habilitara-boulevard-estival-en-calle-salinas\\\/#primaryimage\",\"url\":\"https:\\\/\\\/eltrabajo.cl\\\/web\\\/wp-content\\\/uploads\\\/2024\\\/12\\\/boulevard-estival.jpg\",\"contentUrl\":\"https:\\\/\\\/eltrabajo.cl\\\/web\\\/wp-content\\\/uploads\\\/2024\\\/12\\\/boulevard-estival.jpg\",\"width\":698,\"height\":422,\"caption\":\"A partir de hoy se habilitar\u00e1 el 'Boulevard Estival' en calle Salinas.\"},{\"@type\":\"BreadcrumbList\",\"@id\":\"https:\\\/\\\/eltrabajo.cl\\\/web\\\/a-partir-de-hoy-se-habilitara-boulevard-estival-en-calle-salinas\\\/#breadcrumb\",\"itemListElement\":[{\"@type\":\"ListItem\",\"position\":1,\"name\":\"Portada\",\"item\":\"https:\\\/\\\/eltrabajo.cl\\\/web\\\/\"},{\"@type\":\"ListItem\",\"position\":2,\"name\":\"A partir de hoy se habilitar\u00e1 \u2018Boulevard Estival\u2019 en calle Salinas\"}]},{\"@type\":\"WebSite\",\"@id\":\"https:\\\/\\\/eltrabajo.cl\\\/web\\\/#website\",\"url\":\"https:\\\/\\\/eltrabajo.cl\\\/web\\\/\",\"name\":\"Diario El Trabajo\",\"description\":\"Desde 1929 construyendo Identidad Local\",\"publisher\":{\"@id\":\"https:\\\/\\\/eltrabajo.cl\\\/web\\\/#organization\"},\"potentialAction\":[{\"@type\":\"SearchAction\",\"target\":{\"@type\":\"EntryPoint\",\"urlTemplate\":\"https:\\\/\\\/eltrabajo.cl\\\/web\\\/?s={search_term_string}\"},\"query-input\":{\"@type\":\"PropertyValueSpecification\",\"valueRequired\":true,\"valueName\":\"search_term_string\"}}],\"inLanguage\":\"es-CL\"},{\"@type\":\"Organization\",\"@id\":\"https:\\\/\\\/eltrabajo.cl\\\/web\\\/#organization\",\"name\":\"Diario El Trabajo\",\"url\":\"https:\\\/\\\/eltrabajo.cl\\\/web\\\/\",\"logo\":{\"@type\":\"ImageObject\",\"inLanguage\":\"es-CL\",\"@id\":\"https:\\\/\\\/eltrabajo.cl\\\/web\\\/#\\\/schema\\\/logo\\\/image\\\/\",\"url\":\"https:\\\/\\\/eltrabajo.cl\\\/web\\\/wp-content\\\/uploads\\\/2024\\\/06\\\/profile-image-ig-page-diarioeltrabajo.jpg\",\"contentUrl\":\"https:\\\/\\\/eltrabajo.cl\\\/web\\\/wp-content\\\/uploads\\\/2024\\\/06\\\/profile-image-ig-page-diarioeltrabajo.jpg\",\"width\":823,\"height\":823,\"caption\":\"Diario El Trabajo\"},\"image\":{\"@id\":\"https:\\\/\\\/eltrabajo.cl\\\/web\\\/#\\\/schema\\\/logo\\\/image\\\/\"},\"sameAs\":[\"https:\\\/\\\/www.facebook.com\\\/ElTrabajoDiario\",\"https:\\\/\\\/x.com\\\/diarioeltrabajo\"]},{\"@type\":\"Person\",\"@id\":\"https:\\\/\\\/eltrabajo.cl\\\/web\\\/#\\\/schema\\\/person\\\/45efd3d17f86ec456e44dd7debe1bf19\",\"name\":\"Diario El Trabajo\",\"image\":{\"@type\":\"ImageObject\",\"inLanguage\":\"es-CL\",\"@id\":\"https:\\\/\\\/secure.gravatar.com\\\/avatar\\\/7e6ec277dc4aea2677c2dc301d4227957219329c985ab69a3efc12518b5161aa?s=96&d=mm&r=g\",\"url\":\"https:\\\/\\\/secure.gravatar.com\\\/avatar\\\/7e6ec277dc4aea2677c2dc301d4227957219329c985ab69a3efc12518b5161aa?s=96&d=mm&r=g\",\"contentUrl\":\"https:\\\/\\\/secure.gravatar.com\\\/avatar\\\/7e6ec277dc4aea2677c2dc301d4227957219329c985ab69a3efc12518b5161aa?s=96&d=mm&r=g\",\"caption\":\"Diario El Trabajo\"},\"sameAs\":[\"https:\\\/\\\/eltrabajo.cl\\\/web\"],\"url\":\"https:\\\/\\\/eltrabajo.cl\\\/web\\\/author\\\/diario-el-trabajo\\\/\"}]}<\/script>\n<!-- \/ Yoast SEO plugin. -->","yoast_head_json":{"title":"A partir de hoy se habilitar\u00e1 \u2018Boulevard Estival\u2019 en calle Salinas - Diario El Trabajo","robots":{"index":"index","follow":"follow","max-snippet":"max-snippet:-1","max-image-preview":"max-image-preview:large","max-video-preview":"max-video-preview:-1"},"canonical":"https:\/\/eltrabajo.cl\/web\/a-partir-de-hoy-se-habilitara-boulevard-estival-en-calle-salinas\/","og_locale":"es_ES","og_type":"article","og_title":"A partir de hoy se habilitar\u00e1 \u2018Boulevard Estival\u2019 en calle Salinas - Diario El Trabajo","og_description":"Cierre entre calles Santo Domingo y Prat est\u00e1 programado a eso de las 18:00 horas.\u2013 Desde hoy jueves y hasta el s\u00e1bado de la presente semana, se habilitar\u00e1 calle Salinas entre Prat y Santo Domingo como el primer \u2018Boulevard Estival\u2019, esto, considerando los acuerdos alcanzados con los comerciantes y que est\u00e1n establecidos en el Plan [&hellip;]","og_url":"https:\/\/eltrabajo.cl\/web\/a-partir-de-hoy-se-habilitara-boulevard-estival-en-calle-salinas\/","og_site_name":"Diario El Trabajo","article_publisher":"https:\/\/www.facebook.com\/ElTrabajoDiario","article_published_time":"2024-12-19T01:38:57+00:00","og_image":[{"width":698,"height":422,"url":"https:\/\/eltrabajo.cl\/web\/wp-content\/uploads\/2024\/12\/boulevard-estival.jpg","type":"image\/jpeg"}],"author":"Diario El Trabajo","twitter_card":"summary_large_image","twitter_creator":"@diarioeltrabajo","twitter_site":"@diarioeltrabajo","twitter_misc":{"Escrito por":"Diario El Trabajo","Tiempo estimado de lectura":"3 minutos"},"schema":{"@context":"https:\/\/schema.org","@graph":[{"@type":"Article","@id":"https:\/\/eltrabajo.cl\/web\/a-partir-de-hoy-se-habilitara-boulevard-estival-en-calle-salinas\/#article","isPartOf":{"@id":"https:\/\/eltrabajo.cl\/web\/a-partir-de-hoy-se-habilitara-boulevard-estival-en-calle-salinas\/"},"author":{"name":"Diario El Trabajo","@id":"https:\/\/eltrabajo.cl\/web\/#\/schema\/person\/45efd3d17f86ec456e44dd7debe1bf19"},"headline":"A partir de hoy se habilitar\u00e1 \u2018Boulevard Estival\u2019 en calle Salinas","datePublished":"2024-12-19T01:38:57+00:00","mainEntityOfPage":{"@id":"https:\/\/eltrabajo.cl\/web\/a-partir-de-hoy-se-habilitara-boulevard-estival-en-calle-salinas\/"},"wordCount":424,"commentCount":0,"publisher":{"@id":"https:\/\/eltrabajo.cl\/web\/#organization"},"image":{"@id":"https:\/\/eltrabajo.cl\/web\/a-partir-de-hoy-se-habilitara-boulevard-estival-en-calle-salinas\/#primaryimage"},"thumbnailUrl":"https:\/\/eltrabajo.cl\/web\/wp-content\/uploads\/2024\/12\/boulevard-estival.jpg","articleSection":["Cr\u00f3nica"],"inLanguage":"es-CL","potentialAction":[{"@type":"CommentAction","name":"Comment","target":["https:\/\/eltrabajo.cl\/web\/a-partir-de-hoy-se-habilitara-boulevard-estival-en-calle-salinas\/#respond"]}]},{"@type":"WebPage","@id":"https:\/\/eltrabajo.cl\/web\/a-partir-de-hoy-se-habilitara-boulevard-estival-en-calle-salinas\/","url":"https:\/\/eltrabajo.cl\/web\/a-partir-de-hoy-se-habilitara-boulevard-estival-en-calle-salinas\/","name":"A partir de hoy se habilitar\u00e1 \u2018Boulevard Estival\u2019 en calle Salinas - Diario El Trabajo","isPartOf":{"@id":"https:\/\/eltrabajo.cl\/web\/#website"},"primaryImageOfPage":{"@id":"https:\/\/eltrabajo.cl\/web\/a-partir-de-hoy-se-habilitara-boulevard-estival-en-calle-salinas\/#primaryimage"},"image":{"@id":"https:\/\/eltrabajo.cl\/web\/a-partir-de-hoy-se-habilitara-boulevard-estival-en-calle-salinas\/#primaryimage"},"thumbnailUrl":"https:\/\/eltrabajo.cl\/web\/wp-content\/uploads\/2024\/12\/boulevard-estival.jpg","datePublished":"2024-12-19T01:38:57+00:00","breadcrumb":{"@id":"https:\/\/eltrabajo.cl\/web\/a-partir-de-hoy-se-habilitara-boulevard-estival-en-calle-salinas\/#breadcrumb"},"inLanguage":"es-CL","potentialAction":[{"@type":"ReadAction","target":["https:\/\/eltrabajo.cl\/web\/a-partir-de-hoy-se-habilitara-boulevard-estival-en-calle-salinas\/"]}]},{"@type":"ImageObject","inLanguage":"es-CL","@id":"https:\/\/eltrabajo.cl\/web\/a-partir-de-hoy-se-habilitara-boulevard-estival-en-calle-salinas\/#primaryimage","url":"https:\/\/eltrabajo.cl\/web\/wp-content\/uploads\/2024\/12\/boulevard-estival.jpg","contentUrl":"https:\/\/eltrabajo.cl\/web\/wp-content\/uploads\/2024\/12\/boulevard-estival.jpg","width":698,"height":422,"caption":"A partir de hoy se habilitar\u00e1 el 'Boulevard Estival' en calle Salinas."},{"@type":"BreadcrumbList","@id":"https:\/\/eltrabajo.cl\/web\/a-partir-de-hoy-se-habilitara-boulevard-estival-en-calle-salinas\/#breadcrumb","itemListElement":[{"@type":"ListItem","position":1,"name":"Portada","item":"https:\/\/eltrabajo.cl\/web\/"},{"@type":"ListItem","position":2,"name":"A partir de hoy se habilitar\u00e1 \u2018Boulevard Estival\u2019 en calle Salinas"}]},{"@type":"WebSite","@id":"https:\/\/eltrabajo.cl\/web\/#website","url":"https:\/\/eltrabajo.cl\/web\/","name":"Diario El Trabajo","description":"Desde 1929 construyendo Identidad Local","publisher":{"@id":"https:\/\/eltrabajo.cl\/web\/#organization"},"potentialAction":[{"@type":"SearchAction","target":{"@type":"EntryPoint","urlTemplate":"https:\/\/eltrabajo.cl\/web\/?s={search_term_string}"},"query-input":{"@type":"PropertyValueSpecification","valueRequired":true,"valueName":"search_term_string"}}],"inLanguage":"es-CL"},{"@type":"Organization","@id":"https:\/\/eltrabajo.cl\/web\/#organization","name":"Diario El Trabajo","url":"https:\/\/eltrabajo.cl\/web\/","logo":{"@type":"ImageObject","inLanguage":"es-CL","@id":"https:\/\/eltrabajo.cl\/web\/#\/schema\/logo\/image\/","url":"https:\/\/eltrabajo.cl\/web\/wp-content\/uploads\/2024\/06\/profile-image-ig-page-diarioeltrabajo.jpg","contentUrl":"https:\/\/eltrabajo.cl\/web\/wp-content\/uploads\/2024\/06\/profile-image-ig-page-diarioeltrabajo.jpg","width":823,"height":823,"caption":"Diario El Trabajo"},"image":{"@id":"https:\/\/eltrabajo.cl\/web\/#\/schema\/logo\/image\/"},"sameAs":["https:\/\/www.facebook.com\/ElTrabajoDiario","https:\/\/x.com\/diarioeltrabajo"]},{"@type":"Person","@id":"https:\/\/eltrabajo.cl\/web\/#\/schema\/person\/45efd3d17f86ec456e44dd7debe1bf19","name":"Diario El Trabajo","image":{"@type":"ImageObject","inLanguage":"es-CL","@id":"https:\/\/secure.gravatar.com\/avatar\/7e6ec277dc4aea2677c2dc301d4227957219329c985ab69a3efc12518b5161aa?s=96&d=mm&r=g","url":"https:\/\/secure.gravatar.com\/avatar\/7e6ec277dc4aea2677c2dc301d4227957219329c985ab69a3efc12518b5161aa?s=96&d=mm&r=g","contentUrl":"https:\/\/secure.gravatar.com\/avatar\/7e6ec277dc4aea2677c2dc301d4227957219329c985ab69a3efc12518b5161aa?s=96&d=mm&r=g","caption":"Diario El Trabajo"},"sameAs":["https:\/\/eltrabajo.cl\/web"],"url":"https:\/\/eltrabajo.cl\/web\/author\/diario-el-trabajo\/"}]}},"_links":{"self":[{"href":"https:\/\/eltrabajo.cl\/web\/wp-json\/wp\/v2\/posts\/133976","targetHints":{"allow":["GET"]}}],"collection":[{"href":"https:\/\/eltrabajo.cl\/web\/wp-json\/wp\/v2\/posts"}],"about":[{"href":"https:\/\/eltrabajo.cl\/web\/wp-json\/wp\/v2\/types\/post"}],"author":[{"embeddable":true,"href":"https:\/\/eltrabajo.cl\/web\/wp-json\/wp\/v2\/users\/1"}],"replies":[{"embeddable":true,"href":"https:\/\/eltrabajo.cl\/web\/wp-json\/wp\/v2\/comments?post=133976"}],"version-history":[{"count":1,"href":"https:\/\/eltrabajo.cl\/web\/wp-json\/wp\/v2\/posts\/133976\/revisions"}],"predecessor-version":[{"id":133978,"href":"https:\/\/eltrabajo.cl\/web\/wp-json\/wp\/v2\/posts\/133976\/revisions\/133978"}],"wp:featuredmedia":[{"embeddable":true,"href":"https:\/\/eltrabajo.cl\/web\/wp-json\/wp\/v2\/media\/133977"}],"wp:attachment":[{"href":"https:\/\/eltrabajo.cl\/web\/wp-json\/wp\/v2\/media?parent=133976"}],"wp:term":[{"taxonomy":"category","embeddable":true,"href":"https:\/\/eltrabajo.cl\/web\/wp-json\/wp\/v2\/categories?post=133976"},{"taxonomy":"post_tag","embeddable":true,"href":"https:\/\/eltrabajo.cl\/web\/wp-json\/wp\/v2\/tags?post=133976"}],"curies":[{"name":"wp","href":"https:\/\/api.w.org\/{rel}","templated":true}]}}