{"id":134302,"date":"2025-01-06T21:41:51","date_gmt":"2025-01-07T00:41:51","guid":{"rendered":"https:\/\/eltrabajo.cl\/web\/?p=134302"},"modified":"2025-01-06T21:41:51","modified_gmt":"2025-01-07T00:41:51","slug":"llay-llay-celebra-prision-preventiva-de-conocido-delincuente-el-chupa","status":"publish","type":"post","link":"https:\/\/eltrabajo.cl\/web\/llay-llay-celebra-prision-preventiva-de-conocido-delincuente-el-chupa\/","title":{"rendered":"Llay Llay celebra prisi\u00f3n preventiva de conocido delincuente \u2018El Chupa\u2019"},"content":{"rendered":"<ul>\n<li><strong>El malviviente est\u00e1 tras las rejas tras cometer diversos delitos.\u2013<\/strong><\/li>\n<\/ul>\n<p>Tras las rejas cumpliendo prisi\u00f3n preventiva, se encuentra el conocido delincuente de la comuna de Llay Llay apodado \u2018<strong>El Chupa<\/strong>\u2019. El malviviente fue nuevamente detenido, y esta vez, el Ministerio P\u00fablico decret\u00f3 esta medida cautelar por 90 d\u00edas mientras dure el plazo de investigaci\u00f3n.<\/p>\n<p>Cabe recordar que este sujeto hab\u00eda sido aprehendido hace unos d\u00edas atr\u00e1s pero dejado en libertad, cuesti\u00f3n que gener\u00f3 la molestia de la comunidad y que expres\u00f3 de manera tajante el alcalde de la comuna del viento, <strong>Edgardo Gonz\u00e1lez Arancibia<\/strong>.<\/p>\n<p>En esta oportunidad, y con el antisocial tras las rejas, el edil se\u00f1al\u00f3 que <em>\u00abquiero compartir una noticia importante en el contexto de seguridad p\u00fablica y lo que ha ocurrido en las \u00faltimas semanas en la comuna de Llay Llay. El d\u00eda de hoy <\/em>(ayer)<em> en la ma\u00f1ana, y previa formalizaci\u00f3n, el delincuente apodado \u2018El Chupa\u2019, ha quedado en prisi\u00f3n preventiva por un plazo de 90 d\u00edas para que se lleve a cabo la investigaci\u00f3n por los delitos de robo, hurto y otros por los cuales se le investiga y que esperamos, por cierto, pueda terminar con condenas efectivas y con este delincuente un buen tiempo tras las rejas\u00bb<\/em>.<\/p>\n<p>En este contexto, Arancibia destac\u00f3 la labor realizada por Carabineros y el equipo de Seguridad Ciudadana de Llay Llay, reivindicando tambi\u00e9n la decisi\u00f3n de la Justicia de dejar a \u2018El Chupa\u2019 en la c\u00e1rcel.<\/p>\n<p>\u00ab<em>Queremos valorar p\u00fablicamente el esfuerzo de Carabineros y Seguridad Ciudadana, y tambi\u00e9n de Fiscal\u00eda, con quien hab\u00edamos sido cr\u00edticos las \u00faltimas semanas, pero que ahora si ha logrado, y a trav\u00e9s de un trabajo importante, que este delincuente quede en prisi\u00f3n preventiva, entregando calma a la comunidad para que la investigaci\u00f3n se pueda desarrollar de la manera m\u00e1s normal posible, y as\u00ed poder entregar una sensaci\u00f3n de paz y justicia, en definitiva a los vecinos y vecinas, y a los comerciantes de la comuna de Llay Llay\u00bb<\/em>, cerr\u00f3 el alcalde.<\/p>\n<figure id=\"attachment_134303\" aria-describedby=\"caption-attachment-134303\" style=\"width: 699px\" class=\"wp-caption alignnone\"><img loading=\"lazy\" decoding=\"async\" class=\"size-full wp-image-134303\" src=\"https:\/\/eltrabajo.cl\/web\/wp-content\/uploads\/2025\/01\/el-chupa.jpg\" alt=\"Tras las rejas qued\u00f3 \u2018El Chupa\u2019 tras ser detenido nuevamente en Llay Llay. (Imagen referencial).\" width=\"699\" height=\"398\" srcset=\"https:\/\/eltrabajo.cl\/web\/wp-content\/uploads\/2025\/01\/el-chupa.jpg 699w, https:\/\/eltrabajo.cl\/web\/wp-content\/uploads\/2025\/01\/el-chupa-300x171.jpg 300w, https:\/\/eltrabajo.cl\/web\/wp-content\/uploads\/2025\/01\/el-chupa-150x85.jpg 150w, https:\/\/eltrabajo.cl\/web\/wp-content\/uploads\/2025\/01\/el-chupa-696x396.jpg 696w\" sizes=\"auto, (max-width: 699px) 100vw, 699px\" \/><figcaption id=\"caption-attachment-134303\" class=\"wp-caption-text\">Tras las rejas qued\u00f3 \u2018El Chupa\u2019 tras ser detenido nuevamente en Llay Llay. (Imagen referencial).<\/figcaption><\/figure>\n","protected":false},"excerpt":{"rendered":"<p>El malviviente est\u00e1 tras las rejas tras cometer diversos delitos.\u2013 Tras las rejas cumpliendo prisi\u00f3n preventiva, se encuentra el conocido delincuente de la comuna de Llay Llay apodado \u2018El Chupa\u2019. El malviviente fue nuevamente detenido, y esta vez, el Ministerio P\u00fablico decret\u00f3 esta medida cautelar por 90 d\u00edas mientras dure el plazo de investigaci\u00f3n. Cabe [&hellip;]<\/p>\n","protected":false},"author":1,"featured_media":134303,"comment_status":"open","ping_status":"closed","sticky":false,"template":"","format":"standard","meta":{"footnotes":""},"categories":[5],"tags":[],"class_list":{"0":"post-134302","1":"post","2":"type-post","3":"status-publish","4":"format-standard","5":"has-post-thumbnail","7":"category-policial"},"yoast_head":"<!-- This site is optimized with the Yoast SEO plugin v27.5 - https:\/\/yoast.com\/product\/yoast-seo-wordpress\/ -->\n<title>Llay Llay celebra prisi\u00f3n preventiva de conocido delincuente \u2018El Chupa\u2019 - Diario El Trabajo<\/title>\n<meta name=\"robots\" content=\"index, follow, max-snippet:-1, max-image-preview:large, max-video-preview:-1\" \/>\n<link rel=\"canonical\" href=\"https:\/\/eltrabajo.cl\/web\/llay-llay-celebra-prision-preventiva-de-conocido-delincuente-el-chupa\/\" \/>\n<meta property=\"og:locale\" content=\"es_ES\" \/>\n<meta property=\"og:type\" content=\"article\" \/>\n<meta property=\"og:title\" content=\"Llay Llay celebra prisi\u00f3n preventiva de conocido delincuente \u2018El Chupa\u2019 - Diario El Trabajo\" \/>\n<meta property=\"og:description\" content=\"El malviviente est\u00e1 tras las rejas tras cometer diversos delitos.\u2013 Tras las rejas cumpliendo prisi\u00f3n preventiva, se encuentra el conocido delincuente de la comuna de Llay Llay apodado \u2018El Chupa\u2019. El malviviente fue nuevamente detenido, y esta vez, el Ministerio P\u00fablico decret\u00f3 esta medida cautelar por 90 d\u00edas mientras dure el plazo de investigaci\u00f3n. Cabe [&hellip;]\" \/>\n<meta property=\"og:url\" content=\"https:\/\/eltrabajo.cl\/web\/llay-llay-celebra-prision-preventiva-de-conocido-delincuente-el-chupa\/\" \/>\n<meta property=\"og:site_name\" content=\"Diario El Trabajo\" \/>\n<meta property=\"article:publisher\" content=\"https:\/\/www.facebook.com\/ElTrabajoDiario\" \/>\n<meta property=\"article:published_time\" content=\"2025-01-07T00:41:51+00:00\" \/>\n<meta property=\"og:image\" content=\"https:\/\/eltrabajo.cl\/web\/wp-content\/uploads\/2025\/01\/el-chupa.jpg\" \/>\n\t<meta property=\"og:image:width\" content=\"699\" \/>\n\t<meta property=\"og:image:height\" content=\"398\" \/>\n\t<meta property=\"og:image:type\" content=\"image\/jpeg\" \/>\n<meta name=\"author\" content=\"Diario El Trabajo\" \/>\n<meta name=\"twitter:card\" content=\"summary_large_image\" \/>\n<meta name=\"twitter:creator\" content=\"@diarioeltrabajo\" \/>\n<meta name=\"twitter:site\" content=\"@diarioeltrabajo\" \/>\n<meta name=\"twitter:label1\" content=\"Escrito por\" \/>\n\t<meta name=\"twitter:data1\" content=\"Diario El Trabajo\" \/>\n\t<meta name=\"twitter:label2\" content=\"Tiempo estimado de lectura\" \/>\n\t<meta name=\"twitter:data2\" content=\"2 minutos\" \/>\n<script type=\"application\/ld+json\" class=\"yoast-schema-graph\">{\"@context\":\"https:\\\/\\\/schema.org\",\"@graph\":[{\"@type\":\"Article\",\"@id\":\"https:\\\/\\\/eltrabajo.cl\\\/web\\\/llay-llay-celebra-prision-preventiva-de-conocido-delincuente-el-chupa\\\/#article\",\"isPartOf\":{\"@id\":\"https:\\\/\\\/eltrabajo.cl\\\/web\\\/llay-llay-celebra-prision-preventiva-de-conocido-delincuente-el-chupa\\\/\"},\"author\":{\"name\":\"Diario El Trabajo\",\"@id\":\"https:\\\/\\\/eltrabajo.cl\\\/web\\\/#\\\/schema\\\/person\\\/45efd3d17f86ec456e44dd7debe1bf19\"},\"headline\":\"Llay Llay celebra prisi\u00f3n preventiva de conocido delincuente \u2018El Chupa\u2019\",\"datePublished\":\"2025-01-07T00:41:51+00:00\",\"mainEntityOfPage\":{\"@id\":\"https:\\\/\\\/eltrabajo.cl\\\/web\\\/llay-llay-celebra-prision-preventiva-de-conocido-delincuente-el-chupa\\\/\"},\"wordCount\":388,\"commentCount\":0,\"publisher\":{\"@id\":\"https:\\\/\\\/eltrabajo.cl\\\/web\\\/#organization\"},\"image\":{\"@id\":\"https:\\\/\\\/eltrabajo.cl\\\/web\\\/llay-llay-celebra-prision-preventiva-de-conocido-delincuente-el-chupa\\\/#primaryimage\"},\"thumbnailUrl\":\"https:\\\/\\\/eltrabajo.cl\\\/web\\\/wp-content\\\/uploads\\\/2025\\\/01\\\/el-chupa.jpg\",\"articleSection\":[\"Policial\"],\"inLanguage\":\"es-CL\",\"potentialAction\":[{\"@type\":\"CommentAction\",\"name\":\"Comment\",\"target\":[\"https:\\\/\\\/eltrabajo.cl\\\/web\\\/llay-llay-celebra-prision-preventiva-de-conocido-delincuente-el-chupa\\\/#respond\"]}]},{\"@type\":\"WebPage\",\"@id\":\"https:\\\/\\\/eltrabajo.cl\\\/web\\\/llay-llay-celebra-prision-preventiva-de-conocido-delincuente-el-chupa\\\/\",\"url\":\"https:\\\/\\\/eltrabajo.cl\\\/web\\\/llay-llay-celebra-prision-preventiva-de-conocido-delincuente-el-chupa\\\/\",\"name\":\"Llay Llay celebra prisi\u00f3n preventiva de conocido delincuente \u2018El Chupa\u2019 - Diario El Trabajo\",\"isPartOf\":{\"@id\":\"https:\\\/\\\/eltrabajo.cl\\\/web\\\/#website\"},\"primaryImageOfPage\":{\"@id\":\"https:\\\/\\\/eltrabajo.cl\\\/web\\\/llay-llay-celebra-prision-preventiva-de-conocido-delincuente-el-chupa\\\/#primaryimage\"},\"image\":{\"@id\":\"https:\\\/\\\/eltrabajo.cl\\\/web\\\/llay-llay-celebra-prision-preventiva-de-conocido-delincuente-el-chupa\\\/#primaryimage\"},\"thumbnailUrl\":\"https:\\\/\\\/eltrabajo.cl\\\/web\\\/wp-content\\\/uploads\\\/2025\\\/01\\\/el-chupa.jpg\",\"datePublished\":\"2025-01-07T00:41:51+00:00\",\"breadcrumb\":{\"@id\":\"https:\\\/\\\/eltrabajo.cl\\\/web\\\/llay-llay-celebra-prision-preventiva-de-conocido-delincuente-el-chupa\\\/#breadcrumb\"},\"inLanguage\":\"es-CL\",\"potentialAction\":[{\"@type\":\"ReadAction\",\"target\":[\"https:\\\/\\\/eltrabajo.cl\\\/web\\\/llay-llay-celebra-prision-preventiva-de-conocido-delincuente-el-chupa\\\/\"]}]},{\"@type\":\"ImageObject\",\"inLanguage\":\"es-CL\",\"@id\":\"https:\\\/\\\/eltrabajo.cl\\\/web\\\/llay-llay-celebra-prision-preventiva-de-conocido-delincuente-el-chupa\\\/#primaryimage\",\"url\":\"https:\\\/\\\/eltrabajo.cl\\\/web\\\/wp-content\\\/uploads\\\/2025\\\/01\\\/el-chupa.jpg\",\"contentUrl\":\"https:\\\/\\\/eltrabajo.cl\\\/web\\\/wp-content\\\/uploads\\\/2025\\\/01\\\/el-chupa.jpg\",\"width\":699,\"height\":398,\"caption\":\"Tras las rejas qued\u00f3 \u2018El Chupa\u2019 tras ser detenido nuevamente en Llay Llay. (Imagen referencial).\"},{\"@type\":\"BreadcrumbList\",\"@id\":\"https:\\\/\\\/eltrabajo.cl\\\/web\\\/llay-llay-celebra-prision-preventiva-de-conocido-delincuente-el-chupa\\\/#breadcrumb\",\"itemListElement\":[{\"@type\":\"ListItem\",\"position\":1,\"name\":\"Portada\",\"item\":\"https:\\\/\\\/eltrabajo.cl\\\/web\\\/\"},{\"@type\":\"ListItem\",\"position\":2,\"name\":\"Llay Llay celebra prisi\u00f3n preventiva de conocido delincuente \u2018El Chupa\u2019\"}]},{\"@type\":\"WebSite\",\"@id\":\"https:\\\/\\\/eltrabajo.cl\\\/web\\\/#website\",\"url\":\"https:\\\/\\\/eltrabajo.cl\\\/web\\\/\",\"name\":\"Diario El Trabajo\",\"description\":\"Desde 1929 construyendo Identidad Local\",\"publisher\":{\"@id\":\"https:\\\/\\\/eltrabajo.cl\\\/web\\\/#organization\"},\"potentialAction\":[{\"@type\":\"SearchAction\",\"target\":{\"@type\":\"EntryPoint\",\"urlTemplate\":\"https:\\\/\\\/eltrabajo.cl\\\/web\\\/?s={search_term_string}\"},\"query-input\":{\"@type\":\"PropertyValueSpecification\",\"valueRequired\":true,\"valueName\":\"search_term_string\"}}],\"inLanguage\":\"es-CL\"},{\"@type\":\"Organization\",\"@id\":\"https:\\\/\\\/eltrabajo.cl\\\/web\\\/#organization\",\"name\":\"Diario El Trabajo\",\"url\":\"https:\\\/\\\/eltrabajo.cl\\\/web\\\/\",\"logo\":{\"@type\":\"ImageObject\",\"inLanguage\":\"es-CL\",\"@id\":\"https:\\\/\\\/eltrabajo.cl\\\/web\\\/#\\\/schema\\\/logo\\\/image\\\/\",\"url\":\"https:\\\/\\\/eltrabajo.cl\\\/web\\\/wp-content\\\/uploads\\\/2024\\\/06\\\/profile-image-ig-page-diarioeltrabajo.jpg\",\"contentUrl\":\"https:\\\/\\\/eltrabajo.cl\\\/web\\\/wp-content\\\/uploads\\\/2024\\\/06\\\/profile-image-ig-page-diarioeltrabajo.jpg\",\"width\":823,\"height\":823,\"caption\":\"Diario El Trabajo\"},\"image\":{\"@id\":\"https:\\\/\\\/eltrabajo.cl\\\/web\\\/#\\\/schema\\\/logo\\\/image\\\/\"},\"sameAs\":[\"https:\\\/\\\/www.facebook.com\\\/ElTrabajoDiario\",\"https:\\\/\\\/x.com\\\/diarioeltrabajo\"]},{\"@type\":\"Person\",\"@id\":\"https:\\\/\\\/eltrabajo.cl\\\/web\\\/#\\\/schema\\\/person\\\/45efd3d17f86ec456e44dd7debe1bf19\",\"name\":\"Diario El Trabajo\",\"image\":{\"@type\":\"ImageObject\",\"inLanguage\":\"es-CL\",\"@id\":\"https:\\\/\\\/secure.gravatar.com\\\/avatar\\\/7e6ec277dc4aea2677c2dc301d4227957219329c985ab69a3efc12518b5161aa?s=96&d=mm&r=g\",\"url\":\"https:\\\/\\\/secure.gravatar.com\\\/avatar\\\/7e6ec277dc4aea2677c2dc301d4227957219329c985ab69a3efc12518b5161aa?s=96&d=mm&r=g\",\"contentUrl\":\"https:\\\/\\\/secure.gravatar.com\\\/avatar\\\/7e6ec277dc4aea2677c2dc301d4227957219329c985ab69a3efc12518b5161aa?s=96&d=mm&r=g\",\"caption\":\"Diario El Trabajo\"},\"sameAs\":[\"https:\\\/\\\/eltrabajo.cl\\\/web\"],\"url\":\"https:\\\/\\\/eltrabajo.cl\\\/web\\\/author\\\/diario-el-trabajo\\\/\"}]}<\/script>\n<!-- \/ Yoast SEO plugin. -->","yoast_head_json":{"title":"Llay Llay celebra prisi\u00f3n preventiva de conocido delincuente \u2018El Chupa\u2019 - Diario El Trabajo","robots":{"index":"index","follow":"follow","max-snippet":"max-snippet:-1","max-image-preview":"max-image-preview:large","max-video-preview":"max-video-preview:-1"},"canonical":"https:\/\/eltrabajo.cl\/web\/llay-llay-celebra-prision-preventiva-de-conocido-delincuente-el-chupa\/","og_locale":"es_ES","og_type":"article","og_title":"Llay Llay celebra prisi\u00f3n preventiva de conocido delincuente \u2018El Chupa\u2019 - Diario El Trabajo","og_description":"El malviviente est\u00e1 tras las rejas tras cometer diversos delitos.\u2013 Tras las rejas cumpliendo prisi\u00f3n preventiva, se encuentra el conocido delincuente de la comuna de Llay Llay apodado \u2018El Chupa\u2019. El malviviente fue nuevamente detenido, y esta vez, el Ministerio P\u00fablico decret\u00f3 esta medida cautelar por 90 d\u00edas mientras dure el plazo de investigaci\u00f3n. Cabe [&hellip;]","og_url":"https:\/\/eltrabajo.cl\/web\/llay-llay-celebra-prision-preventiva-de-conocido-delincuente-el-chupa\/","og_site_name":"Diario El Trabajo","article_publisher":"https:\/\/www.facebook.com\/ElTrabajoDiario","article_published_time":"2025-01-07T00:41:51+00:00","og_image":[{"width":699,"height":398,"url":"https:\/\/eltrabajo.cl\/web\/wp-content\/uploads\/2025\/01\/el-chupa.jpg","type":"image\/jpeg"}],"author":"Diario El Trabajo","twitter_card":"summary_large_image","twitter_creator":"@diarioeltrabajo","twitter_site":"@diarioeltrabajo","twitter_misc":{"Escrito por":"Diario El Trabajo","Tiempo estimado de lectura":"2 minutos"},"schema":{"@context":"https:\/\/schema.org","@graph":[{"@type":"Article","@id":"https:\/\/eltrabajo.cl\/web\/llay-llay-celebra-prision-preventiva-de-conocido-delincuente-el-chupa\/#article","isPartOf":{"@id":"https:\/\/eltrabajo.cl\/web\/llay-llay-celebra-prision-preventiva-de-conocido-delincuente-el-chupa\/"},"author":{"name":"Diario El Trabajo","@id":"https:\/\/eltrabajo.cl\/web\/#\/schema\/person\/45efd3d17f86ec456e44dd7debe1bf19"},"headline":"Llay Llay celebra prisi\u00f3n preventiva de conocido delincuente \u2018El Chupa\u2019","datePublished":"2025-01-07T00:41:51+00:00","mainEntityOfPage":{"@id":"https:\/\/eltrabajo.cl\/web\/llay-llay-celebra-prision-preventiva-de-conocido-delincuente-el-chupa\/"},"wordCount":388,"commentCount":0,"publisher":{"@id":"https:\/\/eltrabajo.cl\/web\/#organization"},"image":{"@id":"https:\/\/eltrabajo.cl\/web\/llay-llay-celebra-prision-preventiva-de-conocido-delincuente-el-chupa\/#primaryimage"},"thumbnailUrl":"https:\/\/eltrabajo.cl\/web\/wp-content\/uploads\/2025\/01\/el-chupa.jpg","articleSection":["Policial"],"inLanguage":"es-CL","potentialAction":[{"@type":"CommentAction","name":"Comment","target":["https:\/\/eltrabajo.cl\/web\/llay-llay-celebra-prision-preventiva-de-conocido-delincuente-el-chupa\/#respond"]}]},{"@type":"WebPage","@id":"https:\/\/eltrabajo.cl\/web\/llay-llay-celebra-prision-preventiva-de-conocido-delincuente-el-chupa\/","url":"https:\/\/eltrabajo.cl\/web\/llay-llay-celebra-prision-preventiva-de-conocido-delincuente-el-chupa\/","name":"Llay Llay celebra prisi\u00f3n preventiva de conocido delincuente \u2018El Chupa\u2019 - Diario El Trabajo","isPartOf":{"@id":"https:\/\/eltrabajo.cl\/web\/#website"},"primaryImageOfPage":{"@id":"https:\/\/eltrabajo.cl\/web\/llay-llay-celebra-prision-preventiva-de-conocido-delincuente-el-chupa\/#primaryimage"},"image":{"@id":"https:\/\/eltrabajo.cl\/web\/llay-llay-celebra-prision-preventiva-de-conocido-delincuente-el-chupa\/#primaryimage"},"thumbnailUrl":"https:\/\/eltrabajo.cl\/web\/wp-content\/uploads\/2025\/01\/el-chupa.jpg","datePublished":"2025-01-07T00:41:51+00:00","breadcrumb":{"@id":"https:\/\/eltrabajo.cl\/web\/llay-llay-celebra-prision-preventiva-de-conocido-delincuente-el-chupa\/#breadcrumb"},"inLanguage":"es-CL","potentialAction":[{"@type":"ReadAction","target":["https:\/\/eltrabajo.cl\/web\/llay-llay-celebra-prision-preventiva-de-conocido-delincuente-el-chupa\/"]}]},{"@type":"ImageObject","inLanguage":"es-CL","@id":"https:\/\/eltrabajo.cl\/web\/llay-llay-celebra-prision-preventiva-de-conocido-delincuente-el-chupa\/#primaryimage","url":"https:\/\/eltrabajo.cl\/web\/wp-content\/uploads\/2025\/01\/el-chupa.jpg","contentUrl":"https:\/\/eltrabajo.cl\/web\/wp-content\/uploads\/2025\/01\/el-chupa.jpg","width":699,"height":398,"caption":"Tras las rejas qued\u00f3 \u2018El Chupa\u2019 tras ser detenido nuevamente en Llay Llay. (Imagen referencial)."},{"@type":"BreadcrumbList","@id":"https:\/\/eltrabajo.cl\/web\/llay-llay-celebra-prision-preventiva-de-conocido-delincuente-el-chupa\/#breadcrumb","itemListElement":[{"@type":"ListItem","position":1,"name":"Portada","item":"https:\/\/eltrabajo.cl\/web\/"},{"@type":"ListItem","position":2,"name":"Llay Llay celebra prisi\u00f3n preventiva de conocido delincuente \u2018El Chupa\u2019"}]},{"@type":"WebSite","@id":"https:\/\/eltrabajo.cl\/web\/#website","url":"https:\/\/eltrabajo.cl\/web\/","name":"Diario El Trabajo","description":"Desde 1929 construyendo Identidad Local","publisher":{"@id":"https:\/\/eltrabajo.cl\/web\/#organization"},"potentialAction":[{"@type":"SearchAction","target":{"@type":"EntryPoint","urlTemplate":"https:\/\/eltrabajo.cl\/web\/?s={search_term_string}"},"query-input":{"@type":"PropertyValueSpecification","valueRequired":true,"valueName":"search_term_string"}}],"inLanguage":"es-CL"},{"@type":"Organization","@id":"https:\/\/eltrabajo.cl\/web\/#organization","name":"Diario El Trabajo","url":"https:\/\/eltrabajo.cl\/web\/","logo":{"@type":"ImageObject","inLanguage":"es-CL","@id":"https:\/\/eltrabajo.cl\/web\/#\/schema\/logo\/image\/","url":"https:\/\/eltrabajo.cl\/web\/wp-content\/uploads\/2024\/06\/profile-image-ig-page-diarioeltrabajo.jpg","contentUrl":"https:\/\/eltrabajo.cl\/web\/wp-content\/uploads\/2024\/06\/profile-image-ig-page-diarioeltrabajo.jpg","width":823,"height":823,"caption":"Diario El Trabajo"},"image":{"@id":"https:\/\/eltrabajo.cl\/web\/#\/schema\/logo\/image\/"},"sameAs":["https:\/\/www.facebook.com\/ElTrabajoDiario","https:\/\/x.com\/diarioeltrabajo"]},{"@type":"Person","@id":"https:\/\/eltrabajo.cl\/web\/#\/schema\/person\/45efd3d17f86ec456e44dd7debe1bf19","name":"Diario El Trabajo","image":{"@type":"ImageObject","inLanguage":"es-CL","@id":"https:\/\/secure.gravatar.com\/avatar\/7e6ec277dc4aea2677c2dc301d4227957219329c985ab69a3efc12518b5161aa?s=96&d=mm&r=g","url":"https:\/\/secure.gravatar.com\/avatar\/7e6ec277dc4aea2677c2dc301d4227957219329c985ab69a3efc12518b5161aa?s=96&d=mm&r=g","contentUrl":"https:\/\/secure.gravatar.com\/avatar\/7e6ec277dc4aea2677c2dc301d4227957219329c985ab69a3efc12518b5161aa?s=96&d=mm&r=g","caption":"Diario El Trabajo"},"sameAs":["https:\/\/eltrabajo.cl\/web"],"url":"https:\/\/eltrabajo.cl\/web\/author\/diario-el-trabajo\/"}]}},"_links":{"self":[{"href":"https:\/\/eltrabajo.cl\/web\/wp-json\/wp\/v2\/posts\/134302","targetHints":{"allow":["GET"]}}],"collection":[{"href":"https:\/\/eltrabajo.cl\/web\/wp-json\/wp\/v2\/posts"}],"about":[{"href":"https:\/\/eltrabajo.cl\/web\/wp-json\/wp\/v2\/types\/post"}],"author":[{"embeddable":true,"href":"https:\/\/eltrabajo.cl\/web\/wp-json\/wp\/v2\/users\/1"}],"replies":[{"embeddable":true,"href":"https:\/\/eltrabajo.cl\/web\/wp-json\/wp\/v2\/comments?post=134302"}],"version-history":[{"count":1,"href":"https:\/\/eltrabajo.cl\/web\/wp-json\/wp\/v2\/posts\/134302\/revisions"}],"predecessor-version":[{"id":134304,"href":"https:\/\/eltrabajo.cl\/web\/wp-json\/wp\/v2\/posts\/134302\/revisions\/134304"}],"wp:featuredmedia":[{"embeddable":true,"href":"https:\/\/eltrabajo.cl\/web\/wp-json\/wp\/v2\/media\/134303"}],"wp:attachment":[{"href":"https:\/\/eltrabajo.cl\/web\/wp-json\/wp\/v2\/media?parent=134302"}],"wp:term":[{"taxonomy":"category","embeddable":true,"href":"https:\/\/eltrabajo.cl\/web\/wp-json\/wp\/v2\/categories?post=134302"},{"taxonomy":"post_tag","embeddable":true,"href":"https:\/\/eltrabajo.cl\/web\/wp-json\/wp\/v2\/tags?post=134302"}],"curies":[{"name":"wp","href":"https:\/\/api.w.org\/{rel}","templated":true}]}}