{"id":134305,"date":"2025-01-06T21:43:24","date_gmt":"2025-01-07T00:43:24","guid":{"rendered":"https:\/\/eltrabajo.cl\/web\/?p=134305"},"modified":"2025-01-06T21:43:24","modified_gmt":"2025-01-07T00:43:24","slug":"vecinos-de-sectores-rurales-piden-mejorar-sistema-de-locomocion-municipal-hacia-cecosf-quebrada-herrera","status":"publish","type":"post","link":"https:\/\/eltrabajo.cl\/web\/vecinos-de-sectores-rurales-piden-mejorar-sistema-de-locomocion-municipal-hacia-cecosf-quebrada-herrera\/","title":{"rendered":"Vecinos de sectores rurales piden mejorar sistema de locomoci\u00f3n municipal hacia Cecosf Quebrada Herrera"},"content":{"rendered":"<p><strong>Leonela Estay Olivares<\/strong> es una vecina del sector de Barrancas y nos cuenta sobre una problem\u00e1tica que est\u00e1 pasando en su zona con el servicio de locomoci\u00f3n hacia el Centro Comunitario de Salud Familiar (Cecosf) de Quebrada Herrera, pidiendo a las autoridades que solucionen este problema, debido a que quedan muchas personas botadas e incluso, pierden sus horas m\u00e9dicas.<\/p>\n<p>Cuenta a <strong>Diario El Trabajo<\/strong> que toda la gente del sector antes mencionado y otros como Bellavista, El Asiento e incluso Calle Vergara, tienen problemas para movilizarse hacia el Cecosf \u2018Padre Hugo Cornelissen\u2019; esto, a pesar que colocaron un furg\u00f3n municipal que recorre y es gratuito para la gente, asegurando que una de las razones ser\u00eda la ubicaci\u00f3n poco estrat\u00e9gica del centro.<\/p>\n<p>Adem\u00e1s, detalla que otro de los inconvenientes es la suspensi\u00f3n constante de este recorrido gratuito por diversos motivos, teniendo que recurrir a la locomoci\u00f3n rural tradicional, que significa un aumento en los gastos de pasajes, se genera otro problema, que es que los horarios de los recorridos no son los mismos y se puede llegar a perder la hora m\u00e9dica.<\/p>\n<p>El furg\u00f3n del que habla la vecina tiene horarios establecidos, el primero saliendo a las 08:40 horas y as\u00ed sucesivamente, cada una hora.<\/p>\n<p>Relata que en estos \u00faltimos tres meses y en general durante el a\u00f1o, hubo varias problem\u00e1ticas. <em>\u00ab\u00bfQu\u00e9 es lo que pasa?, que la gente, adultos mayores, de Bellavista o de Barranca d\u00f3nde vivo yo, tienen que tomar la micro desde Bellavista hasta 21 de Mayo y sale $800, y luego otra hasta el Cecosf que est\u00e1 camino a Quebrada Herrera, que tambi\u00e9n son $800; entre ida y vuelta en pura micros son $3.200. Pasando el primer obst\u00e1culo con lo que es precio de las micros, el otro inconveniente es el recorrido de las micros de los sectores rurales, por ejemplo para ac\u00e1; Barrancas, Bellavista y El Asiento, las micros son cada una hora, lo mismo para Quebrada Herrera y a veces usted toma la micro desde Bellavista hasta 21 de Mayo y no le calza con la que va hacia Quebrada Herrera\u00bb<\/em>.<\/p>\n<p>Menciona que mucha gente tiene que hacer ese trayecto caminando, acogerse a la buena voluntad de los vecinos. <em>\u00abEso es s\u00faper bueno de la gente de ac\u00e1, que igual lleva a los adultos mayores o usted ve a un conocido y se lo trae, pero en general ha sido mucha irregularidad de los servicios y como le vuelvo a decir, el Cecosf est\u00e1 en un lugar s\u00faper poco estrat\u00e9gico, donde hay que tomar dos locomociones. Para ir a San Felipe son $2.000 para cada lado, pero para ir al Cecosf son $3.200\u00bb<\/em>.<\/p>\n<p>Ejemplifica que ayer (lunes) avisaron que el recorrido iba ser normal, <em>\u00abpero a veces pasa un inconveniente donde tienen que ir a hacerle curaciones a otro paciente a la casa o donde tienen que ir a dejar muestras de ex\u00e1menes a San Felipe y suspenden el servicio\u00bb<\/em>.<\/p>\n<p>Reclama que la informaci\u00f3n es poco clara, porque le avisan a la gente de las juntas de vecinos mediante mensajer\u00eda en WhatsApp, <em>\u00abpero no hay canal oficial m\u00e1s formal donde indiquen cu\u00e1ndo va a pasar el furg\u00f3n\u00bb<\/em>, se\u00f1al\u00f3.<\/p>\n<p><strong>&#8211; El conductor est\u00e1 con licencia y el furg\u00f3n queda parado con el recorrido \u00bfqu\u00e9 hay de cierto?<\/strong><\/p>\n<p>&#8211; S\u00ed, cuando don Eugenio, chofer oficial, toma licencia, se ha operado, a veces traen otro chofer o si hay licencia tambi\u00e9n queda parado el recorrido. Lo m\u00e1s com\u00fan es que una persona en El Asiento necesita que vayan a hacerle curaciones a domicilio y por atender ese servicio, que obviamente es muy importante, queda toda la dem\u00e1s gente sin locomoci\u00f3n.<\/p>\n<p><strong>&#8211; \u00bfQu\u00e9 soluci\u00f3n ven ustedes como vecinos? <\/strong><\/p>\n<p>&#8211; Deber\u00edan darle prioridad al servicio rural, contratar dos choferes, porque es muy caro, o lo m\u00e1s l\u00f3gico, que desde un principio el Cecosf lo hubieran construido en el sector de 21 de Mayo, por ah\u00ed pasan todas las micros, pero se les ocurri\u00f3 construirlo en Quebrada Herrera, donde es dif\u00edcil llegar si uno no tiene auto, subvencionar las micros de los recorridos rurales, pero tampoco calzan los horarios. Yo creo que deber\u00edan darle prioridad a que siempre el furg\u00f3n est\u00e9 funcionando, porque cuando est\u00e1 en pana o le toca la revisi\u00f3n t\u00e9cnica ah\u00ed ya van suspendiendo los viajes.<\/p>\n<p><strong>&#8211; \u00bfPodr\u00eda comprarse otro veh\u00edculo o no?<\/strong><\/p>\n<p>&#8211; Es que a veces tienen veh\u00edculos disponibles, pero no hay choferes y cuando le toca la mantenci\u00f3n, como son veh\u00edculos municipales, se demoran 2 \u00f3 3 d\u00edas en que lo entreguen y ya se suspende el recorrido, o un chofer de la camioneta del Cesfam no puede ir a dejar los ex\u00e1menes y mandan al caballero del furg\u00f3n, quien de verdad tiene una voluntad de oro, tiene s\u00faper buena disposici\u00f3n, incluso a veces alarga los recorridos para ir a dejar gente cerca de sus domicilios, pero a veces cuando est\u00e1 con licencia u otra situaci\u00f3n ya el servicio se suspende.<\/p>\n<p><strong>&#8211; \u00bfLo han conversado con la direcci\u00f3n del Departamento Municipal de Salud, Marcela Brito?<\/strong><\/p>\n<p>&#8211; Yo hice el reclamo por la p\u00e1gina del SSA y me dijeron que como son veh\u00edculos ellos no tienen mucho que ver, que volviera a hacer el reclamo y que ah\u00ed lo iban a derivar al Segismundo Iturra, pero eso es lo fome, porque todas las gestiones del Cecosf pasan por este \u00faltimo y lo otro, es que mucha gente ha hecho la solicitud, cambiar a atenderse a San Felipe, porque es una sola micro la que hay que tomar, es m\u00e1s barato, accesible y le dicen que no, que nos corresponde el Cecosf Quebrada Herrera.<\/p>\n<p>El tema es la locomoci\u00f3n; o sea, cuando puedo pido premiso en el trabajo y trato de llevar a mi mam\u00e1, pero hay muchos adultos mayores que ni siquiera tienen una red de apoyo, saber hacer un reclamo y se da mucho. Hay mucha gente de edad, con muletas, que usted los ve caminando debido a que van a buscar los remedios porque no alcanzaron la micro. O usted se va en el furg\u00f3n en la ma\u00f1ana y se hace una sola vuelta, la primera se fue a tomar ex\u00e1menes de sangre a las siete y media de la ma\u00f1ana y si suspenden el siguiente recorrido hasta las once de la ma\u00f1ana, resulta que la gente se viene caminando hasta 21 de Mayo y si calculamos con Google Maps son 23, 25 minutos caminando una personas normal, pero adultos mayores es m\u00e1s. Yo he calculado si me fuera caminando al Cecosf es m\u00e1s de una hora, hay mucha gente que el tramo a 21 de Mayo lo hacen caminando.<\/p>\n<p>Finalmente pide que ante cualquier eventualidad tengan una respuesta. <em>\u00abQue si alguien tiene que ir a curaciones, que no se saque el recorrido, porque es sumamente importante. Tambi\u00e9n que tengan canales formales; claro, le avisan a la gente de las juntas de vecinos, pero as\u00ed como tienen p\u00e1ginas de WhatsApp de difusi\u00f3n de la municipalidad, lo m\u00e1s bien que podr\u00edan ah\u00ed subir la informaci\u00f3n que es m\u00e1s accesible para todos o en la radio quiz\u00e1s, colocar ante cualquier eventualidad que se suspende el servicio, a veces pasa que la gente est\u00e1 esperando y ah\u00ed se enter\u00f3 que no hay locomoci\u00f3n. <\/em><\/p>\n<p>\u00ab<em>Si uno investigara, en el Cecosf reclaman mucho por la p\u00e9rdida de horas en atenci\u00f3n, pero a veces la gente realmente no alcanza a llegar a los horarios, porque son escasos o a veces para Quebrada Herrera no pasan tantos veh\u00edculos y antes la gente ten\u00eda la costumbre de llevar, pero ahora es poca la que hace \u2018dedo\u2019 y la llevan<\/em> (\u2026) <em>Este \u00faltimo tiempo han tenido muchos problemas con las l\u00edneas telef\u00f3nicas del Cecosf, ahora habilitaron un celular que tambi\u00e9n eso lo avisa por los grupo de WhatsApp de las juntas de vecinos, no todos los adultos mayores saben usar WhatsApp, sacar hora es complicado y adem\u00e1s la agenda se abre el 20 de abril para que saque hora al doctor. La gente tiene que ir a pegarse el tremendo pique solo para ir a sacar hora, porque a veces los tel\u00e9fonos tampoco funcionan\u00bb<\/em>, finaliz\u00f3.<\/p>\n<p>Intentamos comunicarnos a los tel\u00e9fonos, tanto de la directora de Salud Municipal y Cesfam Dr. Segismundo Iturra Taito, pero no obtuvimos respuesta.<\/p>\n<figure id=\"attachment_134306\" aria-describedby=\"caption-attachment-134306\" style=\"width: 699px\" class=\"wp-caption alignnone\"><img loading=\"lazy\" decoding=\"async\" class=\"size-full wp-image-134306\" src=\"https:\/\/eltrabajo.cl\/web\/wp-content\/uploads\/2025\/01\/rural-cecosf.jpg\" alt=\"Frontis del Cecosf Padre Hugo Cornelissen en Quebrada Herrera.\" width=\"699\" height=\"524\" srcset=\"https:\/\/eltrabajo.cl\/web\/wp-content\/uploads\/2025\/01\/rural-cecosf.jpg 699w, https:\/\/eltrabajo.cl\/web\/wp-content\/uploads\/2025\/01\/rural-cecosf-300x225.jpg 300w, https:\/\/eltrabajo.cl\/web\/wp-content\/uploads\/2025\/01\/rural-cecosf-560x420.jpg 560w, https:\/\/eltrabajo.cl\/web\/wp-content\/uploads\/2025\/01\/rural-cecosf-80x60.jpg 80w, https:\/\/eltrabajo.cl\/web\/wp-content\/uploads\/2025\/01\/rural-cecosf-150x112.jpg 150w, https:\/\/eltrabajo.cl\/web\/wp-content\/uploads\/2025\/01\/rural-cecosf-696x522.jpg 696w, https:\/\/eltrabajo.cl\/web\/wp-content\/uploads\/2025\/01\/rural-cecosf-265x198.jpg 265w\" sizes=\"auto, (max-width: 699px) 100vw, 699px\" \/><figcaption id=\"caption-attachment-134306\" class=\"wp-caption-text\">Frontis del Cecosf Padre Hugo Cornelissen en Quebrada Herrera.<\/figcaption><\/figure>\n","protected":false},"excerpt":{"rendered":"<p>Leonela Estay Olivares es una vecina del sector de Barrancas y nos cuenta sobre una problem\u00e1tica que est\u00e1 pasando en su zona con el servicio de locomoci\u00f3n hacia el Centro Comunitario de Salud Familiar (Cecosf) de Quebrada Herrera, pidiendo a las autoridades que solucionen este problema, debido a que quedan muchas personas botadas e incluso, [&hellip;]<\/p>\n","protected":false},"author":1,"featured_media":134306,"comment_status":"open","ping_status":"closed","sticky":false,"template":"","format":"standard","meta":{"footnotes":""},"categories":[4],"tags":[],"class_list":{"0":"post-134305","1":"post","2":"type-post","3":"status-publish","4":"format-standard","5":"has-post-thumbnail","7":"category-comunidad"},"yoast_head":"<!-- This site is optimized with the Yoast SEO plugin v27.5 - https:\/\/yoast.com\/product\/yoast-seo-wordpress\/ -->\n<title>Vecinos de sectores rurales piden mejorar sistema de locomoci\u00f3n municipal hacia Cecosf Quebrada Herrera - Diario El Trabajo<\/title>\n<meta name=\"robots\" content=\"index, follow, max-snippet:-1, max-image-preview:large, max-video-preview:-1\" \/>\n<link rel=\"canonical\" href=\"https:\/\/eltrabajo.cl\/web\/vecinos-de-sectores-rurales-piden-mejorar-sistema-de-locomocion-municipal-hacia-cecosf-quebrada-herrera\/\" \/>\n<meta property=\"og:locale\" content=\"es_ES\" \/>\n<meta property=\"og:type\" content=\"article\" \/>\n<meta property=\"og:title\" content=\"Vecinos de sectores rurales piden mejorar sistema de locomoci\u00f3n municipal hacia Cecosf Quebrada Herrera - Diario El Trabajo\" \/>\n<meta property=\"og:description\" content=\"Leonela Estay Olivares es una vecina del sector de Barrancas y nos cuenta sobre una problem\u00e1tica que est\u00e1 pasando en su zona con el servicio de locomoci\u00f3n hacia el Centro Comunitario de Salud Familiar (Cecosf) de Quebrada Herrera, pidiendo a las autoridades que solucionen este problema, debido a que quedan muchas personas botadas e incluso, [&hellip;]\" \/>\n<meta property=\"og:url\" content=\"https:\/\/eltrabajo.cl\/web\/vecinos-de-sectores-rurales-piden-mejorar-sistema-de-locomocion-municipal-hacia-cecosf-quebrada-herrera\/\" \/>\n<meta property=\"og:site_name\" content=\"Diario El Trabajo\" \/>\n<meta property=\"article:publisher\" content=\"https:\/\/www.facebook.com\/ElTrabajoDiario\" \/>\n<meta property=\"article:published_time\" content=\"2025-01-07T00:43:24+00:00\" \/>\n<meta property=\"og:image\" content=\"https:\/\/eltrabajo.cl\/web\/wp-content\/uploads\/2025\/01\/rural-cecosf.jpg\" \/>\n\t<meta property=\"og:image:width\" content=\"699\" \/>\n\t<meta property=\"og:image:height\" content=\"524\" \/>\n\t<meta property=\"og:image:type\" content=\"image\/jpeg\" \/>\n<meta name=\"author\" content=\"Diario El Trabajo\" \/>\n<meta name=\"twitter:card\" content=\"summary_large_image\" \/>\n<meta name=\"twitter:creator\" content=\"@diarioeltrabajo\" \/>\n<meta name=\"twitter:site\" content=\"@diarioeltrabajo\" \/>\n<meta name=\"twitter:label1\" content=\"Escrito por\" \/>\n\t<meta name=\"twitter:data1\" content=\"Diario El Trabajo\" \/>\n\t<meta name=\"twitter:label2\" content=\"Tiempo estimado de lectura\" \/>\n\t<meta name=\"twitter:data2\" content=\"7 minutos\" \/>\n<script type=\"application\/ld+json\" class=\"yoast-schema-graph\">{\"@context\":\"https:\\\/\\\/schema.org\",\"@graph\":[{\"@type\":\"Article\",\"@id\":\"https:\\\/\\\/eltrabajo.cl\\\/web\\\/vecinos-de-sectores-rurales-piden-mejorar-sistema-de-locomocion-municipal-hacia-cecosf-quebrada-herrera\\\/#article\",\"isPartOf\":{\"@id\":\"https:\\\/\\\/eltrabajo.cl\\\/web\\\/vecinos-de-sectores-rurales-piden-mejorar-sistema-de-locomocion-municipal-hacia-cecosf-quebrada-herrera\\\/\"},\"author\":{\"name\":\"Diario El Trabajo\",\"@id\":\"https:\\\/\\\/eltrabajo.cl\\\/web\\\/#\\\/schema\\\/person\\\/45efd3d17f86ec456e44dd7debe1bf19\"},\"headline\":\"Vecinos de sectores rurales piden mejorar sistema de locomoci\u00f3n municipal hacia Cecosf Quebrada Herrera\",\"datePublished\":\"2025-01-07T00:43:24+00:00\",\"mainEntityOfPage\":{\"@id\":\"https:\\\/\\\/eltrabajo.cl\\\/web\\\/vecinos-de-sectores-rurales-piden-mejorar-sistema-de-locomocion-municipal-hacia-cecosf-quebrada-herrera\\\/\"},\"wordCount\":1461,\"commentCount\":0,\"publisher\":{\"@id\":\"https:\\\/\\\/eltrabajo.cl\\\/web\\\/#organization\"},\"image\":{\"@id\":\"https:\\\/\\\/eltrabajo.cl\\\/web\\\/vecinos-de-sectores-rurales-piden-mejorar-sistema-de-locomocion-municipal-hacia-cecosf-quebrada-herrera\\\/#primaryimage\"},\"thumbnailUrl\":\"https:\\\/\\\/eltrabajo.cl\\\/web\\\/wp-content\\\/uploads\\\/2025\\\/01\\\/rural-cecosf.jpg\",\"articleSection\":[\"Comunidad\"],\"inLanguage\":\"es-CL\",\"potentialAction\":[{\"@type\":\"CommentAction\",\"name\":\"Comment\",\"target\":[\"https:\\\/\\\/eltrabajo.cl\\\/web\\\/vecinos-de-sectores-rurales-piden-mejorar-sistema-de-locomocion-municipal-hacia-cecosf-quebrada-herrera\\\/#respond\"]}]},{\"@type\":\"WebPage\",\"@id\":\"https:\\\/\\\/eltrabajo.cl\\\/web\\\/vecinos-de-sectores-rurales-piden-mejorar-sistema-de-locomocion-municipal-hacia-cecosf-quebrada-herrera\\\/\",\"url\":\"https:\\\/\\\/eltrabajo.cl\\\/web\\\/vecinos-de-sectores-rurales-piden-mejorar-sistema-de-locomocion-municipal-hacia-cecosf-quebrada-herrera\\\/\",\"name\":\"Vecinos de sectores rurales piden mejorar sistema de locomoci\u00f3n municipal hacia Cecosf Quebrada Herrera - Diario El Trabajo\",\"isPartOf\":{\"@id\":\"https:\\\/\\\/eltrabajo.cl\\\/web\\\/#website\"},\"primaryImageOfPage\":{\"@id\":\"https:\\\/\\\/eltrabajo.cl\\\/web\\\/vecinos-de-sectores-rurales-piden-mejorar-sistema-de-locomocion-municipal-hacia-cecosf-quebrada-herrera\\\/#primaryimage\"},\"image\":{\"@id\":\"https:\\\/\\\/eltrabajo.cl\\\/web\\\/vecinos-de-sectores-rurales-piden-mejorar-sistema-de-locomocion-municipal-hacia-cecosf-quebrada-herrera\\\/#primaryimage\"},\"thumbnailUrl\":\"https:\\\/\\\/eltrabajo.cl\\\/web\\\/wp-content\\\/uploads\\\/2025\\\/01\\\/rural-cecosf.jpg\",\"datePublished\":\"2025-01-07T00:43:24+00:00\",\"breadcrumb\":{\"@id\":\"https:\\\/\\\/eltrabajo.cl\\\/web\\\/vecinos-de-sectores-rurales-piden-mejorar-sistema-de-locomocion-municipal-hacia-cecosf-quebrada-herrera\\\/#breadcrumb\"},\"inLanguage\":\"es-CL\",\"potentialAction\":[{\"@type\":\"ReadAction\",\"target\":[\"https:\\\/\\\/eltrabajo.cl\\\/web\\\/vecinos-de-sectores-rurales-piden-mejorar-sistema-de-locomocion-municipal-hacia-cecosf-quebrada-herrera\\\/\"]}]},{\"@type\":\"ImageObject\",\"inLanguage\":\"es-CL\",\"@id\":\"https:\\\/\\\/eltrabajo.cl\\\/web\\\/vecinos-de-sectores-rurales-piden-mejorar-sistema-de-locomocion-municipal-hacia-cecosf-quebrada-herrera\\\/#primaryimage\",\"url\":\"https:\\\/\\\/eltrabajo.cl\\\/web\\\/wp-content\\\/uploads\\\/2025\\\/01\\\/rural-cecosf.jpg\",\"contentUrl\":\"https:\\\/\\\/eltrabajo.cl\\\/web\\\/wp-content\\\/uploads\\\/2025\\\/01\\\/rural-cecosf.jpg\",\"width\":699,\"height\":524,\"caption\":\"Frontis del Cecosf Padre Hugo Cornelissen en Quebrada Herrera.\"},{\"@type\":\"BreadcrumbList\",\"@id\":\"https:\\\/\\\/eltrabajo.cl\\\/web\\\/vecinos-de-sectores-rurales-piden-mejorar-sistema-de-locomocion-municipal-hacia-cecosf-quebrada-herrera\\\/#breadcrumb\",\"itemListElement\":[{\"@type\":\"ListItem\",\"position\":1,\"name\":\"Portada\",\"item\":\"https:\\\/\\\/eltrabajo.cl\\\/web\\\/\"},{\"@type\":\"ListItem\",\"position\":2,\"name\":\"Vecinos de sectores rurales piden mejorar sistema de locomoci\u00f3n municipal hacia Cecosf Quebrada Herrera\"}]},{\"@type\":\"WebSite\",\"@id\":\"https:\\\/\\\/eltrabajo.cl\\\/web\\\/#website\",\"url\":\"https:\\\/\\\/eltrabajo.cl\\\/web\\\/\",\"name\":\"Diario El Trabajo\",\"description\":\"Desde 1929 construyendo Identidad Local\",\"publisher\":{\"@id\":\"https:\\\/\\\/eltrabajo.cl\\\/web\\\/#organization\"},\"potentialAction\":[{\"@type\":\"SearchAction\",\"target\":{\"@type\":\"EntryPoint\",\"urlTemplate\":\"https:\\\/\\\/eltrabajo.cl\\\/web\\\/?s={search_term_string}\"},\"query-input\":{\"@type\":\"PropertyValueSpecification\",\"valueRequired\":true,\"valueName\":\"search_term_string\"}}],\"inLanguage\":\"es-CL\"},{\"@type\":\"Organization\",\"@id\":\"https:\\\/\\\/eltrabajo.cl\\\/web\\\/#organization\",\"name\":\"Diario El Trabajo\",\"url\":\"https:\\\/\\\/eltrabajo.cl\\\/web\\\/\",\"logo\":{\"@type\":\"ImageObject\",\"inLanguage\":\"es-CL\",\"@id\":\"https:\\\/\\\/eltrabajo.cl\\\/web\\\/#\\\/schema\\\/logo\\\/image\\\/\",\"url\":\"https:\\\/\\\/eltrabajo.cl\\\/web\\\/wp-content\\\/uploads\\\/2024\\\/06\\\/profile-image-ig-page-diarioeltrabajo.jpg\",\"contentUrl\":\"https:\\\/\\\/eltrabajo.cl\\\/web\\\/wp-content\\\/uploads\\\/2024\\\/06\\\/profile-image-ig-page-diarioeltrabajo.jpg\",\"width\":823,\"height\":823,\"caption\":\"Diario El Trabajo\"},\"image\":{\"@id\":\"https:\\\/\\\/eltrabajo.cl\\\/web\\\/#\\\/schema\\\/logo\\\/image\\\/\"},\"sameAs\":[\"https:\\\/\\\/www.facebook.com\\\/ElTrabajoDiario\",\"https:\\\/\\\/x.com\\\/diarioeltrabajo\"]},{\"@type\":\"Person\",\"@id\":\"https:\\\/\\\/eltrabajo.cl\\\/web\\\/#\\\/schema\\\/person\\\/45efd3d17f86ec456e44dd7debe1bf19\",\"name\":\"Diario El Trabajo\",\"image\":{\"@type\":\"ImageObject\",\"inLanguage\":\"es-CL\",\"@id\":\"https:\\\/\\\/secure.gravatar.com\\\/avatar\\\/7e6ec277dc4aea2677c2dc301d4227957219329c985ab69a3efc12518b5161aa?s=96&d=mm&r=g\",\"url\":\"https:\\\/\\\/secure.gravatar.com\\\/avatar\\\/7e6ec277dc4aea2677c2dc301d4227957219329c985ab69a3efc12518b5161aa?s=96&d=mm&r=g\",\"contentUrl\":\"https:\\\/\\\/secure.gravatar.com\\\/avatar\\\/7e6ec277dc4aea2677c2dc301d4227957219329c985ab69a3efc12518b5161aa?s=96&d=mm&r=g\",\"caption\":\"Diario El Trabajo\"},\"sameAs\":[\"https:\\\/\\\/eltrabajo.cl\\\/web\"],\"url\":\"https:\\\/\\\/eltrabajo.cl\\\/web\\\/author\\\/diario-el-trabajo\\\/\"}]}<\/script>\n<!-- \/ Yoast SEO plugin. -->","yoast_head_json":{"title":"Vecinos de sectores rurales piden mejorar sistema de locomoci\u00f3n municipal hacia Cecosf Quebrada Herrera - Diario El Trabajo","robots":{"index":"index","follow":"follow","max-snippet":"max-snippet:-1","max-image-preview":"max-image-preview:large","max-video-preview":"max-video-preview:-1"},"canonical":"https:\/\/eltrabajo.cl\/web\/vecinos-de-sectores-rurales-piden-mejorar-sistema-de-locomocion-municipal-hacia-cecosf-quebrada-herrera\/","og_locale":"es_ES","og_type":"article","og_title":"Vecinos de sectores rurales piden mejorar sistema de locomoci\u00f3n municipal hacia Cecosf Quebrada Herrera - Diario El Trabajo","og_description":"Leonela Estay Olivares es una vecina del sector de Barrancas y nos cuenta sobre una problem\u00e1tica que est\u00e1 pasando en su zona con el servicio de locomoci\u00f3n hacia el Centro Comunitario de Salud Familiar (Cecosf) de Quebrada Herrera, pidiendo a las autoridades que solucionen este problema, debido a que quedan muchas personas botadas e incluso, [&hellip;]","og_url":"https:\/\/eltrabajo.cl\/web\/vecinos-de-sectores-rurales-piden-mejorar-sistema-de-locomocion-municipal-hacia-cecosf-quebrada-herrera\/","og_site_name":"Diario El Trabajo","article_publisher":"https:\/\/www.facebook.com\/ElTrabajoDiario","article_published_time":"2025-01-07T00:43:24+00:00","og_image":[{"width":699,"height":524,"url":"https:\/\/eltrabajo.cl\/web\/wp-content\/uploads\/2025\/01\/rural-cecosf.jpg","type":"image\/jpeg"}],"author":"Diario El Trabajo","twitter_card":"summary_large_image","twitter_creator":"@diarioeltrabajo","twitter_site":"@diarioeltrabajo","twitter_misc":{"Escrito por":"Diario El Trabajo","Tiempo estimado de lectura":"7 minutos"},"schema":{"@context":"https:\/\/schema.org","@graph":[{"@type":"Article","@id":"https:\/\/eltrabajo.cl\/web\/vecinos-de-sectores-rurales-piden-mejorar-sistema-de-locomocion-municipal-hacia-cecosf-quebrada-herrera\/#article","isPartOf":{"@id":"https:\/\/eltrabajo.cl\/web\/vecinos-de-sectores-rurales-piden-mejorar-sistema-de-locomocion-municipal-hacia-cecosf-quebrada-herrera\/"},"author":{"name":"Diario El Trabajo","@id":"https:\/\/eltrabajo.cl\/web\/#\/schema\/person\/45efd3d17f86ec456e44dd7debe1bf19"},"headline":"Vecinos de sectores rurales piden mejorar sistema de locomoci\u00f3n municipal hacia Cecosf Quebrada Herrera","datePublished":"2025-01-07T00:43:24+00:00","mainEntityOfPage":{"@id":"https:\/\/eltrabajo.cl\/web\/vecinos-de-sectores-rurales-piden-mejorar-sistema-de-locomocion-municipal-hacia-cecosf-quebrada-herrera\/"},"wordCount":1461,"commentCount":0,"publisher":{"@id":"https:\/\/eltrabajo.cl\/web\/#organization"},"image":{"@id":"https:\/\/eltrabajo.cl\/web\/vecinos-de-sectores-rurales-piden-mejorar-sistema-de-locomocion-municipal-hacia-cecosf-quebrada-herrera\/#primaryimage"},"thumbnailUrl":"https:\/\/eltrabajo.cl\/web\/wp-content\/uploads\/2025\/01\/rural-cecosf.jpg","articleSection":["Comunidad"],"inLanguage":"es-CL","potentialAction":[{"@type":"CommentAction","name":"Comment","target":["https:\/\/eltrabajo.cl\/web\/vecinos-de-sectores-rurales-piden-mejorar-sistema-de-locomocion-municipal-hacia-cecosf-quebrada-herrera\/#respond"]}]},{"@type":"WebPage","@id":"https:\/\/eltrabajo.cl\/web\/vecinos-de-sectores-rurales-piden-mejorar-sistema-de-locomocion-municipal-hacia-cecosf-quebrada-herrera\/","url":"https:\/\/eltrabajo.cl\/web\/vecinos-de-sectores-rurales-piden-mejorar-sistema-de-locomocion-municipal-hacia-cecosf-quebrada-herrera\/","name":"Vecinos de sectores rurales piden mejorar sistema de locomoci\u00f3n municipal hacia Cecosf Quebrada Herrera - Diario El Trabajo","isPartOf":{"@id":"https:\/\/eltrabajo.cl\/web\/#website"},"primaryImageOfPage":{"@id":"https:\/\/eltrabajo.cl\/web\/vecinos-de-sectores-rurales-piden-mejorar-sistema-de-locomocion-municipal-hacia-cecosf-quebrada-herrera\/#primaryimage"},"image":{"@id":"https:\/\/eltrabajo.cl\/web\/vecinos-de-sectores-rurales-piden-mejorar-sistema-de-locomocion-municipal-hacia-cecosf-quebrada-herrera\/#primaryimage"},"thumbnailUrl":"https:\/\/eltrabajo.cl\/web\/wp-content\/uploads\/2025\/01\/rural-cecosf.jpg","datePublished":"2025-01-07T00:43:24+00:00","breadcrumb":{"@id":"https:\/\/eltrabajo.cl\/web\/vecinos-de-sectores-rurales-piden-mejorar-sistema-de-locomocion-municipal-hacia-cecosf-quebrada-herrera\/#breadcrumb"},"inLanguage":"es-CL","potentialAction":[{"@type":"ReadAction","target":["https:\/\/eltrabajo.cl\/web\/vecinos-de-sectores-rurales-piden-mejorar-sistema-de-locomocion-municipal-hacia-cecosf-quebrada-herrera\/"]}]},{"@type":"ImageObject","inLanguage":"es-CL","@id":"https:\/\/eltrabajo.cl\/web\/vecinos-de-sectores-rurales-piden-mejorar-sistema-de-locomocion-municipal-hacia-cecosf-quebrada-herrera\/#primaryimage","url":"https:\/\/eltrabajo.cl\/web\/wp-content\/uploads\/2025\/01\/rural-cecosf.jpg","contentUrl":"https:\/\/eltrabajo.cl\/web\/wp-content\/uploads\/2025\/01\/rural-cecosf.jpg","width":699,"height":524,"caption":"Frontis del Cecosf Padre Hugo Cornelissen en Quebrada Herrera."},{"@type":"BreadcrumbList","@id":"https:\/\/eltrabajo.cl\/web\/vecinos-de-sectores-rurales-piden-mejorar-sistema-de-locomocion-municipal-hacia-cecosf-quebrada-herrera\/#breadcrumb","itemListElement":[{"@type":"ListItem","position":1,"name":"Portada","item":"https:\/\/eltrabajo.cl\/web\/"},{"@type":"ListItem","position":2,"name":"Vecinos de sectores rurales piden mejorar sistema de locomoci\u00f3n municipal hacia Cecosf Quebrada Herrera"}]},{"@type":"WebSite","@id":"https:\/\/eltrabajo.cl\/web\/#website","url":"https:\/\/eltrabajo.cl\/web\/","name":"Diario El Trabajo","description":"Desde 1929 construyendo Identidad Local","publisher":{"@id":"https:\/\/eltrabajo.cl\/web\/#organization"},"potentialAction":[{"@type":"SearchAction","target":{"@type":"EntryPoint","urlTemplate":"https:\/\/eltrabajo.cl\/web\/?s={search_term_string}"},"query-input":{"@type":"PropertyValueSpecification","valueRequired":true,"valueName":"search_term_string"}}],"inLanguage":"es-CL"},{"@type":"Organization","@id":"https:\/\/eltrabajo.cl\/web\/#organization","name":"Diario El Trabajo","url":"https:\/\/eltrabajo.cl\/web\/","logo":{"@type":"ImageObject","inLanguage":"es-CL","@id":"https:\/\/eltrabajo.cl\/web\/#\/schema\/logo\/image\/","url":"https:\/\/eltrabajo.cl\/web\/wp-content\/uploads\/2024\/06\/profile-image-ig-page-diarioeltrabajo.jpg","contentUrl":"https:\/\/eltrabajo.cl\/web\/wp-content\/uploads\/2024\/06\/profile-image-ig-page-diarioeltrabajo.jpg","width":823,"height":823,"caption":"Diario El Trabajo"},"image":{"@id":"https:\/\/eltrabajo.cl\/web\/#\/schema\/logo\/image\/"},"sameAs":["https:\/\/www.facebook.com\/ElTrabajoDiario","https:\/\/x.com\/diarioeltrabajo"]},{"@type":"Person","@id":"https:\/\/eltrabajo.cl\/web\/#\/schema\/person\/45efd3d17f86ec456e44dd7debe1bf19","name":"Diario El Trabajo","image":{"@type":"ImageObject","inLanguage":"es-CL","@id":"https:\/\/secure.gravatar.com\/avatar\/7e6ec277dc4aea2677c2dc301d4227957219329c985ab69a3efc12518b5161aa?s=96&d=mm&r=g","url":"https:\/\/secure.gravatar.com\/avatar\/7e6ec277dc4aea2677c2dc301d4227957219329c985ab69a3efc12518b5161aa?s=96&d=mm&r=g","contentUrl":"https:\/\/secure.gravatar.com\/avatar\/7e6ec277dc4aea2677c2dc301d4227957219329c985ab69a3efc12518b5161aa?s=96&d=mm&r=g","caption":"Diario El Trabajo"},"sameAs":["https:\/\/eltrabajo.cl\/web"],"url":"https:\/\/eltrabajo.cl\/web\/author\/diario-el-trabajo\/"}]}},"_links":{"self":[{"href":"https:\/\/eltrabajo.cl\/web\/wp-json\/wp\/v2\/posts\/134305","targetHints":{"allow":["GET"]}}],"collection":[{"href":"https:\/\/eltrabajo.cl\/web\/wp-json\/wp\/v2\/posts"}],"about":[{"href":"https:\/\/eltrabajo.cl\/web\/wp-json\/wp\/v2\/types\/post"}],"author":[{"embeddable":true,"href":"https:\/\/eltrabajo.cl\/web\/wp-json\/wp\/v2\/users\/1"}],"replies":[{"embeddable":true,"href":"https:\/\/eltrabajo.cl\/web\/wp-json\/wp\/v2\/comments?post=134305"}],"version-history":[{"count":1,"href":"https:\/\/eltrabajo.cl\/web\/wp-json\/wp\/v2\/posts\/134305\/revisions"}],"predecessor-version":[{"id":134307,"href":"https:\/\/eltrabajo.cl\/web\/wp-json\/wp\/v2\/posts\/134305\/revisions\/134307"}],"wp:featuredmedia":[{"embeddable":true,"href":"https:\/\/eltrabajo.cl\/web\/wp-json\/wp\/v2\/media\/134306"}],"wp:attachment":[{"href":"https:\/\/eltrabajo.cl\/web\/wp-json\/wp\/v2\/media?parent=134305"}],"wp:term":[{"taxonomy":"category","embeddable":true,"href":"https:\/\/eltrabajo.cl\/web\/wp-json\/wp\/v2\/categories?post=134305"},{"taxonomy":"post_tag","embeddable":true,"href":"https:\/\/eltrabajo.cl\/web\/wp-json\/wp\/v2\/tags?post=134305"}],"curies":[{"name":"wp","href":"https:\/\/api.w.org\/{rel}","templated":true}]}}