{"id":134312,"date":"2025-01-06T21:46:56","date_gmt":"2025-01-07T00:46:56","guid":{"rendered":"https:\/\/eltrabajo.cl\/web\/?p=134312"},"modified":"2025-01-06T21:46:56","modified_gmt":"2025-01-07T00:46:56","slug":"refuerzan-seguridad-por-constantes-robos-en-bodega-de-la-conservera-san-clemente-de-calle-duco","status":"publish","type":"post","link":"https:\/\/eltrabajo.cl\/web\/refuerzan-seguridad-por-constantes-robos-en-bodega-de-la-conservera-san-clemente-de-calle-duco\/","title":{"rendered":"Refuerzan seguridad por constantes robos en bodega de la Conservera San Clemente de calle Duco"},"content":{"rendered":"<ul>\n<li><strong>El pasado domingo ocurri\u00f3 un incendio en esta dependencia.\u2013<\/strong><\/li>\n<\/ul>\n<p>Constantes han sido los ingresos y robos que han ocurrido en la bodega de la Conservera San Clemente ubicada en calle Duco, sector de las 4 Villas en San Felipe. El pasado domingo y a trav\u00e9s de un forado en una de sus murallas, sujetos entraron al recinto y provocaron un incendio, el que afortunadamente, logr\u00f3 ser controlado r\u00e1pidamente por Bomberos.<\/p>\n<p>Es por esto, y considerando los otros incidentes de estas caracter\u00edsticas, es que se han coordinado diversas medidas para aumentar la seguridad en el sector, as\u00ed lo coment\u00f3 el delegado provincial, <strong>Daniel Mu\u00f1oz Pereira<\/strong>.<\/p>\n<p>\u00ab<em>Efectivamente se produjo un incendio donde personas intentan ingresar a la bodega de la Conservera San Clemente en la calle Duco, hemos tenido el ingreso de personas en horario nocturno con la finalidad de generar robos en esta bodega. A ra\u00edz de eso, hemos reforzado los dispositivos de seguridad de Carabineros y hemos realizado un trabajo importante junto a las personas responsables de la Conservera San Clemente para reforzar las medidas de seguridad, con apoyo de Seguridad Municipal, para ir brindando las condiciones de seguridad y que no vuelvan a ocurrir estos incidentes graves\u00bb<\/em>, se\u00f1al\u00f3.<\/p>\n<p>Respecto de los forados por donde han hecho ingreso estos delincuentes, la autoridad provincial sostuvo que <em>\u00abpor esos forados que se han generado en los muros de concreto, han ingresado las personas y son los puntos que hemos tomado y revisado en terreno para reforzar y subsanar esos forados por donde las personas han ingresado. Ha sido un trabajo importante que se ha realizado durante el fin de semana\u00bb<\/em>.<\/p>\n<p>Asimismo, Mu\u00f1oz asegur\u00f3 que en el incidente ocurrido la madrugada del pasado viernes, no hubo personas detenidas, sin embargo, en los \u00faltimos hechos si se ha logrado aprehender al menos a seis sujetos.<\/p>\n<p>\u00ab<em>Ha habido cerca de seis personas detenidas, principalmente por el delito de robo en lugar no habitado, en cada una de las jornadas no hemos tenido personas lesionadas, tanto civiles como Carabineros, sin embargo, hemos reforzado las medidas de seguridad, con distintas unidades especializadas\u00bb<\/em>, agreg\u00f3.<\/p>\n<p>Finalmente, el delegado provincial indic\u00f3 que <em>\u00abhan ocurrido otros incidentes que han sido controlados por Carabineros utilizando los elementos correspondientes a su labor policial, estos detenidos han sido en distintas jornadas que se han ocurrido intentos de ingreso. En la primera noche no hubo detenidos, pero s\u00ed en las distintas jornadas\u00bb<\/em>, cerr\u00f3.<\/p>\n<figure id=\"attachment_134313\" aria-describedby=\"caption-attachment-134313\" style=\"width: 700px\" class=\"wp-caption alignnone\"><img loading=\"lazy\" decoding=\"async\" class=\"size-full wp-image-134313\" src=\"https:\/\/eltrabajo.cl\/web\/wp-content\/uploads\/2025\/01\/san-clemente.jpg\" alt=\"Sujetos intentaron quemar bodega tras nuevo ingreso ocurrido el domingo. \" width=\"700\" height=\"525\" srcset=\"https:\/\/eltrabajo.cl\/web\/wp-content\/uploads\/2025\/01\/san-clemente.jpg 700w, https:\/\/eltrabajo.cl\/web\/wp-content\/uploads\/2025\/01\/san-clemente-300x225.jpg 300w, https:\/\/eltrabajo.cl\/web\/wp-content\/uploads\/2025\/01\/san-clemente-560x420.jpg 560w, https:\/\/eltrabajo.cl\/web\/wp-content\/uploads\/2025\/01\/san-clemente-80x60.jpg 80w, https:\/\/eltrabajo.cl\/web\/wp-content\/uploads\/2025\/01\/san-clemente-150x113.jpg 150w, https:\/\/eltrabajo.cl\/web\/wp-content\/uploads\/2025\/01\/san-clemente-696x522.jpg 696w, https:\/\/eltrabajo.cl\/web\/wp-content\/uploads\/2025\/01\/san-clemente-265x198.jpg 265w\" sizes=\"auto, (max-width: 700px) 100vw, 700px\" \/><figcaption id=\"caption-attachment-134313\" class=\"wp-caption-text\">Sujetos intentaron quemar bodega tras nuevo ingreso ocurrido el domingo.<\/figcaption><\/figure>\n","protected":false},"excerpt":{"rendered":"<p>El pasado domingo ocurri\u00f3 un incendio en esta dependencia.\u2013 Constantes han sido los ingresos y robos que han ocurrido en la bodega de la Conservera San Clemente ubicada en calle Duco, sector de las 4 Villas en San Felipe. El pasado domingo y a trav\u00e9s de un forado en una de sus murallas, sujetos entraron [&hellip;]<\/p>\n","protected":false},"author":1,"featured_media":134313,"comment_status":"open","ping_status":"closed","sticky":false,"template":"","format":"standard","meta":{"footnotes":""},"categories":[5],"tags":[],"class_list":{"0":"post-134312","1":"post","2":"type-post","3":"status-publish","4":"format-standard","5":"has-post-thumbnail","7":"category-policial"},"yoast_head":"<!-- This site is optimized with the Yoast SEO plugin v27.5 - https:\/\/yoast.com\/product\/yoast-seo-wordpress\/ -->\n<title>Refuerzan seguridad por constantes robos en bodega de la Conservera San Clemente de calle Duco - Diario El Trabajo<\/title>\n<meta name=\"robots\" content=\"index, follow, max-snippet:-1, max-image-preview:large, max-video-preview:-1\" \/>\n<link rel=\"canonical\" href=\"https:\/\/eltrabajo.cl\/web\/refuerzan-seguridad-por-constantes-robos-en-bodega-de-la-conservera-san-clemente-de-calle-duco\/\" \/>\n<meta property=\"og:locale\" content=\"es_ES\" \/>\n<meta property=\"og:type\" content=\"article\" \/>\n<meta property=\"og:title\" content=\"Refuerzan seguridad por constantes robos en bodega de la Conservera San Clemente de calle Duco - Diario El Trabajo\" \/>\n<meta property=\"og:description\" content=\"El pasado domingo ocurri\u00f3 un incendio en esta dependencia.\u2013 Constantes han sido los ingresos y robos que han ocurrido en la bodega de la Conservera San Clemente ubicada en calle Duco, sector de las 4 Villas en San Felipe. El pasado domingo y a trav\u00e9s de un forado en una de sus murallas, sujetos entraron [&hellip;]\" \/>\n<meta property=\"og:url\" content=\"https:\/\/eltrabajo.cl\/web\/refuerzan-seguridad-por-constantes-robos-en-bodega-de-la-conservera-san-clemente-de-calle-duco\/\" \/>\n<meta property=\"og:site_name\" content=\"Diario El Trabajo\" \/>\n<meta property=\"article:publisher\" content=\"https:\/\/www.facebook.com\/ElTrabajoDiario\" \/>\n<meta property=\"article:published_time\" content=\"2025-01-07T00:46:56+00:00\" \/>\n<meta property=\"og:image\" content=\"https:\/\/eltrabajo.cl\/web\/wp-content\/uploads\/2025\/01\/san-clemente.jpg\" \/>\n\t<meta property=\"og:image:width\" content=\"700\" \/>\n\t<meta property=\"og:image:height\" content=\"525\" \/>\n\t<meta property=\"og:image:type\" content=\"image\/jpeg\" \/>\n<meta name=\"author\" content=\"Diario El Trabajo\" \/>\n<meta name=\"twitter:card\" content=\"summary_large_image\" \/>\n<meta name=\"twitter:creator\" content=\"@diarioeltrabajo\" \/>\n<meta name=\"twitter:site\" content=\"@diarioeltrabajo\" \/>\n<meta name=\"twitter:label1\" content=\"Escrito por\" \/>\n\t<meta name=\"twitter:data1\" content=\"Diario El Trabajo\" \/>\n\t<meta name=\"twitter:label2\" content=\"Tiempo estimado de lectura\" \/>\n\t<meta name=\"twitter:data2\" content=\"3 minutos\" \/>\n<script type=\"application\/ld+json\" class=\"yoast-schema-graph\">{\"@context\":\"https:\\\/\\\/schema.org\",\"@graph\":[{\"@type\":\"Article\",\"@id\":\"https:\\\/\\\/eltrabajo.cl\\\/web\\\/refuerzan-seguridad-por-constantes-robos-en-bodega-de-la-conservera-san-clemente-de-calle-duco\\\/#article\",\"isPartOf\":{\"@id\":\"https:\\\/\\\/eltrabajo.cl\\\/web\\\/refuerzan-seguridad-por-constantes-robos-en-bodega-de-la-conservera-san-clemente-de-calle-duco\\\/\"},\"author\":{\"name\":\"Diario El Trabajo\",\"@id\":\"https:\\\/\\\/eltrabajo.cl\\\/web\\\/#\\\/schema\\\/person\\\/45efd3d17f86ec456e44dd7debe1bf19\"},\"headline\":\"Refuerzan seguridad por constantes robos en bodega de la Conservera San Clemente de calle Duco\",\"datePublished\":\"2025-01-07T00:46:56+00:00\",\"mainEntityOfPage\":{\"@id\":\"https:\\\/\\\/eltrabajo.cl\\\/web\\\/refuerzan-seguridad-por-constantes-robos-en-bodega-de-la-conservera-san-clemente-de-calle-duco\\\/\"},\"wordCount\":436,\"commentCount\":0,\"publisher\":{\"@id\":\"https:\\\/\\\/eltrabajo.cl\\\/web\\\/#organization\"},\"image\":{\"@id\":\"https:\\\/\\\/eltrabajo.cl\\\/web\\\/refuerzan-seguridad-por-constantes-robos-en-bodega-de-la-conservera-san-clemente-de-calle-duco\\\/#primaryimage\"},\"thumbnailUrl\":\"https:\\\/\\\/eltrabajo.cl\\\/web\\\/wp-content\\\/uploads\\\/2025\\\/01\\\/san-clemente.jpg\",\"articleSection\":[\"Policial\"],\"inLanguage\":\"es-CL\",\"potentialAction\":[{\"@type\":\"CommentAction\",\"name\":\"Comment\",\"target\":[\"https:\\\/\\\/eltrabajo.cl\\\/web\\\/refuerzan-seguridad-por-constantes-robos-en-bodega-de-la-conservera-san-clemente-de-calle-duco\\\/#respond\"]}]},{\"@type\":\"WebPage\",\"@id\":\"https:\\\/\\\/eltrabajo.cl\\\/web\\\/refuerzan-seguridad-por-constantes-robos-en-bodega-de-la-conservera-san-clemente-de-calle-duco\\\/\",\"url\":\"https:\\\/\\\/eltrabajo.cl\\\/web\\\/refuerzan-seguridad-por-constantes-robos-en-bodega-de-la-conservera-san-clemente-de-calle-duco\\\/\",\"name\":\"Refuerzan seguridad por constantes robos en bodega de la Conservera San Clemente de calle Duco - Diario El Trabajo\",\"isPartOf\":{\"@id\":\"https:\\\/\\\/eltrabajo.cl\\\/web\\\/#website\"},\"primaryImageOfPage\":{\"@id\":\"https:\\\/\\\/eltrabajo.cl\\\/web\\\/refuerzan-seguridad-por-constantes-robos-en-bodega-de-la-conservera-san-clemente-de-calle-duco\\\/#primaryimage\"},\"image\":{\"@id\":\"https:\\\/\\\/eltrabajo.cl\\\/web\\\/refuerzan-seguridad-por-constantes-robos-en-bodega-de-la-conservera-san-clemente-de-calle-duco\\\/#primaryimage\"},\"thumbnailUrl\":\"https:\\\/\\\/eltrabajo.cl\\\/web\\\/wp-content\\\/uploads\\\/2025\\\/01\\\/san-clemente.jpg\",\"datePublished\":\"2025-01-07T00:46:56+00:00\",\"breadcrumb\":{\"@id\":\"https:\\\/\\\/eltrabajo.cl\\\/web\\\/refuerzan-seguridad-por-constantes-robos-en-bodega-de-la-conservera-san-clemente-de-calle-duco\\\/#breadcrumb\"},\"inLanguage\":\"es-CL\",\"potentialAction\":[{\"@type\":\"ReadAction\",\"target\":[\"https:\\\/\\\/eltrabajo.cl\\\/web\\\/refuerzan-seguridad-por-constantes-robos-en-bodega-de-la-conservera-san-clemente-de-calle-duco\\\/\"]}]},{\"@type\":\"ImageObject\",\"inLanguage\":\"es-CL\",\"@id\":\"https:\\\/\\\/eltrabajo.cl\\\/web\\\/refuerzan-seguridad-por-constantes-robos-en-bodega-de-la-conservera-san-clemente-de-calle-duco\\\/#primaryimage\",\"url\":\"https:\\\/\\\/eltrabajo.cl\\\/web\\\/wp-content\\\/uploads\\\/2025\\\/01\\\/san-clemente.jpg\",\"contentUrl\":\"https:\\\/\\\/eltrabajo.cl\\\/web\\\/wp-content\\\/uploads\\\/2025\\\/01\\\/san-clemente.jpg\",\"width\":700,\"height\":525,\"caption\":\"Sujetos intentaron quemar bodega tras nuevo ingreso ocurrido el domingo.\"},{\"@type\":\"BreadcrumbList\",\"@id\":\"https:\\\/\\\/eltrabajo.cl\\\/web\\\/refuerzan-seguridad-por-constantes-robos-en-bodega-de-la-conservera-san-clemente-de-calle-duco\\\/#breadcrumb\",\"itemListElement\":[{\"@type\":\"ListItem\",\"position\":1,\"name\":\"Portada\",\"item\":\"https:\\\/\\\/eltrabajo.cl\\\/web\\\/\"},{\"@type\":\"ListItem\",\"position\":2,\"name\":\"Refuerzan seguridad por constantes robos en bodega de la Conservera San Clemente de calle Duco\"}]},{\"@type\":\"WebSite\",\"@id\":\"https:\\\/\\\/eltrabajo.cl\\\/web\\\/#website\",\"url\":\"https:\\\/\\\/eltrabajo.cl\\\/web\\\/\",\"name\":\"Diario El Trabajo\",\"description\":\"Desde 1929 construyendo Identidad Local\",\"publisher\":{\"@id\":\"https:\\\/\\\/eltrabajo.cl\\\/web\\\/#organization\"},\"potentialAction\":[{\"@type\":\"SearchAction\",\"target\":{\"@type\":\"EntryPoint\",\"urlTemplate\":\"https:\\\/\\\/eltrabajo.cl\\\/web\\\/?s={search_term_string}\"},\"query-input\":{\"@type\":\"PropertyValueSpecification\",\"valueRequired\":true,\"valueName\":\"search_term_string\"}}],\"inLanguage\":\"es-CL\"},{\"@type\":\"Organization\",\"@id\":\"https:\\\/\\\/eltrabajo.cl\\\/web\\\/#organization\",\"name\":\"Diario El Trabajo\",\"url\":\"https:\\\/\\\/eltrabajo.cl\\\/web\\\/\",\"logo\":{\"@type\":\"ImageObject\",\"inLanguage\":\"es-CL\",\"@id\":\"https:\\\/\\\/eltrabajo.cl\\\/web\\\/#\\\/schema\\\/logo\\\/image\\\/\",\"url\":\"https:\\\/\\\/eltrabajo.cl\\\/web\\\/wp-content\\\/uploads\\\/2024\\\/06\\\/profile-image-ig-page-diarioeltrabajo.jpg\",\"contentUrl\":\"https:\\\/\\\/eltrabajo.cl\\\/web\\\/wp-content\\\/uploads\\\/2024\\\/06\\\/profile-image-ig-page-diarioeltrabajo.jpg\",\"width\":823,\"height\":823,\"caption\":\"Diario El Trabajo\"},\"image\":{\"@id\":\"https:\\\/\\\/eltrabajo.cl\\\/web\\\/#\\\/schema\\\/logo\\\/image\\\/\"},\"sameAs\":[\"https:\\\/\\\/www.facebook.com\\\/ElTrabajoDiario\",\"https:\\\/\\\/x.com\\\/diarioeltrabajo\"]},{\"@type\":\"Person\",\"@id\":\"https:\\\/\\\/eltrabajo.cl\\\/web\\\/#\\\/schema\\\/person\\\/45efd3d17f86ec456e44dd7debe1bf19\",\"name\":\"Diario El Trabajo\",\"image\":{\"@type\":\"ImageObject\",\"inLanguage\":\"es-CL\",\"@id\":\"https:\\\/\\\/secure.gravatar.com\\\/avatar\\\/7e6ec277dc4aea2677c2dc301d4227957219329c985ab69a3efc12518b5161aa?s=96&d=mm&r=g\",\"url\":\"https:\\\/\\\/secure.gravatar.com\\\/avatar\\\/7e6ec277dc4aea2677c2dc301d4227957219329c985ab69a3efc12518b5161aa?s=96&d=mm&r=g\",\"contentUrl\":\"https:\\\/\\\/secure.gravatar.com\\\/avatar\\\/7e6ec277dc4aea2677c2dc301d4227957219329c985ab69a3efc12518b5161aa?s=96&d=mm&r=g\",\"caption\":\"Diario El Trabajo\"},\"sameAs\":[\"https:\\\/\\\/eltrabajo.cl\\\/web\"],\"url\":\"https:\\\/\\\/eltrabajo.cl\\\/web\\\/author\\\/diario-el-trabajo\\\/\"}]}<\/script>\n<!-- \/ Yoast SEO plugin. -->","yoast_head_json":{"title":"Refuerzan seguridad por constantes robos en bodega de la Conservera San Clemente de calle Duco - Diario El Trabajo","robots":{"index":"index","follow":"follow","max-snippet":"max-snippet:-1","max-image-preview":"max-image-preview:large","max-video-preview":"max-video-preview:-1"},"canonical":"https:\/\/eltrabajo.cl\/web\/refuerzan-seguridad-por-constantes-robos-en-bodega-de-la-conservera-san-clemente-de-calle-duco\/","og_locale":"es_ES","og_type":"article","og_title":"Refuerzan seguridad por constantes robos en bodega de la Conservera San Clemente de calle Duco - Diario El Trabajo","og_description":"El pasado domingo ocurri\u00f3 un incendio en esta dependencia.\u2013 Constantes han sido los ingresos y robos que han ocurrido en la bodega de la Conservera San Clemente ubicada en calle Duco, sector de las 4 Villas en San Felipe. El pasado domingo y a trav\u00e9s de un forado en una de sus murallas, sujetos entraron [&hellip;]","og_url":"https:\/\/eltrabajo.cl\/web\/refuerzan-seguridad-por-constantes-robos-en-bodega-de-la-conservera-san-clemente-de-calle-duco\/","og_site_name":"Diario El Trabajo","article_publisher":"https:\/\/www.facebook.com\/ElTrabajoDiario","article_published_time":"2025-01-07T00:46:56+00:00","og_image":[{"width":700,"height":525,"url":"https:\/\/eltrabajo.cl\/web\/wp-content\/uploads\/2025\/01\/san-clemente.jpg","type":"image\/jpeg"}],"author":"Diario El Trabajo","twitter_card":"summary_large_image","twitter_creator":"@diarioeltrabajo","twitter_site":"@diarioeltrabajo","twitter_misc":{"Escrito por":"Diario El Trabajo","Tiempo estimado de lectura":"3 minutos"},"schema":{"@context":"https:\/\/schema.org","@graph":[{"@type":"Article","@id":"https:\/\/eltrabajo.cl\/web\/refuerzan-seguridad-por-constantes-robos-en-bodega-de-la-conservera-san-clemente-de-calle-duco\/#article","isPartOf":{"@id":"https:\/\/eltrabajo.cl\/web\/refuerzan-seguridad-por-constantes-robos-en-bodega-de-la-conservera-san-clemente-de-calle-duco\/"},"author":{"name":"Diario El Trabajo","@id":"https:\/\/eltrabajo.cl\/web\/#\/schema\/person\/45efd3d17f86ec456e44dd7debe1bf19"},"headline":"Refuerzan seguridad por constantes robos en bodega de la Conservera San Clemente de calle Duco","datePublished":"2025-01-07T00:46:56+00:00","mainEntityOfPage":{"@id":"https:\/\/eltrabajo.cl\/web\/refuerzan-seguridad-por-constantes-robos-en-bodega-de-la-conservera-san-clemente-de-calle-duco\/"},"wordCount":436,"commentCount":0,"publisher":{"@id":"https:\/\/eltrabajo.cl\/web\/#organization"},"image":{"@id":"https:\/\/eltrabajo.cl\/web\/refuerzan-seguridad-por-constantes-robos-en-bodega-de-la-conservera-san-clemente-de-calle-duco\/#primaryimage"},"thumbnailUrl":"https:\/\/eltrabajo.cl\/web\/wp-content\/uploads\/2025\/01\/san-clemente.jpg","articleSection":["Policial"],"inLanguage":"es-CL","potentialAction":[{"@type":"CommentAction","name":"Comment","target":["https:\/\/eltrabajo.cl\/web\/refuerzan-seguridad-por-constantes-robos-en-bodega-de-la-conservera-san-clemente-de-calle-duco\/#respond"]}]},{"@type":"WebPage","@id":"https:\/\/eltrabajo.cl\/web\/refuerzan-seguridad-por-constantes-robos-en-bodega-de-la-conservera-san-clemente-de-calle-duco\/","url":"https:\/\/eltrabajo.cl\/web\/refuerzan-seguridad-por-constantes-robos-en-bodega-de-la-conservera-san-clemente-de-calle-duco\/","name":"Refuerzan seguridad por constantes robos en bodega de la Conservera San Clemente de calle Duco - Diario El Trabajo","isPartOf":{"@id":"https:\/\/eltrabajo.cl\/web\/#website"},"primaryImageOfPage":{"@id":"https:\/\/eltrabajo.cl\/web\/refuerzan-seguridad-por-constantes-robos-en-bodega-de-la-conservera-san-clemente-de-calle-duco\/#primaryimage"},"image":{"@id":"https:\/\/eltrabajo.cl\/web\/refuerzan-seguridad-por-constantes-robos-en-bodega-de-la-conservera-san-clemente-de-calle-duco\/#primaryimage"},"thumbnailUrl":"https:\/\/eltrabajo.cl\/web\/wp-content\/uploads\/2025\/01\/san-clemente.jpg","datePublished":"2025-01-07T00:46:56+00:00","breadcrumb":{"@id":"https:\/\/eltrabajo.cl\/web\/refuerzan-seguridad-por-constantes-robos-en-bodega-de-la-conservera-san-clemente-de-calle-duco\/#breadcrumb"},"inLanguage":"es-CL","potentialAction":[{"@type":"ReadAction","target":["https:\/\/eltrabajo.cl\/web\/refuerzan-seguridad-por-constantes-robos-en-bodega-de-la-conservera-san-clemente-de-calle-duco\/"]}]},{"@type":"ImageObject","inLanguage":"es-CL","@id":"https:\/\/eltrabajo.cl\/web\/refuerzan-seguridad-por-constantes-robos-en-bodega-de-la-conservera-san-clemente-de-calle-duco\/#primaryimage","url":"https:\/\/eltrabajo.cl\/web\/wp-content\/uploads\/2025\/01\/san-clemente.jpg","contentUrl":"https:\/\/eltrabajo.cl\/web\/wp-content\/uploads\/2025\/01\/san-clemente.jpg","width":700,"height":525,"caption":"Sujetos intentaron quemar bodega tras nuevo ingreso ocurrido el domingo."},{"@type":"BreadcrumbList","@id":"https:\/\/eltrabajo.cl\/web\/refuerzan-seguridad-por-constantes-robos-en-bodega-de-la-conservera-san-clemente-de-calle-duco\/#breadcrumb","itemListElement":[{"@type":"ListItem","position":1,"name":"Portada","item":"https:\/\/eltrabajo.cl\/web\/"},{"@type":"ListItem","position":2,"name":"Refuerzan seguridad por constantes robos en bodega de la Conservera San Clemente de calle Duco"}]},{"@type":"WebSite","@id":"https:\/\/eltrabajo.cl\/web\/#website","url":"https:\/\/eltrabajo.cl\/web\/","name":"Diario El Trabajo","description":"Desde 1929 construyendo Identidad Local","publisher":{"@id":"https:\/\/eltrabajo.cl\/web\/#organization"},"potentialAction":[{"@type":"SearchAction","target":{"@type":"EntryPoint","urlTemplate":"https:\/\/eltrabajo.cl\/web\/?s={search_term_string}"},"query-input":{"@type":"PropertyValueSpecification","valueRequired":true,"valueName":"search_term_string"}}],"inLanguage":"es-CL"},{"@type":"Organization","@id":"https:\/\/eltrabajo.cl\/web\/#organization","name":"Diario El Trabajo","url":"https:\/\/eltrabajo.cl\/web\/","logo":{"@type":"ImageObject","inLanguage":"es-CL","@id":"https:\/\/eltrabajo.cl\/web\/#\/schema\/logo\/image\/","url":"https:\/\/eltrabajo.cl\/web\/wp-content\/uploads\/2024\/06\/profile-image-ig-page-diarioeltrabajo.jpg","contentUrl":"https:\/\/eltrabajo.cl\/web\/wp-content\/uploads\/2024\/06\/profile-image-ig-page-diarioeltrabajo.jpg","width":823,"height":823,"caption":"Diario El Trabajo"},"image":{"@id":"https:\/\/eltrabajo.cl\/web\/#\/schema\/logo\/image\/"},"sameAs":["https:\/\/www.facebook.com\/ElTrabajoDiario","https:\/\/x.com\/diarioeltrabajo"]},{"@type":"Person","@id":"https:\/\/eltrabajo.cl\/web\/#\/schema\/person\/45efd3d17f86ec456e44dd7debe1bf19","name":"Diario El Trabajo","image":{"@type":"ImageObject","inLanguage":"es-CL","@id":"https:\/\/secure.gravatar.com\/avatar\/7e6ec277dc4aea2677c2dc301d4227957219329c985ab69a3efc12518b5161aa?s=96&d=mm&r=g","url":"https:\/\/secure.gravatar.com\/avatar\/7e6ec277dc4aea2677c2dc301d4227957219329c985ab69a3efc12518b5161aa?s=96&d=mm&r=g","contentUrl":"https:\/\/secure.gravatar.com\/avatar\/7e6ec277dc4aea2677c2dc301d4227957219329c985ab69a3efc12518b5161aa?s=96&d=mm&r=g","caption":"Diario El Trabajo"},"sameAs":["https:\/\/eltrabajo.cl\/web"],"url":"https:\/\/eltrabajo.cl\/web\/author\/diario-el-trabajo\/"}]}},"_links":{"self":[{"href":"https:\/\/eltrabajo.cl\/web\/wp-json\/wp\/v2\/posts\/134312","targetHints":{"allow":["GET"]}}],"collection":[{"href":"https:\/\/eltrabajo.cl\/web\/wp-json\/wp\/v2\/posts"}],"about":[{"href":"https:\/\/eltrabajo.cl\/web\/wp-json\/wp\/v2\/types\/post"}],"author":[{"embeddable":true,"href":"https:\/\/eltrabajo.cl\/web\/wp-json\/wp\/v2\/users\/1"}],"replies":[{"embeddable":true,"href":"https:\/\/eltrabajo.cl\/web\/wp-json\/wp\/v2\/comments?post=134312"}],"version-history":[{"count":1,"href":"https:\/\/eltrabajo.cl\/web\/wp-json\/wp\/v2\/posts\/134312\/revisions"}],"predecessor-version":[{"id":134314,"href":"https:\/\/eltrabajo.cl\/web\/wp-json\/wp\/v2\/posts\/134312\/revisions\/134314"}],"wp:featuredmedia":[{"embeddable":true,"href":"https:\/\/eltrabajo.cl\/web\/wp-json\/wp\/v2\/media\/134313"}],"wp:attachment":[{"href":"https:\/\/eltrabajo.cl\/web\/wp-json\/wp\/v2\/media?parent=134312"}],"wp:term":[{"taxonomy":"category","embeddable":true,"href":"https:\/\/eltrabajo.cl\/web\/wp-json\/wp\/v2\/categories?post=134312"},{"taxonomy":"post_tag","embeddable":true,"href":"https:\/\/eltrabajo.cl\/web\/wp-json\/wp\/v2\/tags?post=134312"}],"curies":[{"name":"wp","href":"https:\/\/api.w.org\/{rel}","templated":true}]}}