{"id":134342,"date":"2025-01-07T21:45:14","date_gmt":"2025-01-08T00:45:14","guid":{"rendered":"https:\/\/eltrabajo.cl\/web\/?p=134342"},"modified":"2025-01-07T21:45:14","modified_gmt":"2025-01-08T00:45:14","slug":"martin-herrera-y-su-puntaje-nacional-quiere-ser-astronomo-porque-desde-chico-tengo-esa-fascinacion-por-el-espacio","status":"publish","type":"post","link":"https:\/\/eltrabajo.cl\/web\/martin-herrera-y-su-puntaje-nacional-quiere-ser-astronomo-porque-desde-chico-tengo-esa-fascinacion-por-el-espacio\/","title":{"rendered":"Mart\u00edn Herrera y su puntaje nacional: Quiere ser astr\u00f3nomo, \u00abporque desde chico tengo esa fascinaci\u00f3n por el espacio\u00bb"},"content":{"rendered":"<p><strong>Mart\u00edn Rodrigo Herrera Montenegro<\/strong>, tambi\u00e9n egresado del Instituto Abd\u00f3n Cifuentes (IAC), fue otro de los sanfelipe\u00f1os que obtuvo puntaje nacional en la Prueba de Acceso a la Educaci\u00f3n Superior (PAES), logro alcanzado en Matem\u00e1tica 1 (M1).<\/p>\n<p>Al conversar con <strong>Diario El Trabajo<\/strong> sobre su tremendo logro, no ocult\u00f3 su felicidad tras a\u00f1os de esfuerzo y estudio, por lo que es una satisfacci\u00f3n este m\u00e9rito acad\u00e9mico. Se\u00f1ala que quiere estudiar Astronom\u00eda, carrera por la que desde peque\u00f1o ha sentido fascinaci\u00f3n.<\/p>\n<p><strong>&#8211; \u00bfC\u00f3mo fue ese proceso donde te enteras del resultado?<\/strong><\/p>\n<p>&#8211; Lo vi con mi hermano en la p\u00e1gina del Demre, tuve que entrar, colocar la contrase\u00f1a; todo eso y ah\u00ed me apareci\u00f3, cach\u00e9 altiro que sal\u00eda en Matem\u00e1tica 1, 1000 puntos. No sab\u00eda que pensar, como que me emocion\u00e9 harto, no sab\u00eda qu\u00e9 decir, porque esperaba que me iba a ir bien en matem\u00e1ticas, pero no ese puntaje.<\/p>\n<p><strong>&#8211; \u00bfNo esperabas ser puntaje nacional?<\/strong><\/p>\n<p>-Mmm\u2026no, yo ten\u00eda objetivos de que me fuera bien en Matem\u00e1tica 1, igual me tom\u00f3 por sorpresa el puntaje.<\/p>\n<p><strong>&#8211; \u00bfC\u00f3mo lo tom\u00f3 tu familia cuando les comunicaste?<\/strong><\/p>\n<p>&#8211; Se alegraron harto, me abrazaron, me felicitaron harto y se sintieron igual orgullosos, tambi\u00e9n me lo merec\u00eda por mi esfuerzo.<\/p>\n<p><strong>&#8211; \u00bfQu\u00e9 apoy\u00f3 recibiste, hiciste preuniversitario o te quedaste solamente con lo que ten\u00edas en el Instituto?<\/strong><\/p>\n<p>&#8211; En el instituto me ayudaron harto el \u00faltimo a\u00f1o m\u00e1s que nada, porque fuimos repasando igual harta materia de la PAES, harto ensayo, pero tambi\u00e9n estuve en el Preuniversitario Cpech, que igual me entregaron harta ejercitaci\u00f3n, tambi\u00e9n como que pude consolidar en eso.<\/p>\n<p>&#8211;<strong> \u00bfQu\u00e9 se viene para el futuro, estudiar alguna carrera en espec\u00edfico en una universidad especifica?<\/strong><\/p>\n<p>&#8211; S\u00ed, ten\u00eda pensado estudiar Astronom\u00eda y tambi\u00e9n ten\u00eda la opci\u00f3n en la U. de Chile, que tiene el plan com\u00fan de Ingenier\u00eda, que se entra por ah\u00ed a la carrera.<\/p>\n<p><strong>\u00bfC\u00f3mo te surge esa idea?<\/strong><\/p>\n<p>&#8211; Es que igual desde chico tuve esa fascinaci\u00f3n por el espacio, por los astros, desde peque\u00f1o ten\u00eda como ese sue\u00f1o de estudiar esa carrera.<\/p>\n<p><strong>&#8211; Reiterar \u00bfCu\u00e1les fueron las claves para obtener este \u00e9xito?<\/strong><\/p>\n<p>&#8211; Yo creo que fue el esfuerzo y el apoyo que me entregaron en el colegio y el preu, con el material estuve trabajando harto, con eso iba revisando, repasando conceptos claves, creo que el estudio fue lo que m\u00e1s me benefici\u00f3.<\/p>\n<p><strong>&#8211; \u00bfTe sientes feliz en estos momentos?<\/strong><\/p>\n<p>&#8211; S\u00ed, muy feliz.<\/p>\n<p><strong>&#8211; \u00bfQu\u00e9 le puedes decir a los dem\u00e1s j\u00f3venes que est\u00e1n en cuarto medio y pretenden dar la PAES?, algunos consejos, tips, ya que van a comenzar en marzo las clases<\/strong><\/p>\n<p>&#8211; S\u00ed, tengo el consejo de que tambi\u00e9n se preparen bien desde este a\u00f1o, porque igual es sabido que algunos empiezan a estudiar cuando faltan dos meses y como que ah\u00ed le juega harto lo psicol\u00f3gico, la ansiedad. Que se preparen lo mejor que puedan antes, para que as\u00ed tambi\u00e9n den la prueba m\u00e1s confiados.<\/p>\n<p><strong>&#8211; \u00bfPreparase desde marzo?<\/strong><\/p>\n<p>&#8211; S\u00ed, para despu\u00e9s no andar con toda la presi\u00f3n encima en lo psicol\u00f3gico.<\/p>\n<p><strong>&#8211; Cuando uno triunfa se acuerda de alguien, \u00bfde qui\u00e9n te acordaste t\u00fa?<\/strong><\/p>\n<p>&#8211; Me acord\u00e9 de mi familia, mis hermanos, mi mam\u00e1, mi pap\u00e1, que siempre me han\u00a0 apoyado desde el d\u00eda 1. Tambi\u00e9n de mis amigos, compa\u00f1eros de colegio, que confiaban harto en m\u00ed de que me fuera bien y en mis t\u00edos, tatas; de todos ellos, que me han apoyado harto. Les agradezco.<\/p>\n<p><strong>&#8211; \u00bfAlguna reflexi\u00f3n final, una frase para cerrar?<\/strong><\/p>\n<p>&#8211; Reitero que los que van dar la prueba este a\u00f1o 2025, que tampoco se los coma la presi\u00f3n, la cabeza, porque al final del d\u00eda eso es lo que m\u00e1s juega, porque alguien puede saber mucho en la materia, pero si no est\u00e1 bien preparado psicol\u00f3gicamente, le puede ir mal y no refleje como lo que en verdad uno sabe. Que vayan tranquilos y que conf\u00eden en sus habilidades.<\/p>\n<p><strong>&#8211; Se\u00f1ora Pamela, \u00bfcu\u00e1l es el sentir de una madre al saber que su hijo dice que esto es gracias a su esfuerzo y aprovecha de agradecer a toda su familia? <\/strong><\/p>\n<p>&#8211; Nosotros estamos muy orgullosos, ten\u00edamos la intuici\u00f3n que Mart\u00edn iba a ser nacional, porque \u00e9l desde chico ha sido siempre estudioso, a pesar de que es muy inteligente, es muy estudioso, siempre le gust\u00f3 estudiar y muy perseverante \u00e9l, se propone objetivos y trabaja para esos objetivos. Yo creo que este es el caso de su nacional en Matem\u00e1tica 1, \u00e9l se puso como objetivo lograr nacional y lo logr\u00f3. Siento que \u00e9l se lo merec\u00eda por todo el esfuerzo que hizo, lo vi hacer mucho esfuerzo, entregar mucho tiempo por el preuniversitario, vi como \u00e9l se prepar\u00f3. Yo siento que lo merec\u00eda.<\/p>\n<p><strong>&#8211; Es el rol fundamental de la familia, porque lo conversaba con los pap\u00e1s de Javiera (tambi\u00e9n puntaje nacional) y nos dijeron que ellos se propusieron entregarles una buena educaci\u00f3n, porque es una herramienta y es mejor que dejarle una casa o bienes inmuebles \u00bfComparte esa opini\u00f3n, ese pensamiento?<\/strong><\/p>\n<p>&#8211; Totalmente, siempre he dicho de que los pap\u00e1s que somos de clase media, lo \u00fanico que les podemos dejar a nuestros hijos es una buena educaci\u00f3n.<\/p>\n<figure id=\"attachment_134343\" aria-describedby=\"caption-attachment-134343\" style=\"width: 698px\" class=\"wp-caption alignnone\"><img loading=\"lazy\" decoding=\"async\" class=\"size-full wp-image-134343\" src=\"https:\/\/eltrabajo.cl\/web\/wp-content\/uploads\/2025\/01\/puntaje-nacional-1.jpg\" alt=\"Mart\u00edn de uniforme, junto a su padre Iv\u00e1n Herrera, su madre Pamela Montenegro y su hermano Iv\u00e1n Herrera.\" width=\"698\" height=\"441\" srcset=\"https:\/\/eltrabajo.cl\/web\/wp-content\/uploads\/2025\/01\/puntaje-nacional-1.jpg 698w, https:\/\/eltrabajo.cl\/web\/wp-content\/uploads\/2025\/01\/puntaje-nacional-1-300x190.jpg 300w, https:\/\/eltrabajo.cl\/web\/wp-content\/uploads\/2025\/01\/puntaje-nacional-1-665x420.jpg 665w, https:\/\/eltrabajo.cl\/web\/wp-content\/uploads\/2025\/01\/puntaje-nacional-1-150x95.jpg 150w, https:\/\/eltrabajo.cl\/web\/wp-content\/uploads\/2025\/01\/puntaje-nacional-1-696x440.jpg 696w\" sizes=\"auto, (max-width: 698px) 100vw, 698px\" \/><figcaption id=\"caption-attachment-134343\" class=\"wp-caption-text\">Mart\u00edn de uniforme, junto a su padre Iv\u00e1n Herrera, su madre Pamela Montenegro y su hermano Iv\u00e1n Herrera.<\/figcaption><\/figure>\n<figure id=\"attachment_134344\" aria-describedby=\"caption-attachment-134344\" style=\"width: 700px\" class=\"wp-caption alignnone\"><img loading=\"lazy\" decoding=\"async\" class=\"size-full wp-image-134344\" src=\"https:\/\/eltrabajo.cl\/web\/wp-content\/uploads\/2025\/01\/puntaje-nacional-2-1.jpg\" alt=\"Mart\u00edn Rodrigo Herrera Montenegro, el d\u00eda de su licenciatura 2024 del IAC.\" width=\"700\" height=\"1174\" srcset=\"https:\/\/eltrabajo.cl\/web\/wp-content\/uploads\/2025\/01\/puntaje-nacional-2-1.jpg 700w, https:\/\/eltrabajo.cl\/web\/wp-content\/uploads\/2025\/01\/puntaje-nacional-2-1-179x300.jpg 179w, https:\/\/eltrabajo.cl\/web\/wp-content\/uploads\/2025\/01\/puntaje-nacional-2-1-611x1024.jpg 611w, https:\/\/eltrabajo.cl\/web\/wp-content\/uploads\/2025\/01\/puntaje-nacional-2-1-250x420.jpg 250w, https:\/\/eltrabajo.cl\/web\/wp-content\/uploads\/2025\/01\/puntaje-nacional-2-1-150x252.jpg 150w, https:\/\/eltrabajo.cl\/web\/wp-content\/uploads\/2025\/01\/puntaje-nacional-2-1-300x503.jpg 300w, https:\/\/eltrabajo.cl\/web\/wp-content\/uploads\/2025\/01\/puntaje-nacional-2-1-696x1167.jpg 696w\" sizes=\"auto, (max-width: 700px) 100vw, 700px\" \/><figcaption id=\"caption-attachment-134344\" class=\"wp-caption-text\">Mart\u00edn Rodrigo Herrera Montenegro, el d\u00eda de su licenciatura 2024 del IAC.<\/figcaption><\/figure>\n","protected":false},"excerpt":{"rendered":"<p>Mart\u00edn Rodrigo Herrera Montenegro, tambi\u00e9n egresado del Instituto Abd\u00f3n Cifuentes (IAC), fue otro de los sanfelipe\u00f1os que obtuvo puntaje nacional en la Prueba de Acceso a la Educaci\u00f3n Superior (PAES), logro alcanzado en Matem\u00e1tica 1 (M1). Al conversar con Diario El Trabajo sobre su tremendo logro, no ocult\u00f3 su felicidad tras a\u00f1os de esfuerzo y [&hellip;]<\/p>\n","protected":false},"author":1,"featured_media":134343,"comment_status":"open","ping_status":"closed","sticky":false,"template":"","format":"standard","meta":{"footnotes":""},"categories":[4],"tags":[],"class_list":{"0":"post-134342","1":"post","2":"type-post","3":"status-publish","4":"format-standard","5":"has-post-thumbnail","7":"category-comunidad"},"yoast_head":"<!-- This site is optimized with the Yoast SEO plugin v27.5 - https:\/\/yoast.com\/product\/yoast-seo-wordpress\/ -->\n<title>Mart\u00edn Herrera y su puntaje nacional: Quiere ser astr\u00f3nomo, \u00abporque desde chico tengo esa fascinaci\u00f3n por el espacio\u00bb - Diario El Trabajo<\/title>\n<meta name=\"robots\" content=\"index, follow, max-snippet:-1, max-image-preview:large, max-video-preview:-1\" \/>\n<link rel=\"canonical\" href=\"https:\/\/eltrabajo.cl\/web\/martin-herrera-y-su-puntaje-nacional-quiere-ser-astronomo-porque-desde-chico-tengo-esa-fascinacion-por-el-espacio\/\" \/>\n<meta property=\"og:locale\" content=\"es_ES\" \/>\n<meta property=\"og:type\" content=\"article\" \/>\n<meta property=\"og:title\" content=\"Mart\u00edn Herrera y su puntaje nacional: Quiere ser astr\u00f3nomo, \u00abporque desde chico tengo esa fascinaci\u00f3n por el espacio\u00bb - Diario El Trabajo\" \/>\n<meta property=\"og:description\" content=\"Mart\u00edn Rodrigo Herrera Montenegro, tambi\u00e9n egresado del Instituto Abd\u00f3n Cifuentes (IAC), fue otro de los sanfelipe\u00f1os que obtuvo puntaje nacional en la Prueba de Acceso a la Educaci\u00f3n Superior (PAES), logro alcanzado en Matem\u00e1tica 1 (M1). Al conversar con Diario El Trabajo sobre su tremendo logro, no ocult\u00f3 su felicidad tras a\u00f1os de esfuerzo y [&hellip;]\" \/>\n<meta property=\"og:url\" content=\"https:\/\/eltrabajo.cl\/web\/martin-herrera-y-su-puntaje-nacional-quiere-ser-astronomo-porque-desde-chico-tengo-esa-fascinacion-por-el-espacio\/\" \/>\n<meta property=\"og:site_name\" content=\"Diario El Trabajo\" \/>\n<meta property=\"article:publisher\" content=\"https:\/\/www.facebook.com\/ElTrabajoDiario\" \/>\n<meta property=\"article:published_time\" content=\"2025-01-08T00:45:14+00:00\" \/>\n<meta property=\"og:image\" content=\"https:\/\/eltrabajo.cl\/web\/wp-content\/uploads\/2025\/01\/puntaje-nacional-1.jpg\" \/>\n\t<meta property=\"og:image:width\" content=\"698\" \/>\n\t<meta property=\"og:image:height\" content=\"441\" \/>\n\t<meta property=\"og:image:type\" content=\"image\/jpeg\" \/>\n<meta name=\"author\" content=\"Diario El Trabajo\" \/>\n<meta name=\"twitter:card\" content=\"summary_large_image\" \/>\n<meta name=\"twitter:creator\" content=\"@diarioeltrabajo\" \/>\n<meta name=\"twitter:site\" content=\"@diarioeltrabajo\" \/>\n<meta name=\"twitter:label1\" content=\"Escrito por\" \/>\n\t<meta name=\"twitter:data1\" content=\"Diario El Trabajo\" \/>\n\t<meta name=\"twitter:label2\" content=\"Tiempo estimado de lectura\" \/>\n\t<meta name=\"twitter:data2\" content=\"5 minutos\" \/>\n<script type=\"application\/ld+json\" class=\"yoast-schema-graph\">{\"@context\":\"https:\\\/\\\/schema.org\",\"@graph\":[{\"@type\":\"Article\",\"@id\":\"https:\\\/\\\/eltrabajo.cl\\\/web\\\/martin-herrera-y-su-puntaje-nacional-quiere-ser-astronomo-porque-desde-chico-tengo-esa-fascinacion-por-el-espacio\\\/#article\",\"isPartOf\":{\"@id\":\"https:\\\/\\\/eltrabajo.cl\\\/web\\\/martin-herrera-y-su-puntaje-nacional-quiere-ser-astronomo-porque-desde-chico-tengo-esa-fascinacion-por-el-espacio\\\/\"},\"author\":{\"name\":\"Diario El Trabajo\",\"@id\":\"https:\\\/\\\/eltrabajo.cl\\\/web\\\/#\\\/schema\\\/person\\\/45efd3d17f86ec456e44dd7debe1bf19\"},\"headline\":\"Mart\u00edn Herrera y su puntaje nacional: Quiere ser astr\u00f3nomo, \u00abporque desde chico tengo esa fascinaci\u00f3n por el espacio\u00bb\",\"datePublished\":\"2025-01-08T00:45:14+00:00\",\"mainEntityOfPage\":{\"@id\":\"https:\\\/\\\/eltrabajo.cl\\\/web\\\/martin-herrera-y-su-puntaje-nacional-quiere-ser-astronomo-porque-desde-chico-tengo-esa-fascinacion-por-el-espacio\\\/\"},\"wordCount\":1011,\"commentCount\":0,\"publisher\":{\"@id\":\"https:\\\/\\\/eltrabajo.cl\\\/web\\\/#organization\"},\"image\":{\"@id\":\"https:\\\/\\\/eltrabajo.cl\\\/web\\\/martin-herrera-y-su-puntaje-nacional-quiere-ser-astronomo-porque-desde-chico-tengo-esa-fascinacion-por-el-espacio\\\/#primaryimage\"},\"thumbnailUrl\":\"https:\\\/\\\/eltrabajo.cl\\\/web\\\/wp-content\\\/uploads\\\/2025\\\/01\\\/puntaje-nacional-1.jpg\",\"articleSection\":[\"Comunidad\"],\"inLanguage\":\"es-CL\",\"potentialAction\":[{\"@type\":\"CommentAction\",\"name\":\"Comment\",\"target\":[\"https:\\\/\\\/eltrabajo.cl\\\/web\\\/martin-herrera-y-su-puntaje-nacional-quiere-ser-astronomo-porque-desde-chico-tengo-esa-fascinacion-por-el-espacio\\\/#respond\"]}]},{\"@type\":\"WebPage\",\"@id\":\"https:\\\/\\\/eltrabajo.cl\\\/web\\\/martin-herrera-y-su-puntaje-nacional-quiere-ser-astronomo-porque-desde-chico-tengo-esa-fascinacion-por-el-espacio\\\/\",\"url\":\"https:\\\/\\\/eltrabajo.cl\\\/web\\\/martin-herrera-y-su-puntaje-nacional-quiere-ser-astronomo-porque-desde-chico-tengo-esa-fascinacion-por-el-espacio\\\/\",\"name\":\"Mart\u00edn Herrera y su puntaje nacional: Quiere ser astr\u00f3nomo, \u00abporque desde chico tengo esa fascinaci\u00f3n por el espacio\u00bb - Diario El Trabajo\",\"isPartOf\":{\"@id\":\"https:\\\/\\\/eltrabajo.cl\\\/web\\\/#website\"},\"primaryImageOfPage\":{\"@id\":\"https:\\\/\\\/eltrabajo.cl\\\/web\\\/martin-herrera-y-su-puntaje-nacional-quiere-ser-astronomo-porque-desde-chico-tengo-esa-fascinacion-por-el-espacio\\\/#primaryimage\"},\"image\":{\"@id\":\"https:\\\/\\\/eltrabajo.cl\\\/web\\\/martin-herrera-y-su-puntaje-nacional-quiere-ser-astronomo-porque-desde-chico-tengo-esa-fascinacion-por-el-espacio\\\/#primaryimage\"},\"thumbnailUrl\":\"https:\\\/\\\/eltrabajo.cl\\\/web\\\/wp-content\\\/uploads\\\/2025\\\/01\\\/puntaje-nacional-1.jpg\",\"datePublished\":\"2025-01-08T00:45:14+00:00\",\"breadcrumb\":{\"@id\":\"https:\\\/\\\/eltrabajo.cl\\\/web\\\/martin-herrera-y-su-puntaje-nacional-quiere-ser-astronomo-porque-desde-chico-tengo-esa-fascinacion-por-el-espacio\\\/#breadcrumb\"},\"inLanguage\":\"es-CL\",\"potentialAction\":[{\"@type\":\"ReadAction\",\"target\":[\"https:\\\/\\\/eltrabajo.cl\\\/web\\\/martin-herrera-y-su-puntaje-nacional-quiere-ser-astronomo-porque-desde-chico-tengo-esa-fascinacion-por-el-espacio\\\/\"]}]},{\"@type\":\"ImageObject\",\"inLanguage\":\"es-CL\",\"@id\":\"https:\\\/\\\/eltrabajo.cl\\\/web\\\/martin-herrera-y-su-puntaje-nacional-quiere-ser-astronomo-porque-desde-chico-tengo-esa-fascinacion-por-el-espacio\\\/#primaryimage\",\"url\":\"https:\\\/\\\/eltrabajo.cl\\\/web\\\/wp-content\\\/uploads\\\/2025\\\/01\\\/puntaje-nacional-1.jpg\",\"contentUrl\":\"https:\\\/\\\/eltrabajo.cl\\\/web\\\/wp-content\\\/uploads\\\/2025\\\/01\\\/puntaje-nacional-1.jpg\",\"width\":698,\"height\":441,\"caption\":\"Mart\u00edn de uniforme, junto a su padre Iv\u00e1n Herrera, su madre Pamela Montenegro y su hermano Iv\u00e1n Herrera.\"},{\"@type\":\"BreadcrumbList\",\"@id\":\"https:\\\/\\\/eltrabajo.cl\\\/web\\\/martin-herrera-y-su-puntaje-nacional-quiere-ser-astronomo-porque-desde-chico-tengo-esa-fascinacion-por-el-espacio\\\/#breadcrumb\",\"itemListElement\":[{\"@type\":\"ListItem\",\"position\":1,\"name\":\"Portada\",\"item\":\"https:\\\/\\\/eltrabajo.cl\\\/web\\\/\"},{\"@type\":\"ListItem\",\"position\":2,\"name\":\"Mart\u00edn Herrera y su puntaje nacional: Quiere ser astr\u00f3nomo, \u00abporque desde chico tengo esa fascinaci\u00f3n por el espacio\u00bb\"}]},{\"@type\":\"WebSite\",\"@id\":\"https:\\\/\\\/eltrabajo.cl\\\/web\\\/#website\",\"url\":\"https:\\\/\\\/eltrabajo.cl\\\/web\\\/\",\"name\":\"Diario El Trabajo\",\"description\":\"Desde 1929 construyendo Identidad Local\",\"publisher\":{\"@id\":\"https:\\\/\\\/eltrabajo.cl\\\/web\\\/#organization\"},\"potentialAction\":[{\"@type\":\"SearchAction\",\"target\":{\"@type\":\"EntryPoint\",\"urlTemplate\":\"https:\\\/\\\/eltrabajo.cl\\\/web\\\/?s={search_term_string}\"},\"query-input\":{\"@type\":\"PropertyValueSpecification\",\"valueRequired\":true,\"valueName\":\"search_term_string\"}}],\"inLanguage\":\"es-CL\"},{\"@type\":\"Organization\",\"@id\":\"https:\\\/\\\/eltrabajo.cl\\\/web\\\/#organization\",\"name\":\"Diario El Trabajo\",\"url\":\"https:\\\/\\\/eltrabajo.cl\\\/web\\\/\",\"logo\":{\"@type\":\"ImageObject\",\"inLanguage\":\"es-CL\",\"@id\":\"https:\\\/\\\/eltrabajo.cl\\\/web\\\/#\\\/schema\\\/logo\\\/image\\\/\",\"url\":\"https:\\\/\\\/eltrabajo.cl\\\/web\\\/wp-content\\\/uploads\\\/2024\\\/06\\\/profile-image-ig-page-diarioeltrabajo.jpg\",\"contentUrl\":\"https:\\\/\\\/eltrabajo.cl\\\/web\\\/wp-content\\\/uploads\\\/2024\\\/06\\\/profile-image-ig-page-diarioeltrabajo.jpg\",\"width\":823,\"height\":823,\"caption\":\"Diario El Trabajo\"},\"image\":{\"@id\":\"https:\\\/\\\/eltrabajo.cl\\\/web\\\/#\\\/schema\\\/logo\\\/image\\\/\"},\"sameAs\":[\"https:\\\/\\\/www.facebook.com\\\/ElTrabajoDiario\",\"https:\\\/\\\/x.com\\\/diarioeltrabajo\"]},{\"@type\":\"Person\",\"@id\":\"https:\\\/\\\/eltrabajo.cl\\\/web\\\/#\\\/schema\\\/person\\\/45efd3d17f86ec456e44dd7debe1bf19\",\"name\":\"Diario El Trabajo\",\"image\":{\"@type\":\"ImageObject\",\"inLanguage\":\"es-CL\",\"@id\":\"https:\\\/\\\/secure.gravatar.com\\\/avatar\\\/7e6ec277dc4aea2677c2dc301d4227957219329c985ab69a3efc12518b5161aa?s=96&d=mm&r=g\",\"url\":\"https:\\\/\\\/secure.gravatar.com\\\/avatar\\\/7e6ec277dc4aea2677c2dc301d4227957219329c985ab69a3efc12518b5161aa?s=96&d=mm&r=g\",\"contentUrl\":\"https:\\\/\\\/secure.gravatar.com\\\/avatar\\\/7e6ec277dc4aea2677c2dc301d4227957219329c985ab69a3efc12518b5161aa?s=96&d=mm&r=g\",\"caption\":\"Diario El Trabajo\"},\"sameAs\":[\"https:\\\/\\\/eltrabajo.cl\\\/web\"],\"url\":\"https:\\\/\\\/eltrabajo.cl\\\/web\\\/author\\\/diario-el-trabajo\\\/\"}]}<\/script>\n<!-- \/ Yoast SEO plugin. -->","yoast_head_json":{"title":"Mart\u00edn Herrera y su puntaje nacional: Quiere ser astr\u00f3nomo, \u00abporque desde chico tengo esa fascinaci\u00f3n por el espacio\u00bb - Diario El Trabajo","robots":{"index":"index","follow":"follow","max-snippet":"max-snippet:-1","max-image-preview":"max-image-preview:large","max-video-preview":"max-video-preview:-1"},"canonical":"https:\/\/eltrabajo.cl\/web\/martin-herrera-y-su-puntaje-nacional-quiere-ser-astronomo-porque-desde-chico-tengo-esa-fascinacion-por-el-espacio\/","og_locale":"es_ES","og_type":"article","og_title":"Mart\u00edn Herrera y su puntaje nacional: Quiere ser astr\u00f3nomo, \u00abporque desde chico tengo esa fascinaci\u00f3n por el espacio\u00bb - Diario El Trabajo","og_description":"Mart\u00edn Rodrigo Herrera Montenegro, tambi\u00e9n egresado del Instituto Abd\u00f3n Cifuentes (IAC), fue otro de los sanfelipe\u00f1os que obtuvo puntaje nacional en la Prueba de Acceso a la Educaci\u00f3n Superior (PAES), logro alcanzado en Matem\u00e1tica 1 (M1). Al conversar con Diario El Trabajo sobre su tremendo logro, no ocult\u00f3 su felicidad tras a\u00f1os de esfuerzo y [&hellip;]","og_url":"https:\/\/eltrabajo.cl\/web\/martin-herrera-y-su-puntaje-nacional-quiere-ser-astronomo-porque-desde-chico-tengo-esa-fascinacion-por-el-espacio\/","og_site_name":"Diario El Trabajo","article_publisher":"https:\/\/www.facebook.com\/ElTrabajoDiario","article_published_time":"2025-01-08T00:45:14+00:00","og_image":[{"width":698,"height":441,"url":"https:\/\/eltrabajo.cl\/web\/wp-content\/uploads\/2025\/01\/puntaje-nacional-1.jpg","type":"image\/jpeg"}],"author":"Diario El Trabajo","twitter_card":"summary_large_image","twitter_creator":"@diarioeltrabajo","twitter_site":"@diarioeltrabajo","twitter_misc":{"Escrito por":"Diario El Trabajo","Tiempo estimado de lectura":"5 minutos"},"schema":{"@context":"https:\/\/schema.org","@graph":[{"@type":"Article","@id":"https:\/\/eltrabajo.cl\/web\/martin-herrera-y-su-puntaje-nacional-quiere-ser-astronomo-porque-desde-chico-tengo-esa-fascinacion-por-el-espacio\/#article","isPartOf":{"@id":"https:\/\/eltrabajo.cl\/web\/martin-herrera-y-su-puntaje-nacional-quiere-ser-astronomo-porque-desde-chico-tengo-esa-fascinacion-por-el-espacio\/"},"author":{"name":"Diario El Trabajo","@id":"https:\/\/eltrabajo.cl\/web\/#\/schema\/person\/45efd3d17f86ec456e44dd7debe1bf19"},"headline":"Mart\u00edn Herrera y su puntaje nacional: Quiere ser astr\u00f3nomo, \u00abporque desde chico tengo esa fascinaci\u00f3n por el espacio\u00bb","datePublished":"2025-01-08T00:45:14+00:00","mainEntityOfPage":{"@id":"https:\/\/eltrabajo.cl\/web\/martin-herrera-y-su-puntaje-nacional-quiere-ser-astronomo-porque-desde-chico-tengo-esa-fascinacion-por-el-espacio\/"},"wordCount":1011,"commentCount":0,"publisher":{"@id":"https:\/\/eltrabajo.cl\/web\/#organization"},"image":{"@id":"https:\/\/eltrabajo.cl\/web\/martin-herrera-y-su-puntaje-nacional-quiere-ser-astronomo-porque-desde-chico-tengo-esa-fascinacion-por-el-espacio\/#primaryimage"},"thumbnailUrl":"https:\/\/eltrabajo.cl\/web\/wp-content\/uploads\/2025\/01\/puntaje-nacional-1.jpg","articleSection":["Comunidad"],"inLanguage":"es-CL","potentialAction":[{"@type":"CommentAction","name":"Comment","target":["https:\/\/eltrabajo.cl\/web\/martin-herrera-y-su-puntaje-nacional-quiere-ser-astronomo-porque-desde-chico-tengo-esa-fascinacion-por-el-espacio\/#respond"]}]},{"@type":"WebPage","@id":"https:\/\/eltrabajo.cl\/web\/martin-herrera-y-su-puntaje-nacional-quiere-ser-astronomo-porque-desde-chico-tengo-esa-fascinacion-por-el-espacio\/","url":"https:\/\/eltrabajo.cl\/web\/martin-herrera-y-su-puntaje-nacional-quiere-ser-astronomo-porque-desde-chico-tengo-esa-fascinacion-por-el-espacio\/","name":"Mart\u00edn Herrera y su puntaje nacional: Quiere ser astr\u00f3nomo, \u00abporque desde chico tengo esa fascinaci\u00f3n por el espacio\u00bb - Diario El Trabajo","isPartOf":{"@id":"https:\/\/eltrabajo.cl\/web\/#website"},"primaryImageOfPage":{"@id":"https:\/\/eltrabajo.cl\/web\/martin-herrera-y-su-puntaje-nacional-quiere-ser-astronomo-porque-desde-chico-tengo-esa-fascinacion-por-el-espacio\/#primaryimage"},"image":{"@id":"https:\/\/eltrabajo.cl\/web\/martin-herrera-y-su-puntaje-nacional-quiere-ser-astronomo-porque-desde-chico-tengo-esa-fascinacion-por-el-espacio\/#primaryimage"},"thumbnailUrl":"https:\/\/eltrabajo.cl\/web\/wp-content\/uploads\/2025\/01\/puntaje-nacional-1.jpg","datePublished":"2025-01-08T00:45:14+00:00","breadcrumb":{"@id":"https:\/\/eltrabajo.cl\/web\/martin-herrera-y-su-puntaje-nacional-quiere-ser-astronomo-porque-desde-chico-tengo-esa-fascinacion-por-el-espacio\/#breadcrumb"},"inLanguage":"es-CL","potentialAction":[{"@type":"ReadAction","target":["https:\/\/eltrabajo.cl\/web\/martin-herrera-y-su-puntaje-nacional-quiere-ser-astronomo-porque-desde-chico-tengo-esa-fascinacion-por-el-espacio\/"]}]},{"@type":"ImageObject","inLanguage":"es-CL","@id":"https:\/\/eltrabajo.cl\/web\/martin-herrera-y-su-puntaje-nacional-quiere-ser-astronomo-porque-desde-chico-tengo-esa-fascinacion-por-el-espacio\/#primaryimage","url":"https:\/\/eltrabajo.cl\/web\/wp-content\/uploads\/2025\/01\/puntaje-nacional-1.jpg","contentUrl":"https:\/\/eltrabajo.cl\/web\/wp-content\/uploads\/2025\/01\/puntaje-nacional-1.jpg","width":698,"height":441,"caption":"Mart\u00edn de uniforme, junto a su padre Iv\u00e1n Herrera, su madre Pamela Montenegro y su hermano Iv\u00e1n Herrera."},{"@type":"BreadcrumbList","@id":"https:\/\/eltrabajo.cl\/web\/martin-herrera-y-su-puntaje-nacional-quiere-ser-astronomo-porque-desde-chico-tengo-esa-fascinacion-por-el-espacio\/#breadcrumb","itemListElement":[{"@type":"ListItem","position":1,"name":"Portada","item":"https:\/\/eltrabajo.cl\/web\/"},{"@type":"ListItem","position":2,"name":"Mart\u00edn Herrera y su puntaje nacional: Quiere ser astr\u00f3nomo, \u00abporque desde chico tengo esa fascinaci\u00f3n por el espacio\u00bb"}]},{"@type":"WebSite","@id":"https:\/\/eltrabajo.cl\/web\/#website","url":"https:\/\/eltrabajo.cl\/web\/","name":"Diario El Trabajo","description":"Desde 1929 construyendo Identidad Local","publisher":{"@id":"https:\/\/eltrabajo.cl\/web\/#organization"},"potentialAction":[{"@type":"SearchAction","target":{"@type":"EntryPoint","urlTemplate":"https:\/\/eltrabajo.cl\/web\/?s={search_term_string}"},"query-input":{"@type":"PropertyValueSpecification","valueRequired":true,"valueName":"search_term_string"}}],"inLanguage":"es-CL"},{"@type":"Organization","@id":"https:\/\/eltrabajo.cl\/web\/#organization","name":"Diario El Trabajo","url":"https:\/\/eltrabajo.cl\/web\/","logo":{"@type":"ImageObject","inLanguage":"es-CL","@id":"https:\/\/eltrabajo.cl\/web\/#\/schema\/logo\/image\/","url":"https:\/\/eltrabajo.cl\/web\/wp-content\/uploads\/2024\/06\/profile-image-ig-page-diarioeltrabajo.jpg","contentUrl":"https:\/\/eltrabajo.cl\/web\/wp-content\/uploads\/2024\/06\/profile-image-ig-page-diarioeltrabajo.jpg","width":823,"height":823,"caption":"Diario El Trabajo"},"image":{"@id":"https:\/\/eltrabajo.cl\/web\/#\/schema\/logo\/image\/"},"sameAs":["https:\/\/www.facebook.com\/ElTrabajoDiario","https:\/\/x.com\/diarioeltrabajo"]},{"@type":"Person","@id":"https:\/\/eltrabajo.cl\/web\/#\/schema\/person\/45efd3d17f86ec456e44dd7debe1bf19","name":"Diario El Trabajo","image":{"@type":"ImageObject","inLanguage":"es-CL","@id":"https:\/\/secure.gravatar.com\/avatar\/7e6ec277dc4aea2677c2dc301d4227957219329c985ab69a3efc12518b5161aa?s=96&d=mm&r=g","url":"https:\/\/secure.gravatar.com\/avatar\/7e6ec277dc4aea2677c2dc301d4227957219329c985ab69a3efc12518b5161aa?s=96&d=mm&r=g","contentUrl":"https:\/\/secure.gravatar.com\/avatar\/7e6ec277dc4aea2677c2dc301d4227957219329c985ab69a3efc12518b5161aa?s=96&d=mm&r=g","caption":"Diario El Trabajo"},"sameAs":["https:\/\/eltrabajo.cl\/web"],"url":"https:\/\/eltrabajo.cl\/web\/author\/diario-el-trabajo\/"}]}},"_links":{"self":[{"href":"https:\/\/eltrabajo.cl\/web\/wp-json\/wp\/v2\/posts\/134342","targetHints":{"allow":["GET"]}}],"collection":[{"href":"https:\/\/eltrabajo.cl\/web\/wp-json\/wp\/v2\/posts"}],"about":[{"href":"https:\/\/eltrabajo.cl\/web\/wp-json\/wp\/v2\/types\/post"}],"author":[{"embeddable":true,"href":"https:\/\/eltrabajo.cl\/web\/wp-json\/wp\/v2\/users\/1"}],"replies":[{"embeddable":true,"href":"https:\/\/eltrabajo.cl\/web\/wp-json\/wp\/v2\/comments?post=134342"}],"version-history":[{"count":1,"href":"https:\/\/eltrabajo.cl\/web\/wp-json\/wp\/v2\/posts\/134342\/revisions"}],"predecessor-version":[{"id":134345,"href":"https:\/\/eltrabajo.cl\/web\/wp-json\/wp\/v2\/posts\/134342\/revisions\/134345"}],"wp:featuredmedia":[{"embeddable":true,"href":"https:\/\/eltrabajo.cl\/web\/wp-json\/wp\/v2\/media\/134343"}],"wp:attachment":[{"href":"https:\/\/eltrabajo.cl\/web\/wp-json\/wp\/v2\/media?parent=134342"}],"wp:term":[{"taxonomy":"category","embeddable":true,"href":"https:\/\/eltrabajo.cl\/web\/wp-json\/wp\/v2\/categories?post=134342"},{"taxonomy":"post_tag","embeddable":true,"href":"https:\/\/eltrabajo.cl\/web\/wp-json\/wp\/v2\/tags?post=134342"}],"curies":[{"name":"wp","href":"https:\/\/api.w.org\/{rel}","templated":true}]}}