{"id":134346,"date":"2025-01-07T21:46:25","date_gmt":"2025-01-08T00:46:25","guid":{"rendered":"https:\/\/eltrabajo.cl\/web\/?p=134346"},"modified":"2025-01-07T21:46:25","modified_gmt":"2025-01-08T00:46:25","slug":"suegra-de-francisca-solis-desmiente-que-la-joven-este-desaparecida","status":"publish","type":"post","link":"https:\/\/eltrabajo.cl\/web\/suegra-de-francisca-solis-desmiente-que-la-joven-este-desaparecida\/","title":{"rendered":"Suegra de Francisca Sol\u00eds desmiente que la joven est\u00e9 desaparecida"},"content":{"rendered":"<ul>\n<li><strong>Seg\u00fan la versi\u00f3n entregada, la mujer se encontrar\u00eda en una ciudad del sur de Chile.-<\/strong><\/li>\n<\/ul>\n<p>Este martes 7 de enero, la suegra de <strong>Francisca Ximena Sol\u00eds Galdames,<\/strong> junto a su abogado <strong>Ariel Caneo<\/strong>, llegaron hasta la sala de redacci\u00f3n de <strong>Diario El Trabajo<\/strong> para explicar su versi\u00f3n acerca de la presunta desaparici\u00f3n de la joven de 21 a\u00f1os de edad, de quien dimos a conocer en nuestra edici\u00f3n del lunes \u00faltimo.<\/p>\n<p>Seg\u00fan indic\u00f3 la madre del marido de Francisca, ambas han mantenido permanente contacto v\u00eda WhatsApp y por tel\u00e9fono, siendo el s\u00e1bado 4 de enero del 2025 la \u00faltima vez que se comunicaron. Asimismo, se\u00f1al\u00f3 que la mujer se encontrar\u00eda bien, trabajando en una ciudad del sur del pa\u00eds.<\/p>\n<p>Respecto al motivo por el que es acusado el esposo de Francisca, Ariel Caneo se\u00f1al\u00f3 que se trata de una causa de lesiones menos graves en contexto de violencia intrafamiliar (VIF), del 15 de diciembre de 2024, la cual a\u00fan se encuentra en estado de tramitaci\u00f3n, con fecha pr\u00f3xima de audiencia para la verificaci\u00f3n del procedimiento simplificado.<\/p>\n<p>Bajo este contexto, la suegra coment\u00f3 que existen otros intereses de por medio por parte de los familiares de Francisca y que ante ello, junto a su abogado, decidieron interponer una querella criminal por el delito de amenazas en contra de la hermana de la joven supuestamente desaparecida.<\/p>\n<p>En el encuentro, tanto el abogado y la suegra, nos dieron a conocer otros antecedentes, que mantenemos en reserva mientras duren las investigaciones.<\/p>\n<figure id=\"attachment_134347\" aria-describedby=\"caption-attachment-134347\" style=\"width: 700px\" class=\"wp-caption alignnone\"><img loading=\"lazy\" decoding=\"async\" class=\"size-full wp-image-134347\" src=\"https:\/\/eltrabajo.cl\/web\/wp-content\/uploads\/2025\/01\/contraparte-desaparecida.jpg\" alt=\"Este martes 7 de enero, la suegra de Francisca Ximena Sol\u00eds Galdames junto a su abogado, desmintieron que la joven se encuentre desaparecida.\" width=\"700\" height=\"875\" srcset=\"https:\/\/eltrabajo.cl\/web\/wp-content\/uploads\/2025\/01\/contraparte-desaparecida.jpg 700w, https:\/\/eltrabajo.cl\/web\/wp-content\/uploads\/2025\/01\/contraparte-desaparecida-240x300.jpg 240w, https:\/\/eltrabajo.cl\/web\/wp-content\/uploads\/2025\/01\/contraparte-desaparecida-336x420.jpg 336w, https:\/\/eltrabajo.cl\/web\/wp-content\/uploads\/2025\/01\/contraparte-desaparecida-150x188.jpg 150w, https:\/\/eltrabajo.cl\/web\/wp-content\/uploads\/2025\/01\/contraparte-desaparecida-300x375.jpg 300w, https:\/\/eltrabajo.cl\/web\/wp-content\/uploads\/2025\/01\/contraparte-desaparecida-696x870.jpg 696w\" sizes=\"auto, (max-width: 700px) 100vw, 700px\" \/><figcaption id=\"caption-attachment-134347\" class=\"wp-caption-text\">Este martes 7 de enero, la suegra de Francisca Ximena Sol\u00eds Galdames junto a su abogado, desmintieron que la joven se encuentre desaparecida.<\/figcaption><\/figure>\n","protected":false},"excerpt":{"rendered":"<p>Seg\u00fan la versi\u00f3n entregada, la mujer se encontrar\u00eda en una ciudad del sur de Chile.- Este martes 7 de enero, la suegra de Francisca Ximena Sol\u00eds Galdames, junto a su abogado Ariel Caneo, llegaron hasta la sala de redacci\u00f3n de Diario El Trabajo para explicar su versi\u00f3n acerca de la presunta desaparici\u00f3n de la joven [&hellip;]<\/p>\n","protected":false},"author":1,"featured_media":134347,"comment_status":"open","ping_status":"closed","sticky":false,"template":"","format":"standard","meta":{"footnotes":""},"categories":[4],"tags":[],"class_list":{"0":"post-134346","1":"post","2":"type-post","3":"status-publish","4":"format-standard","5":"has-post-thumbnail","7":"category-comunidad"},"yoast_head":"<!-- This site is optimized with the Yoast SEO plugin v27.5 - https:\/\/yoast.com\/product\/yoast-seo-wordpress\/ -->\n<title>Suegra de Francisca Sol\u00eds desmiente que la joven est\u00e9 desaparecida - Diario El Trabajo<\/title>\n<meta name=\"robots\" content=\"index, follow, max-snippet:-1, max-image-preview:large, max-video-preview:-1\" \/>\n<link rel=\"canonical\" href=\"https:\/\/eltrabajo.cl\/web\/suegra-de-francisca-solis-desmiente-que-la-joven-este-desaparecida\/\" \/>\n<meta property=\"og:locale\" content=\"es_ES\" \/>\n<meta property=\"og:type\" content=\"article\" \/>\n<meta property=\"og:title\" content=\"Suegra de Francisca Sol\u00eds desmiente que la joven est\u00e9 desaparecida - Diario El Trabajo\" \/>\n<meta property=\"og:description\" content=\"Seg\u00fan la versi\u00f3n entregada, la mujer se encontrar\u00eda en una ciudad del sur de Chile.- Este martes 7 de enero, la suegra de Francisca Ximena Sol\u00eds Galdames, junto a su abogado Ariel Caneo, llegaron hasta la sala de redacci\u00f3n de Diario El Trabajo para explicar su versi\u00f3n acerca de la presunta desaparici\u00f3n de la joven [&hellip;]\" \/>\n<meta property=\"og:url\" content=\"https:\/\/eltrabajo.cl\/web\/suegra-de-francisca-solis-desmiente-que-la-joven-este-desaparecida\/\" \/>\n<meta property=\"og:site_name\" content=\"Diario El Trabajo\" \/>\n<meta property=\"article:publisher\" content=\"https:\/\/www.facebook.com\/ElTrabajoDiario\" \/>\n<meta property=\"article:published_time\" content=\"2025-01-08T00:46:25+00:00\" \/>\n<meta property=\"og:image\" content=\"https:\/\/eltrabajo.cl\/web\/wp-content\/uploads\/2025\/01\/contraparte-desaparecida.jpg\" \/>\n\t<meta property=\"og:image:width\" content=\"700\" \/>\n\t<meta property=\"og:image:height\" content=\"875\" \/>\n\t<meta property=\"og:image:type\" content=\"image\/jpeg\" \/>\n<meta name=\"author\" content=\"Diario El Trabajo\" \/>\n<meta name=\"twitter:card\" content=\"summary_large_image\" \/>\n<meta name=\"twitter:creator\" content=\"@diarioeltrabajo\" \/>\n<meta name=\"twitter:site\" content=\"@diarioeltrabajo\" \/>\n<meta name=\"twitter:label1\" content=\"Escrito por\" \/>\n\t<meta name=\"twitter:data1\" content=\"Diario El Trabajo\" \/>\n\t<meta name=\"twitter:label2\" content=\"Tiempo estimado de lectura\" \/>\n\t<meta name=\"twitter:data2\" content=\"2 minutos\" \/>\n<script type=\"application\/ld+json\" class=\"yoast-schema-graph\">{\"@context\":\"https:\\\/\\\/schema.org\",\"@graph\":[{\"@type\":\"Article\",\"@id\":\"https:\\\/\\\/eltrabajo.cl\\\/web\\\/suegra-de-francisca-solis-desmiente-que-la-joven-este-desaparecida\\\/#article\",\"isPartOf\":{\"@id\":\"https:\\\/\\\/eltrabajo.cl\\\/web\\\/suegra-de-francisca-solis-desmiente-que-la-joven-este-desaparecida\\\/\"},\"author\":{\"name\":\"Diario El Trabajo\",\"@id\":\"https:\\\/\\\/eltrabajo.cl\\\/web\\\/#\\\/schema\\\/person\\\/45efd3d17f86ec456e44dd7debe1bf19\"},\"headline\":\"Suegra de Francisca Sol\u00eds desmiente que la joven est\u00e9 desaparecida\",\"datePublished\":\"2025-01-08T00:46:25+00:00\",\"mainEntityOfPage\":{\"@id\":\"https:\\\/\\\/eltrabajo.cl\\\/web\\\/suegra-de-francisca-solis-desmiente-que-la-joven-este-desaparecida\\\/\"},\"wordCount\":304,\"commentCount\":0,\"publisher\":{\"@id\":\"https:\\\/\\\/eltrabajo.cl\\\/web\\\/#organization\"},\"image\":{\"@id\":\"https:\\\/\\\/eltrabajo.cl\\\/web\\\/suegra-de-francisca-solis-desmiente-que-la-joven-este-desaparecida\\\/#primaryimage\"},\"thumbnailUrl\":\"https:\\\/\\\/eltrabajo.cl\\\/web\\\/wp-content\\\/uploads\\\/2025\\\/01\\\/contraparte-desaparecida.jpg\",\"articleSection\":[\"Comunidad\"],\"inLanguage\":\"es-CL\",\"potentialAction\":[{\"@type\":\"CommentAction\",\"name\":\"Comment\",\"target\":[\"https:\\\/\\\/eltrabajo.cl\\\/web\\\/suegra-de-francisca-solis-desmiente-que-la-joven-este-desaparecida\\\/#respond\"]}]},{\"@type\":\"WebPage\",\"@id\":\"https:\\\/\\\/eltrabajo.cl\\\/web\\\/suegra-de-francisca-solis-desmiente-que-la-joven-este-desaparecida\\\/\",\"url\":\"https:\\\/\\\/eltrabajo.cl\\\/web\\\/suegra-de-francisca-solis-desmiente-que-la-joven-este-desaparecida\\\/\",\"name\":\"Suegra de Francisca Sol\u00eds desmiente que la joven est\u00e9 desaparecida - Diario El Trabajo\",\"isPartOf\":{\"@id\":\"https:\\\/\\\/eltrabajo.cl\\\/web\\\/#website\"},\"primaryImageOfPage\":{\"@id\":\"https:\\\/\\\/eltrabajo.cl\\\/web\\\/suegra-de-francisca-solis-desmiente-que-la-joven-este-desaparecida\\\/#primaryimage\"},\"image\":{\"@id\":\"https:\\\/\\\/eltrabajo.cl\\\/web\\\/suegra-de-francisca-solis-desmiente-que-la-joven-este-desaparecida\\\/#primaryimage\"},\"thumbnailUrl\":\"https:\\\/\\\/eltrabajo.cl\\\/web\\\/wp-content\\\/uploads\\\/2025\\\/01\\\/contraparte-desaparecida.jpg\",\"datePublished\":\"2025-01-08T00:46:25+00:00\",\"breadcrumb\":{\"@id\":\"https:\\\/\\\/eltrabajo.cl\\\/web\\\/suegra-de-francisca-solis-desmiente-que-la-joven-este-desaparecida\\\/#breadcrumb\"},\"inLanguage\":\"es-CL\",\"potentialAction\":[{\"@type\":\"ReadAction\",\"target\":[\"https:\\\/\\\/eltrabajo.cl\\\/web\\\/suegra-de-francisca-solis-desmiente-que-la-joven-este-desaparecida\\\/\"]}]},{\"@type\":\"ImageObject\",\"inLanguage\":\"es-CL\",\"@id\":\"https:\\\/\\\/eltrabajo.cl\\\/web\\\/suegra-de-francisca-solis-desmiente-que-la-joven-este-desaparecida\\\/#primaryimage\",\"url\":\"https:\\\/\\\/eltrabajo.cl\\\/web\\\/wp-content\\\/uploads\\\/2025\\\/01\\\/contraparte-desaparecida.jpg\",\"contentUrl\":\"https:\\\/\\\/eltrabajo.cl\\\/web\\\/wp-content\\\/uploads\\\/2025\\\/01\\\/contraparte-desaparecida.jpg\",\"width\":700,\"height\":875,\"caption\":\"Este martes 7 de enero, la suegra de Francisca Ximena Sol\u00eds Galdames junto a su abogado, desmintieron que la joven se encuentre desaparecida.\"},{\"@type\":\"BreadcrumbList\",\"@id\":\"https:\\\/\\\/eltrabajo.cl\\\/web\\\/suegra-de-francisca-solis-desmiente-que-la-joven-este-desaparecida\\\/#breadcrumb\",\"itemListElement\":[{\"@type\":\"ListItem\",\"position\":1,\"name\":\"Portada\",\"item\":\"https:\\\/\\\/eltrabajo.cl\\\/web\\\/\"},{\"@type\":\"ListItem\",\"position\":2,\"name\":\"Suegra de Francisca Sol\u00eds desmiente que la joven est\u00e9 desaparecida\"}]},{\"@type\":\"WebSite\",\"@id\":\"https:\\\/\\\/eltrabajo.cl\\\/web\\\/#website\",\"url\":\"https:\\\/\\\/eltrabajo.cl\\\/web\\\/\",\"name\":\"Diario El Trabajo\",\"description\":\"Desde 1929 construyendo Identidad Local\",\"publisher\":{\"@id\":\"https:\\\/\\\/eltrabajo.cl\\\/web\\\/#organization\"},\"potentialAction\":[{\"@type\":\"SearchAction\",\"target\":{\"@type\":\"EntryPoint\",\"urlTemplate\":\"https:\\\/\\\/eltrabajo.cl\\\/web\\\/?s={search_term_string}\"},\"query-input\":{\"@type\":\"PropertyValueSpecification\",\"valueRequired\":true,\"valueName\":\"search_term_string\"}}],\"inLanguage\":\"es-CL\"},{\"@type\":\"Organization\",\"@id\":\"https:\\\/\\\/eltrabajo.cl\\\/web\\\/#organization\",\"name\":\"Diario El Trabajo\",\"url\":\"https:\\\/\\\/eltrabajo.cl\\\/web\\\/\",\"logo\":{\"@type\":\"ImageObject\",\"inLanguage\":\"es-CL\",\"@id\":\"https:\\\/\\\/eltrabajo.cl\\\/web\\\/#\\\/schema\\\/logo\\\/image\\\/\",\"url\":\"https:\\\/\\\/eltrabajo.cl\\\/web\\\/wp-content\\\/uploads\\\/2024\\\/06\\\/profile-image-ig-page-diarioeltrabajo.jpg\",\"contentUrl\":\"https:\\\/\\\/eltrabajo.cl\\\/web\\\/wp-content\\\/uploads\\\/2024\\\/06\\\/profile-image-ig-page-diarioeltrabajo.jpg\",\"width\":823,\"height\":823,\"caption\":\"Diario El Trabajo\"},\"image\":{\"@id\":\"https:\\\/\\\/eltrabajo.cl\\\/web\\\/#\\\/schema\\\/logo\\\/image\\\/\"},\"sameAs\":[\"https:\\\/\\\/www.facebook.com\\\/ElTrabajoDiario\",\"https:\\\/\\\/x.com\\\/diarioeltrabajo\"]},{\"@type\":\"Person\",\"@id\":\"https:\\\/\\\/eltrabajo.cl\\\/web\\\/#\\\/schema\\\/person\\\/45efd3d17f86ec456e44dd7debe1bf19\",\"name\":\"Diario El Trabajo\",\"image\":{\"@type\":\"ImageObject\",\"inLanguage\":\"es-CL\",\"@id\":\"https:\\\/\\\/secure.gravatar.com\\\/avatar\\\/7e6ec277dc4aea2677c2dc301d4227957219329c985ab69a3efc12518b5161aa?s=96&d=mm&r=g\",\"url\":\"https:\\\/\\\/secure.gravatar.com\\\/avatar\\\/7e6ec277dc4aea2677c2dc301d4227957219329c985ab69a3efc12518b5161aa?s=96&d=mm&r=g\",\"contentUrl\":\"https:\\\/\\\/secure.gravatar.com\\\/avatar\\\/7e6ec277dc4aea2677c2dc301d4227957219329c985ab69a3efc12518b5161aa?s=96&d=mm&r=g\",\"caption\":\"Diario El Trabajo\"},\"sameAs\":[\"https:\\\/\\\/eltrabajo.cl\\\/web\"],\"url\":\"https:\\\/\\\/eltrabajo.cl\\\/web\\\/author\\\/diario-el-trabajo\\\/\"}]}<\/script>\n<!-- \/ Yoast SEO plugin. -->","yoast_head_json":{"title":"Suegra de Francisca Sol\u00eds desmiente que la joven est\u00e9 desaparecida - Diario El Trabajo","robots":{"index":"index","follow":"follow","max-snippet":"max-snippet:-1","max-image-preview":"max-image-preview:large","max-video-preview":"max-video-preview:-1"},"canonical":"https:\/\/eltrabajo.cl\/web\/suegra-de-francisca-solis-desmiente-que-la-joven-este-desaparecida\/","og_locale":"es_ES","og_type":"article","og_title":"Suegra de Francisca Sol\u00eds desmiente que la joven est\u00e9 desaparecida - Diario El Trabajo","og_description":"Seg\u00fan la versi\u00f3n entregada, la mujer se encontrar\u00eda en una ciudad del sur de Chile.- Este martes 7 de enero, la suegra de Francisca Ximena Sol\u00eds Galdames, junto a su abogado Ariel Caneo, llegaron hasta la sala de redacci\u00f3n de Diario El Trabajo para explicar su versi\u00f3n acerca de la presunta desaparici\u00f3n de la joven [&hellip;]","og_url":"https:\/\/eltrabajo.cl\/web\/suegra-de-francisca-solis-desmiente-que-la-joven-este-desaparecida\/","og_site_name":"Diario El Trabajo","article_publisher":"https:\/\/www.facebook.com\/ElTrabajoDiario","article_published_time":"2025-01-08T00:46:25+00:00","og_image":[{"width":700,"height":875,"url":"https:\/\/eltrabajo.cl\/web\/wp-content\/uploads\/2025\/01\/contraparte-desaparecida.jpg","type":"image\/jpeg"}],"author":"Diario El Trabajo","twitter_card":"summary_large_image","twitter_creator":"@diarioeltrabajo","twitter_site":"@diarioeltrabajo","twitter_misc":{"Escrito por":"Diario El Trabajo","Tiempo estimado de lectura":"2 minutos"},"schema":{"@context":"https:\/\/schema.org","@graph":[{"@type":"Article","@id":"https:\/\/eltrabajo.cl\/web\/suegra-de-francisca-solis-desmiente-que-la-joven-este-desaparecida\/#article","isPartOf":{"@id":"https:\/\/eltrabajo.cl\/web\/suegra-de-francisca-solis-desmiente-que-la-joven-este-desaparecida\/"},"author":{"name":"Diario El Trabajo","@id":"https:\/\/eltrabajo.cl\/web\/#\/schema\/person\/45efd3d17f86ec456e44dd7debe1bf19"},"headline":"Suegra de Francisca Sol\u00eds desmiente que la joven est\u00e9 desaparecida","datePublished":"2025-01-08T00:46:25+00:00","mainEntityOfPage":{"@id":"https:\/\/eltrabajo.cl\/web\/suegra-de-francisca-solis-desmiente-que-la-joven-este-desaparecida\/"},"wordCount":304,"commentCount":0,"publisher":{"@id":"https:\/\/eltrabajo.cl\/web\/#organization"},"image":{"@id":"https:\/\/eltrabajo.cl\/web\/suegra-de-francisca-solis-desmiente-que-la-joven-este-desaparecida\/#primaryimage"},"thumbnailUrl":"https:\/\/eltrabajo.cl\/web\/wp-content\/uploads\/2025\/01\/contraparte-desaparecida.jpg","articleSection":["Comunidad"],"inLanguage":"es-CL","potentialAction":[{"@type":"CommentAction","name":"Comment","target":["https:\/\/eltrabajo.cl\/web\/suegra-de-francisca-solis-desmiente-que-la-joven-este-desaparecida\/#respond"]}]},{"@type":"WebPage","@id":"https:\/\/eltrabajo.cl\/web\/suegra-de-francisca-solis-desmiente-que-la-joven-este-desaparecida\/","url":"https:\/\/eltrabajo.cl\/web\/suegra-de-francisca-solis-desmiente-que-la-joven-este-desaparecida\/","name":"Suegra de Francisca Sol\u00eds desmiente que la joven est\u00e9 desaparecida - Diario El Trabajo","isPartOf":{"@id":"https:\/\/eltrabajo.cl\/web\/#website"},"primaryImageOfPage":{"@id":"https:\/\/eltrabajo.cl\/web\/suegra-de-francisca-solis-desmiente-que-la-joven-este-desaparecida\/#primaryimage"},"image":{"@id":"https:\/\/eltrabajo.cl\/web\/suegra-de-francisca-solis-desmiente-que-la-joven-este-desaparecida\/#primaryimage"},"thumbnailUrl":"https:\/\/eltrabajo.cl\/web\/wp-content\/uploads\/2025\/01\/contraparte-desaparecida.jpg","datePublished":"2025-01-08T00:46:25+00:00","breadcrumb":{"@id":"https:\/\/eltrabajo.cl\/web\/suegra-de-francisca-solis-desmiente-que-la-joven-este-desaparecida\/#breadcrumb"},"inLanguage":"es-CL","potentialAction":[{"@type":"ReadAction","target":["https:\/\/eltrabajo.cl\/web\/suegra-de-francisca-solis-desmiente-que-la-joven-este-desaparecida\/"]}]},{"@type":"ImageObject","inLanguage":"es-CL","@id":"https:\/\/eltrabajo.cl\/web\/suegra-de-francisca-solis-desmiente-que-la-joven-este-desaparecida\/#primaryimage","url":"https:\/\/eltrabajo.cl\/web\/wp-content\/uploads\/2025\/01\/contraparte-desaparecida.jpg","contentUrl":"https:\/\/eltrabajo.cl\/web\/wp-content\/uploads\/2025\/01\/contraparte-desaparecida.jpg","width":700,"height":875,"caption":"Este martes 7 de enero, la suegra de Francisca Ximena Sol\u00eds Galdames junto a su abogado, desmintieron que la joven se encuentre desaparecida."},{"@type":"BreadcrumbList","@id":"https:\/\/eltrabajo.cl\/web\/suegra-de-francisca-solis-desmiente-que-la-joven-este-desaparecida\/#breadcrumb","itemListElement":[{"@type":"ListItem","position":1,"name":"Portada","item":"https:\/\/eltrabajo.cl\/web\/"},{"@type":"ListItem","position":2,"name":"Suegra de Francisca Sol\u00eds desmiente que la joven est\u00e9 desaparecida"}]},{"@type":"WebSite","@id":"https:\/\/eltrabajo.cl\/web\/#website","url":"https:\/\/eltrabajo.cl\/web\/","name":"Diario El Trabajo","description":"Desde 1929 construyendo Identidad Local","publisher":{"@id":"https:\/\/eltrabajo.cl\/web\/#organization"},"potentialAction":[{"@type":"SearchAction","target":{"@type":"EntryPoint","urlTemplate":"https:\/\/eltrabajo.cl\/web\/?s={search_term_string}"},"query-input":{"@type":"PropertyValueSpecification","valueRequired":true,"valueName":"search_term_string"}}],"inLanguage":"es-CL"},{"@type":"Organization","@id":"https:\/\/eltrabajo.cl\/web\/#organization","name":"Diario El Trabajo","url":"https:\/\/eltrabajo.cl\/web\/","logo":{"@type":"ImageObject","inLanguage":"es-CL","@id":"https:\/\/eltrabajo.cl\/web\/#\/schema\/logo\/image\/","url":"https:\/\/eltrabajo.cl\/web\/wp-content\/uploads\/2024\/06\/profile-image-ig-page-diarioeltrabajo.jpg","contentUrl":"https:\/\/eltrabajo.cl\/web\/wp-content\/uploads\/2024\/06\/profile-image-ig-page-diarioeltrabajo.jpg","width":823,"height":823,"caption":"Diario El Trabajo"},"image":{"@id":"https:\/\/eltrabajo.cl\/web\/#\/schema\/logo\/image\/"},"sameAs":["https:\/\/www.facebook.com\/ElTrabajoDiario","https:\/\/x.com\/diarioeltrabajo"]},{"@type":"Person","@id":"https:\/\/eltrabajo.cl\/web\/#\/schema\/person\/45efd3d17f86ec456e44dd7debe1bf19","name":"Diario El Trabajo","image":{"@type":"ImageObject","inLanguage":"es-CL","@id":"https:\/\/secure.gravatar.com\/avatar\/7e6ec277dc4aea2677c2dc301d4227957219329c985ab69a3efc12518b5161aa?s=96&d=mm&r=g","url":"https:\/\/secure.gravatar.com\/avatar\/7e6ec277dc4aea2677c2dc301d4227957219329c985ab69a3efc12518b5161aa?s=96&d=mm&r=g","contentUrl":"https:\/\/secure.gravatar.com\/avatar\/7e6ec277dc4aea2677c2dc301d4227957219329c985ab69a3efc12518b5161aa?s=96&d=mm&r=g","caption":"Diario El Trabajo"},"sameAs":["https:\/\/eltrabajo.cl\/web"],"url":"https:\/\/eltrabajo.cl\/web\/author\/diario-el-trabajo\/"}]}},"_links":{"self":[{"href":"https:\/\/eltrabajo.cl\/web\/wp-json\/wp\/v2\/posts\/134346","targetHints":{"allow":["GET"]}}],"collection":[{"href":"https:\/\/eltrabajo.cl\/web\/wp-json\/wp\/v2\/posts"}],"about":[{"href":"https:\/\/eltrabajo.cl\/web\/wp-json\/wp\/v2\/types\/post"}],"author":[{"embeddable":true,"href":"https:\/\/eltrabajo.cl\/web\/wp-json\/wp\/v2\/users\/1"}],"replies":[{"embeddable":true,"href":"https:\/\/eltrabajo.cl\/web\/wp-json\/wp\/v2\/comments?post=134346"}],"version-history":[{"count":1,"href":"https:\/\/eltrabajo.cl\/web\/wp-json\/wp\/v2\/posts\/134346\/revisions"}],"predecessor-version":[{"id":134348,"href":"https:\/\/eltrabajo.cl\/web\/wp-json\/wp\/v2\/posts\/134346\/revisions\/134348"}],"wp:featuredmedia":[{"embeddable":true,"href":"https:\/\/eltrabajo.cl\/web\/wp-json\/wp\/v2\/media\/134347"}],"wp:attachment":[{"href":"https:\/\/eltrabajo.cl\/web\/wp-json\/wp\/v2\/media?parent=134346"}],"wp:term":[{"taxonomy":"category","embeddable":true,"href":"https:\/\/eltrabajo.cl\/web\/wp-json\/wp\/v2\/categories?post=134346"},{"taxonomy":"post_tag","embeddable":true,"href":"https:\/\/eltrabajo.cl\/web\/wp-json\/wp\/v2\/tags?post=134346"}],"curies":[{"name":"wp","href":"https:\/\/api.w.org\/{rel}","templated":true}]}}