{"id":134403,"date":"2025-01-09T21:36:47","date_gmt":"2025-01-10T00:36:47","guid":{"rendered":"https:\/\/eltrabajo.cl\/web\/?p=134403"},"modified":"2025-01-09T21:36:47","modified_gmt":"2025-01-10T00:36:47","slug":"san-felipe-sera-sede-de-tres-grandes-espectaculos-del-festival-internacional-teatro-a-mil-2025","status":"publish","type":"post","link":"https:\/\/eltrabajo.cl\/web\/san-felipe-sera-sede-de-tres-grandes-espectaculos-del-festival-internacional-teatro-a-mil-2025\/","title":{"rendered":"San Felipe ser\u00e1 sede de tres grandes espect\u00e1culos del Festival Internacional Teatro a Mil 2025"},"content":{"rendered":"<ul>\n<li><strong>A la comuna llegar\u00e1 Amal, una marioneta de 3.5 metros de altura que ha recorrido el mundo promoviendo un mensaje de paz y esperanza.-<\/strong><\/li>\n<\/ul>\n<p>En enero, San Felipe formar\u00e1 parte del Festival Internacional Valpo a Mil 2025, con tres destacados espect\u00e1culos gratuitos: \u2018Zheijang Wu \u00d3pera\u2019, \u2018El Brote\u2019 y \u2018Amal\u2019. El evento es organizado por la Fundaci\u00f3n Teatro a Mil con el apoyo del Ministerio de las Culturas, las Artes y el Patrimonio.<\/p>\n<p>Zheijang Wu \u00d3pera, show de danza tradicional, se realizar\u00e1 el lunes 13 de enero a las 20:00 horas en la Plaza C\u00edvica de la comuna. Mientras que la obra de teatro argentina El Brote (recomendada para mayores de 13 a\u00f1os de edad), ser\u00e1 el lunes 20 de enero a la misma hora, en el Teatro Roberto Barraza del Liceo Roberto Humeres. Las entradas para esta deben ser retiradas en el Conjunto Patrimonial Buen Pastor.<\/p>\n<p>Por su parte, el pasacalle teatral Amal se realizar\u00e1 el martes 21 de enero a las 19:00 horas en la Avenida Yungay, entre la Avenida Chacabuco y la calle Santo Domingo (bandej\u00f3n Carlos Condell).<\/p>\n<p>Amal es una marioneta de 3.5 metros de altura que representa a una ni\u00f1a siria refugiada de 10 a\u00f1os, cuyo nombre en espa\u00f1ol significa Esperanza. Su prop\u00f3sito es difundir un mensaje al mundo sobre los derechos de los ni\u00f1os, especialmente aquellos que han sido separados de sus familias. Hasta el momento ha caminado por 17 pa\u00edses, llegando el turno de Chile y la comuna de San Felipe.<\/p>\n<p><strong>Carolina L\u00f3pez<\/strong>, directora de la Direcci\u00f3n de Desarrollo Comunitario (Dideco), dio detalles a tener en cuenta: <em>\u00abVamos a cerrar las calles el 21 de enero entre Chacabuco y Santo Domingo, en la Avenida de Yungay, desde las 17:00 horas hasta la 21:00 horas. Todo esto lo vamos a informar oportunamente en nuestras redes sociales para que los vecinos y vecinas tomen las medidas respectivas.<\/em><\/p>\n<p>\u00ab<em>Tambi\u00e9n vamos a cortar el tr\u00e1nsito desde el domingo 12 a las 20:00 horas entre Prat y Merced, como lo dec\u00eda, lo vamos a informar para que se tomen las medidas y las consideraciones\u00bb<\/em>.<\/p>\n<p>San Felipe es una de las 18 comunas del pa\u00eds que tendr\u00e1 la visita de Amal. La Municipalidad de San Felipe se comprometi\u00f3 con cinco eventos de la Fundaci\u00f3n Teatro a Mil, invirtiendo 45 millones. Las fechas de las otras dos presentaciones ser\u00e1n definidas en el transcurso de 2025.<\/p>\n<p>\u00ab<em>Tenemos la voluntad como municipio de respaldar actividades que hagan notar que nuestra comuna est\u00e1 comprometida con la cultura y con el arte. En ese sentido, para nosotros es muy importante que la Fundaci\u00f3n Teatro a Mil est\u00e9 presente por la calidad que siempre ha representado, no solamente en la Regi\u00f3n Metropolitana, sino que en otras comunas del pa\u00eds\u00bb<\/em>, expres\u00f3 la alcaldesa <strong>Carmen Castillo<\/strong>.<\/p>\n<p>El concejal <strong>Ricardo Covarrubias<\/strong>, a\u00f1adi\u00f3 que <em>\u00abindudablemente este es el compromiso que ha asumido el municipio con respecto a traer cultura de car\u00e1cter internacional. Tambi\u00e9n destaca el compromiso con la comunidad al acercar grandes eventos, permitiendo que aquellas personas que no pueden asistir a este tipo de espect\u00e1culos en otros lugares los disfruten en nuestra ciudad\u00bb<\/em>.<\/p>\n<p style=\"text-align: right;\"><strong>Jacqueline Le\u00f3n<\/strong><\/p>\n<figure id=\"attachment_134404\" aria-describedby=\"caption-attachment-134404\" style=\"width: 700px\" class=\"wp-caption alignnone\"><img loading=\"lazy\" decoding=\"async\" class=\"size-full wp-image-134404\" src=\"https:\/\/eltrabajo.cl\/web\/wp-content\/uploads\/2025\/01\/teatro-a-mil.jpg\" alt=\"Son tres presentaciones del Festival Internacional Valpo a Mil 2025 que se presentar\u00e1n en San Felipe en este mes de enero.\" width=\"700\" height=\"525\" srcset=\"https:\/\/eltrabajo.cl\/web\/wp-content\/uploads\/2025\/01\/teatro-a-mil.jpg 700w, https:\/\/eltrabajo.cl\/web\/wp-content\/uploads\/2025\/01\/teatro-a-mil-300x225.jpg 300w, https:\/\/eltrabajo.cl\/web\/wp-content\/uploads\/2025\/01\/teatro-a-mil-560x420.jpg 560w, https:\/\/eltrabajo.cl\/web\/wp-content\/uploads\/2025\/01\/teatro-a-mil-80x60.jpg 80w, https:\/\/eltrabajo.cl\/web\/wp-content\/uploads\/2025\/01\/teatro-a-mil-150x113.jpg 150w, https:\/\/eltrabajo.cl\/web\/wp-content\/uploads\/2025\/01\/teatro-a-mil-696x522.jpg 696w, https:\/\/eltrabajo.cl\/web\/wp-content\/uploads\/2025\/01\/teatro-a-mil-265x198.jpg 265w\" sizes=\"auto, (max-width: 700px) 100vw, 700px\" \/><figcaption id=\"caption-attachment-134404\" class=\"wp-caption-text\">Son tres presentaciones del Festival Internacional Valpo a Mil 2025 que se presentar\u00e1n en San Felipe en este mes de enero.<\/figcaption><\/figure>\n<figure id=\"attachment_134405\" aria-describedby=\"caption-attachment-134405\" style=\"width: 699px\" class=\"wp-caption alignnone\"><img loading=\"lazy\" decoding=\"async\" class=\"size-full wp-image-134405\" src=\"https:\/\/eltrabajo.cl\/web\/wp-content\/uploads\/2025\/01\/teatro-a-mil-2.jpg\" alt=\"Amal es una de las destacadas presentaciones internacionales que se llevar\u00e1 a cabo en la comuna. (Foto: Anadolu (Getty Images)).\" width=\"699\" height=\"466\" srcset=\"https:\/\/eltrabajo.cl\/web\/wp-content\/uploads\/2025\/01\/teatro-a-mil-2.jpg 699w, https:\/\/eltrabajo.cl\/web\/wp-content\/uploads\/2025\/01\/teatro-a-mil-2-300x200.jpg 300w, https:\/\/eltrabajo.cl\/web\/wp-content\/uploads\/2025\/01\/teatro-a-mil-2-630x420.jpg 630w, https:\/\/eltrabajo.cl\/web\/wp-content\/uploads\/2025\/01\/teatro-a-mil-2-150x100.jpg 150w, https:\/\/eltrabajo.cl\/web\/wp-content\/uploads\/2025\/01\/teatro-a-mil-2-696x464.jpg 696w\" sizes=\"auto, (max-width: 699px) 100vw, 699px\" \/><figcaption id=\"caption-attachment-134405\" class=\"wp-caption-text\">Amal es una de las destacadas presentaciones internacionales que se llevar\u00e1 a cabo en la comuna. (Foto: Anadolu (Getty Images)).<\/figcaption><\/figure>\n","protected":false},"excerpt":{"rendered":"<p>A la comuna llegar\u00e1 Amal, una marioneta de 3.5 metros de altura que ha recorrido el mundo promoviendo un mensaje de paz y esperanza.- En enero, San Felipe formar\u00e1 parte del Festival Internacional Valpo a Mil 2025, con tres destacados espect\u00e1culos gratuitos: \u2018Zheijang Wu \u00d3pera\u2019, \u2018El Brote\u2019 y \u2018Amal\u2019. El evento es organizado por la [&hellip;]<\/p>\n","protected":false},"author":1,"featured_media":134405,"comment_status":"open","ping_status":"closed","sticky":false,"template":"","format":"standard","meta":{"footnotes":""},"categories":[3],"tags":[],"class_list":{"0":"post-134403","1":"post","2":"type-post","3":"status-publish","4":"format-standard","5":"has-post-thumbnail","7":"category-cronica-2"},"yoast_head":"<!-- This site is optimized with the Yoast SEO plugin v27.5 - https:\/\/yoast.com\/product\/yoast-seo-wordpress\/ -->\n<title>San Felipe ser\u00e1 sede de tres grandes espect\u00e1culos del Festival Internacional Teatro a Mil 2025 - Diario El Trabajo<\/title>\n<meta name=\"robots\" content=\"index, follow, max-snippet:-1, max-image-preview:large, max-video-preview:-1\" \/>\n<link rel=\"canonical\" href=\"https:\/\/eltrabajo.cl\/web\/san-felipe-sera-sede-de-tres-grandes-espectaculos-del-festival-internacional-teatro-a-mil-2025\/\" \/>\n<meta property=\"og:locale\" content=\"es_ES\" \/>\n<meta property=\"og:type\" content=\"article\" \/>\n<meta property=\"og:title\" content=\"San Felipe ser\u00e1 sede de tres grandes espect\u00e1culos del Festival Internacional Teatro a Mil 2025 - Diario El Trabajo\" \/>\n<meta property=\"og:description\" content=\"A la comuna llegar\u00e1 Amal, una marioneta de 3.5 metros de altura que ha recorrido el mundo promoviendo un mensaje de paz y esperanza.- En enero, San Felipe formar\u00e1 parte del Festival Internacional Valpo a Mil 2025, con tres destacados espect\u00e1culos gratuitos: \u2018Zheijang Wu \u00d3pera\u2019, \u2018El Brote\u2019 y \u2018Amal\u2019. El evento es organizado por la [&hellip;]\" \/>\n<meta property=\"og:url\" content=\"https:\/\/eltrabajo.cl\/web\/san-felipe-sera-sede-de-tres-grandes-espectaculos-del-festival-internacional-teatro-a-mil-2025\/\" \/>\n<meta property=\"og:site_name\" content=\"Diario El Trabajo\" \/>\n<meta property=\"article:publisher\" content=\"https:\/\/www.facebook.com\/ElTrabajoDiario\" \/>\n<meta property=\"article:published_time\" content=\"2025-01-10T00:36:47+00:00\" \/>\n<meta property=\"og:image\" content=\"https:\/\/eltrabajo.cl\/web\/wp-content\/uploads\/2025\/01\/teatro-a-mil-2.jpg\" \/>\n\t<meta property=\"og:image:width\" content=\"699\" \/>\n\t<meta property=\"og:image:height\" content=\"466\" \/>\n\t<meta property=\"og:image:type\" content=\"image\/jpeg\" \/>\n<meta name=\"author\" content=\"Diario El Trabajo\" \/>\n<meta name=\"twitter:card\" content=\"summary_large_image\" \/>\n<meta name=\"twitter:creator\" content=\"@diarioeltrabajo\" \/>\n<meta name=\"twitter:site\" content=\"@diarioeltrabajo\" \/>\n<meta name=\"twitter:label1\" content=\"Escrito por\" \/>\n\t<meta name=\"twitter:data1\" content=\"Diario El Trabajo\" \/>\n\t<meta name=\"twitter:label2\" content=\"Tiempo estimado de lectura\" \/>\n\t<meta name=\"twitter:data2\" content=\"4 minutos\" \/>\n<script type=\"application\/ld+json\" class=\"yoast-schema-graph\">{\"@context\":\"https:\\\/\\\/schema.org\",\"@graph\":[{\"@type\":\"Article\",\"@id\":\"https:\\\/\\\/eltrabajo.cl\\\/web\\\/san-felipe-sera-sede-de-tres-grandes-espectaculos-del-festival-internacional-teatro-a-mil-2025\\\/#article\",\"isPartOf\":{\"@id\":\"https:\\\/\\\/eltrabajo.cl\\\/web\\\/san-felipe-sera-sede-de-tres-grandes-espectaculos-del-festival-internacional-teatro-a-mil-2025\\\/\"},\"author\":{\"name\":\"Diario El Trabajo\",\"@id\":\"https:\\\/\\\/eltrabajo.cl\\\/web\\\/#\\\/schema\\\/person\\\/45efd3d17f86ec456e44dd7debe1bf19\"},\"headline\":\"San Felipe ser\u00e1 sede de tres grandes espect\u00e1culos del Festival Internacional Teatro a Mil 2025\",\"datePublished\":\"2025-01-10T00:36:47+00:00\",\"mainEntityOfPage\":{\"@id\":\"https:\\\/\\\/eltrabajo.cl\\\/web\\\/san-felipe-sera-sede-de-tres-grandes-espectaculos-del-festival-internacional-teatro-a-mil-2025\\\/\"},\"wordCount\":595,\"commentCount\":0,\"publisher\":{\"@id\":\"https:\\\/\\\/eltrabajo.cl\\\/web\\\/#organization\"},\"image\":{\"@id\":\"https:\\\/\\\/eltrabajo.cl\\\/web\\\/san-felipe-sera-sede-de-tres-grandes-espectaculos-del-festival-internacional-teatro-a-mil-2025\\\/#primaryimage\"},\"thumbnailUrl\":\"https:\\\/\\\/eltrabajo.cl\\\/web\\\/wp-content\\\/uploads\\\/2025\\\/01\\\/teatro-a-mil-2.jpg\",\"articleSection\":[\"Cr\u00f3nica\"],\"inLanguage\":\"es-CL\",\"potentialAction\":[{\"@type\":\"CommentAction\",\"name\":\"Comment\",\"target\":[\"https:\\\/\\\/eltrabajo.cl\\\/web\\\/san-felipe-sera-sede-de-tres-grandes-espectaculos-del-festival-internacional-teatro-a-mil-2025\\\/#respond\"]}]},{\"@type\":\"WebPage\",\"@id\":\"https:\\\/\\\/eltrabajo.cl\\\/web\\\/san-felipe-sera-sede-de-tres-grandes-espectaculos-del-festival-internacional-teatro-a-mil-2025\\\/\",\"url\":\"https:\\\/\\\/eltrabajo.cl\\\/web\\\/san-felipe-sera-sede-de-tres-grandes-espectaculos-del-festival-internacional-teatro-a-mil-2025\\\/\",\"name\":\"San Felipe ser\u00e1 sede de tres grandes espect\u00e1culos del Festival Internacional Teatro a Mil 2025 - Diario El Trabajo\",\"isPartOf\":{\"@id\":\"https:\\\/\\\/eltrabajo.cl\\\/web\\\/#website\"},\"primaryImageOfPage\":{\"@id\":\"https:\\\/\\\/eltrabajo.cl\\\/web\\\/san-felipe-sera-sede-de-tres-grandes-espectaculos-del-festival-internacional-teatro-a-mil-2025\\\/#primaryimage\"},\"image\":{\"@id\":\"https:\\\/\\\/eltrabajo.cl\\\/web\\\/san-felipe-sera-sede-de-tres-grandes-espectaculos-del-festival-internacional-teatro-a-mil-2025\\\/#primaryimage\"},\"thumbnailUrl\":\"https:\\\/\\\/eltrabajo.cl\\\/web\\\/wp-content\\\/uploads\\\/2025\\\/01\\\/teatro-a-mil-2.jpg\",\"datePublished\":\"2025-01-10T00:36:47+00:00\",\"breadcrumb\":{\"@id\":\"https:\\\/\\\/eltrabajo.cl\\\/web\\\/san-felipe-sera-sede-de-tres-grandes-espectaculos-del-festival-internacional-teatro-a-mil-2025\\\/#breadcrumb\"},\"inLanguage\":\"es-CL\",\"potentialAction\":[{\"@type\":\"ReadAction\",\"target\":[\"https:\\\/\\\/eltrabajo.cl\\\/web\\\/san-felipe-sera-sede-de-tres-grandes-espectaculos-del-festival-internacional-teatro-a-mil-2025\\\/\"]}]},{\"@type\":\"ImageObject\",\"inLanguage\":\"es-CL\",\"@id\":\"https:\\\/\\\/eltrabajo.cl\\\/web\\\/san-felipe-sera-sede-de-tres-grandes-espectaculos-del-festival-internacional-teatro-a-mil-2025\\\/#primaryimage\",\"url\":\"https:\\\/\\\/eltrabajo.cl\\\/web\\\/wp-content\\\/uploads\\\/2025\\\/01\\\/teatro-a-mil-2.jpg\",\"contentUrl\":\"https:\\\/\\\/eltrabajo.cl\\\/web\\\/wp-content\\\/uploads\\\/2025\\\/01\\\/teatro-a-mil-2.jpg\",\"width\":699,\"height\":466,\"caption\":\"Amal es una de las destacadas presentaciones internacionales que se llevar\u00e1 a cabo en la comuna. (Foto: Anadolu (Getty Images)).\"},{\"@type\":\"BreadcrumbList\",\"@id\":\"https:\\\/\\\/eltrabajo.cl\\\/web\\\/san-felipe-sera-sede-de-tres-grandes-espectaculos-del-festival-internacional-teatro-a-mil-2025\\\/#breadcrumb\",\"itemListElement\":[{\"@type\":\"ListItem\",\"position\":1,\"name\":\"Portada\",\"item\":\"https:\\\/\\\/eltrabajo.cl\\\/web\\\/\"},{\"@type\":\"ListItem\",\"position\":2,\"name\":\"San Felipe ser\u00e1 sede de tres grandes espect\u00e1culos del Festival Internacional Teatro a Mil 2025\"}]},{\"@type\":\"WebSite\",\"@id\":\"https:\\\/\\\/eltrabajo.cl\\\/web\\\/#website\",\"url\":\"https:\\\/\\\/eltrabajo.cl\\\/web\\\/\",\"name\":\"Diario El Trabajo\",\"description\":\"Desde 1929 construyendo Identidad Local\",\"publisher\":{\"@id\":\"https:\\\/\\\/eltrabajo.cl\\\/web\\\/#organization\"},\"potentialAction\":[{\"@type\":\"SearchAction\",\"target\":{\"@type\":\"EntryPoint\",\"urlTemplate\":\"https:\\\/\\\/eltrabajo.cl\\\/web\\\/?s={search_term_string}\"},\"query-input\":{\"@type\":\"PropertyValueSpecification\",\"valueRequired\":true,\"valueName\":\"search_term_string\"}}],\"inLanguage\":\"es-CL\"},{\"@type\":\"Organization\",\"@id\":\"https:\\\/\\\/eltrabajo.cl\\\/web\\\/#organization\",\"name\":\"Diario El Trabajo\",\"url\":\"https:\\\/\\\/eltrabajo.cl\\\/web\\\/\",\"logo\":{\"@type\":\"ImageObject\",\"inLanguage\":\"es-CL\",\"@id\":\"https:\\\/\\\/eltrabajo.cl\\\/web\\\/#\\\/schema\\\/logo\\\/image\\\/\",\"url\":\"https:\\\/\\\/eltrabajo.cl\\\/web\\\/wp-content\\\/uploads\\\/2024\\\/06\\\/profile-image-ig-page-diarioeltrabajo.jpg\",\"contentUrl\":\"https:\\\/\\\/eltrabajo.cl\\\/web\\\/wp-content\\\/uploads\\\/2024\\\/06\\\/profile-image-ig-page-diarioeltrabajo.jpg\",\"width\":823,\"height\":823,\"caption\":\"Diario El Trabajo\"},\"image\":{\"@id\":\"https:\\\/\\\/eltrabajo.cl\\\/web\\\/#\\\/schema\\\/logo\\\/image\\\/\"},\"sameAs\":[\"https:\\\/\\\/www.facebook.com\\\/ElTrabajoDiario\",\"https:\\\/\\\/x.com\\\/diarioeltrabajo\"]},{\"@type\":\"Person\",\"@id\":\"https:\\\/\\\/eltrabajo.cl\\\/web\\\/#\\\/schema\\\/person\\\/45efd3d17f86ec456e44dd7debe1bf19\",\"name\":\"Diario El Trabajo\",\"image\":{\"@type\":\"ImageObject\",\"inLanguage\":\"es-CL\",\"@id\":\"https:\\\/\\\/secure.gravatar.com\\\/avatar\\\/7e6ec277dc4aea2677c2dc301d4227957219329c985ab69a3efc12518b5161aa?s=96&d=mm&r=g\",\"url\":\"https:\\\/\\\/secure.gravatar.com\\\/avatar\\\/7e6ec277dc4aea2677c2dc301d4227957219329c985ab69a3efc12518b5161aa?s=96&d=mm&r=g\",\"contentUrl\":\"https:\\\/\\\/secure.gravatar.com\\\/avatar\\\/7e6ec277dc4aea2677c2dc301d4227957219329c985ab69a3efc12518b5161aa?s=96&d=mm&r=g\",\"caption\":\"Diario El Trabajo\"},\"sameAs\":[\"https:\\\/\\\/eltrabajo.cl\\\/web\"],\"url\":\"https:\\\/\\\/eltrabajo.cl\\\/web\\\/author\\\/diario-el-trabajo\\\/\"}]}<\/script>\n<!-- \/ Yoast SEO plugin. -->","yoast_head_json":{"title":"San Felipe ser\u00e1 sede de tres grandes espect\u00e1culos del Festival Internacional Teatro a Mil 2025 - Diario El Trabajo","robots":{"index":"index","follow":"follow","max-snippet":"max-snippet:-1","max-image-preview":"max-image-preview:large","max-video-preview":"max-video-preview:-1"},"canonical":"https:\/\/eltrabajo.cl\/web\/san-felipe-sera-sede-de-tres-grandes-espectaculos-del-festival-internacional-teatro-a-mil-2025\/","og_locale":"es_ES","og_type":"article","og_title":"San Felipe ser\u00e1 sede de tres grandes espect\u00e1culos del Festival Internacional Teatro a Mil 2025 - Diario El Trabajo","og_description":"A la comuna llegar\u00e1 Amal, una marioneta de 3.5 metros de altura que ha recorrido el mundo promoviendo un mensaje de paz y esperanza.- En enero, San Felipe formar\u00e1 parte del Festival Internacional Valpo a Mil 2025, con tres destacados espect\u00e1culos gratuitos: \u2018Zheijang Wu \u00d3pera\u2019, \u2018El Brote\u2019 y \u2018Amal\u2019. El evento es organizado por la [&hellip;]","og_url":"https:\/\/eltrabajo.cl\/web\/san-felipe-sera-sede-de-tres-grandes-espectaculos-del-festival-internacional-teatro-a-mil-2025\/","og_site_name":"Diario El Trabajo","article_publisher":"https:\/\/www.facebook.com\/ElTrabajoDiario","article_published_time":"2025-01-10T00:36:47+00:00","og_image":[{"width":699,"height":466,"url":"https:\/\/eltrabajo.cl\/web\/wp-content\/uploads\/2025\/01\/teatro-a-mil-2.jpg","type":"image\/jpeg"}],"author":"Diario El Trabajo","twitter_card":"summary_large_image","twitter_creator":"@diarioeltrabajo","twitter_site":"@diarioeltrabajo","twitter_misc":{"Escrito por":"Diario El Trabajo","Tiempo estimado de lectura":"4 minutos"},"schema":{"@context":"https:\/\/schema.org","@graph":[{"@type":"Article","@id":"https:\/\/eltrabajo.cl\/web\/san-felipe-sera-sede-de-tres-grandes-espectaculos-del-festival-internacional-teatro-a-mil-2025\/#article","isPartOf":{"@id":"https:\/\/eltrabajo.cl\/web\/san-felipe-sera-sede-de-tres-grandes-espectaculos-del-festival-internacional-teatro-a-mil-2025\/"},"author":{"name":"Diario El Trabajo","@id":"https:\/\/eltrabajo.cl\/web\/#\/schema\/person\/45efd3d17f86ec456e44dd7debe1bf19"},"headline":"San Felipe ser\u00e1 sede de tres grandes espect\u00e1culos del Festival Internacional Teatro a Mil 2025","datePublished":"2025-01-10T00:36:47+00:00","mainEntityOfPage":{"@id":"https:\/\/eltrabajo.cl\/web\/san-felipe-sera-sede-de-tres-grandes-espectaculos-del-festival-internacional-teatro-a-mil-2025\/"},"wordCount":595,"commentCount":0,"publisher":{"@id":"https:\/\/eltrabajo.cl\/web\/#organization"},"image":{"@id":"https:\/\/eltrabajo.cl\/web\/san-felipe-sera-sede-de-tres-grandes-espectaculos-del-festival-internacional-teatro-a-mil-2025\/#primaryimage"},"thumbnailUrl":"https:\/\/eltrabajo.cl\/web\/wp-content\/uploads\/2025\/01\/teatro-a-mil-2.jpg","articleSection":["Cr\u00f3nica"],"inLanguage":"es-CL","potentialAction":[{"@type":"CommentAction","name":"Comment","target":["https:\/\/eltrabajo.cl\/web\/san-felipe-sera-sede-de-tres-grandes-espectaculos-del-festival-internacional-teatro-a-mil-2025\/#respond"]}]},{"@type":"WebPage","@id":"https:\/\/eltrabajo.cl\/web\/san-felipe-sera-sede-de-tres-grandes-espectaculos-del-festival-internacional-teatro-a-mil-2025\/","url":"https:\/\/eltrabajo.cl\/web\/san-felipe-sera-sede-de-tres-grandes-espectaculos-del-festival-internacional-teatro-a-mil-2025\/","name":"San Felipe ser\u00e1 sede de tres grandes espect\u00e1culos del Festival Internacional Teatro a Mil 2025 - Diario El Trabajo","isPartOf":{"@id":"https:\/\/eltrabajo.cl\/web\/#website"},"primaryImageOfPage":{"@id":"https:\/\/eltrabajo.cl\/web\/san-felipe-sera-sede-de-tres-grandes-espectaculos-del-festival-internacional-teatro-a-mil-2025\/#primaryimage"},"image":{"@id":"https:\/\/eltrabajo.cl\/web\/san-felipe-sera-sede-de-tres-grandes-espectaculos-del-festival-internacional-teatro-a-mil-2025\/#primaryimage"},"thumbnailUrl":"https:\/\/eltrabajo.cl\/web\/wp-content\/uploads\/2025\/01\/teatro-a-mil-2.jpg","datePublished":"2025-01-10T00:36:47+00:00","breadcrumb":{"@id":"https:\/\/eltrabajo.cl\/web\/san-felipe-sera-sede-de-tres-grandes-espectaculos-del-festival-internacional-teatro-a-mil-2025\/#breadcrumb"},"inLanguage":"es-CL","potentialAction":[{"@type":"ReadAction","target":["https:\/\/eltrabajo.cl\/web\/san-felipe-sera-sede-de-tres-grandes-espectaculos-del-festival-internacional-teatro-a-mil-2025\/"]}]},{"@type":"ImageObject","inLanguage":"es-CL","@id":"https:\/\/eltrabajo.cl\/web\/san-felipe-sera-sede-de-tres-grandes-espectaculos-del-festival-internacional-teatro-a-mil-2025\/#primaryimage","url":"https:\/\/eltrabajo.cl\/web\/wp-content\/uploads\/2025\/01\/teatro-a-mil-2.jpg","contentUrl":"https:\/\/eltrabajo.cl\/web\/wp-content\/uploads\/2025\/01\/teatro-a-mil-2.jpg","width":699,"height":466,"caption":"Amal es una de las destacadas presentaciones internacionales que se llevar\u00e1 a cabo en la comuna. (Foto: Anadolu (Getty Images))."},{"@type":"BreadcrumbList","@id":"https:\/\/eltrabajo.cl\/web\/san-felipe-sera-sede-de-tres-grandes-espectaculos-del-festival-internacional-teatro-a-mil-2025\/#breadcrumb","itemListElement":[{"@type":"ListItem","position":1,"name":"Portada","item":"https:\/\/eltrabajo.cl\/web\/"},{"@type":"ListItem","position":2,"name":"San Felipe ser\u00e1 sede de tres grandes espect\u00e1culos del Festival Internacional Teatro a Mil 2025"}]},{"@type":"WebSite","@id":"https:\/\/eltrabajo.cl\/web\/#website","url":"https:\/\/eltrabajo.cl\/web\/","name":"Diario El Trabajo","description":"Desde 1929 construyendo Identidad Local","publisher":{"@id":"https:\/\/eltrabajo.cl\/web\/#organization"},"potentialAction":[{"@type":"SearchAction","target":{"@type":"EntryPoint","urlTemplate":"https:\/\/eltrabajo.cl\/web\/?s={search_term_string}"},"query-input":{"@type":"PropertyValueSpecification","valueRequired":true,"valueName":"search_term_string"}}],"inLanguage":"es-CL"},{"@type":"Organization","@id":"https:\/\/eltrabajo.cl\/web\/#organization","name":"Diario El Trabajo","url":"https:\/\/eltrabajo.cl\/web\/","logo":{"@type":"ImageObject","inLanguage":"es-CL","@id":"https:\/\/eltrabajo.cl\/web\/#\/schema\/logo\/image\/","url":"https:\/\/eltrabajo.cl\/web\/wp-content\/uploads\/2024\/06\/profile-image-ig-page-diarioeltrabajo.jpg","contentUrl":"https:\/\/eltrabajo.cl\/web\/wp-content\/uploads\/2024\/06\/profile-image-ig-page-diarioeltrabajo.jpg","width":823,"height":823,"caption":"Diario El Trabajo"},"image":{"@id":"https:\/\/eltrabajo.cl\/web\/#\/schema\/logo\/image\/"},"sameAs":["https:\/\/www.facebook.com\/ElTrabajoDiario","https:\/\/x.com\/diarioeltrabajo"]},{"@type":"Person","@id":"https:\/\/eltrabajo.cl\/web\/#\/schema\/person\/45efd3d17f86ec456e44dd7debe1bf19","name":"Diario El Trabajo","image":{"@type":"ImageObject","inLanguage":"es-CL","@id":"https:\/\/secure.gravatar.com\/avatar\/7e6ec277dc4aea2677c2dc301d4227957219329c985ab69a3efc12518b5161aa?s=96&d=mm&r=g","url":"https:\/\/secure.gravatar.com\/avatar\/7e6ec277dc4aea2677c2dc301d4227957219329c985ab69a3efc12518b5161aa?s=96&d=mm&r=g","contentUrl":"https:\/\/secure.gravatar.com\/avatar\/7e6ec277dc4aea2677c2dc301d4227957219329c985ab69a3efc12518b5161aa?s=96&d=mm&r=g","caption":"Diario El Trabajo"},"sameAs":["https:\/\/eltrabajo.cl\/web"],"url":"https:\/\/eltrabajo.cl\/web\/author\/diario-el-trabajo\/"}]}},"_links":{"self":[{"href":"https:\/\/eltrabajo.cl\/web\/wp-json\/wp\/v2\/posts\/134403","targetHints":{"allow":["GET"]}}],"collection":[{"href":"https:\/\/eltrabajo.cl\/web\/wp-json\/wp\/v2\/posts"}],"about":[{"href":"https:\/\/eltrabajo.cl\/web\/wp-json\/wp\/v2\/types\/post"}],"author":[{"embeddable":true,"href":"https:\/\/eltrabajo.cl\/web\/wp-json\/wp\/v2\/users\/1"}],"replies":[{"embeddable":true,"href":"https:\/\/eltrabajo.cl\/web\/wp-json\/wp\/v2\/comments?post=134403"}],"version-history":[{"count":1,"href":"https:\/\/eltrabajo.cl\/web\/wp-json\/wp\/v2\/posts\/134403\/revisions"}],"predecessor-version":[{"id":134406,"href":"https:\/\/eltrabajo.cl\/web\/wp-json\/wp\/v2\/posts\/134403\/revisions\/134406"}],"wp:featuredmedia":[{"embeddable":true,"href":"https:\/\/eltrabajo.cl\/web\/wp-json\/wp\/v2\/media\/134405"}],"wp:attachment":[{"href":"https:\/\/eltrabajo.cl\/web\/wp-json\/wp\/v2\/media?parent=134403"}],"wp:term":[{"taxonomy":"category","embeddable":true,"href":"https:\/\/eltrabajo.cl\/web\/wp-json\/wp\/v2\/categories?post=134403"},{"taxonomy":"post_tag","embeddable":true,"href":"https:\/\/eltrabajo.cl\/web\/wp-json\/wp\/v2\/tags?post=134403"}],"curies":[{"name":"wp","href":"https:\/\/api.w.org\/{rel}","templated":true}]}}