{"id":134443,"date":"2025-01-13T21:39:58","date_gmt":"2025-01-14T00:39:58","guid":{"rendered":"https:\/\/eltrabajo.cl\/web\/?p=134443"},"modified":"2025-01-13T21:39:58","modified_gmt":"2025-01-14T00:39:58","slug":"san-felipe-celebra-el-verano-palmenia-pizarro-2025-con-seis-noches-de-musica-gratuita","status":"publish","type":"post","link":"https:\/\/eltrabajo.cl\/web\/san-felipe-celebra-el-verano-palmenia-pizarro-2025-con-seis-noches-de-musica-gratuita\/","title":{"rendered":"San Felipe celebra el Verano Palmenia Pizarro 2025 con seis noches de m\u00fasica gratuita"},"content":{"rendered":"<p>Tal como en a\u00f1os anteriores, hoy comienza el <strong>Verano Palmenia Pizarro 2025<\/strong>, que se extender\u00e1 los d\u00edas 14, 15, 16, 17, 18 y 25 de enero en la Plaza de Armas desde las 20:00 horas. La jornada de cierre ser\u00e1 en el Estadio Almendral Alto.<\/p>\n<p>El programa contempla espect\u00e1culos gratuitos para todos los gustos musicales e incluye la participaci\u00f3n de artistas locales.<\/p>\n<p>Es importante destacar que este evento no reemplaza al \u2018Festival Palmenia Pizarro\u2019, programado para el 7 y 8 de febrero. Ambos forman parte del programa de verano organizado por la Municipalidad de San Felipe.<\/p>\n<p>\u00ab<em>Estoy personalmente muy contento, porque se va a incluir, sobre todo, a los artistas locales. Eso abre puertas para que ellos tambi\u00e9n se den a conocer y podamos disfrutar de la tremenda calidad y los talentos que tenemos aqu\u00ed en el Valle de Aconcagua\u00bb<\/em>, se\u00f1al\u00f3 el concejal Ronald Olivares.<\/p>\n<p>La primera noche del Verano Palmenia Pizarro 2025 estar\u00e1 dedicada a las rancheras, con la presentaci\u00f3n de<strong> \u2018Los Pincheira del Sur\u2019 <\/strong>y \u2018<strong>Julio y Los Indomables\u2019<\/strong>. El 15 de enero ser\u00e1 la Noche de los Recuerdos, que contar\u00e1 con un <strong>tributo a \u2018Cecilia\u2019<\/strong> y<strong> \u2018Los Hermanos Zabaleta\u2019<\/strong>.<\/p>\n<p>El jueves 16 se realizar\u00e1 la Noche del Folclore, con la participaci\u00f3n de <strong>\u2018Wayra\u2019s Andinos\u2019<\/strong> y<strong> \u2018Daniel Mu\u00f1oz y Los Marujos\u2019<\/strong>. Para el fin de semana, la comunidad podr\u00e1 disfrutar de la Noche Tropical el viernes 17 con \u2018<strong>Los Amerika\u2019n Sound\u2019<\/strong> y <strong>Fabi\u00e1n Andr\u00e9s<\/strong>, mientras que el s\u00e1bado 18 ser\u00e1 la Noche Tributo, con las bandas \u2018<strong>Pr\u00f3fugos\u2019<\/strong> (tributo a \u2018Soda Stereo\u2019 y Gustavo Cerati) y <strong>\u2018California Band\u2019<\/strong> (tributo a \u2018Creedence Clearwater Revival\u2019).<\/p>\n<p>El evento culminar\u00e1 el 25 de enero con un Show Trilla en el Estadio Almendral Alto, que tendr\u00e1 como protagonistas a la<strong> \u2018Sonora Malec\u00f3n\u2019<\/strong> y<strong> \u2018La Laura Banda Show\u2019<\/strong>.<\/p>\n<p>\u00ab<em>Como es habitual en nuestra comuna, el Verano Palmenia Pizarro es una actividad que hemos establecido para difundir distintas propuestas. Todas estas presentaciones fueron seleccionadas con mucho cuidado para cubrir todas las edades y ofrecer actividades bonitas para la comunidad\u00bb<\/em>, afirm\u00f3 la alcaldesa <strong>Carmen Castillo<\/strong>.<\/p>\n<p>La autoridad tambi\u00e9n adelant\u00f3 que habr\u00e1 m\u00e1s actividades en febrero: <em>\u00abEsto se reflejar\u00e1 en otros sectores de la comunidad, por eso es tan importante resaltarlo. Como Concejo Municipal valoramos todo lo que sea positivo, no solo en nuestro sector urbano, sino tambi\u00e9n en las zonas rurales\u00bb<\/em>.<\/p>\n<p style=\"text-align: right;\"><strong>Jacqueline Le\u00f3n<\/strong><\/p>\n<figure id=\"attachment_134444\" aria-describedby=\"caption-attachment-134444\" style=\"width: 699px\" class=\"wp-caption alignnone\"><img loading=\"lazy\" decoding=\"async\" class=\"size-full wp-image-134444\" src=\"https:\/\/eltrabajo.cl\/web\/wp-content\/uploads\/2025\/01\/show-publico.jpg\" alt=\"Ser\u00e1n seis noches del Verano Palmenia Pizarro 2025, todas en la Plaza de Armas de San Felipe, excepto por el Show Trilla, que se realizar\u00e1 en el Estadio Almendral Alto. (Foto de archivo).\" width=\"699\" height=\"393\" srcset=\"https:\/\/eltrabajo.cl\/web\/wp-content\/uploads\/2025\/01\/show-publico.jpg 699w, https:\/\/eltrabajo.cl\/web\/wp-content\/uploads\/2025\/01\/show-publico-300x169.jpg 300w, https:\/\/eltrabajo.cl\/web\/wp-content\/uploads\/2025\/01\/show-publico-150x84.jpg 150w, https:\/\/eltrabajo.cl\/web\/wp-content\/uploads\/2025\/01\/show-publico-696x391.jpg 696w\" sizes=\"auto, (max-width: 699px) 100vw, 699px\" \/><figcaption id=\"caption-attachment-134444\" class=\"wp-caption-text\">Ser\u00e1n seis noches del Verano Palmenia Pizarro 2025, todas en la Plaza de Armas de San Felipe, excepto por el Show Trilla, que se realizar\u00e1 en el Estadio Almendral Alto. (Foto de archivo).<\/figcaption><\/figure>\n","protected":false},"excerpt":{"rendered":"<p>Tal como en a\u00f1os anteriores, hoy comienza el Verano Palmenia Pizarro 2025, que se extender\u00e1 los d\u00edas 14, 15, 16, 17, 18 y 25 de enero en la Plaza de Armas desde las 20:00 horas. La jornada de cierre ser\u00e1 en el Estadio Almendral Alto. El programa contempla espect\u00e1culos gratuitos para todos los gustos musicales [&hellip;]<\/p>\n","protected":false},"author":1,"featured_media":134444,"comment_status":"open","ping_status":"closed","sticky":false,"template":"","format":"standard","meta":{"footnotes":""},"categories":[3],"tags":[],"class_list":{"0":"post-134443","1":"post","2":"type-post","3":"status-publish","4":"format-standard","5":"has-post-thumbnail","7":"category-cronica-2"},"yoast_head":"<!-- This site is optimized with the Yoast SEO plugin v27.5 - https:\/\/yoast.com\/product\/yoast-seo-wordpress\/ -->\n<title>San Felipe celebra el Verano Palmenia Pizarro 2025 con seis noches de m\u00fasica gratuita - Diario El Trabajo<\/title>\n<meta name=\"robots\" content=\"index, follow, max-snippet:-1, max-image-preview:large, max-video-preview:-1\" \/>\n<link rel=\"canonical\" href=\"https:\/\/eltrabajo.cl\/web\/san-felipe-celebra-el-verano-palmenia-pizarro-2025-con-seis-noches-de-musica-gratuita\/\" \/>\n<meta property=\"og:locale\" content=\"es_ES\" \/>\n<meta property=\"og:type\" content=\"article\" \/>\n<meta property=\"og:title\" content=\"San Felipe celebra el Verano Palmenia Pizarro 2025 con seis noches de m\u00fasica gratuita - Diario El Trabajo\" \/>\n<meta property=\"og:description\" content=\"Tal como en a\u00f1os anteriores, hoy comienza el Verano Palmenia Pizarro 2025, que se extender\u00e1 los d\u00edas 14, 15, 16, 17, 18 y 25 de enero en la Plaza de Armas desde las 20:00 horas. La jornada de cierre ser\u00e1 en el Estadio Almendral Alto. El programa contempla espect\u00e1culos gratuitos para todos los gustos musicales [&hellip;]\" \/>\n<meta property=\"og:url\" content=\"https:\/\/eltrabajo.cl\/web\/san-felipe-celebra-el-verano-palmenia-pizarro-2025-con-seis-noches-de-musica-gratuita\/\" \/>\n<meta property=\"og:site_name\" content=\"Diario El Trabajo\" \/>\n<meta property=\"article:publisher\" content=\"https:\/\/www.facebook.com\/ElTrabajoDiario\" \/>\n<meta property=\"article:published_time\" content=\"2025-01-14T00:39:58+00:00\" \/>\n<meta property=\"og:image\" content=\"https:\/\/eltrabajo.cl\/web\/wp-content\/uploads\/2025\/01\/show-publico.jpg\" \/>\n\t<meta property=\"og:image:width\" content=\"699\" \/>\n\t<meta property=\"og:image:height\" content=\"393\" \/>\n\t<meta property=\"og:image:type\" content=\"image\/jpeg\" \/>\n<meta name=\"author\" content=\"Diario El Trabajo\" \/>\n<meta name=\"twitter:card\" content=\"summary_large_image\" \/>\n<meta name=\"twitter:creator\" content=\"@diarioeltrabajo\" \/>\n<meta name=\"twitter:site\" content=\"@diarioeltrabajo\" \/>\n<meta name=\"twitter:label1\" content=\"Escrito por\" \/>\n\t<meta name=\"twitter:data1\" content=\"Diario El Trabajo\" \/>\n\t<meta name=\"twitter:label2\" content=\"Tiempo estimado de lectura\" \/>\n\t<meta name=\"twitter:data2\" content=\"3 minutos\" \/>\n<script type=\"application\/ld+json\" class=\"yoast-schema-graph\">{\"@context\":\"https:\\\/\\\/schema.org\",\"@graph\":[{\"@type\":\"Article\",\"@id\":\"https:\\\/\\\/eltrabajo.cl\\\/web\\\/san-felipe-celebra-el-verano-palmenia-pizarro-2025-con-seis-noches-de-musica-gratuita\\\/#article\",\"isPartOf\":{\"@id\":\"https:\\\/\\\/eltrabajo.cl\\\/web\\\/san-felipe-celebra-el-verano-palmenia-pizarro-2025-con-seis-noches-de-musica-gratuita\\\/\"},\"author\":{\"name\":\"Diario El Trabajo\",\"@id\":\"https:\\\/\\\/eltrabajo.cl\\\/web\\\/#\\\/schema\\\/person\\\/45efd3d17f86ec456e44dd7debe1bf19\"},\"headline\":\"San Felipe celebra el Verano Palmenia Pizarro 2025 con seis noches de m\u00fasica gratuita\",\"datePublished\":\"2025-01-14T00:39:58+00:00\",\"mainEntityOfPage\":{\"@id\":\"https:\\\/\\\/eltrabajo.cl\\\/web\\\/san-felipe-celebra-el-verano-palmenia-pizarro-2025-con-seis-noches-de-musica-gratuita\\\/\"},\"wordCount\":444,\"commentCount\":0,\"publisher\":{\"@id\":\"https:\\\/\\\/eltrabajo.cl\\\/web\\\/#organization\"},\"image\":{\"@id\":\"https:\\\/\\\/eltrabajo.cl\\\/web\\\/san-felipe-celebra-el-verano-palmenia-pizarro-2025-con-seis-noches-de-musica-gratuita\\\/#primaryimage\"},\"thumbnailUrl\":\"https:\\\/\\\/eltrabajo.cl\\\/web\\\/wp-content\\\/uploads\\\/2025\\\/01\\\/show-publico.jpg\",\"articleSection\":[\"Cr\u00f3nica\"],\"inLanguage\":\"es-CL\",\"potentialAction\":[{\"@type\":\"CommentAction\",\"name\":\"Comment\",\"target\":[\"https:\\\/\\\/eltrabajo.cl\\\/web\\\/san-felipe-celebra-el-verano-palmenia-pizarro-2025-con-seis-noches-de-musica-gratuita\\\/#respond\"]}]},{\"@type\":\"WebPage\",\"@id\":\"https:\\\/\\\/eltrabajo.cl\\\/web\\\/san-felipe-celebra-el-verano-palmenia-pizarro-2025-con-seis-noches-de-musica-gratuita\\\/\",\"url\":\"https:\\\/\\\/eltrabajo.cl\\\/web\\\/san-felipe-celebra-el-verano-palmenia-pizarro-2025-con-seis-noches-de-musica-gratuita\\\/\",\"name\":\"San Felipe celebra el Verano Palmenia Pizarro 2025 con seis noches de m\u00fasica gratuita - Diario El Trabajo\",\"isPartOf\":{\"@id\":\"https:\\\/\\\/eltrabajo.cl\\\/web\\\/#website\"},\"primaryImageOfPage\":{\"@id\":\"https:\\\/\\\/eltrabajo.cl\\\/web\\\/san-felipe-celebra-el-verano-palmenia-pizarro-2025-con-seis-noches-de-musica-gratuita\\\/#primaryimage\"},\"image\":{\"@id\":\"https:\\\/\\\/eltrabajo.cl\\\/web\\\/san-felipe-celebra-el-verano-palmenia-pizarro-2025-con-seis-noches-de-musica-gratuita\\\/#primaryimage\"},\"thumbnailUrl\":\"https:\\\/\\\/eltrabajo.cl\\\/web\\\/wp-content\\\/uploads\\\/2025\\\/01\\\/show-publico.jpg\",\"datePublished\":\"2025-01-14T00:39:58+00:00\",\"breadcrumb\":{\"@id\":\"https:\\\/\\\/eltrabajo.cl\\\/web\\\/san-felipe-celebra-el-verano-palmenia-pizarro-2025-con-seis-noches-de-musica-gratuita\\\/#breadcrumb\"},\"inLanguage\":\"es-CL\",\"potentialAction\":[{\"@type\":\"ReadAction\",\"target\":[\"https:\\\/\\\/eltrabajo.cl\\\/web\\\/san-felipe-celebra-el-verano-palmenia-pizarro-2025-con-seis-noches-de-musica-gratuita\\\/\"]}]},{\"@type\":\"ImageObject\",\"inLanguage\":\"es-CL\",\"@id\":\"https:\\\/\\\/eltrabajo.cl\\\/web\\\/san-felipe-celebra-el-verano-palmenia-pizarro-2025-con-seis-noches-de-musica-gratuita\\\/#primaryimage\",\"url\":\"https:\\\/\\\/eltrabajo.cl\\\/web\\\/wp-content\\\/uploads\\\/2025\\\/01\\\/show-publico.jpg\",\"contentUrl\":\"https:\\\/\\\/eltrabajo.cl\\\/web\\\/wp-content\\\/uploads\\\/2025\\\/01\\\/show-publico.jpg\",\"width\":699,\"height\":393,\"caption\":\"Ser\u00e1n seis noches del Verano Palmenia Pizarro 2025, todas en la Plaza de Armas de San Felipe, excepto por el Show Trilla, que se realizar\u00e1 en el Estadio Almendral Alto. (Foto de archivo).\"},{\"@type\":\"BreadcrumbList\",\"@id\":\"https:\\\/\\\/eltrabajo.cl\\\/web\\\/san-felipe-celebra-el-verano-palmenia-pizarro-2025-con-seis-noches-de-musica-gratuita\\\/#breadcrumb\",\"itemListElement\":[{\"@type\":\"ListItem\",\"position\":1,\"name\":\"Portada\",\"item\":\"https:\\\/\\\/eltrabajo.cl\\\/web\\\/\"},{\"@type\":\"ListItem\",\"position\":2,\"name\":\"San Felipe celebra el Verano Palmenia Pizarro 2025 con seis noches de m\u00fasica gratuita\"}]},{\"@type\":\"WebSite\",\"@id\":\"https:\\\/\\\/eltrabajo.cl\\\/web\\\/#website\",\"url\":\"https:\\\/\\\/eltrabajo.cl\\\/web\\\/\",\"name\":\"Diario El Trabajo\",\"description\":\"Desde 1929 construyendo Identidad Local\",\"publisher\":{\"@id\":\"https:\\\/\\\/eltrabajo.cl\\\/web\\\/#organization\"},\"potentialAction\":[{\"@type\":\"SearchAction\",\"target\":{\"@type\":\"EntryPoint\",\"urlTemplate\":\"https:\\\/\\\/eltrabajo.cl\\\/web\\\/?s={search_term_string}\"},\"query-input\":{\"@type\":\"PropertyValueSpecification\",\"valueRequired\":true,\"valueName\":\"search_term_string\"}}],\"inLanguage\":\"es-CL\"},{\"@type\":\"Organization\",\"@id\":\"https:\\\/\\\/eltrabajo.cl\\\/web\\\/#organization\",\"name\":\"Diario El Trabajo\",\"url\":\"https:\\\/\\\/eltrabajo.cl\\\/web\\\/\",\"logo\":{\"@type\":\"ImageObject\",\"inLanguage\":\"es-CL\",\"@id\":\"https:\\\/\\\/eltrabajo.cl\\\/web\\\/#\\\/schema\\\/logo\\\/image\\\/\",\"url\":\"https:\\\/\\\/eltrabajo.cl\\\/web\\\/wp-content\\\/uploads\\\/2024\\\/06\\\/profile-image-ig-page-diarioeltrabajo.jpg\",\"contentUrl\":\"https:\\\/\\\/eltrabajo.cl\\\/web\\\/wp-content\\\/uploads\\\/2024\\\/06\\\/profile-image-ig-page-diarioeltrabajo.jpg\",\"width\":823,\"height\":823,\"caption\":\"Diario El Trabajo\"},\"image\":{\"@id\":\"https:\\\/\\\/eltrabajo.cl\\\/web\\\/#\\\/schema\\\/logo\\\/image\\\/\"},\"sameAs\":[\"https:\\\/\\\/www.facebook.com\\\/ElTrabajoDiario\",\"https:\\\/\\\/x.com\\\/diarioeltrabajo\"]},{\"@type\":\"Person\",\"@id\":\"https:\\\/\\\/eltrabajo.cl\\\/web\\\/#\\\/schema\\\/person\\\/45efd3d17f86ec456e44dd7debe1bf19\",\"name\":\"Diario El Trabajo\",\"image\":{\"@type\":\"ImageObject\",\"inLanguage\":\"es-CL\",\"@id\":\"https:\\\/\\\/secure.gravatar.com\\\/avatar\\\/7e6ec277dc4aea2677c2dc301d4227957219329c985ab69a3efc12518b5161aa?s=96&d=mm&r=g\",\"url\":\"https:\\\/\\\/secure.gravatar.com\\\/avatar\\\/7e6ec277dc4aea2677c2dc301d4227957219329c985ab69a3efc12518b5161aa?s=96&d=mm&r=g\",\"contentUrl\":\"https:\\\/\\\/secure.gravatar.com\\\/avatar\\\/7e6ec277dc4aea2677c2dc301d4227957219329c985ab69a3efc12518b5161aa?s=96&d=mm&r=g\",\"caption\":\"Diario El Trabajo\"},\"sameAs\":[\"https:\\\/\\\/eltrabajo.cl\\\/web\"],\"url\":\"https:\\\/\\\/eltrabajo.cl\\\/web\\\/author\\\/diario-el-trabajo\\\/\"}]}<\/script>\n<!-- \/ Yoast SEO plugin. -->","yoast_head_json":{"title":"San Felipe celebra el Verano Palmenia Pizarro 2025 con seis noches de m\u00fasica gratuita - Diario El Trabajo","robots":{"index":"index","follow":"follow","max-snippet":"max-snippet:-1","max-image-preview":"max-image-preview:large","max-video-preview":"max-video-preview:-1"},"canonical":"https:\/\/eltrabajo.cl\/web\/san-felipe-celebra-el-verano-palmenia-pizarro-2025-con-seis-noches-de-musica-gratuita\/","og_locale":"es_ES","og_type":"article","og_title":"San Felipe celebra el Verano Palmenia Pizarro 2025 con seis noches de m\u00fasica gratuita - Diario El Trabajo","og_description":"Tal como en a\u00f1os anteriores, hoy comienza el Verano Palmenia Pizarro 2025, que se extender\u00e1 los d\u00edas 14, 15, 16, 17, 18 y 25 de enero en la Plaza de Armas desde las 20:00 horas. La jornada de cierre ser\u00e1 en el Estadio Almendral Alto. El programa contempla espect\u00e1culos gratuitos para todos los gustos musicales [&hellip;]","og_url":"https:\/\/eltrabajo.cl\/web\/san-felipe-celebra-el-verano-palmenia-pizarro-2025-con-seis-noches-de-musica-gratuita\/","og_site_name":"Diario El Trabajo","article_publisher":"https:\/\/www.facebook.com\/ElTrabajoDiario","article_published_time":"2025-01-14T00:39:58+00:00","og_image":[{"width":699,"height":393,"url":"https:\/\/eltrabajo.cl\/web\/wp-content\/uploads\/2025\/01\/show-publico.jpg","type":"image\/jpeg"}],"author":"Diario El Trabajo","twitter_card":"summary_large_image","twitter_creator":"@diarioeltrabajo","twitter_site":"@diarioeltrabajo","twitter_misc":{"Escrito por":"Diario El Trabajo","Tiempo estimado de lectura":"3 minutos"},"schema":{"@context":"https:\/\/schema.org","@graph":[{"@type":"Article","@id":"https:\/\/eltrabajo.cl\/web\/san-felipe-celebra-el-verano-palmenia-pizarro-2025-con-seis-noches-de-musica-gratuita\/#article","isPartOf":{"@id":"https:\/\/eltrabajo.cl\/web\/san-felipe-celebra-el-verano-palmenia-pizarro-2025-con-seis-noches-de-musica-gratuita\/"},"author":{"name":"Diario El Trabajo","@id":"https:\/\/eltrabajo.cl\/web\/#\/schema\/person\/45efd3d17f86ec456e44dd7debe1bf19"},"headline":"San Felipe celebra el Verano Palmenia Pizarro 2025 con seis noches de m\u00fasica gratuita","datePublished":"2025-01-14T00:39:58+00:00","mainEntityOfPage":{"@id":"https:\/\/eltrabajo.cl\/web\/san-felipe-celebra-el-verano-palmenia-pizarro-2025-con-seis-noches-de-musica-gratuita\/"},"wordCount":444,"commentCount":0,"publisher":{"@id":"https:\/\/eltrabajo.cl\/web\/#organization"},"image":{"@id":"https:\/\/eltrabajo.cl\/web\/san-felipe-celebra-el-verano-palmenia-pizarro-2025-con-seis-noches-de-musica-gratuita\/#primaryimage"},"thumbnailUrl":"https:\/\/eltrabajo.cl\/web\/wp-content\/uploads\/2025\/01\/show-publico.jpg","articleSection":["Cr\u00f3nica"],"inLanguage":"es-CL","potentialAction":[{"@type":"CommentAction","name":"Comment","target":["https:\/\/eltrabajo.cl\/web\/san-felipe-celebra-el-verano-palmenia-pizarro-2025-con-seis-noches-de-musica-gratuita\/#respond"]}]},{"@type":"WebPage","@id":"https:\/\/eltrabajo.cl\/web\/san-felipe-celebra-el-verano-palmenia-pizarro-2025-con-seis-noches-de-musica-gratuita\/","url":"https:\/\/eltrabajo.cl\/web\/san-felipe-celebra-el-verano-palmenia-pizarro-2025-con-seis-noches-de-musica-gratuita\/","name":"San Felipe celebra el Verano Palmenia Pizarro 2025 con seis noches de m\u00fasica gratuita - Diario El Trabajo","isPartOf":{"@id":"https:\/\/eltrabajo.cl\/web\/#website"},"primaryImageOfPage":{"@id":"https:\/\/eltrabajo.cl\/web\/san-felipe-celebra-el-verano-palmenia-pizarro-2025-con-seis-noches-de-musica-gratuita\/#primaryimage"},"image":{"@id":"https:\/\/eltrabajo.cl\/web\/san-felipe-celebra-el-verano-palmenia-pizarro-2025-con-seis-noches-de-musica-gratuita\/#primaryimage"},"thumbnailUrl":"https:\/\/eltrabajo.cl\/web\/wp-content\/uploads\/2025\/01\/show-publico.jpg","datePublished":"2025-01-14T00:39:58+00:00","breadcrumb":{"@id":"https:\/\/eltrabajo.cl\/web\/san-felipe-celebra-el-verano-palmenia-pizarro-2025-con-seis-noches-de-musica-gratuita\/#breadcrumb"},"inLanguage":"es-CL","potentialAction":[{"@type":"ReadAction","target":["https:\/\/eltrabajo.cl\/web\/san-felipe-celebra-el-verano-palmenia-pizarro-2025-con-seis-noches-de-musica-gratuita\/"]}]},{"@type":"ImageObject","inLanguage":"es-CL","@id":"https:\/\/eltrabajo.cl\/web\/san-felipe-celebra-el-verano-palmenia-pizarro-2025-con-seis-noches-de-musica-gratuita\/#primaryimage","url":"https:\/\/eltrabajo.cl\/web\/wp-content\/uploads\/2025\/01\/show-publico.jpg","contentUrl":"https:\/\/eltrabajo.cl\/web\/wp-content\/uploads\/2025\/01\/show-publico.jpg","width":699,"height":393,"caption":"Ser\u00e1n seis noches del Verano Palmenia Pizarro 2025, todas en la Plaza de Armas de San Felipe, excepto por el Show Trilla, que se realizar\u00e1 en el Estadio Almendral Alto. (Foto de archivo)."},{"@type":"BreadcrumbList","@id":"https:\/\/eltrabajo.cl\/web\/san-felipe-celebra-el-verano-palmenia-pizarro-2025-con-seis-noches-de-musica-gratuita\/#breadcrumb","itemListElement":[{"@type":"ListItem","position":1,"name":"Portada","item":"https:\/\/eltrabajo.cl\/web\/"},{"@type":"ListItem","position":2,"name":"San Felipe celebra el Verano Palmenia Pizarro 2025 con seis noches de m\u00fasica gratuita"}]},{"@type":"WebSite","@id":"https:\/\/eltrabajo.cl\/web\/#website","url":"https:\/\/eltrabajo.cl\/web\/","name":"Diario El Trabajo","description":"Desde 1929 construyendo Identidad Local","publisher":{"@id":"https:\/\/eltrabajo.cl\/web\/#organization"},"potentialAction":[{"@type":"SearchAction","target":{"@type":"EntryPoint","urlTemplate":"https:\/\/eltrabajo.cl\/web\/?s={search_term_string}"},"query-input":{"@type":"PropertyValueSpecification","valueRequired":true,"valueName":"search_term_string"}}],"inLanguage":"es-CL"},{"@type":"Organization","@id":"https:\/\/eltrabajo.cl\/web\/#organization","name":"Diario El Trabajo","url":"https:\/\/eltrabajo.cl\/web\/","logo":{"@type":"ImageObject","inLanguage":"es-CL","@id":"https:\/\/eltrabajo.cl\/web\/#\/schema\/logo\/image\/","url":"https:\/\/eltrabajo.cl\/web\/wp-content\/uploads\/2024\/06\/profile-image-ig-page-diarioeltrabajo.jpg","contentUrl":"https:\/\/eltrabajo.cl\/web\/wp-content\/uploads\/2024\/06\/profile-image-ig-page-diarioeltrabajo.jpg","width":823,"height":823,"caption":"Diario El Trabajo"},"image":{"@id":"https:\/\/eltrabajo.cl\/web\/#\/schema\/logo\/image\/"},"sameAs":["https:\/\/www.facebook.com\/ElTrabajoDiario","https:\/\/x.com\/diarioeltrabajo"]},{"@type":"Person","@id":"https:\/\/eltrabajo.cl\/web\/#\/schema\/person\/45efd3d17f86ec456e44dd7debe1bf19","name":"Diario El Trabajo","image":{"@type":"ImageObject","inLanguage":"es-CL","@id":"https:\/\/secure.gravatar.com\/avatar\/7e6ec277dc4aea2677c2dc301d4227957219329c985ab69a3efc12518b5161aa?s=96&d=mm&r=g","url":"https:\/\/secure.gravatar.com\/avatar\/7e6ec277dc4aea2677c2dc301d4227957219329c985ab69a3efc12518b5161aa?s=96&d=mm&r=g","contentUrl":"https:\/\/secure.gravatar.com\/avatar\/7e6ec277dc4aea2677c2dc301d4227957219329c985ab69a3efc12518b5161aa?s=96&d=mm&r=g","caption":"Diario El Trabajo"},"sameAs":["https:\/\/eltrabajo.cl\/web"],"url":"https:\/\/eltrabajo.cl\/web\/author\/diario-el-trabajo\/"}]}},"_links":{"self":[{"href":"https:\/\/eltrabajo.cl\/web\/wp-json\/wp\/v2\/posts\/134443","targetHints":{"allow":["GET"]}}],"collection":[{"href":"https:\/\/eltrabajo.cl\/web\/wp-json\/wp\/v2\/posts"}],"about":[{"href":"https:\/\/eltrabajo.cl\/web\/wp-json\/wp\/v2\/types\/post"}],"author":[{"embeddable":true,"href":"https:\/\/eltrabajo.cl\/web\/wp-json\/wp\/v2\/users\/1"}],"replies":[{"embeddable":true,"href":"https:\/\/eltrabajo.cl\/web\/wp-json\/wp\/v2\/comments?post=134443"}],"version-history":[{"count":1,"href":"https:\/\/eltrabajo.cl\/web\/wp-json\/wp\/v2\/posts\/134443\/revisions"}],"predecessor-version":[{"id":134445,"href":"https:\/\/eltrabajo.cl\/web\/wp-json\/wp\/v2\/posts\/134443\/revisions\/134445"}],"wp:featuredmedia":[{"embeddable":true,"href":"https:\/\/eltrabajo.cl\/web\/wp-json\/wp\/v2\/media\/134444"}],"wp:attachment":[{"href":"https:\/\/eltrabajo.cl\/web\/wp-json\/wp\/v2\/media?parent=134443"}],"wp:term":[{"taxonomy":"category","embeddable":true,"href":"https:\/\/eltrabajo.cl\/web\/wp-json\/wp\/v2\/categories?post=134443"},{"taxonomy":"post_tag","embeddable":true,"href":"https:\/\/eltrabajo.cl\/web\/wp-json\/wp\/v2\/tags?post=134443"}],"curies":[{"name":"wp","href":"https:\/\/api.w.org\/{rel}","templated":true}]}}