{"id":134855,"date":"2025-02-03T20:58:13","date_gmt":"2025-02-03T23:58:13","guid":{"rendered":"https:\/\/eltrabajo.cl\/web\/?p=134855"},"modified":"2025-02-03T20:58:13","modified_gmt":"2025-02-03T23:58:13","slug":"union-san-felipe-estrena-hoy-temporada-ante-deportes-limache","status":"publish","type":"post","link":"https:\/\/eltrabajo.cl\/web\/union-san-felipe-estrena-hoy-temporada-ante-deportes-limache\/","title":{"rendered":"Uni\u00f3n San Felipe estrena hoy temporada ante Deportes Limache"},"content":{"rendered":"<p>Despu\u00e9s de poco m\u00e1s de tres meses del \u00faltimo partido del a\u00f1o pasado, esta noche Uni\u00f3n San Felipe volver\u00e1 al ruedo competitivo, cuando a partir de las 20:00 horas desaf\u00ede a Deportes Limache en el estadio Nicol\u00e1s Chagu\u00e1n en la ciudad de La Calera.<\/p>\n<p>El partido que corresponde a la segunda fecha de la copa, ser\u00e1 el debut absoluto de los albirrojos en la actual temporada del f\u00fatbol profesional chileno. <em>\u00abSon pocos d\u00edas los que llevamos juntos, pero que no quepa duda que haremos lo mejor posible en los partidos que se vienen. Limache es un equipo dif\u00edcil, ordenado, que espera y contrataca de manera muy vertiginosa, y es por eso que habr\u00e1 que estar muy atentos para no cometer errores\u00bb<\/em>, dijo el defensa central <strong>Iv\u00e1n Zafarana<\/strong>.<\/p>\n<p>Est\u00e1 muy claro que, por lo ajustado del tiempo de trabajo, es muy dif\u00edcil aventurar una posible formaci\u00f3n titular, a ra\u00edz que no todos los jugadores est\u00e1n al 100% de sus condiciones f\u00edsicas y futbol\u00edsticas, aunque si se trata de hacer suposiciones, se podr\u00eda aventurar que hay elementos que deber\u00edan decir presente ante el equipo \u2018tomatero\u2019, como por ejemplo lo son el arquero <strong>Paulo Garc\u00e9s<\/strong>, m\u00e1s los jugadores de campo: <strong>Yerko Gonz\u00e1lez<\/strong>, Iv\u00e1n Zafarana, <strong>Pedro Navarro<\/strong>, <strong>Sergio Vergara<\/strong>, <strong>Boris Sagredo<\/strong>, <strong>Matias Ruiz<\/strong> y <strong>Diego Gonz\u00e1lez<\/strong>.<\/p>\n<figure id=\"attachment_134856\" aria-describedby=\"caption-attachment-134856\" style=\"width: 699px\" class=\"wp-caption alignnone\"><img loading=\"lazy\" decoding=\"async\" class=\"size-full wp-image-134856\" src=\"https:\/\/eltrabajo.cl\/web\/wp-content\/uploads\/2025\/02\/uni-uni.jpg\" alt=\"En medio de la pretemporada, Uni\u00f3n San Felipe har\u00e1 su debut por la Copa Chile.\" width=\"699\" height=\"505\" srcset=\"https:\/\/eltrabajo.cl\/web\/wp-content\/uploads\/2025\/02\/uni-uni.jpg 699w, https:\/\/eltrabajo.cl\/web\/wp-content\/uploads\/2025\/02\/uni-uni-300x217.jpg 300w, https:\/\/eltrabajo.cl\/web\/wp-content\/uploads\/2025\/02\/uni-uni-581x420.jpg 581w, https:\/\/eltrabajo.cl\/web\/wp-content\/uploads\/2025\/02\/uni-uni-150x108.jpg 150w, https:\/\/eltrabajo.cl\/web\/wp-content\/uploads\/2025\/02\/uni-uni-696x503.jpg 696w, https:\/\/eltrabajo.cl\/web\/wp-content\/uploads\/2025\/02\/uni-uni-324x235.jpg 324w\" sizes=\"auto, (max-width: 699px) 100vw, 699px\" \/><figcaption id=\"caption-attachment-134856\" class=\"wp-caption-text\">En medio de la pretemporada, Uni\u00f3n San Felipe har\u00e1 su debut por la Copa Chile.<\/figcaption><\/figure>\n","protected":false},"excerpt":{"rendered":"<p>Despu\u00e9s de poco m\u00e1s de tres meses del \u00faltimo partido del a\u00f1o pasado, esta noche Uni\u00f3n San Felipe volver\u00e1 al ruedo competitivo, cuando a partir de las 20:00 horas desaf\u00ede a Deportes Limache en el estadio Nicol\u00e1s Chagu\u00e1n en la ciudad de La Calera. El partido que corresponde a la segunda fecha de la copa, [&hellip;]<\/p>\n","protected":false},"author":1,"featured_media":134856,"comment_status":"open","ping_status":"closed","sticky":false,"template":"","format":"standard","meta":{"footnotes":""},"categories":[2],"tags":[],"class_list":{"0":"post-134855","1":"post","2":"type-post","3":"status-publish","4":"format-standard","5":"has-post-thumbnail","7":"category-deportes"},"yoast_head":"<!-- This site is optimized with the Yoast SEO plugin v27.5 - https:\/\/yoast.com\/product\/yoast-seo-wordpress\/ -->\n<title>Uni\u00f3n San Felipe estrena hoy temporada ante Deportes Limache - Diario El Trabajo<\/title>\n<meta name=\"robots\" content=\"index, follow, max-snippet:-1, max-image-preview:large, max-video-preview:-1\" \/>\n<link rel=\"canonical\" href=\"https:\/\/eltrabajo.cl\/web\/union-san-felipe-estrena-hoy-temporada-ante-deportes-limache\/\" \/>\n<meta property=\"og:locale\" content=\"es_ES\" \/>\n<meta property=\"og:type\" content=\"article\" \/>\n<meta property=\"og:title\" content=\"Uni\u00f3n San Felipe estrena hoy temporada ante Deportes Limache - Diario El Trabajo\" \/>\n<meta property=\"og:description\" content=\"Despu\u00e9s de poco m\u00e1s de tres meses del \u00faltimo partido del a\u00f1o pasado, esta noche Uni\u00f3n San Felipe volver\u00e1 al ruedo competitivo, cuando a partir de las 20:00 horas desaf\u00ede a Deportes Limache en el estadio Nicol\u00e1s Chagu\u00e1n en la ciudad de La Calera. El partido que corresponde a la segunda fecha de la copa, [&hellip;]\" \/>\n<meta property=\"og:url\" content=\"https:\/\/eltrabajo.cl\/web\/union-san-felipe-estrena-hoy-temporada-ante-deportes-limache\/\" \/>\n<meta property=\"og:site_name\" content=\"Diario El Trabajo\" \/>\n<meta property=\"article:publisher\" content=\"https:\/\/www.facebook.com\/ElTrabajoDiario\" \/>\n<meta property=\"article:published_time\" content=\"2025-02-03T23:58:13+00:00\" \/>\n<meta property=\"og:image\" content=\"https:\/\/eltrabajo.cl\/web\/wp-content\/uploads\/2025\/02\/uni-uni.jpg\" \/>\n\t<meta property=\"og:image:width\" content=\"699\" \/>\n\t<meta property=\"og:image:height\" content=\"505\" \/>\n\t<meta property=\"og:image:type\" content=\"image\/jpeg\" \/>\n<meta name=\"author\" content=\"Diario El Trabajo\" \/>\n<meta name=\"twitter:card\" content=\"summary_large_image\" \/>\n<meta name=\"twitter:creator\" content=\"@diarioeltrabajo\" \/>\n<meta name=\"twitter:site\" content=\"@diarioeltrabajo\" \/>\n<meta name=\"twitter:label1\" content=\"Escrito por\" \/>\n\t<meta name=\"twitter:data1\" content=\"Diario El Trabajo\" \/>\n\t<meta name=\"twitter:label2\" content=\"Tiempo estimado de lectura\" \/>\n\t<meta name=\"twitter:data2\" content=\"2 minutos\" \/>\n<script type=\"application\/ld+json\" class=\"yoast-schema-graph\">{\"@context\":\"https:\\\/\\\/schema.org\",\"@graph\":[{\"@type\":\"Article\",\"@id\":\"https:\\\/\\\/eltrabajo.cl\\\/web\\\/union-san-felipe-estrena-hoy-temporada-ante-deportes-limache\\\/#article\",\"isPartOf\":{\"@id\":\"https:\\\/\\\/eltrabajo.cl\\\/web\\\/union-san-felipe-estrena-hoy-temporada-ante-deportes-limache\\\/\"},\"author\":{\"name\":\"Diario El Trabajo\",\"@id\":\"https:\\\/\\\/eltrabajo.cl\\\/web\\\/#\\\/schema\\\/person\\\/45efd3d17f86ec456e44dd7debe1bf19\"},\"headline\":\"Uni\u00f3n San Felipe estrena hoy temporada ante Deportes Limache\",\"datePublished\":\"2025-02-03T23:58:13+00:00\",\"mainEntityOfPage\":{\"@id\":\"https:\\\/\\\/eltrabajo.cl\\\/web\\\/union-san-felipe-estrena-hoy-temporada-ante-deportes-limache\\\/\"},\"wordCount\":267,\"commentCount\":0,\"publisher\":{\"@id\":\"https:\\\/\\\/eltrabajo.cl\\\/web\\\/#organization\"},\"image\":{\"@id\":\"https:\\\/\\\/eltrabajo.cl\\\/web\\\/union-san-felipe-estrena-hoy-temporada-ante-deportes-limache\\\/#primaryimage\"},\"thumbnailUrl\":\"https:\\\/\\\/eltrabajo.cl\\\/web\\\/wp-content\\\/uploads\\\/2025\\\/02\\\/uni-uni.jpg\",\"articleSection\":[\"Deportes\"],\"inLanguage\":\"es-CL\",\"potentialAction\":[{\"@type\":\"CommentAction\",\"name\":\"Comment\",\"target\":[\"https:\\\/\\\/eltrabajo.cl\\\/web\\\/union-san-felipe-estrena-hoy-temporada-ante-deportes-limache\\\/#respond\"]}]},{\"@type\":\"WebPage\",\"@id\":\"https:\\\/\\\/eltrabajo.cl\\\/web\\\/union-san-felipe-estrena-hoy-temporada-ante-deportes-limache\\\/\",\"url\":\"https:\\\/\\\/eltrabajo.cl\\\/web\\\/union-san-felipe-estrena-hoy-temporada-ante-deportes-limache\\\/\",\"name\":\"Uni\u00f3n San Felipe estrena hoy temporada ante Deportes Limache - Diario El Trabajo\",\"isPartOf\":{\"@id\":\"https:\\\/\\\/eltrabajo.cl\\\/web\\\/#website\"},\"primaryImageOfPage\":{\"@id\":\"https:\\\/\\\/eltrabajo.cl\\\/web\\\/union-san-felipe-estrena-hoy-temporada-ante-deportes-limache\\\/#primaryimage\"},\"image\":{\"@id\":\"https:\\\/\\\/eltrabajo.cl\\\/web\\\/union-san-felipe-estrena-hoy-temporada-ante-deportes-limache\\\/#primaryimage\"},\"thumbnailUrl\":\"https:\\\/\\\/eltrabajo.cl\\\/web\\\/wp-content\\\/uploads\\\/2025\\\/02\\\/uni-uni.jpg\",\"datePublished\":\"2025-02-03T23:58:13+00:00\",\"breadcrumb\":{\"@id\":\"https:\\\/\\\/eltrabajo.cl\\\/web\\\/union-san-felipe-estrena-hoy-temporada-ante-deportes-limache\\\/#breadcrumb\"},\"inLanguage\":\"es-CL\",\"potentialAction\":[{\"@type\":\"ReadAction\",\"target\":[\"https:\\\/\\\/eltrabajo.cl\\\/web\\\/union-san-felipe-estrena-hoy-temporada-ante-deportes-limache\\\/\"]}]},{\"@type\":\"ImageObject\",\"inLanguage\":\"es-CL\",\"@id\":\"https:\\\/\\\/eltrabajo.cl\\\/web\\\/union-san-felipe-estrena-hoy-temporada-ante-deportes-limache\\\/#primaryimage\",\"url\":\"https:\\\/\\\/eltrabajo.cl\\\/web\\\/wp-content\\\/uploads\\\/2025\\\/02\\\/uni-uni.jpg\",\"contentUrl\":\"https:\\\/\\\/eltrabajo.cl\\\/web\\\/wp-content\\\/uploads\\\/2025\\\/02\\\/uni-uni.jpg\",\"width\":699,\"height\":505,\"caption\":\"En medio de la pretemporada, Uni\u00f3n San Felipe har\u00e1 su debut por la Copa Chile.\"},{\"@type\":\"BreadcrumbList\",\"@id\":\"https:\\\/\\\/eltrabajo.cl\\\/web\\\/union-san-felipe-estrena-hoy-temporada-ante-deportes-limache\\\/#breadcrumb\",\"itemListElement\":[{\"@type\":\"ListItem\",\"position\":1,\"name\":\"Portada\",\"item\":\"https:\\\/\\\/eltrabajo.cl\\\/web\\\/\"},{\"@type\":\"ListItem\",\"position\":2,\"name\":\"Uni\u00f3n San Felipe estrena hoy temporada ante Deportes Limache\"}]},{\"@type\":\"WebSite\",\"@id\":\"https:\\\/\\\/eltrabajo.cl\\\/web\\\/#website\",\"url\":\"https:\\\/\\\/eltrabajo.cl\\\/web\\\/\",\"name\":\"Diario El Trabajo\",\"description\":\"Desde 1929 construyendo Identidad Local\",\"publisher\":{\"@id\":\"https:\\\/\\\/eltrabajo.cl\\\/web\\\/#organization\"},\"potentialAction\":[{\"@type\":\"SearchAction\",\"target\":{\"@type\":\"EntryPoint\",\"urlTemplate\":\"https:\\\/\\\/eltrabajo.cl\\\/web\\\/?s={search_term_string}\"},\"query-input\":{\"@type\":\"PropertyValueSpecification\",\"valueRequired\":true,\"valueName\":\"search_term_string\"}}],\"inLanguage\":\"es-CL\"},{\"@type\":\"Organization\",\"@id\":\"https:\\\/\\\/eltrabajo.cl\\\/web\\\/#organization\",\"name\":\"Diario El Trabajo\",\"url\":\"https:\\\/\\\/eltrabajo.cl\\\/web\\\/\",\"logo\":{\"@type\":\"ImageObject\",\"inLanguage\":\"es-CL\",\"@id\":\"https:\\\/\\\/eltrabajo.cl\\\/web\\\/#\\\/schema\\\/logo\\\/image\\\/\",\"url\":\"https:\\\/\\\/eltrabajo.cl\\\/web\\\/wp-content\\\/uploads\\\/2024\\\/06\\\/profile-image-ig-page-diarioeltrabajo.jpg\",\"contentUrl\":\"https:\\\/\\\/eltrabajo.cl\\\/web\\\/wp-content\\\/uploads\\\/2024\\\/06\\\/profile-image-ig-page-diarioeltrabajo.jpg\",\"width\":823,\"height\":823,\"caption\":\"Diario El Trabajo\"},\"image\":{\"@id\":\"https:\\\/\\\/eltrabajo.cl\\\/web\\\/#\\\/schema\\\/logo\\\/image\\\/\"},\"sameAs\":[\"https:\\\/\\\/www.facebook.com\\\/ElTrabajoDiario\",\"https:\\\/\\\/x.com\\\/diarioeltrabajo\"]},{\"@type\":\"Person\",\"@id\":\"https:\\\/\\\/eltrabajo.cl\\\/web\\\/#\\\/schema\\\/person\\\/45efd3d17f86ec456e44dd7debe1bf19\",\"name\":\"Diario El Trabajo\",\"image\":{\"@type\":\"ImageObject\",\"inLanguage\":\"es-CL\",\"@id\":\"https:\\\/\\\/secure.gravatar.com\\\/avatar\\\/7e6ec277dc4aea2677c2dc301d4227957219329c985ab69a3efc12518b5161aa?s=96&d=mm&r=g\",\"url\":\"https:\\\/\\\/secure.gravatar.com\\\/avatar\\\/7e6ec277dc4aea2677c2dc301d4227957219329c985ab69a3efc12518b5161aa?s=96&d=mm&r=g\",\"contentUrl\":\"https:\\\/\\\/secure.gravatar.com\\\/avatar\\\/7e6ec277dc4aea2677c2dc301d4227957219329c985ab69a3efc12518b5161aa?s=96&d=mm&r=g\",\"caption\":\"Diario El Trabajo\"},\"sameAs\":[\"https:\\\/\\\/eltrabajo.cl\\\/web\"],\"url\":\"https:\\\/\\\/eltrabajo.cl\\\/web\\\/author\\\/diario-el-trabajo\\\/\"}]}<\/script>\n<!-- \/ Yoast SEO plugin. -->","yoast_head_json":{"title":"Uni\u00f3n San Felipe estrena hoy temporada ante Deportes Limache - Diario El Trabajo","robots":{"index":"index","follow":"follow","max-snippet":"max-snippet:-1","max-image-preview":"max-image-preview:large","max-video-preview":"max-video-preview:-1"},"canonical":"https:\/\/eltrabajo.cl\/web\/union-san-felipe-estrena-hoy-temporada-ante-deportes-limache\/","og_locale":"es_ES","og_type":"article","og_title":"Uni\u00f3n San Felipe estrena hoy temporada ante Deportes Limache - Diario El Trabajo","og_description":"Despu\u00e9s de poco m\u00e1s de tres meses del \u00faltimo partido del a\u00f1o pasado, esta noche Uni\u00f3n San Felipe volver\u00e1 al ruedo competitivo, cuando a partir de las 20:00 horas desaf\u00ede a Deportes Limache en el estadio Nicol\u00e1s Chagu\u00e1n en la ciudad de La Calera. El partido que corresponde a la segunda fecha de la copa, [&hellip;]","og_url":"https:\/\/eltrabajo.cl\/web\/union-san-felipe-estrena-hoy-temporada-ante-deportes-limache\/","og_site_name":"Diario El Trabajo","article_publisher":"https:\/\/www.facebook.com\/ElTrabajoDiario","article_published_time":"2025-02-03T23:58:13+00:00","og_image":[{"width":699,"height":505,"url":"https:\/\/eltrabajo.cl\/web\/wp-content\/uploads\/2025\/02\/uni-uni.jpg","type":"image\/jpeg"}],"author":"Diario El Trabajo","twitter_card":"summary_large_image","twitter_creator":"@diarioeltrabajo","twitter_site":"@diarioeltrabajo","twitter_misc":{"Escrito por":"Diario El Trabajo","Tiempo estimado de lectura":"2 minutos"},"schema":{"@context":"https:\/\/schema.org","@graph":[{"@type":"Article","@id":"https:\/\/eltrabajo.cl\/web\/union-san-felipe-estrena-hoy-temporada-ante-deportes-limache\/#article","isPartOf":{"@id":"https:\/\/eltrabajo.cl\/web\/union-san-felipe-estrena-hoy-temporada-ante-deportes-limache\/"},"author":{"name":"Diario El Trabajo","@id":"https:\/\/eltrabajo.cl\/web\/#\/schema\/person\/45efd3d17f86ec456e44dd7debe1bf19"},"headline":"Uni\u00f3n San Felipe estrena hoy temporada ante Deportes Limache","datePublished":"2025-02-03T23:58:13+00:00","mainEntityOfPage":{"@id":"https:\/\/eltrabajo.cl\/web\/union-san-felipe-estrena-hoy-temporada-ante-deportes-limache\/"},"wordCount":267,"commentCount":0,"publisher":{"@id":"https:\/\/eltrabajo.cl\/web\/#organization"},"image":{"@id":"https:\/\/eltrabajo.cl\/web\/union-san-felipe-estrena-hoy-temporada-ante-deportes-limache\/#primaryimage"},"thumbnailUrl":"https:\/\/eltrabajo.cl\/web\/wp-content\/uploads\/2025\/02\/uni-uni.jpg","articleSection":["Deportes"],"inLanguage":"es-CL","potentialAction":[{"@type":"CommentAction","name":"Comment","target":["https:\/\/eltrabajo.cl\/web\/union-san-felipe-estrena-hoy-temporada-ante-deportes-limache\/#respond"]}]},{"@type":"WebPage","@id":"https:\/\/eltrabajo.cl\/web\/union-san-felipe-estrena-hoy-temporada-ante-deportes-limache\/","url":"https:\/\/eltrabajo.cl\/web\/union-san-felipe-estrena-hoy-temporada-ante-deportes-limache\/","name":"Uni\u00f3n San Felipe estrena hoy temporada ante Deportes Limache - Diario El Trabajo","isPartOf":{"@id":"https:\/\/eltrabajo.cl\/web\/#website"},"primaryImageOfPage":{"@id":"https:\/\/eltrabajo.cl\/web\/union-san-felipe-estrena-hoy-temporada-ante-deportes-limache\/#primaryimage"},"image":{"@id":"https:\/\/eltrabajo.cl\/web\/union-san-felipe-estrena-hoy-temporada-ante-deportes-limache\/#primaryimage"},"thumbnailUrl":"https:\/\/eltrabajo.cl\/web\/wp-content\/uploads\/2025\/02\/uni-uni.jpg","datePublished":"2025-02-03T23:58:13+00:00","breadcrumb":{"@id":"https:\/\/eltrabajo.cl\/web\/union-san-felipe-estrena-hoy-temporada-ante-deportes-limache\/#breadcrumb"},"inLanguage":"es-CL","potentialAction":[{"@type":"ReadAction","target":["https:\/\/eltrabajo.cl\/web\/union-san-felipe-estrena-hoy-temporada-ante-deportes-limache\/"]}]},{"@type":"ImageObject","inLanguage":"es-CL","@id":"https:\/\/eltrabajo.cl\/web\/union-san-felipe-estrena-hoy-temporada-ante-deportes-limache\/#primaryimage","url":"https:\/\/eltrabajo.cl\/web\/wp-content\/uploads\/2025\/02\/uni-uni.jpg","contentUrl":"https:\/\/eltrabajo.cl\/web\/wp-content\/uploads\/2025\/02\/uni-uni.jpg","width":699,"height":505,"caption":"En medio de la pretemporada, Uni\u00f3n San Felipe har\u00e1 su debut por la Copa Chile."},{"@type":"BreadcrumbList","@id":"https:\/\/eltrabajo.cl\/web\/union-san-felipe-estrena-hoy-temporada-ante-deportes-limache\/#breadcrumb","itemListElement":[{"@type":"ListItem","position":1,"name":"Portada","item":"https:\/\/eltrabajo.cl\/web\/"},{"@type":"ListItem","position":2,"name":"Uni\u00f3n San Felipe estrena hoy temporada ante Deportes Limache"}]},{"@type":"WebSite","@id":"https:\/\/eltrabajo.cl\/web\/#website","url":"https:\/\/eltrabajo.cl\/web\/","name":"Diario El Trabajo","description":"Desde 1929 construyendo Identidad Local","publisher":{"@id":"https:\/\/eltrabajo.cl\/web\/#organization"},"potentialAction":[{"@type":"SearchAction","target":{"@type":"EntryPoint","urlTemplate":"https:\/\/eltrabajo.cl\/web\/?s={search_term_string}"},"query-input":{"@type":"PropertyValueSpecification","valueRequired":true,"valueName":"search_term_string"}}],"inLanguage":"es-CL"},{"@type":"Organization","@id":"https:\/\/eltrabajo.cl\/web\/#organization","name":"Diario El Trabajo","url":"https:\/\/eltrabajo.cl\/web\/","logo":{"@type":"ImageObject","inLanguage":"es-CL","@id":"https:\/\/eltrabajo.cl\/web\/#\/schema\/logo\/image\/","url":"https:\/\/eltrabajo.cl\/web\/wp-content\/uploads\/2024\/06\/profile-image-ig-page-diarioeltrabajo.jpg","contentUrl":"https:\/\/eltrabajo.cl\/web\/wp-content\/uploads\/2024\/06\/profile-image-ig-page-diarioeltrabajo.jpg","width":823,"height":823,"caption":"Diario El Trabajo"},"image":{"@id":"https:\/\/eltrabajo.cl\/web\/#\/schema\/logo\/image\/"},"sameAs":["https:\/\/www.facebook.com\/ElTrabajoDiario","https:\/\/x.com\/diarioeltrabajo"]},{"@type":"Person","@id":"https:\/\/eltrabajo.cl\/web\/#\/schema\/person\/45efd3d17f86ec456e44dd7debe1bf19","name":"Diario El Trabajo","image":{"@type":"ImageObject","inLanguage":"es-CL","@id":"https:\/\/secure.gravatar.com\/avatar\/7e6ec277dc4aea2677c2dc301d4227957219329c985ab69a3efc12518b5161aa?s=96&d=mm&r=g","url":"https:\/\/secure.gravatar.com\/avatar\/7e6ec277dc4aea2677c2dc301d4227957219329c985ab69a3efc12518b5161aa?s=96&d=mm&r=g","contentUrl":"https:\/\/secure.gravatar.com\/avatar\/7e6ec277dc4aea2677c2dc301d4227957219329c985ab69a3efc12518b5161aa?s=96&d=mm&r=g","caption":"Diario El Trabajo"},"sameAs":["https:\/\/eltrabajo.cl\/web"],"url":"https:\/\/eltrabajo.cl\/web\/author\/diario-el-trabajo\/"}]}},"_links":{"self":[{"href":"https:\/\/eltrabajo.cl\/web\/wp-json\/wp\/v2\/posts\/134855","targetHints":{"allow":["GET"]}}],"collection":[{"href":"https:\/\/eltrabajo.cl\/web\/wp-json\/wp\/v2\/posts"}],"about":[{"href":"https:\/\/eltrabajo.cl\/web\/wp-json\/wp\/v2\/types\/post"}],"author":[{"embeddable":true,"href":"https:\/\/eltrabajo.cl\/web\/wp-json\/wp\/v2\/users\/1"}],"replies":[{"embeddable":true,"href":"https:\/\/eltrabajo.cl\/web\/wp-json\/wp\/v2\/comments?post=134855"}],"version-history":[{"count":1,"href":"https:\/\/eltrabajo.cl\/web\/wp-json\/wp\/v2\/posts\/134855\/revisions"}],"predecessor-version":[{"id":134857,"href":"https:\/\/eltrabajo.cl\/web\/wp-json\/wp\/v2\/posts\/134855\/revisions\/134857"}],"wp:featuredmedia":[{"embeddable":true,"href":"https:\/\/eltrabajo.cl\/web\/wp-json\/wp\/v2\/media\/134856"}],"wp:attachment":[{"href":"https:\/\/eltrabajo.cl\/web\/wp-json\/wp\/v2\/media?parent=134855"}],"wp:term":[{"taxonomy":"category","embeddable":true,"href":"https:\/\/eltrabajo.cl\/web\/wp-json\/wp\/v2\/categories?post=134855"},{"taxonomy":"post_tag","embeddable":true,"href":"https:\/\/eltrabajo.cl\/web\/wp-json\/wp\/v2\/tags?post=134855"}],"curies":[{"name":"wp","href":"https:\/\/api.w.org\/{rel}","templated":true}]}}