{"id":135093,"date":"2025-02-12T20:48:08","date_gmt":"2025-02-12T23:48:08","guid":{"rendered":"https:\/\/eltrabajo.cl\/web\/?p=135093"},"modified":"2025-02-12T20:48:08","modified_gmt":"2025-02-12T23:48:08","slug":"concejal-ronald-olivares-se-ausenta-del-concejo-municipal-y-envia-carta-informando-que-esta-con-licencia-medica","status":"publish","type":"post","link":"https:\/\/eltrabajo.cl\/web\/concejal-ronald-olivares-se-ausenta-del-concejo-municipal-y-envia-carta-informando-que-esta-con-licencia-medica\/","title":{"rendered":"Concejal Ronald Olivares se ausenta del Concejo Municipal y env\u00eda carta informando que est\u00e1 con licencia m\u00e9dica"},"content":{"rendered":"<p>Se esperaba que este d\u00eda martes 11 de febrero el concejal <strong>Ronald Olivares<\/strong> asistiera a la nueva sesi\u00f3n del Concejo Municipal y explicara la situaci\u00f3n en que se est\u00e1 viendo envuelto producto de una denuncia por un presunto secuestro a su persona; esto, cuando se dirig\u00eda a un seminario en Vi\u00f1a del Mar. Aquello no sucedi\u00f3 y en reemplazo, envi\u00f3 una carta que fue le\u00edda por la secretaria del Honorable Concejo, <strong>Marillac Cort\u00e9s<\/strong>.<\/p>\n<p>En la misiva, el edil menciona que va a devolver el dinero (vi\u00e1ticos) de dicha capacitaci\u00f3n en la ciudad jard\u00edn \u2013monto que asciende a cerca de los $300.000- y que la han dado licencia m\u00e9dica. Adem\u00e1s, se\u00f1al\u00f3 que est\u00e1 dispuesto a cooperar con la investigaci\u00f3n de su caso.<\/p>\n<p>En esta l\u00ednea, agreg\u00f3 textualmente que <em>\u00abme han derivado a licencia m\u00e9dica. En relaci\u00f3n a la informaci\u00f3n del delito que he sido v\u00edctima <\/em>(presunto secuestro)<em>, quiero ratificar que la denuncia se mantiene interpuesta y que estoy a disposici\u00f3n para colaborar en lo que sea necesario. Adem\u00e1s quiero ser bien enf\u00e1tico en que vengo a devolver los dineros o recursos del vi\u00e1tico de la capacitaci\u00f3n, que no pude culminar no por falta de compromiso, sino porque he sido v\u00edctima de un delito que actualmente se encuentra en investigaci\u00f3n. Sin otro particular, Ronald Olivares Cruz, concejal de la Ilustre Municipalidad de San Felipe\u00bb<\/em>.<\/p>\n<p>&nbsp;<\/p>\n<p><strong>PUBLICACI\u00d3N EN INSTAGRAM<\/strong><\/p>\n<p>Cabe recordar que, todo esto se inicia con una publicaci\u00f3n aparecida en el Instagram de \u2018elatlas.cl\u2019, cuenta donde se escribe <em>\u00abRevuelo pol\u00edtico en San Felipe. Como un verdadero misil que es dif\u00edcil de pronosticar las secuelas de su impacto, se ha calificado en algunos incumbentes la \u2018justificaci\u00f3n\u2019 que entreg\u00f3 en las \u00faltimas horas el concejal Ronald Olivares, por haberse ausentado del \u2018Curso Institucionalidad Municipal y Funcionamiento del Concejo\u2019 que se realiz\u00f3 entre el 28 al 31 de enero en el Hotel Marina del Rey en Vi\u00f1a del Mar, al que viaj\u00f3 junto a otros ediles sanfelipe\u00f1os. El concejal electo por la lista de Dem\u00f3cratas, denunci\u00f3 que habr\u00eda sido v\u00edctima de un secuestro, permaneciendo retenido en alg\u00fan sector de la ciudad jard\u00edn, de donde habr\u00eda logrado escapar reci\u00e9n el pasado martes\u00bb<\/em>.<\/p>\n<p>Sobre la denuncia, podemos decir que el fiscal <strong>Benjam\u00edn Santib\u00e1\u00f1ez Contreras<\/strong>, dijo p\u00fablicamente a los medios, que se iba actuar de oficio.<\/p>\n<figure id=\"attachment_135094\" aria-describedby=\"caption-attachment-135094\" style=\"width: 699px\" class=\"wp-caption alignnone\"><img loading=\"lazy\" decoding=\"async\" class=\"size-full wp-image-135094\" src=\"https:\/\/eltrabajo.cl\/web\/wp-content\/uploads\/2025\/02\/Ronald-Olivares.jpg\" alt=\"Ronald Olivares, concejal de San Felipe.\" width=\"699\" height=\"665\" srcset=\"https:\/\/eltrabajo.cl\/web\/wp-content\/uploads\/2025\/02\/Ronald-Olivares.jpg 699w, https:\/\/eltrabajo.cl\/web\/wp-content\/uploads\/2025\/02\/Ronald-Olivares-300x285.jpg 300w, https:\/\/eltrabajo.cl\/web\/wp-content\/uploads\/2025\/02\/Ronald-Olivares-441x420.jpg 441w, https:\/\/eltrabajo.cl\/web\/wp-content\/uploads\/2025\/02\/Ronald-Olivares-150x143.jpg 150w, https:\/\/eltrabajo.cl\/web\/wp-content\/uploads\/2025\/02\/Ronald-Olivares-696x662.jpg 696w\" sizes=\"auto, (max-width: 699px) 100vw, 699px\" \/><figcaption id=\"caption-attachment-135094\" class=\"wp-caption-text\">Ronald Olivares, concejal de San Felipe.<\/figcaption><\/figure>\n","protected":false},"excerpt":{"rendered":"<p>Se esperaba que este d\u00eda martes 11 de febrero el concejal Ronald Olivares asistiera a la nueva sesi\u00f3n del Concejo Municipal y explicara la situaci\u00f3n en que se est\u00e1 viendo envuelto producto de una denuncia por un presunto secuestro a su persona; esto, cuando se dirig\u00eda a un seminario en Vi\u00f1a del Mar. Aquello no [&hellip;]<\/p>\n","protected":false},"author":1,"featured_media":135094,"comment_status":"open","ping_status":"closed","sticky":false,"template":"","format":"standard","meta":{"footnotes":""},"categories":[3],"tags":[],"class_list":{"0":"post-135093","1":"post","2":"type-post","3":"status-publish","4":"format-standard","5":"has-post-thumbnail","7":"category-cronica-2"},"yoast_head":"<!-- This site is optimized with the Yoast SEO plugin v27.5 - https:\/\/yoast.com\/product\/yoast-seo-wordpress\/ -->\n<title>Concejal Ronald Olivares se ausenta del Concejo Municipal y env\u00eda carta informando que est\u00e1 con licencia m\u00e9dica - Diario El Trabajo<\/title>\n<meta name=\"robots\" content=\"index, follow, max-snippet:-1, max-image-preview:large, max-video-preview:-1\" \/>\n<link rel=\"canonical\" href=\"https:\/\/eltrabajo.cl\/web\/concejal-ronald-olivares-se-ausenta-del-concejo-municipal-y-envia-carta-informando-que-esta-con-licencia-medica\/\" \/>\n<meta property=\"og:locale\" content=\"es_ES\" \/>\n<meta property=\"og:type\" content=\"article\" \/>\n<meta property=\"og:title\" content=\"Concejal Ronald Olivares se ausenta del Concejo Municipal y env\u00eda carta informando que est\u00e1 con licencia m\u00e9dica - Diario El Trabajo\" \/>\n<meta property=\"og:description\" content=\"Se esperaba que este d\u00eda martes 11 de febrero el concejal Ronald Olivares asistiera a la nueva sesi\u00f3n del Concejo Municipal y explicara la situaci\u00f3n en que se est\u00e1 viendo envuelto producto de una denuncia por un presunto secuestro a su persona; esto, cuando se dirig\u00eda a un seminario en Vi\u00f1a del Mar. Aquello no [&hellip;]\" \/>\n<meta property=\"og:url\" content=\"https:\/\/eltrabajo.cl\/web\/concejal-ronald-olivares-se-ausenta-del-concejo-municipal-y-envia-carta-informando-que-esta-con-licencia-medica\/\" \/>\n<meta property=\"og:site_name\" content=\"Diario El Trabajo\" \/>\n<meta property=\"article:publisher\" content=\"https:\/\/www.facebook.com\/ElTrabajoDiario\" \/>\n<meta property=\"article:published_time\" content=\"2025-02-12T23:48:08+00:00\" \/>\n<meta property=\"og:image\" content=\"https:\/\/eltrabajo.cl\/web\/wp-content\/uploads\/2025\/02\/Ronald-Olivares.jpg\" \/>\n\t<meta property=\"og:image:width\" content=\"699\" \/>\n\t<meta property=\"og:image:height\" content=\"665\" \/>\n\t<meta property=\"og:image:type\" content=\"image\/jpeg\" \/>\n<meta name=\"author\" content=\"Diario El Trabajo\" \/>\n<meta name=\"twitter:card\" content=\"summary_large_image\" \/>\n<meta name=\"twitter:creator\" content=\"@diarioeltrabajo\" \/>\n<meta name=\"twitter:site\" content=\"@diarioeltrabajo\" \/>\n<meta name=\"twitter:label1\" content=\"Escrito por\" \/>\n\t<meta name=\"twitter:data1\" content=\"Diario El Trabajo\" \/>\n\t<meta name=\"twitter:label2\" content=\"Tiempo estimado de lectura\" \/>\n\t<meta name=\"twitter:data2\" content=\"3 minutos\" \/>\n<script type=\"application\/ld+json\" class=\"yoast-schema-graph\">{\"@context\":\"https:\\\/\\\/schema.org\",\"@graph\":[{\"@type\":\"Article\",\"@id\":\"https:\\\/\\\/eltrabajo.cl\\\/web\\\/concejal-ronald-olivares-se-ausenta-del-concejo-municipal-y-envia-carta-informando-que-esta-con-licencia-medica\\\/#article\",\"isPartOf\":{\"@id\":\"https:\\\/\\\/eltrabajo.cl\\\/web\\\/concejal-ronald-olivares-se-ausenta-del-concejo-municipal-y-envia-carta-informando-que-esta-con-licencia-medica\\\/\"},\"author\":{\"name\":\"Diario El Trabajo\",\"@id\":\"https:\\\/\\\/eltrabajo.cl\\\/web\\\/#\\\/schema\\\/person\\\/45efd3d17f86ec456e44dd7debe1bf19\"},\"headline\":\"Concejal Ronald Olivares se ausenta del Concejo Municipal y env\u00eda carta informando que est\u00e1 con licencia m\u00e9dica\",\"datePublished\":\"2025-02-12T23:48:08+00:00\",\"mainEntityOfPage\":{\"@id\":\"https:\\\/\\\/eltrabajo.cl\\\/web\\\/concejal-ronald-olivares-se-ausenta-del-concejo-municipal-y-envia-carta-informando-que-esta-con-licencia-medica\\\/\"},\"wordCount\":451,\"commentCount\":0,\"publisher\":{\"@id\":\"https:\\\/\\\/eltrabajo.cl\\\/web\\\/#organization\"},\"image\":{\"@id\":\"https:\\\/\\\/eltrabajo.cl\\\/web\\\/concejal-ronald-olivares-se-ausenta-del-concejo-municipal-y-envia-carta-informando-que-esta-con-licencia-medica\\\/#primaryimage\"},\"thumbnailUrl\":\"https:\\\/\\\/eltrabajo.cl\\\/web\\\/wp-content\\\/uploads\\\/2025\\\/02\\\/Ronald-Olivares.jpg\",\"articleSection\":[\"Cr\u00f3nica\"],\"inLanguage\":\"es-CL\",\"potentialAction\":[{\"@type\":\"CommentAction\",\"name\":\"Comment\",\"target\":[\"https:\\\/\\\/eltrabajo.cl\\\/web\\\/concejal-ronald-olivares-se-ausenta-del-concejo-municipal-y-envia-carta-informando-que-esta-con-licencia-medica\\\/#respond\"]}]},{\"@type\":\"WebPage\",\"@id\":\"https:\\\/\\\/eltrabajo.cl\\\/web\\\/concejal-ronald-olivares-se-ausenta-del-concejo-municipal-y-envia-carta-informando-que-esta-con-licencia-medica\\\/\",\"url\":\"https:\\\/\\\/eltrabajo.cl\\\/web\\\/concejal-ronald-olivares-se-ausenta-del-concejo-municipal-y-envia-carta-informando-que-esta-con-licencia-medica\\\/\",\"name\":\"Concejal Ronald Olivares se ausenta del Concejo Municipal y env\u00eda carta informando que est\u00e1 con licencia m\u00e9dica - Diario El Trabajo\",\"isPartOf\":{\"@id\":\"https:\\\/\\\/eltrabajo.cl\\\/web\\\/#website\"},\"primaryImageOfPage\":{\"@id\":\"https:\\\/\\\/eltrabajo.cl\\\/web\\\/concejal-ronald-olivares-se-ausenta-del-concejo-municipal-y-envia-carta-informando-que-esta-con-licencia-medica\\\/#primaryimage\"},\"image\":{\"@id\":\"https:\\\/\\\/eltrabajo.cl\\\/web\\\/concejal-ronald-olivares-se-ausenta-del-concejo-municipal-y-envia-carta-informando-que-esta-con-licencia-medica\\\/#primaryimage\"},\"thumbnailUrl\":\"https:\\\/\\\/eltrabajo.cl\\\/web\\\/wp-content\\\/uploads\\\/2025\\\/02\\\/Ronald-Olivares.jpg\",\"datePublished\":\"2025-02-12T23:48:08+00:00\",\"breadcrumb\":{\"@id\":\"https:\\\/\\\/eltrabajo.cl\\\/web\\\/concejal-ronald-olivares-se-ausenta-del-concejo-municipal-y-envia-carta-informando-que-esta-con-licencia-medica\\\/#breadcrumb\"},\"inLanguage\":\"es-CL\",\"potentialAction\":[{\"@type\":\"ReadAction\",\"target\":[\"https:\\\/\\\/eltrabajo.cl\\\/web\\\/concejal-ronald-olivares-se-ausenta-del-concejo-municipal-y-envia-carta-informando-que-esta-con-licencia-medica\\\/\"]}]},{\"@type\":\"ImageObject\",\"inLanguage\":\"es-CL\",\"@id\":\"https:\\\/\\\/eltrabajo.cl\\\/web\\\/concejal-ronald-olivares-se-ausenta-del-concejo-municipal-y-envia-carta-informando-que-esta-con-licencia-medica\\\/#primaryimage\",\"url\":\"https:\\\/\\\/eltrabajo.cl\\\/web\\\/wp-content\\\/uploads\\\/2025\\\/02\\\/Ronald-Olivares.jpg\",\"contentUrl\":\"https:\\\/\\\/eltrabajo.cl\\\/web\\\/wp-content\\\/uploads\\\/2025\\\/02\\\/Ronald-Olivares.jpg\",\"width\":699,\"height\":665,\"caption\":\"Ronald Olivares, concejal de San Felipe.\"},{\"@type\":\"BreadcrumbList\",\"@id\":\"https:\\\/\\\/eltrabajo.cl\\\/web\\\/concejal-ronald-olivares-se-ausenta-del-concejo-municipal-y-envia-carta-informando-que-esta-con-licencia-medica\\\/#breadcrumb\",\"itemListElement\":[{\"@type\":\"ListItem\",\"position\":1,\"name\":\"Portada\",\"item\":\"https:\\\/\\\/eltrabajo.cl\\\/web\\\/\"},{\"@type\":\"ListItem\",\"position\":2,\"name\":\"Concejal Ronald Olivares se ausenta del Concejo Municipal y env\u00eda carta informando que est\u00e1 con licencia m\u00e9dica\"}]},{\"@type\":\"WebSite\",\"@id\":\"https:\\\/\\\/eltrabajo.cl\\\/web\\\/#website\",\"url\":\"https:\\\/\\\/eltrabajo.cl\\\/web\\\/\",\"name\":\"Diario El Trabajo\",\"description\":\"Desde 1929 construyendo Identidad Local\",\"publisher\":{\"@id\":\"https:\\\/\\\/eltrabajo.cl\\\/web\\\/#organization\"},\"potentialAction\":[{\"@type\":\"SearchAction\",\"target\":{\"@type\":\"EntryPoint\",\"urlTemplate\":\"https:\\\/\\\/eltrabajo.cl\\\/web\\\/?s={search_term_string}\"},\"query-input\":{\"@type\":\"PropertyValueSpecification\",\"valueRequired\":true,\"valueName\":\"search_term_string\"}}],\"inLanguage\":\"es-CL\"},{\"@type\":\"Organization\",\"@id\":\"https:\\\/\\\/eltrabajo.cl\\\/web\\\/#organization\",\"name\":\"Diario El Trabajo\",\"url\":\"https:\\\/\\\/eltrabajo.cl\\\/web\\\/\",\"logo\":{\"@type\":\"ImageObject\",\"inLanguage\":\"es-CL\",\"@id\":\"https:\\\/\\\/eltrabajo.cl\\\/web\\\/#\\\/schema\\\/logo\\\/image\\\/\",\"url\":\"https:\\\/\\\/eltrabajo.cl\\\/web\\\/wp-content\\\/uploads\\\/2024\\\/06\\\/profile-image-ig-page-diarioeltrabajo.jpg\",\"contentUrl\":\"https:\\\/\\\/eltrabajo.cl\\\/web\\\/wp-content\\\/uploads\\\/2024\\\/06\\\/profile-image-ig-page-diarioeltrabajo.jpg\",\"width\":823,\"height\":823,\"caption\":\"Diario El Trabajo\"},\"image\":{\"@id\":\"https:\\\/\\\/eltrabajo.cl\\\/web\\\/#\\\/schema\\\/logo\\\/image\\\/\"},\"sameAs\":[\"https:\\\/\\\/www.facebook.com\\\/ElTrabajoDiario\",\"https:\\\/\\\/x.com\\\/diarioeltrabajo\"]},{\"@type\":\"Person\",\"@id\":\"https:\\\/\\\/eltrabajo.cl\\\/web\\\/#\\\/schema\\\/person\\\/45efd3d17f86ec456e44dd7debe1bf19\",\"name\":\"Diario El Trabajo\",\"image\":{\"@type\":\"ImageObject\",\"inLanguage\":\"es-CL\",\"@id\":\"https:\\\/\\\/secure.gravatar.com\\\/avatar\\\/7e6ec277dc4aea2677c2dc301d4227957219329c985ab69a3efc12518b5161aa?s=96&d=mm&r=g\",\"url\":\"https:\\\/\\\/secure.gravatar.com\\\/avatar\\\/7e6ec277dc4aea2677c2dc301d4227957219329c985ab69a3efc12518b5161aa?s=96&d=mm&r=g\",\"contentUrl\":\"https:\\\/\\\/secure.gravatar.com\\\/avatar\\\/7e6ec277dc4aea2677c2dc301d4227957219329c985ab69a3efc12518b5161aa?s=96&d=mm&r=g\",\"caption\":\"Diario El Trabajo\"},\"sameAs\":[\"https:\\\/\\\/eltrabajo.cl\\\/web\"],\"url\":\"https:\\\/\\\/eltrabajo.cl\\\/web\\\/author\\\/diario-el-trabajo\\\/\"}]}<\/script>\n<!-- \/ Yoast SEO plugin. -->","yoast_head_json":{"title":"Concejal Ronald Olivares se ausenta del Concejo Municipal y env\u00eda carta informando que est\u00e1 con licencia m\u00e9dica - Diario El Trabajo","robots":{"index":"index","follow":"follow","max-snippet":"max-snippet:-1","max-image-preview":"max-image-preview:large","max-video-preview":"max-video-preview:-1"},"canonical":"https:\/\/eltrabajo.cl\/web\/concejal-ronald-olivares-se-ausenta-del-concejo-municipal-y-envia-carta-informando-que-esta-con-licencia-medica\/","og_locale":"es_ES","og_type":"article","og_title":"Concejal Ronald Olivares se ausenta del Concejo Municipal y env\u00eda carta informando que est\u00e1 con licencia m\u00e9dica - Diario El Trabajo","og_description":"Se esperaba que este d\u00eda martes 11 de febrero el concejal Ronald Olivares asistiera a la nueva sesi\u00f3n del Concejo Municipal y explicara la situaci\u00f3n en que se est\u00e1 viendo envuelto producto de una denuncia por un presunto secuestro a su persona; esto, cuando se dirig\u00eda a un seminario en Vi\u00f1a del Mar. Aquello no [&hellip;]","og_url":"https:\/\/eltrabajo.cl\/web\/concejal-ronald-olivares-se-ausenta-del-concejo-municipal-y-envia-carta-informando-que-esta-con-licencia-medica\/","og_site_name":"Diario El Trabajo","article_publisher":"https:\/\/www.facebook.com\/ElTrabajoDiario","article_published_time":"2025-02-12T23:48:08+00:00","og_image":[{"width":699,"height":665,"url":"https:\/\/eltrabajo.cl\/web\/wp-content\/uploads\/2025\/02\/Ronald-Olivares.jpg","type":"image\/jpeg"}],"author":"Diario El Trabajo","twitter_card":"summary_large_image","twitter_creator":"@diarioeltrabajo","twitter_site":"@diarioeltrabajo","twitter_misc":{"Escrito por":"Diario El Trabajo","Tiempo estimado de lectura":"3 minutos"},"schema":{"@context":"https:\/\/schema.org","@graph":[{"@type":"Article","@id":"https:\/\/eltrabajo.cl\/web\/concejal-ronald-olivares-se-ausenta-del-concejo-municipal-y-envia-carta-informando-que-esta-con-licencia-medica\/#article","isPartOf":{"@id":"https:\/\/eltrabajo.cl\/web\/concejal-ronald-olivares-se-ausenta-del-concejo-municipal-y-envia-carta-informando-que-esta-con-licencia-medica\/"},"author":{"name":"Diario El Trabajo","@id":"https:\/\/eltrabajo.cl\/web\/#\/schema\/person\/45efd3d17f86ec456e44dd7debe1bf19"},"headline":"Concejal Ronald Olivares se ausenta del Concejo Municipal y env\u00eda carta informando que est\u00e1 con licencia m\u00e9dica","datePublished":"2025-02-12T23:48:08+00:00","mainEntityOfPage":{"@id":"https:\/\/eltrabajo.cl\/web\/concejal-ronald-olivares-se-ausenta-del-concejo-municipal-y-envia-carta-informando-que-esta-con-licencia-medica\/"},"wordCount":451,"commentCount":0,"publisher":{"@id":"https:\/\/eltrabajo.cl\/web\/#organization"},"image":{"@id":"https:\/\/eltrabajo.cl\/web\/concejal-ronald-olivares-se-ausenta-del-concejo-municipal-y-envia-carta-informando-que-esta-con-licencia-medica\/#primaryimage"},"thumbnailUrl":"https:\/\/eltrabajo.cl\/web\/wp-content\/uploads\/2025\/02\/Ronald-Olivares.jpg","articleSection":["Cr\u00f3nica"],"inLanguage":"es-CL","potentialAction":[{"@type":"CommentAction","name":"Comment","target":["https:\/\/eltrabajo.cl\/web\/concejal-ronald-olivares-se-ausenta-del-concejo-municipal-y-envia-carta-informando-que-esta-con-licencia-medica\/#respond"]}]},{"@type":"WebPage","@id":"https:\/\/eltrabajo.cl\/web\/concejal-ronald-olivares-se-ausenta-del-concejo-municipal-y-envia-carta-informando-que-esta-con-licencia-medica\/","url":"https:\/\/eltrabajo.cl\/web\/concejal-ronald-olivares-se-ausenta-del-concejo-municipal-y-envia-carta-informando-que-esta-con-licencia-medica\/","name":"Concejal Ronald Olivares se ausenta del Concejo Municipal y env\u00eda carta informando que est\u00e1 con licencia m\u00e9dica - Diario El Trabajo","isPartOf":{"@id":"https:\/\/eltrabajo.cl\/web\/#website"},"primaryImageOfPage":{"@id":"https:\/\/eltrabajo.cl\/web\/concejal-ronald-olivares-se-ausenta-del-concejo-municipal-y-envia-carta-informando-que-esta-con-licencia-medica\/#primaryimage"},"image":{"@id":"https:\/\/eltrabajo.cl\/web\/concejal-ronald-olivares-se-ausenta-del-concejo-municipal-y-envia-carta-informando-que-esta-con-licencia-medica\/#primaryimage"},"thumbnailUrl":"https:\/\/eltrabajo.cl\/web\/wp-content\/uploads\/2025\/02\/Ronald-Olivares.jpg","datePublished":"2025-02-12T23:48:08+00:00","breadcrumb":{"@id":"https:\/\/eltrabajo.cl\/web\/concejal-ronald-olivares-se-ausenta-del-concejo-municipal-y-envia-carta-informando-que-esta-con-licencia-medica\/#breadcrumb"},"inLanguage":"es-CL","potentialAction":[{"@type":"ReadAction","target":["https:\/\/eltrabajo.cl\/web\/concejal-ronald-olivares-se-ausenta-del-concejo-municipal-y-envia-carta-informando-que-esta-con-licencia-medica\/"]}]},{"@type":"ImageObject","inLanguage":"es-CL","@id":"https:\/\/eltrabajo.cl\/web\/concejal-ronald-olivares-se-ausenta-del-concejo-municipal-y-envia-carta-informando-que-esta-con-licencia-medica\/#primaryimage","url":"https:\/\/eltrabajo.cl\/web\/wp-content\/uploads\/2025\/02\/Ronald-Olivares.jpg","contentUrl":"https:\/\/eltrabajo.cl\/web\/wp-content\/uploads\/2025\/02\/Ronald-Olivares.jpg","width":699,"height":665,"caption":"Ronald Olivares, concejal de San Felipe."},{"@type":"BreadcrumbList","@id":"https:\/\/eltrabajo.cl\/web\/concejal-ronald-olivares-se-ausenta-del-concejo-municipal-y-envia-carta-informando-que-esta-con-licencia-medica\/#breadcrumb","itemListElement":[{"@type":"ListItem","position":1,"name":"Portada","item":"https:\/\/eltrabajo.cl\/web\/"},{"@type":"ListItem","position":2,"name":"Concejal Ronald Olivares se ausenta del Concejo Municipal y env\u00eda carta informando que est\u00e1 con licencia m\u00e9dica"}]},{"@type":"WebSite","@id":"https:\/\/eltrabajo.cl\/web\/#website","url":"https:\/\/eltrabajo.cl\/web\/","name":"Diario El Trabajo","description":"Desde 1929 construyendo Identidad Local","publisher":{"@id":"https:\/\/eltrabajo.cl\/web\/#organization"},"potentialAction":[{"@type":"SearchAction","target":{"@type":"EntryPoint","urlTemplate":"https:\/\/eltrabajo.cl\/web\/?s={search_term_string}"},"query-input":{"@type":"PropertyValueSpecification","valueRequired":true,"valueName":"search_term_string"}}],"inLanguage":"es-CL"},{"@type":"Organization","@id":"https:\/\/eltrabajo.cl\/web\/#organization","name":"Diario El Trabajo","url":"https:\/\/eltrabajo.cl\/web\/","logo":{"@type":"ImageObject","inLanguage":"es-CL","@id":"https:\/\/eltrabajo.cl\/web\/#\/schema\/logo\/image\/","url":"https:\/\/eltrabajo.cl\/web\/wp-content\/uploads\/2024\/06\/profile-image-ig-page-diarioeltrabajo.jpg","contentUrl":"https:\/\/eltrabajo.cl\/web\/wp-content\/uploads\/2024\/06\/profile-image-ig-page-diarioeltrabajo.jpg","width":823,"height":823,"caption":"Diario El Trabajo"},"image":{"@id":"https:\/\/eltrabajo.cl\/web\/#\/schema\/logo\/image\/"},"sameAs":["https:\/\/www.facebook.com\/ElTrabajoDiario","https:\/\/x.com\/diarioeltrabajo"]},{"@type":"Person","@id":"https:\/\/eltrabajo.cl\/web\/#\/schema\/person\/45efd3d17f86ec456e44dd7debe1bf19","name":"Diario El Trabajo","image":{"@type":"ImageObject","inLanguage":"es-CL","@id":"https:\/\/secure.gravatar.com\/avatar\/7e6ec277dc4aea2677c2dc301d4227957219329c985ab69a3efc12518b5161aa?s=96&d=mm&r=g","url":"https:\/\/secure.gravatar.com\/avatar\/7e6ec277dc4aea2677c2dc301d4227957219329c985ab69a3efc12518b5161aa?s=96&d=mm&r=g","contentUrl":"https:\/\/secure.gravatar.com\/avatar\/7e6ec277dc4aea2677c2dc301d4227957219329c985ab69a3efc12518b5161aa?s=96&d=mm&r=g","caption":"Diario El Trabajo"},"sameAs":["https:\/\/eltrabajo.cl\/web"],"url":"https:\/\/eltrabajo.cl\/web\/author\/diario-el-trabajo\/"}]}},"_links":{"self":[{"href":"https:\/\/eltrabajo.cl\/web\/wp-json\/wp\/v2\/posts\/135093","targetHints":{"allow":["GET"]}}],"collection":[{"href":"https:\/\/eltrabajo.cl\/web\/wp-json\/wp\/v2\/posts"}],"about":[{"href":"https:\/\/eltrabajo.cl\/web\/wp-json\/wp\/v2\/types\/post"}],"author":[{"embeddable":true,"href":"https:\/\/eltrabajo.cl\/web\/wp-json\/wp\/v2\/users\/1"}],"replies":[{"embeddable":true,"href":"https:\/\/eltrabajo.cl\/web\/wp-json\/wp\/v2\/comments?post=135093"}],"version-history":[{"count":1,"href":"https:\/\/eltrabajo.cl\/web\/wp-json\/wp\/v2\/posts\/135093\/revisions"}],"predecessor-version":[{"id":135095,"href":"https:\/\/eltrabajo.cl\/web\/wp-json\/wp\/v2\/posts\/135093\/revisions\/135095"}],"wp:featuredmedia":[{"embeddable":true,"href":"https:\/\/eltrabajo.cl\/web\/wp-json\/wp\/v2\/media\/135094"}],"wp:attachment":[{"href":"https:\/\/eltrabajo.cl\/web\/wp-json\/wp\/v2\/media?parent=135093"}],"wp:term":[{"taxonomy":"category","embeddable":true,"href":"https:\/\/eltrabajo.cl\/web\/wp-json\/wp\/v2\/categories?post=135093"},{"taxonomy":"post_tag","embeddable":true,"href":"https:\/\/eltrabajo.cl\/web\/wp-json\/wp\/v2\/tags?post=135093"}],"curies":[{"name":"wp","href":"https:\/\/api.w.org\/{rel}","templated":true}]}}