{"id":135417,"date":"2025-03-02T20:39:32","date_gmt":"2025-03-02T23:39:32","guid":{"rendered":"https:\/\/eltrabajo.cl\/web\/?p=135417"},"modified":"2025-03-02T20:39:32","modified_gmt":"2025-03-02T23:39:32","slug":"el-verano-fue-despedido-a-lo-grande-en-la-villa-bernardo-cruz","status":"publish","type":"post","link":"https:\/\/eltrabajo.cl\/web\/el-verano-fue-despedido-a-lo-grande-en-la-villa-bernardo-cruz\/","title":{"rendered":"El verano fue despedido a lo grande en la Villa Bernardo Cruz"},"content":{"rendered":"<ul>\n<li><strong>Gran show organizado por la directiva de la junta de vecinos.-<\/strong><\/li>\n<\/ul>\n<p>Con un gran marco de p\u00fablico y un tremendo show realizado este d\u00eda jueves a las 19:00 horas en la Avenida Yungay, la Villa Bernardo Cruz se despidi\u00f3 del verano y el periodo de vacaciones. El evento fue organizado por la directiva del sector, encabezada por <strong>Guillermo Brito Allende<\/strong>, y precisamente destac\u00f3 el nombre de \u2018Adi\u00f3s Verano 2025\u2019.<\/p>\n<p>En la oportunidad, se present\u00f3 el Ballet de <strong>Diego Contreras<\/strong> y su equipo, la doble de la cantante nacional <strong>Myriam Hern\u00e1ndez<\/strong>, el \u2018<strong>D\u00fao Divas<\/strong>\u2019, quienes deleitaron al p\u00fablico asistente con sus presentaciones art\u00edsticas.<\/p>\n<p><strong>Diario El Trabajo<\/strong> convers\u00f3 con el presidente Guillermo Brito Allende, quien nos se\u00f1al\u00f3 sentirse muy contento, <em>\u00abporque nuestros vecinos vinieron, lo disfrutaron \u2018a concho\u2019 como dices t\u00fa, ya que esa era la idea, traer un poco de diversi\u00f3n para ellos por parte de nuestra directiva que yo encabezo, cuyo apoyo ha sido fundamental. <\/em><\/p>\n<p>\u00ab<em>Como directiva estamos muy felices por el resultado de este show, que lo hacemos de coraz\u00f3n para que la gente, nuestros vecinos lo disfruten; esa es la idea principal. Vimos que la gente lo disfrut\u00f3, lo pas\u00f3 bien, imag\u00ednate tener tremendos artistas locales como el ballet, las Divas, la doble oficial\u00a0 de Myriam Hern\u00e1ndez;\u00a0 feliz por nuestros vecinos. De todas maneras agradezco al municipio, a la alcaldesa que siempre est\u00e1 conmigo, ayudando a sacar adelante los shows\u00bb<\/em>, coment\u00f3.<\/p>\n<p>&#8211; <strong>A prop\u00f3sito presidente, \u00bfen qu\u00e9 est\u00e1 hoy en d\u00eda Villa Bernardo Cruz?, \u00bfest\u00e1 bonita la sede, el Parque Borde Estero?<\/strong><\/p>\n<p>&#8211; Primero que todo, nosotros como directiva hemos tratado de preocuparnos de la imagen de la villa por as\u00ed decirlo, de lo que est\u00e1 a nuestro alcance, en lo dem\u00e1s est\u00e1 gestionado. Pero, lamentablemente no depende de nosotros por as\u00ed decirlo, pero lo que nosotros podemos hacer es tener linda la sede, le cambiamos el color, la pintamos por fuera, le dimos una imagen distinta; le tenemos un jardinero para que se vea limpio, ordenado ah\u00ed, ya que el estero de la Hacienda de Quilpu\u00e9 qued\u00f3 muy lindo, va mucha gente, entonces apoyar la imagen por as\u00ed decirlo, por eso fue nuestro principal objetivo cambiar la imagen a la sede, que sea algo m\u00e1s bonito, m\u00e1s llamativo, como va tanta gente. Lo que podemos hacer y le cambiamos la imagen por as\u00ed decirlo.<\/p>\n<p>&#8211; <strong>Ha andado bien el tema del Parque Borde Estero <\/strong><\/p>\n<p>&#8211; S\u00ed, pero lamentablemente la responsabilidad parte por los adultos que acompa\u00f1an a los ni\u00f1os, porque son demasiados da\u00f1os que se hacen, pero la gente no cuida por as\u00ed decirlo, hay que estar peleando de repente. Me ha tocado pelear muchas veces con adultos que traen a sus hijos y \u2018pucha\u2019, saben que un juego es para una persona y suben cinco, entonces no cuidan. Es un bien para todos, lamentablemente no est\u00e1 para algunos, pero tambi\u00e9n es abierto a la comunidad este estero, que si ustedes pasan en la tarde se ve muy lindo agradable.<\/p>\n<p>A prop\u00f3sito de lo mismo, reitera las recomendaciones. <em>\u00abA tener mucho cuidado, a partir de nosotros mismos, porque esto es algo que nos sirve a todos. Imag\u00ednate el d\u00eda del apag\u00f3n estaba llen\u00edsimo, porque la gente no ten\u00eda donde ir, estaba fresco para poder tomar sombra, est\u00e1 bien cuidado, bonito, se va harta gente, entonces a cuidarlo entre todos\u00bb<\/em>, se\u00f1al\u00f3.<\/p>\n<p>Al finalizar, dice que se siente muy feliz de ser el presidente de la Villa Bernardo Cruz, porque <em>\u00abjunto a nuestra directiva poder ayudar a nuestros vecinos, llevarles alegr\u00eda, gestionar sus inquietudes y no hay nada m\u00e1s maravilloso ver como directiva, gestionar para solucionar problemas a los vecinos. De todas maneras, te lo digo, me encantar\u00eda seguir encabezando esta directiva, m\u00e1s que nada porque quedan cosas por hacer, debo ser bien franco, esta es una villa muy organizada, donde la gente siente cari\u00f1o, amor por su sector. Ojal\u00e1 la autoridad se fije en nuestras necesidades\u00bb<\/em>, cerr\u00f3.<\/p>\n<figure id=\"attachment_135419\" aria-describedby=\"caption-attachment-135419\" style=\"width: 698px\" class=\"wp-caption alignnone\"><img loading=\"lazy\" decoding=\"async\" class=\"size-full wp-image-135419\" src=\"http:\/\/eltrabajo.cl\/web\/wp-content\/uploads\/2025\/03\/show-Bernardo-Cruz-1.jpg\" alt=\"El Ballet de Diego Contreras durante su actuaci\u00f3n.\" width=\"698\" height=\"486\" srcset=\"https:\/\/eltrabajo.cl\/web\/wp-content\/uploads\/2025\/03\/show-Bernardo-Cruz-1.jpg 698w, https:\/\/eltrabajo.cl\/web\/wp-content\/uploads\/2025\/03\/show-Bernardo-Cruz-1-300x209.jpg 300w, https:\/\/eltrabajo.cl\/web\/wp-content\/uploads\/2025\/03\/show-Bernardo-Cruz-1-603x420.jpg 603w, https:\/\/eltrabajo.cl\/web\/wp-content\/uploads\/2025\/03\/show-Bernardo-Cruz-1-150x104.jpg 150w, https:\/\/eltrabajo.cl\/web\/wp-content\/uploads\/2025\/03\/show-Bernardo-Cruz-1-696x485.jpg 696w\" sizes=\"auto, (max-width: 698px) 100vw, 698px\" \/><figcaption id=\"caption-attachment-135419\" class=\"wp-caption-text\">El Ballet de Diego Contreras durante su actuaci\u00f3n.<\/figcaption><\/figure>\n<figure id=\"attachment_135422\" aria-describedby=\"caption-attachment-135422\" style=\"width: 698px\" class=\"wp-caption alignnone\"><img loading=\"lazy\" decoding=\"async\" class=\"size-full wp-image-135422\" src=\"http:\/\/eltrabajo.cl\/web\/wp-content\/uploads\/2025\/03\/show-Bernardo-Cruz-4.jpg\" alt=\"La doble de Myriam Hern\u00e1ndez junto al presidente de la Junta de Vecinos de la Villa Bernardo Cruz, Guillermo Brito Allende.\" width=\"698\" height=\"554\" srcset=\"https:\/\/eltrabajo.cl\/web\/wp-content\/uploads\/2025\/03\/show-Bernardo-Cruz-4.jpg 698w, https:\/\/eltrabajo.cl\/web\/wp-content\/uploads\/2025\/03\/show-Bernardo-Cruz-4-300x238.jpg 300w, https:\/\/eltrabajo.cl\/web\/wp-content\/uploads\/2025\/03\/show-Bernardo-Cruz-4-529x420.jpg 529w, https:\/\/eltrabajo.cl\/web\/wp-content\/uploads\/2025\/03\/show-Bernardo-Cruz-4-150x119.jpg 150w, https:\/\/eltrabajo.cl\/web\/wp-content\/uploads\/2025\/03\/show-Bernardo-Cruz-4-696x552.jpg 696w\" sizes=\"auto, (max-width: 698px) 100vw, 698px\" \/><figcaption id=\"caption-attachment-135422\" class=\"wp-caption-text\">La doble de Myriam Hern\u00e1ndez junto al presidente de la Junta de Vecinos de la Villa Bernardo Cruz, Guillermo Brito Allende.<\/figcaption><\/figure>\n<figure id=\"attachment_135418\" aria-describedby=\"caption-attachment-135418\" style=\"width: 698px\" class=\"wp-caption alignnone\"><img loading=\"lazy\" decoding=\"async\" class=\"size-full wp-image-135418\" src=\"http:\/\/eltrabajo.cl\/web\/wp-content\/uploads\/2025\/03\/show-Bernardo-Cruz-5.jpg\" alt=\"La doble de la reconocida artista nacional, durante su actuaci\u00f3n este jueves.\" width=\"698\" height=\"602\" srcset=\"https:\/\/eltrabajo.cl\/web\/wp-content\/uploads\/2025\/03\/show-Bernardo-Cruz-5.jpg 698w, https:\/\/eltrabajo.cl\/web\/wp-content\/uploads\/2025\/03\/show-Bernardo-Cruz-5-300x259.jpg 300w, https:\/\/eltrabajo.cl\/web\/wp-content\/uploads\/2025\/03\/show-Bernardo-Cruz-5-487x420.jpg 487w, https:\/\/eltrabajo.cl\/web\/wp-content\/uploads\/2025\/03\/show-Bernardo-Cruz-5-150x129.jpg 150w, https:\/\/eltrabajo.cl\/web\/wp-content\/uploads\/2025\/03\/show-Bernardo-Cruz-5-696x600.jpg 696w\" sizes=\"auto, (max-width: 698px) 100vw, 698px\" \/><figcaption id=\"caption-attachment-135418\" class=\"wp-caption-text\">La doble de la reconocida artista nacional, durante su actuaci\u00f3n este jueves.<\/figcaption><\/figure>\n<figure id=\"attachment_135420\" aria-describedby=\"caption-attachment-135420\" style=\"width: 699px\" class=\"wp-caption alignnone\"><img loading=\"lazy\" decoding=\"async\" class=\"size-full wp-image-135420\" src=\"http:\/\/eltrabajo.cl\/web\/wp-content\/uploads\/2025\/03\/show-Bernardo-Cruz-2.jpg\" alt=\"La gente disfrutando del show.\" width=\"699\" height=\"693\" srcset=\"https:\/\/eltrabajo.cl\/web\/wp-content\/uploads\/2025\/03\/show-Bernardo-Cruz-2.jpg 699w, https:\/\/eltrabajo.cl\/web\/wp-content\/uploads\/2025\/03\/show-Bernardo-Cruz-2-300x297.jpg 300w, https:\/\/eltrabajo.cl\/web\/wp-content\/uploads\/2025\/03\/show-Bernardo-Cruz-2-150x149.jpg 150w, https:\/\/eltrabajo.cl\/web\/wp-content\/uploads\/2025\/03\/show-Bernardo-Cruz-2-424x420.jpg 424w, https:\/\/eltrabajo.cl\/web\/wp-content\/uploads\/2025\/03\/show-Bernardo-Cruz-2-696x690.jpg 696w\" sizes=\"auto, (max-width: 699px) 100vw, 699px\" \/><figcaption id=\"caption-attachment-135420\" class=\"wp-caption-text\">La gente disfrutando del show.<\/figcaption><\/figure>\n","protected":false},"excerpt":{"rendered":"<p>Gran show organizado por la directiva de la junta de vecinos.- Con un gran marco de p\u00fablico y un tremendo show realizado este d\u00eda jueves a las 19:00 horas en la Avenida Yungay, la Villa Bernardo Cruz se despidi\u00f3 del verano y el periodo de vacaciones. El evento fue organizado por la directiva del sector, [&hellip;]<\/p>\n","protected":false},"author":1,"featured_media":135418,"comment_status":"open","ping_status":"closed","sticky":false,"template":"","format":"standard","meta":{"footnotes":""},"categories":[4],"tags":[],"class_list":{"0":"post-135417","1":"post","2":"type-post","3":"status-publish","4":"format-standard","5":"has-post-thumbnail","7":"category-comunidad"},"yoast_head":"<!-- This site is optimized with the Yoast SEO plugin v27.4 - https:\/\/yoast.com\/product\/yoast-seo-wordpress\/ -->\n<title>El verano fue despedido a lo grande en la Villa Bernardo Cruz - Diario El Trabajo<\/title>\n<meta name=\"robots\" content=\"index, follow, max-snippet:-1, max-image-preview:large, max-video-preview:-1\" \/>\n<link rel=\"canonical\" href=\"https:\/\/eltrabajo.cl\/web\/el-verano-fue-despedido-a-lo-grande-en-la-villa-bernardo-cruz\/\" \/>\n<meta property=\"og:locale\" content=\"es_ES\" \/>\n<meta property=\"og:type\" content=\"article\" \/>\n<meta property=\"og:title\" content=\"El verano fue despedido a lo grande en la Villa Bernardo Cruz - Diario El Trabajo\" \/>\n<meta property=\"og:description\" content=\"Gran show organizado por la directiva de la junta de vecinos.- Con un gran marco de p\u00fablico y un tremendo show realizado este d\u00eda jueves a las 19:00 horas en la Avenida Yungay, la Villa Bernardo Cruz se despidi\u00f3 del verano y el periodo de vacaciones. El evento fue organizado por la directiva del sector, [&hellip;]\" \/>\n<meta property=\"og:url\" content=\"https:\/\/eltrabajo.cl\/web\/el-verano-fue-despedido-a-lo-grande-en-la-villa-bernardo-cruz\/\" \/>\n<meta property=\"og:site_name\" content=\"Diario El Trabajo\" \/>\n<meta property=\"article:publisher\" content=\"https:\/\/www.facebook.com\/ElTrabajoDiario\" \/>\n<meta property=\"article:published_time\" content=\"2025-03-02T23:39:32+00:00\" \/>\n<meta property=\"og:image\" content=\"https:\/\/eltrabajo.cl\/web\/wp-content\/uploads\/2025\/03\/show-Bernardo-Cruz-5.jpg\" \/>\n\t<meta property=\"og:image:width\" content=\"698\" \/>\n\t<meta property=\"og:image:height\" content=\"602\" \/>\n\t<meta property=\"og:image:type\" content=\"image\/jpeg\" \/>\n<meta name=\"author\" content=\"Diario El Trabajo\" \/>\n<meta name=\"twitter:card\" content=\"summary_large_image\" \/>\n<meta name=\"twitter:creator\" content=\"@diarioeltrabajo\" \/>\n<meta name=\"twitter:site\" content=\"@diarioeltrabajo\" \/>\n<meta name=\"twitter:label1\" content=\"Escrito por\" \/>\n\t<meta name=\"twitter:data1\" content=\"Diario El Trabajo\" \/>\n\t<meta name=\"twitter:label2\" content=\"Tiempo estimado de lectura\" \/>\n\t<meta name=\"twitter:data2\" content=\"5 minutos\" \/>\n<script type=\"application\/ld+json\" class=\"yoast-schema-graph\">{\"@context\":\"https:\\\/\\\/schema.org\",\"@graph\":[{\"@type\":\"Article\",\"@id\":\"https:\\\/\\\/eltrabajo.cl\\\/web\\\/el-verano-fue-despedido-a-lo-grande-en-la-villa-bernardo-cruz\\\/#article\",\"isPartOf\":{\"@id\":\"https:\\\/\\\/eltrabajo.cl\\\/web\\\/el-verano-fue-despedido-a-lo-grande-en-la-villa-bernardo-cruz\\\/\"},\"author\":{\"name\":\"Diario El Trabajo\",\"@id\":\"https:\\\/\\\/eltrabajo.cl\\\/web\\\/#\\\/schema\\\/person\\\/45efd3d17f86ec456e44dd7debe1bf19\"},\"headline\":\"El verano fue despedido a lo grande en la Villa Bernardo Cruz\",\"datePublished\":\"2025-03-02T23:39:32+00:00\",\"mainEntityOfPage\":{\"@id\":\"https:\\\/\\\/eltrabajo.cl\\\/web\\\/el-verano-fue-despedido-a-lo-grande-en-la-villa-bernardo-cruz\\\/\"},\"wordCount\":770,\"commentCount\":0,\"publisher\":{\"@id\":\"https:\\\/\\\/eltrabajo.cl\\\/web\\\/#organization\"},\"image\":{\"@id\":\"https:\\\/\\\/eltrabajo.cl\\\/web\\\/el-verano-fue-despedido-a-lo-grande-en-la-villa-bernardo-cruz\\\/#primaryimage\"},\"thumbnailUrl\":\"https:\\\/\\\/eltrabajo.cl\\\/web\\\/wp-content\\\/uploads\\\/2025\\\/03\\\/show-Bernardo-Cruz-5.jpg\",\"articleSection\":[\"Comunidad\"],\"inLanguage\":\"es-CL\",\"potentialAction\":[{\"@type\":\"CommentAction\",\"name\":\"Comment\",\"target\":[\"https:\\\/\\\/eltrabajo.cl\\\/web\\\/el-verano-fue-despedido-a-lo-grande-en-la-villa-bernardo-cruz\\\/#respond\"]}]},{\"@type\":\"WebPage\",\"@id\":\"https:\\\/\\\/eltrabajo.cl\\\/web\\\/el-verano-fue-despedido-a-lo-grande-en-la-villa-bernardo-cruz\\\/\",\"url\":\"https:\\\/\\\/eltrabajo.cl\\\/web\\\/el-verano-fue-despedido-a-lo-grande-en-la-villa-bernardo-cruz\\\/\",\"name\":\"El verano fue despedido a lo grande en la Villa Bernardo Cruz - Diario El Trabajo\",\"isPartOf\":{\"@id\":\"https:\\\/\\\/eltrabajo.cl\\\/web\\\/#website\"},\"primaryImageOfPage\":{\"@id\":\"https:\\\/\\\/eltrabajo.cl\\\/web\\\/el-verano-fue-despedido-a-lo-grande-en-la-villa-bernardo-cruz\\\/#primaryimage\"},\"image\":{\"@id\":\"https:\\\/\\\/eltrabajo.cl\\\/web\\\/el-verano-fue-despedido-a-lo-grande-en-la-villa-bernardo-cruz\\\/#primaryimage\"},\"thumbnailUrl\":\"https:\\\/\\\/eltrabajo.cl\\\/web\\\/wp-content\\\/uploads\\\/2025\\\/03\\\/show-Bernardo-Cruz-5.jpg\",\"datePublished\":\"2025-03-02T23:39:32+00:00\",\"breadcrumb\":{\"@id\":\"https:\\\/\\\/eltrabajo.cl\\\/web\\\/el-verano-fue-despedido-a-lo-grande-en-la-villa-bernardo-cruz\\\/#breadcrumb\"},\"inLanguage\":\"es-CL\",\"potentialAction\":[{\"@type\":\"ReadAction\",\"target\":[\"https:\\\/\\\/eltrabajo.cl\\\/web\\\/el-verano-fue-despedido-a-lo-grande-en-la-villa-bernardo-cruz\\\/\"]}]},{\"@type\":\"ImageObject\",\"inLanguage\":\"es-CL\",\"@id\":\"https:\\\/\\\/eltrabajo.cl\\\/web\\\/el-verano-fue-despedido-a-lo-grande-en-la-villa-bernardo-cruz\\\/#primaryimage\",\"url\":\"https:\\\/\\\/eltrabajo.cl\\\/web\\\/wp-content\\\/uploads\\\/2025\\\/03\\\/show-Bernardo-Cruz-5.jpg\",\"contentUrl\":\"https:\\\/\\\/eltrabajo.cl\\\/web\\\/wp-content\\\/uploads\\\/2025\\\/03\\\/show-Bernardo-Cruz-5.jpg\",\"width\":698,\"height\":602,\"caption\":\"La doble de la reconocida artista nacional, durante su actuaci\u00f3n este jueves.\"},{\"@type\":\"BreadcrumbList\",\"@id\":\"https:\\\/\\\/eltrabajo.cl\\\/web\\\/el-verano-fue-despedido-a-lo-grande-en-la-villa-bernardo-cruz\\\/#breadcrumb\",\"itemListElement\":[{\"@type\":\"ListItem\",\"position\":1,\"name\":\"Portada\",\"item\":\"https:\\\/\\\/eltrabajo.cl\\\/web\\\/\"},{\"@type\":\"ListItem\",\"position\":2,\"name\":\"El verano fue despedido a lo grande en la Villa Bernardo Cruz\"}]},{\"@type\":\"WebSite\",\"@id\":\"https:\\\/\\\/eltrabajo.cl\\\/web\\\/#website\",\"url\":\"https:\\\/\\\/eltrabajo.cl\\\/web\\\/\",\"name\":\"Diario El Trabajo\",\"description\":\"Desde 1929 construyendo Identidad Local\",\"publisher\":{\"@id\":\"https:\\\/\\\/eltrabajo.cl\\\/web\\\/#organization\"},\"potentialAction\":[{\"@type\":\"SearchAction\",\"target\":{\"@type\":\"EntryPoint\",\"urlTemplate\":\"https:\\\/\\\/eltrabajo.cl\\\/web\\\/?s={search_term_string}\"},\"query-input\":{\"@type\":\"PropertyValueSpecification\",\"valueRequired\":true,\"valueName\":\"search_term_string\"}}],\"inLanguage\":\"es-CL\"},{\"@type\":\"Organization\",\"@id\":\"https:\\\/\\\/eltrabajo.cl\\\/web\\\/#organization\",\"name\":\"Diario El Trabajo\",\"url\":\"https:\\\/\\\/eltrabajo.cl\\\/web\\\/\",\"logo\":{\"@type\":\"ImageObject\",\"inLanguage\":\"es-CL\",\"@id\":\"https:\\\/\\\/eltrabajo.cl\\\/web\\\/#\\\/schema\\\/logo\\\/image\\\/\",\"url\":\"https:\\\/\\\/eltrabajo.cl\\\/web\\\/wp-content\\\/uploads\\\/2024\\\/06\\\/profile-image-ig-page-diarioeltrabajo.jpg\",\"contentUrl\":\"https:\\\/\\\/eltrabajo.cl\\\/web\\\/wp-content\\\/uploads\\\/2024\\\/06\\\/profile-image-ig-page-diarioeltrabajo.jpg\",\"width\":823,\"height\":823,\"caption\":\"Diario El Trabajo\"},\"image\":{\"@id\":\"https:\\\/\\\/eltrabajo.cl\\\/web\\\/#\\\/schema\\\/logo\\\/image\\\/\"},\"sameAs\":[\"https:\\\/\\\/www.facebook.com\\\/ElTrabajoDiario\",\"https:\\\/\\\/x.com\\\/diarioeltrabajo\"]},{\"@type\":\"Person\",\"@id\":\"https:\\\/\\\/eltrabajo.cl\\\/web\\\/#\\\/schema\\\/person\\\/45efd3d17f86ec456e44dd7debe1bf19\",\"name\":\"Diario El Trabajo\",\"image\":{\"@type\":\"ImageObject\",\"inLanguage\":\"es-CL\",\"@id\":\"https:\\\/\\\/secure.gravatar.com\\\/avatar\\\/7e6ec277dc4aea2677c2dc301d4227957219329c985ab69a3efc12518b5161aa?s=96&d=mm&r=g\",\"url\":\"https:\\\/\\\/secure.gravatar.com\\\/avatar\\\/7e6ec277dc4aea2677c2dc301d4227957219329c985ab69a3efc12518b5161aa?s=96&d=mm&r=g\",\"contentUrl\":\"https:\\\/\\\/secure.gravatar.com\\\/avatar\\\/7e6ec277dc4aea2677c2dc301d4227957219329c985ab69a3efc12518b5161aa?s=96&d=mm&r=g\",\"caption\":\"Diario El Trabajo\"},\"sameAs\":[\"https:\\\/\\\/eltrabajo.cl\\\/web\"],\"url\":\"https:\\\/\\\/eltrabajo.cl\\\/web\\\/author\\\/diario-el-trabajo\\\/\"}]}<\/script>\n<!-- \/ Yoast SEO plugin. -->","yoast_head_json":{"title":"El verano fue despedido a lo grande en la Villa Bernardo Cruz - Diario El Trabajo","robots":{"index":"index","follow":"follow","max-snippet":"max-snippet:-1","max-image-preview":"max-image-preview:large","max-video-preview":"max-video-preview:-1"},"canonical":"https:\/\/eltrabajo.cl\/web\/el-verano-fue-despedido-a-lo-grande-en-la-villa-bernardo-cruz\/","og_locale":"es_ES","og_type":"article","og_title":"El verano fue despedido a lo grande en la Villa Bernardo Cruz - Diario El Trabajo","og_description":"Gran show organizado por la directiva de la junta de vecinos.- Con un gran marco de p\u00fablico y un tremendo show realizado este d\u00eda jueves a las 19:00 horas en la Avenida Yungay, la Villa Bernardo Cruz se despidi\u00f3 del verano y el periodo de vacaciones. El evento fue organizado por la directiva del sector, [&hellip;]","og_url":"https:\/\/eltrabajo.cl\/web\/el-verano-fue-despedido-a-lo-grande-en-la-villa-bernardo-cruz\/","og_site_name":"Diario El Trabajo","article_publisher":"https:\/\/www.facebook.com\/ElTrabajoDiario","article_published_time":"2025-03-02T23:39:32+00:00","og_image":[{"width":698,"height":602,"url":"https:\/\/eltrabajo.cl\/web\/wp-content\/uploads\/2025\/03\/show-Bernardo-Cruz-5.jpg","type":"image\/jpeg"}],"author":"Diario El Trabajo","twitter_card":"summary_large_image","twitter_creator":"@diarioeltrabajo","twitter_site":"@diarioeltrabajo","twitter_misc":{"Escrito por":"Diario El Trabajo","Tiempo estimado de lectura":"5 minutos"},"schema":{"@context":"https:\/\/schema.org","@graph":[{"@type":"Article","@id":"https:\/\/eltrabajo.cl\/web\/el-verano-fue-despedido-a-lo-grande-en-la-villa-bernardo-cruz\/#article","isPartOf":{"@id":"https:\/\/eltrabajo.cl\/web\/el-verano-fue-despedido-a-lo-grande-en-la-villa-bernardo-cruz\/"},"author":{"name":"Diario El Trabajo","@id":"https:\/\/eltrabajo.cl\/web\/#\/schema\/person\/45efd3d17f86ec456e44dd7debe1bf19"},"headline":"El verano fue despedido a lo grande en la Villa Bernardo Cruz","datePublished":"2025-03-02T23:39:32+00:00","mainEntityOfPage":{"@id":"https:\/\/eltrabajo.cl\/web\/el-verano-fue-despedido-a-lo-grande-en-la-villa-bernardo-cruz\/"},"wordCount":770,"commentCount":0,"publisher":{"@id":"https:\/\/eltrabajo.cl\/web\/#organization"},"image":{"@id":"https:\/\/eltrabajo.cl\/web\/el-verano-fue-despedido-a-lo-grande-en-la-villa-bernardo-cruz\/#primaryimage"},"thumbnailUrl":"https:\/\/eltrabajo.cl\/web\/wp-content\/uploads\/2025\/03\/show-Bernardo-Cruz-5.jpg","articleSection":["Comunidad"],"inLanguage":"es-CL","potentialAction":[{"@type":"CommentAction","name":"Comment","target":["https:\/\/eltrabajo.cl\/web\/el-verano-fue-despedido-a-lo-grande-en-la-villa-bernardo-cruz\/#respond"]}]},{"@type":"WebPage","@id":"https:\/\/eltrabajo.cl\/web\/el-verano-fue-despedido-a-lo-grande-en-la-villa-bernardo-cruz\/","url":"https:\/\/eltrabajo.cl\/web\/el-verano-fue-despedido-a-lo-grande-en-la-villa-bernardo-cruz\/","name":"El verano fue despedido a lo grande en la Villa Bernardo Cruz - Diario El Trabajo","isPartOf":{"@id":"https:\/\/eltrabajo.cl\/web\/#website"},"primaryImageOfPage":{"@id":"https:\/\/eltrabajo.cl\/web\/el-verano-fue-despedido-a-lo-grande-en-la-villa-bernardo-cruz\/#primaryimage"},"image":{"@id":"https:\/\/eltrabajo.cl\/web\/el-verano-fue-despedido-a-lo-grande-en-la-villa-bernardo-cruz\/#primaryimage"},"thumbnailUrl":"https:\/\/eltrabajo.cl\/web\/wp-content\/uploads\/2025\/03\/show-Bernardo-Cruz-5.jpg","datePublished":"2025-03-02T23:39:32+00:00","breadcrumb":{"@id":"https:\/\/eltrabajo.cl\/web\/el-verano-fue-despedido-a-lo-grande-en-la-villa-bernardo-cruz\/#breadcrumb"},"inLanguage":"es-CL","potentialAction":[{"@type":"ReadAction","target":["https:\/\/eltrabajo.cl\/web\/el-verano-fue-despedido-a-lo-grande-en-la-villa-bernardo-cruz\/"]}]},{"@type":"ImageObject","inLanguage":"es-CL","@id":"https:\/\/eltrabajo.cl\/web\/el-verano-fue-despedido-a-lo-grande-en-la-villa-bernardo-cruz\/#primaryimage","url":"https:\/\/eltrabajo.cl\/web\/wp-content\/uploads\/2025\/03\/show-Bernardo-Cruz-5.jpg","contentUrl":"https:\/\/eltrabajo.cl\/web\/wp-content\/uploads\/2025\/03\/show-Bernardo-Cruz-5.jpg","width":698,"height":602,"caption":"La doble de la reconocida artista nacional, durante su actuaci\u00f3n este jueves."},{"@type":"BreadcrumbList","@id":"https:\/\/eltrabajo.cl\/web\/el-verano-fue-despedido-a-lo-grande-en-la-villa-bernardo-cruz\/#breadcrumb","itemListElement":[{"@type":"ListItem","position":1,"name":"Portada","item":"https:\/\/eltrabajo.cl\/web\/"},{"@type":"ListItem","position":2,"name":"El verano fue despedido a lo grande en la Villa Bernardo Cruz"}]},{"@type":"WebSite","@id":"https:\/\/eltrabajo.cl\/web\/#website","url":"https:\/\/eltrabajo.cl\/web\/","name":"Diario El Trabajo","description":"Desde 1929 construyendo Identidad Local","publisher":{"@id":"https:\/\/eltrabajo.cl\/web\/#organization"},"potentialAction":[{"@type":"SearchAction","target":{"@type":"EntryPoint","urlTemplate":"https:\/\/eltrabajo.cl\/web\/?s={search_term_string}"},"query-input":{"@type":"PropertyValueSpecification","valueRequired":true,"valueName":"search_term_string"}}],"inLanguage":"es-CL"},{"@type":"Organization","@id":"https:\/\/eltrabajo.cl\/web\/#organization","name":"Diario El Trabajo","url":"https:\/\/eltrabajo.cl\/web\/","logo":{"@type":"ImageObject","inLanguage":"es-CL","@id":"https:\/\/eltrabajo.cl\/web\/#\/schema\/logo\/image\/","url":"https:\/\/eltrabajo.cl\/web\/wp-content\/uploads\/2024\/06\/profile-image-ig-page-diarioeltrabajo.jpg","contentUrl":"https:\/\/eltrabajo.cl\/web\/wp-content\/uploads\/2024\/06\/profile-image-ig-page-diarioeltrabajo.jpg","width":823,"height":823,"caption":"Diario El Trabajo"},"image":{"@id":"https:\/\/eltrabajo.cl\/web\/#\/schema\/logo\/image\/"},"sameAs":["https:\/\/www.facebook.com\/ElTrabajoDiario","https:\/\/x.com\/diarioeltrabajo"]},{"@type":"Person","@id":"https:\/\/eltrabajo.cl\/web\/#\/schema\/person\/45efd3d17f86ec456e44dd7debe1bf19","name":"Diario El Trabajo","image":{"@type":"ImageObject","inLanguage":"es-CL","@id":"https:\/\/secure.gravatar.com\/avatar\/7e6ec277dc4aea2677c2dc301d4227957219329c985ab69a3efc12518b5161aa?s=96&d=mm&r=g","url":"https:\/\/secure.gravatar.com\/avatar\/7e6ec277dc4aea2677c2dc301d4227957219329c985ab69a3efc12518b5161aa?s=96&d=mm&r=g","contentUrl":"https:\/\/secure.gravatar.com\/avatar\/7e6ec277dc4aea2677c2dc301d4227957219329c985ab69a3efc12518b5161aa?s=96&d=mm&r=g","caption":"Diario El Trabajo"},"sameAs":["https:\/\/eltrabajo.cl\/web"],"url":"https:\/\/eltrabajo.cl\/web\/author\/diario-el-trabajo\/"}]}},"_links":{"self":[{"href":"https:\/\/eltrabajo.cl\/web\/wp-json\/wp\/v2\/posts\/135417","targetHints":{"allow":["GET"]}}],"collection":[{"href":"https:\/\/eltrabajo.cl\/web\/wp-json\/wp\/v2\/posts"}],"about":[{"href":"https:\/\/eltrabajo.cl\/web\/wp-json\/wp\/v2\/types\/post"}],"author":[{"embeddable":true,"href":"https:\/\/eltrabajo.cl\/web\/wp-json\/wp\/v2\/users\/1"}],"replies":[{"embeddable":true,"href":"https:\/\/eltrabajo.cl\/web\/wp-json\/wp\/v2\/comments?post=135417"}],"version-history":[{"count":1,"href":"https:\/\/eltrabajo.cl\/web\/wp-json\/wp\/v2\/posts\/135417\/revisions"}],"predecessor-version":[{"id":135423,"href":"https:\/\/eltrabajo.cl\/web\/wp-json\/wp\/v2\/posts\/135417\/revisions\/135423"}],"wp:featuredmedia":[{"embeddable":true,"href":"https:\/\/eltrabajo.cl\/web\/wp-json\/wp\/v2\/media\/135418"}],"wp:attachment":[{"href":"https:\/\/eltrabajo.cl\/web\/wp-json\/wp\/v2\/media?parent=135417"}],"wp:term":[{"taxonomy":"category","embeddable":true,"href":"https:\/\/eltrabajo.cl\/web\/wp-json\/wp\/v2\/categories?post=135417"},{"taxonomy":"post_tag","embeddable":true,"href":"https:\/\/eltrabajo.cl\/web\/wp-json\/wp\/v2\/tags?post=135417"}],"curies":[{"name":"wp","href":"https:\/\/api.w.org\/{rel}","templated":true}]}}