{"id":135499,"date":"2025-03-04T21:11:05","date_gmt":"2025-03-05T00:11:05","guid":{"rendered":"https:\/\/eltrabajo.cl\/web\/?p=135499"},"modified":"2025-03-04T21:11:05","modified_gmt":"2025-03-05T00:11:05","slug":"molestia-vecinal-con-nueva-empresa-de-retiro-de-residuos-domiciliarios","status":"publish","type":"post","link":"https:\/\/eltrabajo.cl\/web\/molestia-vecinal-con-nueva-empresa-de-retiro-de-residuos-domiciliarios\/","title":{"rendered":"Molestia vecinal con nueva empresa de retiro de residuos domiciliarios"},"content":{"rendered":"<ul>\n<li><strong>\u00abEl municipio se cay\u00f3 con la empresa que contrataron y quiz\u00e1s le pintaron el mundo de otro color y la realidad es otra\u00bb, coment\u00f3 Ruth Delgado, presidenta de la UNCO.-<\/strong><\/li>\n<\/ul>\n<p>El dicho dice que \u2018toda escoba nueva barre bien\u2019, pero al parecer ese no ha sido el caso con la nueva empresa a cargo del retiro de residuos domiciliarios, puesto que han sido m\u00faltiples las cr\u00edticas que ha recibido en estos d\u00edas por cambios en los recorridos y horarios, tardanza en el servicio, as\u00ed como basura que simplemente no ha sido recogida y que ha quedado en la puerta de los hogares de diversos sectores.<\/p>\n<p>Es m\u00e1s, la presidenta de la Uni\u00f3n Comunal de Juntas de Vecinos (UNCO), <strong>Ruth Delgado<\/strong>, lo califica como nefasto en conversaci\u00f3n con <strong>Diario El Trabajo<\/strong>. <em>\u00abNo podemos decir ac\u00e1 que todo empez\u00f3 bien, porque empez\u00f3 literalmente nefasto, un desorden por los horarios y ahora reci\u00e9n el municipio est\u00e1 regularizando, porque no envi\u00f3 como un mapa de horarios para que los vecinos vayan sacando a cierta hora la basura. <\/em><\/p>\n<p>\u00ab<em>Pero, el problema es, por ejemplo, no est\u00e1n entrando a los pasajes y est\u00e1 quedando la basura, hay un problema con los recorridos en realidad, pero no sabemos tambi\u00e9n qui\u00e9n est\u00e1 realmente a cargo, porque antes nosotros ten\u00edamos un tel\u00e9fono directo con Veolia y nos pod\u00edamos comunicar con ellos, diciendo perfectamente donde estaba la basura y ellos nos la iban a retirar, lo cual ahora no tenemos un contacto directo con esta empresa y nos ha costado comunicarnos con el encargado municipal al respecto, para poder dar esa informaci\u00f3n\u00bb<\/em>, indic\u00f3.<\/p>\n<p>Delgado indica que como UNCO no han tenido reuni\u00f3n ni con el municipio ni la empresa recolectora de basura y que solo han mandado un mapa con los horarios de cada sector para transmitirlo a todos los presidentes, algo que ya se hizo. De todas maneras, esperan reunirse con la empresa, <em>\u00abporque el reclamo es reiterativo en las poblaciones\u00bb<\/em>, se\u00f1al\u00f3.<\/p>\n<p>Un ejemplo de esta problem\u00e1tica para los vecinos, tuvo lugar en Villa Las Acacias, sector donde ya pasadas las 14:00 horas, el cami\u00f3n a\u00fan no pasaba. <em>\u00abUno tiene que estar llamando, nadie contesta porque es s\u00e1bado y ten\u00edamos un problema. Por eso, queremos que nos den un contacto directo, para como dirigentes tratar de resolver y ayudar un poco, no tenemos por qu\u00e9 hacer este trabajo, porque no nos corresponde hacer la pega, en este caso, del municipio\u00bb<\/em>, estableci\u00f3.<\/p>\n<p>Tambi\u00e9n, la presidenta de la UNCO asegur\u00f3 que vio un v\u00eddeo que anduvo circulando en redes sociales, donde se aprecia un cami\u00f3n en pana y precis\u00f3 que <em>\u00abcuando uno contrata una empresa, tiene que ver bien qu\u00e9 tipo de veh\u00edculos tiene para transportar dichos residuos como es la basura. Ustedes saben perfectamente que tiene l\u00edquidos y pasa este cami\u00f3n quedando la hediondez por todos lados. Yo no s\u00e9 si son los veh\u00edculos muy viejitos, no tengo idea de qu\u00e9 tipo de veh\u00edculo trae esta empresa, no son tan modernos, le digo altiro, porque el hecho que ya est\u00e9n al principio en pana, deja mucho que desear\u00bb<\/em>, a\u00f1adi\u00f3.<\/p>\n<p>Finalmente, Ruth Delgado estableci\u00f3 que <em>\u00abal principio siempre es bueno, ac\u00e1 es todo lo contrario, y desgraciadamente el municipio se cay\u00f3 con la empresa que contrataron y quiz\u00e1s le pintaron el mundo de otro color y la realidad es otra. Eso es lo que la autoridad y los concejales tienen que fiscalizar y fijarse bien quienes licitan eso, es primordial, pero es lo principal que tiene que hacer la autoridad\u00bb<\/em>, cerr\u00f3.<\/p>\n<figure id=\"attachment_135500\" aria-describedby=\"caption-attachment-135500\" style=\"width: 699px\" class=\"wp-caption alignnone\"><img loading=\"lazy\" decoding=\"async\" class=\"size-full wp-image-135500\" src=\"http:\/\/eltrabajo.cl\/web\/wp-content\/uploads\/2025\/03\/Ruth-Delgado-presidenta-de-la-UNCO-molestia-en-retiro-de-basura.jpg\" alt=\"Ruth Delgado, presidenta de la UNCO.\" width=\"699\" height=\"442\" srcset=\"https:\/\/eltrabajo.cl\/web\/wp-content\/uploads\/2025\/03\/Ruth-Delgado-presidenta-de-la-UNCO-molestia-en-retiro-de-basura.jpg 699w, https:\/\/eltrabajo.cl\/web\/wp-content\/uploads\/2025\/03\/Ruth-Delgado-presidenta-de-la-UNCO-molestia-en-retiro-de-basura-300x190.jpg 300w, https:\/\/eltrabajo.cl\/web\/wp-content\/uploads\/2025\/03\/Ruth-Delgado-presidenta-de-la-UNCO-molestia-en-retiro-de-basura-664x420.jpg 664w, https:\/\/eltrabajo.cl\/web\/wp-content\/uploads\/2025\/03\/Ruth-Delgado-presidenta-de-la-UNCO-molestia-en-retiro-de-basura-150x95.jpg 150w, https:\/\/eltrabajo.cl\/web\/wp-content\/uploads\/2025\/03\/Ruth-Delgado-presidenta-de-la-UNCO-molestia-en-retiro-de-basura-696x440.jpg 696w\" sizes=\"auto, (max-width: 699px) 100vw, 699px\" \/><figcaption id=\"caption-attachment-135500\" class=\"wp-caption-text\">Ruth Delgado, presidenta de la UNCO (Foto de archivo).<\/figcaption><\/figure>\n","protected":false},"excerpt":{"rendered":"<p>\u00abEl municipio se cay\u00f3 con la empresa que contrataron y quiz\u00e1s le pintaron el mundo de otro color y la realidad es otra\u00bb, coment\u00f3 Ruth Delgado, presidenta de la UNCO.- El dicho dice que \u2018toda escoba nueva barre bien\u2019, pero al parecer ese no ha sido el caso con la nueva empresa a cargo del [&hellip;]<\/p>\n","protected":false},"author":1,"featured_media":135500,"comment_status":"open","ping_status":"closed","sticky":false,"template":"","format":"standard","meta":{"footnotes":""},"categories":[4],"tags":[],"class_list":{"0":"post-135499","1":"post","2":"type-post","3":"status-publish","4":"format-standard","5":"has-post-thumbnail","7":"category-comunidad"},"yoast_head":"<!-- This site is optimized with the Yoast SEO plugin v27.4 - https:\/\/yoast.com\/product\/yoast-seo-wordpress\/ -->\n<title>Molestia vecinal con nueva empresa de retiro de residuos domiciliarios - Diario El Trabajo<\/title>\n<meta name=\"robots\" content=\"index, follow, max-snippet:-1, max-image-preview:large, max-video-preview:-1\" \/>\n<link rel=\"canonical\" href=\"https:\/\/eltrabajo.cl\/web\/molestia-vecinal-con-nueva-empresa-de-retiro-de-residuos-domiciliarios\/\" \/>\n<meta property=\"og:locale\" content=\"es_ES\" \/>\n<meta property=\"og:type\" content=\"article\" \/>\n<meta property=\"og:title\" content=\"Molestia vecinal con nueva empresa de retiro de residuos domiciliarios - Diario El Trabajo\" \/>\n<meta property=\"og:description\" content=\"\u00abEl municipio se cay\u00f3 con la empresa que contrataron y quiz\u00e1s le pintaron el mundo de otro color y la realidad es otra\u00bb, coment\u00f3 Ruth Delgado, presidenta de la UNCO.- El dicho dice que \u2018toda escoba nueva barre bien\u2019, pero al parecer ese no ha sido el caso con la nueva empresa a cargo del [&hellip;]\" \/>\n<meta property=\"og:url\" content=\"https:\/\/eltrabajo.cl\/web\/molestia-vecinal-con-nueva-empresa-de-retiro-de-residuos-domiciliarios\/\" \/>\n<meta property=\"og:site_name\" content=\"Diario El Trabajo\" \/>\n<meta property=\"article:publisher\" content=\"https:\/\/www.facebook.com\/ElTrabajoDiario\" \/>\n<meta property=\"article:published_time\" content=\"2025-03-05T00:11:05+00:00\" \/>\n<meta property=\"og:image\" content=\"https:\/\/eltrabajo.cl\/web\/wp-content\/uploads\/2025\/03\/Ruth-Delgado-presidenta-de-la-UNCO-molestia-en-retiro-de-basura.jpg\" \/>\n\t<meta property=\"og:image:width\" content=\"699\" \/>\n\t<meta property=\"og:image:height\" content=\"442\" \/>\n\t<meta property=\"og:image:type\" content=\"image\/jpeg\" \/>\n<meta name=\"author\" content=\"Diario El Trabajo\" \/>\n<meta name=\"twitter:card\" content=\"summary_large_image\" \/>\n<meta name=\"twitter:creator\" content=\"@diarioeltrabajo\" \/>\n<meta name=\"twitter:site\" content=\"@diarioeltrabajo\" \/>\n<meta name=\"twitter:label1\" content=\"Escrito por\" \/>\n\t<meta name=\"twitter:data1\" content=\"Diario El Trabajo\" \/>\n\t<meta name=\"twitter:label2\" content=\"Tiempo estimado de lectura\" \/>\n\t<meta name=\"twitter:data2\" content=\"4 minutos\" \/>\n<script type=\"application\/ld+json\" class=\"yoast-schema-graph\">{\"@context\":\"https:\\\/\\\/schema.org\",\"@graph\":[{\"@type\":\"Article\",\"@id\":\"https:\\\/\\\/eltrabajo.cl\\\/web\\\/molestia-vecinal-con-nueva-empresa-de-retiro-de-residuos-domiciliarios\\\/#article\",\"isPartOf\":{\"@id\":\"https:\\\/\\\/eltrabajo.cl\\\/web\\\/molestia-vecinal-con-nueva-empresa-de-retiro-de-residuos-domiciliarios\\\/\"},\"author\":{\"name\":\"Diario El Trabajo\",\"@id\":\"https:\\\/\\\/eltrabajo.cl\\\/web\\\/#\\\/schema\\\/person\\\/45efd3d17f86ec456e44dd7debe1bf19\"},\"headline\":\"Molestia vecinal con nueva empresa de retiro de residuos domiciliarios\",\"datePublished\":\"2025-03-05T00:11:05+00:00\",\"mainEntityOfPage\":{\"@id\":\"https:\\\/\\\/eltrabajo.cl\\\/web\\\/molestia-vecinal-con-nueva-empresa-de-retiro-de-residuos-domiciliarios\\\/\"},\"wordCount\":639,\"commentCount\":0,\"publisher\":{\"@id\":\"https:\\\/\\\/eltrabajo.cl\\\/web\\\/#organization\"},\"image\":{\"@id\":\"https:\\\/\\\/eltrabajo.cl\\\/web\\\/molestia-vecinal-con-nueva-empresa-de-retiro-de-residuos-domiciliarios\\\/#primaryimage\"},\"thumbnailUrl\":\"https:\\\/\\\/eltrabajo.cl\\\/web\\\/wp-content\\\/uploads\\\/2025\\\/03\\\/Ruth-Delgado-presidenta-de-la-UNCO-molestia-en-retiro-de-basura.jpg\",\"articleSection\":[\"Comunidad\"],\"inLanguage\":\"es-CL\",\"potentialAction\":[{\"@type\":\"CommentAction\",\"name\":\"Comment\",\"target\":[\"https:\\\/\\\/eltrabajo.cl\\\/web\\\/molestia-vecinal-con-nueva-empresa-de-retiro-de-residuos-domiciliarios\\\/#respond\"]}]},{\"@type\":\"WebPage\",\"@id\":\"https:\\\/\\\/eltrabajo.cl\\\/web\\\/molestia-vecinal-con-nueva-empresa-de-retiro-de-residuos-domiciliarios\\\/\",\"url\":\"https:\\\/\\\/eltrabajo.cl\\\/web\\\/molestia-vecinal-con-nueva-empresa-de-retiro-de-residuos-domiciliarios\\\/\",\"name\":\"Molestia vecinal con nueva empresa de retiro de residuos domiciliarios - Diario El Trabajo\",\"isPartOf\":{\"@id\":\"https:\\\/\\\/eltrabajo.cl\\\/web\\\/#website\"},\"primaryImageOfPage\":{\"@id\":\"https:\\\/\\\/eltrabajo.cl\\\/web\\\/molestia-vecinal-con-nueva-empresa-de-retiro-de-residuos-domiciliarios\\\/#primaryimage\"},\"image\":{\"@id\":\"https:\\\/\\\/eltrabajo.cl\\\/web\\\/molestia-vecinal-con-nueva-empresa-de-retiro-de-residuos-domiciliarios\\\/#primaryimage\"},\"thumbnailUrl\":\"https:\\\/\\\/eltrabajo.cl\\\/web\\\/wp-content\\\/uploads\\\/2025\\\/03\\\/Ruth-Delgado-presidenta-de-la-UNCO-molestia-en-retiro-de-basura.jpg\",\"datePublished\":\"2025-03-05T00:11:05+00:00\",\"breadcrumb\":{\"@id\":\"https:\\\/\\\/eltrabajo.cl\\\/web\\\/molestia-vecinal-con-nueva-empresa-de-retiro-de-residuos-domiciliarios\\\/#breadcrumb\"},\"inLanguage\":\"es-CL\",\"potentialAction\":[{\"@type\":\"ReadAction\",\"target\":[\"https:\\\/\\\/eltrabajo.cl\\\/web\\\/molestia-vecinal-con-nueva-empresa-de-retiro-de-residuos-domiciliarios\\\/\"]}]},{\"@type\":\"ImageObject\",\"inLanguage\":\"es-CL\",\"@id\":\"https:\\\/\\\/eltrabajo.cl\\\/web\\\/molestia-vecinal-con-nueva-empresa-de-retiro-de-residuos-domiciliarios\\\/#primaryimage\",\"url\":\"https:\\\/\\\/eltrabajo.cl\\\/web\\\/wp-content\\\/uploads\\\/2025\\\/03\\\/Ruth-Delgado-presidenta-de-la-UNCO-molestia-en-retiro-de-basura.jpg\",\"contentUrl\":\"https:\\\/\\\/eltrabajo.cl\\\/web\\\/wp-content\\\/uploads\\\/2025\\\/03\\\/Ruth-Delgado-presidenta-de-la-UNCO-molestia-en-retiro-de-basura.jpg\",\"width\":699,\"height\":442,\"caption\":\"Ruth Delgado, presidenta de la UNCO.\"},{\"@type\":\"BreadcrumbList\",\"@id\":\"https:\\\/\\\/eltrabajo.cl\\\/web\\\/molestia-vecinal-con-nueva-empresa-de-retiro-de-residuos-domiciliarios\\\/#breadcrumb\",\"itemListElement\":[{\"@type\":\"ListItem\",\"position\":1,\"name\":\"Portada\",\"item\":\"https:\\\/\\\/eltrabajo.cl\\\/web\\\/\"},{\"@type\":\"ListItem\",\"position\":2,\"name\":\"Molestia vecinal con nueva empresa de retiro de residuos domiciliarios\"}]},{\"@type\":\"WebSite\",\"@id\":\"https:\\\/\\\/eltrabajo.cl\\\/web\\\/#website\",\"url\":\"https:\\\/\\\/eltrabajo.cl\\\/web\\\/\",\"name\":\"Diario El Trabajo\",\"description\":\"Desde 1929 construyendo Identidad Local\",\"publisher\":{\"@id\":\"https:\\\/\\\/eltrabajo.cl\\\/web\\\/#organization\"},\"potentialAction\":[{\"@type\":\"SearchAction\",\"target\":{\"@type\":\"EntryPoint\",\"urlTemplate\":\"https:\\\/\\\/eltrabajo.cl\\\/web\\\/?s={search_term_string}\"},\"query-input\":{\"@type\":\"PropertyValueSpecification\",\"valueRequired\":true,\"valueName\":\"search_term_string\"}}],\"inLanguage\":\"es-CL\"},{\"@type\":\"Organization\",\"@id\":\"https:\\\/\\\/eltrabajo.cl\\\/web\\\/#organization\",\"name\":\"Diario El Trabajo\",\"url\":\"https:\\\/\\\/eltrabajo.cl\\\/web\\\/\",\"logo\":{\"@type\":\"ImageObject\",\"inLanguage\":\"es-CL\",\"@id\":\"https:\\\/\\\/eltrabajo.cl\\\/web\\\/#\\\/schema\\\/logo\\\/image\\\/\",\"url\":\"https:\\\/\\\/eltrabajo.cl\\\/web\\\/wp-content\\\/uploads\\\/2024\\\/06\\\/profile-image-ig-page-diarioeltrabajo.jpg\",\"contentUrl\":\"https:\\\/\\\/eltrabajo.cl\\\/web\\\/wp-content\\\/uploads\\\/2024\\\/06\\\/profile-image-ig-page-diarioeltrabajo.jpg\",\"width\":823,\"height\":823,\"caption\":\"Diario El Trabajo\"},\"image\":{\"@id\":\"https:\\\/\\\/eltrabajo.cl\\\/web\\\/#\\\/schema\\\/logo\\\/image\\\/\"},\"sameAs\":[\"https:\\\/\\\/www.facebook.com\\\/ElTrabajoDiario\",\"https:\\\/\\\/x.com\\\/diarioeltrabajo\"]},{\"@type\":\"Person\",\"@id\":\"https:\\\/\\\/eltrabajo.cl\\\/web\\\/#\\\/schema\\\/person\\\/45efd3d17f86ec456e44dd7debe1bf19\",\"name\":\"Diario El Trabajo\",\"image\":{\"@type\":\"ImageObject\",\"inLanguage\":\"es-CL\",\"@id\":\"https:\\\/\\\/secure.gravatar.com\\\/avatar\\\/7e6ec277dc4aea2677c2dc301d4227957219329c985ab69a3efc12518b5161aa?s=96&d=mm&r=g\",\"url\":\"https:\\\/\\\/secure.gravatar.com\\\/avatar\\\/7e6ec277dc4aea2677c2dc301d4227957219329c985ab69a3efc12518b5161aa?s=96&d=mm&r=g\",\"contentUrl\":\"https:\\\/\\\/secure.gravatar.com\\\/avatar\\\/7e6ec277dc4aea2677c2dc301d4227957219329c985ab69a3efc12518b5161aa?s=96&d=mm&r=g\",\"caption\":\"Diario El Trabajo\"},\"sameAs\":[\"https:\\\/\\\/eltrabajo.cl\\\/web\"],\"url\":\"https:\\\/\\\/eltrabajo.cl\\\/web\\\/author\\\/diario-el-trabajo\\\/\"}]}<\/script>\n<!-- \/ Yoast SEO plugin. -->","yoast_head_json":{"title":"Molestia vecinal con nueva empresa de retiro de residuos domiciliarios - Diario El Trabajo","robots":{"index":"index","follow":"follow","max-snippet":"max-snippet:-1","max-image-preview":"max-image-preview:large","max-video-preview":"max-video-preview:-1"},"canonical":"https:\/\/eltrabajo.cl\/web\/molestia-vecinal-con-nueva-empresa-de-retiro-de-residuos-domiciliarios\/","og_locale":"es_ES","og_type":"article","og_title":"Molestia vecinal con nueva empresa de retiro de residuos domiciliarios - Diario El Trabajo","og_description":"\u00abEl municipio se cay\u00f3 con la empresa que contrataron y quiz\u00e1s le pintaron el mundo de otro color y la realidad es otra\u00bb, coment\u00f3 Ruth Delgado, presidenta de la UNCO.- El dicho dice que \u2018toda escoba nueva barre bien\u2019, pero al parecer ese no ha sido el caso con la nueva empresa a cargo del [&hellip;]","og_url":"https:\/\/eltrabajo.cl\/web\/molestia-vecinal-con-nueva-empresa-de-retiro-de-residuos-domiciliarios\/","og_site_name":"Diario El Trabajo","article_publisher":"https:\/\/www.facebook.com\/ElTrabajoDiario","article_published_time":"2025-03-05T00:11:05+00:00","og_image":[{"width":699,"height":442,"url":"https:\/\/eltrabajo.cl\/web\/wp-content\/uploads\/2025\/03\/Ruth-Delgado-presidenta-de-la-UNCO-molestia-en-retiro-de-basura.jpg","type":"image\/jpeg"}],"author":"Diario El Trabajo","twitter_card":"summary_large_image","twitter_creator":"@diarioeltrabajo","twitter_site":"@diarioeltrabajo","twitter_misc":{"Escrito por":"Diario El Trabajo","Tiempo estimado de lectura":"4 minutos"},"schema":{"@context":"https:\/\/schema.org","@graph":[{"@type":"Article","@id":"https:\/\/eltrabajo.cl\/web\/molestia-vecinal-con-nueva-empresa-de-retiro-de-residuos-domiciliarios\/#article","isPartOf":{"@id":"https:\/\/eltrabajo.cl\/web\/molestia-vecinal-con-nueva-empresa-de-retiro-de-residuos-domiciliarios\/"},"author":{"name":"Diario El Trabajo","@id":"https:\/\/eltrabajo.cl\/web\/#\/schema\/person\/45efd3d17f86ec456e44dd7debe1bf19"},"headline":"Molestia vecinal con nueva empresa de retiro de residuos domiciliarios","datePublished":"2025-03-05T00:11:05+00:00","mainEntityOfPage":{"@id":"https:\/\/eltrabajo.cl\/web\/molestia-vecinal-con-nueva-empresa-de-retiro-de-residuos-domiciliarios\/"},"wordCount":639,"commentCount":0,"publisher":{"@id":"https:\/\/eltrabajo.cl\/web\/#organization"},"image":{"@id":"https:\/\/eltrabajo.cl\/web\/molestia-vecinal-con-nueva-empresa-de-retiro-de-residuos-domiciliarios\/#primaryimage"},"thumbnailUrl":"https:\/\/eltrabajo.cl\/web\/wp-content\/uploads\/2025\/03\/Ruth-Delgado-presidenta-de-la-UNCO-molestia-en-retiro-de-basura.jpg","articleSection":["Comunidad"],"inLanguage":"es-CL","potentialAction":[{"@type":"CommentAction","name":"Comment","target":["https:\/\/eltrabajo.cl\/web\/molestia-vecinal-con-nueva-empresa-de-retiro-de-residuos-domiciliarios\/#respond"]}]},{"@type":"WebPage","@id":"https:\/\/eltrabajo.cl\/web\/molestia-vecinal-con-nueva-empresa-de-retiro-de-residuos-domiciliarios\/","url":"https:\/\/eltrabajo.cl\/web\/molestia-vecinal-con-nueva-empresa-de-retiro-de-residuos-domiciliarios\/","name":"Molestia vecinal con nueva empresa de retiro de residuos domiciliarios - Diario El Trabajo","isPartOf":{"@id":"https:\/\/eltrabajo.cl\/web\/#website"},"primaryImageOfPage":{"@id":"https:\/\/eltrabajo.cl\/web\/molestia-vecinal-con-nueva-empresa-de-retiro-de-residuos-domiciliarios\/#primaryimage"},"image":{"@id":"https:\/\/eltrabajo.cl\/web\/molestia-vecinal-con-nueva-empresa-de-retiro-de-residuos-domiciliarios\/#primaryimage"},"thumbnailUrl":"https:\/\/eltrabajo.cl\/web\/wp-content\/uploads\/2025\/03\/Ruth-Delgado-presidenta-de-la-UNCO-molestia-en-retiro-de-basura.jpg","datePublished":"2025-03-05T00:11:05+00:00","breadcrumb":{"@id":"https:\/\/eltrabajo.cl\/web\/molestia-vecinal-con-nueva-empresa-de-retiro-de-residuos-domiciliarios\/#breadcrumb"},"inLanguage":"es-CL","potentialAction":[{"@type":"ReadAction","target":["https:\/\/eltrabajo.cl\/web\/molestia-vecinal-con-nueva-empresa-de-retiro-de-residuos-domiciliarios\/"]}]},{"@type":"ImageObject","inLanguage":"es-CL","@id":"https:\/\/eltrabajo.cl\/web\/molestia-vecinal-con-nueva-empresa-de-retiro-de-residuos-domiciliarios\/#primaryimage","url":"https:\/\/eltrabajo.cl\/web\/wp-content\/uploads\/2025\/03\/Ruth-Delgado-presidenta-de-la-UNCO-molestia-en-retiro-de-basura.jpg","contentUrl":"https:\/\/eltrabajo.cl\/web\/wp-content\/uploads\/2025\/03\/Ruth-Delgado-presidenta-de-la-UNCO-molestia-en-retiro-de-basura.jpg","width":699,"height":442,"caption":"Ruth Delgado, presidenta de la UNCO."},{"@type":"BreadcrumbList","@id":"https:\/\/eltrabajo.cl\/web\/molestia-vecinal-con-nueva-empresa-de-retiro-de-residuos-domiciliarios\/#breadcrumb","itemListElement":[{"@type":"ListItem","position":1,"name":"Portada","item":"https:\/\/eltrabajo.cl\/web\/"},{"@type":"ListItem","position":2,"name":"Molestia vecinal con nueva empresa de retiro de residuos domiciliarios"}]},{"@type":"WebSite","@id":"https:\/\/eltrabajo.cl\/web\/#website","url":"https:\/\/eltrabajo.cl\/web\/","name":"Diario El Trabajo","description":"Desde 1929 construyendo Identidad Local","publisher":{"@id":"https:\/\/eltrabajo.cl\/web\/#organization"},"potentialAction":[{"@type":"SearchAction","target":{"@type":"EntryPoint","urlTemplate":"https:\/\/eltrabajo.cl\/web\/?s={search_term_string}"},"query-input":{"@type":"PropertyValueSpecification","valueRequired":true,"valueName":"search_term_string"}}],"inLanguage":"es-CL"},{"@type":"Organization","@id":"https:\/\/eltrabajo.cl\/web\/#organization","name":"Diario El Trabajo","url":"https:\/\/eltrabajo.cl\/web\/","logo":{"@type":"ImageObject","inLanguage":"es-CL","@id":"https:\/\/eltrabajo.cl\/web\/#\/schema\/logo\/image\/","url":"https:\/\/eltrabajo.cl\/web\/wp-content\/uploads\/2024\/06\/profile-image-ig-page-diarioeltrabajo.jpg","contentUrl":"https:\/\/eltrabajo.cl\/web\/wp-content\/uploads\/2024\/06\/profile-image-ig-page-diarioeltrabajo.jpg","width":823,"height":823,"caption":"Diario El Trabajo"},"image":{"@id":"https:\/\/eltrabajo.cl\/web\/#\/schema\/logo\/image\/"},"sameAs":["https:\/\/www.facebook.com\/ElTrabajoDiario","https:\/\/x.com\/diarioeltrabajo"]},{"@type":"Person","@id":"https:\/\/eltrabajo.cl\/web\/#\/schema\/person\/45efd3d17f86ec456e44dd7debe1bf19","name":"Diario El Trabajo","image":{"@type":"ImageObject","inLanguage":"es-CL","@id":"https:\/\/secure.gravatar.com\/avatar\/7e6ec277dc4aea2677c2dc301d4227957219329c985ab69a3efc12518b5161aa?s=96&d=mm&r=g","url":"https:\/\/secure.gravatar.com\/avatar\/7e6ec277dc4aea2677c2dc301d4227957219329c985ab69a3efc12518b5161aa?s=96&d=mm&r=g","contentUrl":"https:\/\/secure.gravatar.com\/avatar\/7e6ec277dc4aea2677c2dc301d4227957219329c985ab69a3efc12518b5161aa?s=96&d=mm&r=g","caption":"Diario El Trabajo"},"sameAs":["https:\/\/eltrabajo.cl\/web"],"url":"https:\/\/eltrabajo.cl\/web\/author\/diario-el-trabajo\/"}]}},"_links":{"self":[{"href":"https:\/\/eltrabajo.cl\/web\/wp-json\/wp\/v2\/posts\/135499","targetHints":{"allow":["GET"]}}],"collection":[{"href":"https:\/\/eltrabajo.cl\/web\/wp-json\/wp\/v2\/posts"}],"about":[{"href":"https:\/\/eltrabajo.cl\/web\/wp-json\/wp\/v2\/types\/post"}],"author":[{"embeddable":true,"href":"https:\/\/eltrabajo.cl\/web\/wp-json\/wp\/v2\/users\/1"}],"replies":[{"embeddable":true,"href":"https:\/\/eltrabajo.cl\/web\/wp-json\/wp\/v2\/comments?post=135499"}],"version-history":[{"count":1,"href":"https:\/\/eltrabajo.cl\/web\/wp-json\/wp\/v2\/posts\/135499\/revisions"}],"predecessor-version":[{"id":135501,"href":"https:\/\/eltrabajo.cl\/web\/wp-json\/wp\/v2\/posts\/135499\/revisions\/135501"}],"wp:featuredmedia":[{"embeddable":true,"href":"https:\/\/eltrabajo.cl\/web\/wp-json\/wp\/v2\/media\/135500"}],"wp:attachment":[{"href":"https:\/\/eltrabajo.cl\/web\/wp-json\/wp\/v2\/media?parent=135499"}],"wp:term":[{"taxonomy":"category","embeddable":true,"href":"https:\/\/eltrabajo.cl\/web\/wp-json\/wp\/v2\/categories?post=135499"},{"taxonomy":"post_tag","embeddable":true,"href":"https:\/\/eltrabajo.cl\/web\/wp-json\/wp\/v2\/tags?post=135499"}],"curies":[{"name":"wp","href":"https:\/\/api.w.org\/{rel}","templated":true}]}}