{"id":135502,"date":"2025-03-04T21:12:33","date_gmt":"2025-03-05T00:12:33","guid":{"rendered":"https:\/\/eltrabajo.cl\/web\/?p=135502"},"modified":"2025-03-04T21:12:33","modified_gmt":"2025-03-05T00:12:33","slug":"vecinos-de-villa-carmen-y-dolores-celebran-la-demolicion-de-casa-abandonada-tras-anos-de-espera","status":"publish","type":"post","link":"https:\/\/eltrabajo.cl\/web\/vecinos-de-villa-carmen-y-dolores-celebran-la-demolicion-de-casa-abandonada-tras-anos-de-espera\/","title":{"rendered":"Vecinos de Villa Carmen y Dolores celebran la demolici\u00f3n de casa abandonada tras a\u00f1os de espera"},"content":{"rendered":"<ul>\n<li><strong>Residentes de la villa est\u00e1n satisfechos con la demolici\u00f3n y esperan que, en lo pronto, se lleve a cabo la construcci\u00f3n de una sede comunitaria en el terreno.-<\/strong><\/li>\n<\/ul>\n<p>Despu\u00e9s de m\u00e1s de dos a\u00f1os de espera, los vecinos de la Villa Carmen y Dolores de San Felipe, finalmente podr\u00e1n disfrutar de una mayor seguridad en sus hogares gracias a la demolici\u00f3n de una casa abandonada ubicada en la esquina de Avenida Maip\u00fa con Manuel de Lima, llevada a cabo este martes 4 de marzo.<\/p>\n<p>La junta de vecinos del sector hab\u00eda denunciado repetidamente que el inmueble se hab\u00eda convertido en un foco de delincuencia, adem\u00e1s de representar un riesgo de incendio debido a que personas en situaci\u00f3n de calle ocupaban el lugar. Las autoridades municipales tomaron cartas en el asunto, y tras un largo proceso legal, el municipio logr\u00f3 que la propiedad pasara a manos del gobierno local.<\/p>\n<p><strong>Andr\u00e9s C\u00e1diz<\/strong>, inspector t\u00e9cnico de la Direcci\u00f3n de Obras de la Municipalidad de San Felipe, explic\u00f3 que la tramitaci\u00f3n legal fue extensa. <em>\u00abEsto tom\u00f3 un tiempo ya que esto era parte de la inmobiliaria que construy\u00f3 ac\u00e1 en la poblaci\u00f3n. Tuvo que hacer un tr\u00e1mite, digamos jur\u00eddico, ah\u00ed donde el Departamento Jur\u00eddico de la municipalidad gener\u00f3 todas las instancias legales para finalmente poder conseguir que esto pasara a propiedad municipal, que eso permit\u00eda, digamos, poder intervenir y generar la demolici\u00f3n. Por eso, un proceso largo de temas legales que ya llegaron a su fin y ahora se est\u00e1 ya demoliendo\u00bb<\/em>, indic\u00f3.<\/p>\n<p>La empresa Millet Montajes Limitada fue la encargada de llevar a cabo la demolici\u00f3n. Seg\u00fan su gerente, <strong>Milton \u00c1lvarez<\/strong>, se estima que el proceso de derribo y limpieza del sitio tomar\u00e1 entre tres y cuatro d\u00edas. <em>\u00abEn este momento, tenemos alrededor de cinco personas trabajando y maquinarias especializadas, tambi\u00e9n estamos sacando algunos elementos que son recuperables, b\u00e1sicamente algunas maderas y tomando algunas precauciones, porque despu\u00e9s tenemos que tener cuidado al demoler con el vecino que est\u00e1 colindante\u00bb,<\/em> se\u00f1al\u00f3.<\/p>\n<p>Durante el proceso, se utilizaron dos camiones tolva y una retroexcavadora. Los escombros y materiales retirados ser\u00e1n llevados a un vertedero autorizado para su disposici\u00f3n adecuada.<\/p>\n<p>En cuanto a los futuros proyectos para el terreno, el inspector Andr\u00e9s C\u00e1diz coment\u00f3 que el municipio est\u00e1 a la espera de conversaciones con la junta de vecinos para decidir el destino del espacio.<em>\u00bbSe ver\u00e1 qu\u00e9 destino se le puede dar, si puede ser \u00e1rea verde, conseguir a lo mejor la construcci\u00f3n de alguna sede comunitaria para la junta de vecinos, pero es algo que se tiene que coordinar en conjunto\u00bb<\/em>, afirm\u00f3.<\/p>\n<p>Por su parte, <strong>Lisandro Carrasco Y\u00e1\u00f1ez<\/strong>, presidente de la Junta de Vecinos Carmen y Dolores, expres\u00f3 su satisfacci\u00f3n por la demolici\u00f3n, que hab\u00eda sido una prioridad durante a\u00f1os. <em>\u00abHoy nos encontramos viendo un anhelo de mucho tiempo, bregando para que se terminara esto que se hab\u00eda transformado en el \u00faltimo periodo en un nido de delincuencia, porque llegaban ah\u00ed, no se sab\u00eda qui\u00e9n, dorm\u00eda gente que era de calle, muchas veces se molestaba a Bomberos porque se corr\u00eda el peligro de incendio, se puso en presencia de Carabineros que llegaban ah\u00ed a esconder cosas que sustra\u00edan de otras partes\u00bb<\/em>, mencion\u00f3.<\/p>\n<p>El dirigente tambi\u00e9n destac\u00f3 que la demolici\u00f3n es solo el primer paso de un proyecto mayor. <em>\u00abAhora que logramos que se demoliera, esperamos conseguir la construcci\u00f3n de una sede comunitaria para toda la villa. Eso es lo que m\u00e1s anhelamos\u00bb, <\/em>concluy\u00f3 Carrasco, reconociendo la labor del expresidente de la junta, <strong>Jos\u00e9 Maldini<\/strong>, quien encabez\u00f3 la lucha para hacer realidad este logro.<\/p>\n<p>Los vecinos celebran el fin de una larga espera y se muestran optimistas ante las posibles mejoras en su comunidad.<\/p>\n<figure id=\"attachment_135503\" aria-describedby=\"caption-attachment-135503\" style=\"width: 699px\" class=\"wp-caption alignnone\"><img loading=\"lazy\" decoding=\"async\" class=\"size-full wp-image-135503\" src=\"http:\/\/eltrabajo.cl\/web\/wp-content\/uploads\/2025\/03\/casa-demolida-Av.-maipu-2.jpg\" alt=\"La demolici\u00f3n y limpieza demorar\u00e1 alrededor de cuatro d\u00edas.\" width=\"699\" height=\"408\" srcset=\"https:\/\/eltrabajo.cl\/web\/wp-content\/uploads\/2025\/03\/casa-demolida-Av.-maipu-2.jpg 699w, https:\/\/eltrabajo.cl\/web\/wp-content\/uploads\/2025\/03\/casa-demolida-Av.-maipu-2-300x175.jpg 300w, https:\/\/eltrabajo.cl\/web\/wp-content\/uploads\/2025\/03\/casa-demolida-Av.-maipu-2-150x88.jpg 150w, https:\/\/eltrabajo.cl\/web\/wp-content\/uploads\/2025\/03\/casa-demolida-Av.-maipu-2-696x406.jpg 696w\" sizes=\"auto, (max-width: 699px) 100vw, 699px\" \/><figcaption id=\"caption-attachment-135503\" class=\"wp-caption-text\">La demolici\u00f3n y limpieza demorar\u00e1 alrededor de cuatro d\u00edas.<\/figcaption><\/figure>\n<figure id=\"attachment_135504\" aria-describedby=\"caption-attachment-135504\" style=\"width: 698px\" class=\"wp-caption alignnone\"><img loading=\"lazy\" decoding=\"async\" class=\"size-full wp-image-135504\" src=\"http:\/\/eltrabajo.cl\/web\/wp-content\/uploads\/2025\/03\/casa-demolida-Av.-maipu-1.jpg\" alt=\"Este martes 4 de marzo comenz\u00f3 la demolici\u00f3n de la casa abandonada ubicada en Avenida Maip\u00fa esquina Manuel de Lima.\" width=\"698\" height=\"311\" srcset=\"https:\/\/eltrabajo.cl\/web\/wp-content\/uploads\/2025\/03\/casa-demolida-Av.-maipu-1.jpg 698w, https:\/\/eltrabajo.cl\/web\/wp-content\/uploads\/2025\/03\/casa-demolida-Av.-maipu-1-300x134.jpg 300w, https:\/\/eltrabajo.cl\/web\/wp-content\/uploads\/2025\/03\/casa-demolida-Av.-maipu-1-150x67.jpg 150w, https:\/\/eltrabajo.cl\/web\/wp-content\/uploads\/2025\/03\/casa-demolida-Av.-maipu-1-696x310.jpg 696w\" sizes=\"auto, (max-width: 698px) 100vw, 698px\" \/><figcaption id=\"caption-attachment-135504\" class=\"wp-caption-text\">Este martes 4 de marzo comenz\u00f3 la demolici\u00f3n de la casa abandonada ubicada en Avenida Maip\u00fa esquina Manuel de Lima.<\/figcaption><\/figure>\n","protected":false},"excerpt":{"rendered":"<p>Residentes de la villa est\u00e1n satisfechos con la demolici\u00f3n y esperan que, en lo pronto, se lleve a cabo la construcci\u00f3n de una sede comunitaria en el terreno.- Despu\u00e9s de m\u00e1s de dos a\u00f1os de espera, los vecinos de la Villa Carmen y Dolores de San Felipe, finalmente podr\u00e1n disfrutar de una mayor seguridad en [&hellip;]<\/p>\n","protected":false},"author":1,"featured_media":135503,"comment_status":"open","ping_status":"closed","sticky":false,"template":"","format":"standard","meta":{"footnotes":""},"categories":[4],"tags":[],"class_list":{"0":"post-135502","1":"post","2":"type-post","3":"status-publish","4":"format-standard","5":"has-post-thumbnail","7":"category-comunidad"},"yoast_head":"<!-- This site is optimized with the Yoast SEO plugin v27.4 - https:\/\/yoast.com\/product\/yoast-seo-wordpress\/ -->\n<title>Vecinos de Villa Carmen y Dolores celebran la demolici\u00f3n de casa abandonada tras a\u00f1os de espera - Diario El Trabajo<\/title>\n<meta name=\"robots\" content=\"index, follow, max-snippet:-1, max-image-preview:large, max-video-preview:-1\" \/>\n<link rel=\"canonical\" href=\"https:\/\/eltrabajo.cl\/web\/vecinos-de-villa-carmen-y-dolores-celebran-la-demolicion-de-casa-abandonada-tras-anos-de-espera\/\" \/>\n<meta property=\"og:locale\" content=\"es_ES\" \/>\n<meta property=\"og:type\" content=\"article\" \/>\n<meta property=\"og:title\" content=\"Vecinos de Villa Carmen y Dolores celebran la demolici\u00f3n de casa abandonada tras a\u00f1os de espera - Diario El Trabajo\" \/>\n<meta property=\"og:description\" content=\"Residentes de la villa est\u00e1n satisfechos con la demolici\u00f3n y esperan que, en lo pronto, se lleve a cabo la construcci\u00f3n de una sede comunitaria en el terreno.- Despu\u00e9s de m\u00e1s de dos a\u00f1os de espera, los vecinos de la Villa Carmen y Dolores de San Felipe, finalmente podr\u00e1n disfrutar de una mayor seguridad en [&hellip;]\" \/>\n<meta property=\"og:url\" content=\"https:\/\/eltrabajo.cl\/web\/vecinos-de-villa-carmen-y-dolores-celebran-la-demolicion-de-casa-abandonada-tras-anos-de-espera\/\" \/>\n<meta property=\"og:site_name\" content=\"Diario El Trabajo\" \/>\n<meta property=\"article:publisher\" content=\"https:\/\/www.facebook.com\/ElTrabajoDiario\" \/>\n<meta property=\"article:published_time\" content=\"2025-03-05T00:12:33+00:00\" \/>\n<meta property=\"og:image\" content=\"https:\/\/eltrabajo.cl\/web\/wp-content\/uploads\/2025\/03\/casa-demolida-Av.-maipu-2.jpg\" \/>\n\t<meta property=\"og:image:width\" content=\"699\" \/>\n\t<meta property=\"og:image:height\" content=\"408\" \/>\n\t<meta property=\"og:image:type\" content=\"image\/jpeg\" \/>\n<meta name=\"author\" content=\"Diario El Trabajo\" \/>\n<meta name=\"twitter:card\" content=\"summary_large_image\" \/>\n<meta name=\"twitter:creator\" content=\"@diarioeltrabajo\" \/>\n<meta name=\"twitter:site\" content=\"@diarioeltrabajo\" \/>\n<meta name=\"twitter:label1\" content=\"Escrito por\" \/>\n\t<meta name=\"twitter:data1\" content=\"Diario El Trabajo\" \/>\n\t<meta name=\"twitter:label2\" content=\"Tiempo estimado de lectura\" \/>\n\t<meta name=\"twitter:data2\" content=\"4 minutos\" \/>\n<script type=\"application\/ld+json\" class=\"yoast-schema-graph\">{\"@context\":\"https:\\\/\\\/schema.org\",\"@graph\":[{\"@type\":\"Article\",\"@id\":\"https:\\\/\\\/eltrabajo.cl\\\/web\\\/vecinos-de-villa-carmen-y-dolores-celebran-la-demolicion-de-casa-abandonada-tras-anos-de-espera\\\/#article\",\"isPartOf\":{\"@id\":\"https:\\\/\\\/eltrabajo.cl\\\/web\\\/vecinos-de-villa-carmen-y-dolores-celebran-la-demolicion-de-casa-abandonada-tras-anos-de-espera\\\/\"},\"author\":{\"name\":\"Diario El Trabajo\",\"@id\":\"https:\\\/\\\/eltrabajo.cl\\\/web\\\/#\\\/schema\\\/person\\\/45efd3d17f86ec456e44dd7debe1bf19\"},\"headline\":\"Vecinos de Villa Carmen y Dolores celebran la demolici\u00f3n de casa abandonada tras a\u00f1os de espera\",\"datePublished\":\"2025-03-05T00:12:33+00:00\",\"mainEntityOfPage\":{\"@id\":\"https:\\\/\\\/eltrabajo.cl\\\/web\\\/vecinos-de-villa-carmen-y-dolores-celebran-la-demolicion-de-casa-abandonada-tras-anos-de-espera\\\/\"},\"wordCount\":720,\"commentCount\":0,\"publisher\":{\"@id\":\"https:\\\/\\\/eltrabajo.cl\\\/web\\\/#organization\"},\"image\":{\"@id\":\"https:\\\/\\\/eltrabajo.cl\\\/web\\\/vecinos-de-villa-carmen-y-dolores-celebran-la-demolicion-de-casa-abandonada-tras-anos-de-espera\\\/#primaryimage\"},\"thumbnailUrl\":\"https:\\\/\\\/eltrabajo.cl\\\/web\\\/wp-content\\\/uploads\\\/2025\\\/03\\\/casa-demolida-Av.-maipu-2.jpg\",\"articleSection\":[\"Comunidad\"],\"inLanguage\":\"es-CL\",\"potentialAction\":[{\"@type\":\"CommentAction\",\"name\":\"Comment\",\"target\":[\"https:\\\/\\\/eltrabajo.cl\\\/web\\\/vecinos-de-villa-carmen-y-dolores-celebran-la-demolicion-de-casa-abandonada-tras-anos-de-espera\\\/#respond\"]}]},{\"@type\":\"WebPage\",\"@id\":\"https:\\\/\\\/eltrabajo.cl\\\/web\\\/vecinos-de-villa-carmen-y-dolores-celebran-la-demolicion-de-casa-abandonada-tras-anos-de-espera\\\/\",\"url\":\"https:\\\/\\\/eltrabajo.cl\\\/web\\\/vecinos-de-villa-carmen-y-dolores-celebran-la-demolicion-de-casa-abandonada-tras-anos-de-espera\\\/\",\"name\":\"Vecinos de Villa Carmen y Dolores celebran la demolici\u00f3n de casa abandonada tras a\u00f1os de espera - Diario El Trabajo\",\"isPartOf\":{\"@id\":\"https:\\\/\\\/eltrabajo.cl\\\/web\\\/#website\"},\"primaryImageOfPage\":{\"@id\":\"https:\\\/\\\/eltrabajo.cl\\\/web\\\/vecinos-de-villa-carmen-y-dolores-celebran-la-demolicion-de-casa-abandonada-tras-anos-de-espera\\\/#primaryimage\"},\"image\":{\"@id\":\"https:\\\/\\\/eltrabajo.cl\\\/web\\\/vecinos-de-villa-carmen-y-dolores-celebran-la-demolicion-de-casa-abandonada-tras-anos-de-espera\\\/#primaryimage\"},\"thumbnailUrl\":\"https:\\\/\\\/eltrabajo.cl\\\/web\\\/wp-content\\\/uploads\\\/2025\\\/03\\\/casa-demolida-Av.-maipu-2.jpg\",\"datePublished\":\"2025-03-05T00:12:33+00:00\",\"breadcrumb\":{\"@id\":\"https:\\\/\\\/eltrabajo.cl\\\/web\\\/vecinos-de-villa-carmen-y-dolores-celebran-la-demolicion-de-casa-abandonada-tras-anos-de-espera\\\/#breadcrumb\"},\"inLanguage\":\"es-CL\",\"potentialAction\":[{\"@type\":\"ReadAction\",\"target\":[\"https:\\\/\\\/eltrabajo.cl\\\/web\\\/vecinos-de-villa-carmen-y-dolores-celebran-la-demolicion-de-casa-abandonada-tras-anos-de-espera\\\/\"]}]},{\"@type\":\"ImageObject\",\"inLanguage\":\"es-CL\",\"@id\":\"https:\\\/\\\/eltrabajo.cl\\\/web\\\/vecinos-de-villa-carmen-y-dolores-celebran-la-demolicion-de-casa-abandonada-tras-anos-de-espera\\\/#primaryimage\",\"url\":\"https:\\\/\\\/eltrabajo.cl\\\/web\\\/wp-content\\\/uploads\\\/2025\\\/03\\\/casa-demolida-Av.-maipu-2.jpg\",\"contentUrl\":\"https:\\\/\\\/eltrabajo.cl\\\/web\\\/wp-content\\\/uploads\\\/2025\\\/03\\\/casa-demolida-Av.-maipu-2.jpg\",\"width\":699,\"height\":408,\"caption\":\"La demolici\u00f3n y limpieza demorar\u00e1 alrededor de cuatro d\u00edas.\"},{\"@type\":\"BreadcrumbList\",\"@id\":\"https:\\\/\\\/eltrabajo.cl\\\/web\\\/vecinos-de-villa-carmen-y-dolores-celebran-la-demolicion-de-casa-abandonada-tras-anos-de-espera\\\/#breadcrumb\",\"itemListElement\":[{\"@type\":\"ListItem\",\"position\":1,\"name\":\"Portada\",\"item\":\"https:\\\/\\\/eltrabajo.cl\\\/web\\\/\"},{\"@type\":\"ListItem\",\"position\":2,\"name\":\"Vecinos de Villa Carmen y Dolores celebran la demolici\u00f3n de casa abandonada tras a\u00f1os de espera\"}]},{\"@type\":\"WebSite\",\"@id\":\"https:\\\/\\\/eltrabajo.cl\\\/web\\\/#website\",\"url\":\"https:\\\/\\\/eltrabajo.cl\\\/web\\\/\",\"name\":\"Diario El Trabajo\",\"description\":\"Desde 1929 construyendo Identidad Local\",\"publisher\":{\"@id\":\"https:\\\/\\\/eltrabajo.cl\\\/web\\\/#organization\"},\"potentialAction\":[{\"@type\":\"SearchAction\",\"target\":{\"@type\":\"EntryPoint\",\"urlTemplate\":\"https:\\\/\\\/eltrabajo.cl\\\/web\\\/?s={search_term_string}\"},\"query-input\":{\"@type\":\"PropertyValueSpecification\",\"valueRequired\":true,\"valueName\":\"search_term_string\"}}],\"inLanguage\":\"es-CL\"},{\"@type\":\"Organization\",\"@id\":\"https:\\\/\\\/eltrabajo.cl\\\/web\\\/#organization\",\"name\":\"Diario El Trabajo\",\"url\":\"https:\\\/\\\/eltrabajo.cl\\\/web\\\/\",\"logo\":{\"@type\":\"ImageObject\",\"inLanguage\":\"es-CL\",\"@id\":\"https:\\\/\\\/eltrabajo.cl\\\/web\\\/#\\\/schema\\\/logo\\\/image\\\/\",\"url\":\"https:\\\/\\\/eltrabajo.cl\\\/web\\\/wp-content\\\/uploads\\\/2024\\\/06\\\/profile-image-ig-page-diarioeltrabajo.jpg\",\"contentUrl\":\"https:\\\/\\\/eltrabajo.cl\\\/web\\\/wp-content\\\/uploads\\\/2024\\\/06\\\/profile-image-ig-page-diarioeltrabajo.jpg\",\"width\":823,\"height\":823,\"caption\":\"Diario El Trabajo\"},\"image\":{\"@id\":\"https:\\\/\\\/eltrabajo.cl\\\/web\\\/#\\\/schema\\\/logo\\\/image\\\/\"},\"sameAs\":[\"https:\\\/\\\/www.facebook.com\\\/ElTrabajoDiario\",\"https:\\\/\\\/x.com\\\/diarioeltrabajo\"]},{\"@type\":\"Person\",\"@id\":\"https:\\\/\\\/eltrabajo.cl\\\/web\\\/#\\\/schema\\\/person\\\/45efd3d17f86ec456e44dd7debe1bf19\",\"name\":\"Diario El Trabajo\",\"image\":{\"@type\":\"ImageObject\",\"inLanguage\":\"es-CL\",\"@id\":\"https:\\\/\\\/secure.gravatar.com\\\/avatar\\\/7e6ec277dc4aea2677c2dc301d4227957219329c985ab69a3efc12518b5161aa?s=96&d=mm&r=g\",\"url\":\"https:\\\/\\\/secure.gravatar.com\\\/avatar\\\/7e6ec277dc4aea2677c2dc301d4227957219329c985ab69a3efc12518b5161aa?s=96&d=mm&r=g\",\"contentUrl\":\"https:\\\/\\\/secure.gravatar.com\\\/avatar\\\/7e6ec277dc4aea2677c2dc301d4227957219329c985ab69a3efc12518b5161aa?s=96&d=mm&r=g\",\"caption\":\"Diario El Trabajo\"},\"sameAs\":[\"https:\\\/\\\/eltrabajo.cl\\\/web\"],\"url\":\"https:\\\/\\\/eltrabajo.cl\\\/web\\\/author\\\/diario-el-trabajo\\\/\"}]}<\/script>\n<!-- \/ Yoast SEO plugin. -->","yoast_head_json":{"title":"Vecinos de Villa Carmen y Dolores celebran la demolici\u00f3n de casa abandonada tras a\u00f1os de espera - Diario El Trabajo","robots":{"index":"index","follow":"follow","max-snippet":"max-snippet:-1","max-image-preview":"max-image-preview:large","max-video-preview":"max-video-preview:-1"},"canonical":"https:\/\/eltrabajo.cl\/web\/vecinos-de-villa-carmen-y-dolores-celebran-la-demolicion-de-casa-abandonada-tras-anos-de-espera\/","og_locale":"es_ES","og_type":"article","og_title":"Vecinos de Villa Carmen y Dolores celebran la demolici\u00f3n de casa abandonada tras a\u00f1os de espera - Diario El Trabajo","og_description":"Residentes de la villa est\u00e1n satisfechos con la demolici\u00f3n y esperan que, en lo pronto, se lleve a cabo la construcci\u00f3n de una sede comunitaria en el terreno.- Despu\u00e9s de m\u00e1s de dos a\u00f1os de espera, los vecinos de la Villa Carmen y Dolores de San Felipe, finalmente podr\u00e1n disfrutar de una mayor seguridad en [&hellip;]","og_url":"https:\/\/eltrabajo.cl\/web\/vecinos-de-villa-carmen-y-dolores-celebran-la-demolicion-de-casa-abandonada-tras-anos-de-espera\/","og_site_name":"Diario El Trabajo","article_publisher":"https:\/\/www.facebook.com\/ElTrabajoDiario","article_published_time":"2025-03-05T00:12:33+00:00","og_image":[{"width":699,"height":408,"url":"https:\/\/eltrabajo.cl\/web\/wp-content\/uploads\/2025\/03\/casa-demolida-Av.-maipu-2.jpg","type":"image\/jpeg"}],"author":"Diario El Trabajo","twitter_card":"summary_large_image","twitter_creator":"@diarioeltrabajo","twitter_site":"@diarioeltrabajo","twitter_misc":{"Escrito por":"Diario El Trabajo","Tiempo estimado de lectura":"4 minutos"},"schema":{"@context":"https:\/\/schema.org","@graph":[{"@type":"Article","@id":"https:\/\/eltrabajo.cl\/web\/vecinos-de-villa-carmen-y-dolores-celebran-la-demolicion-de-casa-abandonada-tras-anos-de-espera\/#article","isPartOf":{"@id":"https:\/\/eltrabajo.cl\/web\/vecinos-de-villa-carmen-y-dolores-celebran-la-demolicion-de-casa-abandonada-tras-anos-de-espera\/"},"author":{"name":"Diario El Trabajo","@id":"https:\/\/eltrabajo.cl\/web\/#\/schema\/person\/45efd3d17f86ec456e44dd7debe1bf19"},"headline":"Vecinos de Villa Carmen y Dolores celebran la demolici\u00f3n de casa abandonada tras a\u00f1os de espera","datePublished":"2025-03-05T00:12:33+00:00","mainEntityOfPage":{"@id":"https:\/\/eltrabajo.cl\/web\/vecinos-de-villa-carmen-y-dolores-celebran-la-demolicion-de-casa-abandonada-tras-anos-de-espera\/"},"wordCount":720,"commentCount":0,"publisher":{"@id":"https:\/\/eltrabajo.cl\/web\/#organization"},"image":{"@id":"https:\/\/eltrabajo.cl\/web\/vecinos-de-villa-carmen-y-dolores-celebran-la-demolicion-de-casa-abandonada-tras-anos-de-espera\/#primaryimage"},"thumbnailUrl":"https:\/\/eltrabajo.cl\/web\/wp-content\/uploads\/2025\/03\/casa-demolida-Av.-maipu-2.jpg","articleSection":["Comunidad"],"inLanguage":"es-CL","potentialAction":[{"@type":"CommentAction","name":"Comment","target":["https:\/\/eltrabajo.cl\/web\/vecinos-de-villa-carmen-y-dolores-celebran-la-demolicion-de-casa-abandonada-tras-anos-de-espera\/#respond"]}]},{"@type":"WebPage","@id":"https:\/\/eltrabajo.cl\/web\/vecinos-de-villa-carmen-y-dolores-celebran-la-demolicion-de-casa-abandonada-tras-anos-de-espera\/","url":"https:\/\/eltrabajo.cl\/web\/vecinos-de-villa-carmen-y-dolores-celebran-la-demolicion-de-casa-abandonada-tras-anos-de-espera\/","name":"Vecinos de Villa Carmen y Dolores celebran la demolici\u00f3n de casa abandonada tras a\u00f1os de espera - Diario El Trabajo","isPartOf":{"@id":"https:\/\/eltrabajo.cl\/web\/#website"},"primaryImageOfPage":{"@id":"https:\/\/eltrabajo.cl\/web\/vecinos-de-villa-carmen-y-dolores-celebran-la-demolicion-de-casa-abandonada-tras-anos-de-espera\/#primaryimage"},"image":{"@id":"https:\/\/eltrabajo.cl\/web\/vecinos-de-villa-carmen-y-dolores-celebran-la-demolicion-de-casa-abandonada-tras-anos-de-espera\/#primaryimage"},"thumbnailUrl":"https:\/\/eltrabajo.cl\/web\/wp-content\/uploads\/2025\/03\/casa-demolida-Av.-maipu-2.jpg","datePublished":"2025-03-05T00:12:33+00:00","breadcrumb":{"@id":"https:\/\/eltrabajo.cl\/web\/vecinos-de-villa-carmen-y-dolores-celebran-la-demolicion-de-casa-abandonada-tras-anos-de-espera\/#breadcrumb"},"inLanguage":"es-CL","potentialAction":[{"@type":"ReadAction","target":["https:\/\/eltrabajo.cl\/web\/vecinos-de-villa-carmen-y-dolores-celebran-la-demolicion-de-casa-abandonada-tras-anos-de-espera\/"]}]},{"@type":"ImageObject","inLanguage":"es-CL","@id":"https:\/\/eltrabajo.cl\/web\/vecinos-de-villa-carmen-y-dolores-celebran-la-demolicion-de-casa-abandonada-tras-anos-de-espera\/#primaryimage","url":"https:\/\/eltrabajo.cl\/web\/wp-content\/uploads\/2025\/03\/casa-demolida-Av.-maipu-2.jpg","contentUrl":"https:\/\/eltrabajo.cl\/web\/wp-content\/uploads\/2025\/03\/casa-demolida-Av.-maipu-2.jpg","width":699,"height":408,"caption":"La demolici\u00f3n y limpieza demorar\u00e1 alrededor de cuatro d\u00edas."},{"@type":"BreadcrumbList","@id":"https:\/\/eltrabajo.cl\/web\/vecinos-de-villa-carmen-y-dolores-celebran-la-demolicion-de-casa-abandonada-tras-anos-de-espera\/#breadcrumb","itemListElement":[{"@type":"ListItem","position":1,"name":"Portada","item":"https:\/\/eltrabajo.cl\/web\/"},{"@type":"ListItem","position":2,"name":"Vecinos de Villa Carmen y Dolores celebran la demolici\u00f3n de casa abandonada tras a\u00f1os de espera"}]},{"@type":"WebSite","@id":"https:\/\/eltrabajo.cl\/web\/#website","url":"https:\/\/eltrabajo.cl\/web\/","name":"Diario El Trabajo","description":"Desde 1929 construyendo Identidad Local","publisher":{"@id":"https:\/\/eltrabajo.cl\/web\/#organization"},"potentialAction":[{"@type":"SearchAction","target":{"@type":"EntryPoint","urlTemplate":"https:\/\/eltrabajo.cl\/web\/?s={search_term_string}"},"query-input":{"@type":"PropertyValueSpecification","valueRequired":true,"valueName":"search_term_string"}}],"inLanguage":"es-CL"},{"@type":"Organization","@id":"https:\/\/eltrabajo.cl\/web\/#organization","name":"Diario El Trabajo","url":"https:\/\/eltrabajo.cl\/web\/","logo":{"@type":"ImageObject","inLanguage":"es-CL","@id":"https:\/\/eltrabajo.cl\/web\/#\/schema\/logo\/image\/","url":"https:\/\/eltrabajo.cl\/web\/wp-content\/uploads\/2024\/06\/profile-image-ig-page-diarioeltrabajo.jpg","contentUrl":"https:\/\/eltrabajo.cl\/web\/wp-content\/uploads\/2024\/06\/profile-image-ig-page-diarioeltrabajo.jpg","width":823,"height":823,"caption":"Diario El Trabajo"},"image":{"@id":"https:\/\/eltrabajo.cl\/web\/#\/schema\/logo\/image\/"},"sameAs":["https:\/\/www.facebook.com\/ElTrabajoDiario","https:\/\/x.com\/diarioeltrabajo"]},{"@type":"Person","@id":"https:\/\/eltrabajo.cl\/web\/#\/schema\/person\/45efd3d17f86ec456e44dd7debe1bf19","name":"Diario El Trabajo","image":{"@type":"ImageObject","inLanguage":"es-CL","@id":"https:\/\/secure.gravatar.com\/avatar\/7e6ec277dc4aea2677c2dc301d4227957219329c985ab69a3efc12518b5161aa?s=96&d=mm&r=g","url":"https:\/\/secure.gravatar.com\/avatar\/7e6ec277dc4aea2677c2dc301d4227957219329c985ab69a3efc12518b5161aa?s=96&d=mm&r=g","contentUrl":"https:\/\/secure.gravatar.com\/avatar\/7e6ec277dc4aea2677c2dc301d4227957219329c985ab69a3efc12518b5161aa?s=96&d=mm&r=g","caption":"Diario El Trabajo"},"sameAs":["https:\/\/eltrabajo.cl\/web"],"url":"https:\/\/eltrabajo.cl\/web\/author\/diario-el-trabajo\/"}]}},"_links":{"self":[{"href":"https:\/\/eltrabajo.cl\/web\/wp-json\/wp\/v2\/posts\/135502","targetHints":{"allow":["GET"]}}],"collection":[{"href":"https:\/\/eltrabajo.cl\/web\/wp-json\/wp\/v2\/posts"}],"about":[{"href":"https:\/\/eltrabajo.cl\/web\/wp-json\/wp\/v2\/types\/post"}],"author":[{"embeddable":true,"href":"https:\/\/eltrabajo.cl\/web\/wp-json\/wp\/v2\/users\/1"}],"replies":[{"embeddable":true,"href":"https:\/\/eltrabajo.cl\/web\/wp-json\/wp\/v2\/comments?post=135502"}],"version-history":[{"count":1,"href":"https:\/\/eltrabajo.cl\/web\/wp-json\/wp\/v2\/posts\/135502\/revisions"}],"predecessor-version":[{"id":135505,"href":"https:\/\/eltrabajo.cl\/web\/wp-json\/wp\/v2\/posts\/135502\/revisions\/135505"}],"wp:featuredmedia":[{"embeddable":true,"href":"https:\/\/eltrabajo.cl\/web\/wp-json\/wp\/v2\/media\/135503"}],"wp:attachment":[{"href":"https:\/\/eltrabajo.cl\/web\/wp-json\/wp\/v2\/media?parent=135502"}],"wp:term":[{"taxonomy":"category","embeddable":true,"href":"https:\/\/eltrabajo.cl\/web\/wp-json\/wp\/v2\/categories?post=135502"},{"taxonomy":"post_tag","embeddable":true,"href":"https:\/\/eltrabajo.cl\/web\/wp-json\/wp\/v2\/tags?post=135502"}],"curies":[{"name":"wp","href":"https:\/\/api.w.org\/{rel}","templated":true}]}}