{"id":135506,"date":"2025-03-04T21:13:45","date_gmt":"2025-03-05T00:13:45","guid":{"rendered":"https:\/\/eltrabajo.cl\/web\/?p=135506"},"modified":"2025-03-04T21:13:45","modified_gmt":"2025-03-05T00:13:45","slug":"desarticulan-banda-de-menores-de-edad-dedicada-al-robo-de-vehiculos-de-aplicacion-en-los-andes","status":"publish","type":"post","link":"https:\/\/eltrabajo.cl\/web\/desarticulan-banda-de-menores-de-edad-dedicada-al-robo-de-vehiculos-de-aplicacion-en-los-andes\/","title":{"rendered":"Desarticulan banda de menores de edad dedicada al robo de veh\u00edculos de aplicaci\u00f3n en Los Andes"},"content":{"rendered":"<ul>\n<li><strong>Uno de los delincuentes ten\u00eda una orden de arresto domiciliario nocturno.\u2013<\/strong><\/li>\n<\/ul>\n<p>Carabineros de la Tercera Comisar\u00eda de Los Andes logr\u00f3 desarticular a una banda criminal compuesta por tres menores de edad, quienes se dedicaban al robo de veh\u00edculos a conductores de aplicaci\u00f3n. El \u00faltimo robo lo efectuaron en el sector de Los Villares.<\/p>\n<p>Personal de Carabineros concurri\u00f3 hasta el lugar de los hechos y pudo dialogar con la v\u00edctima, tras esto, comenzaron a realizar diversos patrullajes por el sector, logrando divisar a estos malvivientes.<\/p>\n<p>El comisario de Carabineros de Los Andes, mayor <strong>Paul Wladimiro Harvey<\/strong>, se\u00f1al\u00f3 que <em>\u00abdurante la madruga de hoy<\/em> (martes)<em>, personal perteneciente a la Tercera Comisar\u00eda de Los Andes, acudi\u00f3 al sector de Los Villares para verificar un procedimiento por robo de veh\u00edculo a un conductor de aplicaci\u00f3n \u2018DIDI\u2019\u00bb<\/em>.<\/p>\n<p>En este contexto, el comisario de Carabineros andino agreg\u00f3 que <em>\u00aben el trayecto, los funcionarios divisaron a un autom\u00f3vil cuyas caracter\u00edsticas coincid\u00edan con el recientemente sustra\u00eddo. Al intentar fiscalizar a los ocupantes, estos emprendieron huida inici\u00e1ndose un seguimiento controlado que finaliz\u00f3 con su detenci\u00f3n minutos m\u00e1s tarde\u00bb<\/em>.<\/p>\n<p>Junto con la detenci\u00f3n de estos delincuentes, personal de la Secci\u00f3n de Investigaci\u00f3n Policial (SIP) de Carabineros continu\u00f3 desarrollando las diligencias del caso, logrando la recuperaci\u00f3n de otro veh\u00edculo robado por estos antisociales.<\/p>\n<p>\u00ab<em>Posteriormente, se logr\u00f3 recuperar otro veh\u00edculo que hab\u00eda sido sustra\u00eddo la noche del 3 de marzo, asimismo, durante el procedimiento, se incaut\u00f3 un arma blanca la que era utilizada para intimidar a las v\u00edctimas, adem\u00e1s de varios tel\u00e9fonos celulares\u00bb<\/em>, detall\u00f3 el mayor Paul Wladimiro.<\/p>\n<p>Finalmente, el comisario de Los Andes precis\u00f3 que <em>\u00ablos detenidos corresponden a tres menores de edad de sexo masculino, quienes cuentan con antecedentes por diversos delitos, asimismo, se verific\u00f3 que uno de ellos incumpl\u00eda una medida de arresto domiciliario nocturno\u00bb<\/em>, cerr\u00f3.<\/p>\n<figure id=\"attachment_135507\" aria-describedby=\"caption-attachment-135507\" style=\"width: 698px\" class=\"wp-caption alignnone\"><img loading=\"lazy\" decoding=\"async\" class=\"size-full wp-image-135507\" src=\"http:\/\/eltrabajo.cl\/web\/wp-content\/uploads\/2025\/03\/vehiculos-recuperados-Los-Andes-desarticulan-banda-de-menores-de-edad.jpg\" alt=\"Carabineros detuvo a banda de menores de edad dedicaba al robo de veh\u00edculos.\" width=\"698\" height=\"326\" srcset=\"https:\/\/eltrabajo.cl\/web\/wp-content\/uploads\/2025\/03\/vehiculos-recuperados-Los-Andes-desarticulan-banda-de-menores-de-edad.jpg 698w, https:\/\/eltrabajo.cl\/web\/wp-content\/uploads\/2025\/03\/vehiculos-recuperados-Los-Andes-desarticulan-banda-de-menores-de-edad-300x140.jpg 300w, https:\/\/eltrabajo.cl\/web\/wp-content\/uploads\/2025\/03\/vehiculos-recuperados-Los-Andes-desarticulan-banda-de-menores-de-edad-150x70.jpg 150w, https:\/\/eltrabajo.cl\/web\/wp-content\/uploads\/2025\/03\/vehiculos-recuperados-Los-Andes-desarticulan-banda-de-menores-de-edad-696x325.jpg 696w\" sizes=\"auto, (max-width: 698px) 100vw, 698px\" \/><figcaption id=\"caption-attachment-135507\" class=\"wp-caption-text\">Carabineros detuvo a banda de menores de edad dedicaba al robo de veh\u00edculos.<\/figcaption><\/figure>\n","protected":false},"excerpt":{"rendered":"<p>Uno de los delincuentes ten\u00eda una orden de arresto domiciliario nocturno.\u2013 Carabineros de la Tercera Comisar\u00eda de Los Andes logr\u00f3 desarticular a una banda criminal compuesta por tres menores de edad, quienes se dedicaban al robo de veh\u00edculos a conductores de aplicaci\u00f3n. El \u00faltimo robo lo efectuaron en el sector de Los Villares. Personal de [&hellip;]<\/p>\n","protected":false},"author":1,"featured_media":135507,"comment_status":"open","ping_status":"closed","sticky":false,"template":"","format":"standard","meta":{"footnotes":""},"categories":[5],"tags":[],"class_list":{"0":"post-135506","1":"post","2":"type-post","3":"status-publish","4":"format-standard","5":"has-post-thumbnail","7":"category-policial"},"yoast_head":"<!-- This site is optimized with the Yoast SEO plugin v27.5 - https:\/\/yoast.com\/product\/yoast-seo-wordpress\/ -->\n<title>Desarticulan banda de menores de edad dedicada al robo de veh\u00edculos de aplicaci\u00f3n en Los Andes - Diario El Trabajo<\/title>\n<meta name=\"robots\" content=\"index, follow, max-snippet:-1, max-image-preview:large, max-video-preview:-1\" \/>\n<link rel=\"canonical\" href=\"https:\/\/eltrabajo.cl\/web\/desarticulan-banda-de-menores-de-edad-dedicada-al-robo-de-vehiculos-de-aplicacion-en-los-andes\/\" \/>\n<meta property=\"og:locale\" content=\"es_ES\" \/>\n<meta property=\"og:type\" content=\"article\" \/>\n<meta property=\"og:title\" content=\"Desarticulan banda de menores de edad dedicada al robo de veh\u00edculos de aplicaci\u00f3n en Los Andes - Diario El Trabajo\" \/>\n<meta property=\"og:description\" content=\"Uno de los delincuentes ten\u00eda una orden de arresto domiciliario nocturno.\u2013 Carabineros de la Tercera Comisar\u00eda de Los Andes logr\u00f3 desarticular a una banda criminal compuesta por tres menores de edad, quienes se dedicaban al robo de veh\u00edculos a conductores de aplicaci\u00f3n. El \u00faltimo robo lo efectuaron en el sector de Los Villares. Personal de [&hellip;]\" \/>\n<meta property=\"og:url\" content=\"https:\/\/eltrabajo.cl\/web\/desarticulan-banda-de-menores-de-edad-dedicada-al-robo-de-vehiculos-de-aplicacion-en-los-andes\/\" \/>\n<meta property=\"og:site_name\" content=\"Diario El Trabajo\" \/>\n<meta property=\"article:publisher\" content=\"https:\/\/www.facebook.com\/ElTrabajoDiario\" \/>\n<meta property=\"article:published_time\" content=\"2025-03-05T00:13:45+00:00\" \/>\n<meta property=\"og:image\" content=\"https:\/\/eltrabajo.cl\/web\/wp-content\/uploads\/2025\/03\/vehiculos-recuperados-Los-Andes-desarticulan-banda-de-menores-de-edad.jpg\" \/>\n\t<meta property=\"og:image:width\" content=\"698\" \/>\n\t<meta property=\"og:image:height\" content=\"326\" \/>\n\t<meta property=\"og:image:type\" content=\"image\/jpeg\" \/>\n<meta name=\"author\" content=\"Diario El Trabajo\" \/>\n<meta name=\"twitter:card\" content=\"summary_large_image\" \/>\n<meta name=\"twitter:creator\" content=\"@diarioeltrabajo\" \/>\n<meta name=\"twitter:site\" content=\"@diarioeltrabajo\" \/>\n<meta name=\"twitter:label1\" content=\"Escrito por\" \/>\n\t<meta name=\"twitter:data1\" content=\"Diario El Trabajo\" \/>\n\t<meta name=\"twitter:label2\" content=\"Tiempo estimado de lectura\" \/>\n\t<meta name=\"twitter:data2\" content=\"2 minutos\" \/>\n<script type=\"application\/ld+json\" class=\"yoast-schema-graph\">{\"@context\":\"https:\\\/\\\/schema.org\",\"@graph\":[{\"@type\":\"Article\",\"@id\":\"https:\\\/\\\/eltrabajo.cl\\\/web\\\/desarticulan-banda-de-menores-de-edad-dedicada-al-robo-de-vehiculos-de-aplicacion-en-los-andes\\\/#article\",\"isPartOf\":{\"@id\":\"https:\\\/\\\/eltrabajo.cl\\\/web\\\/desarticulan-banda-de-menores-de-edad-dedicada-al-robo-de-vehiculos-de-aplicacion-en-los-andes\\\/\"},\"author\":{\"name\":\"Diario El Trabajo\",\"@id\":\"https:\\\/\\\/eltrabajo.cl\\\/web\\\/#\\\/schema\\\/person\\\/45efd3d17f86ec456e44dd7debe1bf19\"},\"headline\":\"Desarticulan banda de menores de edad dedicada al robo de veh\u00edculos de aplicaci\u00f3n en Los Andes\",\"datePublished\":\"2025-03-05T00:13:45+00:00\",\"mainEntityOfPage\":{\"@id\":\"https:\\\/\\\/eltrabajo.cl\\\/web\\\/desarticulan-banda-de-menores-de-edad-dedicada-al-robo-de-vehiculos-de-aplicacion-en-los-andes\\\/\"},\"wordCount\":363,\"commentCount\":0,\"publisher\":{\"@id\":\"https:\\\/\\\/eltrabajo.cl\\\/web\\\/#organization\"},\"image\":{\"@id\":\"https:\\\/\\\/eltrabajo.cl\\\/web\\\/desarticulan-banda-de-menores-de-edad-dedicada-al-robo-de-vehiculos-de-aplicacion-en-los-andes\\\/#primaryimage\"},\"thumbnailUrl\":\"https:\\\/\\\/eltrabajo.cl\\\/web\\\/wp-content\\\/uploads\\\/2025\\\/03\\\/vehiculos-recuperados-Los-Andes-desarticulan-banda-de-menores-de-edad.jpg\",\"articleSection\":[\"Policial\"],\"inLanguage\":\"es-CL\",\"potentialAction\":[{\"@type\":\"CommentAction\",\"name\":\"Comment\",\"target\":[\"https:\\\/\\\/eltrabajo.cl\\\/web\\\/desarticulan-banda-de-menores-de-edad-dedicada-al-robo-de-vehiculos-de-aplicacion-en-los-andes\\\/#respond\"]}]},{\"@type\":\"WebPage\",\"@id\":\"https:\\\/\\\/eltrabajo.cl\\\/web\\\/desarticulan-banda-de-menores-de-edad-dedicada-al-robo-de-vehiculos-de-aplicacion-en-los-andes\\\/\",\"url\":\"https:\\\/\\\/eltrabajo.cl\\\/web\\\/desarticulan-banda-de-menores-de-edad-dedicada-al-robo-de-vehiculos-de-aplicacion-en-los-andes\\\/\",\"name\":\"Desarticulan banda de menores de edad dedicada al robo de veh\u00edculos de aplicaci\u00f3n en Los Andes - Diario El Trabajo\",\"isPartOf\":{\"@id\":\"https:\\\/\\\/eltrabajo.cl\\\/web\\\/#website\"},\"primaryImageOfPage\":{\"@id\":\"https:\\\/\\\/eltrabajo.cl\\\/web\\\/desarticulan-banda-de-menores-de-edad-dedicada-al-robo-de-vehiculos-de-aplicacion-en-los-andes\\\/#primaryimage\"},\"image\":{\"@id\":\"https:\\\/\\\/eltrabajo.cl\\\/web\\\/desarticulan-banda-de-menores-de-edad-dedicada-al-robo-de-vehiculos-de-aplicacion-en-los-andes\\\/#primaryimage\"},\"thumbnailUrl\":\"https:\\\/\\\/eltrabajo.cl\\\/web\\\/wp-content\\\/uploads\\\/2025\\\/03\\\/vehiculos-recuperados-Los-Andes-desarticulan-banda-de-menores-de-edad.jpg\",\"datePublished\":\"2025-03-05T00:13:45+00:00\",\"breadcrumb\":{\"@id\":\"https:\\\/\\\/eltrabajo.cl\\\/web\\\/desarticulan-banda-de-menores-de-edad-dedicada-al-robo-de-vehiculos-de-aplicacion-en-los-andes\\\/#breadcrumb\"},\"inLanguage\":\"es-CL\",\"potentialAction\":[{\"@type\":\"ReadAction\",\"target\":[\"https:\\\/\\\/eltrabajo.cl\\\/web\\\/desarticulan-banda-de-menores-de-edad-dedicada-al-robo-de-vehiculos-de-aplicacion-en-los-andes\\\/\"]}]},{\"@type\":\"ImageObject\",\"inLanguage\":\"es-CL\",\"@id\":\"https:\\\/\\\/eltrabajo.cl\\\/web\\\/desarticulan-banda-de-menores-de-edad-dedicada-al-robo-de-vehiculos-de-aplicacion-en-los-andes\\\/#primaryimage\",\"url\":\"https:\\\/\\\/eltrabajo.cl\\\/web\\\/wp-content\\\/uploads\\\/2025\\\/03\\\/vehiculos-recuperados-Los-Andes-desarticulan-banda-de-menores-de-edad.jpg\",\"contentUrl\":\"https:\\\/\\\/eltrabajo.cl\\\/web\\\/wp-content\\\/uploads\\\/2025\\\/03\\\/vehiculos-recuperados-Los-Andes-desarticulan-banda-de-menores-de-edad.jpg\",\"width\":698,\"height\":326,\"caption\":\"Carabineros detuvo a banda de menores de edad dedicaba al robo de veh\u00edculos.\"},{\"@type\":\"BreadcrumbList\",\"@id\":\"https:\\\/\\\/eltrabajo.cl\\\/web\\\/desarticulan-banda-de-menores-de-edad-dedicada-al-robo-de-vehiculos-de-aplicacion-en-los-andes\\\/#breadcrumb\",\"itemListElement\":[{\"@type\":\"ListItem\",\"position\":1,\"name\":\"Portada\",\"item\":\"https:\\\/\\\/eltrabajo.cl\\\/web\\\/\"},{\"@type\":\"ListItem\",\"position\":2,\"name\":\"Desarticulan banda de menores de edad dedicada al robo de veh\u00edculos de aplicaci\u00f3n en Los Andes\"}]},{\"@type\":\"WebSite\",\"@id\":\"https:\\\/\\\/eltrabajo.cl\\\/web\\\/#website\",\"url\":\"https:\\\/\\\/eltrabajo.cl\\\/web\\\/\",\"name\":\"Diario El Trabajo\",\"description\":\"Desde 1929 construyendo Identidad Local\",\"publisher\":{\"@id\":\"https:\\\/\\\/eltrabajo.cl\\\/web\\\/#organization\"},\"potentialAction\":[{\"@type\":\"SearchAction\",\"target\":{\"@type\":\"EntryPoint\",\"urlTemplate\":\"https:\\\/\\\/eltrabajo.cl\\\/web\\\/?s={search_term_string}\"},\"query-input\":{\"@type\":\"PropertyValueSpecification\",\"valueRequired\":true,\"valueName\":\"search_term_string\"}}],\"inLanguage\":\"es-CL\"},{\"@type\":\"Organization\",\"@id\":\"https:\\\/\\\/eltrabajo.cl\\\/web\\\/#organization\",\"name\":\"Diario El Trabajo\",\"url\":\"https:\\\/\\\/eltrabajo.cl\\\/web\\\/\",\"logo\":{\"@type\":\"ImageObject\",\"inLanguage\":\"es-CL\",\"@id\":\"https:\\\/\\\/eltrabajo.cl\\\/web\\\/#\\\/schema\\\/logo\\\/image\\\/\",\"url\":\"https:\\\/\\\/eltrabajo.cl\\\/web\\\/wp-content\\\/uploads\\\/2024\\\/06\\\/profile-image-ig-page-diarioeltrabajo.jpg\",\"contentUrl\":\"https:\\\/\\\/eltrabajo.cl\\\/web\\\/wp-content\\\/uploads\\\/2024\\\/06\\\/profile-image-ig-page-diarioeltrabajo.jpg\",\"width\":823,\"height\":823,\"caption\":\"Diario El Trabajo\"},\"image\":{\"@id\":\"https:\\\/\\\/eltrabajo.cl\\\/web\\\/#\\\/schema\\\/logo\\\/image\\\/\"},\"sameAs\":[\"https:\\\/\\\/www.facebook.com\\\/ElTrabajoDiario\",\"https:\\\/\\\/x.com\\\/diarioeltrabajo\"]},{\"@type\":\"Person\",\"@id\":\"https:\\\/\\\/eltrabajo.cl\\\/web\\\/#\\\/schema\\\/person\\\/45efd3d17f86ec456e44dd7debe1bf19\",\"name\":\"Diario El Trabajo\",\"image\":{\"@type\":\"ImageObject\",\"inLanguage\":\"es-CL\",\"@id\":\"https:\\\/\\\/secure.gravatar.com\\\/avatar\\\/7e6ec277dc4aea2677c2dc301d4227957219329c985ab69a3efc12518b5161aa?s=96&d=mm&r=g\",\"url\":\"https:\\\/\\\/secure.gravatar.com\\\/avatar\\\/7e6ec277dc4aea2677c2dc301d4227957219329c985ab69a3efc12518b5161aa?s=96&d=mm&r=g\",\"contentUrl\":\"https:\\\/\\\/secure.gravatar.com\\\/avatar\\\/7e6ec277dc4aea2677c2dc301d4227957219329c985ab69a3efc12518b5161aa?s=96&d=mm&r=g\",\"caption\":\"Diario El Trabajo\"},\"sameAs\":[\"https:\\\/\\\/eltrabajo.cl\\\/web\"],\"url\":\"https:\\\/\\\/eltrabajo.cl\\\/web\\\/author\\\/diario-el-trabajo\\\/\"}]}<\/script>\n<!-- \/ Yoast SEO plugin. -->","yoast_head_json":{"title":"Desarticulan banda de menores de edad dedicada al robo de veh\u00edculos de aplicaci\u00f3n en Los Andes - Diario El Trabajo","robots":{"index":"index","follow":"follow","max-snippet":"max-snippet:-1","max-image-preview":"max-image-preview:large","max-video-preview":"max-video-preview:-1"},"canonical":"https:\/\/eltrabajo.cl\/web\/desarticulan-banda-de-menores-de-edad-dedicada-al-robo-de-vehiculos-de-aplicacion-en-los-andes\/","og_locale":"es_ES","og_type":"article","og_title":"Desarticulan banda de menores de edad dedicada al robo de veh\u00edculos de aplicaci\u00f3n en Los Andes - Diario El Trabajo","og_description":"Uno de los delincuentes ten\u00eda una orden de arresto domiciliario nocturno.\u2013 Carabineros de la Tercera Comisar\u00eda de Los Andes logr\u00f3 desarticular a una banda criminal compuesta por tres menores de edad, quienes se dedicaban al robo de veh\u00edculos a conductores de aplicaci\u00f3n. El \u00faltimo robo lo efectuaron en el sector de Los Villares. Personal de [&hellip;]","og_url":"https:\/\/eltrabajo.cl\/web\/desarticulan-banda-de-menores-de-edad-dedicada-al-robo-de-vehiculos-de-aplicacion-en-los-andes\/","og_site_name":"Diario El Trabajo","article_publisher":"https:\/\/www.facebook.com\/ElTrabajoDiario","article_published_time":"2025-03-05T00:13:45+00:00","og_image":[{"width":698,"height":326,"url":"https:\/\/eltrabajo.cl\/web\/wp-content\/uploads\/2025\/03\/vehiculos-recuperados-Los-Andes-desarticulan-banda-de-menores-de-edad.jpg","type":"image\/jpeg"}],"author":"Diario El Trabajo","twitter_card":"summary_large_image","twitter_creator":"@diarioeltrabajo","twitter_site":"@diarioeltrabajo","twitter_misc":{"Escrito por":"Diario El Trabajo","Tiempo estimado de lectura":"2 minutos"},"schema":{"@context":"https:\/\/schema.org","@graph":[{"@type":"Article","@id":"https:\/\/eltrabajo.cl\/web\/desarticulan-banda-de-menores-de-edad-dedicada-al-robo-de-vehiculos-de-aplicacion-en-los-andes\/#article","isPartOf":{"@id":"https:\/\/eltrabajo.cl\/web\/desarticulan-banda-de-menores-de-edad-dedicada-al-robo-de-vehiculos-de-aplicacion-en-los-andes\/"},"author":{"name":"Diario El Trabajo","@id":"https:\/\/eltrabajo.cl\/web\/#\/schema\/person\/45efd3d17f86ec456e44dd7debe1bf19"},"headline":"Desarticulan banda de menores de edad dedicada al robo de veh\u00edculos de aplicaci\u00f3n en Los Andes","datePublished":"2025-03-05T00:13:45+00:00","mainEntityOfPage":{"@id":"https:\/\/eltrabajo.cl\/web\/desarticulan-banda-de-menores-de-edad-dedicada-al-robo-de-vehiculos-de-aplicacion-en-los-andes\/"},"wordCount":363,"commentCount":0,"publisher":{"@id":"https:\/\/eltrabajo.cl\/web\/#organization"},"image":{"@id":"https:\/\/eltrabajo.cl\/web\/desarticulan-banda-de-menores-de-edad-dedicada-al-robo-de-vehiculos-de-aplicacion-en-los-andes\/#primaryimage"},"thumbnailUrl":"https:\/\/eltrabajo.cl\/web\/wp-content\/uploads\/2025\/03\/vehiculos-recuperados-Los-Andes-desarticulan-banda-de-menores-de-edad.jpg","articleSection":["Policial"],"inLanguage":"es-CL","potentialAction":[{"@type":"CommentAction","name":"Comment","target":["https:\/\/eltrabajo.cl\/web\/desarticulan-banda-de-menores-de-edad-dedicada-al-robo-de-vehiculos-de-aplicacion-en-los-andes\/#respond"]}]},{"@type":"WebPage","@id":"https:\/\/eltrabajo.cl\/web\/desarticulan-banda-de-menores-de-edad-dedicada-al-robo-de-vehiculos-de-aplicacion-en-los-andes\/","url":"https:\/\/eltrabajo.cl\/web\/desarticulan-banda-de-menores-de-edad-dedicada-al-robo-de-vehiculos-de-aplicacion-en-los-andes\/","name":"Desarticulan banda de menores de edad dedicada al robo de veh\u00edculos de aplicaci\u00f3n en Los Andes - Diario El Trabajo","isPartOf":{"@id":"https:\/\/eltrabajo.cl\/web\/#website"},"primaryImageOfPage":{"@id":"https:\/\/eltrabajo.cl\/web\/desarticulan-banda-de-menores-de-edad-dedicada-al-robo-de-vehiculos-de-aplicacion-en-los-andes\/#primaryimage"},"image":{"@id":"https:\/\/eltrabajo.cl\/web\/desarticulan-banda-de-menores-de-edad-dedicada-al-robo-de-vehiculos-de-aplicacion-en-los-andes\/#primaryimage"},"thumbnailUrl":"https:\/\/eltrabajo.cl\/web\/wp-content\/uploads\/2025\/03\/vehiculos-recuperados-Los-Andes-desarticulan-banda-de-menores-de-edad.jpg","datePublished":"2025-03-05T00:13:45+00:00","breadcrumb":{"@id":"https:\/\/eltrabajo.cl\/web\/desarticulan-banda-de-menores-de-edad-dedicada-al-robo-de-vehiculos-de-aplicacion-en-los-andes\/#breadcrumb"},"inLanguage":"es-CL","potentialAction":[{"@type":"ReadAction","target":["https:\/\/eltrabajo.cl\/web\/desarticulan-banda-de-menores-de-edad-dedicada-al-robo-de-vehiculos-de-aplicacion-en-los-andes\/"]}]},{"@type":"ImageObject","inLanguage":"es-CL","@id":"https:\/\/eltrabajo.cl\/web\/desarticulan-banda-de-menores-de-edad-dedicada-al-robo-de-vehiculos-de-aplicacion-en-los-andes\/#primaryimage","url":"https:\/\/eltrabajo.cl\/web\/wp-content\/uploads\/2025\/03\/vehiculos-recuperados-Los-Andes-desarticulan-banda-de-menores-de-edad.jpg","contentUrl":"https:\/\/eltrabajo.cl\/web\/wp-content\/uploads\/2025\/03\/vehiculos-recuperados-Los-Andes-desarticulan-banda-de-menores-de-edad.jpg","width":698,"height":326,"caption":"Carabineros detuvo a banda de menores de edad dedicaba al robo de veh\u00edculos."},{"@type":"BreadcrumbList","@id":"https:\/\/eltrabajo.cl\/web\/desarticulan-banda-de-menores-de-edad-dedicada-al-robo-de-vehiculos-de-aplicacion-en-los-andes\/#breadcrumb","itemListElement":[{"@type":"ListItem","position":1,"name":"Portada","item":"https:\/\/eltrabajo.cl\/web\/"},{"@type":"ListItem","position":2,"name":"Desarticulan banda de menores de edad dedicada al robo de veh\u00edculos de aplicaci\u00f3n en Los Andes"}]},{"@type":"WebSite","@id":"https:\/\/eltrabajo.cl\/web\/#website","url":"https:\/\/eltrabajo.cl\/web\/","name":"Diario El Trabajo","description":"Desde 1929 construyendo Identidad Local","publisher":{"@id":"https:\/\/eltrabajo.cl\/web\/#organization"},"potentialAction":[{"@type":"SearchAction","target":{"@type":"EntryPoint","urlTemplate":"https:\/\/eltrabajo.cl\/web\/?s={search_term_string}"},"query-input":{"@type":"PropertyValueSpecification","valueRequired":true,"valueName":"search_term_string"}}],"inLanguage":"es-CL"},{"@type":"Organization","@id":"https:\/\/eltrabajo.cl\/web\/#organization","name":"Diario El Trabajo","url":"https:\/\/eltrabajo.cl\/web\/","logo":{"@type":"ImageObject","inLanguage":"es-CL","@id":"https:\/\/eltrabajo.cl\/web\/#\/schema\/logo\/image\/","url":"https:\/\/eltrabajo.cl\/web\/wp-content\/uploads\/2024\/06\/profile-image-ig-page-diarioeltrabajo.jpg","contentUrl":"https:\/\/eltrabajo.cl\/web\/wp-content\/uploads\/2024\/06\/profile-image-ig-page-diarioeltrabajo.jpg","width":823,"height":823,"caption":"Diario El Trabajo"},"image":{"@id":"https:\/\/eltrabajo.cl\/web\/#\/schema\/logo\/image\/"},"sameAs":["https:\/\/www.facebook.com\/ElTrabajoDiario","https:\/\/x.com\/diarioeltrabajo"]},{"@type":"Person","@id":"https:\/\/eltrabajo.cl\/web\/#\/schema\/person\/45efd3d17f86ec456e44dd7debe1bf19","name":"Diario El Trabajo","image":{"@type":"ImageObject","inLanguage":"es-CL","@id":"https:\/\/secure.gravatar.com\/avatar\/7e6ec277dc4aea2677c2dc301d4227957219329c985ab69a3efc12518b5161aa?s=96&d=mm&r=g","url":"https:\/\/secure.gravatar.com\/avatar\/7e6ec277dc4aea2677c2dc301d4227957219329c985ab69a3efc12518b5161aa?s=96&d=mm&r=g","contentUrl":"https:\/\/secure.gravatar.com\/avatar\/7e6ec277dc4aea2677c2dc301d4227957219329c985ab69a3efc12518b5161aa?s=96&d=mm&r=g","caption":"Diario El Trabajo"},"sameAs":["https:\/\/eltrabajo.cl\/web"],"url":"https:\/\/eltrabajo.cl\/web\/author\/diario-el-trabajo\/"}]}},"_links":{"self":[{"href":"https:\/\/eltrabajo.cl\/web\/wp-json\/wp\/v2\/posts\/135506","targetHints":{"allow":["GET"]}}],"collection":[{"href":"https:\/\/eltrabajo.cl\/web\/wp-json\/wp\/v2\/posts"}],"about":[{"href":"https:\/\/eltrabajo.cl\/web\/wp-json\/wp\/v2\/types\/post"}],"author":[{"embeddable":true,"href":"https:\/\/eltrabajo.cl\/web\/wp-json\/wp\/v2\/users\/1"}],"replies":[{"embeddable":true,"href":"https:\/\/eltrabajo.cl\/web\/wp-json\/wp\/v2\/comments?post=135506"}],"version-history":[{"count":1,"href":"https:\/\/eltrabajo.cl\/web\/wp-json\/wp\/v2\/posts\/135506\/revisions"}],"predecessor-version":[{"id":135508,"href":"https:\/\/eltrabajo.cl\/web\/wp-json\/wp\/v2\/posts\/135506\/revisions\/135508"}],"wp:featuredmedia":[{"embeddable":true,"href":"https:\/\/eltrabajo.cl\/web\/wp-json\/wp\/v2\/media\/135507"}],"wp:attachment":[{"href":"https:\/\/eltrabajo.cl\/web\/wp-json\/wp\/v2\/media?parent=135506"}],"wp:term":[{"taxonomy":"category","embeddable":true,"href":"https:\/\/eltrabajo.cl\/web\/wp-json\/wp\/v2\/categories?post=135506"},{"taxonomy":"post_tag","embeddable":true,"href":"https:\/\/eltrabajo.cl\/web\/wp-json\/wp\/v2\/tags?post=135506"}],"curies":[{"name":"wp","href":"https:\/\/api.w.org\/{rel}","templated":true}]}}