{"id":135550,"date":"2025-03-06T22:05:16","date_gmt":"2025-03-07T01:05:16","guid":{"rendered":"https:\/\/eltrabajo.cl\/web\/?p=135550"},"modified":"2025-03-06T21:52:07","modified_gmt":"2025-03-07T00:52:07","slug":"vuelve-la-feria-medieval-una-experiencia-historica-para-toda-la-familia","status":"publish","type":"post","link":"https:\/\/eltrabajo.cl\/web\/vuelve-la-feria-medieval-una-experiencia-historica-para-toda-la-familia\/","title":{"rendered":"Vuelve la Feria Medieval: Una experiencia hist\u00f3rica para toda la familia"},"content":{"rendered":"<ul>\n<li><strong>Durante dos d\u00edas, los asistentes podr\u00e1n disfrutar de actividades como concursos, talleres, combates en vivo y m\u00e1s, todo en un ambiente que revive la Edad Media.-<\/strong><\/li>\n<\/ul>\n<p>Este fin de semana, la Plaza de Armas de San Felipe se llenar\u00e1 de magia y tradici\u00f3n con la d\u00e9cima edici\u00f3n de la Feria Medieval, organizada por la agrupaci\u00f3n Mundo Antiguo Aconcagua. El evento, que se llevar\u00e1 a cabo el s\u00e1bado 8 y domingo 9 de marzo, abrir\u00e1 sus puertas a partir de las 11:00 horas y se extender\u00e1 hasta las 21:30 horas. Durante estos dos d\u00edas, los asistentes podr\u00e1n disfrutar de una amplia variedad de actividades para toda la familia.<\/p>\n<p>Entre las principales atracciones de la feria se encuentran el concurso de disfraces medievales, talleres gratuitos y abiertos al p\u00fablico, pr\u00e1cticas de arquer\u00eda, combates en vivo y juegos medievales. Adem\u00e1s, habr\u00e1 un espacio dedicado a los sabores medievales, con deliciosas comidas, cerveza artesanal y la esperada hidromiel.<\/p>\n<p><strong>Jorge Gaete<\/strong>, secretario de Mundo Antiguo Aconcagua, destac\u00f3 la calidad de los artesanos que participan en el evento. \u00ab<em>Como en todas las versiones, nuestros artesanos medievales est\u00e1n altamente preparados y son especialistas en cada uno de los productos ofrecidos, por lo que los asistentes podr\u00e1n llevarse a sus casas una parte de la historia junto con reales artesan\u00edas de excelencia\u00bb<\/em>.<\/p>\n<p>Este a\u00f1o, la feria contar\u00e1 con la destacada presencia de la Encomienda Chile de la Orden Templaria, quienes ofrecer\u00e1n una charla fascinante sobre la historia de los templarios y su labor en la actualidad.<\/p>\n<p>Con esta d\u00e9cima versi\u00f3n, la Feria Medieval de San Felipe reafirma su relevancia tanto para los habitantes del Valle de Aconcagua como para los visitantes de otras ciudades. <em>\u00abEsta feria es de gran inter\u00e9s en el circuito nacional de eventos medievales, se ha transformado en un punto focal tur\u00edstico, cultural y patrimonial de gran importancia, ya que cuenta con una gran poblaci\u00f3n flotante que viene directamente a disfrutar de ella\u00bb,<\/em> se\u00f1al\u00f3 Gaete.<\/p>\n<p>Finalmente, el secretario de Mundo Antiguo Aconcagua extendi\u00f3 una invitaci\u00f3n a toda la comunidad. <em>\u00abInvitamos a todas las familias a disfrutar de esta gran fiesta hist\u00f3rica, en donde podr\u00e1n disfrutar de muchas actividades para todas las edades. En donde adem\u00e1s, podr\u00e1n aprender de distintas materias de inter\u00e9s, as\u00ed como de artesan\u00edas de verdad. Viajen en el tiempo con nosotros en esta d\u00e9cima versi\u00f3n de la Feria Medieval de San Felipe, este fin de semana, 8 y 9 de marzo, en la Plaza de Armas de nuestra comuna, entre las 11 y 21:30 horas aproximadamente\u00bb,<\/em> concluy\u00f3.<\/p>\n<figure id=\"attachment_135552\" aria-describedby=\"caption-attachment-135552\" style=\"width: 699px\" class=\"wp-caption alignnone\"><img loading=\"lazy\" decoding=\"async\" class=\"size-full wp-image-135552\" src=\"http:\/\/eltrabajo.cl\/web\/wp-content\/uploads\/2025\/03\/X-feria-medieval-3.jpg\" alt=\"El evento est\u00e1 dise\u00f1ado para toda la familia.\" width=\"699\" height=\"467\" srcset=\"https:\/\/eltrabajo.cl\/web\/wp-content\/uploads\/2025\/03\/X-feria-medieval-3.jpg 699w, https:\/\/eltrabajo.cl\/web\/wp-content\/uploads\/2025\/03\/X-feria-medieval-3-300x200.jpg 300w, https:\/\/eltrabajo.cl\/web\/wp-content\/uploads\/2025\/03\/X-feria-medieval-3-629x420.jpg 629w, https:\/\/eltrabajo.cl\/web\/wp-content\/uploads\/2025\/03\/X-feria-medieval-3-150x100.jpg 150w, https:\/\/eltrabajo.cl\/web\/wp-content\/uploads\/2025\/03\/X-feria-medieval-3-696x465.jpg 696w\" sizes=\"auto, (max-width: 699px) 100vw, 699px\" \/><figcaption id=\"caption-attachment-135552\" class=\"wp-caption-text\">El evento est\u00e1 dise\u00f1ado para toda la familia.<\/figcaption><\/figure>\n<figure id=\"attachment_135551\" aria-describedby=\"caption-attachment-135551\" style=\"width: 699px\" class=\"wp-caption alignnone\"><img loading=\"lazy\" decoding=\"async\" class=\"size-full wp-image-135551\" src=\"http:\/\/eltrabajo.cl\/web\/wp-content\/uploads\/2025\/03\/X-feria-medieval-2.jpg\" alt=\"Participantes de una versi\u00f3n anterior de la Feria Medieval.\" width=\"699\" height=\"570\" srcset=\"https:\/\/eltrabajo.cl\/web\/wp-content\/uploads\/2025\/03\/X-feria-medieval-2.jpg 699w, https:\/\/eltrabajo.cl\/web\/wp-content\/uploads\/2025\/03\/X-feria-medieval-2-300x245.jpg 300w, https:\/\/eltrabajo.cl\/web\/wp-content\/uploads\/2025\/03\/X-feria-medieval-2-515x420.jpg 515w, https:\/\/eltrabajo.cl\/web\/wp-content\/uploads\/2025\/03\/X-feria-medieval-2-150x122.jpg 150w, https:\/\/eltrabajo.cl\/web\/wp-content\/uploads\/2025\/03\/X-feria-medieval-2-696x568.jpg 696w\" sizes=\"auto, (max-width: 699px) 100vw, 699px\" \/><figcaption id=\"caption-attachment-135551\" class=\"wp-caption-text\">Participantes de una versi\u00f3n anterior de la Feria Medieval.<\/figcaption><\/figure>\n<figure id=\"attachment_135553\" aria-describedby=\"caption-attachment-135553\" style=\"width: 700px\" class=\"wp-caption alignnone\"><img loading=\"lazy\" decoding=\"async\" class=\"size-full wp-image-135553\" src=\"http:\/\/eltrabajo.cl\/web\/wp-content\/uploads\/2025\/03\/X-feria-medieval.jpg\" alt=\"Jorge Gaete a la izquierda, secretario de la organizaci\u00f3n Mundo Antiguo Aconcagua.\" width=\"700\" height=\"809\" srcset=\"https:\/\/eltrabajo.cl\/web\/wp-content\/uploads\/2025\/03\/X-feria-medieval.jpg 700w, https:\/\/eltrabajo.cl\/web\/wp-content\/uploads\/2025\/03\/X-feria-medieval-260x300.jpg 260w, https:\/\/eltrabajo.cl\/web\/wp-content\/uploads\/2025\/03\/X-feria-medieval-363x420.jpg 363w, https:\/\/eltrabajo.cl\/web\/wp-content\/uploads\/2025\/03\/X-feria-medieval-150x173.jpg 150w, https:\/\/eltrabajo.cl\/web\/wp-content\/uploads\/2025\/03\/X-feria-medieval-300x347.jpg 300w, https:\/\/eltrabajo.cl\/web\/wp-content\/uploads\/2025\/03\/X-feria-medieval-696x804.jpg 696w\" sizes=\"auto, (max-width: 700px) 100vw, 700px\" \/><figcaption id=\"caption-attachment-135553\" class=\"wp-caption-text\">Jorge Gaete a la izquierda, secretario de la organizaci\u00f3n Mundo Antiguo Aconcagua.<\/figcaption><\/figure>\n","protected":false},"excerpt":{"rendered":"<p>Durante dos d\u00edas, los asistentes podr\u00e1n disfrutar de actividades como concursos, talleres, combates en vivo y m\u00e1s, todo en un ambiente que revive la Edad Media.- Este fin de semana, la Plaza de Armas de San Felipe se llenar\u00e1 de magia y tradici\u00f3n con la d\u00e9cima edici\u00f3n de la Feria Medieval, organizada por la agrupaci\u00f3n [&hellip;]<\/p>\n","protected":false},"author":1,"featured_media":135551,"comment_status":"open","ping_status":"closed","sticky":false,"template":"","format":"standard","meta":{"footnotes":""},"categories":[4],"tags":[],"class_list":{"0":"post-135550","1":"post","2":"type-post","3":"status-publish","4":"format-standard","5":"has-post-thumbnail","7":"category-comunidad"},"yoast_head":"<!-- This site is optimized with the Yoast SEO plugin v27.4 - https:\/\/yoast.com\/product\/yoast-seo-wordpress\/ -->\n<title>Vuelve la Feria Medieval: Una experiencia hist\u00f3rica para toda la familia - Diario El Trabajo<\/title>\n<meta name=\"robots\" content=\"index, follow, max-snippet:-1, max-image-preview:large, max-video-preview:-1\" \/>\n<link rel=\"canonical\" href=\"https:\/\/eltrabajo.cl\/web\/vuelve-la-feria-medieval-una-experiencia-historica-para-toda-la-familia\/\" \/>\n<meta property=\"og:locale\" content=\"es_ES\" \/>\n<meta property=\"og:type\" content=\"article\" \/>\n<meta property=\"og:title\" content=\"Vuelve la Feria Medieval: Una experiencia hist\u00f3rica para toda la familia - Diario El Trabajo\" \/>\n<meta property=\"og:description\" content=\"Durante dos d\u00edas, los asistentes podr\u00e1n disfrutar de actividades como concursos, talleres, combates en vivo y m\u00e1s, todo en un ambiente que revive la Edad Media.- Este fin de semana, la Plaza de Armas de San Felipe se llenar\u00e1 de magia y tradici\u00f3n con la d\u00e9cima edici\u00f3n de la Feria Medieval, organizada por la agrupaci\u00f3n [&hellip;]\" \/>\n<meta property=\"og:url\" content=\"https:\/\/eltrabajo.cl\/web\/vuelve-la-feria-medieval-una-experiencia-historica-para-toda-la-familia\/\" \/>\n<meta property=\"og:site_name\" content=\"Diario El Trabajo\" \/>\n<meta property=\"article:publisher\" content=\"https:\/\/www.facebook.com\/ElTrabajoDiario\" \/>\n<meta property=\"article:published_time\" content=\"2025-03-07T01:05:16+00:00\" \/>\n<meta property=\"og:image\" content=\"https:\/\/eltrabajo.cl\/web\/wp-content\/uploads\/2025\/03\/X-feria-medieval-2.jpg\" \/>\n\t<meta property=\"og:image:width\" content=\"699\" \/>\n\t<meta property=\"og:image:height\" content=\"570\" \/>\n\t<meta property=\"og:image:type\" content=\"image\/jpeg\" \/>\n<meta name=\"author\" content=\"Diario El Trabajo\" \/>\n<meta name=\"twitter:card\" content=\"summary_large_image\" \/>\n<meta name=\"twitter:creator\" content=\"@diarioeltrabajo\" \/>\n<meta name=\"twitter:site\" content=\"@diarioeltrabajo\" \/>\n<meta name=\"twitter:label1\" content=\"Escrito por\" \/>\n\t<meta name=\"twitter:data1\" content=\"Diario El Trabajo\" \/>\n\t<meta name=\"twitter:label2\" content=\"Tiempo estimado de lectura\" \/>\n\t<meta name=\"twitter:data2\" content=\"3 minutos\" \/>\n<script type=\"application\/ld+json\" class=\"yoast-schema-graph\">{\"@context\":\"https:\\\/\\\/schema.org\",\"@graph\":[{\"@type\":\"Article\",\"@id\":\"https:\\\/\\\/eltrabajo.cl\\\/web\\\/vuelve-la-feria-medieval-una-experiencia-historica-para-toda-la-familia\\\/#article\",\"isPartOf\":{\"@id\":\"https:\\\/\\\/eltrabajo.cl\\\/web\\\/vuelve-la-feria-medieval-una-experiencia-historica-para-toda-la-familia\\\/\"},\"author\":{\"name\":\"Diario El Trabajo\",\"@id\":\"https:\\\/\\\/eltrabajo.cl\\\/web\\\/#\\\/schema\\\/person\\\/45efd3d17f86ec456e44dd7debe1bf19\"},\"headline\":\"Vuelve la Feria Medieval: Una experiencia hist\u00f3rica para toda la familia\",\"datePublished\":\"2025-03-07T01:05:16+00:00\",\"mainEntityOfPage\":{\"@id\":\"https:\\\/\\\/eltrabajo.cl\\\/web\\\/vuelve-la-feria-medieval-una-experiencia-historica-para-toda-la-familia\\\/\"},\"wordCount\":507,\"commentCount\":0,\"publisher\":{\"@id\":\"https:\\\/\\\/eltrabajo.cl\\\/web\\\/#organization\"},\"image\":{\"@id\":\"https:\\\/\\\/eltrabajo.cl\\\/web\\\/vuelve-la-feria-medieval-una-experiencia-historica-para-toda-la-familia\\\/#primaryimage\"},\"thumbnailUrl\":\"https:\\\/\\\/eltrabajo.cl\\\/web\\\/wp-content\\\/uploads\\\/2025\\\/03\\\/X-feria-medieval-2.jpg\",\"articleSection\":[\"Comunidad\"],\"inLanguage\":\"es-CL\",\"potentialAction\":[{\"@type\":\"CommentAction\",\"name\":\"Comment\",\"target\":[\"https:\\\/\\\/eltrabajo.cl\\\/web\\\/vuelve-la-feria-medieval-una-experiencia-historica-para-toda-la-familia\\\/#respond\"]}]},{\"@type\":\"WebPage\",\"@id\":\"https:\\\/\\\/eltrabajo.cl\\\/web\\\/vuelve-la-feria-medieval-una-experiencia-historica-para-toda-la-familia\\\/\",\"url\":\"https:\\\/\\\/eltrabajo.cl\\\/web\\\/vuelve-la-feria-medieval-una-experiencia-historica-para-toda-la-familia\\\/\",\"name\":\"Vuelve la Feria Medieval: Una experiencia hist\u00f3rica para toda la familia - Diario El Trabajo\",\"isPartOf\":{\"@id\":\"https:\\\/\\\/eltrabajo.cl\\\/web\\\/#website\"},\"primaryImageOfPage\":{\"@id\":\"https:\\\/\\\/eltrabajo.cl\\\/web\\\/vuelve-la-feria-medieval-una-experiencia-historica-para-toda-la-familia\\\/#primaryimage\"},\"image\":{\"@id\":\"https:\\\/\\\/eltrabajo.cl\\\/web\\\/vuelve-la-feria-medieval-una-experiencia-historica-para-toda-la-familia\\\/#primaryimage\"},\"thumbnailUrl\":\"https:\\\/\\\/eltrabajo.cl\\\/web\\\/wp-content\\\/uploads\\\/2025\\\/03\\\/X-feria-medieval-2.jpg\",\"datePublished\":\"2025-03-07T01:05:16+00:00\",\"breadcrumb\":{\"@id\":\"https:\\\/\\\/eltrabajo.cl\\\/web\\\/vuelve-la-feria-medieval-una-experiencia-historica-para-toda-la-familia\\\/#breadcrumb\"},\"inLanguage\":\"es-CL\",\"potentialAction\":[{\"@type\":\"ReadAction\",\"target\":[\"https:\\\/\\\/eltrabajo.cl\\\/web\\\/vuelve-la-feria-medieval-una-experiencia-historica-para-toda-la-familia\\\/\"]}]},{\"@type\":\"ImageObject\",\"inLanguage\":\"es-CL\",\"@id\":\"https:\\\/\\\/eltrabajo.cl\\\/web\\\/vuelve-la-feria-medieval-una-experiencia-historica-para-toda-la-familia\\\/#primaryimage\",\"url\":\"https:\\\/\\\/eltrabajo.cl\\\/web\\\/wp-content\\\/uploads\\\/2025\\\/03\\\/X-feria-medieval-2.jpg\",\"contentUrl\":\"https:\\\/\\\/eltrabajo.cl\\\/web\\\/wp-content\\\/uploads\\\/2025\\\/03\\\/X-feria-medieval-2.jpg\",\"width\":699,\"height\":570,\"caption\":\"Participantes de una versi\u00f3n anterior de la Feria Medieval.\"},{\"@type\":\"BreadcrumbList\",\"@id\":\"https:\\\/\\\/eltrabajo.cl\\\/web\\\/vuelve-la-feria-medieval-una-experiencia-historica-para-toda-la-familia\\\/#breadcrumb\",\"itemListElement\":[{\"@type\":\"ListItem\",\"position\":1,\"name\":\"Portada\",\"item\":\"https:\\\/\\\/eltrabajo.cl\\\/web\\\/\"},{\"@type\":\"ListItem\",\"position\":2,\"name\":\"Vuelve la Feria Medieval: Una experiencia hist\u00f3rica para toda la familia\"}]},{\"@type\":\"WebSite\",\"@id\":\"https:\\\/\\\/eltrabajo.cl\\\/web\\\/#website\",\"url\":\"https:\\\/\\\/eltrabajo.cl\\\/web\\\/\",\"name\":\"Diario El Trabajo\",\"description\":\"Desde 1929 construyendo Identidad Local\",\"publisher\":{\"@id\":\"https:\\\/\\\/eltrabajo.cl\\\/web\\\/#organization\"},\"potentialAction\":[{\"@type\":\"SearchAction\",\"target\":{\"@type\":\"EntryPoint\",\"urlTemplate\":\"https:\\\/\\\/eltrabajo.cl\\\/web\\\/?s={search_term_string}\"},\"query-input\":{\"@type\":\"PropertyValueSpecification\",\"valueRequired\":true,\"valueName\":\"search_term_string\"}}],\"inLanguage\":\"es-CL\"},{\"@type\":\"Organization\",\"@id\":\"https:\\\/\\\/eltrabajo.cl\\\/web\\\/#organization\",\"name\":\"Diario El Trabajo\",\"url\":\"https:\\\/\\\/eltrabajo.cl\\\/web\\\/\",\"logo\":{\"@type\":\"ImageObject\",\"inLanguage\":\"es-CL\",\"@id\":\"https:\\\/\\\/eltrabajo.cl\\\/web\\\/#\\\/schema\\\/logo\\\/image\\\/\",\"url\":\"https:\\\/\\\/eltrabajo.cl\\\/web\\\/wp-content\\\/uploads\\\/2024\\\/06\\\/profile-image-ig-page-diarioeltrabajo.jpg\",\"contentUrl\":\"https:\\\/\\\/eltrabajo.cl\\\/web\\\/wp-content\\\/uploads\\\/2024\\\/06\\\/profile-image-ig-page-diarioeltrabajo.jpg\",\"width\":823,\"height\":823,\"caption\":\"Diario El Trabajo\"},\"image\":{\"@id\":\"https:\\\/\\\/eltrabajo.cl\\\/web\\\/#\\\/schema\\\/logo\\\/image\\\/\"},\"sameAs\":[\"https:\\\/\\\/www.facebook.com\\\/ElTrabajoDiario\",\"https:\\\/\\\/x.com\\\/diarioeltrabajo\"]},{\"@type\":\"Person\",\"@id\":\"https:\\\/\\\/eltrabajo.cl\\\/web\\\/#\\\/schema\\\/person\\\/45efd3d17f86ec456e44dd7debe1bf19\",\"name\":\"Diario El Trabajo\",\"image\":{\"@type\":\"ImageObject\",\"inLanguage\":\"es-CL\",\"@id\":\"https:\\\/\\\/secure.gravatar.com\\\/avatar\\\/7e6ec277dc4aea2677c2dc301d4227957219329c985ab69a3efc12518b5161aa?s=96&d=mm&r=g\",\"url\":\"https:\\\/\\\/secure.gravatar.com\\\/avatar\\\/7e6ec277dc4aea2677c2dc301d4227957219329c985ab69a3efc12518b5161aa?s=96&d=mm&r=g\",\"contentUrl\":\"https:\\\/\\\/secure.gravatar.com\\\/avatar\\\/7e6ec277dc4aea2677c2dc301d4227957219329c985ab69a3efc12518b5161aa?s=96&d=mm&r=g\",\"caption\":\"Diario El Trabajo\"},\"sameAs\":[\"https:\\\/\\\/eltrabajo.cl\\\/web\"],\"url\":\"https:\\\/\\\/eltrabajo.cl\\\/web\\\/author\\\/diario-el-trabajo\\\/\"}]}<\/script>\n<!-- \/ Yoast SEO plugin. -->","yoast_head_json":{"title":"Vuelve la Feria Medieval: Una experiencia hist\u00f3rica para toda la familia - Diario El Trabajo","robots":{"index":"index","follow":"follow","max-snippet":"max-snippet:-1","max-image-preview":"max-image-preview:large","max-video-preview":"max-video-preview:-1"},"canonical":"https:\/\/eltrabajo.cl\/web\/vuelve-la-feria-medieval-una-experiencia-historica-para-toda-la-familia\/","og_locale":"es_ES","og_type":"article","og_title":"Vuelve la Feria Medieval: Una experiencia hist\u00f3rica para toda la familia - Diario El Trabajo","og_description":"Durante dos d\u00edas, los asistentes podr\u00e1n disfrutar de actividades como concursos, talleres, combates en vivo y m\u00e1s, todo en un ambiente que revive la Edad Media.- Este fin de semana, la Plaza de Armas de San Felipe se llenar\u00e1 de magia y tradici\u00f3n con la d\u00e9cima edici\u00f3n de la Feria Medieval, organizada por la agrupaci\u00f3n [&hellip;]","og_url":"https:\/\/eltrabajo.cl\/web\/vuelve-la-feria-medieval-una-experiencia-historica-para-toda-la-familia\/","og_site_name":"Diario El Trabajo","article_publisher":"https:\/\/www.facebook.com\/ElTrabajoDiario","article_published_time":"2025-03-07T01:05:16+00:00","og_image":[{"width":699,"height":570,"url":"https:\/\/eltrabajo.cl\/web\/wp-content\/uploads\/2025\/03\/X-feria-medieval-2.jpg","type":"image\/jpeg"}],"author":"Diario El Trabajo","twitter_card":"summary_large_image","twitter_creator":"@diarioeltrabajo","twitter_site":"@diarioeltrabajo","twitter_misc":{"Escrito por":"Diario El Trabajo","Tiempo estimado de lectura":"3 minutos"},"schema":{"@context":"https:\/\/schema.org","@graph":[{"@type":"Article","@id":"https:\/\/eltrabajo.cl\/web\/vuelve-la-feria-medieval-una-experiencia-historica-para-toda-la-familia\/#article","isPartOf":{"@id":"https:\/\/eltrabajo.cl\/web\/vuelve-la-feria-medieval-una-experiencia-historica-para-toda-la-familia\/"},"author":{"name":"Diario El Trabajo","@id":"https:\/\/eltrabajo.cl\/web\/#\/schema\/person\/45efd3d17f86ec456e44dd7debe1bf19"},"headline":"Vuelve la Feria Medieval: Una experiencia hist\u00f3rica para toda la familia","datePublished":"2025-03-07T01:05:16+00:00","mainEntityOfPage":{"@id":"https:\/\/eltrabajo.cl\/web\/vuelve-la-feria-medieval-una-experiencia-historica-para-toda-la-familia\/"},"wordCount":507,"commentCount":0,"publisher":{"@id":"https:\/\/eltrabajo.cl\/web\/#organization"},"image":{"@id":"https:\/\/eltrabajo.cl\/web\/vuelve-la-feria-medieval-una-experiencia-historica-para-toda-la-familia\/#primaryimage"},"thumbnailUrl":"https:\/\/eltrabajo.cl\/web\/wp-content\/uploads\/2025\/03\/X-feria-medieval-2.jpg","articleSection":["Comunidad"],"inLanguage":"es-CL","potentialAction":[{"@type":"CommentAction","name":"Comment","target":["https:\/\/eltrabajo.cl\/web\/vuelve-la-feria-medieval-una-experiencia-historica-para-toda-la-familia\/#respond"]}]},{"@type":"WebPage","@id":"https:\/\/eltrabajo.cl\/web\/vuelve-la-feria-medieval-una-experiencia-historica-para-toda-la-familia\/","url":"https:\/\/eltrabajo.cl\/web\/vuelve-la-feria-medieval-una-experiencia-historica-para-toda-la-familia\/","name":"Vuelve la Feria Medieval: Una experiencia hist\u00f3rica para toda la familia - Diario El Trabajo","isPartOf":{"@id":"https:\/\/eltrabajo.cl\/web\/#website"},"primaryImageOfPage":{"@id":"https:\/\/eltrabajo.cl\/web\/vuelve-la-feria-medieval-una-experiencia-historica-para-toda-la-familia\/#primaryimage"},"image":{"@id":"https:\/\/eltrabajo.cl\/web\/vuelve-la-feria-medieval-una-experiencia-historica-para-toda-la-familia\/#primaryimage"},"thumbnailUrl":"https:\/\/eltrabajo.cl\/web\/wp-content\/uploads\/2025\/03\/X-feria-medieval-2.jpg","datePublished":"2025-03-07T01:05:16+00:00","breadcrumb":{"@id":"https:\/\/eltrabajo.cl\/web\/vuelve-la-feria-medieval-una-experiencia-historica-para-toda-la-familia\/#breadcrumb"},"inLanguage":"es-CL","potentialAction":[{"@type":"ReadAction","target":["https:\/\/eltrabajo.cl\/web\/vuelve-la-feria-medieval-una-experiencia-historica-para-toda-la-familia\/"]}]},{"@type":"ImageObject","inLanguage":"es-CL","@id":"https:\/\/eltrabajo.cl\/web\/vuelve-la-feria-medieval-una-experiencia-historica-para-toda-la-familia\/#primaryimage","url":"https:\/\/eltrabajo.cl\/web\/wp-content\/uploads\/2025\/03\/X-feria-medieval-2.jpg","contentUrl":"https:\/\/eltrabajo.cl\/web\/wp-content\/uploads\/2025\/03\/X-feria-medieval-2.jpg","width":699,"height":570,"caption":"Participantes de una versi\u00f3n anterior de la Feria Medieval."},{"@type":"BreadcrumbList","@id":"https:\/\/eltrabajo.cl\/web\/vuelve-la-feria-medieval-una-experiencia-historica-para-toda-la-familia\/#breadcrumb","itemListElement":[{"@type":"ListItem","position":1,"name":"Portada","item":"https:\/\/eltrabajo.cl\/web\/"},{"@type":"ListItem","position":2,"name":"Vuelve la Feria Medieval: Una experiencia hist\u00f3rica para toda la familia"}]},{"@type":"WebSite","@id":"https:\/\/eltrabajo.cl\/web\/#website","url":"https:\/\/eltrabajo.cl\/web\/","name":"Diario El Trabajo","description":"Desde 1929 construyendo Identidad Local","publisher":{"@id":"https:\/\/eltrabajo.cl\/web\/#organization"},"potentialAction":[{"@type":"SearchAction","target":{"@type":"EntryPoint","urlTemplate":"https:\/\/eltrabajo.cl\/web\/?s={search_term_string}"},"query-input":{"@type":"PropertyValueSpecification","valueRequired":true,"valueName":"search_term_string"}}],"inLanguage":"es-CL"},{"@type":"Organization","@id":"https:\/\/eltrabajo.cl\/web\/#organization","name":"Diario El Trabajo","url":"https:\/\/eltrabajo.cl\/web\/","logo":{"@type":"ImageObject","inLanguage":"es-CL","@id":"https:\/\/eltrabajo.cl\/web\/#\/schema\/logo\/image\/","url":"https:\/\/eltrabajo.cl\/web\/wp-content\/uploads\/2024\/06\/profile-image-ig-page-diarioeltrabajo.jpg","contentUrl":"https:\/\/eltrabajo.cl\/web\/wp-content\/uploads\/2024\/06\/profile-image-ig-page-diarioeltrabajo.jpg","width":823,"height":823,"caption":"Diario El Trabajo"},"image":{"@id":"https:\/\/eltrabajo.cl\/web\/#\/schema\/logo\/image\/"},"sameAs":["https:\/\/www.facebook.com\/ElTrabajoDiario","https:\/\/x.com\/diarioeltrabajo"]},{"@type":"Person","@id":"https:\/\/eltrabajo.cl\/web\/#\/schema\/person\/45efd3d17f86ec456e44dd7debe1bf19","name":"Diario El Trabajo","image":{"@type":"ImageObject","inLanguage":"es-CL","@id":"https:\/\/secure.gravatar.com\/avatar\/7e6ec277dc4aea2677c2dc301d4227957219329c985ab69a3efc12518b5161aa?s=96&d=mm&r=g","url":"https:\/\/secure.gravatar.com\/avatar\/7e6ec277dc4aea2677c2dc301d4227957219329c985ab69a3efc12518b5161aa?s=96&d=mm&r=g","contentUrl":"https:\/\/secure.gravatar.com\/avatar\/7e6ec277dc4aea2677c2dc301d4227957219329c985ab69a3efc12518b5161aa?s=96&d=mm&r=g","caption":"Diario El Trabajo"},"sameAs":["https:\/\/eltrabajo.cl\/web"],"url":"https:\/\/eltrabajo.cl\/web\/author\/diario-el-trabajo\/"}]}},"_links":{"self":[{"href":"https:\/\/eltrabajo.cl\/web\/wp-json\/wp\/v2\/posts\/135550","targetHints":{"allow":["GET"]}}],"collection":[{"href":"https:\/\/eltrabajo.cl\/web\/wp-json\/wp\/v2\/posts"}],"about":[{"href":"https:\/\/eltrabajo.cl\/web\/wp-json\/wp\/v2\/types\/post"}],"author":[{"embeddable":true,"href":"https:\/\/eltrabajo.cl\/web\/wp-json\/wp\/v2\/users\/1"}],"replies":[{"embeddable":true,"href":"https:\/\/eltrabajo.cl\/web\/wp-json\/wp\/v2\/comments?post=135550"}],"version-history":[{"count":1,"href":"https:\/\/eltrabajo.cl\/web\/wp-json\/wp\/v2\/posts\/135550\/revisions"}],"predecessor-version":[{"id":135554,"href":"https:\/\/eltrabajo.cl\/web\/wp-json\/wp\/v2\/posts\/135550\/revisions\/135554"}],"wp:featuredmedia":[{"embeddable":true,"href":"https:\/\/eltrabajo.cl\/web\/wp-json\/wp\/v2\/media\/135551"}],"wp:attachment":[{"href":"https:\/\/eltrabajo.cl\/web\/wp-json\/wp\/v2\/media?parent=135550"}],"wp:term":[{"taxonomy":"category","embeddable":true,"href":"https:\/\/eltrabajo.cl\/web\/wp-json\/wp\/v2\/categories?post=135550"},{"taxonomy":"post_tag","embeddable":true,"href":"https:\/\/eltrabajo.cl\/web\/wp-json\/wp\/v2\/tags?post=135550"}],"curies":[{"name":"wp","href":"https:\/\/api.w.org\/{rel}","templated":true}]}}