{"id":135555,"date":"2025-03-06T22:10:24","date_gmt":"2025-03-07T01:10:24","guid":{"rendered":"https:\/\/eltrabajo.cl\/web\/?p=135555"},"modified":"2025-03-06T21:53:27","modified_gmt":"2025-03-07T00:53:27","slug":"delincuente-fue-baleado-cuando-ingreso-a-robar-a-una-vivienda-en-rinconada-de-silva","status":"publish","type":"post","link":"https:\/\/eltrabajo.cl\/web\/delincuente-fue-baleado-cuando-ingreso-a-robar-a-una-vivienda-en-rinconada-de-silva\/","title":{"rendered":"Delincuente fue baleado cuando ingres\u00f3 a robar a una vivienda en Rinconada de Silva"},"content":{"rendered":"<ul>\n<li><strong>El malviviente de 17 a\u00f1os recibi\u00f3 el impacto en la pierna izquierda.-<\/strong><\/li>\n<\/ul>\n<p>Carabineros detuvo a un delincuente de tan s\u00f3lo 17 a\u00f1os de edad que ingres\u00f3 a robar junto a otros dos malvivientes a un domicilio ubicado en el sector de Rinconada de Silva, comuna de Putaendo. La v\u00edctima del caso, descubri\u00f3 a los sujetos en el dormitorio de la casa.<\/p>\n<p>El hecho ocurri\u00f3 la tarde del mi\u00e9rcoles a eso de las 19:30 horas, cuando el grupo de delincuentes, a rostro cubierto y premunidos con armas de fuego, intimidaron a la v\u00edctima, quien reaccion\u00f3 r\u00e1pidamente, tom\u00f3 una escopeta y dispar\u00f3 contra uno de ellos, los otros dos antisociales huyeron del lugar.<\/p>\n<p>Al respecto, el comisario de Carabineros, mayor <strong>Gonzalo Medina<\/strong>, se\u00f1al\u00f3 que <em>\u00abes importante destacar que el llamado oportuno permiti\u00f3 que el personal policial de Putaendo se dirigiera a un sector rural en Rinconada de Silva, la v\u00edctima se encontraba al interior de su morada donde tres personas a rostro cubierto, premunidas de arma de fuego ingresan y lo intimidan con la finalidad de sustraer especies de su propiedad\u00bb<\/em>.<\/p>\n<p>En este contexto, el mayor Medina indic\u00f3 que <em>\u00abante esto, una persona adulta, se encontraba con un armamento debidamente inscrito con el cual repeli\u00f3 a los delincuentes. Uno de estos result\u00f3 lesionado en su pierna izquierda, mientras que los otros dos sujetos huyeron por la periferia del sector\u00bb<\/em>.<\/p>\n<p>Respecto a si se logr\u00f3 la recuperaci\u00f3n de alguna de las armas que portaban estos delincuentes, el comisario de Carabineros sostuvo que <em>\u00ablos dos sujetos que huyeron eran quienes portaban el armamento, afortunadamente la v\u00edctima no sufri\u00f3 mayores lesiones ni tampoco sufrieron el robo de especies<\/em>\u00bb.<\/p>\n<p>El detenido fue identificado como <strong>M.J.C.S. <\/strong>de 17 a\u00f1os de edad, sin antecedentes, y quien fue trasladado hasta el Hospital San Camilo de San Felipe, fuera de riesgo vital. El juvenil malviviente pas\u00f3 a control de detenci\u00f3n.<\/p>\n<figure id=\"attachment_135556\" aria-describedby=\"caption-attachment-135556\" style=\"width: 698px\" class=\"wp-caption alignnone\"><img loading=\"lazy\" decoding=\"async\" class=\"size-full wp-image-135556\" src=\"http:\/\/eltrabajo.cl\/web\/wp-content\/uploads\/2025\/03\/delincuente-rinconada.jpg\" alt=\"Delincuente fue baleado al ingresar a robar a una vivienda.\" width=\"698\" height=\"388\" srcset=\"https:\/\/eltrabajo.cl\/web\/wp-content\/uploads\/2025\/03\/delincuente-rinconada.jpg 698w, https:\/\/eltrabajo.cl\/web\/wp-content\/uploads\/2025\/03\/delincuente-rinconada-300x167.jpg 300w, https:\/\/eltrabajo.cl\/web\/wp-content\/uploads\/2025\/03\/delincuente-rinconada-150x83.jpg 150w, https:\/\/eltrabajo.cl\/web\/wp-content\/uploads\/2025\/03\/delincuente-rinconada-696x387.jpg 696w\" sizes=\"auto, (max-width: 698px) 100vw, 698px\" \/><figcaption id=\"caption-attachment-135556\" class=\"wp-caption-text\">Delincuente fue baleado al ingresar a robar a una vivienda.<\/figcaption><\/figure>\n","protected":false},"excerpt":{"rendered":"<p>El malviviente de 17 a\u00f1os recibi\u00f3 el impacto en la pierna izquierda.- Carabineros detuvo a un delincuente de tan s\u00f3lo 17 a\u00f1os de edad que ingres\u00f3 a robar junto a otros dos malvivientes a un domicilio ubicado en el sector de Rinconada de Silva, comuna de Putaendo. La v\u00edctima del caso, descubri\u00f3 a los sujetos [&hellip;]<\/p>\n","protected":false},"author":1,"featured_media":135556,"comment_status":"open","ping_status":"closed","sticky":false,"template":"","format":"standard","meta":{"footnotes":""},"categories":[5],"tags":[],"class_list":{"0":"post-135555","1":"post","2":"type-post","3":"status-publish","4":"format-standard","5":"has-post-thumbnail","7":"category-policial"},"yoast_head":"<!-- This site is optimized with the Yoast SEO plugin v27.4 - https:\/\/yoast.com\/product\/yoast-seo-wordpress\/ -->\n<title>Delincuente fue baleado cuando ingres\u00f3 a robar a una vivienda en Rinconada de Silva - Diario El Trabajo<\/title>\n<meta name=\"robots\" content=\"index, follow, max-snippet:-1, max-image-preview:large, max-video-preview:-1\" \/>\n<link rel=\"canonical\" href=\"https:\/\/eltrabajo.cl\/web\/delincuente-fue-baleado-cuando-ingreso-a-robar-a-una-vivienda-en-rinconada-de-silva\/\" \/>\n<meta property=\"og:locale\" content=\"es_ES\" \/>\n<meta property=\"og:type\" content=\"article\" \/>\n<meta property=\"og:title\" content=\"Delincuente fue baleado cuando ingres\u00f3 a robar a una vivienda en Rinconada de Silva - Diario El Trabajo\" \/>\n<meta property=\"og:description\" content=\"El malviviente de 17 a\u00f1os recibi\u00f3 el impacto en la pierna izquierda.- Carabineros detuvo a un delincuente de tan s\u00f3lo 17 a\u00f1os de edad que ingres\u00f3 a robar junto a otros dos malvivientes a un domicilio ubicado en el sector de Rinconada de Silva, comuna de Putaendo. La v\u00edctima del caso, descubri\u00f3 a los sujetos [&hellip;]\" \/>\n<meta property=\"og:url\" content=\"https:\/\/eltrabajo.cl\/web\/delincuente-fue-baleado-cuando-ingreso-a-robar-a-una-vivienda-en-rinconada-de-silva\/\" \/>\n<meta property=\"og:site_name\" content=\"Diario El Trabajo\" \/>\n<meta property=\"article:publisher\" content=\"https:\/\/www.facebook.com\/ElTrabajoDiario\" \/>\n<meta property=\"article:published_time\" content=\"2025-03-07T01:10:24+00:00\" \/>\n<meta property=\"og:image\" content=\"https:\/\/eltrabajo.cl\/web\/wp-content\/uploads\/2025\/03\/delincuente-rinconada.jpg\" \/>\n\t<meta property=\"og:image:width\" content=\"698\" \/>\n\t<meta property=\"og:image:height\" content=\"388\" \/>\n\t<meta property=\"og:image:type\" content=\"image\/jpeg\" \/>\n<meta name=\"author\" content=\"Diario El Trabajo\" \/>\n<meta name=\"twitter:card\" content=\"summary_large_image\" \/>\n<meta name=\"twitter:creator\" content=\"@diarioeltrabajo\" \/>\n<meta name=\"twitter:site\" content=\"@diarioeltrabajo\" \/>\n<meta name=\"twitter:label1\" content=\"Escrito por\" \/>\n\t<meta name=\"twitter:data1\" content=\"Diario El Trabajo\" \/>\n\t<meta name=\"twitter:label2\" content=\"Tiempo estimado de lectura\" \/>\n\t<meta name=\"twitter:data2\" content=\"2 minutos\" \/>\n<script type=\"application\/ld+json\" class=\"yoast-schema-graph\">{\"@context\":\"https:\\\/\\\/schema.org\",\"@graph\":[{\"@type\":\"Article\",\"@id\":\"https:\\\/\\\/eltrabajo.cl\\\/web\\\/delincuente-fue-baleado-cuando-ingreso-a-robar-a-una-vivienda-en-rinconada-de-silva\\\/#article\",\"isPartOf\":{\"@id\":\"https:\\\/\\\/eltrabajo.cl\\\/web\\\/delincuente-fue-baleado-cuando-ingreso-a-robar-a-una-vivienda-en-rinconada-de-silva\\\/\"},\"author\":{\"name\":\"Diario El Trabajo\",\"@id\":\"https:\\\/\\\/eltrabajo.cl\\\/web\\\/#\\\/schema\\\/person\\\/45efd3d17f86ec456e44dd7debe1bf19\"},\"headline\":\"Delincuente fue baleado cuando ingres\u00f3 a robar a una vivienda en Rinconada de Silva\",\"datePublished\":\"2025-03-07T01:10:24+00:00\",\"mainEntityOfPage\":{\"@id\":\"https:\\\/\\\/eltrabajo.cl\\\/web\\\/delincuente-fue-baleado-cuando-ingreso-a-robar-a-una-vivienda-en-rinconada-de-silva\\\/\"},\"wordCount\":354,\"commentCount\":0,\"publisher\":{\"@id\":\"https:\\\/\\\/eltrabajo.cl\\\/web\\\/#organization\"},\"image\":{\"@id\":\"https:\\\/\\\/eltrabajo.cl\\\/web\\\/delincuente-fue-baleado-cuando-ingreso-a-robar-a-una-vivienda-en-rinconada-de-silva\\\/#primaryimage\"},\"thumbnailUrl\":\"https:\\\/\\\/eltrabajo.cl\\\/web\\\/wp-content\\\/uploads\\\/2025\\\/03\\\/delincuente-rinconada.jpg\",\"articleSection\":[\"Policial\"],\"inLanguage\":\"es-CL\",\"potentialAction\":[{\"@type\":\"CommentAction\",\"name\":\"Comment\",\"target\":[\"https:\\\/\\\/eltrabajo.cl\\\/web\\\/delincuente-fue-baleado-cuando-ingreso-a-robar-a-una-vivienda-en-rinconada-de-silva\\\/#respond\"]}]},{\"@type\":\"WebPage\",\"@id\":\"https:\\\/\\\/eltrabajo.cl\\\/web\\\/delincuente-fue-baleado-cuando-ingreso-a-robar-a-una-vivienda-en-rinconada-de-silva\\\/\",\"url\":\"https:\\\/\\\/eltrabajo.cl\\\/web\\\/delincuente-fue-baleado-cuando-ingreso-a-robar-a-una-vivienda-en-rinconada-de-silva\\\/\",\"name\":\"Delincuente fue baleado cuando ingres\u00f3 a robar a una vivienda en Rinconada de Silva - Diario El Trabajo\",\"isPartOf\":{\"@id\":\"https:\\\/\\\/eltrabajo.cl\\\/web\\\/#website\"},\"primaryImageOfPage\":{\"@id\":\"https:\\\/\\\/eltrabajo.cl\\\/web\\\/delincuente-fue-baleado-cuando-ingreso-a-robar-a-una-vivienda-en-rinconada-de-silva\\\/#primaryimage\"},\"image\":{\"@id\":\"https:\\\/\\\/eltrabajo.cl\\\/web\\\/delincuente-fue-baleado-cuando-ingreso-a-robar-a-una-vivienda-en-rinconada-de-silva\\\/#primaryimage\"},\"thumbnailUrl\":\"https:\\\/\\\/eltrabajo.cl\\\/web\\\/wp-content\\\/uploads\\\/2025\\\/03\\\/delincuente-rinconada.jpg\",\"datePublished\":\"2025-03-07T01:10:24+00:00\",\"breadcrumb\":{\"@id\":\"https:\\\/\\\/eltrabajo.cl\\\/web\\\/delincuente-fue-baleado-cuando-ingreso-a-robar-a-una-vivienda-en-rinconada-de-silva\\\/#breadcrumb\"},\"inLanguage\":\"es-CL\",\"potentialAction\":[{\"@type\":\"ReadAction\",\"target\":[\"https:\\\/\\\/eltrabajo.cl\\\/web\\\/delincuente-fue-baleado-cuando-ingreso-a-robar-a-una-vivienda-en-rinconada-de-silva\\\/\"]}]},{\"@type\":\"ImageObject\",\"inLanguage\":\"es-CL\",\"@id\":\"https:\\\/\\\/eltrabajo.cl\\\/web\\\/delincuente-fue-baleado-cuando-ingreso-a-robar-a-una-vivienda-en-rinconada-de-silva\\\/#primaryimage\",\"url\":\"https:\\\/\\\/eltrabajo.cl\\\/web\\\/wp-content\\\/uploads\\\/2025\\\/03\\\/delincuente-rinconada.jpg\",\"contentUrl\":\"https:\\\/\\\/eltrabajo.cl\\\/web\\\/wp-content\\\/uploads\\\/2025\\\/03\\\/delincuente-rinconada.jpg\",\"width\":698,\"height\":388,\"caption\":\"Delincuente fue baleado al ingresar a robar a una vivienda.\"},{\"@type\":\"BreadcrumbList\",\"@id\":\"https:\\\/\\\/eltrabajo.cl\\\/web\\\/delincuente-fue-baleado-cuando-ingreso-a-robar-a-una-vivienda-en-rinconada-de-silva\\\/#breadcrumb\",\"itemListElement\":[{\"@type\":\"ListItem\",\"position\":1,\"name\":\"Portada\",\"item\":\"https:\\\/\\\/eltrabajo.cl\\\/web\\\/\"},{\"@type\":\"ListItem\",\"position\":2,\"name\":\"Delincuente fue baleado cuando ingres\u00f3 a robar a una vivienda en Rinconada de Silva\"}]},{\"@type\":\"WebSite\",\"@id\":\"https:\\\/\\\/eltrabajo.cl\\\/web\\\/#website\",\"url\":\"https:\\\/\\\/eltrabajo.cl\\\/web\\\/\",\"name\":\"Diario El Trabajo\",\"description\":\"Desde 1929 construyendo Identidad Local\",\"publisher\":{\"@id\":\"https:\\\/\\\/eltrabajo.cl\\\/web\\\/#organization\"},\"potentialAction\":[{\"@type\":\"SearchAction\",\"target\":{\"@type\":\"EntryPoint\",\"urlTemplate\":\"https:\\\/\\\/eltrabajo.cl\\\/web\\\/?s={search_term_string}\"},\"query-input\":{\"@type\":\"PropertyValueSpecification\",\"valueRequired\":true,\"valueName\":\"search_term_string\"}}],\"inLanguage\":\"es-CL\"},{\"@type\":\"Organization\",\"@id\":\"https:\\\/\\\/eltrabajo.cl\\\/web\\\/#organization\",\"name\":\"Diario El Trabajo\",\"url\":\"https:\\\/\\\/eltrabajo.cl\\\/web\\\/\",\"logo\":{\"@type\":\"ImageObject\",\"inLanguage\":\"es-CL\",\"@id\":\"https:\\\/\\\/eltrabajo.cl\\\/web\\\/#\\\/schema\\\/logo\\\/image\\\/\",\"url\":\"https:\\\/\\\/eltrabajo.cl\\\/web\\\/wp-content\\\/uploads\\\/2024\\\/06\\\/profile-image-ig-page-diarioeltrabajo.jpg\",\"contentUrl\":\"https:\\\/\\\/eltrabajo.cl\\\/web\\\/wp-content\\\/uploads\\\/2024\\\/06\\\/profile-image-ig-page-diarioeltrabajo.jpg\",\"width\":823,\"height\":823,\"caption\":\"Diario El Trabajo\"},\"image\":{\"@id\":\"https:\\\/\\\/eltrabajo.cl\\\/web\\\/#\\\/schema\\\/logo\\\/image\\\/\"},\"sameAs\":[\"https:\\\/\\\/www.facebook.com\\\/ElTrabajoDiario\",\"https:\\\/\\\/x.com\\\/diarioeltrabajo\"]},{\"@type\":\"Person\",\"@id\":\"https:\\\/\\\/eltrabajo.cl\\\/web\\\/#\\\/schema\\\/person\\\/45efd3d17f86ec456e44dd7debe1bf19\",\"name\":\"Diario El Trabajo\",\"image\":{\"@type\":\"ImageObject\",\"inLanguage\":\"es-CL\",\"@id\":\"https:\\\/\\\/secure.gravatar.com\\\/avatar\\\/7e6ec277dc4aea2677c2dc301d4227957219329c985ab69a3efc12518b5161aa?s=96&d=mm&r=g\",\"url\":\"https:\\\/\\\/secure.gravatar.com\\\/avatar\\\/7e6ec277dc4aea2677c2dc301d4227957219329c985ab69a3efc12518b5161aa?s=96&d=mm&r=g\",\"contentUrl\":\"https:\\\/\\\/secure.gravatar.com\\\/avatar\\\/7e6ec277dc4aea2677c2dc301d4227957219329c985ab69a3efc12518b5161aa?s=96&d=mm&r=g\",\"caption\":\"Diario El Trabajo\"},\"sameAs\":[\"https:\\\/\\\/eltrabajo.cl\\\/web\"],\"url\":\"https:\\\/\\\/eltrabajo.cl\\\/web\\\/author\\\/diario-el-trabajo\\\/\"}]}<\/script>\n<!-- \/ Yoast SEO plugin. -->","yoast_head_json":{"title":"Delincuente fue baleado cuando ingres\u00f3 a robar a una vivienda en Rinconada de Silva - Diario El Trabajo","robots":{"index":"index","follow":"follow","max-snippet":"max-snippet:-1","max-image-preview":"max-image-preview:large","max-video-preview":"max-video-preview:-1"},"canonical":"https:\/\/eltrabajo.cl\/web\/delincuente-fue-baleado-cuando-ingreso-a-robar-a-una-vivienda-en-rinconada-de-silva\/","og_locale":"es_ES","og_type":"article","og_title":"Delincuente fue baleado cuando ingres\u00f3 a robar a una vivienda en Rinconada de Silva - Diario El Trabajo","og_description":"El malviviente de 17 a\u00f1os recibi\u00f3 el impacto en la pierna izquierda.- Carabineros detuvo a un delincuente de tan s\u00f3lo 17 a\u00f1os de edad que ingres\u00f3 a robar junto a otros dos malvivientes a un domicilio ubicado en el sector de Rinconada de Silva, comuna de Putaendo. La v\u00edctima del caso, descubri\u00f3 a los sujetos [&hellip;]","og_url":"https:\/\/eltrabajo.cl\/web\/delincuente-fue-baleado-cuando-ingreso-a-robar-a-una-vivienda-en-rinconada-de-silva\/","og_site_name":"Diario El Trabajo","article_publisher":"https:\/\/www.facebook.com\/ElTrabajoDiario","article_published_time":"2025-03-07T01:10:24+00:00","og_image":[{"width":698,"height":388,"url":"https:\/\/eltrabajo.cl\/web\/wp-content\/uploads\/2025\/03\/delincuente-rinconada.jpg","type":"image\/jpeg"}],"author":"Diario El Trabajo","twitter_card":"summary_large_image","twitter_creator":"@diarioeltrabajo","twitter_site":"@diarioeltrabajo","twitter_misc":{"Escrito por":"Diario El Trabajo","Tiempo estimado de lectura":"2 minutos"},"schema":{"@context":"https:\/\/schema.org","@graph":[{"@type":"Article","@id":"https:\/\/eltrabajo.cl\/web\/delincuente-fue-baleado-cuando-ingreso-a-robar-a-una-vivienda-en-rinconada-de-silva\/#article","isPartOf":{"@id":"https:\/\/eltrabajo.cl\/web\/delincuente-fue-baleado-cuando-ingreso-a-robar-a-una-vivienda-en-rinconada-de-silva\/"},"author":{"name":"Diario El Trabajo","@id":"https:\/\/eltrabajo.cl\/web\/#\/schema\/person\/45efd3d17f86ec456e44dd7debe1bf19"},"headline":"Delincuente fue baleado cuando ingres\u00f3 a robar a una vivienda en Rinconada de Silva","datePublished":"2025-03-07T01:10:24+00:00","mainEntityOfPage":{"@id":"https:\/\/eltrabajo.cl\/web\/delincuente-fue-baleado-cuando-ingreso-a-robar-a-una-vivienda-en-rinconada-de-silva\/"},"wordCount":354,"commentCount":0,"publisher":{"@id":"https:\/\/eltrabajo.cl\/web\/#organization"},"image":{"@id":"https:\/\/eltrabajo.cl\/web\/delincuente-fue-baleado-cuando-ingreso-a-robar-a-una-vivienda-en-rinconada-de-silva\/#primaryimage"},"thumbnailUrl":"https:\/\/eltrabajo.cl\/web\/wp-content\/uploads\/2025\/03\/delincuente-rinconada.jpg","articleSection":["Policial"],"inLanguage":"es-CL","potentialAction":[{"@type":"CommentAction","name":"Comment","target":["https:\/\/eltrabajo.cl\/web\/delincuente-fue-baleado-cuando-ingreso-a-robar-a-una-vivienda-en-rinconada-de-silva\/#respond"]}]},{"@type":"WebPage","@id":"https:\/\/eltrabajo.cl\/web\/delincuente-fue-baleado-cuando-ingreso-a-robar-a-una-vivienda-en-rinconada-de-silva\/","url":"https:\/\/eltrabajo.cl\/web\/delincuente-fue-baleado-cuando-ingreso-a-robar-a-una-vivienda-en-rinconada-de-silva\/","name":"Delincuente fue baleado cuando ingres\u00f3 a robar a una vivienda en Rinconada de Silva - Diario El Trabajo","isPartOf":{"@id":"https:\/\/eltrabajo.cl\/web\/#website"},"primaryImageOfPage":{"@id":"https:\/\/eltrabajo.cl\/web\/delincuente-fue-baleado-cuando-ingreso-a-robar-a-una-vivienda-en-rinconada-de-silva\/#primaryimage"},"image":{"@id":"https:\/\/eltrabajo.cl\/web\/delincuente-fue-baleado-cuando-ingreso-a-robar-a-una-vivienda-en-rinconada-de-silva\/#primaryimage"},"thumbnailUrl":"https:\/\/eltrabajo.cl\/web\/wp-content\/uploads\/2025\/03\/delincuente-rinconada.jpg","datePublished":"2025-03-07T01:10:24+00:00","breadcrumb":{"@id":"https:\/\/eltrabajo.cl\/web\/delincuente-fue-baleado-cuando-ingreso-a-robar-a-una-vivienda-en-rinconada-de-silva\/#breadcrumb"},"inLanguage":"es-CL","potentialAction":[{"@type":"ReadAction","target":["https:\/\/eltrabajo.cl\/web\/delincuente-fue-baleado-cuando-ingreso-a-robar-a-una-vivienda-en-rinconada-de-silva\/"]}]},{"@type":"ImageObject","inLanguage":"es-CL","@id":"https:\/\/eltrabajo.cl\/web\/delincuente-fue-baleado-cuando-ingreso-a-robar-a-una-vivienda-en-rinconada-de-silva\/#primaryimage","url":"https:\/\/eltrabajo.cl\/web\/wp-content\/uploads\/2025\/03\/delincuente-rinconada.jpg","contentUrl":"https:\/\/eltrabajo.cl\/web\/wp-content\/uploads\/2025\/03\/delincuente-rinconada.jpg","width":698,"height":388,"caption":"Delincuente fue baleado al ingresar a robar a una vivienda."},{"@type":"BreadcrumbList","@id":"https:\/\/eltrabajo.cl\/web\/delincuente-fue-baleado-cuando-ingreso-a-robar-a-una-vivienda-en-rinconada-de-silva\/#breadcrumb","itemListElement":[{"@type":"ListItem","position":1,"name":"Portada","item":"https:\/\/eltrabajo.cl\/web\/"},{"@type":"ListItem","position":2,"name":"Delincuente fue baleado cuando ingres\u00f3 a robar a una vivienda en Rinconada de Silva"}]},{"@type":"WebSite","@id":"https:\/\/eltrabajo.cl\/web\/#website","url":"https:\/\/eltrabajo.cl\/web\/","name":"Diario El Trabajo","description":"Desde 1929 construyendo Identidad Local","publisher":{"@id":"https:\/\/eltrabajo.cl\/web\/#organization"},"potentialAction":[{"@type":"SearchAction","target":{"@type":"EntryPoint","urlTemplate":"https:\/\/eltrabajo.cl\/web\/?s={search_term_string}"},"query-input":{"@type":"PropertyValueSpecification","valueRequired":true,"valueName":"search_term_string"}}],"inLanguage":"es-CL"},{"@type":"Organization","@id":"https:\/\/eltrabajo.cl\/web\/#organization","name":"Diario El Trabajo","url":"https:\/\/eltrabajo.cl\/web\/","logo":{"@type":"ImageObject","inLanguage":"es-CL","@id":"https:\/\/eltrabajo.cl\/web\/#\/schema\/logo\/image\/","url":"https:\/\/eltrabajo.cl\/web\/wp-content\/uploads\/2024\/06\/profile-image-ig-page-diarioeltrabajo.jpg","contentUrl":"https:\/\/eltrabajo.cl\/web\/wp-content\/uploads\/2024\/06\/profile-image-ig-page-diarioeltrabajo.jpg","width":823,"height":823,"caption":"Diario El Trabajo"},"image":{"@id":"https:\/\/eltrabajo.cl\/web\/#\/schema\/logo\/image\/"},"sameAs":["https:\/\/www.facebook.com\/ElTrabajoDiario","https:\/\/x.com\/diarioeltrabajo"]},{"@type":"Person","@id":"https:\/\/eltrabajo.cl\/web\/#\/schema\/person\/45efd3d17f86ec456e44dd7debe1bf19","name":"Diario El Trabajo","image":{"@type":"ImageObject","inLanguage":"es-CL","@id":"https:\/\/secure.gravatar.com\/avatar\/7e6ec277dc4aea2677c2dc301d4227957219329c985ab69a3efc12518b5161aa?s=96&d=mm&r=g","url":"https:\/\/secure.gravatar.com\/avatar\/7e6ec277dc4aea2677c2dc301d4227957219329c985ab69a3efc12518b5161aa?s=96&d=mm&r=g","contentUrl":"https:\/\/secure.gravatar.com\/avatar\/7e6ec277dc4aea2677c2dc301d4227957219329c985ab69a3efc12518b5161aa?s=96&d=mm&r=g","caption":"Diario El Trabajo"},"sameAs":["https:\/\/eltrabajo.cl\/web"],"url":"https:\/\/eltrabajo.cl\/web\/author\/diario-el-trabajo\/"}]}},"_links":{"self":[{"href":"https:\/\/eltrabajo.cl\/web\/wp-json\/wp\/v2\/posts\/135555","targetHints":{"allow":["GET"]}}],"collection":[{"href":"https:\/\/eltrabajo.cl\/web\/wp-json\/wp\/v2\/posts"}],"about":[{"href":"https:\/\/eltrabajo.cl\/web\/wp-json\/wp\/v2\/types\/post"}],"author":[{"embeddable":true,"href":"https:\/\/eltrabajo.cl\/web\/wp-json\/wp\/v2\/users\/1"}],"replies":[{"embeddable":true,"href":"https:\/\/eltrabajo.cl\/web\/wp-json\/wp\/v2\/comments?post=135555"}],"version-history":[{"count":1,"href":"https:\/\/eltrabajo.cl\/web\/wp-json\/wp\/v2\/posts\/135555\/revisions"}],"predecessor-version":[{"id":135557,"href":"https:\/\/eltrabajo.cl\/web\/wp-json\/wp\/v2\/posts\/135555\/revisions\/135557"}],"wp:featuredmedia":[{"embeddable":true,"href":"https:\/\/eltrabajo.cl\/web\/wp-json\/wp\/v2\/media\/135556"}],"wp:attachment":[{"href":"https:\/\/eltrabajo.cl\/web\/wp-json\/wp\/v2\/media?parent=135555"}],"wp:term":[{"taxonomy":"category","embeddable":true,"href":"https:\/\/eltrabajo.cl\/web\/wp-json\/wp\/v2\/categories?post=135555"},{"taxonomy":"post_tag","embeddable":true,"href":"https:\/\/eltrabajo.cl\/web\/wp-json\/wp\/v2\/tags?post=135555"}],"curies":[{"name":"wp","href":"https:\/\/api.w.org\/{rel}","templated":true}]}}