{"id":135560,"date":"2025-03-09T21:00:46","date_gmt":"2025-03-10T00:00:46","guid":{"rendered":"https:\/\/eltrabajo.cl\/web\/?p=135560"},"modified":"2025-03-09T20:27:09","modified_gmt":"2025-03-09T23:27:09","slug":"el-31-de-marzo-comienza-la-resiembra-del-estadio-municipal","status":"publish","type":"post","link":"https:\/\/eltrabajo.cl\/web\/el-31-de-marzo-comienza-la-resiembra-del-estadio-municipal\/","title":{"rendered":"El 31 de marzo comienza la resiembra del Estadio Municipal"},"content":{"rendered":"<ul>\n<li><strong>El proceso, que se realiza una vez al a\u00f1o, se extender\u00e1 hasta mediados de abril.-<\/strong><\/li>\n<\/ul>\n<p>El municipio de San Felipe ha establecido la fecha para la ya tradicional resiembra al Estadio Municipal. El proceso de mejoramiento de la cancha del recinto deportivo qued\u00f3 fijado para que comience el lunes 31 de marzo y se extienda hasta mediados del mes de abril.<\/p>\n<p>Al respecto, el administrador municipal de San Felipe, <strong>Hern\u00e1n Herrera Caballero<\/strong>, indic\u00f3 que el periodo de resiembra se ha acordado con Uni\u00f3n San Felipe para no afectar la local\u00eda del club en la ciudad.<\/p>\n<p>\u00ab<em>Efectivamente se sostuvo una reuni\u00f3n con la empresa que realiza la mantenci\u00f3n al Estadio Municipal en conjunto con el Departamento de Deportes y el gerente de Uni\u00f3n San Felipe. La resiembra se realiza a partir del 31 de marzo hasta el 27 de abril, en consecuencia, ello implica que el equipo no tiene que salir a jugar fuera de San Felipe cuando haga de local, toda vez que coincide con las fechas que el club hace de visitante\u00bb,<\/em> se\u00f1al\u00f3.<\/p>\n<p>En este contexto, Herrera agreg\u00f3 que <em>\u00abpor tanto, una vez m\u00e1s el municipio se coloca una vez m\u00e1s a disposici\u00f3n del club Uni\u00f3n San Felipe y de sus hinchas que va a permitir que la resiembra no cambie la programaci\u00f3n\u00bb.<\/em><\/p>\n<p>En cuanto a las exigencias hacia la empresa que lleva a cabo todo este proceso, el administrador municipal sostuvo que <em>\u00abeste contrato contempla una nueva forma en la cual se tiene que realizar la resiembra, es un tema que se habl\u00f3 a cabalidad con la empresa, toda vez que siempre han existido personas que de manera mal intencionada se\u00f1alan que no se realiza de manera correcta; eso se descarta, toda vez que el municipio no paga m\u00e1s por la resiembra\u00bb.<\/em><\/p>\n<p>Asimismo, Hern\u00e1n Herrera a\u00f1adi\u00f3 que la resiembra <em>\u00abse hace una vez al a\u00f1o, tambi\u00e9n nos hemos asesorado con cancheros especialistas de clubes de f\u00fatbol para ver la fecha en la que se debe realizar la resiembra, y todos coinciden que se realiza en esta fecha en virtud de las temperaturas que requiere el pasto para poder crecer\u00bb. <\/em><\/p>\n<p>Finalmente, y en relaci\u00f3n a si durante este periodo se realizar\u00e1n algunas otras obras al recinto para su mejoramiento, Herrera dijo que <em>\u00abvamos a seguir con la reparaci\u00f3n de la galer\u00eda Pac\u00edfico, un sector que se encuentra bastante deteriorado y se ha estado realizando precisamente dentro de esas fechas\u00bb,<\/em> cerr\u00f3.<\/p>\n<figure id=\"attachment_135561\" aria-describedby=\"caption-attachment-135561\" style=\"width: 698px\" class=\"wp-caption alignnone\"><img loading=\"lazy\" decoding=\"async\" class=\"size-full wp-image-135561\" src=\"http:\/\/eltrabajo.cl\/web\/wp-content\/uploads\/2025\/03\/resiembra-estadio.jpg\" alt=\"El 31 de marzo comienza la resiembra del Estadio Municipal.\" width=\"698\" height=\"393\" srcset=\"https:\/\/eltrabajo.cl\/web\/wp-content\/uploads\/2025\/03\/resiembra-estadio.jpg 698w, https:\/\/eltrabajo.cl\/web\/wp-content\/uploads\/2025\/03\/resiembra-estadio-300x169.jpg 300w, https:\/\/eltrabajo.cl\/web\/wp-content\/uploads\/2025\/03\/resiembra-estadio-150x84.jpg 150w, https:\/\/eltrabajo.cl\/web\/wp-content\/uploads\/2025\/03\/resiembra-estadio-696x392.jpg 696w\" sizes=\"auto, (max-width: 698px) 100vw, 698px\" \/><figcaption id=\"caption-attachment-135561\" class=\"wp-caption-text\">El 31 de marzo comienza la resiembra del Estadio Municipal.<\/figcaption><\/figure>\n","protected":false},"excerpt":{"rendered":"<p>El proceso, que se realiza una vez al a\u00f1o, se extender\u00e1 hasta mediados de abril.- El municipio de San Felipe ha establecido la fecha para la ya tradicional resiembra al Estadio Municipal. El proceso de mejoramiento de la cancha del recinto deportivo qued\u00f3 fijado para que comience el lunes 31 de marzo y se extienda [&hellip;]<\/p>\n","protected":false},"author":1,"featured_media":135561,"comment_status":"open","ping_status":"closed","sticky":false,"template":"","format":"standard","meta":{"footnotes":""},"categories":[3],"tags":[],"class_list":{"0":"post-135560","1":"post","2":"type-post","3":"status-publish","4":"format-standard","5":"has-post-thumbnail","7":"category-cronica-2"},"yoast_head":"<!-- This site is optimized with the Yoast SEO plugin v27.4 - https:\/\/yoast.com\/product\/yoast-seo-wordpress\/ -->\n<title>El 31 de marzo comienza la resiembra del Estadio Municipal - Diario El Trabajo<\/title>\n<meta name=\"robots\" content=\"index, follow, max-snippet:-1, max-image-preview:large, max-video-preview:-1\" \/>\n<link rel=\"canonical\" href=\"https:\/\/eltrabajo.cl\/web\/el-31-de-marzo-comienza-la-resiembra-del-estadio-municipal\/\" \/>\n<meta property=\"og:locale\" content=\"es_ES\" \/>\n<meta property=\"og:type\" content=\"article\" \/>\n<meta property=\"og:title\" content=\"El 31 de marzo comienza la resiembra del Estadio Municipal - Diario El Trabajo\" \/>\n<meta property=\"og:description\" content=\"El proceso, que se realiza una vez al a\u00f1o, se extender\u00e1 hasta mediados de abril.- El municipio de San Felipe ha establecido la fecha para la ya tradicional resiembra al Estadio Municipal. El proceso de mejoramiento de la cancha del recinto deportivo qued\u00f3 fijado para que comience el lunes 31 de marzo y se extienda [&hellip;]\" \/>\n<meta property=\"og:url\" content=\"https:\/\/eltrabajo.cl\/web\/el-31-de-marzo-comienza-la-resiembra-del-estadio-municipal\/\" \/>\n<meta property=\"og:site_name\" content=\"Diario El Trabajo\" \/>\n<meta property=\"article:publisher\" content=\"https:\/\/www.facebook.com\/ElTrabajoDiario\" \/>\n<meta property=\"article:published_time\" content=\"2025-03-10T00:00:46+00:00\" \/>\n<meta property=\"og:image\" content=\"https:\/\/eltrabajo.cl\/web\/wp-content\/uploads\/2025\/03\/resiembra-estadio.jpg\" \/>\n\t<meta property=\"og:image:width\" content=\"698\" \/>\n\t<meta property=\"og:image:height\" content=\"393\" \/>\n\t<meta property=\"og:image:type\" content=\"image\/jpeg\" \/>\n<meta name=\"author\" content=\"Diario El Trabajo\" \/>\n<meta name=\"twitter:card\" content=\"summary_large_image\" \/>\n<meta name=\"twitter:creator\" content=\"@diarioeltrabajo\" \/>\n<meta name=\"twitter:site\" content=\"@diarioeltrabajo\" \/>\n<meta name=\"twitter:label1\" content=\"Escrito por\" \/>\n\t<meta name=\"twitter:data1\" content=\"Diario El Trabajo\" \/>\n\t<meta name=\"twitter:label2\" content=\"Tiempo estimado de lectura\" \/>\n\t<meta name=\"twitter:data2\" content=\"3 minutos\" \/>\n<script type=\"application\/ld+json\" class=\"yoast-schema-graph\">{\"@context\":\"https:\\\/\\\/schema.org\",\"@graph\":[{\"@type\":\"Article\",\"@id\":\"https:\\\/\\\/eltrabajo.cl\\\/web\\\/el-31-de-marzo-comienza-la-resiembra-del-estadio-municipal\\\/#article\",\"isPartOf\":{\"@id\":\"https:\\\/\\\/eltrabajo.cl\\\/web\\\/el-31-de-marzo-comienza-la-resiembra-del-estadio-municipal\\\/\"},\"author\":{\"name\":\"Diario El Trabajo\",\"@id\":\"https:\\\/\\\/eltrabajo.cl\\\/web\\\/#\\\/schema\\\/person\\\/45efd3d17f86ec456e44dd7debe1bf19\"},\"headline\":\"El 31 de marzo comienza la resiembra del Estadio Municipal\",\"datePublished\":\"2025-03-10T00:00:46+00:00\",\"mainEntityOfPage\":{\"@id\":\"https:\\\/\\\/eltrabajo.cl\\\/web\\\/el-31-de-marzo-comienza-la-resiembra-del-estadio-municipal\\\/\"},\"wordCount\":449,\"commentCount\":0,\"publisher\":{\"@id\":\"https:\\\/\\\/eltrabajo.cl\\\/web\\\/#organization\"},\"image\":{\"@id\":\"https:\\\/\\\/eltrabajo.cl\\\/web\\\/el-31-de-marzo-comienza-la-resiembra-del-estadio-municipal\\\/#primaryimage\"},\"thumbnailUrl\":\"https:\\\/\\\/eltrabajo.cl\\\/web\\\/wp-content\\\/uploads\\\/2025\\\/03\\\/resiembra-estadio.jpg\",\"articleSection\":[\"Cr\u00f3nica\"],\"inLanguage\":\"es-CL\",\"potentialAction\":[{\"@type\":\"CommentAction\",\"name\":\"Comment\",\"target\":[\"https:\\\/\\\/eltrabajo.cl\\\/web\\\/el-31-de-marzo-comienza-la-resiembra-del-estadio-municipal\\\/#respond\"]}]},{\"@type\":\"WebPage\",\"@id\":\"https:\\\/\\\/eltrabajo.cl\\\/web\\\/el-31-de-marzo-comienza-la-resiembra-del-estadio-municipal\\\/\",\"url\":\"https:\\\/\\\/eltrabajo.cl\\\/web\\\/el-31-de-marzo-comienza-la-resiembra-del-estadio-municipal\\\/\",\"name\":\"El 31 de marzo comienza la resiembra del Estadio Municipal - Diario El Trabajo\",\"isPartOf\":{\"@id\":\"https:\\\/\\\/eltrabajo.cl\\\/web\\\/#website\"},\"primaryImageOfPage\":{\"@id\":\"https:\\\/\\\/eltrabajo.cl\\\/web\\\/el-31-de-marzo-comienza-la-resiembra-del-estadio-municipal\\\/#primaryimage\"},\"image\":{\"@id\":\"https:\\\/\\\/eltrabajo.cl\\\/web\\\/el-31-de-marzo-comienza-la-resiembra-del-estadio-municipal\\\/#primaryimage\"},\"thumbnailUrl\":\"https:\\\/\\\/eltrabajo.cl\\\/web\\\/wp-content\\\/uploads\\\/2025\\\/03\\\/resiembra-estadio.jpg\",\"datePublished\":\"2025-03-10T00:00:46+00:00\",\"breadcrumb\":{\"@id\":\"https:\\\/\\\/eltrabajo.cl\\\/web\\\/el-31-de-marzo-comienza-la-resiembra-del-estadio-municipal\\\/#breadcrumb\"},\"inLanguage\":\"es-CL\",\"potentialAction\":[{\"@type\":\"ReadAction\",\"target\":[\"https:\\\/\\\/eltrabajo.cl\\\/web\\\/el-31-de-marzo-comienza-la-resiembra-del-estadio-municipal\\\/\"]}]},{\"@type\":\"ImageObject\",\"inLanguage\":\"es-CL\",\"@id\":\"https:\\\/\\\/eltrabajo.cl\\\/web\\\/el-31-de-marzo-comienza-la-resiembra-del-estadio-municipal\\\/#primaryimage\",\"url\":\"https:\\\/\\\/eltrabajo.cl\\\/web\\\/wp-content\\\/uploads\\\/2025\\\/03\\\/resiembra-estadio.jpg\",\"contentUrl\":\"https:\\\/\\\/eltrabajo.cl\\\/web\\\/wp-content\\\/uploads\\\/2025\\\/03\\\/resiembra-estadio.jpg\",\"width\":698,\"height\":393,\"caption\":\"El 31 de marzo comienza la resiembra del Estadio Municipal.\"},{\"@type\":\"BreadcrumbList\",\"@id\":\"https:\\\/\\\/eltrabajo.cl\\\/web\\\/el-31-de-marzo-comienza-la-resiembra-del-estadio-municipal\\\/#breadcrumb\",\"itemListElement\":[{\"@type\":\"ListItem\",\"position\":1,\"name\":\"Portada\",\"item\":\"https:\\\/\\\/eltrabajo.cl\\\/web\\\/\"},{\"@type\":\"ListItem\",\"position\":2,\"name\":\"El 31 de marzo comienza la resiembra del Estadio Municipal\"}]},{\"@type\":\"WebSite\",\"@id\":\"https:\\\/\\\/eltrabajo.cl\\\/web\\\/#website\",\"url\":\"https:\\\/\\\/eltrabajo.cl\\\/web\\\/\",\"name\":\"Diario El Trabajo\",\"description\":\"Desde 1929 construyendo Identidad Local\",\"publisher\":{\"@id\":\"https:\\\/\\\/eltrabajo.cl\\\/web\\\/#organization\"},\"potentialAction\":[{\"@type\":\"SearchAction\",\"target\":{\"@type\":\"EntryPoint\",\"urlTemplate\":\"https:\\\/\\\/eltrabajo.cl\\\/web\\\/?s={search_term_string}\"},\"query-input\":{\"@type\":\"PropertyValueSpecification\",\"valueRequired\":true,\"valueName\":\"search_term_string\"}}],\"inLanguage\":\"es-CL\"},{\"@type\":\"Organization\",\"@id\":\"https:\\\/\\\/eltrabajo.cl\\\/web\\\/#organization\",\"name\":\"Diario El Trabajo\",\"url\":\"https:\\\/\\\/eltrabajo.cl\\\/web\\\/\",\"logo\":{\"@type\":\"ImageObject\",\"inLanguage\":\"es-CL\",\"@id\":\"https:\\\/\\\/eltrabajo.cl\\\/web\\\/#\\\/schema\\\/logo\\\/image\\\/\",\"url\":\"https:\\\/\\\/eltrabajo.cl\\\/web\\\/wp-content\\\/uploads\\\/2024\\\/06\\\/profile-image-ig-page-diarioeltrabajo.jpg\",\"contentUrl\":\"https:\\\/\\\/eltrabajo.cl\\\/web\\\/wp-content\\\/uploads\\\/2024\\\/06\\\/profile-image-ig-page-diarioeltrabajo.jpg\",\"width\":823,\"height\":823,\"caption\":\"Diario El Trabajo\"},\"image\":{\"@id\":\"https:\\\/\\\/eltrabajo.cl\\\/web\\\/#\\\/schema\\\/logo\\\/image\\\/\"},\"sameAs\":[\"https:\\\/\\\/www.facebook.com\\\/ElTrabajoDiario\",\"https:\\\/\\\/x.com\\\/diarioeltrabajo\"]},{\"@type\":\"Person\",\"@id\":\"https:\\\/\\\/eltrabajo.cl\\\/web\\\/#\\\/schema\\\/person\\\/45efd3d17f86ec456e44dd7debe1bf19\",\"name\":\"Diario El Trabajo\",\"image\":{\"@type\":\"ImageObject\",\"inLanguage\":\"es-CL\",\"@id\":\"https:\\\/\\\/secure.gravatar.com\\\/avatar\\\/7e6ec277dc4aea2677c2dc301d4227957219329c985ab69a3efc12518b5161aa?s=96&d=mm&r=g\",\"url\":\"https:\\\/\\\/secure.gravatar.com\\\/avatar\\\/7e6ec277dc4aea2677c2dc301d4227957219329c985ab69a3efc12518b5161aa?s=96&d=mm&r=g\",\"contentUrl\":\"https:\\\/\\\/secure.gravatar.com\\\/avatar\\\/7e6ec277dc4aea2677c2dc301d4227957219329c985ab69a3efc12518b5161aa?s=96&d=mm&r=g\",\"caption\":\"Diario El Trabajo\"},\"sameAs\":[\"https:\\\/\\\/eltrabajo.cl\\\/web\"],\"url\":\"https:\\\/\\\/eltrabajo.cl\\\/web\\\/author\\\/diario-el-trabajo\\\/\"}]}<\/script>\n<!-- \/ Yoast SEO plugin. -->","yoast_head_json":{"title":"El 31 de marzo comienza la resiembra del Estadio Municipal - Diario El Trabajo","robots":{"index":"index","follow":"follow","max-snippet":"max-snippet:-1","max-image-preview":"max-image-preview:large","max-video-preview":"max-video-preview:-1"},"canonical":"https:\/\/eltrabajo.cl\/web\/el-31-de-marzo-comienza-la-resiembra-del-estadio-municipal\/","og_locale":"es_ES","og_type":"article","og_title":"El 31 de marzo comienza la resiembra del Estadio Municipal - Diario El Trabajo","og_description":"El proceso, que se realiza una vez al a\u00f1o, se extender\u00e1 hasta mediados de abril.- El municipio de San Felipe ha establecido la fecha para la ya tradicional resiembra al Estadio Municipal. El proceso de mejoramiento de la cancha del recinto deportivo qued\u00f3 fijado para que comience el lunes 31 de marzo y se extienda [&hellip;]","og_url":"https:\/\/eltrabajo.cl\/web\/el-31-de-marzo-comienza-la-resiembra-del-estadio-municipal\/","og_site_name":"Diario El Trabajo","article_publisher":"https:\/\/www.facebook.com\/ElTrabajoDiario","article_published_time":"2025-03-10T00:00:46+00:00","og_image":[{"width":698,"height":393,"url":"https:\/\/eltrabajo.cl\/web\/wp-content\/uploads\/2025\/03\/resiembra-estadio.jpg","type":"image\/jpeg"}],"author":"Diario El Trabajo","twitter_card":"summary_large_image","twitter_creator":"@diarioeltrabajo","twitter_site":"@diarioeltrabajo","twitter_misc":{"Escrito por":"Diario El Trabajo","Tiempo estimado de lectura":"3 minutos"},"schema":{"@context":"https:\/\/schema.org","@graph":[{"@type":"Article","@id":"https:\/\/eltrabajo.cl\/web\/el-31-de-marzo-comienza-la-resiembra-del-estadio-municipal\/#article","isPartOf":{"@id":"https:\/\/eltrabajo.cl\/web\/el-31-de-marzo-comienza-la-resiembra-del-estadio-municipal\/"},"author":{"name":"Diario El Trabajo","@id":"https:\/\/eltrabajo.cl\/web\/#\/schema\/person\/45efd3d17f86ec456e44dd7debe1bf19"},"headline":"El 31 de marzo comienza la resiembra del Estadio Municipal","datePublished":"2025-03-10T00:00:46+00:00","mainEntityOfPage":{"@id":"https:\/\/eltrabajo.cl\/web\/el-31-de-marzo-comienza-la-resiembra-del-estadio-municipal\/"},"wordCount":449,"commentCount":0,"publisher":{"@id":"https:\/\/eltrabajo.cl\/web\/#organization"},"image":{"@id":"https:\/\/eltrabajo.cl\/web\/el-31-de-marzo-comienza-la-resiembra-del-estadio-municipal\/#primaryimage"},"thumbnailUrl":"https:\/\/eltrabajo.cl\/web\/wp-content\/uploads\/2025\/03\/resiembra-estadio.jpg","articleSection":["Cr\u00f3nica"],"inLanguage":"es-CL","potentialAction":[{"@type":"CommentAction","name":"Comment","target":["https:\/\/eltrabajo.cl\/web\/el-31-de-marzo-comienza-la-resiembra-del-estadio-municipal\/#respond"]}]},{"@type":"WebPage","@id":"https:\/\/eltrabajo.cl\/web\/el-31-de-marzo-comienza-la-resiembra-del-estadio-municipal\/","url":"https:\/\/eltrabajo.cl\/web\/el-31-de-marzo-comienza-la-resiembra-del-estadio-municipal\/","name":"El 31 de marzo comienza la resiembra del Estadio Municipal - Diario El Trabajo","isPartOf":{"@id":"https:\/\/eltrabajo.cl\/web\/#website"},"primaryImageOfPage":{"@id":"https:\/\/eltrabajo.cl\/web\/el-31-de-marzo-comienza-la-resiembra-del-estadio-municipal\/#primaryimage"},"image":{"@id":"https:\/\/eltrabajo.cl\/web\/el-31-de-marzo-comienza-la-resiembra-del-estadio-municipal\/#primaryimage"},"thumbnailUrl":"https:\/\/eltrabajo.cl\/web\/wp-content\/uploads\/2025\/03\/resiembra-estadio.jpg","datePublished":"2025-03-10T00:00:46+00:00","breadcrumb":{"@id":"https:\/\/eltrabajo.cl\/web\/el-31-de-marzo-comienza-la-resiembra-del-estadio-municipal\/#breadcrumb"},"inLanguage":"es-CL","potentialAction":[{"@type":"ReadAction","target":["https:\/\/eltrabajo.cl\/web\/el-31-de-marzo-comienza-la-resiembra-del-estadio-municipal\/"]}]},{"@type":"ImageObject","inLanguage":"es-CL","@id":"https:\/\/eltrabajo.cl\/web\/el-31-de-marzo-comienza-la-resiembra-del-estadio-municipal\/#primaryimage","url":"https:\/\/eltrabajo.cl\/web\/wp-content\/uploads\/2025\/03\/resiembra-estadio.jpg","contentUrl":"https:\/\/eltrabajo.cl\/web\/wp-content\/uploads\/2025\/03\/resiembra-estadio.jpg","width":698,"height":393,"caption":"El 31 de marzo comienza la resiembra del Estadio Municipal."},{"@type":"BreadcrumbList","@id":"https:\/\/eltrabajo.cl\/web\/el-31-de-marzo-comienza-la-resiembra-del-estadio-municipal\/#breadcrumb","itemListElement":[{"@type":"ListItem","position":1,"name":"Portada","item":"https:\/\/eltrabajo.cl\/web\/"},{"@type":"ListItem","position":2,"name":"El 31 de marzo comienza la resiembra del Estadio Municipal"}]},{"@type":"WebSite","@id":"https:\/\/eltrabajo.cl\/web\/#website","url":"https:\/\/eltrabajo.cl\/web\/","name":"Diario El Trabajo","description":"Desde 1929 construyendo Identidad Local","publisher":{"@id":"https:\/\/eltrabajo.cl\/web\/#organization"},"potentialAction":[{"@type":"SearchAction","target":{"@type":"EntryPoint","urlTemplate":"https:\/\/eltrabajo.cl\/web\/?s={search_term_string}"},"query-input":{"@type":"PropertyValueSpecification","valueRequired":true,"valueName":"search_term_string"}}],"inLanguage":"es-CL"},{"@type":"Organization","@id":"https:\/\/eltrabajo.cl\/web\/#organization","name":"Diario El Trabajo","url":"https:\/\/eltrabajo.cl\/web\/","logo":{"@type":"ImageObject","inLanguage":"es-CL","@id":"https:\/\/eltrabajo.cl\/web\/#\/schema\/logo\/image\/","url":"https:\/\/eltrabajo.cl\/web\/wp-content\/uploads\/2024\/06\/profile-image-ig-page-diarioeltrabajo.jpg","contentUrl":"https:\/\/eltrabajo.cl\/web\/wp-content\/uploads\/2024\/06\/profile-image-ig-page-diarioeltrabajo.jpg","width":823,"height":823,"caption":"Diario El Trabajo"},"image":{"@id":"https:\/\/eltrabajo.cl\/web\/#\/schema\/logo\/image\/"},"sameAs":["https:\/\/www.facebook.com\/ElTrabajoDiario","https:\/\/x.com\/diarioeltrabajo"]},{"@type":"Person","@id":"https:\/\/eltrabajo.cl\/web\/#\/schema\/person\/45efd3d17f86ec456e44dd7debe1bf19","name":"Diario El Trabajo","image":{"@type":"ImageObject","inLanguage":"es-CL","@id":"https:\/\/secure.gravatar.com\/avatar\/7e6ec277dc4aea2677c2dc301d4227957219329c985ab69a3efc12518b5161aa?s=96&d=mm&r=g","url":"https:\/\/secure.gravatar.com\/avatar\/7e6ec277dc4aea2677c2dc301d4227957219329c985ab69a3efc12518b5161aa?s=96&d=mm&r=g","contentUrl":"https:\/\/secure.gravatar.com\/avatar\/7e6ec277dc4aea2677c2dc301d4227957219329c985ab69a3efc12518b5161aa?s=96&d=mm&r=g","caption":"Diario El Trabajo"},"sameAs":["https:\/\/eltrabajo.cl\/web"],"url":"https:\/\/eltrabajo.cl\/web\/author\/diario-el-trabajo\/"}]}},"_links":{"self":[{"href":"https:\/\/eltrabajo.cl\/web\/wp-json\/wp\/v2\/posts\/135560","targetHints":{"allow":["GET"]}}],"collection":[{"href":"https:\/\/eltrabajo.cl\/web\/wp-json\/wp\/v2\/posts"}],"about":[{"href":"https:\/\/eltrabajo.cl\/web\/wp-json\/wp\/v2\/types\/post"}],"author":[{"embeddable":true,"href":"https:\/\/eltrabajo.cl\/web\/wp-json\/wp\/v2\/users\/1"}],"replies":[{"embeddable":true,"href":"https:\/\/eltrabajo.cl\/web\/wp-json\/wp\/v2\/comments?post=135560"}],"version-history":[{"count":1,"href":"https:\/\/eltrabajo.cl\/web\/wp-json\/wp\/v2\/posts\/135560\/revisions"}],"predecessor-version":[{"id":135562,"href":"https:\/\/eltrabajo.cl\/web\/wp-json\/wp\/v2\/posts\/135560\/revisions\/135562"}],"wp:featuredmedia":[{"embeddable":true,"href":"https:\/\/eltrabajo.cl\/web\/wp-json\/wp\/v2\/media\/135561"}],"wp:attachment":[{"href":"https:\/\/eltrabajo.cl\/web\/wp-json\/wp\/v2\/media?parent=135560"}],"wp:term":[{"taxonomy":"category","embeddable":true,"href":"https:\/\/eltrabajo.cl\/web\/wp-json\/wp\/v2\/categories?post=135560"},{"taxonomy":"post_tag","embeddable":true,"href":"https:\/\/eltrabajo.cl\/web\/wp-json\/wp\/v2\/tags?post=135560"}],"curies":[{"name":"wp","href":"https:\/\/api.w.org\/{rel}","templated":true}]}}