{"id":135574,"date":"2025-03-09T21:15:07","date_gmt":"2025-03-10T00:15:07","guid":{"rendered":"https:\/\/eltrabajo.cl\/web\/?p=135574"},"modified":"2025-03-09T20:32:20","modified_gmt":"2025-03-09T23:32:20","slug":"por-fin-tapan-enormes-baches-en-calle-el-sauzal-de-san-rafael","status":"publish","type":"post","link":"https:\/\/eltrabajo.cl\/web\/por-fin-tapan-enormes-baches-en-calle-el-sauzal-de-san-rafael\/","title":{"rendered":"Por fin tapan enormes baches en Calle El Sauzal de San Rafael"},"content":{"rendered":"<p>Hay que reconocer que cuando las autoridades se preocupan, se nota. Decimos esto porque gracias a que un vecino visibiliz\u00f3 a trav\u00e9s de <strong>Diario El Trabajo<\/strong> un problema que le afectaba, desde la Municipalidad de San Felipe acuden r\u00e1pidamente a solucionar dicho problema.<\/p>\n<p>Hace unos d\u00edas publicamos una nota sobre un accidente de tr\u00e1nsito en Salinas casi esquina Carlos Condell, donde un veh\u00edculo se estrell\u00f3 contra un \u00e1rbol, derribando los cables del tendido el\u00e9ctrico y dem\u00e1s empresas de servicios como TV cable, internet y telefon\u00eda, quedando el \u00e1rbol ca\u00eddo y numerosas ramas en la vereda, impidiendo el desplazamiento de transe\u00fantes. Inmediatamente el municipio concurri\u00f3 a solucionar el problema.<\/p>\n<p>Otro caso reciente es de Calle El Sauzal en San Rafael, un sector que luce bastante abandonado y que siempre es visitado por candidatos en \u00e9poca de elecciones para conseguir el voto. De hecho, a\u00fan no cuentan con agua potable en Calle Los \u00c1vilas.<\/p>\n<p>Pues bien, tras publicaciones en Diario El Trabajo, la autoridad reaccion\u00f3 porque desde ese lugar nos llegaron buenas noticias que estaban comenzando a tapar los baches que dimos a conocer recientemente.<\/p>\n<p>Hay que reconocer que gracias a la presi\u00f3n del vecino <strong>Braulio Jorquera Berr\u00edos<\/strong>, a trav\u00e9s de los medios de comunicaci\u00f3n, se pudo tramitar <em>\u00abm\u00e1s r\u00e1pido el tema de los hoyos en Calle El Sauzal\u00bb,<\/em>\u00a0 frase que viene como anillo al dedo porque fue \u00e9l quien se comunic\u00f3 con medios de comunicaci\u00f3n para visibilizar este problema. Luego aparecieron m\u00e1s, como la corta de ramas, la falta de agua potable en algunos sectores en Calle Los \u00c1vilas, algo que la propia alcaldesa se comprometi\u00f3 a llevar a ese sector.<\/p>\n<p>&nbsp;<\/p>\n<p><span style=\"color: #ff0000;\">DAN GRACIAS A DIOS<\/span><\/p>\n<p>\u00ab<em>Gracias a Dios hoy <\/em>(jueves)<em> se termin\u00f3 con el asfalto en toda la calle principal de El Sauzal y ahora mismo los vecinos conmigo vamos hacer una reuni\u00f3n para juntar firmas y exigir lomos de toro, porque claro, ahora que est\u00e1 buena la calle, obviamente que los autos van a empezar a subir la velocidad\u00bb,<\/em> indica el vecino Braulio Jorquera.<\/p>\n<p>Tambi\u00e9n nos inform\u00f3 que comenzaron a desmalezar a la orilla del Canal en El Sauzal.<\/p>\n<figure id=\"attachment_135575\" aria-describedby=\"caption-attachment-135575\" style=\"width: 700px\" class=\"wp-caption alignnone\"><img loading=\"lazy\" decoding=\"async\" class=\"size-full wp-image-135575\" src=\"http:\/\/eltrabajo.cl\/web\/wp-content\/uploads\/2025\/03\/Hoyos-1.jpg\" alt=\"Una parte de los hoyos tapados.\" width=\"700\" height=\"525\" srcset=\"https:\/\/eltrabajo.cl\/web\/wp-content\/uploads\/2025\/03\/Hoyos-1.jpg 700w, https:\/\/eltrabajo.cl\/web\/wp-content\/uploads\/2025\/03\/Hoyos-1-300x225.jpg 300w, https:\/\/eltrabajo.cl\/web\/wp-content\/uploads\/2025\/03\/Hoyos-1-560x420.jpg 560w, https:\/\/eltrabajo.cl\/web\/wp-content\/uploads\/2025\/03\/Hoyos-1-80x60.jpg 80w, https:\/\/eltrabajo.cl\/web\/wp-content\/uploads\/2025\/03\/Hoyos-1-150x113.jpg 150w, https:\/\/eltrabajo.cl\/web\/wp-content\/uploads\/2025\/03\/Hoyos-1-696x522.jpg 696w\" sizes=\"auto, (max-width: 700px) 100vw, 700px\" \/><figcaption id=\"caption-attachment-135575\" class=\"wp-caption-text\">Una parte de los hoyos tapados.<\/figcaption><\/figure>\n<figure id=\"attachment_135576\" aria-describedby=\"caption-attachment-135576\" style=\"width: 700px\" class=\"wp-caption alignnone\"><img loading=\"lazy\" decoding=\"async\" class=\"size-full wp-image-135576\" src=\"http:\/\/eltrabajo.cl\/web\/wp-content\/uploads\/2025\/03\/Hoyos-3.jpg\" alt=\"M\u00e1s eventos solucionados en Calle El Sauzal.\" width=\"700\" height=\"525\" srcset=\"https:\/\/eltrabajo.cl\/web\/wp-content\/uploads\/2025\/03\/Hoyos-3.jpg 700w, https:\/\/eltrabajo.cl\/web\/wp-content\/uploads\/2025\/03\/Hoyos-3-300x225.jpg 300w, https:\/\/eltrabajo.cl\/web\/wp-content\/uploads\/2025\/03\/Hoyos-3-560x420.jpg 560w, https:\/\/eltrabajo.cl\/web\/wp-content\/uploads\/2025\/03\/Hoyos-3-80x60.jpg 80w, https:\/\/eltrabajo.cl\/web\/wp-content\/uploads\/2025\/03\/Hoyos-3-150x113.jpg 150w, https:\/\/eltrabajo.cl\/web\/wp-content\/uploads\/2025\/03\/Hoyos-3-696x522.jpg 696w\" sizes=\"auto, (max-width: 700px) 100vw, 700px\" \/><figcaption id=\"caption-attachment-135576\" class=\"wp-caption-text\">M\u00e1s eventos solucionados en Calle El Sauzal.<\/figcaption><\/figure>\n","protected":false},"excerpt":{"rendered":"<p>Hay que reconocer que cuando las autoridades se preocupan, se nota. Decimos esto porque gracias a que un vecino visibiliz\u00f3 a trav\u00e9s de Diario El Trabajo un problema que le afectaba, desde la Municipalidad de San Felipe acuden r\u00e1pidamente a solucionar dicho problema. Hace unos d\u00edas publicamos una nota sobre un accidente de tr\u00e1nsito en [&hellip;]<\/p>\n","protected":false},"author":1,"featured_media":135575,"comment_status":"open","ping_status":"closed","sticky":false,"template":"","format":"standard","meta":{"footnotes":""},"categories":[4],"tags":[],"class_list":{"0":"post-135574","1":"post","2":"type-post","3":"status-publish","4":"format-standard","5":"has-post-thumbnail","7":"category-comunidad"},"yoast_head":"<!-- This site is optimized with the Yoast SEO plugin v27.5 - https:\/\/yoast.com\/product\/yoast-seo-wordpress\/ -->\n<title>Por fin tapan enormes baches en Calle El Sauzal de San Rafael - Diario El Trabajo<\/title>\n<meta name=\"robots\" content=\"index, follow, max-snippet:-1, max-image-preview:large, max-video-preview:-1\" \/>\n<link rel=\"canonical\" href=\"https:\/\/eltrabajo.cl\/web\/por-fin-tapan-enormes-baches-en-calle-el-sauzal-de-san-rafael\/\" \/>\n<meta property=\"og:locale\" content=\"es_ES\" \/>\n<meta property=\"og:type\" content=\"article\" \/>\n<meta property=\"og:title\" content=\"Por fin tapan enormes baches en Calle El Sauzal de San Rafael - Diario El Trabajo\" \/>\n<meta property=\"og:description\" content=\"Hay que reconocer que cuando las autoridades se preocupan, se nota. Decimos esto porque gracias a que un vecino visibiliz\u00f3 a trav\u00e9s de Diario El Trabajo un problema que le afectaba, desde la Municipalidad de San Felipe acuden r\u00e1pidamente a solucionar dicho problema. Hace unos d\u00edas publicamos una nota sobre un accidente de tr\u00e1nsito en [&hellip;]\" \/>\n<meta property=\"og:url\" content=\"https:\/\/eltrabajo.cl\/web\/por-fin-tapan-enormes-baches-en-calle-el-sauzal-de-san-rafael\/\" \/>\n<meta property=\"og:site_name\" content=\"Diario El Trabajo\" \/>\n<meta property=\"article:publisher\" content=\"https:\/\/www.facebook.com\/ElTrabajoDiario\" \/>\n<meta property=\"article:published_time\" content=\"2025-03-10T00:15:07+00:00\" \/>\n<meta property=\"og:image\" content=\"https:\/\/eltrabajo.cl\/web\/wp-content\/uploads\/2025\/03\/Hoyos-1.jpg\" \/>\n\t<meta property=\"og:image:width\" content=\"700\" \/>\n\t<meta property=\"og:image:height\" content=\"525\" \/>\n\t<meta property=\"og:image:type\" content=\"image\/jpeg\" \/>\n<meta name=\"author\" content=\"Diario El Trabajo\" \/>\n<meta name=\"twitter:card\" content=\"summary_large_image\" \/>\n<meta name=\"twitter:creator\" content=\"@diarioeltrabajo\" \/>\n<meta name=\"twitter:site\" content=\"@diarioeltrabajo\" \/>\n<meta name=\"twitter:label1\" content=\"Escrito por\" \/>\n\t<meta name=\"twitter:data1\" content=\"Diario El Trabajo\" \/>\n\t<meta name=\"twitter:label2\" content=\"Tiempo estimado de lectura\" \/>\n\t<meta name=\"twitter:data2\" content=\"3 minutos\" \/>\n<script type=\"application\/ld+json\" class=\"yoast-schema-graph\">{\"@context\":\"https:\\\/\\\/schema.org\",\"@graph\":[{\"@type\":\"Article\",\"@id\":\"https:\\\/\\\/eltrabajo.cl\\\/web\\\/por-fin-tapan-enormes-baches-en-calle-el-sauzal-de-san-rafael\\\/#article\",\"isPartOf\":{\"@id\":\"https:\\\/\\\/eltrabajo.cl\\\/web\\\/por-fin-tapan-enormes-baches-en-calle-el-sauzal-de-san-rafael\\\/\"},\"author\":{\"name\":\"Diario El Trabajo\",\"@id\":\"https:\\\/\\\/eltrabajo.cl\\\/web\\\/#\\\/schema\\\/person\\\/45efd3d17f86ec456e44dd7debe1bf19\"},\"headline\":\"Por fin tapan enormes baches en Calle El Sauzal de San Rafael\",\"datePublished\":\"2025-03-10T00:15:07+00:00\",\"mainEntityOfPage\":{\"@id\":\"https:\\\/\\\/eltrabajo.cl\\\/web\\\/por-fin-tapan-enormes-baches-en-calle-el-sauzal-de-san-rafael\\\/\"},\"wordCount\":411,\"commentCount\":0,\"publisher\":{\"@id\":\"https:\\\/\\\/eltrabajo.cl\\\/web\\\/#organization\"},\"image\":{\"@id\":\"https:\\\/\\\/eltrabajo.cl\\\/web\\\/por-fin-tapan-enormes-baches-en-calle-el-sauzal-de-san-rafael\\\/#primaryimage\"},\"thumbnailUrl\":\"https:\\\/\\\/eltrabajo.cl\\\/web\\\/wp-content\\\/uploads\\\/2025\\\/03\\\/Hoyos-1.jpg\",\"articleSection\":[\"Comunidad\"],\"inLanguage\":\"es-CL\",\"potentialAction\":[{\"@type\":\"CommentAction\",\"name\":\"Comment\",\"target\":[\"https:\\\/\\\/eltrabajo.cl\\\/web\\\/por-fin-tapan-enormes-baches-en-calle-el-sauzal-de-san-rafael\\\/#respond\"]}]},{\"@type\":\"WebPage\",\"@id\":\"https:\\\/\\\/eltrabajo.cl\\\/web\\\/por-fin-tapan-enormes-baches-en-calle-el-sauzal-de-san-rafael\\\/\",\"url\":\"https:\\\/\\\/eltrabajo.cl\\\/web\\\/por-fin-tapan-enormes-baches-en-calle-el-sauzal-de-san-rafael\\\/\",\"name\":\"Por fin tapan enormes baches en Calle El Sauzal de San Rafael - Diario El Trabajo\",\"isPartOf\":{\"@id\":\"https:\\\/\\\/eltrabajo.cl\\\/web\\\/#website\"},\"primaryImageOfPage\":{\"@id\":\"https:\\\/\\\/eltrabajo.cl\\\/web\\\/por-fin-tapan-enormes-baches-en-calle-el-sauzal-de-san-rafael\\\/#primaryimage\"},\"image\":{\"@id\":\"https:\\\/\\\/eltrabajo.cl\\\/web\\\/por-fin-tapan-enormes-baches-en-calle-el-sauzal-de-san-rafael\\\/#primaryimage\"},\"thumbnailUrl\":\"https:\\\/\\\/eltrabajo.cl\\\/web\\\/wp-content\\\/uploads\\\/2025\\\/03\\\/Hoyos-1.jpg\",\"datePublished\":\"2025-03-10T00:15:07+00:00\",\"breadcrumb\":{\"@id\":\"https:\\\/\\\/eltrabajo.cl\\\/web\\\/por-fin-tapan-enormes-baches-en-calle-el-sauzal-de-san-rafael\\\/#breadcrumb\"},\"inLanguage\":\"es-CL\",\"potentialAction\":[{\"@type\":\"ReadAction\",\"target\":[\"https:\\\/\\\/eltrabajo.cl\\\/web\\\/por-fin-tapan-enormes-baches-en-calle-el-sauzal-de-san-rafael\\\/\"]}]},{\"@type\":\"ImageObject\",\"inLanguage\":\"es-CL\",\"@id\":\"https:\\\/\\\/eltrabajo.cl\\\/web\\\/por-fin-tapan-enormes-baches-en-calle-el-sauzal-de-san-rafael\\\/#primaryimage\",\"url\":\"https:\\\/\\\/eltrabajo.cl\\\/web\\\/wp-content\\\/uploads\\\/2025\\\/03\\\/Hoyos-1.jpg\",\"contentUrl\":\"https:\\\/\\\/eltrabajo.cl\\\/web\\\/wp-content\\\/uploads\\\/2025\\\/03\\\/Hoyos-1.jpg\",\"width\":700,\"height\":525,\"caption\":\"Una parte de los hoyos tapados.\"},{\"@type\":\"BreadcrumbList\",\"@id\":\"https:\\\/\\\/eltrabajo.cl\\\/web\\\/por-fin-tapan-enormes-baches-en-calle-el-sauzal-de-san-rafael\\\/#breadcrumb\",\"itemListElement\":[{\"@type\":\"ListItem\",\"position\":1,\"name\":\"Portada\",\"item\":\"https:\\\/\\\/eltrabajo.cl\\\/web\\\/\"},{\"@type\":\"ListItem\",\"position\":2,\"name\":\"Por fin tapan enormes baches en Calle El Sauzal de San Rafael\"}]},{\"@type\":\"WebSite\",\"@id\":\"https:\\\/\\\/eltrabajo.cl\\\/web\\\/#website\",\"url\":\"https:\\\/\\\/eltrabajo.cl\\\/web\\\/\",\"name\":\"Diario El Trabajo\",\"description\":\"Desde 1929 construyendo Identidad Local\",\"publisher\":{\"@id\":\"https:\\\/\\\/eltrabajo.cl\\\/web\\\/#organization\"},\"potentialAction\":[{\"@type\":\"SearchAction\",\"target\":{\"@type\":\"EntryPoint\",\"urlTemplate\":\"https:\\\/\\\/eltrabajo.cl\\\/web\\\/?s={search_term_string}\"},\"query-input\":{\"@type\":\"PropertyValueSpecification\",\"valueRequired\":true,\"valueName\":\"search_term_string\"}}],\"inLanguage\":\"es-CL\"},{\"@type\":\"Organization\",\"@id\":\"https:\\\/\\\/eltrabajo.cl\\\/web\\\/#organization\",\"name\":\"Diario El Trabajo\",\"url\":\"https:\\\/\\\/eltrabajo.cl\\\/web\\\/\",\"logo\":{\"@type\":\"ImageObject\",\"inLanguage\":\"es-CL\",\"@id\":\"https:\\\/\\\/eltrabajo.cl\\\/web\\\/#\\\/schema\\\/logo\\\/image\\\/\",\"url\":\"https:\\\/\\\/eltrabajo.cl\\\/web\\\/wp-content\\\/uploads\\\/2024\\\/06\\\/profile-image-ig-page-diarioeltrabajo.jpg\",\"contentUrl\":\"https:\\\/\\\/eltrabajo.cl\\\/web\\\/wp-content\\\/uploads\\\/2024\\\/06\\\/profile-image-ig-page-diarioeltrabajo.jpg\",\"width\":823,\"height\":823,\"caption\":\"Diario El Trabajo\"},\"image\":{\"@id\":\"https:\\\/\\\/eltrabajo.cl\\\/web\\\/#\\\/schema\\\/logo\\\/image\\\/\"},\"sameAs\":[\"https:\\\/\\\/www.facebook.com\\\/ElTrabajoDiario\",\"https:\\\/\\\/x.com\\\/diarioeltrabajo\"]},{\"@type\":\"Person\",\"@id\":\"https:\\\/\\\/eltrabajo.cl\\\/web\\\/#\\\/schema\\\/person\\\/45efd3d17f86ec456e44dd7debe1bf19\",\"name\":\"Diario El Trabajo\",\"image\":{\"@type\":\"ImageObject\",\"inLanguage\":\"es-CL\",\"@id\":\"https:\\\/\\\/secure.gravatar.com\\\/avatar\\\/7e6ec277dc4aea2677c2dc301d4227957219329c985ab69a3efc12518b5161aa?s=96&d=mm&r=g\",\"url\":\"https:\\\/\\\/secure.gravatar.com\\\/avatar\\\/7e6ec277dc4aea2677c2dc301d4227957219329c985ab69a3efc12518b5161aa?s=96&d=mm&r=g\",\"contentUrl\":\"https:\\\/\\\/secure.gravatar.com\\\/avatar\\\/7e6ec277dc4aea2677c2dc301d4227957219329c985ab69a3efc12518b5161aa?s=96&d=mm&r=g\",\"caption\":\"Diario El Trabajo\"},\"sameAs\":[\"https:\\\/\\\/eltrabajo.cl\\\/web\"],\"url\":\"https:\\\/\\\/eltrabajo.cl\\\/web\\\/author\\\/diario-el-trabajo\\\/\"}]}<\/script>\n<!-- \/ Yoast SEO plugin. -->","yoast_head_json":{"title":"Por fin tapan enormes baches en Calle El Sauzal de San Rafael - Diario El Trabajo","robots":{"index":"index","follow":"follow","max-snippet":"max-snippet:-1","max-image-preview":"max-image-preview:large","max-video-preview":"max-video-preview:-1"},"canonical":"https:\/\/eltrabajo.cl\/web\/por-fin-tapan-enormes-baches-en-calle-el-sauzal-de-san-rafael\/","og_locale":"es_ES","og_type":"article","og_title":"Por fin tapan enormes baches en Calle El Sauzal de San Rafael - Diario El Trabajo","og_description":"Hay que reconocer que cuando las autoridades se preocupan, se nota. Decimos esto porque gracias a que un vecino visibiliz\u00f3 a trav\u00e9s de Diario El Trabajo un problema que le afectaba, desde la Municipalidad de San Felipe acuden r\u00e1pidamente a solucionar dicho problema. Hace unos d\u00edas publicamos una nota sobre un accidente de tr\u00e1nsito en [&hellip;]","og_url":"https:\/\/eltrabajo.cl\/web\/por-fin-tapan-enormes-baches-en-calle-el-sauzal-de-san-rafael\/","og_site_name":"Diario El Trabajo","article_publisher":"https:\/\/www.facebook.com\/ElTrabajoDiario","article_published_time":"2025-03-10T00:15:07+00:00","og_image":[{"width":700,"height":525,"url":"https:\/\/eltrabajo.cl\/web\/wp-content\/uploads\/2025\/03\/Hoyos-1.jpg","type":"image\/jpeg"}],"author":"Diario El Trabajo","twitter_card":"summary_large_image","twitter_creator":"@diarioeltrabajo","twitter_site":"@diarioeltrabajo","twitter_misc":{"Escrito por":"Diario El Trabajo","Tiempo estimado de lectura":"3 minutos"},"schema":{"@context":"https:\/\/schema.org","@graph":[{"@type":"Article","@id":"https:\/\/eltrabajo.cl\/web\/por-fin-tapan-enormes-baches-en-calle-el-sauzal-de-san-rafael\/#article","isPartOf":{"@id":"https:\/\/eltrabajo.cl\/web\/por-fin-tapan-enormes-baches-en-calle-el-sauzal-de-san-rafael\/"},"author":{"name":"Diario El Trabajo","@id":"https:\/\/eltrabajo.cl\/web\/#\/schema\/person\/45efd3d17f86ec456e44dd7debe1bf19"},"headline":"Por fin tapan enormes baches en Calle El Sauzal de San Rafael","datePublished":"2025-03-10T00:15:07+00:00","mainEntityOfPage":{"@id":"https:\/\/eltrabajo.cl\/web\/por-fin-tapan-enormes-baches-en-calle-el-sauzal-de-san-rafael\/"},"wordCount":411,"commentCount":0,"publisher":{"@id":"https:\/\/eltrabajo.cl\/web\/#organization"},"image":{"@id":"https:\/\/eltrabajo.cl\/web\/por-fin-tapan-enormes-baches-en-calle-el-sauzal-de-san-rafael\/#primaryimage"},"thumbnailUrl":"https:\/\/eltrabajo.cl\/web\/wp-content\/uploads\/2025\/03\/Hoyos-1.jpg","articleSection":["Comunidad"],"inLanguage":"es-CL","potentialAction":[{"@type":"CommentAction","name":"Comment","target":["https:\/\/eltrabajo.cl\/web\/por-fin-tapan-enormes-baches-en-calle-el-sauzal-de-san-rafael\/#respond"]}]},{"@type":"WebPage","@id":"https:\/\/eltrabajo.cl\/web\/por-fin-tapan-enormes-baches-en-calle-el-sauzal-de-san-rafael\/","url":"https:\/\/eltrabajo.cl\/web\/por-fin-tapan-enormes-baches-en-calle-el-sauzal-de-san-rafael\/","name":"Por fin tapan enormes baches en Calle El Sauzal de San Rafael - Diario El Trabajo","isPartOf":{"@id":"https:\/\/eltrabajo.cl\/web\/#website"},"primaryImageOfPage":{"@id":"https:\/\/eltrabajo.cl\/web\/por-fin-tapan-enormes-baches-en-calle-el-sauzal-de-san-rafael\/#primaryimage"},"image":{"@id":"https:\/\/eltrabajo.cl\/web\/por-fin-tapan-enormes-baches-en-calle-el-sauzal-de-san-rafael\/#primaryimage"},"thumbnailUrl":"https:\/\/eltrabajo.cl\/web\/wp-content\/uploads\/2025\/03\/Hoyos-1.jpg","datePublished":"2025-03-10T00:15:07+00:00","breadcrumb":{"@id":"https:\/\/eltrabajo.cl\/web\/por-fin-tapan-enormes-baches-en-calle-el-sauzal-de-san-rafael\/#breadcrumb"},"inLanguage":"es-CL","potentialAction":[{"@type":"ReadAction","target":["https:\/\/eltrabajo.cl\/web\/por-fin-tapan-enormes-baches-en-calle-el-sauzal-de-san-rafael\/"]}]},{"@type":"ImageObject","inLanguage":"es-CL","@id":"https:\/\/eltrabajo.cl\/web\/por-fin-tapan-enormes-baches-en-calle-el-sauzal-de-san-rafael\/#primaryimage","url":"https:\/\/eltrabajo.cl\/web\/wp-content\/uploads\/2025\/03\/Hoyos-1.jpg","contentUrl":"https:\/\/eltrabajo.cl\/web\/wp-content\/uploads\/2025\/03\/Hoyos-1.jpg","width":700,"height":525,"caption":"Una parte de los hoyos tapados."},{"@type":"BreadcrumbList","@id":"https:\/\/eltrabajo.cl\/web\/por-fin-tapan-enormes-baches-en-calle-el-sauzal-de-san-rafael\/#breadcrumb","itemListElement":[{"@type":"ListItem","position":1,"name":"Portada","item":"https:\/\/eltrabajo.cl\/web\/"},{"@type":"ListItem","position":2,"name":"Por fin tapan enormes baches en Calle El Sauzal de San Rafael"}]},{"@type":"WebSite","@id":"https:\/\/eltrabajo.cl\/web\/#website","url":"https:\/\/eltrabajo.cl\/web\/","name":"Diario El Trabajo","description":"Desde 1929 construyendo Identidad Local","publisher":{"@id":"https:\/\/eltrabajo.cl\/web\/#organization"},"potentialAction":[{"@type":"SearchAction","target":{"@type":"EntryPoint","urlTemplate":"https:\/\/eltrabajo.cl\/web\/?s={search_term_string}"},"query-input":{"@type":"PropertyValueSpecification","valueRequired":true,"valueName":"search_term_string"}}],"inLanguage":"es-CL"},{"@type":"Organization","@id":"https:\/\/eltrabajo.cl\/web\/#organization","name":"Diario El Trabajo","url":"https:\/\/eltrabajo.cl\/web\/","logo":{"@type":"ImageObject","inLanguage":"es-CL","@id":"https:\/\/eltrabajo.cl\/web\/#\/schema\/logo\/image\/","url":"https:\/\/eltrabajo.cl\/web\/wp-content\/uploads\/2024\/06\/profile-image-ig-page-diarioeltrabajo.jpg","contentUrl":"https:\/\/eltrabajo.cl\/web\/wp-content\/uploads\/2024\/06\/profile-image-ig-page-diarioeltrabajo.jpg","width":823,"height":823,"caption":"Diario El Trabajo"},"image":{"@id":"https:\/\/eltrabajo.cl\/web\/#\/schema\/logo\/image\/"},"sameAs":["https:\/\/www.facebook.com\/ElTrabajoDiario","https:\/\/x.com\/diarioeltrabajo"]},{"@type":"Person","@id":"https:\/\/eltrabajo.cl\/web\/#\/schema\/person\/45efd3d17f86ec456e44dd7debe1bf19","name":"Diario El Trabajo","image":{"@type":"ImageObject","inLanguage":"es-CL","@id":"https:\/\/secure.gravatar.com\/avatar\/7e6ec277dc4aea2677c2dc301d4227957219329c985ab69a3efc12518b5161aa?s=96&d=mm&r=g","url":"https:\/\/secure.gravatar.com\/avatar\/7e6ec277dc4aea2677c2dc301d4227957219329c985ab69a3efc12518b5161aa?s=96&d=mm&r=g","contentUrl":"https:\/\/secure.gravatar.com\/avatar\/7e6ec277dc4aea2677c2dc301d4227957219329c985ab69a3efc12518b5161aa?s=96&d=mm&r=g","caption":"Diario El Trabajo"},"sameAs":["https:\/\/eltrabajo.cl\/web"],"url":"https:\/\/eltrabajo.cl\/web\/author\/diario-el-trabajo\/"}]}},"_links":{"self":[{"href":"https:\/\/eltrabajo.cl\/web\/wp-json\/wp\/v2\/posts\/135574","targetHints":{"allow":["GET"]}}],"collection":[{"href":"https:\/\/eltrabajo.cl\/web\/wp-json\/wp\/v2\/posts"}],"about":[{"href":"https:\/\/eltrabajo.cl\/web\/wp-json\/wp\/v2\/types\/post"}],"author":[{"embeddable":true,"href":"https:\/\/eltrabajo.cl\/web\/wp-json\/wp\/v2\/users\/1"}],"replies":[{"embeddable":true,"href":"https:\/\/eltrabajo.cl\/web\/wp-json\/wp\/v2\/comments?post=135574"}],"version-history":[{"count":1,"href":"https:\/\/eltrabajo.cl\/web\/wp-json\/wp\/v2\/posts\/135574\/revisions"}],"predecessor-version":[{"id":135577,"href":"https:\/\/eltrabajo.cl\/web\/wp-json\/wp\/v2\/posts\/135574\/revisions\/135577"}],"wp:featuredmedia":[{"embeddable":true,"href":"https:\/\/eltrabajo.cl\/web\/wp-json\/wp\/v2\/media\/135575"}],"wp:attachment":[{"href":"https:\/\/eltrabajo.cl\/web\/wp-json\/wp\/v2\/media?parent=135574"}],"wp:term":[{"taxonomy":"category","embeddable":true,"href":"https:\/\/eltrabajo.cl\/web\/wp-json\/wp\/v2\/categories?post=135574"},{"taxonomy":"post_tag","embeddable":true,"href":"https:\/\/eltrabajo.cl\/web\/wp-json\/wp\/v2\/tags?post=135574"}],"curies":[{"name":"wp","href":"https:\/\/api.w.org\/{rel}","templated":true}]}}