{"id":135631,"date":"2025-03-11T20:40:50","date_gmt":"2025-03-11T23:40:50","guid":{"rendered":"https:\/\/eltrabajo.cl\/web\/?p=135631"},"modified":"2025-03-11T20:40:50","modified_gmt":"2025-03-11T23:40:50","slug":"paro-nacional-de-salud-municipal-cesfam-segismundo-iturra-trabaja-practicamente-con-normalidad","status":"publish","type":"post","link":"https:\/\/eltrabajo.cl\/web\/paro-nacional-de-salud-municipal-cesfam-segismundo-iturra-trabaja-practicamente-con-normalidad\/","title":{"rendered":"Paro nacional de salud municipal: Cesfam Segismundo Iturra trabaja pr\u00e1cticamente con normalidad"},"content":{"rendered":"<ul>\n<li><strong>Desde el gremio aclararon que aumento de sueldo no es parte de su petitorio.-<\/strong><\/li>\n<\/ul>\n<p>Al mediod\u00eda de este martes 11 de marzo, todo fue calma y normalidad en el frontis del Cesfam Dr. Segismundo Iturra Taito, pese al paro nacional en el que se encuentran los funcionarios y que se extender\u00e1 hasta este jueves. As\u00ed lo coment\u00f3 la presidenta de los funcionarios, matrona <strong>Paulina Castro Almendra<\/strong>, quien aclar\u00f3 que un aumento de sueldo no es parte de sus peticiones.<\/p>\n<p>&#8211;<strong> \u00bfQu\u00e9 evaluaci\u00f3n hacen del paro?<\/strong><\/p>\n<p>&#8211; Ha sido bastante tranquilo a nivel local aqu\u00ed en el Cesfam \u2013Dr. Segismundo Iturra Taito-, no hemos tenido ning\u00fan enfrentamiento con pacientes, la mayor\u00eda estaba informada de que \u00edbamos a tener esta movilizaci\u00f3n de tres d\u00edas. Ha habido una alta adhesi\u00f3n a nivel nacional y comunal. De los nueve Cesfam en Aconcagua, ocho se encuentran adheridos a esta movilizaci\u00f3n, as\u00ed es que eso igual nos genera una ayuda que se manifiesta que todos est\u00e1n en paro. De esta manera, la gente evita venir hacer tr\u00e1mites, pasar alg\u00fan mal rato para ellos y que pudiera generar conflicto.<\/p>\n<p>Explica que el Cesfam que no est\u00e1 movilizado es de la comuna de Catemu y desconocen los motivos. En el caso del Cesfam Segismundo Iturra, de los 155 funcionarios que son en total, alrededor del 70% estuvo a favor de realizar esta movilizaci\u00f3n.<\/p>\n<p>&nbsp;<\/p>\n<p><strong>LOS MOTIVOS DE LA MOVILIZACI\u00d3N<\/strong><\/p>\n<p>Los motivos de este paro comienzan con el retardo en el traspaso de los fondos -per c\u00e1pita- respecto a las fechas, recursos que adem\u00e1s estar\u00edan incompletos. <em>\u00abPasa como un 70, 80% y despu\u00e9s el resto de los dineros<\/em> (al Cesfam desde el Minsal)<em>, lo que complica considerablemente la gesti\u00f3n administrativa, el funcionamiento del mismo, pagos de sueldos, a proveedores la compra de insumos, medicamentos y tambi\u00e9n a nivel personal, porque no es el caso de San Felipe, pero s\u00ed muchas municipalidades a nivel nacional tienen que pagar un porcentaje del sueldo y despu\u00e9s completar con el dinero que llega. Cualquier econom\u00eda familiar que est\u00e1 esperando el pago de su sueldo, no funciona\u00bb<\/em>, se\u00f1al\u00f3.<\/p>\n<p>&nbsp;<\/p>\n<p><strong>SEGURIDAD<\/strong><\/p>\n<p>El segundo motivo tiene que ver con la seguridad del personal, <em>\u00abhoy viene siendo pan de cada d\u00eda ver en los medios de comunicaci\u00f3n agresiones hacia el personal de salud o a los mismos centros. Nosotros, a nivel de Aconcagua el Segismundo Iturra, lamentablemente tiene el r\u00e9cord de mayor cantidad de agresiones hacia sus\u00a0 funcionarios; normalmente, la mayor\u00eda son verbales, pero no dejan de ser f\u00edsicas e incluso de car\u00e1cter sexual. Es bastante complicada la situaci\u00f3n, y ha habido compromisos con el nivel central de gobierno para mejorar este tema de la seguridad, pero no se han visto resultados, ni siquiera se cumplen los compromisos a los que se llega para poder dar soluci\u00f3n al tema de la violencia\u00bb<\/em>, coment\u00f3 Castro.<\/p>\n<p>&nbsp;<\/p>\n<p><strong>INCENTIVO AL RETIRO<\/strong><\/p>\n<p>La tercera raz\u00f3n de esta movilizaci\u00f3n de car\u00e1cter nacional, tiene que ver con algo que se viene arrastrando hace tiempo y es el incentivo al retiro. <em>\u00abNo llegan los dineros para nuestros compa\u00f1eros que tienen la edad para jubilarse, ac\u00e1 nosotros tenemos funcionarios esperando desde el 2023 que le digan \u2018oiga, te toca, aqu\u00ed est\u00e1 t\u00fa plata\u2019, e incluso, a veces le dicen \u2018saliste beneficiado con el incentivo al retiro, pero tu plata no ha llegado\u2019 y esa se puede demorar de seis meses a un a\u00f1o en llegar. Lo \u00fanico que estamos esperando, es que nuestros compa\u00f1eros que llevan una vida trabajando en la salud p\u00fablica puedan tener su dinero a tiempo, puedan jubilarse cuando ellos lo estimen conveniente\u00bb<\/em>, precis\u00f3 la matrona.<\/p>\n<p>A prop\u00f3sito de esto, en el Cesfam Dr. Segismundo Iturra, hay siete funcionarios en esa condici\u00f3n.<\/p>\n<p>&nbsp;<\/p>\n<p><strong>RECURSOS PER C\u00c1PITA<\/strong><\/p>\n<p>El cuarto y \u00faltimo punto, b\u00e1sicamente tiene que ver con el monto p\u00e9r capita que reciben los recintos de salud. <em>\u00abPara que la gente sepa, es el monto econ\u00f3mico que el Cesfam recibe por cada persona inscrita; hoy est\u00e1 cerca de los $ 11.700, que es exactamente el mismo monto del a\u00f1o pasado, que se congel\u00f3, solo se reajust\u00f3 en el 3 coma y tanto por ciento que dio el reajuste, y no subi\u00f3. Es un poco extra\u00f1o de pensar que el gobierno, quienes son los que deciden estos montos, piensen que el Cesfam va a funcionar de la misma manera que el 2024-2025 con los mismos montos\u00bb<\/em>, enfatiz\u00f3.<\/p>\n<p>&nbsp;<\/p>\n<p><strong>NO PIDEN AUMENTO DE SUELDO<\/strong><\/p>\n<p>Al finalizar, aclara que este paro no es para aumentar sus sueldos, sino que es en beneficio de los propios usuarios, para que se cumplan los procesos que tienen que ver con la entrega oportuna de los recursos para pagar los salarios mensuales, que no haya retraso, mayor seguridad para los funcionarios, que se entreguen los dineros para el personal que ya cumplieron sus a\u00f1os de trabajo y tengan que irse a retiro, el aumento en el per c\u00e1pita, dinero que llega por cada persona inscrita.<\/p>\n<p>&#8211; <strong>\u00bfQu\u00e9 est\u00e1n atendiendo ustedes?<\/strong><\/p>\n<p>&#8211; Nosotros tenemos atenciones diferidas, por dar un ejemplo, yo soy matrona de\u00a0 mis 30 pacientes que veo; se priorizan, nunca se paraliza la atenci\u00f3n al 100% y algo s\u00faper importante, que los usuarios actualicen sus n\u00fameros de tel\u00e9fonos, porque nos pasa que nosotros queremos llamar a un paciente para decirle que su atenci\u00f3n no va a ser priorizada en este paro, pero lo queremos llamar para darle la nueva hora y llamamos a un n\u00famero que no existe, que ya no est\u00e1 funcional o nos dejan n\u00famero falsos y nosotros llamamos a otra persona. Despu\u00e9s, el paciente llega ac\u00e1, le tenemos que informar que no va a ser atendido, se va enojado, nos dice algunos improperios, pero estamos atendiendo con normalidad; vacunas, porque estamos en campa\u00f1a de influenza, entrega de medicamentos, leche y programa de alimentaci\u00f3n, entrega de horas de urgencias m\u00e9dicas y dentales con normalidad, y todos los funcionarios que no son asociados el gremio, tambi\u00e9n est\u00e1n atendiendo con normalidad.<\/p>\n<figure id=\"attachment_135632\" aria-describedby=\"caption-attachment-135632\" style=\"width: 698px\" class=\"wp-caption alignnone\"><img loading=\"lazy\" decoding=\"async\" class=\"size-full wp-image-135632\" src=\"http:\/\/eltrabajo.cl\/web\/wp-content\/uploads\/2025\/03\/paro-salud-municipal-2.jpg\" alt=\"Personas esperan le entreguen sus remedios en Cesfam Doctor Segisumundo Iturra Taito.\" width=\"698\" height=\"394\" srcset=\"https:\/\/eltrabajo.cl\/web\/wp-content\/uploads\/2025\/03\/paro-salud-municipal-2.jpg 698w, https:\/\/eltrabajo.cl\/web\/wp-content\/uploads\/2025\/03\/paro-salud-municipal-2-300x169.jpg 300w, https:\/\/eltrabajo.cl\/web\/wp-content\/uploads\/2025\/03\/paro-salud-municipal-2-150x85.jpg 150w, https:\/\/eltrabajo.cl\/web\/wp-content\/uploads\/2025\/03\/paro-salud-municipal-2-696x393.jpg 696w\" sizes=\"auto, (max-width: 698px) 100vw, 698px\" \/><figcaption id=\"caption-attachment-135632\" class=\"wp-caption-text\">Personas esperan le entreguen sus remedios en Cesfam Doctor Segisumundo Iturra Taito.<\/figcaption><\/figure>\n<figure id=\"attachment_135633\" aria-describedby=\"caption-attachment-135633\" style=\"width: 699px\" class=\"wp-caption alignnone\"><img loading=\"lazy\" decoding=\"async\" class=\"size-full wp-image-135633\" src=\"http:\/\/eltrabajo.cl\/web\/wp-content\/uploads\/2025\/03\/paro-salud-municipal-1-paulina-castro.jpg\" alt=\"Paulina Castro Almendra, matrona, presidente del sindicato de los funcionarios del Cesfam, Doctor Segismundo Iturra Taito.\" width=\"699\" height=\"480\" srcset=\"https:\/\/eltrabajo.cl\/web\/wp-content\/uploads\/2025\/03\/paro-salud-municipal-1-paulina-castro.jpg 699w, https:\/\/eltrabajo.cl\/web\/wp-content\/uploads\/2025\/03\/paro-salud-municipal-1-paulina-castro-300x206.jpg 300w, https:\/\/eltrabajo.cl\/web\/wp-content\/uploads\/2025\/03\/paro-salud-municipal-1-paulina-castro-612x420.jpg 612w, https:\/\/eltrabajo.cl\/web\/wp-content\/uploads\/2025\/03\/paro-salud-municipal-1-paulina-castro-150x103.jpg 150w, https:\/\/eltrabajo.cl\/web\/wp-content\/uploads\/2025\/03\/paro-salud-municipal-1-paulina-castro-218x150.jpg 218w, https:\/\/eltrabajo.cl\/web\/wp-content\/uploads\/2025\/03\/paro-salud-municipal-1-paulina-castro-696x478.jpg 696w\" sizes=\"auto, (max-width: 699px) 100vw, 699px\" \/><figcaption id=\"caption-attachment-135633\" class=\"wp-caption-text\">Paulina Castro Almendra, matrona, presidente del sindicato de los funcionarios del Cesfam, Doctor Segismundo Iturra Taito.<\/figcaption><\/figure>\n","protected":false},"excerpt":{"rendered":"<p>Desde el gremio aclararon que aumento de sueldo no es parte de su petitorio.- Al mediod\u00eda de este martes 11 de marzo, todo fue calma y normalidad en el frontis del Cesfam Dr. Segismundo Iturra Taito, pese al paro nacional en el que se encuentran los funcionarios y que se extender\u00e1 hasta este jueves. As\u00ed [&hellip;]<\/p>\n","protected":false},"author":1,"featured_media":135632,"comment_status":"open","ping_status":"closed","sticky":false,"template":"","format":"standard","meta":{"footnotes":""},"categories":[3],"tags":[],"class_list":{"0":"post-135631","1":"post","2":"type-post","3":"status-publish","4":"format-standard","5":"has-post-thumbnail","7":"category-cronica-2"},"yoast_head":"<!-- This site is optimized with the Yoast SEO plugin v27.4 - https:\/\/yoast.com\/product\/yoast-seo-wordpress\/ -->\n<title>Paro nacional de salud municipal: Cesfam Segismundo Iturra trabaja pr\u00e1cticamente con normalidad - Diario El Trabajo<\/title>\n<meta name=\"robots\" content=\"index, follow, max-snippet:-1, max-image-preview:large, max-video-preview:-1\" \/>\n<link rel=\"canonical\" href=\"https:\/\/eltrabajo.cl\/web\/paro-nacional-de-salud-municipal-cesfam-segismundo-iturra-trabaja-practicamente-con-normalidad\/\" \/>\n<meta property=\"og:locale\" content=\"es_ES\" \/>\n<meta property=\"og:type\" content=\"article\" \/>\n<meta property=\"og:title\" content=\"Paro nacional de salud municipal: Cesfam Segismundo Iturra trabaja pr\u00e1cticamente con normalidad - Diario El Trabajo\" \/>\n<meta property=\"og:description\" content=\"Desde el gremio aclararon que aumento de sueldo no es parte de su petitorio.- Al mediod\u00eda de este martes 11 de marzo, todo fue calma y normalidad en el frontis del Cesfam Dr. Segismundo Iturra Taito, pese al paro nacional en el que se encuentran los funcionarios y que se extender\u00e1 hasta este jueves. As\u00ed [&hellip;]\" \/>\n<meta property=\"og:url\" content=\"https:\/\/eltrabajo.cl\/web\/paro-nacional-de-salud-municipal-cesfam-segismundo-iturra-trabaja-practicamente-con-normalidad\/\" \/>\n<meta property=\"og:site_name\" content=\"Diario El Trabajo\" \/>\n<meta property=\"article:publisher\" content=\"https:\/\/www.facebook.com\/ElTrabajoDiario\" \/>\n<meta property=\"article:published_time\" content=\"2025-03-11T23:40:50+00:00\" \/>\n<meta property=\"og:image\" content=\"https:\/\/eltrabajo.cl\/web\/wp-content\/uploads\/2025\/03\/paro-salud-municipal-2.jpg\" \/>\n\t<meta property=\"og:image:width\" content=\"698\" \/>\n\t<meta property=\"og:image:height\" content=\"394\" \/>\n\t<meta property=\"og:image:type\" content=\"image\/jpeg\" \/>\n<meta name=\"author\" content=\"Diario El Trabajo\" \/>\n<meta name=\"twitter:card\" content=\"summary_large_image\" \/>\n<meta name=\"twitter:creator\" content=\"@diarioeltrabajo\" \/>\n<meta name=\"twitter:site\" content=\"@diarioeltrabajo\" \/>\n<meta name=\"twitter:label1\" content=\"Escrito por\" \/>\n\t<meta name=\"twitter:data1\" content=\"Diario El Trabajo\" \/>\n\t<meta name=\"twitter:label2\" content=\"Tiempo estimado de lectura\" \/>\n\t<meta name=\"twitter:data2\" content=\"6 minutos\" \/>\n<script type=\"application\/ld+json\" class=\"yoast-schema-graph\">{\"@context\":\"https:\\\/\\\/schema.org\",\"@graph\":[{\"@type\":\"Article\",\"@id\":\"https:\\\/\\\/eltrabajo.cl\\\/web\\\/paro-nacional-de-salud-municipal-cesfam-segismundo-iturra-trabaja-practicamente-con-normalidad\\\/#article\",\"isPartOf\":{\"@id\":\"https:\\\/\\\/eltrabajo.cl\\\/web\\\/paro-nacional-de-salud-municipal-cesfam-segismundo-iturra-trabaja-practicamente-con-normalidad\\\/\"},\"author\":{\"name\":\"Diario El Trabajo\",\"@id\":\"https:\\\/\\\/eltrabajo.cl\\\/web\\\/#\\\/schema\\\/person\\\/45efd3d17f86ec456e44dd7debe1bf19\"},\"headline\":\"Paro nacional de salud municipal: Cesfam Segismundo Iturra trabaja pr\u00e1cticamente con normalidad\",\"datePublished\":\"2025-03-11T23:40:50+00:00\",\"mainEntityOfPage\":{\"@id\":\"https:\\\/\\\/eltrabajo.cl\\\/web\\\/paro-nacional-de-salud-municipal-cesfam-segismundo-iturra-trabaja-practicamente-con-normalidad\\\/\"},\"wordCount\":1088,\"commentCount\":0,\"publisher\":{\"@id\":\"https:\\\/\\\/eltrabajo.cl\\\/web\\\/#organization\"},\"image\":{\"@id\":\"https:\\\/\\\/eltrabajo.cl\\\/web\\\/paro-nacional-de-salud-municipal-cesfam-segismundo-iturra-trabaja-practicamente-con-normalidad\\\/#primaryimage\"},\"thumbnailUrl\":\"https:\\\/\\\/eltrabajo.cl\\\/web\\\/wp-content\\\/uploads\\\/2025\\\/03\\\/paro-salud-municipal-2.jpg\",\"articleSection\":[\"Cr\u00f3nica\"],\"inLanguage\":\"es-CL\",\"potentialAction\":[{\"@type\":\"CommentAction\",\"name\":\"Comment\",\"target\":[\"https:\\\/\\\/eltrabajo.cl\\\/web\\\/paro-nacional-de-salud-municipal-cesfam-segismundo-iturra-trabaja-practicamente-con-normalidad\\\/#respond\"]}]},{\"@type\":\"WebPage\",\"@id\":\"https:\\\/\\\/eltrabajo.cl\\\/web\\\/paro-nacional-de-salud-municipal-cesfam-segismundo-iturra-trabaja-practicamente-con-normalidad\\\/\",\"url\":\"https:\\\/\\\/eltrabajo.cl\\\/web\\\/paro-nacional-de-salud-municipal-cesfam-segismundo-iturra-trabaja-practicamente-con-normalidad\\\/\",\"name\":\"Paro nacional de salud municipal: Cesfam Segismundo Iturra trabaja pr\u00e1cticamente con normalidad - Diario El Trabajo\",\"isPartOf\":{\"@id\":\"https:\\\/\\\/eltrabajo.cl\\\/web\\\/#website\"},\"primaryImageOfPage\":{\"@id\":\"https:\\\/\\\/eltrabajo.cl\\\/web\\\/paro-nacional-de-salud-municipal-cesfam-segismundo-iturra-trabaja-practicamente-con-normalidad\\\/#primaryimage\"},\"image\":{\"@id\":\"https:\\\/\\\/eltrabajo.cl\\\/web\\\/paro-nacional-de-salud-municipal-cesfam-segismundo-iturra-trabaja-practicamente-con-normalidad\\\/#primaryimage\"},\"thumbnailUrl\":\"https:\\\/\\\/eltrabajo.cl\\\/web\\\/wp-content\\\/uploads\\\/2025\\\/03\\\/paro-salud-municipal-2.jpg\",\"datePublished\":\"2025-03-11T23:40:50+00:00\",\"breadcrumb\":{\"@id\":\"https:\\\/\\\/eltrabajo.cl\\\/web\\\/paro-nacional-de-salud-municipal-cesfam-segismundo-iturra-trabaja-practicamente-con-normalidad\\\/#breadcrumb\"},\"inLanguage\":\"es-CL\",\"potentialAction\":[{\"@type\":\"ReadAction\",\"target\":[\"https:\\\/\\\/eltrabajo.cl\\\/web\\\/paro-nacional-de-salud-municipal-cesfam-segismundo-iturra-trabaja-practicamente-con-normalidad\\\/\"]}]},{\"@type\":\"ImageObject\",\"inLanguage\":\"es-CL\",\"@id\":\"https:\\\/\\\/eltrabajo.cl\\\/web\\\/paro-nacional-de-salud-municipal-cesfam-segismundo-iturra-trabaja-practicamente-con-normalidad\\\/#primaryimage\",\"url\":\"https:\\\/\\\/eltrabajo.cl\\\/web\\\/wp-content\\\/uploads\\\/2025\\\/03\\\/paro-salud-municipal-2.jpg\",\"contentUrl\":\"https:\\\/\\\/eltrabajo.cl\\\/web\\\/wp-content\\\/uploads\\\/2025\\\/03\\\/paro-salud-municipal-2.jpg\",\"width\":698,\"height\":394,\"caption\":\"Personas esperan le entreguen sus remedios en Cesfam Doctor Segisumundo Iturra Taito.\"},{\"@type\":\"BreadcrumbList\",\"@id\":\"https:\\\/\\\/eltrabajo.cl\\\/web\\\/paro-nacional-de-salud-municipal-cesfam-segismundo-iturra-trabaja-practicamente-con-normalidad\\\/#breadcrumb\",\"itemListElement\":[{\"@type\":\"ListItem\",\"position\":1,\"name\":\"Portada\",\"item\":\"https:\\\/\\\/eltrabajo.cl\\\/web\\\/\"},{\"@type\":\"ListItem\",\"position\":2,\"name\":\"Paro nacional de salud municipal: Cesfam Segismundo Iturra trabaja pr\u00e1cticamente con normalidad\"}]},{\"@type\":\"WebSite\",\"@id\":\"https:\\\/\\\/eltrabajo.cl\\\/web\\\/#website\",\"url\":\"https:\\\/\\\/eltrabajo.cl\\\/web\\\/\",\"name\":\"Diario El Trabajo\",\"description\":\"Desde 1929 construyendo Identidad Local\",\"publisher\":{\"@id\":\"https:\\\/\\\/eltrabajo.cl\\\/web\\\/#organization\"},\"potentialAction\":[{\"@type\":\"SearchAction\",\"target\":{\"@type\":\"EntryPoint\",\"urlTemplate\":\"https:\\\/\\\/eltrabajo.cl\\\/web\\\/?s={search_term_string}\"},\"query-input\":{\"@type\":\"PropertyValueSpecification\",\"valueRequired\":true,\"valueName\":\"search_term_string\"}}],\"inLanguage\":\"es-CL\"},{\"@type\":\"Organization\",\"@id\":\"https:\\\/\\\/eltrabajo.cl\\\/web\\\/#organization\",\"name\":\"Diario El Trabajo\",\"url\":\"https:\\\/\\\/eltrabajo.cl\\\/web\\\/\",\"logo\":{\"@type\":\"ImageObject\",\"inLanguage\":\"es-CL\",\"@id\":\"https:\\\/\\\/eltrabajo.cl\\\/web\\\/#\\\/schema\\\/logo\\\/image\\\/\",\"url\":\"https:\\\/\\\/eltrabajo.cl\\\/web\\\/wp-content\\\/uploads\\\/2024\\\/06\\\/profile-image-ig-page-diarioeltrabajo.jpg\",\"contentUrl\":\"https:\\\/\\\/eltrabajo.cl\\\/web\\\/wp-content\\\/uploads\\\/2024\\\/06\\\/profile-image-ig-page-diarioeltrabajo.jpg\",\"width\":823,\"height\":823,\"caption\":\"Diario El Trabajo\"},\"image\":{\"@id\":\"https:\\\/\\\/eltrabajo.cl\\\/web\\\/#\\\/schema\\\/logo\\\/image\\\/\"},\"sameAs\":[\"https:\\\/\\\/www.facebook.com\\\/ElTrabajoDiario\",\"https:\\\/\\\/x.com\\\/diarioeltrabajo\"]},{\"@type\":\"Person\",\"@id\":\"https:\\\/\\\/eltrabajo.cl\\\/web\\\/#\\\/schema\\\/person\\\/45efd3d17f86ec456e44dd7debe1bf19\",\"name\":\"Diario El Trabajo\",\"image\":{\"@type\":\"ImageObject\",\"inLanguage\":\"es-CL\",\"@id\":\"https:\\\/\\\/secure.gravatar.com\\\/avatar\\\/7e6ec277dc4aea2677c2dc301d4227957219329c985ab69a3efc12518b5161aa?s=96&d=mm&r=g\",\"url\":\"https:\\\/\\\/secure.gravatar.com\\\/avatar\\\/7e6ec277dc4aea2677c2dc301d4227957219329c985ab69a3efc12518b5161aa?s=96&d=mm&r=g\",\"contentUrl\":\"https:\\\/\\\/secure.gravatar.com\\\/avatar\\\/7e6ec277dc4aea2677c2dc301d4227957219329c985ab69a3efc12518b5161aa?s=96&d=mm&r=g\",\"caption\":\"Diario El Trabajo\"},\"sameAs\":[\"https:\\\/\\\/eltrabajo.cl\\\/web\"],\"url\":\"https:\\\/\\\/eltrabajo.cl\\\/web\\\/author\\\/diario-el-trabajo\\\/\"}]}<\/script>\n<!-- \/ Yoast SEO plugin. -->","yoast_head_json":{"title":"Paro nacional de salud municipal: Cesfam Segismundo Iturra trabaja pr\u00e1cticamente con normalidad - Diario El Trabajo","robots":{"index":"index","follow":"follow","max-snippet":"max-snippet:-1","max-image-preview":"max-image-preview:large","max-video-preview":"max-video-preview:-1"},"canonical":"https:\/\/eltrabajo.cl\/web\/paro-nacional-de-salud-municipal-cesfam-segismundo-iturra-trabaja-practicamente-con-normalidad\/","og_locale":"es_ES","og_type":"article","og_title":"Paro nacional de salud municipal: Cesfam Segismundo Iturra trabaja pr\u00e1cticamente con normalidad - Diario El Trabajo","og_description":"Desde el gremio aclararon que aumento de sueldo no es parte de su petitorio.- Al mediod\u00eda de este martes 11 de marzo, todo fue calma y normalidad en el frontis del Cesfam Dr. Segismundo Iturra Taito, pese al paro nacional en el que se encuentran los funcionarios y que se extender\u00e1 hasta este jueves. As\u00ed [&hellip;]","og_url":"https:\/\/eltrabajo.cl\/web\/paro-nacional-de-salud-municipal-cesfam-segismundo-iturra-trabaja-practicamente-con-normalidad\/","og_site_name":"Diario El Trabajo","article_publisher":"https:\/\/www.facebook.com\/ElTrabajoDiario","article_published_time":"2025-03-11T23:40:50+00:00","og_image":[{"width":698,"height":394,"url":"https:\/\/eltrabajo.cl\/web\/wp-content\/uploads\/2025\/03\/paro-salud-municipal-2.jpg","type":"image\/jpeg"}],"author":"Diario El Trabajo","twitter_card":"summary_large_image","twitter_creator":"@diarioeltrabajo","twitter_site":"@diarioeltrabajo","twitter_misc":{"Escrito por":"Diario El Trabajo","Tiempo estimado de lectura":"6 minutos"},"schema":{"@context":"https:\/\/schema.org","@graph":[{"@type":"Article","@id":"https:\/\/eltrabajo.cl\/web\/paro-nacional-de-salud-municipal-cesfam-segismundo-iturra-trabaja-practicamente-con-normalidad\/#article","isPartOf":{"@id":"https:\/\/eltrabajo.cl\/web\/paro-nacional-de-salud-municipal-cesfam-segismundo-iturra-trabaja-practicamente-con-normalidad\/"},"author":{"name":"Diario El Trabajo","@id":"https:\/\/eltrabajo.cl\/web\/#\/schema\/person\/45efd3d17f86ec456e44dd7debe1bf19"},"headline":"Paro nacional de salud municipal: Cesfam Segismundo Iturra trabaja pr\u00e1cticamente con normalidad","datePublished":"2025-03-11T23:40:50+00:00","mainEntityOfPage":{"@id":"https:\/\/eltrabajo.cl\/web\/paro-nacional-de-salud-municipal-cesfam-segismundo-iturra-trabaja-practicamente-con-normalidad\/"},"wordCount":1088,"commentCount":0,"publisher":{"@id":"https:\/\/eltrabajo.cl\/web\/#organization"},"image":{"@id":"https:\/\/eltrabajo.cl\/web\/paro-nacional-de-salud-municipal-cesfam-segismundo-iturra-trabaja-practicamente-con-normalidad\/#primaryimage"},"thumbnailUrl":"https:\/\/eltrabajo.cl\/web\/wp-content\/uploads\/2025\/03\/paro-salud-municipal-2.jpg","articleSection":["Cr\u00f3nica"],"inLanguage":"es-CL","potentialAction":[{"@type":"CommentAction","name":"Comment","target":["https:\/\/eltrabajo.cl\/web\/paro-nacional-de-salud-municipal-cesfam-segismundo-iturra-trabaja-practicamente-con-normalidad\/#respond"]}]},{"@type":"WebPage","@id":"https:\/\/eltrabajo.cl\/web\/paro-nacional-de-salud-municipal-cesfam-segismundo-iturra-trabaja-practicamente-con-normalidad\/","url":"https:\/\/eltrabajo.cl\/web\/paro-nacional-de-salud-municipal-cesfam-segismundo-iturra-trabaja-practicamente-con-normalidad\/","name":"Paro nacional de salud municipal: Cesfam Segismundo Iturra trabaja pr\u00e1cticamente con normalidad - Diario El Trabajo","isPartOf":{"@id":"https:\/\/eltrabajo.cl\/web\/#website"},"primaryImageOfPage":{"@id":"https:\/\/eltrabajo.cl\/web\/paro-nacional-de-salud-municipal-cesfam-segismundo-iturra-trabaja-practicamente-con-normalidad\/#primaryimage"},"image":{"@id":"https:\/\/eltrabajo.cl\/web\/paro-nacional-de-salud-municipal-cesfam-segismundo-iturra-trabaja-practicamente-con-normalidad\/#primaryimage"},"thumbnailUrl":"https:\/\/eltrabajo.cl\/web\/wp-content\/uploads\/2025\/03\/paro-salud-municipal-2.jpg","datePublished":"2025-03-11T23:40:50+00:00","breadcrumb":{"@id":"https:\/\/eltrabajo.cl\/web\/paro-nacional-de-salud-municipal-cesfam-segismundo-iturra-trabaja-practicamente-con-normalidad\/#breadcrumb"},"inLanguage":"es-CL","potentialAction":[{"@type":"ReadAction","target":["https:\/\/eltrabajo.cl\/web\/paro-nacional-de-salud-municipal-cesfam-segismundo-iturra-trabaja-practicamente-con-normalidad\/"]}]},{"@type":"ImageObject","inLanguage":"es-CL","@id":"https:\/\/eltrabajo.cl\/web\/paro-nacional-de-salud-municipal-cesfam-segismundo-iturra-trabaja-practicamente-con-normalidad\/#primaryimage","url":"https:\/\/eltrabajo.cl\/web\/wp-content\/uploads\/2025\/03\/paro-salud-municipal-2.jpg","contentUrl":"https:\/\/eltrabajo.cl\/web\/wp-content\/uploads\/2025\/03\/paro-salud-municipal-2.jpg","width":698,"height":394,"caption":"Personas esperan le entreguen sus remedios en Cesfam Doctor Segisumundo Iturra Taito."},{"@type":"BreadcrumbList","@id":"https:\/\/eltrabajo.cl\/web\/paro-nacional-de-salud-municipal-cesfam-segismundo-iturra-trabaja-practicamente-con-normalidad\/#breadcrumb","itemListElement":[{"@type":"ListItem","position":1,"name":"Portada","item":"https:\/\/eltrabajo.cl\/web\/"},{"@type":"ListItem","position":2,"name":"Paro nacional de salud municipal: Cesfam Segismundo Iturra trabaja pr\u00e1cticamente con normalidad"}]},{"@type":"WebSite","@id":"https:\/\/eltrabajo.cl\/web\/#website","url":"https:\/\/eltrabajo.cl\/web\/","name":"Diario El Trabajo","description":"Desde 1929 construyendo Identidad Local","publisher":{"@id":"https:\/\/eltrabajo.cl\/web\/#organization"},"potentialAction":[{"@type":"SearchAction","target":{"@type":"EntryPoint","urlTemplate":"https:\/\/eltrabajo.cl\/web\/?s={search_term_string}"},"query-input":{"@type":"PropertyValueSpecification","valueRequired":true,"valueName":"search_term_string"}}],"inLanguage":"es-CL"},{"@type":"Organization","@id":"https:\/\/eltrabajo.cl\/web\/#organization","name":"Diario El Trabajo","url":"https:\/\/eltrabajo.cl\/web\/","logo":{"@type":"ImageObject","inLanguage":"es-CL","@id":"https:\/\/eltrabajo.cl\/web\/#\/schema\/logo\/image\/","url":"https:\/\/eltrabajo.cl\/web\/wp-content\/uploads\/2024\/06\/profile-image-ig-page-diarioeltrabajo.jpg","contentUrl":"https:\/\/eltrabajo.cl\/web\/wp-content\/uploads\/2024\/06\/profile-image-ig-page-diarioeltrabajo.jpg","width":823,"height":823,"caption":"Diario El Trabajo"},"image":{"@id":"https:\/\/eltrabajo.cl\/web\/#\/schema\/logo\/image\/"},"sameAs":["https:\/\/www.facebook.com\/ElTrabajoDiario","https:\/\/x.com\/diarioeltrabajo"]},{"@type":"Person","@id":"https:\/\/eltrabajo.cl\/web\/#\/schema\/person\/45efd3d17f86ec456e44dd7debe1bf19","name":"Diario El Trabajo","image":{"@type":"ImageObject","inLanguage":"es-CL","@id":"https:\/\/secure.gravatar.com\/avatar\/7e6ec277dc4aea2677c2dc301d4227957219329c985ab69a3efc12518b5161aa?s=96&d=mm&r=g","url":"https:\/\/secure.gravatar.com\/avatar\/7e6ec277dc4aea2677c2dc301d4227957219329c985ab69a3efc12518b5161aa?s=96&d=mm&r=g","contentUrl":"https:\/\/secure.gravatar.com\/avatar\/7e6ec277dc4aea2677c2dc301d4227957219329c985ab69a3efc12518b5161aa?s=96&d=mm&r=g","caption":"Diario El Trabajo"},"sameAs":["https:\/\/eltrabajo.cl\/web"],"url":"https:\/\/eltrabajo.cl\/web\/author\/diario-el-trabajo\/"}]}},"_links":{"self":[{"href":"https:\/\/eltrabajo.cl\/web\/wp-json\/wp\/v2\/posts\/135631","targetHints":{"allow":["GET"]}}],"collection":[{"href":"https:\/\/eltrabajo.cl\/web\/wp-json\/wp\/v2\/posts"}],"about":[{"href":"https:\/\/eltrabajo.cl\/web\/wp-json\/wp\/v2\/types\/post"}],"author":[{"embeddable":true,"href":"https:\/\/eltrabajo.cl\/web\/wp-json\/wp\/v2\/users\/1"}],"replies":[{"embeddable":true,"href":"https:\/\/eltrabajo.cl\/web\/wp-json\/wp\/v2\/comments?post=135631"}],"version-history":[{"count":1,"href":"https:\/\/eltrabajo.cl\/web\/wp-json\/wp\/v2\/posts\/135631\/revisions"}],"predecessor-version":[{"id":135634,"href":"https:\/\/eltrabajo.cl\/web\/wp-json\/wp\/v2\/posts\/135631\/revisions\/135634"}],"wp:featuredmedia":[{"embeddable":true,"href":"https:\/\/eltrabajo.cl\/web\/wp-json\/wp\/v2\/media\/135632"}],"wp:attachment":[{"href":"https:\/\/eltrabajo.cl\/web\/wp-json\/wp\/v2\/media?parent=135631"}],"wp:term":[{"taxonomy":"category","embeddable":true,"href":"https:\/\/eltrabajo.cl\/web\/wp-json\/wp\/v2\/categories?post=135631"},{"taxonomy":"post_tag","embeddable":true,"href":"https:\/\/eltrabajo.cl\/web\/wp-json\/wp\/v2\/tags?post=135631"}],"curies":[{"name":"wp","href":"https:\/\/api.w.org\/{rel}","templated":true}]}}