{"id":135657,"date":"2025-03-12T21:00:20","date_gmt":"2025-03-13T00:00:20","guid":{"rendered":"https:\/\/eltrabajo.cl\/web\/?p=135657"},"modified":"2025-03-12T21:00:20","modified_gmt":"2025-03-13T00:00:20","slug":"venezolano-residente-en-chile-no-nos-pueden-meter-a-todos-en-el-mismo-saco-no-todos-somos-malos-yo-vine-a-trabajar-a-buscar-un-futuro","status":"publish","type":"post","link":"https:\/\/eltrabajo.cl\/web\/venezolano-residente-en-chile-no-nos-pueden-meter-a-todos-en-el-mismo-saco-no-todos-somos-malos-yo-vine-a-trabajar-a-buscar-un-futuro\/","title":{"rendered":"Venezolano residente en Chile: \u00abNo nos pueden meter a todos en el mismo saco, no todos somos malos. Yo vine a trabajar, a buscar un futuro\u00bb"},"content":{"rendered":"<p>Caminando por San Felipe, vimos a un hombre que estaba bajando materiales de un veh\u00edculo en calle Prat, a quien nos acercamos y nos respondi\u00f3 amablemente, aunque llam\u00e1ndonos la atenci\u00f3n su acento. \u00bfVenezolano?, le preguntamos, contestando gentilmente que s\u00ed. De inmediato se nos ocurri\u00f3, a prop\u00f3sito de la contingencia nacional, donde se han visto muchos de sus compatriotas involucrados en hechos delictuales, de saber su parecer. Se trata de <strong>William Carrero<\/strong>.<\/p>\n<p>Dijo que no pod\u00eda decir las cosas que realmente piensa, porque caen mal, \u00abpero no nos pueden meter a todos en el mismo saco como se dice, porque no todos somos malos. Yo vine a trabajar, a buscar un futuro y los que vinieron a hacer el mal, bueno\u2026cast\u00edguenlos igual.<\/p>\n<p>&#8211; <strong>\u00bfCu\u00e1ndo t\u00fa ves las noticias y hay venezolanos involucrados, qu\u00e9 pasa por t\u00fa mente?<\/strong><\/p>\n<p>&#8211; Por m\u00ed, se los puede agarrar a toditos y llevar donde sea, porque no est\u00e1n haciendo las cosas bien, el que est\u00e1 haciendo las cosas mal tiene que pagar por lo que hace. Lo malo de todo, es que no dicen \u2018el venezolano\u2019, sino que \u2018los venezolanos est\u00e1n cometiendo delitos\u2019, entonces nos est\u00e1n metiendo a todos en el mismo problema, sin estarlo. Eso es lo que yo pienso, pues el que cometi\u00f3 un delito tiene que pagar por lo que hizo, tienen que sacarlos, pero lamentablemente pagamos justos por pecadores.<\/p>\n<p>Nos cuenta que su se\u00f1ora es venezolana, tiene un hijo que est\u00e1 con ellos y llevan casi cuatro a\u00f1os en Chile. Actualmente, est\u00e1 trabajando en una empresa ac\u00e1 en San Felipe, pero vienen de Arica y han pasado por Iquique, Valpara\u00edso, Vi\u00f1a del Mar, Rapel. \u00ab<em>Buu <\/em>(sic)<em>, he recorrido bastante\u00bb<\/em>, se\u00f1al\u00f3.<\/p>\n<p>Comenta que estando en casa junto a su esposa e hijo y ven las noticias, piensan lo mismo que nos cuenta. <em>\u00abPorque es injusto que nos metan en el mismo paquete, sabiendo que lo que est\u00e1n haciendo eso son los malos, andan por ah\u00ed frescos campantes y nadie les hace nada\u00bb<\/em>.<\/p>\n<p>&#8211;<strong> \u00bfTe duele con t\u00fa familia?<\/strong><\/p>\n<p>&#8211; Claro, porque como le digo, a veces estamos reunidos en un grupo y pasa una se\u00f1ora (y dice) \u2018ah\u00ed est\u00e1n los venezolanos\u2019 y a veces hay que quedarse callado, pues pr\u00e1cticamente no podemos decir nada ni defendernos, porque si lo hacemos somos malos, peor que los que andan haciendo lo malo.<\/p>\n<p>&#8211;<strong> \u00bfPor qu\u00e9 llegaste a Chile?<\/strong><\/p>\n<p>&#8211; Por el tema pa\u00eds, no se puede, se trabaja y se cobra muy poco, all\u00e1 el sueldo es m\u00edsero, no alcanza.<\/p>\n<p>&#8211; <strong>\u00bfEso sigue hasta el d\u00eda de hoy?<\/strong><\/p>\n<p>&#8211; S\u00ed, todav\u00eda, eso se refleja en mi mam\u00e1, pap\u00e1, hermano que est\u00e1n all\u00e1 y aqu\u00ed Gracias a Dios los puedo ayudar con algo, nosotros enviamos dinero.<\/p>\n<p>&#8211; <strong>Una reflexi\u00f3n final de \u2018no todos los venezolanos somos iguales\u2019. \u00bfQu\u00e9 puedes decir t\u00fa?<\/strong><\/p>\n<p>&#8211; Es correcto, no todos somos iguales, el que est\u00e1 haciendo algo malo que pague por lo que est\u00e1 haciendo, lo metan preso, no s\u00e9. Porque aparte es triste que nos se\u00f1alen a todos, por culpa de unos pocos nos se\u00f1alen a todos, eso es lo malo.<\/p>\n<p>&#8211; <strong>Hemos notado que en sus trabajos tienen esa buena voluntad, algo caracter\u00edstico de ustedes. Atienden bien, dan las bendiciones<\/strong><\/p>\n<p>&#8211; Claro, todo, yo no me quejo de los jefes que he tenido ac\u00e1, han sido todos chilenos y siempre nos tratan bien.<\/p>\n<figure id=\"attachment_135658\" aria-describedby=\"caption-attachment-135658\" style=\"width: 698px\" class=\"wp-caption alignnone\"><img loading=\"lazy\" decoding=\"async\" class=\"size-full wp-image-135658\" src=\"http:\/\/eltrabajo.cl\/web\/wp-content\/uploads\/2025\/03\/residente-venezolano.jpg\" alt=\"William Carrero, ciudadano venezolano residente en Chile. \" width=\"698\" height=\"444\" srcset=\"https:\/\/eltrabajo.cl\/web\/wp-content\/uploads\/2025\/03\/residente-venezolano.jpg 698w, https:\/\/eltrabajo.cl\/web\/wp-content\/uploads\/2025\/03\/residente-venezolano-300x191.jpg 300w, https:\/\/eltrabajo.cl\/web\/wp-content\/uploads\/2025\/03\/residente-venezolano-660x420.jpg 660w, https:\/\/eltrabajo.cl\/web\/wp-content\/uploads\/2025\/03\/residente-venezolano-150x95.jpg 150w, https:\/\/eltrabajo.cl\/web\/wp-content\/uploads\/2025\/03\/residente-venezolano-696x443.jpg 696w\" sizes=\"auto, (max-width: 698px) 100vw, 698px\" \/><figcaption id=\"caption-attachment-135658\" class=\"wp-caption-text\">William Carrero, ciudadano venezolano residente en Chile.<\/figcaption><\/figure>\n","protected":false},"excerpt":{"rendered":"<p>Caminando por San Felipe, vimos a un hombre que estaba bajando materiales de un veh\u00edculo en calle Prat, a quien nos acercamos y nos respondi\u00f3 amablemente, aunque llam\u00e1ndonos la atenci\u00f3n su acento. \u00bfVenezolano?, le preguntamos, contestando gentilmente que s\u00ed. De inmediato se nos ocurri\u00f3, a prop\u00f3sito de la contingencia nacional, donde se han visto muchos [&hellip;]<\/p>\n","protected":false},"author":1,"featured_media":135658,"comment_status":"open","ping_status":"closed","sticky":false,"template":"","format":"standard","meta":{"footnotes":""},"categories":[4],"tags":[],"class_list":{"0":"post-135657","1":"post","2":"type-post","3":"status-publish","4":"format-standard","5":"has-post-thumbnail","7":"category-comunidad"},"yoast_head":"<!-- This site is optimized with the Yoast SEO plugin v27.5 - https:\/\/yoast.com\/product\/yoast-seo-wordpress\/ -->\n<title>Venezolano residente en Chile: \u00abNo nos pueden meter a todos en el mismo saco, no todos somos malos. Yo vine a trabajar, a buscar un futuro\u00bb - Diario El Trabajo<\/title>\n<meta name=\"robots\" content=\"index, follow, max-snippet:-1, max-image-preview:large, max-video-preview:-1\" \/>\n<link rel=\"canonical\" href=\"https:\/\/eltrabajo.cl\/web\/venezolano-residente-en-chile-no-nos-pueden-meter-a-todos-en-el-mismo-saco-no-todos-somos-malos-yo-vine-a-trabajar-a-buscar-un-futuro\/\" \/>\n<meta property=\"og:locale\" content=\"es_ES\" \/>\n<meta property=\"og:type\" content=\"article\" \/>\n<meta property=\"og:title\" content=\"Venezolano residente en Chile: \u00abNo nos pueden meter a todos en el mismo saco, no todos somos malos. Yo vine a trabajar, a buscar un futuro\u00bb - Diario El Trabajo\" \/>\n<meta property=\"og:description\" content=\"Caminando por San Felipe, vimos a un hombre que estaba bajando materiales de un veh\u00edculo en calle Prat, a quien nos acercamos y nos respondi\u00f3 amablemente, aunque llam\u00e1ndonos la atenci\u00f3n su acento. \u00bfVenezolano?, le preguntamos, contestando gentilmente que s\u00ed. De inmediato se nos ocurri\u00f3, a prop\u00f3sito de la contingencia nacional, donde se han visto muchos [&hellip;]\" \/>\n<meta property=\"og:url\" content=\"https:\/\/eltrabajo.cl\/web\/venezolano-residente-en-chile-no-nos-pueden-meter-a-todos-en-el-mismo-saco-no-todos-somos-malos-yo-vine-a-trabajar-a-buscar-un-futuro\/\" \/>\n<meta property=\"og:site_name\" content=\"Diario El Trabajo\" \/>\n<meta property=\"article:publisher\" content=\"https:\/\/www.facebook.com\/ElTrabajoDiario\" \/>\n<meta property=\"article:published_time\" content=\"2025-03-13T00:00:20+00:00\" \/>\n<meta property=\"og:image\" content=\"https:\/\/eltrabajo.cl\/web\/wp-content\/uploads\/2025\/03\/residente-venezolano.jpg\" \/>\n\t<meta property=\"og:image:width\" content=\"698\" \/>\n\t<meta property=\"og:image:height\" content=\"444\" \/>\n\t<meta property=\"og:image:type\" content=\"image\/jpeg\" \/>\n<meta name=\"author\" content=\"Diario El Trabajo\" \/>\n<meta name=\"twitter:card\" content=\"summary_large_image\" \/>\n<meta name=\"twitter:creator\" content=\"@diarioeltrabajo\" \/>\n<meta name=\"twitter:site\" content=\"@diarioeltrabajo\" \/>\n<meta name=\"twitter:label1\" content=\"Escrito por\" \/>\n\t<meta name=\"twitter:data1\" content=\"Diario El Trabajo\" \/>\n\t<meta name=\"twitter:label2\" content=\"Tiempo estimado de lectura\" \/>\n\t<meta name=\"twitter:data2\" content=\"3 minutos\" \/>\n<script type=\"application\/ld+json\" class=\"yoast-schema-graph\">{\"@context\":\"https:\\\/\\\/schema.org\",\"@graph\":[{\"@type\":\"Article\",\"@id\":\"https:\\\/\\\/eltrabajo.cl\\\/web\\\/venezolano-residente-en-chile-no-nos-pueden-meter-a-todos-en-el-mismo-saco-no-todos-somos-malos-yo-vine-a-trabajar-a-buscar-un-futuro\\\/#article\",\"isPartOf\":{\"@id\":\"https:\\\/\\\/eltrabajo.cl\\\/web\\\/venezolano-residente-en-chile-no-nos-pueden-meter-a-todos-en-el-mismo-saco-no-todos-somos-malos-yo-vine-a-trabajar-a-buscar-un-futuro\\\/\"},\"author\":{\"name\":\"Diario El Trabajo\",\"@id\":\"https:\\\/\\\/eltrabajo.cl\\\/web\\\/#\\\/schema\\\/person\\\/45efd3d17f86ec456e44dd7debe1bf19\"},\"headline\":\"Venezolano residente en Chile: \u00abNo nos pueden meter a todos en el mismo saco, no todos somos malos. Yo vine a trabajar, a buscar un futuro\u00bb\",\"datePublished\":\"2025-03-13T00:00:20+00:00\",\"mainEntityOfPage\":{\"@id\":\"https:\\\/\\\/eltrabajo.cl\\\/web\\\/venezolano-residente-en-chile-no-nos-pueden-meter-a-todos-en-el-mismo-saco-no-todos-somos-malos-yo-vine-a-trabajar-a-buscar-un-futuro\\\/\"},\"wordCount\":624,\"commentCount\":0,\"publisher\":{\"@id\":\"https:\\\/\\\/eltrabajo.cl\\\/web\\\/#organization\"},\"image\":{\"@id\":\"https:\\\/\\\/eltrabajo.cl\\\/web\\\/venezolano-residente-en-chile-no-nos-pueden-meter-a-todos-en-el-mismo-saco-no-todos-somos-malos-yo-vine-a-trabajar-a-buscar-un-futuro\\\/#primaryimage\"},\"thumbnailUrl\":\"https:\\\/\\\/eltrabajo.cl\\\/web\\\/wp-content\\\/uploads\\\/2025\\\/03\\\/residente-venezolano.jpg\",\"articleSection\":[\"Comunidad\"],\"inLanguage\":\"es-CL\",\"potentialAction\":[{\"@type\":\"CommentAction\",\"name\":\"Comment\",\"target\":[\"https:\\\/\\\/eltrabajo.cl\\\/web\\\/venezolano-residente-en-chile-no-nos-pueden-meter-a-todos-en-el-mismo-saco-no-todos-somos-malos-yo-vine-a-trabajar-a-buscar-un-futuro\\\/#respond\"]}]},{\"@type\":\"WebPage\",\"@id\":\"https:\\\/\\\/eltrabajo.cl\\\/web\\\/venezolano-residente-en-chile-no-nos-pueden-meter-a-todos-en-el-mismo-saco-no-todos-somos-malos-yo-vine-a-trabajar-a-buscar-un-futuro\\\/\",\"url\":\"https:\\\/\\\/eltrabajo.cl\\\/web\\\/venezolano-residente-en-chile-no-nos-pueden-meter-a-todos-en-el-mismo-saco-no-todos-somos-malos-yo-vine-a-trabajar-a-buscar-un-futuro\\\/\",\"name\":\"Venezolano residente en Chile: \u00abNo nos pueden meter a todos en el mismo saco, no todos somos malos. Yo vine a trabajar, a buscar un futuro\u00bb - Diario El Trabajo\",\"isPartOf\":{\"@id\":\"https:\\\/\\\/eltrabajo.cl\\\/web\\\/#website\"},\"primaryImageOfPage\":{\"@id\":\"https:\\\/\\\/eltrabajo.cl\\\/web\\\/venezolano-residente-en-chile-no-nos-pueden-meter-a-todos-en-el-mismo-saco-no-todos-somos-malos-yo-vine-a-trabajar-a-buscar-un-futuro\\\/#primaryimage\"},\"image\":{\"@id\":\"https:\\\/\\\/eltrabajo.cl\\\/web\\\/venezolano-residente-en-chile-no-nos-pueden-meter-a-todos-en-el-mismo-saco-no-todos-somos-malos-yo-vine-a-trabajar-a-buscar-un-futuro\\\/#primaryimage\"},\"thumbnailUrl\":\"https:\\\/\\\/eltrabajo.cl\\\/web\\\/wp-content\\\/uploads\\\/2025\\\/03\\\/residente-venezolano.jpg\",\"datePublished\":\"2025-03-13T00:00:20+00:00\",\"breadcrumb\":{\"@id\":\"https:\\\/\\\/eltrabajo.cl\\\/web\\\/venezolano-residente-en-chile-no-nos-pueden-meter-a-todos-en-el-mismo-saco-no-todos-somos-malos-yo-vine-a-trabajar-a-buscar-un-futuro\\\/#breadcrumb\"},\"inLanguage\":\"es-CL\",\"potentialAction\":[{\"@type\":\"ReadAction\",\"target\":[\"https:\\\/\\\/eltrabajo.cl\\\/web\\\/venezolano-residente-en-chile-no-nos-pueden-meter-a-todos-en-el-mismo-saco-no-todos-somos-malos-yo-vine-a-trabajar-a-buscar-un-futuro\\\/\"]}]},{\"@type\":\"ImageObject\",\"inLanguage\":\"es-CL\",\"@id\":\"https:\\\/\\\/eltrabajo.cl\\\/web\\\/venezolano-residente-en-chile-no-nos-pueden-meter-a-todos-en-el-mismo-saco-no-todos-somos-malos-yo-vine-a-trabajar-a-buscar-un-futuro\\\/#primaryimage\",\"url\":\"https:\\\/\\\/eltrabajo.cl\\\/web\\\/wp-content\\\/uploads\\\/2025\\\/03\\\/residente-venezolano.jpg\",\"contentUrl\":\"https:\\\/\\\/eltrabajo.cl\\\/web\\\/wp-content\\\/uploads\\\/2025\\\/03\\\/residente-venezolano.jpg\",\"width\":698,\"height\":444,\"caption\":\"William Carrero, ciudadano venezolano residente en Chile.\"},{\"@type\":\"BreadcrumbList\",\"@id\":\"https:\\\/\\\/eltrabajo.cl\\\/web\\\/venezolano-residente-en-chile-no-nos-pueden-meter-a-todos-en-el-mismo-saco-no-todos-somos-malos-yo-vine-a-trabajar-a-buscar-un-futuro\\\/#breadcrumb\",\"itemListElement\":[{\"@type\":\"ListItem\",\"position\":1,\"name\":\"Portada\",\"item\":\"https:\\\/\\\/eltrabajo.cl\\\/web\\\/\"},{\"@type\":\"ListItem\",\"position\":2,\"name\":\"Venezolano residente en Chile: \u00abNo nos pueden meter a todos en el mismo saco, no todos somos malos. Yo vine a trabajar, a buscar un futuro\u00bb\"}]},{\"@type\":\"WebSite\",\"@id\":\"https:\\\/\\\/eltrabajo.cl\\\/web\\\/#website\",\"url\":\"https:\\\/\\\/eltrabajo.cl\\\/web\\\/\",\"name\":\"Diario El Trabajo\",\"description\":\"Desde 1929 construyendo Identidad Local\",\"publisher\":{\"@id\":\"https:\\\/\\\/eltrabajo.cl\\\/web\\\/#organization\"},\"potentialAction\":[{\"@type\":\"SearchAction\",\"target\":{\"@type\":\"EntryPoint\",\"urlTemplate\":\"https:\\\/\\\/eltrabajo.cl\\\/web\\\/?s={search_term_string}\"},\"query-input\":{\"@type\":\"PropertyValueSpecification\",\"valueRequired\":true,\"valueName\":\"search_term_string\"}}],\"inLanguage\":\"es-CL\"},{\"@type\":\"Organization\",\"@id\":\"https:\\\/\\\/eltrabajo.cl\\\/web\\\/#organization\",\"name\":\"Diario El Trabajo\",\"url\":\"https:\\\/\\\/eltrabajo.cl\\\/web\\\/\",\"logo\":{\"@type\":\"ImageObject\",\"inLanguage\":\"es-CL\",\"@id\":\"https:\\\/\\\/eltrabajo.cl\\\/web\\\/#\\\/schema\\\/logo\\\/image\\\/\",\"url\":\"https:\\\/\\\/eltrabajo.cl\\\/web\\\/wp-content\\\/uploads\\\/2024\\\/06\\\/profile-image-ig-page-diarioeltrabajo.jpg\",\"contentUrl\":\"https:\\\/\\\/eltrabajo.cl\\\/web\\\/wp-content\\\/uploads\\\/2024\\\/06\\\/profile-image-ig-page-diarioeltrabajo.jpg\",\"width\":823,\"height\":823,\"caption\":\"Diario El Trabajo\"},\"image\":{\"@id\":\"https:\\\/\\\/eltrabajo.cl\\\/web\\\/#\\\/schema\\\/logo\\\/image\\\/\"},\"sameAs\":[\"https:\\\/\\\/www.facebook.com\\\/ElTrabajoDiario\",\"https:\\\/\\\/x.com\\\/diarioeltrabajo\"]},{\"@type\":\"Person\",\"@id\":\"https:\\\/\\\/eltrabajo.cl\\\/web\\\/#\\\/schema\\\/person\\\/45efd3d17f86ec456e44dd7debe1bf19\",\"name\":\"Diario El Trabajo\",\"image\":{\"@type\":\"ImageObject\",\"inLanguage\":\"es-CL\",\"@id\":\"https:\\\/\\\/secure.gravatar.com\\\/avatar\\\/7e6ec277dc4aea2677c2dc301d4227957219329c985ab69a3efc12518b5161aa?s=96&d=mm&r=g\",\"url\":\"https:\\\/\\\/secure.gravatar.com\\\/avatar\\\/7e6ec277dc4aea2677c2dc301d4227957219329c985ab69a3efc12518b5161aa?s=96&d=mm&r=g\",\"contentUrl\":\"https:\\\/\\\/secure.gravatar.com\\\/avatar\\\/7e6ec277dc4aea2677c2dc301d4227957219329c985ab69a3efc12518b5161aa?s=96&d=mm&r=g\",\"caption\":\"Diario El Trabajo\"},\"sameAs\":[\"https:\\\/\\\/eltrabajo.cl\\\/web\"],\"url\":\"https:\\\/\\\/eltrabajo.cl\\\/web\\\/author\\\/diario-el-trabajo\\\/\"}]}<\/script>\n<!-- \/ Yoast SEO plugin. -->","yoast_head_json":{"title":"Venezolano residente en Chile: \u00abNo nos pueden meter a todos en el mismo saco, no todos somos malos. Yo vine a trabajar, a buscar un futuro\u00bb - Diario El Trabajo","robots":{"index":"index","follow":"follow","max-snippet":"max-snippet:-1","max-image-preview":"max-image-preview:large","max-video-preview":"max-video-preview:-1"},"canonical":"https:\/\/eltrabajo.cl\/web\/venezolano-residente-en-chile-no-nos-pueden-meter-a-todos-en-el-mismo-saco-no-todos-somos-malos-yo-vine-a-trabajar-a-buscar-un-futuro\/","og_locale":"es_ES","og_type":"article","og_title":"Venezolano residente en Chile: \u00abNo nos pueden meter a todos en el mismo saco, no todos somos malos. Yo vine a trabajar, a buscar un futuro\u00bb - Diario El Trabajo","og_description":"Caminando por San Felipe, vimos a un hombre que estaba bajando materiales de un veh\u00edculo en calle Prat, a quien nos acercamos y nos respondi\u00f3 amablemente, aunque llam\u00e1ndonos la atenci\u00f3n su acento. \u00bfVenezolano?, le preguntamos, contestando gentilmente que s\u00ed. De inmediato se nos ocurri\u00f3, a prop\u00f3sito de la contingencia nacional, donde se han visto muchos [&hellip;]","og_url":"https:\/\/eltrabajo.cl\/web\/venezolano-residente-en-chile-no-nos-pueden-meter-a-todos-en-el-mismo-saco-no-todos-somos-malos-yo-vine-a-trabajar-a-buscar-un-futuro\/","og_site_name":"Diario El Trabajo","article_publisher":"https:\/\/www.facebook.com\/ElTrabajoDiario","article_published_time":"2025-03-13T00:00:20+00:00","og_image":[{"width":698,"height":444,"url":"https:\/\/eltrabajo.cl\/web\/wp-content\/uploads\/2025\/03\/residente-venezolano.jpg","type":"image\/jpeg"}],"author":"Diario El Trabajo","twitter_card":"summary_large_image","twitter_creator":"@diarioeltrabajo","twitter_site":"@diarioeltrabajo","twitter_misc":{"Escrito por":"Diario El Trabajo","Tiempo estimado de lectura":"3 minutos"},"schema":{"@context":"https:\/\/schema.org","@graph":[{"@type":"Article","@id":"https:\/\/eltrabajo.cl\/web\/venezolano-residente-en-chile-no-nos-pueden-meter-a-todos-en-el-mismo-saco-no-todos-somos-malos-yo-vine-a-trabajar-a-buscar-un-futuro\/#article","isPartOf":{"@id":"https:\/\/eltrabajo.cl\/web\/venezolano-residente-en-chile-no-nos-pueden-meter-a-todos-en-el-mismo-saco-no-todos-somos-malos-yo-vine-a-trabajar-a-buscar-un-futuro\/"},"author":{"name":"Diario El Trabajo","@id":"https:\/\/eltrabajo.cl\/web\/#\/schema\/person\/45efd3d17f86ec456e44dd7debe1bf19"},"headline":"Venezolano residente en Chile: \u00abNo nos pueden meter a todos en el mismo saco, no todos somos malos. Yo vine a trabajar, a buscar un futuro\u00bb","datePublished":"2025-03-13T00:00:20+00:00","mainEntityOfPage":{"@id":"https:\/\/eltrabajo.cl\/web\/venezolano-residente-en-chile-no-nos-pueden-meter-a-todos-en-el-mismo-saco-no-todos-somos-malos-yo-vine-a-trabajar-a-buscar-un-futuro\/"},"wordCount":624,"commentCount":0,"publisher":{"@id":"https:\/\/eltrabajo.cl\/web\/#organization"},"image":{"@id":"https:\/\/eltrabajo.cl\/web\/venezolano-residente-en-chile-no-nos-pueden-meter-a-todos-en-el-mismo-saco-no-todos-somos-malos-yo-vine-a-trabajar-a-buscar-un-futuro\/#primaryimage"},"thumbnailUrl":"https:\/\/eltrabajo.cl\/web\/wp-content\/uploads\/2025\/03\/residente-venezolano.jpg","articleSection":["Comunidad"],"inLanguage":"es-CL","potentialAction":[{"@type":"CommentAction","name":"Comment","target":["https:\/\/eltrabajo.cl\/web\/venezolano-residente-en-chile-no-nos-pueden-meter-a-todos-en-el-mismo-saco-no-todos-somos-malos-yo-vine-a-trabajar-a-buscar-un-futuro\/#respond"]}]},{"@type":"WebPage","@id":"https:\/\/eltrabajo.cl\/web\/venezolano-residente-en-chile-no-nos-pueden-meter-a-todos-en-el-mismo-saco-no-todos-somos-malos-yo-vine-a-trabajar-a-buscar-un-futuro\/","url":"https:\/\/eltrabajo.cl\/web\/venezolano-residente-en-chile-no-nos-pueden-meter-a-todos-en-el-mismo-saco-no-todos-somos-malos-yo-vine-a-trabajar-a-buscar-un-futuro\/","name":"Venezolano residente en Chile: \u00abNo nos pueden meter a todos en el mismo saco, no todos somos malos. Yo vine a trabajar, a buscar un futuro\u00bb - Diario El Trabajo","isPartOf":{"@id":"https:\/\/eltrabajo.cl\/web\/#website"},"primaryImageOfPage":{"@id":"https:\/\/eltrabajo.cl\/web\/venezolano-residente-en-chile-no-nos-pueden-meter-a-todos-en-el-mismo-saco-no-todos-somos-malos-yo-vine-a-trabajar-a-buscar-un-futuro\/#primaryimage"},"image":{"@id":"https:\/\/eltrabajo.cl\/web\/venezolano-residente-en-chile-no-nos-pueden-meter-a-todos-en-el-mismo-saco-no-todos-somos-malos-yo-vine-a-trabajar-a-buscar-un-futuro\/#primaryimage"},"thumbnailUrl":"https:\/\/eltrabajo.cl\/web\/wp-content\/uploads\/2025\/03\/residente-venezolano.jpg","datePublished":"2025-03-13T00:00:20+00:00","breadcrumb":{"@id":"https:\/\/eltrabajo.cl\/web\/venezolano-residente-en-chile-no-nos-pueden-meter-a-todos-en-el-mismo-saco-no-todos-somos-malos-yo-vine-a-trabajar-a-buscar-un-futuro\/#breadcrumb"},"inLanguage":"es-CL","potentialAction":[{"@type":"ReadAction","target":["https:\/\/eltrabajo.cl\/web\/venezolano-residente-en-chile-no-nos-pueden-meter-a-todos-en-el-mismo-saco-no-todos-somos-malos-yo-vine-a-trabajar-a-buscar-un-futuro\/"]}]},{"@type":"ImageObject","inLanguage":"es-CL","@id":"https:\/\/eltrabajo.cl\/web\/venezolano-residente-en-chile-no-nos-pueden-meter-a-todos-en-el-mismo-saco-no-todos-somos-malos-yo-vine-a-trabajar-a-buscar-un-futuro\/#primaryimage","url":"https:\/\/eltrabajo.cl\/web\/wp-content\/uploads\/2025\/03\/residente-venezolano.jpg","contentUrl":"https:\/\/eltrabajo.cl\/web\/wp-content\/uploads\/2025\/03\/residente-venezolano.jpg","width":698,"height":444,"caption":"William Carrero, ciudadano venezolano residente en Chile."},{"@type":"BreadcrumbList","@id":"https:\/\/eltrabajo.cl\/web\/venezolano-residente-en-chile-no-nos-pueden-meter-a-todos-en-el-mismo-saco-no-todos-somos-malos-yo-vine-a-trabajar-a-buscar-un-futuro\/#breadcrumb","itemListElement":[{"@type":"ListItem","position":1,"name":"Portada","item":"https:\/\/eltrabajo.cl\/web\/"},{"@type":"ListItem","position":2,"name":"Venezolano residente en Chile: \u00abNo nos pueden meter a todos en el mismo saco, no todos somos malos. Yo vine a trabajar, a buscar un futuro\u00bb"}]},{"@type":"WebSite","@id":"https:\/\/eltrabajo.cl\/web\/#website","url":"https:\/\/eltrabajo.cl\/web\/","name":"Diario El Trabajo","description":"Desde 1929 construyendo Identidad Local","publisher":{"@id":"https:\/\/eltrabajo.cl\/web\/#organization"},"potentialAction":[{"@type":"SearchAction","target":{"@type":"EntryPoint","urlTemplate":"https:\/\/eltrabajo.cl\/web\/?s={search_term_string}"},"query-input":{"@type":"PropertyValueSpecification","valueRequired":true,"valueName":"search_term_string"}}],"inLanguage":"es-CL"},{"@type":"Organization","@id":"https:\/\/eltrabajo.cl\/web\/#organization","name":"Diario El Trabajo","url":"https:\/\/eltrabajo.cl\/web\/","logo":{"@type":"ImageObject","inLanguage":"es-CL","@id":"https:\/\/eltrabajo.cl\/web\/#\/schema\/logo\/image\/","url":"https:\/\/eltrabajo.cl\/web\/wp-content\/uploads\/2024\/06\/profile-image-ig-page-diarioeltrabajo.jpg","contentUrl":"https:\/\/eltrabajo.cl\/web\/wp-content\/uploads\/2024\/06\/profile-image-ig-page-diarioeltrabajo.jpg","width":823,"height":823,"caption":"Diario El Trabajo"},"image":{"@id":"https:\/\/eltrabajo.cl\/web\/#\/schema\/logo\/image\/"},"sameAs":["https:\/\/www.facebook.com\/ElTrabajoDiario","https:\/\/x.com\/diarioeltrabajo"]},{"@type":"Person","@id":"https:\/\/eltrabajo.cl\/web\/#\/schema\/person\/45efd3d17f86ec456e44dd7debe1bf19","name":"Diario El Trabajo","image":{"@type":"ImageObject","inLanguage":"es-CL","@id":"https:\/\/secure.gravatar.com\/avatar\/7e6ec277dc4aea2677c2dc301d4227957219329c985ab69a3efc12518b5161aa?s=96&d=mm&r=g","url":"https:\/\/secure.gravatar.com\/avatar\/7e6ec277dc4aea2677c2dc301d4227957219329c985ab69a3efc12518b5161aa?s=96&d=mm&r=g","contentUrl":"https:\/\/secure.gravatar.com\/avatar\/7e6ec277dc4aea2677c2dc301d4227957219329c985ab69a3efc12518b5161aa?s=96&d=mm&r=g","caption":"Diario El Trabajo"},"sameAs":["https:\/\/eltrabajo.cl\/web"],"url":"https:\/\/eltrabajo.cl\/web\/author\/diario-el-trabajo\/"}]}},"_links":{"self":[{"href":"https:\/\/eltrabajo.cl\/web\/wp-json\/wp\/v2\/posts\/135657","targetHints":{"allow":["GET"]}}],"collection":[{"href":"https:\/\/eltrabajo.cl\/web\/wp-json\/wp\/v2\/posts"}],"about":[{"href":"https:\/\/eltrabajo.cl\/web\/wp-json\/wp\/v2\/types\/post"}],"author":[{"embeddable":true,"href":"https:\/\/eltrabajo.cl\/web\/wp-json\/wp\/v2\/users\/1"}],"replies":[{"embeddable":true,"href":"https:\/\/eltrabajo.cl\/web\/wp-json\/wp\/v2\/comments?post=135657"}],"version-history":[{"count":1,"href":"https:\/\/eltrabajo.cl\/web\/wp-json\/wp\/v2\/posts\/135657\/revisions"}],"predecessor-version":[{"id":135659,"href":"https:\/\/eltrabajo.cl\/web\/wp-json\/wp\/v2\/posts\/135657\/revisions\/135659"}],"wp:featuredmedia":[{"embeddable":true,"href":"https:\/\/eltrabajo.cl\/web\/wp-json\/wp\/v2\/media\/135658"}],"wp:attachment":[{"href":"https:\/\/eltrabajo.cl\/web\/wp-json\/wp\/v2\/media?parent=135657"}],"wp:term":[{"taxonomy":"category","embeddable":true,"href":"https:\/\/eltrabajo.cl\/web\/wp-json\/wp\/v2\/categories?post=135657"},{"taxonomy":"post_tag","embeddable":true,"href":"https:\/\/eltrabajo.cl\/web\/wp-json\/wp\/v2\/tags?post=135657"}],"curies":[{"name":"wp","href":"https:\/\/api.w.org\/{rel}","templated":true}]}}