{"id":135660,"date":"2025-03-12T21:01:18","date_gmt":"2025-03-13T00:01:18","guid":{"rendered":"https:\/\/eltrabajo.cl\/web\/?p=135660"},"modified":"2025-03-12T21:01:18","modified_gmt":"2025-03-13T00:01:18","slug":"alcaldes-de-la-provincia-se-reunen-con-gobernador-regional-para-definir-prioridades","status":"publish","type":"post","link":"https:\/\/eltrabajo.cl\/web\/alcaldes-de-la-provincia-se-reunen-con-gobernador-regional-para-definir-prioridades\/","title":{"rendered":"Alcaldes de la provincia se re\u00fanen con gobernador regional para definir prioridades"},"content":{"rendered":"<ul>\n<li><strong>En el encuentro, se abordaron temas cruciales como transporte, salud, vivienda y seguridad, en un contexto marcado por importantes recortes presupuestarios que afectan los proyectos regionales.-<\/strong><\/li>\n<\/ul>\n<p>Este mi\u00e9rcoles 12 de marzo, se llev\u00f3 a cabo la primera reuni\u00f3n de los alcaldes de la provincia de San Felipe con el gobernador regional de Valpara\u00edso, <strong>Rodrigo Mundaca<\/strong>. Durante una pausa del encuentro, las autoridades se dirigieron a la prensa para compartir las principales propuestas que se trabajar\u00e1n en la provincia.<\/p>\n<p>Entre las problem\u00e1ticas m\u00e1s relevantes discutidas en la reuni\u00f3n, se destac\u00f3 la situaci\u00f3n de transporte, los desaf\u00edos relacionados con la ruralidad y las dificultades en el \u00e1mbito de la salud que enfrentan las comunas.<\/p>\n<p>En cuanto a los proyectos prioritarios en la comuna de San Felipe, la alcaldesa <strong>Carmen Castillo<\/strong>, mencion\u00f3 las principales necesidades del territorio. <em>\u00abEl tema de terminar muchas pavimentaciones que llevan a\u00f1os esperando, en paralelo tambi\u00e9n todo lo que tiene que ver con vivienda, que tambi\u00e9n estamos trabajando por distintas v\u00edas de inversiones, pero tambi\u00e9n para nosotros todo lo que significa lo medioambiental tambi\u00e9n lo estamos trabajando\u00bb<\/em>.<\/p>\n<p>Respecto a la situaci\u00f3n de la Toma de San Felipe, la alcaldesa Castillo se\u00f1al\u00f3 que el municipio est\u00e1 enfocado en resolver los problemas sociales, de derechos y dar orientaciones, con el objetivo de evitar cualquier conflicto con la orden judicial que enfrenta un lote de la toma.<\/p>\n<p>Por su parte, el alcalde de Putaendo, <strong>Mauricio Quiroz<\/strong>, destac\u00f3 algunos proyectos futuros. <em>\u00abEstamos ya en un proceso de dise\u00f1o del centro de di\u00e1lisis comunal que va a permitir resolver una brecha que hoy d\u00eda existe del punto de vista de los dispositivos actuales y c\u00f3mo la gente, lamentablemente, tiene que desplazarse de Putaendo a otros lugares de la provincia de San Felipe o de la regi\u00f3n incluso<\/em>.<\/p>\n<p>\u00ab<em>Pero tambi\u00e9n estamos avanzando en la perspectiva de poder tener un consultorio de salud mental y suicidio. Nosotros tenemos altas tasas de suicidabilidad en Putaendo y como te digo, esto se suma a lo que hemos hecho en el \u00e1mbito del centro de autismo, de la red de apoyo y cuidado\u00bb, explic\u00f3 Quir\u00f3z. <\/em><\/p>\n<p>Tambi\u00e9n, destac\u00f3 que a partir de este a\u00f1o, Putaendo ser\u00e1 una de las 28 comunas de Chile que contar\u00e1 con el sistema de atenci\u00f3n primaria de salud universal.<\/p>\n<p><strong>Rodrigo Mundaca<\/strong>, gobernador regional, destac\u00f3 que el trabajo en terreno ha sido una constante durante los \u00faltimos tres a\u00f1os, escuchando las demandas de los alcaldes y evaluando los recursos disponibles en el gobierno regional.<\/p>\n<p>Entre las prioridades de su administraci\u00f3n para este a\u00f1o, se encuentran seguridad, salud, educaci\u00f3n, viviendas, cultura y medio ambiente.<\/p>\n<p>Sin embargo, Mundaca tambi\u00e9n inform\u00f3 sobre recortes presupuestarios significativos que afectan al Gobierno Regional (GORE). <em>\u00abTenemos recortes significativos que le hemos dado a conocer a los alcaldes, de hecho, en noviembre del a\u00f1o pasado a fines del ejercicio presupuestario 2024, nos recortaron 10.000.000 millones de pesos y al inicio del a\u00f1o 2025, en enero del 2025, fuimos notificados de una rebaja del orden del 5% del programa inversi\u00f3n 02, que equivale a 5.500 millones de pesos\u00bb<\/em>, detall\u00f3.<\/p>\n<p>Ante esta situaci\u00f3n, Mundaca enfatiz\u00f3 la importancia de priorizar los proyectos m\u00e1s urgentes. <em>\u00abTenemos que priorizar, y dentro de la priorizaci\u00f3n, por eso es tan importante esta conversaci\u00f3n; escuchar cu\u00e1les son las demandas, cu\u00e1les son las prioridades de los alcaldes y las alcaldesas del territorio es fundamental. Estamos hablando de prioridades, ya lo dije, en materia de transporte es prioridad la salud, es un tema de prioridad, seguridad es tema de prioridad\u00a0 y probablemente a eso vamos a estar abocados los pr\u00f3ximos a\u00f1os\u00bb,<\/em> concluy\u00f3 el gobernador.<\/p>\n<figure id=\"attachment_135661\" aria-describedby=\"caption-attachment-135661\" style=\"width: 699px\" class=\"wp-caption alignnone\"><img loading=\"lazy\" decoding=\"async\" class=\"size-full wp-image-135661\" src=\"http:\/\/eltrabajo.cl\/web\/wp-content\/uploads\/2025\/03\/reunion-gore-y-alcaldes.jpg\" alt=\"Este mi\u00e9rcoles los alcaldes de la provincia de San Felipe se reunieron con el gobernador regional de Valpara\u00edso para discutir los principales proyectos a desarrollar durante 2025.\" width=\"699\" height=\"341\" srcset=\"https:\/\/eltrabajo.cl\/web\/wp-content\/uploads\/2025\/03\/reunion-gore-y-alcaldes.jpg 699w, https:\/\/eltrabajo.cl\/web\/wp-content\/uploads\/2025\/03\/reunion-gore-y-alcaldes-300x146.jpg 300w, https:\/\/eltrabajo.cl\/web\/wp-content\/uploads\/2025\/03\/reunion-gore-y-alcaldes-150x73.jpg 150w, https:\/\/eltrabajo.cl\/web\/wp-content\/uploads\/2025\/03\/reunion-gore-y-alcaldes-696x340.jpg 696w\" sizes=\"auto, (max-width: 699px) 100vw, 699px\" \/><figcaption id=\"caption-attachment-135661\" class=\"wp-caption-text\">Este mi\u00e9rcoles los alcaldes de la provincia de San Felipe se reunieron con el gobernador regional de Valpara\u00edso para discutir los principales proyectos a desarrollar durante 2025.<\/figcaption><\/figure>\n","protected":false},"excerpt":{"rendered":"<p>En el encuentro, se abordaron temas cruciales como transporte, salud, vivienda y seguridad, en un contexto marcado por importantes recortes presupuestarios que afectan los proyectos regionales.- Este mi\u00e9rcoles 12 de marzo, se llev\u00f3 a cabo la primera reuni\u00f3n de los alcaldes de la provincia de San Felipe con el gobernador regional de Valpara\u00edso, Rodrigo Mundaca. [&hellip;]<\/p>\n","protected":false},"author":1,"featured_media":135661,"comment_status":"open","ping_status":"closed","sticky":false,"template":"","format":"standard","meta":{"footnotes":""},"categories":[3],"tags":[],"class_list":{"0":"post-135660","1":"post","2":"type-post","3":"status-publish","4":"format-standard","5":"has-post-thumbnail","7":"category-cronica-2"},"yoast_head":"<!-- This site is optimized with the Yoast SEO plugin v27.5 - https:\/\/yoast.com\/product\/yoast-seo-wordpress\/ -->\n<title>Alcaldes de la provincia se re\u00fanen con gobernador regional para definir prioridades - Diario El Trabajo<\/title>\n<meta name=\"robots\" content=\"index, follow, max-snippet:-1, max-image-preview:large, max-video-preview:-1\" \/>\n<link rel=\"canonical\" href=\"https:\/\/eltrabajo.cl\/web\/alcaldes-de-la-provincia-se-reunen-con-gobernador-regional-para-definir-prioridades\/\" \/>\n<meta property=\"og:locale\" content=\"es_ES\" \/>\n<meta property=\"og:type\" content=\"article\" \/>\n<meta property=\"og:title\" content=\"Alcaldes de la provincia se re\u00fanen con gobernador regional para definir prioridades - Diario El Trabajo\" \/>\n<meta property=\"og:description\" content=\"En el encuentro, se abordaron temas cruciales como transporte, salud, vivienda y seguridad, en un contexto marcado por importantes recortes presupuestarios que afectan los proyectos regionales.- Este mi\u00e9rcoles 12 de marzo, se llev\u00f3 a cabo la primera reuni\u00f3n de los alcaldes de la provincia de San Felipe con el gobernador regional de Valpara\u00edso, Rodrigo Mundaca. [&hellip;]\" \/>\n<meta property=\"og:url\" content=\"https:\/\/eltrabajo.cl\/web\/alcaldes-de-la-provincia-se-reunen-con-gobernador-regional-para-definir-prioridades\/\" \/>\n<meta property=\"og:site_name\" content=\"Diario El Trabajo\" \/>\n<meta property=\"article:publisher\" content=\"https:\/\/www.facebook.com\/ElTrabajoDiario\" \/>\n<meta property=\"article:published_time\" content=\"2025-03-13T00:01:18+00:00\" \/>\n<meta property=\"og:image\" content=\"https:\/\/eltrabajo.cl\/web\/wp-content\/uploads\/2025\/03\/reunion-gore-y-alcaldes.jpg\" \/>\n\t<meta property=\"og:image:width\" content=\"699\" \/>\n\t<meta property=\"og:image:height\" content=\"341\" \/>\n\t<meta property=\"og:image:type\" content=\"image\/jpeg\" \/>\n<meta name=\"author\" content=\"Diario El Trabajo\" \/>\n<meta name=\"twitter:card\" content=\"summary_large_image\" \/>\n<meta name=\"twitter:creator\" content=\"@diarioeltrabajo\" \/>\n<meta name=\"twitter:site\" content=\"@diarioeltrabajo\" \/>\n<meta name=\"twitter:label1\" content=\"Escrito por\" \/>\n\t<meta name=\"twitter:data1\" content=\"Diario El Trabajo\" \/>\n\t<meta name=\"twitter:label2\" content=\"Tiempo estimado de lectura\" \/>\n\t<meta name=\"twitter:data2\" content=\"4 minutos\" \/>\n<script type=\"application\/ld+json\" class=\"yoast-schema-graph\">{\"@context\":\"https:\\\/\\\/schema.org\",\"@graph\":[{\"@type\":\"Article\",\"@id\":\"https:\\\/\\\/eltrabajo.cl\\\/web\\\/alcaldes-de-la-provincia-se-reunen-con-gobernador-regional-para-definir-prioridades\\\/#article\",\"isPartOf\":{\"@id\":\"https:\\\/\\\/eltrabajo.cl\\\/web\\\/alcaldes-de-la-provincia-se-reunen-con-gobernador-regional-para-definir-prioridades\\\/\"},\"author\":{\"name\":\"Diario El Trabajo\",\"@id\":\"https:\\\/\\\/eltrabajo.cl\\\/web\\\/#\\\/schema\\\/person\\\/45efd3d17f86ec456e44dd7debe1bf19\"},\"headline\":\"Alcaldes de la provincia se re\u00fanen con gobernador regional para definir prioridades\",\"datePublished\":\"2025-03-13T00:01:18+00:00\",\"mainEntityOfPage\":{\"@id\":\"https:\\\/\\\/eltrabajo.cl\\\/web\\\/alcaldes-de-la-provincia-se-reunen-con-gobernador-regional-para-definir-prioridades\\\/\"},\"wordCount\":673,\"commentCount\":0,\"publisher\":{\"@id\":\"https:\\\/\\\/eltrabajo.cl\\\/web\\\/#organization\"},\"image\":{\"@id\":\"https:\\\/\\\/eltrabajo.cl\\\/web\\\/alcaldes-de-la-provincia-se-reunen-con-gobernador-regional-para-definir-prioridades\\\/#primaryimage\"},\"thumbnailUrl\":\"https:\\\/\\\/eltrabajo.cl\\\/web\\\/wp-content\\\/uploads\\\/2025\\\/03\\\/reunion-gore-y-alcaldes.jpg\",\"articleSection\":[\"Cr\u00f3nica\"],\"inLanguage\":\"es-CL\",\"potentialAction\":[{\"@type\":\"CommentAction\",\"name\":\"Comment\",\"target\":[\"https:\\\/\\\/eltrabajo.cl\\\/web\\\/alcaldes-de-la-provincia-se-reunen-con-gobernador-regional-para-definir-prioridades\\\/#respond\"]}]},{\"@type\":\"WebPage\",\"@id\":\"https:\\\/\\\/eltrabajo.cl\\\/web\\\/alcaldes-de-la-provincia-se-reunen-con-gobernador-regional-para-definir-prioridades\\\/\",\"url\":\"https:\\\/\\\/eltrabajo.cl\\\/web\\\/alcaldes-de-la-provincia-se-reunen-con-gobernador-regional-para-definir-prioridades\\\/\",\"name\":\"Alcaldes de la provincia se re\u00fanen con gobernador regional para definir prioridades - Diario El Trabajo\",\"isPartOf\":{\"@id\":\"https:\\\/\\\/eltrabajo.cl\\\/web\\\/#website\"},\"primaryImageOfPage\":{\"@id\":\"https:\\\/\\\/eltrabajo.cl\\\/web\\\/alcaldes-de-la-provincia-se-reunen-con-gobernador-regional-para-definir-prioridades\\\/#primaryimage\"},\"image\":{\"@id\":\"https:\\\/\\\/eltrabajo.cl\\\/web\\\/alcaldes-de-la-provincia-se-reunen-con-gobernador-regional-para-definir-prioridades\\\/#primaryimage\"},\"thumbnailUrl\":\"https:\\\/\\\/eltrabajo.cl\\\/web\\\/wp-content\\\/uploads\\\/2025\\\/03\\\/reunion-gore-y-alcaldes.jpg\",\"datePublished\":\"2025-03-13T00:01:18+00:00\",\"breadcrumb\":{\"@id\":\"https:\\\/\\\/eltrabajo.cl\\\/web\\\/alcaldes-de-la-provincia-se-reunen-con-gobernador-regional-para-definir-prioridades\\\/#breadcrumb\"},\"inLanguage\":\"es-CL\",\"potentialAction\":[{\"@type\":\"ReadAction\",\"target\":[\"https:\\\/\\\/eltrabajo.cl\\\/web\\\/alcaldes-de-la-provincia-se-reunen-con-gobernador-regional-para-definir-prioridades\\\/\"]}]},{\"@type\":\"ImageObject\",\"inLanguage\":\"es-CL\",\"@id\":\"https:\\\/\\\/eltrabajo.cl\\\/web\\\/alcaldes-de-la-provincia-se-reunen-con-gobernador-regional-para-definir-prioridades\\\/#primaryimage\",\"url\":\"https:\\\/\\\/eltrabajo.cl\\\/web\\\/wp-content\\\/uploads\\\/2025\\\/03\\\/reunion-gore-y-alcaldes.jpg\",\"contentUrl\":\"https:\\\/\\\/eltrabajo.cl\\\/web\\\/wp-content\\\/uploads\\\/2025\\\/03\\\/reunion-gore-y-alcaldes.jpg\",\"width\":699,\"height\":341,\"caption\":\"Este mi\u00e9rcoles los alcaldes de la provincia de San Felipe se reunieron con el gobernador regional de Valpara\u00edso para discutir los principales proyectos a desarrollar durante 2025.\"},{\"@type\":\"BreadcrumbList\",\"@id\":\"https:\\\/\\\/eltrabajo.cl\\\/web\\\/alcaldes-de-la-provincia-se-reunen-con-gobernador-regional-para-definir-prioridades\\\/#breadcrumb\",\"itemListElement\":[{\"@type\":\"ListItem\",\"position\":1,\"name\":\"Portada\",\"item\":\"https:\\\/\\\/eltrabajo.cl\\\/web\\\/\"},{\"@type\":\"ListItem\",\"position\":2,\"name\":\"Alcaldes de la provincia se re\u00fanen con gobernador regional para definir prioridades\"}]},{\"@type\":\"WebSite\",\"@id\":\"https:\\\/\\\/eltrabajo.cl\\\/web\\\/#website\",\"url\":\"https:\\\/\\\/eltrabajo.cl\\\/web\\\/\",\"name\":\"Diario El Trabajo\",\"description\":\"Desde 1929 construyendo Identidad Local\",\"publisher\":{\"@id\":\"https:\\\/\\\/eltrabajo.cl\\\/web\\\/#organization\"},\"potentialAction\":[{\"@type\":\"SearchAction\",\"target\":{\"@type\":\"EntryPoint\",\"urlTemplate\":\"https:\\\/\\\/eltrabajo.cl\\\/web\\\/?s={search_term_string}\"},\"query-input\":{\"@type\":\"PropertyValueSpecification\",\"valueRequired\":true,\"valueName\":\"search_term_string\"}}],\"inLanguage\":\"es-CL\"},{\"@type\":\"Organization\",\"@id\":\"https:\\\/\\\/eltrabajo.cl\\\/web\\\/#organization\",\"name\":\"Diario El Trabajo\",\"url\":\"https:\\\/\\\/eltrabajo.cl\\\/web\\\/\",\"logo\":{\"@type\":\"ImageObject\",\"inLanguage\":\"es-CL\",\"@id\":\"https:\\\/\\\/eltrabajo.cl\\\/web\\\/#\\\/schema\\\/logo\\\/image\\\/\",\"url\":\"https:\\\/\\\/eltrabajo.cl\\\/web\\\/wp-content\\\/uploads\\\/2024\\\/06\\\/profile-image-ig-page-diarioeltrabajo.jpg\",\"contentUrl\":\"https:\\\/\\\/eltrabajo.cl\\\/web\\\/wp-content\\\/uploads\\\/2024\\\/06\\\/profile-image-ig-page-diarioeltrabajo.jpg\",\"width\":823,\"height\":823,\"caption\":\"Diario El Trabajo\"},\"image\":{\"@id\":\"https:\\\/\\\/eltrabajo.cl\\\/web\\\/#\\\/schema\\\/logo\\\/image\\\/\"},\"sameAs\":[\"https:\\\/\\\/www.facebook.com\\\/ElTrabajoDiario\",\"https:\\\/\\\/x.com\\\/diarioeltrabajo\"]},{\"@type\":\"Person\",\"@id\":\"https:\\\/\\\/eltrabajo.cl\\\/web\\\/#\\\/schema\\\/person\\\/45efd3d17f86ec456e44dd7debe1bf19\",\"name\":\"Diario El Trabajo\",\"image\":{\"@type\":\"ImageObject\",\"inLanguage\":\"es-CL\",\"@id\":\"https:\\\/\\\/secure.gravatar.com\\\/avatar\\\/7e6ec277dc4aea2677c2dc301d4227957219329c985ab69a3efc12518b5161aa?s=96&d=mm&r=g\",\"url\":\"https:\\\/\\\/secure.gravatar.com\\\/avatar\\\/7e6ec277dc4aea2677c2dc301d4227957219329c985ab69a3efc12518b5161aa?s=96&d=mm&r=g\",\"contentUrl\":\"https:\\\/\\\/secure.gravatar.com\\\/avatar\\\/7e6ec277dc4aea2677c2dc301d4227957219329c985ab69a3efc12518b5161aa?s=96&d=mm&r=g\",\"caption\":\"Diario El Trabajo\"},\"sameAs\":[\"https:\\\/\\\/eltrabajo.cl\\\/web\"],\"url\":\"https:\\\/\\\/eltrabajo.cl\\\/web\\\/author\\\/diario-el-trabajo\\\/\"}]}<\/script>\n<!-- \/ Yoast SEO plugin. -->","yoast_head_json":{"title":"Alcaldes de la provincia se re\u00fanen con gobernador regional para definir prioridades - Diario El Trabajo","robots":{"index":"index","follow":"follow","max-snippet":"max-snippet:-1","max-image-preview":"max-image-preview:large","max-video-preview":"max-video-preview:-1"},"canonical":"https:\/\/eltrabajo.cl\/web\/alcaldes-de-la-provincia-se-reunen-con-gobernador-regional-para-definir-prioridades\/","og_locale":"es_ES","og_type":"article","og_title":"Alcaldes de la provincia se re\u00fanen con gobernador regional para definir prioridades - Diario El Trabajo","og_description":"En el encuentro, se abordaron temas cruciales como transporte, salud, vivienda y seguridad, en un contexto marcado por importantes recortes presupuestarios que afectan los proyectos regionales.- Este mi\u00e9rcoles 12 de marzo, se llev\u00f3 a cabo la primera reuni\u00f3n de los alcaldes de la provincia de San Felipe con el gobernador regional de Valpara\u00edso, Rodrigo Mundaca. [&hellip;]","og_url":"https:\/\/eltrabajo.cl\/web\/alcaldes-de-la-provincia-se-reunen-con-gobernador-regional-para-definir-prioridades\/","og_site_name":"Diario El Trabajo","article_publisher":"https:\/\/www.facebook.com\/ElTrabajoDiario","article_published_time":"2025-03-13T00:01:18+00:00","og_image":[{"width":699,"height":341,"url":"https:\/\/eltrabajo.cl\/web\/wp-content\/uploads\/2025\/03\/reunion-gore-y-alcaldes.jpg","type":"image\/jpeg"}],"author":"Diario El Trabajo","twitter_card":"summary_large_image","twitter_creator":"@diarioeltrabajo","twitter_site":"@diarioeltrabajo","twitter_misc":{"Escrito por":"Diario El Trabajo","Tiempo estimado de lectura":"4 minutos"},"schema":{"@context":"https:\/\/schema.org","@graph":[{"@type":"Article","@id":"https:\/\/eltrabajo.cl\/web\/alcaldes-de-la-provincia-se-reunen-con-gobernador-regional-para-definir-prioridades\/#article","isPartOf":{"@id":"https:\/\/eltrabajo.cl\/web\/alcaldes-de-la-provincia-se-reunen-con-gobernador-regional-para-definir-prioridades\/"},"author":{"name":"Diario El Trabajo","@id":"https:\/\/eltrabajo.cl\/web\/#\/schema\/person\/45efd3d17f86ec456e44dd7debe1bf19"},"headline":"Alcaldes de la provincia se re\u00fanen con gobernador regional para definir prioridades","datePublished":"2025-03-13T00:01:18+00:00","mainEntityOfPage":{"@id":"https:\/\/eltrabajo.cl\/web\/alcaldes-de-la-provincia-se-reunen-con-gobernador-regional-para-definir-prioridades\/"},"wordCount":673,"commentCount":0,"publisher":{"@id":"https:\/\/eltrabajo.cl\/web\/#organization"},"image":{"@id":"https:\/\/eltrabajo.cl\/web\/alcaldes-de-la-provincia-se-reunen-con-gobernador-regional-para-definir-prioridades\/#primaryimage"},"thumbnailUrl":"https:\/\/eltrabajo.cl\/web\/wp-content\/uploads\/2025\/03\/reunion-gore-y-alcaldes.jpg","articleSection":["Cr\u00f3nica"],"inLanguage":"es-CL","potentialAction":[{"@type":"CommentAction","name":"Comment","target":["https:\/\/eltrabajo.cl\/web\/alcaldes-de-la-provincia-se-reunen-con-gobernador-regional-para-definir-prioridades\/#respond"]}]},{"@type":"WebPage","@id":"https:\/\/eltrabajo.cl\/web\/alcaldes-de-la-provincia-se-reunen-con-gobernador-regional-para-definir-prioridades\/","url":"https:\/\/eltrabajo.cl\/web\/alcaldes-de-la-provincia-se-reunen-con-gobernador-regional-para-definir-prioridades\/","name":"Alcaldes de la provincia se re\u00fanen con gobernador regional para definir prioridades - Diario El Trabajo","isPartOf":{"@id":"https:\/\/eltrabajo.cl\/web\/#website"},"primaryImageOfPage":{"@id":"https:\/\/eltrabajo.cl\/web\/alcaldes-de-la-provincia-se-reunen-con-gobernador-regional-para-definir-prioridades\/#primaryimage"},"image":{"@id":"https:\/\/eltrabajo.cl\/web\/alcaldes-de-la-provincia-se-reunen-con-gobernador-regional-para-definir-prioridades\/#primaryimage"},"thumbnailUrl":"https:\/\/eltrabajo.cl\/web\/wp-content\/uploads\/2025\/03\/reunion-gore-y-alcaldes.jpg","datePublished":"2025-03-13T00:01:18+00:00","breadcrumb":{"@id":"https:\/\/eltrabajo.cl\/web\/alcaldes-de-la-provincia-se-reunen-con-gobernador-regional-para-definir-prioridades\/#breadcrumb"},"inLanguage":"es-CL","potentialAction":[{"@type":"ReadAction","target":["https:\/\/eltrabajo.cl\/web\/alcaldes-de-la-provincia-se-reunen-con-gobernador-regional-para-definir-prioridades\/"]}]},{"@type":"ImageObject","inLanguage":"es-CL","@id":"https:\/\/eltrabajo.cl\/web\/alcaldes-de-la-provincia-se-reunen-con-gobernador-regional-para-definir-prioridades\/#primaryimage","url":"https:\/\/eltrabajo.cl\/web\/wp-content\/uploads\/2025\/03\/reunion-gore-y-alcaldes.jpg","contentUrl":"https:\/\/eltrabajo.cl\/web\/wp-content\/uploads\/2025\/03\/reunion-gore-y-alcaldes.jpg","width":699,"height":341,"caption":"Este mi\u00e9rcoles los alcaldes de la provincia de San Felipe se reunieron con el gobernador regional de Valpara\u00edso para discutir los principales proyectos a desarrollar durante 2025."},{"@type":"BreadcrumbList","@id":"https:\/\/eltrabajo.cl\/web\/alcaldes-de-la-provincia-se-reunen-con-gobernador-regional-para-definir-prioridades\/#breadcrumb","itemListElement":[{"@type":"ListItem","position":1,"name":"Portada","item":"https:\/\/eltrabajo.cl\/web\/"},{"@type":"ListItem","position":2,"name":"Alcaldes de la provincia se re\u00fanen con gobernador regional para definir prioridades"}]},{"@type":"WebSite","@id":"https:\/\/eltrabajo.cl\/web\/#website","url":"https:\/\/eltrabajo.cl\/web\/","name":"Diario El Trabajo","description":"Desde 1929 construyendo Identidad Local","publisher":{"@id":"https:\/\/eltrabajo.cl\/web\/#organization"},"potentialAction":[{"@type":"SearchAction","target":{"@type":"EntryPoint","urlTemplate":"https:\/\/eltrabajo.cl\/web\/?s={search_term_string}"},"query-input":{"@type":"PropertyValueSpecification","valueRequired":true,"valueName":"search_term_string"}}],"inLanguage":"es-CL"},{"@type":"Organization","@id":"https:\/\/eltrabajo.cl\/web\/#organization","name":"Diario El Trabajo","url":"https:\/\/eltrabajo.cl\/web\/","logo":{"@type":"ImageObject","inLanguage":"es-CL","@id":"https:\/\/eltrabajo.cl\/web\/#\/schema\/logo\/image\/","url":"https:\/\/eltrabajo.cl\/web\/wp-content\/uploads\/2024\/06\/profile-image-ig-page-diarioeltrabajo.jpg","contentUrl":"https:\/\/eltrabajo.cl\/web\/wp-content\/uploads\/2024\/06\/profile-image-ig-page-diarioeltrabajo.jpg","width":823,"height":823,"caption":"Diario El Trabajo"},"image":{"@id":"https:\/\/eltrabajo.cl\/web\/#\/schema\/logo\/image\/"},"sameAs":["https:\/\/www.facebook.com\/ElTrabajoDiario","https:\/\/x.com\/diarioeltrabajo"]},{"@type":"Person","@id":"https:\/\/eltrabajo.cl\/web\/#\/schema\/person\/45efd3d17f86ec456e44dd7debe1bf19","name":"Diario El Trabajo","image":{"@type":"ImageObject","inLanguage":"es-CL","@id":"https:\/\/secure.gravatar.com\/avatar\/7e6ec277dc4aea2677c2dc301d4227957219329c985ab69a3efc12518b5161aa?s=96&d=mm&r=g","url":"https:\/\/secure.gravatar.com\/avatar\/7e6ec277dc4aea2677c2dc301d4227957219329c985ab69a3efc12518b5161aa?s=96&d=mm&r=g","contentUrl":"https:\/\/secure.gravatar.com\/avatar\/7e6ec277dc4aea2677c2dc301d4227957219329c985ab69a3efc12518b5161aa?s=96&d=mm&r=g","caption":"Diario El Trabajo"},"sameAs":["https:\/\/eltrabajo.cl\/web"],"url":"https:\/\/eltrabajo.cl\/web\/author\/diario-el-trabajo\/"}]}},"_links":{"self":[{"href":"https:\/\/eltrabajo.cl\/web\/wp-json\/wp\/v2\/posts\/135660","targetHints":{"allow":["GET"]}}],"collection":[{"href":"https:\/\/eltrabajo.cl\/web\/wp-json\/wp\/v2\/posts"}],"about":[{"href":"https:\/\/eltrabajo.cl\/web\/wp-json\/wp\/v2\/types\/post"}],"author":[{"embeddable":true,"href":"https:\/\/eltrabajo.cl\/web\/wp-json\/wp\/v2\/users\/1"}],"replies":[{"embeddable":true,"href":"https:\/\/eltrabajo.cl\/web\/wp-json\/wp\/v2\/comments?post=135660"}],"version-history":[{"count":1,"href":"https:\/\/eltrabajo.cl\/web\/wp-json\/wp\/v2\/posts\/135660\/revisions"}],"predecessor-version":[{"id":135662,"href":"https:\/\/eltrabajo.cl\/web\/wp-json\/wp\/v2\/posts\/135660\/revisions\/135662"}],"wp:featuredmedia":[{"embeddable":true,"href":"https:\/\/eltrabajo.cl\/web\/wp-json\/wp\/v2\/media\/135661"}],"wp:attachment":[{"href":"https:\/\/eltrabajo.cl\/web\/wp-json\/wp\/v2\/media?parent=135660"}],"wp:term":[{"taxonomy":"category","embeddable":true,"href":"https:\/\/eltrabajo.cl\/web\/wp-json\/wp\/v2\/categories?post=135660"},{"taxonomy":"post_tag","embeddable":true,"href":"https:\/\/eltrabajo.cl\/web\/wp-json\/wp\/v2\/tags?post=135660"}],"curies":[{"name":"wp","href":"https:\/\/api.w.org\/{rel}","templated":true}]}}