{"id":135663,"date":"2025-03-12T21:03:05","date_gmt":"2025-03-13T00:03:05","guid":{"rendered":"https:\/\/eltrabajo.cl\/web\/?p=135663"},"modified":"2025-03-12T21:03:05","modified_gmt":"2025-03-13T00:03:05","slug":"siete-detenidos-tras-operativo-al-comercio-ambulante-en-el-centro","status":"publish","type":"post","link":"https:\/\/eltrabajo.cl\/web\/siete-detenidos-tras-operativo-al-comercio-ambulante-en-el-centro\/","title":{"rendered":"Siete detenidos tras operativo al comercio ambulante en el centro"},"content":{"rendered":"<ul>\n<li><strong>Uno de los aprehendidos manten\u00eda una condena de 3 a\u00f1os y 165 d\u00edas.-<\/strong><\/li>\n<\/ul>\n<p>La ma\u00f1ana de este mi\u00e9rcoles, Carabineros de la Segunda Comisar\u00eda de San Felipe y en un trabajo conjunto con Seguridad Municipal, realizaron un operativo de fiscalizaci\u00f3n al comercio ambulante en el centro de la comuna, que dej\u00f3 a siete personas detenidas como saldo.<\/p>\n<p>Del total de aprehendidos, cinco personas corresponden a \u00f3rdenes de arresto emitidas desde el Juzgado de Polic\u00eda Local, lo que se traduce en el ejercicio del comercio informal sin pagar permiso municipal. Es decir, tras reiteradas infracciones y el no pago de estas mismas, se decreta a la detenci\u00f3n de estas personas.<\/p>\n<p>Por otro lado, los dos \u00faltimos detenidos son por mantener \u00f3rdenes de aprehensi\u00f3n vigentes, por diferentes delitos, destac\u00e1ndose que uno de los sujetos arrestados manten\u00eda una condena de 3 a\u00f1os y 165 d\u00edas.<\/p>\n<p>Adem\u00e1s, seg\u00fan informaron desde la unidad policial se logr\u00f3 la incautaci\u00f3n y decomiso de diversas especias que eran utilizadas para la venta informal, las cuales fueron puestas a disposici\u00f3n de tribunales. As\u00ed, lo detall\u00f3 el comisario de Carabineros de la Segunda Comisar\u00eda de San Felipe, mayor <strong>Gonzalo Medina<\/strong>.<\/p>\n<p><em>\u00abEn el marco y el desarrollo de los servicios permanentes de control y fiscalizaci\u00f3n que desarrolla Carabineros de la comuna de San Felipe, y con el trabajo mancomunado de personal de seguridad ciudadana de la comuna, hoy <\/em>(ayer)<em> se llev\u00f3 a cabo un operativo c\u00edvico en el sector centro de la ciudad, con su enfoque en la fiscalizaci\u00f3n al comercio ambulante\u00bb<\/em>, precis\u00f3.<\/p>\n<p>En cuanto al balance de este nuevo procedimiento de Carabineros y la incautaci\u00f3n de elementos dispuestos para el comercio ambulante, indic\u00f3 que <em>\u00abcomo resultado se logr\u00f3 la detenci\u00f3n de siete personas, cinco de ellas por mantener \u00f3rdenes de arresto y dos de ellas por mantener \u00f3rdenes vigentes con diferentes tribunales. Adem\u00e1s de esto, se logr\u00f3 la incautaci\u00f3n y el decomiso de diversas especies que se dedicaban estas personas al comercio informal y sobre la base de esto, fueron puestas a disposici\u00f3n de los diferentes tribunales\u00bb<\/em>, explic\u00f3 el mayor.<\/p>\n<p>Finalmente, Gonzalo Medina estableci\u00f3 que personal de servicio seguir\u00e1 desarrollando este tipo de procedimientos. <em>\u00abCarabineros de Chile seguir\u00e1 desarrollando acciones atingentes a poder generar una mayor sensaci\u00f3n de seguridad y, por supuesto, sobre la base del an\u00e1lisis criminal y la inteligencia policial\u00bb<\/em>, cerr\u00f3.<\/p>\n<figure id=\"attachment_135665\" aria-describedby=\"caption-attachment-135665\" style=\"width: 699px\" class=\"wp-caption alignnone\"><img loading=\"lazy\" decoding=\"async\" class=\"size-full wp-image-135665\" src=\"http:\/\/eltrabajo.cl\/web\/wp-content\/uploads\/2025\/03\/fiscalizacion-comercio-ambulante-1.jpg\" alt=\"Carabineros fiscalizando a comerciante informal.\" width=\"699\" height=\"489\" srcset=\"https:\/\/eltrabajo.cl\/web\/wp-content\/uploads\/2025\/03\/fiscalizacion-comercio-ambulante-1.jpg 699w, https:\/\/eltrabajo.cl\/web\/wp-content\/uploads\/2025\/03\/fiscalizacion-comercio-ambulante-1-300x210.jpg 300w, https:\/\/eltrabajo.cl\/web\/wp-content\/uploads\/2025\/03\/fiscalizacion-comercio-ambulante-1-600x420.jpg 600w, https:\/\/eltrabajo.cl\/web\/wp-content\/uploads\/2025\/03\/fiscalizacion-comercio-ambulante-1-150x105.jpg 150w, https:\/\/eltrabajo.cl\/web\/wp-content\/uploads\/2025\/03\/fiscalizacion-comercio-ambulante-1-696x487.jpg 696w\" sizes=\"auto, (max-width: 699px) 100vw, 699px\" \/><figcaption id=\"caption-attachment-135665\" class=\"wp-caption-text\">Carabineros fiscalizando a comerciante informal.<\/figcaption><\/figure>\n<figure id=\"attachment_135664\" aria-describedby=\"caption-attachment-135664\" style=\"width: 700px\" class=\"wp-caption alignnone\"><img loading=\"lazy\" decoding=\"async\" class=\"size-full wp-image-135664\" src=\"http:\/\/eltrabajo.cl\/web\/wp-content\/uploads\/2025\/03\/fiscalizacion-comercio-ambulante-4.jpg\" alt=\"Uno de los detenidos por Carabineros de la Segunda Comisar\u00eda de San Felipe.\" width=\"700\" height=\"525\" srcset=\"https:\/\/eltrabajo.cl\/web\/wp-content\/uploads\/2025\/03\/fiscalizacion-comercio-ambulante-4.jpg 700w, https:\/\/eltrabajo.cl\/web\/wp-content\/uploads\/2025\/03\/fiscalizacion-comercio-ambulante-4-300x225.jpg 300w, https:\/\/eltrabajo.cl\/web\/wp-content\/uploads\/2025\/03\/fiscalizacion-comercio-ambulante-4-560x420.jpg 560w, https:\/\/eltrabajo.cl\/web\/wp-content\/uploads\/2025\/03\/fiscalizacion-comercio-ambulante-4-80x60.jpg 80w, https:\/\/eltrabajo.cl\/web\/wp-content\/uploads\/2025\/03\/fiscalizacion-comercio-ambulante-4-150x113.jpg 150w, https:\/\/eltrabajo.cl\/web\/wp-content\/uploads\/2025\/03\/fiscalizacion-comercio-ambulante-4-696x522.jpg 696w\" sizes=\"auto, (max-width: 700px) 100vw, 700px\" \/><figcaption id=\"caption-attachment-135664\" class=\"wp-caption-text\">Uno de los detenidos por Carabineros de la Segunda Comisar\u00eda de San Felipe.<\/figcaption><\/figure>\n","protected":false},"excerpt":{"rendered":"<p>Uno de los aprehendidos manten\u00eda una condena de 3 a\u00f1os y 165 d\u00edas.- La ma\u00f1ana de este mi\u00e9rcoles, Carabineros de la Segunda Comisar\u00eda de San Felipe y en un trabajo conjunto con Seguridad Municipal, realizaron un operativo de fiscalizaci\u00f3n al comercio ambulante en el centro de la comuna, que dej\u00f3 a siete personas detenidas como [&hellip;]<\/p>\n","protected":false},"author":1,"featured_media":135664,"comment_status":"open","ping_status":"closed","sticky":false,"template":"","format":"standard","meta":{"footnotes":""},"categories":[5],"tags":[],"class_list":{"0":"post-135663","1":"post","2":"type-post","3":"status-publish","4":"format-standard","5":"has-post-thumbnail","7":"category-policial"},"yoast_head":"<!-- This site is optimized with the Yoast SEO plugin v27.5 - https:\/\/yoast.com\/product\/yoast-seo-wordpress\/ -->\n<title>Siete detenidos tras operativo al comercio ambulante en el centro - Diario El Trabajo<\/title>\n<meta name=\"robots\" content=\"index, follow, max-snippet:-1, max-image-preview:large, max-video-preview:-1\" \/>\n<link rel=\"canonical\" href=\"https:\/\/eltrabajo.cl\/web\/siete-detenidos-tras-operativo-al-comercio-ambulante-en-el-centro\/\" \/>\n<meta property=\"og:locale\" content=\"es_ES\" \/>\n<meta property=\"og:type\" content=\"article\" \/>\n<meta property=\"og:title\" content=\"Siete detenidos tras operativo al comercio ambulante en el centro - Diario El Trabajo\" \/>\n<meta property=\"og:description\" content=\"Uno de los aprehendidos manten\u00eda una condena de 3 a\u00f1os y 165 d\u00edas.- La ma\u00f1ana de este mi\u00e9rcoles, Carabineros de la Segunda Comisar\u00eda de San Felipe y en un trabajo conjunto con Seguridad Municipal, realizaron un operativo de fiscalizaci\u00f3n al comercio ambulante en el centro de la comuna, que dej\u00f3 a siete personas detenidas como [&hellip;]\" \/>\n<meta property=\"og:url\" content=\"https:\/\/eltrabajo.cl\/web\/siete-detenidos-tras-operativo-al-comercio-ambulante-en-el-centro\/\" \/>\n<meta property=\"og:site_name\" content=\"Diario El Trabajo\" \/>\n<meta property=\"article:publisher\" content=\"https:\/\/www.facebook.com\/ElTrabajoDiario\" \/>\n<meta property=\"article:published_time\" content=\"2025-03-13T00:03:05+00:00\" \/>\n<meta property=\"og:image\" content=\"https:\/\/eltrabajo.cl\/web\/wp-content\/uploads\/2025\/03\/fiscalizacion-comercio-ambulante-4.jpg\" \/>\n\t<meta property=\"og:image:width\" content=\"700\" \/>\n\t<meta property=\"og:image:height\" content=\"525\" \/>\n\t<meta property=\"og:image:type\" content=\"image\/jpeg\" \/>\n<meta name=\"author\" content=\"Diario El Trabajo\" \/>\n<meta name=\"twitter:card\" content=\"summary_large_image\" \/>\n<meta name=\"twitter:creator\" content=\"@diarioeltrabajo\" \/>\n<meta name=\"twitter:site\" content=\"@diarioeltrabajo\" \/>\n<meta name=\"twitter:label1\" content=\"Escrito por\" \/>\n\t<meta name=\"twitter:data1\" content=\"Diario El Trabajo\" \/>\n\t<meta name=\"twitter:label2\" content=\"Tiempo estimado de lectura\" \/>\n\t<meta name=\"twitter:data2\" content=\"3 minutos\" \/>\n<script type=\"application\/ld+json\" class=\"yoast-schema-graph\">{\"@context\":\"https:\\\/\\\/schema.org\",\"@graph\":[{\"@type\":\"Article\",\"@id\":\"https:\\\/\\\/eltrabajo.cl\\\/web\\\/siete-detenidos-tras-operativo-al-comercio-ambulante-en-el-centro\\\/#article\",\"isPartOf\":{\"@id\":\"https:\\\/\\\/eltrabajo.cl\\\/web\\\/siete-detenidos-tras-operativo-al-comercio-ambulante-en-el-centro\\\/\"},\"author\":{\"name\":\"Diario El Trabajo\",\"@id\":\"https:\\\/\\\/eltrabajo.cl\\\/web\\\/#\\\/schema\\\/person\\\/45efd3d17f86ec456e44dd7debe1bf19\"},\"headline\":\"Siete detenidos tras operativo al comercio ambulante en el centro\",\"datePublished\":\"2025-03-13T00:03:05+00:00\",\"mainEntityOfPage\":{\"@id\":\"https:\\\/\\\/eltrabajo.cl\\\/web\\\/siete-detenidos-tras-operativo-al-comercio-ambulante-en-el-centro\\\/\"},\"wordCount\":451,\"commentCount\":0,\"publisher\":{\"@id\":\"https:\\\/\\\/eltrabajo.cl\\\/web\\\/#organization\"},\"image\":{\"@id\":\"https:\\\/\\\/eltrabajo.cl\\\/web\\\/siete-detenidos-tras-operativo-al-comercio-ambulante-en-el-centro\\\/#primaryimage\"},\"thumbnailUrl\":\"https:\\\/\\\/eltrabajo.cl\\\/web\\\/wp-content\\\/uploads\\\/2025\\\/03\\\/fiscalizacion-comercio-ambulante-4.jpg\",\"articleSection\":[\"Policial\"],\"inLanguage\":\"es-CL\",\"potentialAction\":[{\"@type\":\"CommentAction\",\"name\":\"Comment\",\"target\":[\"https:\\\/\\\/eltrabajo.cl\\\/web\\\/siete-detenidos-tras-operativo-al-comercio-ambulante-en-el-centro\\\/#respond\"]}]},{\"@type\":\"WebPage\",\"@id\":\"https:\\\/\\\/eltrabajo.cl\\\/web\\\/siete-detenidos-tras-operativo-al-comercio-ambulante-en-el-centro\\\/\",\"url\":\"https:\\\/\\\/eltrabajo.cl\\\/web\\\/siete-detenidos-tras-operativo-al-comercio-ambulante-en-el-centro\\\/\",\"name\":\"Siete detenidos tras operativo al comercio ambulante en el centro - Diario El Trabajo\",\"isPartOf\":{\"@id\":\"https:\\\/\\\/eltrabajo.cl\\\/web\\\/#website\"},\"primaryImageOfPage\":{\"@id\":\"https:\\\/\\\/eltrabajo.cl\\\/web\\\/siete-detenidos-tras-operativo-al-comercio-ambulante-en-el-centro\\\/#primaryimage\"},\"image\":{\"@id\":\"https:\\\/\\\/eltrabajo.cl\\\/web\\\/siete-detenidos-tras-operativo-al-comercio-ambulante-en-el-centro\\\/#primaryimage\"},\"thumbnailUrl\":\"https:\\\/\\\/eltrabajo.cl\\\/web\\\/wp-content\\\/uploads\\\/2025\\\/03\\\/fiscalizacion-comercio-ambulante-4.jpg\",\"datePublished\":\"2025-03-13T00:03:05+00:00\",\"breadcrumb\":{\"@id\":\"https:\\\/\\\/eltrabajo.cl\\\/web\\\/siete-detenidos-tras-operativo-al-comercio-ambulante-en-el-centro\\\/#breadcrumb\"},\"inLanguage\":\"es-CL\",\"potentialAction\":[{\"@type\":\"ReadAction\",\"target\":[\"https:\\\/\\\/eltrabajo.cl\\\/web\\\/siete-detenidos-tras-operativo-al-comercio-ambulante-en-el-centro\\\/\"]}]},{\"@type\":\"ImageObject\",\"inLanguage\":\"es-CL\",\"@id\":\"https:\\\/\\\/eltrabajo.cl\\\/web\\\/siete-detenidos-tras-operativo-al-comercio-ambulante-en-el-centro\\\/#primaryimage\",\"url\":\"https:\\\/\\\/eltrabajo.cl\\\/web\\\/wp-content\\\/uploads\\\/2025\\\/03\\\/fiscalizacion-comercio-ambulante-4.jpg\",\"contentUrl\":\"https:\\\/\\\/eltrabajo.cl\\\/web\\\/wp-content\\\/uploads\\\/2025\\\/03\\\/fiscalizacion-comercio-ambulante-4.jpg\",\"width\":700,\"height\":525,\"caption\":\"Uno de los detenidos por Carabineros de la Segunda Comisar\u00eda de San Felipe.\"},{\"@type\":\"BreadcrumbList\",\"@id\":\"https:\\\/\\\/eltrabajo.cl\\\/web\\\/siete-detenidos-tras-operativo-al-comercio-ambulante-en-el-centro\\\/#breadcrumb\",\"itemListElement\":[{\"@type\":\"ListItem\",\"position\":1,\"name\":\"Portada\",\"item\":\"https:\\\/\\\/eltrabajo.cl\\\/web\\\/\"},{\"@type\":\"ListItem\",\"position\":2,\"name\":\"Siete detenidos tras operativo al comercio ambulante en el centro\"}]},{\"@type\":\"WebSite\",\"@id\":\"https:\\\/\\\/eltrabajo.cl\\\/web\\\/#website\",\"url\":\"https:\\\/\\\/eltrabajo.cl\\\/web\\\/\",\"name\":\"Diario El Trabajo\",\"description\":\"Desde 1929 construyendo Identidad Local\",\"publisher\":{\"@id\":\"https:\\\/\\\/eltrabajo.cl\\\/web\\\/#organization\"},\"potentialAction\":[{\"@type\":\"SearchAction\",\"target\":{\"@type\":\"EntryPoint\",\"urlTemplate\":\"https:\\\/\\\/eltrabajo.cl\\\/web\\\/?s={search_term_string}\"},\"query-input\":{\"@type\":\"PropertyValueSpecification\",\"valueRequired\":true,\"valueName\":\"search_term_string\"}}],\"inLanguage\":\"es-CL\"},{\"@type\":\"Organization\",\"@id\":\"https:\\\/\\\/eltrabajo.cl\\\/web\\\/#organization\",\"name\":\"Diario El Trabajo\",\"url\":\"https:\\\/\\\/eltrabajo.cl\\\/web\\\/\",\"logo\":{\"@type\":\"ImageObject\",\"inLanguage\":\"es-CL\",\"@id\":\"https:\\\/\\\/eltrabajo.cl\\\/web\\\/#\\\/schema\\\/logo\\\/image\\\/\",\"url\":\"https:\\\/\\\/eltrabajo.cl\\\/web\\\/wp-content\\\/uploads\\\/2024\\\/06\\\/profile-image-ig-page-diarioeltrabajo.jpg\",\"contentUrl\":\"https:\\\/\\\/eltrabajo.cl\\\/web\\\/wp-content\\\/uploads\\\/2024\\\/06\\\/profile-image-ig-page-diarioeltrabajo.jpg\",\"width\":823,\"height\":823,\"caption\":\"Diario El Trabajo\"},\"image\":{\"@id\":\"https:\\\/\\\/eltrabajo.cl\\\/web\\\/#\\\/schema\\\/logo\\\/image\\\/\"},\"sameAs\":[\"https:\\\/\\\/www.facebook.com\\\/ElTrabajoDiario\",\"https:\\\/\\\/x.com\\\/diarioeltrabajo\"]},{\"@type\":\"Person\",\"@id\":\"https:\\\/\\\/eltrabajo.cl\\\/web\\\/#\\\/schema\\\/person\\\/45efd3d17f86ec456e44dd7debe1bf19\",\"name\":\"Diario El Trabajo\",\"image\":{\"@type\":\"ImageObject\",\"inLanguage\":\"es-CL\",\"@id\":\"https:\\\/\\\/secure.gravatar.com\\\/avatar\\\/7e6ec277dc4aea2677c2dc301d4227957219329c985ab69a3efc12518b5161aa?s=96&d=mm&r=g\",\"url\":\"https:\\\/\\\/secure.gravatar.com\\\/avatar\\\/7e6ec277dc4aea2677c2dc301d4227957219329c985ab69a3efc12518b5161aa?s=96&d=mm&r=g\",\"contentUrl\":\"https:\\\/\\\/secure.gravatar.com\\\/avatar\\\/7e6ec277dc4aea2677c2dc301d4227957219329c985ab69a3efc12518b5161aa?s=96&d=mm&r=g\",\"caption\":\"Diario El Trabajo\"},\"sameAs\":[\"https:\\\/\\\/eltrabajo.cl\\\/web\"],\"url\":\"https:\\\/\\\/eltrabajo.cl\\\/web\\\/author\\\/diario-el-trabajo\\\/\"}]}<\/script>\n<!-- \/ Yoast SEO plugin. -->","yoast_head_json":{"title":"Siete detenidos tras operativo al comercio ambulante en el centro - Diario El Trabajo","robots":{"index":"index","follow":"follow","max-snippet":"max-snippet:-1","max-image-preview":"max-image-preview:large","max-video-preview":"max-video-preview:-1"},"canonical":"https:\/\/eltrabajo.cl\/web\/siete-detenidos-tras-operativo-al-comercio-ambulante-en-el-centro\/","og_locale":"es_ES","og_type":"article","og_title":"Siete detenidos tras operativo al comercio ambulante en el centro - Diario El Trabajo","og_description":"Uno de los aprehendidos manten\u00eda una condena de 3 a\u00f1os y 165 d\u00edas.- La ma\u00f1ana de este mi\u00e9rcoles, Carabineros de la Segunda Comisar\u00eda de San Felipe y en un trabajo conjunto con Seguridad Municipal, realizaron un operativo de fiscalizaci\u00f3n al comercio ambulante en el centro de la comuna, que dej\u00f3 a siete personas detenidas como [&hellip;]","og_url":"https:\/\/eltrabajo.cl\/web\/siete-detenidos-tras-operativo-al-comercio-ambulante-en-el-centro\/","og_site_name":"Diario El Trabajo","article_publisher":"https:\/\/www.facebook.com\/ElTrabajoDiario","article_published_time":"2025-03-13T00:03:05+00:00","og_image":[{"width":700,"height":525,"url":"https:\/\/eltrabajo.cl\/web\/wp-content\/uploads\/2025\/03\/fiscalizacion-comercio-ambulante-4.jpg","type":"image\/jpeg"}],"author":"Diario El Trabajo","twitter_card":"summary_large_image","twitter_creator":"@diarioeltrabajo","twitter_site":"@diarioeltrabajo","twitter_misc":{"Escrito por":"Diario El Trabajo","Tiempo estimado de lectura":"3 minutos"},"schema":{"@context":"https:\/\/schema.org","@graph":[{"@type":"Article","@id":"https:\/\/eltrabajo.cl\/web\/siete-detenidos-tras-operativo-al-comercio-ambulante-en-el-centro\/#article","isPartOf":{"@id":"https:\/\/eltrabajo.cl\/web\/siete-detenidos-tras-operativo-al-comercio-ambulante-en-el-centro\/"},"author":{"name":"Diario El Trabajo","@id":"https:\/\/eltrabajo.cl\/web\/#\/schema\/person\/45efd3d17f86ec456e44dd7debe1bf19"},"headline":"Siete detenidos tras operativo al comercio ambulante en el centro","datePublished":"2025-03-13T00:03:05+00:00","mainEntityOfPage":{"@id":"https:\/\/eltrabajo.cl\/web\/siete-detenidos-tras-operativo-al-comercio-ambulante-en-el-centro\/"},"wordCount":451,"commentCount":0,"publisher":{"@id":"https:\/\/eltrabajo.cl\/web\/#organization"},"image":{"@id":"https:\/\/eltrabajo.cl\/web\/siete-detenidos-tras-operativo-al-comercio-ambulante-en-el-centro\/#primaryimage"},"thumbnailUrl":"https:\/\/eltrabajo.cl\/web\/wp-content\/uploads\/2025\/03\/fiscalizacion-comercio-ambulante-4.jpg","articleSection":["Policial"],"inLanguage":"es-CL","potentialAction":[{"@type":"CommentAction","name":"Comment","target":["https:\/\/eltrabajo.cl\/web\/siete-detenidos-tras-operativo-al-comercio-ambulante-en-el-centro\/#respond"]}]},{"@type":"WebPage","@id":"https:\/\/eltrabajo.cl\/web\/siete-detenidos-tras-operativo-al-comercio-ambulante-en-el-centro\/","url":"https:\/\/eltrabajo.cl\/web\/siete-detenidos-tras-operativo-al-comercio-ambulante-en-el-centro\/","name":"Siete detenidos tras operativo al comercio ambulante en el centro - Diario El Trabajo","isPartOf":{"@id":"https:\/\/eltrabajo.cl\/web\/#website"},"primaryImageOfPage":{"@id":"https:\/\/eltrabajo.cl\/web\/siete-detenidos-tras-operativo-al-comercio-ambulante-en-el-centro\/#primaryimage"},"image":{"@id":"https:\/\/eltrabajo.cl\/web\/siete-detenidos-tras-operativo-al-comercio-ambulante-en-el-centro\/#primaryimage"},"thumbnailUrl":"https:\/\/eltrabajo.cl\/web\/wp-content\/uploads\/2025\/03\/fiscalizacion-comercio-ambulante-4.jpg","datePublished":"2025-03-13T00:03:05+00:00","breadcrumb":{"@id":"https:\/\/eltrabajo.cl\/web\/siete-detenidos-tras-operativo-al-comercio-ambulante-en-el-centro\/#breadcrumb"},"inLanguage":"es-CL","potentialAction":[{"@type":"ReadAction","target":["https:\/\/eltrabajo.cl\/web\/siete-detenidos-tras-operativo-al-comercio-ambulante-en-el-centro\/"]}]},{"@type":"ImageObject","inLanguage":"es-CL","@id":"https:\/\/eltrabajo.cl\/web\/siete-detenidos-tras-operativo-al-comercio-ambulante-en-el-centro\/#primaryimage","url":"https:\/\/eltrabajo.cl\/web\/wp-content\/uploads\/2025\/03\/fiscalizacion-comercio-ambulante-4.jpg","contentUrl":"https:\/\/eltrabajo.cl\/web\/wp-content\/uploads\/2025\/03\/fiscalizacion-comercio-ambulante-4.jpg","width":700,"height":525,"caption":"Uno de los detenidos por Carabineros de la Segunda Comisar\u00eda de San Felipe."},{"@type":"BreadcrumbList","@id":"https:\/\/eltrabajo.cl\/web\/siete-detenidos-tras-operativo-al-comercio-ambulante-en-el-centro\/#breadcrumb","itemListElement":[{"@type":"ListItem","position":1,"name":"Portada","item":"https:\/\/eltrabajo.cl\/web\/"},{"@type":"ListItem","position":2,"name":"Siete detenidos tras operativo al comercio ambulante en el centro"}]},{"@type":"WebSite","@id":"https:\/\/eltrabajo.cl\/web\/#website","url":"https:\/\/eltrabajo.cl\/web\/","name":"Diario El Trabajo","description":"Desde 1929 construyendo Identidad Local","publisher":{"@id":"https:\/\/eltrabajo.cl\/web\/#organization"},"potentialAction":[{"@type":"SearchAction","target":{"@type":"EntryPoint","urlTemplate":"https:\/\/eltrabajo.cl\/web\/?s={search_term_string}"},"query-input":{"@type":"PropertyValueSpecification","valueRequired":true,"valueName":"search_term_string"}}],"inLanguage":"es-CL"},{"@type":"Organization","@id":"https:\/\/eltrabajo.cl\/web\/#organization","name":"Diario El Trabajo","url":"https:\/\/eltrabajo.cl\/web\/","logo":{"@type":"ImageObject","inLanguage":"es-CL","@id":"https:\/\/eltrabajo.cl\/web\/#\/schema\/logo\/image\/","url":"https:\/\/eltrabajo.cl\/web\/wp-content\/uploads\/2024\/06\/profile-image-ig-page-diarioeltrabajo.jpg","contentUrl":"https:\/\/eltrabajo.cl\/web\/wp-content\/uploads\/2024\/06\/profile-image-ig-page-diarioeltrabajo.jpg","width":823,"height":823,"caption":"Diario El Trabajo"},"image":{"@id":"https:\/\/eltrabajo.cl\/web\/#\/schema\/logo\/image\/"},"sameAs":["https:\/\/www.facebook.com\/ElTrabajoDiario","https:\/\/x.com\/diarioeltrabajo"]},{"@type":"Person","@id":"https:\/\/eltrabajo.cl\/web\/#\/schema\/person\/45efd3d17f86ec456e44dd7debe1bf19","name":"Diario El Trabajo","image":{"@type":"ImageObject","inLanguage":"es-CL","@id":"https:\/\/secure.gravatar.com\/avatar\/7e6ec277dc4aea2677c2dc301d4227957219329c985ab69a3efc12518b5161aa?s=96&d=mm&r=g","url":"https:\/\/secure.gravatar.com\/avatar\/7e6ec277dc4aea2677c2dc301d4227957219329c985ab69a3efc12518b5161aa?s=96&d=mm&r=g","contentUrl":"https:\/\/secure.gravatar.com\/avatar\/7e6ec277dc4aea2677c2dc301d4227957219329c985ab69a3efc12518b5161aa?s=96&d=mm&r=g","caption":"Diario El Trabajo"},"sameAs":["https:\/\/eltrabajo.cl\/web"],"url":"https:\/\/eltrabajo.cl\/web\/author\/diario-el-trabajo\/"}]}},"_links":{"self":[{"href":"https:\/\/eltrabajo.cl\/web\/wp-json\/wp\/v2\/posts\/135663","targetHints":{"allow":["GET"]}}],"collection":[{"href":"https:\/\/eltrabajo.cl\/web\/wp-json\/wp\/v2\/posts"}],"about":[{"href":"https:\/\/eltrabajo.cl\/web\/wp-json\/wp\/v2\/types\/post"}],"author":[{"embeddable":true,"href":"https:\/\/eltrabajo.cl\/web\/wp-json\/wp\/v2\/users\/1"}],"replies":[{"embeddable":true,"href":"https:\/\/eltrabajo.cl\/web\/wp-json\/wp\/v2\/comments?post=135663"}],"version-history":[{"count":1,"href":"https:\/\/eltrabajo.cl\/web\/wp-json\/wp\/v2\/posts\/135663\/revisions"}],"predecessor-version":[{"id":135666,"href":"https:\/\/eltrabajo.cl\/web\/wp-json\/wp\/v2\/posts\/135663\/revisions\/135666"}],"wp:featuredmedia":[{"embeddable":true,"href":"https:\/\/eltrabajo.cl\/web\/wp-json\/wp\/v2\/media\/135664"}],"wp:attachment":[{"href":"https:\/\/eltrabajo.cl\/web\/wp-json\/wp\/v2\/media?parent=135663"}],"wp:term":[{"taxonomy":"category","embeddable":true,"href":"https:\/\/eltrabajo.cl\/web\/wp-json\/wp\/v2\/categories?post=135663"},{"taxonomy":"post_tag","embeddable":true,"href":"https:\/\/eltrabajo.cl\/web\/wp-json\/wp\/v2\/tags?post=135663"}],"curies":[{"name":"wp","href":"https:\/\/api.w.org\/{rel}","templated":true}]}}