{"id":135735,"date":"2025-03-17T20:34:40","date_gmt":"2025-03-17T23:34:40","guid":{"rendered":"https:\/\/eltrabajo.cl\/web\/?p=135735"},"modified":"2025-03-17T20:34:40","modified_gmt":"2025-03-17T23:34:40","slug":"un-total-de-17-nuevos-bomberos-fueron-bautizados-en-tradicional-ceremonia","status":"publish","type":"post","link":"https:\/\/eltrabajo.cl\/web\/un-total-de-17-nuevos-bomberos-fueron-bautizados-en-tradicional-ceremonia\/","title":{"rendered":"Un total de 17 nuevos bomberos fueron bautizados en tradicional ceremonia"},"content":{"rendered":"<ul>\n<li><strong>Una emotiva ceremonia se vivi\u00f3 en San Felipe, que simboliz\u00f3 el paso del aspirante de la vida civil al servicio voluntario.-<\/strong><\/li>\n<\/ul>\n<p>El pasado domingo 16 de marzo al mediod\u00eda, se celebr\u00f3 el tradicional bautizo de los nuevos voluntarios del Cuerpo de Bomberos de San Felipe. Esta ceremonia, que se realiza anualmente el domingo posterior al 11 de marzo, fecha de fundaci\u00f3n de la instituci\u00f3n y de su primera compa\u00f1\u00eda, es un evento emblem\u00e1tico que marca un hito en la vida de los nuevos bomberos.<\/p>\n<p>El bautizo, est\u00e1 destinado a aquellos bomberos que ingresaron durante el a\u00f1o anterior y han completado su capacitaci\u00f3n b\u00e1sica, lo que les permite integrar las diferentes compa\u00f1\u00edas y participar en emergencias. En esta ocasi\u00f3n, un total de 17 bomberos fueron bautizados, distribuidos entre las siete compa\u00f1\u00edas del Cuerpo de Bomberos de San Felipe.<\/p>\n<p>El comandante de la instituci\u00f3n, <strong>Walter Staforelli Delgado<\/strong>, destac\u00f3 el significado de esta ceremonia.<em> \u00abEs un momento especial, ya que enmarca el cambio de vida que tiene una persona al momento de ingresar al Cuerpo de Bomberos. Por eso, se hace un arco escala, el cual el bombero sube, traspasa y baja por el otro costado tomando en cuenta que est\u00e1 pasando de su vida civil a una vida directamente del voluntariado<\/em>.<\/p>\n<p>\u00ab<em>Mientras pasa por arriba hay siete chorros de agua, los cuales simbolizan las siete compa\u00f1\u00edas, los que generan una lluvia sobre ese puente donde est\u00e1 pasando nuestro aspirante, y una vez que sucede, pasa a ser nuestro bombero\u00bb<\/em>.<\/p>\n<p>A la ceremonia, asisti\u00f3 el Cuerpo de Bomberos completo, con una participaci\u00f3n de 205 voluntarios, quienes recibieron a los 17 nuevos compa\u00f1eros. Tambi\u00e9n, fueron invitadas las familias de los nuevos bomberos, quienes desempe\u00f1an un rol fundamental en este servicio. Durante la ceremonia, cada bombero recibi\u00f3 de su familia el casco de trabajo, un s\u00edmbolo de su compromiso y dedicaci\u00f3n.<\/p>\n<p>Staforelli subray\u00f3 la importancia del apoyo familiar en el trabajo de los bomberos. <em>\u00abLas familias son parte fundamental del servicio de Bomberos, ya que ellos son quienes van a estar respaldando al bombero en las diferentes emergencias, el levantarse en la madrugada, cuando se van a perder alg\u00fan cumplea\u00f1os de alg\u00fan hijo, familiar, se\u00f1ora, etc\u00e9tera<\/em>.<\/p>\n<p>\u00ab<em>Por tal raz\u00f3n, es sumamente importante la vida familiar, la familia que apoya al bombero para que este pueda desarrollar una buena labor de voluntariado; sin el apoyo familiar, esta labor se torna muy compleja, ya que es mucho el tiempo que demanda el ser bombero y el estar atento a cualquier situaci\u00f3n\u00bb.<\/em><\/p>\n<p>Asimismo, a\u00f1adi\u00f3 que<em> \u00abentendemos que esto puede ser a cualquier hora, en cualquier momento y en este caso, los bomberos dejan de lado lo que est\u00e1n haciendo por asistir a esta emergencia y poder colaborar con la comunidad, independiente de si est\u00e1 en un cumplea\u00f1os, si tienen un aniversario o est\u00e1 realizando otra actividad\u00bb, <\/em>concluy\u00f3 el comandante.<\/p>\n<figure id=\"attachment_135736\" aria-describedby=\"caption-attachment-135736\" style=\"width: 700px\" class=\"wp-caption alignnone\"><img loading=\"lazy\" decoding=\"async\" class=\"size-full wp-image-135736\" src=\"http:\/\/eltrabajo.cl\/web\/wp-content\/uploads\/2025\/03\/bautizo-bomberil-3.jpg\" alt=\"Un total de 17 nuevos bomberos fueron oficialmente incorporados al Cuerpo de Bomberos de San Felipe.\" width=\"700\" height=\"525\" srcset=\"https:\/\/eltrabajo.cl\/web\/wp-content\/uploads\/2025\/03\/bautizo-bomberil-3.jpg 700w, https:\/\/eltrabajo.cl\/web\/wp-content\/uploads\/2025\/03\/bautizo-bomberil-3-300x225.jpg 300w, https:\/\/eltrabajo.cl\/web\/wp-content\/uploads\/2025\/03\/bautizo-bomberil-3-560x420.jpg 560w, https:\/\/eltrabajo.cl\/web\/wp-content\/uploads\/2025\/03\/bautizo-bomberil-3-80x60.jpg 80w, https:\/\/eltrabajo.cl\/web\/wp-content\/uploads\/2025\/03\/bautizo-bomberil-3-150x113.jpg 150w, https:\/\/eltrabajo.cl\/web\/wp-content\/uploads\/2025\/03\/bautizo-bomberil-3-696x522.jpg 696w\" sizes=\"auto, (max-width: 700px) 100vw, 700px\" \/><figcaption id=\"caption-attachment-135736\" class=\"wp-caption-text\">Un total de 17 nuevos bomberos fueron oficialmente incorporados al Cuerpo de Bomberos de San Felipe.<\/figcaption><\/figure>\n<figure id=\"attachment_135738\" aria-describedby=\"caption-attachment-135738\" style=\"width: 699px\" class=\"wp-caption alignnone\"><img loading=\"lazy\" decoding=\"async\" class=\"size-full wp-image-135738\" src=\"http:\/\/eltrabajo.cl\/web\/wp-content\/uploads\/2025\/03\/bautizo-bomberil-2.jpg\" alt=\"Las familias juegan un papel fundamental al respaldar a los bomberos en su servicio.\" width=\"699\" height=\"575\" srcset=\"https:\/\/eltrabajo.cl\/web\/wp-content\/uploads\/2025\/03\/bautizo-bomberil-2.jpg 699w, https:\/\/eltrabajo.cl\/web\/wp-content\/uploads\/2025\/03\/bautizo-bomberil-2-300x247.jpg 300w, https:\/\/eltrabajo.cl\/web\/wp-content\/uploads\/2025\/03\/bautizo-bomberil-2-511x420.jpg 511w, https:\/\/eltrabajo.cl\/web\/wp-content\/uploads\/2025\/03\/bautizo-bomberil-2-150x123.jpg 150w, https:\/\/eltrabajo.cl\/web\/wp-content\/uploads\/2025\/03\/bautizo-bomberil-2-696x573.jpg 696w\" sizes=\"auto, (max-width: 699px) 100vw, 699px\" \/><figcaption id=\"caption-attachment-135738\" class=\"wp-caption-text\">Las familias juegan un papel fundamental al respaldar a los bomberos en su servicio.<\/figcaption><\/figure>\n<figure id=\"attachment_135737\" aria-describedby=\"caption-attachment-135737\" style=\"width: 699px\" class=\"wp-caption alignnone\"><img loading=\"lazy\" decoding=\"async\" class=\"size-full wp-image-135737\" src=\"http:\/\/eltrabajo.cl\/web\/wp-content\/uploads\/2025\/03\/bautizo-bomberil-1.jpg\" alt=\"Este domingo se celebr\u00f3 el tradicional bautizo en la Plaza de Armas de San Felipe.\" width=\"699\" height=\"933\" srcset=\"https:\/\/eltrabajo.cl\/web\/wp-content\/uploads\/2025\/03\/bautizo-bomberil-1.jpg 699w, https:\/\/eltrabajo.cl\/web\/wp-content\/uploads\/2025\/03\/bautizo-bomberil-1-225x300.jpg 225w, https:\/\/eltrabajo.cl\/web\/wp-content\/uploads\/2025\/03\/bautizo-bomberil-1-315x420.jpg 315w, https:\/\/eltrabajo.cl\/web\/wp-content\/uploads\/2025\/03\/bautizo-bomberil-1-150x200.jpg 150w, https:\/\/eltrabajo.cl\/web\/wp-content\/uploads\/2025\/03\/bautizo-bomberil-1-300x400.jpg 300w, https:\/\/eltrabajo.cl\/web\/wp-content\/uploads\/2025\/03\/bautizo-bomberil-1-696x929.jpg 696w\" sizes=\"auto, (max-width: 699px) 100vw, 699px\" \/><figcaption id=\"caption-attachment-135737\" class=\"wp-caption-text\">Este domingo se celebr\u00f3 el tradicional bautizo en la Plaza de Armas de San Felipe.<\/figcaption><\/figure>\n","protected":false},"excerpt":{"rendered":"<p>Una emotiva ceremonia se vivi\u00f3 en San Felipe, que simboliz\u00f3 el paso del aspirante de la vida civil al servicio voluntario.- El pasado domingo 16 de marzo al mediod\u00eda, se celebr\u00f3 el tradicional bautizo de los nuevos voluntarios del Cuerpo de Bomberos de San Felipe. Esta ceremonia, que se realiza anualmente el domingo posterior al [&hellip;]<\/p>\n","protected":false},"author":1,"featured_media":135736,"comment_status":"open","ping_status":"closed","sticky":false,"template":"","format":"standard","meta":{"footnotes":""},"categories":[4],"tags":[],"class_list":{"0":"post-135735","1":"post","2":"type-post","3":"status-publish","4":"format-standard","5":"has-post-thumbnail","7":"category-comunidad"},"yoast_head":"<!-- This site is optimized with the Yoast SEO plugin v27.4 - https:\/\/yoast.com\/product\/yoast-seo-wordpress\/ -->\n<title>Un total de 17 nuevos bomberos fueron bautizados en tradicional ceremonia - Diario El Trabajo<\/title>\n<meta name=\"robots\" content=\"index, follow, max-snippet:-1, max-image-preview:large, max-video-preview:-1\" \/>\n<link rel=\"canonical\" href=\"https:\/\/eltrabajo.cl\/web\/un-total-de-17-nuevos-bomberos-fueron-bautizados-en-tradicional-ceremonia\/\" \/>\n<meta property=\"og:locale\" content=\"es_ES\" \/>\n<meta property=\"og:type\" content=\"article\" \/>\n<meta property=\"og:title\" content=\"Un total de 17 nuevos bomberos fueron bautizados en tradicional ceremonia - Diario El Trabajo\" \/>\n<meta property=\"og:description\" content=\"Una emotiva ceremonia se vivi\u00f3 en San Felipe, que simboliz\u00f3 el paso del aspirante de la vida civil al servicio voluntario.- El pasado domingo 16 de marzo al mediod\u00eda, se celebr\u00f3 el tradicional bautizo de los nuevos voluntarios del Cuerpo de Bomberos de San Felipe. Esta ceremonia, que se realiza anualmente el domingo posterior al [&hellip;]\" \/>\n<meta property=\"og:url\" content=\"https:\/\/eltrabajo.cl\/web\/un-total-de-17-nuevos-bomberos-fueron-bautizados-en-tradicional-ceremonia\/\" \/>\n<meta property=\"og:site_name\" content=\"Diario El Trabajo\" \/>\n<meta property=\"article:publisher\" content=\"https:\/\/www.facebook.com\/ElTrabajoDiario\" \/>\n<meta property=\"article:published_time\" content=\"2025-03-17T23:34:40+00:00\" \/>\n<meta property=\"og:image\" content=\"https:\/\/eltrabajo.cl\/web\/wp-content\/uploads\/2025\/03\/bautizo-bomberil-3.jpg\" \/>\n\t<meta property=\"og:image:width\" content=\"700\" \/>\n\t<meta property=\"og:image:height\" content=\"525\" \/>\n\t<meta property=\"og:image:type\" content=\"image\/jpeg\" \/>\n<meta name=\"author\" content=\"Diario El Trabajo\" \/>\n<meta name=\"twitter:card\" content=\"summary_large_image\" \/>\n<meta name=\"twitter:creator\" content=\"@diarioeltrabajo\" \/>\n<meta name=\"twitter:site\" content=\"@diarioeltrabajo\" \/>\n<meta name=\"twitter:label1\" content=\"Escrito por\" \/>\n\t<meta name=\"twitter:data1\" content=\"Diario El Trabajo\" \/>\n\t<meta name=\"twitter:label2\" content=\"Tiempo estimado de lectura\" \/>\n\t<meta name=\"twitter:data2\" content=\"4 minutos\" \/>\n<script type=\"application\/ld+json\" class=\"yoast-schema-graph\">{\"@context\":\"https:\\\/\\\/schema.org\",\"@graph\":[{\"@type\":\"Article\",\"@id\":\"https:\\\/\\\/eltrabajo.cl\\\/web\\\/un-total-de-17-nuevos-bomberos-fueron-bautizados-en-tradicional-ceremonia\\\/#article\",\"isPartOf\":{\"@id\":\"https:\\\/\\\/eltrabajo.cl\\\/web\\\/un-total-de-17-nuevos-bomberos-fueron-bautizados-en-tradicional-ceremonia\\\/\"},\"author\":{\"name\":\"Diario El Trabajo\",\"@id\":\"https:\\\/\\\/eltrabajo.cl\\\/web\\\/#\\\/schema\\\/person\\\/45efd3d17f86ec456e44dd7debe1bf19\"},\"headline\":\"Un total de 17 nuevos bomberos fueron bautizados en tradicional ceremonia\",\"datePublished\":\"2025-03-17T23:34:40+00:00\",\"mainEntityOfPage\":{\"@id\":\"https:\\\/\\\/eltrabajo.cl\\\/web\\\/un-total-de-17-nuevos-bomberos-fueron-bautizados-en-tradicional-ceremonia\\\/\"},\"wordCount\":571,\"commentCount\":0,\"publisher\":{\"@id\":\"https:\\\/\\\/eltrabajo.cl\\\/web\\\/#organization\"},\"image\":{\"@id\":\"https:\\\/\\\/eltrabajo.cl\\\/web\\\/un-total-de-17-nuevos-bomberos-fueron-bautizados-en-tradicional-ceremonia\\\/#primaryimage\"},\"thumbnailUrl\":\"https:\\\/\\\/eltrabajo.cl\\\/web\\\/wp-content\\\/uploads\\\/2025\\\/03\\\/bautizo-bomberil-3.jpg\",\"articleSection\":[\"Comunidad\"],\"inLanguage\":\"es-CL\",\"potentialAction\":[{\"@type\":\"CommentAction\",\"name\":\"Comment\",\"target\":[\"https:\\\/\\\/eltrabajo.cl\\\/web\\\/un-total-de-17-nuevos-bomberos-fueron-bautizados-en-tradicional-ceremonia\\\/#respond\"]}]},{\"@type\":\"WebPage\",\"@id\":\"https:\\\/\\\/eltrabajo.cl\\\/web\\\/un-total-de-17-nuevos-bomberos-fueron-bautizados-en-tradicional-ceremonia\\\/\",\"url\":\"https:\\\/\\\/eltrabajo.cl\\\/web\\\/un-total-de-17-nuevos-bomberos-fueron-bautizados-en-tradicional-ceremonia\\\/\",\"name\":\"Un total de 17 nuevos bomberos fueron bautizados en tradicional ceremonia - Diario El Trabajo\",\"isPartOf\":{\"@id\":\"https:\\\/\\\/eltrabajo.cl\\\/web\\\/#website\"},\"primaryImageOfPage\":{\"@id\":\"https:\\\/\\\/eltrabajo.cl\\\/web\\\/un-total-de-17-nuevos-bomberos-fueron-bautizados-en-tradicional-ceremonia\\\/#primaryimage\"},\"image\":{\"@id\":\"https:\\\/\\\/eltrabajo.cl\\\/web\\\/un-total-de-17-nuevos-bomberos-fueron-bautizados-en-tradicional-ceremonia\\\/#primaryimage\"},\"thumbnailUrl\":\"https:\\\/\\\/eltrabajo.cl\\\/web\\\/wp-content\\\/uploads\\\/2025\\\/03\\\/bautizo-bomberil-3.jpg\",\"datePublished\":\"2025-03-17T23:34:40+00:00\",\"breadcrumb\":{\"@id\":\"https:\\\/\\\/eltrabajo.cl\\\/web\\\/un-total-de-17-nuevos-bomberos-fueron-bautizados-en-tradicional-ceremonia\\\/#breadcrumb\"},\"inLanguage\":\"es-CL\",\"potentialAction\":[{\"@type\":\"ReadAction\",\"target\":[\"https:\\\/\\\/eltrabajo.cl\\\/web\\\/un-total-de-17-nuevos-bomberos-fueron-bautizados-en-tradicional-ceremonia\\\/\"]}]},{\"@type\":\"ImageObject\",\"inLanguage\":\"es-CL\",\"@id\":\"https:\\\/\\\/eltrabajo.cl\\\/web\\\/un-total-de-17-nuevos-bomberos-fueron-bautizados-en-tradicional-ceremonia\\\/#primaryimage\",\"url\":\"https:\\\/\\\/eltrabajo.cl\\\/web\\\/wp-content\\\/uploads\\\/2025\\\/03\\\/bautizo-bomberil-3.jpg\",\"contentUrl\":\"https:\\\/\\\/eltrabajo.cl\\\/web\\\/wp-content\\\/uploads\\\/2025\\\/03\\\/bautizo-bomberil-3.jpg\",\"width\":700,\"height\":525,\"caption\":\"Un total de 17 nuevos bomberos fueron oficialmente incorporados al Cuerpo de Bomberos de San Felipe.\"},{\"@type\":\"BreadcrumbList\",\"@id\":\"https:\\\/\\\/eltrabajo.cl\\\/web\\\/un-total-de-17-nuevos-bomberos-fueron-bautizados-en-tradicional-ceremonia\\\/#breadcrumb\",\"itemListElement\":[{\"@type\":\"ListItem\",\"position\":1,\"name\":\"Portada\",\"item\":\"https:\\\/\\\/eltrabajo.cl\\\/web\\\/\"},{\"@type\":\"ListItem\",\"position\":2,\"name\":\"Un total de 17 nuevos bomberos fueron bautizados en tradicional ceremonia\"}]},{\"@type\":\"WebSite\",\"@id\":\"https:\\\/\\\/eltrabajo.cl\\\/web\\\/#website\",\"url\":\"https:\\\/\\\/eltrabajo.cl\\\/web\\\/\",\"name\":\"Diario El Trabajo\",\"description\":\"Desde 1929 construyendo Identidad Local\",\"publisher\":{\"@id\":\"https:\\\/\\\/eltrabajo.cl\\\/web\\\/#organization\"},\"potentialAction\":[{\"@type\":\"SearchAction\",\"target\":{\"@type\":\"EntryPoint\",\"urlTemplate\":\"https:\\\/\\\/eltrabajo.cl\\\/web\\\/?s={search_term_string}\"},\"query-input\":{\"@type\":\"PropertyValueSpecification\",\"valueRequired\":true,\"valueName\":\"search_term_string\"}}],\"inLanguage\":\"es-CL\"},{\"@type\":\"Organization\",\"@id\":\"https:\\\/\\\/eltrabajo.cl\\\/web\\\/#organization\",\"name\":\"Diario El Trabajo\",\"url\":\"https:\\\/\\\/eltrabajo.cl\\\/web\\\/\",\"logo\":{\"@type\":\"ImageObject\",\"inLanguage\":\"es-CL\",\"@id\":\"https:\\\/\\\/eltrabajo.cl\\\/web\\\/#\\\/schema\\\/logo\\\/image\\\/\",\"url\":\"https:\\\/\\\/eltrabajo.cl\\\/web\\\/wp-content\\\/uploads\\\/2024\\\/06\\\/profile-image-ig-page-diarioeltrabajo.jpg\",\"contentUrl\":\"https:\\\/\\\/eltrabajo.cl\\\/web\\\/wp-content\\\/uploads\\\/2024\\\/06\\\/profile-image-ig-page-diarioeltrabajo.jpg\",\"width\":823,\"height\":823,\"caption\":\"Diario El Trabajo\"},\"image\":{\"@id\":\"https:\\\/\\\/eltrabajo.cl\\\/web\\\/#\\\/schema\\\/logo\\\/image\\\/\"},\"sameAs\":[\"https:\\\/\\\/www.facebook.com\\\/ElTrabajoDiario\",\"https:\\\/\\\/x.com\\\/diarioeltrabajo\"]},{\"@type\":\"Person\",\"@id\":\"https:\\\/\\\/eltrabajo.cl\\\/web\\\/#\\\/schema\\\/person\\\/45efd3d17f86ec456e44dd7debe1bf19\",\"name\":\"Diario El Trabajo\",\"image\":{\"@type\":\"ImageObject\",\"inLanguage\":\"es-CL\",\"@id\":\"https:\\\/\\\/secure.gravatar.com\\\/avatar\\\/7e6ec277dc4aea2677c2dc301d4227957219329c985ab69a3efc12518b5161aa?s=96&d=mm&r=g\",\"url\":\"https:\\\/\\\/secure.gravatar.com\\\/avatar\\\/7e6ec277dc4aea2677c2dc301d4227957219329c985ab69a3efc12518b5161aa?s=96&d=mm&r=g\",\"contentUrl\":\"https:\\\/\\\/secure.gravatar.com\\\/avatar\\\/7e6ec277dc4aea2677c2dc301d4227957219329c985ab69a3efc12518b5161aa?s=96&d=mm&r=g\",\"caption\":\"Diario El Trabajo\"},\"sameAs\":[\"https:\\\/\\\/eltrabajo.cl\\\/web\"],\"url\":\"https:\\\/\\\/eltrabajo.cl\\\/web\\\/author\\\/diario-el-trabajo\\\/\"}]}<\/script>\n<!-- \/ Yoast SEO plugin. -->","yoast_head_json":{"title":"Un total de 17 nuevos bomberos fueron bautizados en tradicional ceremonia - Diario El Trabajo","robots":{"index":"index","follow":"follow","max-snippet":"max-snippet:-1","max-image-preview":"max-image-preview:large","max-video-preview":"max-video-preview:-1"},"canonical":"https:\/\/eltrabajo.cl\/web\/un-total-de-17-nuevos-bomberos-fueron-bautizados-en-tradicional-ceremonia\/","og_locale":"es_ES","og_type":"article","og_title":"Un total de 17 nuevos bomberos fueron bautizados en tradicional ceremonia - Diario El Trabajo","og_description":"Una emotiva ceremonia se vivi\u00f3 en San Felipe, que simboliz\u00f3 el paso del aspirante de la vida civil al servicio voluntario.- El pasado domingo 16 de marzo al mediod\u00eda, se celebr\u00f3 el tradicional bautizo de los nuevos voluntarios del Cuerpo de Bomberos de San Felipe. Esta ceremonia, que se realiza anualmente el domingo posterior al [&hellip;]","og_url":"https:\/\/eltrabajo.cl\/web\/un-total-de-17-nuevos-bomberos-fueron-bautizados-en-tradicional-ceremonia\/","og_site_name":"Diario El Trabajo","article_publisher":"https:\/\/www.facebook.com\/ElTrabajoDiario","article_published_time":"2025-03-17T23:34:40+00:00","og_image":[{"width":700,"height":525,"url":"https:\/\/eltrabajo.cl\/web\/wp-content\/uploads\/2025\/03\/bautizo-bomberil-3.jpg","type":"image\/jpeg"}],"author":"Diario El Trabajo","twitter_card":"summary_large_image","twitter_creator":"@diarioeltrabajo","twitter_site":"@diarioeltrabajo","twitter_misc":{"Escrito por":"Diario El Trabajo","Tiempo estimado de lectura":"4 minutos"},"schema":{"@context":"https:\/\/schema.org","@graph":[{"@type":"Article","@id":"https:\/\/eltrabajo.cl\/web\/un-total-de-17-nuevos-bomberos-fueron-bautizados-en-tradicional-ceremonia\/#article","isPartOf":{"@id":"https:\/\/eltrabajo.cl\/web\/un-total-de-17-nuevos-bomberos-fueron-bautizados-en-tradicional-ceremonia\/"},"author":{"name":"Diario El Trabajo","@id":"https:\/\/eltrabajo.cl\/web\/#\/schema\/person\/45efd3d17f86ec456e44dd7debe1bf19"},"headline":"Un total de 17 nuevos bomberos fueron bautizados en tradicional ceremonia","datePublished":"2025-03-17T23:34:40+00:00","mainEntityOfPage":{"@id":"https:\/\/eltrabajo.cl\/web\/un-total-de-17-nuevos-bomberos-fueron-bautizados-en-tradicional-ceremonia\/"},"wordCount":571,"commentCount":0,"publisher":{"@id":"https:\/\/eltrabajo.cl\/web\/#organization"},"image":{"@id":"https:\/\/eltrabajo.cl\/web\/un-total-de-17-nuevos-bomberos-fueron-bautizados-en-tradicional-ceremonia\/#primaryimage"},"thumbnailUrl":"https:\/\/eltrabajo.cl\/web\/wp-content\/uploads\/2025\/03\/bautizo-bomberil-3.jpg","articleSection":["Comunidad"],"inLanguage":"es-CL","potentialAction":[{"@type":"CommentAction","name":"Comment","target":["https:\/\/eltrabajo.cl\/web\/un-total-de-17-nuevos-bomberos-fueron-bautizados-en-tradicional-ceremonia\/#respond"]}]},{"@type":"WebPage","@id":"https:\/\/eltrabajo.cl\/web\/un-total-de-17-nuevos-bomberos-fueron-bautizados-en-tradicional-ceremonia\/","url":"https:\/\/eltrabajo.cl\/web\/un-total-de-17-nuevos-bomberos-fueron-bautizados-en-tradicional-ceremonia\/","name":"Un total de 17 nuevos bomberos fueron bautizados en tradicional ceremonia - Diario El Trabajo","isPartOf":{"@id":"https:\/\/eltrabajo.cl\/web\/#website"},"primaryImageOfPage":{"@id":"https:\/\/eltrabajo.cl\/web\/un-total-de-17-nuevos-bomberos-fueron-bautizados-en-tradicional-ceremonia\/#primaryimage"},"image":{"@id":"https:\/\/eltrabajo.cl\/web\/un-total-de-17-nuevos-bomberos-fueron-bautizados-en-tradicional-ceremonia\/#primaryimage"},"thumbnailUrl":"https:\/\/eltrabajo.cl\/web\/wp-content\/uploads\/2025\/03\/bautizo-bomberil-3.jpg","datePublished":"2025-03-17T23:34:40+00:00","breadcrumb":{"@id":"https:\/\/eltrabajo.cl\/web\/un-total-de-17-nuevos-bomberos-fueron-bautizados-en-tradicional-ceremonia\/#breadcrumb"},"inLanguage":"es-CL","potentialAction":[{"@type":"ReadAction","target":["https:\/\/eltrabajo.cl\/web\/un-total-de-17-nuevos-bomberos-fueron-bautizados-en-tradicional-ceremonia\/"]}]},{"@type":"ImageObject","inLanguage":"es-CL","@id":"https:\/\/eltrabajo.cl\/web\/un-total-de-17-nuevos-bomberos-fueron-bautizados-en-tradicional-ceremonia\/#primaryimage","url":"https:\/\/eltrabajo.cl\/web\/wp-content\/uploads\/2025\/03\/bautizo-bomberil-3.jpg","contentUrl":"https:\/\/eltrabajo.cl\/web\/wp-content\/uploads\/2025\/03\/bautizo-bomberil-3.jpg","width":700,"height":525,"caption":"Un total de 17 nuevos bomberos fueron oficialmente incorporados al Cuerpo de Bomberos de San Felipe."},{"@type":"BreadcrumbList","@id":"https:\/\/eltrabajo.cl\/web\/un-total-de-17-nuevos-bomberos-fueron-bautizados-en-tradicional-ceremonia\/#breadcrumb","itemListElement":[{"@type":"ListItem","position":1,"name":"Portada","item":"https:\/\/eltrabajo.cl\/web\/"},{"@type":"ListItem","position":2,"name":"Un total de 17 nuevos bomberos fueron bautizados en tradicional ceremonia"}]},{"@type":"WebSite","@id":"https:\/\/eltrabajo.cl\/web\/#website","url":"https:\/\/eltrabajo.cl\/web\/","name":"Diario El Trabajo","description":"Desde 1929 construyendo Identidad Local","publisher":{"@id":"https:\/\/eltrabajo.cl\/web\/#organization"},"potentialAction":[{"@type":"SearchAction","target":{"@type":"EntryPoint","urlTemplate":"https:\/\/eltrabajo.cl\/web\/?s={search_term_string}"},"query-input":{"@type":"PropertyValueSpecification","valueRequired":true,"valueName":"search_term_string"}}],"inLanguage":"es-CL"},{"@type":"Organization","@id":"https:\/\/eltrabajo.cl\/web\/#organization","name":"Diario El Trabajo","url":"https:\/\/eltrabajo.cl\/web\/","logo":{"@type":"ImageObject","inLanguage":"es-CL","@id":"https:\/\/eltrabajo.cl\/web\/#\/schema\/logo\/image\/","url":"https:\/\/eltrabajo.cl\/web\/wp-content\/uploads\/2024\/06\/profile-image-ig-page-diarioeltrabajo.jpg","contentUrl":"https:\/\/eltrabajo.cl\/web\/wp-content\/uploads\/2024\/06\/profile-image-ig-page-diarioeltrabajo.jpg","width":823,"height":823,"caption":"Diario El Trabajo"},"image":{"@id":"https:\/\/eltrabajo.cl\/web\/#\/schema\/logo\/image\/"},"sameAs":["https:\/\/www.facebook.com\/ElTrabajoDiario","https:\/\/x.com\/diarioeltrabajo"]},{"@type":"Person","@id":"https:\/\/eltrabajo.cl\/web\/#\/schema\/person\/45efd3d17f86ec456e44dd7debe1bf19","name":"Diario El Trabajo","image":{"@type":"ImageObject","inLanguage":"es-CL","@id":"https:\/\/secure.gravatar.com\/avatar\/7e6ec277dc4aea2677c2dc301d4227957219329c985ab69a3efc12518b5161aa?s=96&d=mm&r=g","url":"https:\/\/secure.gravatar.com\/avatar\/7e6ec277dc4aea2677c2dc301d4227957219329c985ab69a3efc12518b5161aa?s=96&d=mm&r=g","contentUrl":"https:\/\/secure.gravatar.com\/avatar\/7e6ec277dc4aea2677c2dc301d4227957219329c985ab69a3efc12518b5161aa?s=96&d=mm&r=g","caption":"Diario El Trabajo"},"sameAs":["https:\/\/eltrabajo.cl\/web"],"url":"https:\/\/eltrabajo.cl\/web\/author\/diario-el-trabajo\/"}]}},"_links":{"self":[{"href":"https:\/\/eltrabajo.cl\/web\/wp-json\/wp\/v2\/posts\/135735","targetHints":{"allow":["GET"]}}],"collection":[{"href":"https:\/\/eltrabajo.cl\/web\/wp-json\/wp\/v2\/posts"}],"about":[{"href":"https:\/\/eltrabajo.cl\/web\/wp-json\/wp\/v2\/types\/post"}],"author":[{"embeddable":true,"href":"https:\/\/eltrabajo.cl\/web\/wp-json\/wp\/v2\/users\/1"}],"replies":[{"embeddable":true,"href":"https:\/\/eltrabajo.cl\/web\/wp-json\/wp\/v2\/comments?post=135735"}],"version-history":[{"count":1,"href":"https:\/\/eltrabajo.cl\/web\/wp-json\/wp\/v2\/posts\/135735\/revisions"}],"predecessor-version":[{"id":135739,"href":"https:\/\/eltrabajo.cl\/web\/wp-json\/wp\/v2\/posts\/135735\/revisions\/135739"}],"wp:featuredmedia":[{"embeddable":true,"href":"https:\/\/eltrabajo.cl\/web\/wp-json\/wp\/v2\/media\/135736"}],"wp:attachment":[{"href":"https:\/\/eltrabajo.cl\/web\/wp-json\/wp\/v2\/media?parent=135735"}],"wp:term":[{"taxonomy":"category","embeddable":true,"href":"https:\/\/eltrabajo.cl\/web\/wp-json\/wp\/v2\/categories?post=135735"},{"taxonomy":"post_tag","embeddable":true,"href":"https:\/\/eltrabajo.cl\/web\/wp-json\/wp\/v2\/tags?post=135735"}],"curies":[{"name":"wp","href":"https:\/\/api.w.org\/{rel}","templated":true}]}}