{"id":135745,"date":"2025-03-17T20:38:58","date_gmt":"2025-03-17T23:38:58","guid":{"rendered":"https:\/\/eltrabajo.cl\/web\/?p=135745"},"modified":"2025-03-17T20:38:58","modified_gmt":"2025-03-17T23:38:58","slug":"se-entero-por-la-prensa-que-habian-robado-en-su-local-comercial","status":"publish","type":"post","link":"https:\/\/eltrabajo.cl\/web\/se-entero-por-la-prensa-que-habian-robado-en-su-local-comercial\/","title":{"rendered":"Se enter\u00f3 por la prensa que hab\u00edan robado en su local comercial"},"content":{"rendered":"<ul>\n<li><strong>La sensaci\u00f3n de inseguridad aumenta seg\u00fan la encargada.-<\/strong><\/li>\n<\/ul>\n<p>Pese a ser un magro bot\u00edn el que logr\u00f3 \u00e9l o los delincuentes que asaltaron el local comercial \u2018Vanity Ofertas\u2019, la sensaci\u00f3n de inseguridad est\u00e1 latente, sobre todo, pensando en que su due\u00f1a se enter\u00f3 por la prensa de este hecho delictual. As\u00ed lo describi\u00f3 la encargada del local de ropa ubicado en calle Arturo Prat entre Avenida Yungay y Toromazote, luego que tomara conocimiento del robo a trav\u00e9s de la publicaci\u00f3n de una emisora radial local ayer en la ma\u00f1ana.<\/p>\n<p>El bot\u00edn fue de unos $60.000, considerando dos bolsas con bisuter\u00eda avaluadas en unos $50.000, m\u00e1s otros $10.000 desde la misma tienda. Esto, de acuerdo a la informaci\u00f3n entregada por la propia v\u00edctima, <strong>Elena Espinoza<\/strong>, a <strong>Diario El Trabajo<\/strong>.<\/p>\n<p>En este sentido, explic\u00f3 que se enter\u00f3 de la situaci\u00f3n en la misma ma\u00f1ana, a trav\u00e9s de informaci\u00f3n entregada por la radio y que se\u00f1alaba que el candado de la puerta estaba roto:<\/p>\n<p>\u00ab<em>Porque ellos sacaron fotos, as\u00ed es que cuando llegamos ac\u00e1 el desastre estaba en la caja, porque andaban buscando plata. La verdad que yo lo \u00fanico que dejo ac\u00e1 son 10 mil pesos para iniciar el d\u00eda; se llevaron eso y dos bolsas con bisuter\u00eda, que son joyitas que tenemos ac\u00e1\u00bb<\/em>, asegur\u00f3.<\/p>\n<p>&#8211; <strong>Igual les crea el clima de inseguridad<\/strong><\/p>\n<p>&#8211; Obvio que s\u00ed, de inseguridad\u2026obvio que s\u00ed.<\/p>\n<p>Hasta el momento en que nos hicimos presentes en el local comercial de calle Prat, la encargada no hab\u00eda visto que faltara nada m\u00e1s, <em>\u00abdentro del d\u00eda no s\u00e9\u00bb<\/em>, indic\u00f3.<\/p>\n<p>&#8211; <strong>En resumen <\/strong><\/p>\n<p>&#8211; Fue dinero, bisuter\u00eda. Estamos hablando de unos $50.000 m\u00e1s los da\u00f1os de la puerta, que rompieron el candado. Ahora, vamos a tener que poner un candado m\u00e1s seguro, en el fondo poner m\u00e1s seguridad.<\/p>\n<p>Adem\u00e1s, nos comenta que lleva cinco meses en el local y en este tiempo no hab\u00edan sido v\u00edctimas de la delincuencia, sin embargo, anteriormente al parecer s\u00ed.<\/p>\n<p>\u00ab<em>Vamos a seguir trabajando, hicimos la denuncia en Carabineros, quienes estuvieron ac\u00e1\u00bb<\/em>, concluy\u00f3.<\/p>\n<p>De todas maneras, hemos podido apreciar que ese tramo es muy solitario, sobre todo, despu\u00e9s de las 19:00 horas. Es muy poca la gente que transita por esa arteria.<\/p>\n<figure id=\"attachment_135746\" aria-describedby=\"caption-attachment-135746\" style=\"width: 700px\" class=\"wp-caption alignnone\"><img loading=\"lazy\" decoding=\"async\" class=\"size-full wp-image-135746\" src=\"http:\/\/eltrabajo.cl\/web\/wp-content\/uploads\/2025\/03\/local-vanity-1.jpg\" alt=\"Este es el frontis del local robado, ubicado en calle Prat.\" width=\"700\" height=\"525\" srcset=\"https:\/\/eltrabajo.cl\/web\/wp-content\/uploads\/2025\/03\/local-vanity-1.jpg 700w, https:\/\/eltrabajo.cl\/web\/wp-content\/uploads\/2025\/03\/local-vanity-1-300x225.jpg 300w, https:\/\/eltrabajo.cl\/web\/wp-content\/uploads\/2025\/03\/local-vanity-1-560x420.jpg 560w, https:\/\/eltrabajo.cl\/web\/wp-content\/uploads\/2025\/03\/local-vanity-1-80x60.jpg 80w, https:\/\/eltrabajo.cl\/web\/wp-content\/uploads\/2025\/03\/local-vanity-1-150x113.jpg 150w, https:\/\/eltrabajo.cl\/web\/wp-content\/uploads\/2025\/03\/local-vanity-1-696x522.jpg 696w\" sizes=\"auto, (max-width: 700px) 100vw, 700px\" \/><figcaption id=\"caption-attachment-135746\" class=\"wp-caption-text\">Este es el frontis del local robado, ubicado en calle Prat.<\/figcaption><\/figure>\n","protected":false},"excerpt":{"rendered":"<p>La sensaci\u00f3n de inseguridad aumenta seg\u00fan la encargada.- Pese a ser un magro bot\u00edn el que logr\u00f3 \u00e9l o los delincuentes que asaltaron el local comercial \u2018Vanity Ofertas\u2019, la sensaci\u00f3n de inseguridad est\u00e1 latente, sobre todo, pensando en que su due\u00f1a se enter\u00f3 por la prensa de este hecho delictual. As\u00ed lo describi\u00f3 la encargada [&hellip;]<\/p>\n","protected":false},"author":1,"featured_media":135746,"comment_status":"open","ping_status":"closed","sticky":false,"template":"","format":"standard","meta":{"footnotes":""},"categories":[4],"tags":[],"class_list":{"0":"post-135745","1":"post","2":"type-post","3":"status-publish","4":"format-standard","5":"has-post-thumbnail","7":"category-comunidad"},"yoast_head":"<!-- This site is optimized with the Yoast SEO plugin v27.5 - https:\/\/yoast.com\/product\/yoast-seo-wordpress\/ -->\n<title>Se enter\u00f3 por la prensa que hab\u00edan robado en su local comercial - Diario El Trabajo<\/title>\n<meta name=\"robots\" content=\"index, follow, max-snippet:-1, max-image-preview:large, max-video-preview:-1\" \/>\n<link rel=\"canonical\" href=\"https:\/\/eltrabajo.cl\/web\/se-entero-por-la-prensa-que-habian-robado-en-su-local-comercial\/\" \/>\n<meta property=\"og:locale\" content=\"es_ES\" \/>\n<meta property=\"og:type\" content=\"article\" \/>\n<meta property=\"og:title\" content=\"Se enter\u00f3 por la prensa que hab\u00edan robado en su local comercial - Diario El Trabajo\" \/>\n<meta property=\"og:description\" content=\"La sensaci\u00f3n de inseguridad aumenta seg\u00fan la encargada.- Pese a ser un magro bot\u00edn el que logr\u00f3 \u00e9l o los delincuentes que asaltaron el local comercial \u2018Vanity Ofertas\u2019, la sensaci\u00f3n de inseguridad est\u00e1 latente, sobre todo, pensando en que su due\u00f1a se enter\u00f3 por la prensa de este hecho delictual. As\u00ed lo describi\u00f3 la encargada [&hellip;]\" \/>\n<meta property=\"og:url\" content=\"https:\/\/eltrabajo.cl\/web\/se-entero-por-la-prensa-que-habian-robado-en-su-local-comercial\/\" \/>\n<meta property=\"og:site_name\" content=\"Diario El Trabajo\" \/>\n<meta property=\"article:publisher\" content=\"https:\/\/www.facebook.com\/ElTrabajoDiario\" \/>\n<meta property=\"article:published_time\" content=\"2025-03-17T23:38:58+00:00\" \/>\n<meta property=\"og:image\" content=\"https:\/\/eltrabajo.cl\/web\/wp-content\/uploads\/2025\/03\/local-vanity-1.jpg\" \/>\n\t<meta property=\"og:image:width\" content=\"700\" \/>\n\t<meta property=\"og:image:height\" content=\"525\" \/>\n\t<meta property=\"og:image:type\" content=\"image\/jpeg\" \/>\n<meta name=\"author\" content=\"Diario El Trabajo\" \/>\n<meta name=\"twitter:card\" content=\"summary_large_image\" \/>\n<meta name=\"twitter:creator\" content=\"@diarioeltrabajo\" \/>\n<meta name=\"twitter:site\" content=\"@diarioeltrabajo\" \/>\n<meta name=\"twitter:label1\" content=\"Escrito por\" \/>\n\t<meta name=\"twitter:data1\" content=\"Diario El Trabajo\" \/>\n\t<meta name=\"twitter:label2\" content=\"Tiempo estimado de lectura\" \/>\n\t<meta name=\"twitter:data2\" content=\"3 minutos\" \/>\n<script type=\"application\/ld+json\" class=\"yoast-schema-graph\">{\"@context\":\"https:\\\/\\\/schema.org\",\"@graph\":[{\"@type\":\"Article\",\"@id\":\"https:\\\/\\\/eltrabajo.cl\\\/web\\\/se-entero-por-la-prensa-que-habian-robado-en-su-local-comercial\\\/#article\",\"isPartOf\":{\"@id\":\"https:\\\/\\\/eltrabajo.cl\\\/web\\\/se-entero-por-la-prensa-que-habian-robado-en-su-local-comercial\\\/\"},\"author\":{\"name\":\"Diario El Trabajo\",\"@id\":\"https:\\\/\\\/eltrabajo.cl\\\/web\\\/#\\\/schema\\\/person\\\/45efd3d17f86ec456e44dd7debe1bf19\"},\"headline\":\"Se enter\u00f3 por la prensa que hab\u00edan robado en su local comercial\",\"datePublished\":\"2025-03-17T23:38:58+00:00\",\"mainEntityOfPage\":{\"@id\":\"https:\\\/\\\/eltrabajo.cl\\\/web\\\/se-entero-por-la-prensa-que-habian-robado-en-su-local-comercial\\\/\"},\"wordCount\":425,\"commentCount\":0,\"publisher\":{\"@id\":\"https:\\\/\\\/eltrabajo.cl\\\/web\\\/#organization\"},\"image\":{\"@id\":\"https:\\\/\\\/eltrabajo.cl\\\/web\\\/se-entero-por-la-prensa-que-habian-robado-en-su-local-comercial\\\/#primaryimage\"},\"thumbnailUrl\":\"https:\\\/\\\/eltrabajo.cl\\\/web\\\/wp-content\\\/uploads\\\/2025\\\/03\\\/local-vanity-1.jpg\",\"articleSection\":[\"Comunidad\"],\"inLanguage\":\"es-CL\",\"potentialAction\":[{\"@type\":\"CommentAction\",\"name\":\"Comment\",\"target\":[\"https:\\\/\\\/eltrabajo.cl\\\/web\\\/se-entero-por-la-prensa-que-habian-robado-en-su-local-comercial\\\/#respond\"]}]},{\"@type\":\"WebPage\",\"@id\":\"https:\\\/\\\/eltrabajo.cl\\\/web\\\/se-entero-por-la-prensa-que-habian-robado-en-su-local-comercial\\\/\",\"url\":\"https:\\\/\\\/eltrabajo.cl\\\/web\\\/se-entero-por-la-prensa-que-habian-robado-en-su-local-comercial\\\/\",\"name\":\"Se enter\u00f3 por la prensa que hab\u00edan robado en su local comercial - Diario El Trabajo\",\"isPartOf\":{\"@id\":\"https:\\\/\\\/eltrabajo.cl\\\/web\\\/#website\"},\"primaryImageOfPage\":{\"@id\":\"https:\\\/\\\/eltrabajo.cl\\\/web\\\/se-entero-por-la-prensa-que-habian-robado-en-su-local-comercial\\\/#primaryimage\"},\"image\":{\"@id\":\"https:\\\/\\\/eltrabajo.cl\\\/web\\\/se-entero-por-la-prensa-que-habian-robado-en-su-local-comercial\\\/#primaryimage\"},\"thumbnailUrl\":\"https:\\\/\\\/eltrabajo.cl\\\/web\\\/wp-content\\\/uploads\\\/2025\\\/03\\\/local-vanity-1.jpg\",\"datePublished\":\"2025-03-17T23:38:58+00:00\",\"breadcrumb\":{\"@id\":\"https:\\\/\\\/eltrabajo.cl\\\/web\\\/se-entero-por-la-prensa-que-habian-robado-en-su-local-comercial\\\/#breadcrumb\"},\"inLanguage\":\"es-CL\",\"potentialAction\":[{\"@type\":\"ReadAction\",\"target\":[\"https:\\\/\\\/eltrabajo.cl\\\/web\\\/se-entero-por-la-prensa-que-habian-robado-en-su-local-comercial\\\/\"]}]},{\"@type\":\"ImageObject\",\"inLanguage\":\"es-CL\",\"@id\":\"https:\\\/\\\/eltrabajo.cl\\\/web\\\/se-entero-por-la-prensa-que-habian-robado-en-su-local-comercial\\\/#primaryimage\",\"url\":\"https:\\\/\\\/eltrabajo.cl\\\/web\\\/wp-content\\\/uploads\\\/2025\\\/03\\\/local-vanity-1.jpg\",\"contentUrl\":\"https:\\\/\\\/eltrabajo.cl\\\/web\\\/wp-content\\\/uploads\\\/2025\\\/03\\\/local-vanity-1.jpg\",\"width\":700,\"height\":525,\"caption\":\"Este es el frontis del local robado, ubicado en calle Prat.\"},{\"@type\":\"BreadcrumbList\",\"@id\":\"https:\\\/\\\/eltrabajo.cl\\\/web\\\/se-entero-por-la-prensa-que-habian-robado-en-su-local-comercial\\\/#breadcrumb\",\"itemListElement\":[{\"@type\":\"ListItem\",\"position\":1,\"name\":\"Portada\",\"item\":\"https:\\\/\\\/eltrabajo.cl\\\/web\\\/\"},{\"@type\":\"ListItem\",\"position\":2,\"name\":\"Se enter\u00f3 por la prensa que hab\u00edan robado en su local comercial\"}]},{\"@type\":\"WebSite\",\"@id\":\"https:\\\/\\\/eltrabajo.cl\\\/web\\\/#website\",\"url\":\"https:\\\/\\\/eltrabajo.cl\\\/web\\\/\",\"name\":\"Diario El Trabajo\",\"description\":\"Desde 1929 construyendo Identidad Local\",\"publisher\":{\"@id\":\"https:\\\/\\\/eltrabajo.cl\\\/web\\\/#organization\"},\"potentialAction\":[{\"@type\":\"SearchAction\",\"target\":{\"@type\":\"EntryPoint\",\"urlTemplate\":\"https:\\\/\\\/eltrabajo.cl\\\/web\\\/?s={search_term_string}\"},\"query-input\":{\"@type\":\"PropertyValueSpecification\",\"valueRequired\":true,\"valueName\":\"search_term_string\"}}],\"inLanguage\":\"es-CL\"},{\"@type\":\"Organization\",\"@id\":\"https:\\\/\\\/eltrabajo.cl\\\/web\\\/#organization\",\"name\":\"Diario El Trabajo\",\"url\":\"https:\\\/\\\/eltrabajo.cl\\\/web\\\/\",\"logo\":{\"@type\":\"ImageObject\",\"inLanguage\":\"es-CL\",\"@id\":\"https:\\\/\\\/eltrabajo.cl\\\/web\\\/#\\\/schema\\\/logo\\\/image\\\/\",\"url\":\"https:\\\/\\\/eltrabajo.cl\\\/web\\\/wp-content\\\/uploads\\\/2024\\\/06\\\/profile-image-ig-page-diarioeltrabajo.jpg\",\"contentUrl\":\"https:\\\/\\\/eltrabajo.cl\\\/web\\\/wp-content\\\/uploads\\\/2024\\\/06\\\/profile-image-ig-page-diarioeltrabajo.jpg\",\"width\":823,\"height\":823,\"caption\":\"Diario El Trabajo\"},\"image\":{\"@id\":\"https:\\\/\\\/eltrabajo.cl\\\/web\\\/#\\\/schema\\\/logo\\\/image\\\/\"},\"sameAs\":[\"https:\\\/\\\/www.facebook.com\\\/ElTrabajoDiario\",\"https:\\\/\\\/x.com\\\/diarioeltrabajo\"]},{\"@type\":\"Person\",\"@id\":\"https:\\\/\\\/eltrabajo.cl\\\/web\\\/#\\\/schema\\\/person\\\/45efd3d17f86ec456e44dd7debe1bf19\",\"name\":\"Diario El Trabajo\",\"image\":{\"@type\":\"ImageObject\",\"inLanguage\":\"es-CL\",\"@id\":\"https:\\\/\\\/secure.gravatar.com\\\/avatar\\\/7e6ec277dc4aea2677c2dc301d4227957219329c985ab69a3efc12518b5161aa?s=96&d=mm&r=g\",\"url\":\"https:\\\/\\\/secure.gravatar.com\\\/avatar\\\/7e6ec277dc4aea2677c2dc301d4227957219329c985ab69a3efc12518b5161aa?s=96&d=mm&r=g\",\"contentUrl\":\"https:\\\/\\\/secure.gravatar.com\\\/avatar\\\/7e6ec277dc4aea2677c2dc301d4227957219329c985ab69a3efc12518b5161aa?s=96&d=mm&r=g\",\"caption\":\"Diario El Trabajo\"},\"sameAs\":[\"https:\\\/\\\/eltrabajo.cl\\\/web\"],\"url\":\"https:\\\/\\\/eltrabajo.cl\\\/web\\\/author\\\/diario-el-trabajo\\\/\"}]}<\/script>\n<!-- \/ Yoast SEO plugin. -->","yoast_head_json":{"title":"Se enter\u00f3 por la prensa que hab\u00edan robado en su local comercial - Diario El Trabajo","robots":{"index":"index","follow":"follow","max-snippet":"max-snippet:-1","max-image-preview":"max-image-preview:large","max-video-preview":"max-video-preview:-1"},"canonical":"https:\/\/eltrabajo.cl\/web\/se-entero-por-la-prensa-que-habian-robado-en-su-local-comercial\/","og_locale":"es_ES","og_type":"article","og_title":"Se enter\u00f3 por la prensa que hab\u00edan robado en su local comercial - Diario El Trabajo","og_description":"La sensaci\u00f3n de inseguridad aumenta seg\u00fan la encargada.- Pese a ser un magro bot\u00edn el que logr\u00f3 \u00e9l o los delincuentes que asaltaron el local comercial \u2018Vanity Ofertas\u2019, la sensaci\u00f3n de inseguridad est\u00e1 latente, sobre todo, pensando en que su due\u00f1a se enter\u00f3 por la prensa de este hecho delictual. As\u00ed lo describi\u00f3 la encargada [&hellip;]","og_url":"https:\/\/eltrabajo.cl\/web\/se-entero-por-la-prensa-que-habian-robado-en-su-local-comercial\/","og_site_name":"Diario El Trabajo","article_publisher":"https:\/\/www.facebook.com\/ElTrabajoDiario","article_published_time":"2025-03-17T23:38:58+00:00","og_image":[{"width":700,"height":525,"url":"https:\/\/eltrabajo.cl\/web\/wp-content\/uploads\/2025\/03\/local-vanity-1.jpg","type":"image\/jpeg"}],"author":"Diario El Trabajo","twitter_card":"summary_large_image","twitter_creator":"@diarioeltrabajo","twitter_site":"@diarioeltrabajo","twitter_misc":{"Escrito por":"Diario El Trabajo","Tiempo estimado de lectura":"3 minutos"},"schema":{"@context":"https:\/\/schema.org","@graph":[{"@type":"Article","@id":"https:\/\/eltrabajo.cl\/web\/se-entero-por-la-prensa-que-habian-robado-en-su-local-comercial\/#article","isPartOf":{"@id":"https:\/\/eltrabajo.cl\/web\/se-entero-por-la-prensa-que-habian-robado-en-su-local-comercial\/"},"author":{"name":"Diario El Trabajo","@id":"https:\/\/eltrabajo.cl\/web\/#\/schema\/person\/45efd3d17f86ec456e44dd7debe1bf19"},"headline":"Se enter\u00f3 por la prensa que hab\u00edan robado en su local comercial","datePublished":"2025-03-17T23:38:58+00:00","mainEntityOfPage":{"@id":"https:\/\/eltrabajo.cl\/web\/se-entero-por-la-prensa-que-habian-robado-en-su-local-comercial\/"},"wordCount":425,"commentCount":0,"publisher":{"@id":"https:\/\/eltrabajo.cl\/web\/#organization"},"image":{"@id":"https:\/\/eltrabajo.cl\/web\/se-entero-por-la-prensa-que-habian-robado-en-su-local-comercial\/#primaryimage"},"thumbnailUrl":"https:\/\/eltrabajo.cl\/web\/wp-content\/uploads\/2025\/03\/local-vanity-1.jpg","articleSection":["Comunidad"],"inLanguage":"es-CL","potentialAction":[{"@type":"CommentAction","name":"Comment","target":["https:\/\/eltrabajo.cl\/web\/se-entero-por-la-prensa-que-habian-robado-en-su-local-comercial\/#respond"]}]},{"@type":"WebPage","@id":"https:\/\/eltrabajo.cl\/web\/se-entero-por-la-prensa-que-habian-robado-en-su-local-comercial\/","url":"https:\/\/eltrabajo.cl\/web\/se-entero-por-la-prensa-que-habian-robado-en-su-local-comercial\/","name":"Se enter\u00f3 por la prensa que hab\u00edan robado en su local comercial - Diario El Trabajo","isPartOf":{"@id":"https:\/\/eltrabajo.cl\/web\/#website"},"primaryImageOfPage":{"@id":"https:\/\/eltrabajo.cl\/web\/se-entero-por-la-prensa-que-habian-robado-en-su-local-comercial\/#primaryimage"},"image":{"@id":"https:\/\/eltrabajo.cl\/web\/se-entero-por-la-prensa-que-habian-robado-en-su-local-comercial\/#primaryimage"},"thumbnailUrl":"https:\/\/eltrabajo.cl\/web\/wp-content\/uploads\/2025\/03\/local-vanity-1.jpg","datePublished":"2025-03-17T23:38:58+00:00","breadcrumb":{"@id":"https:\/\/eltrabajo.cl\/web\/se-entero-por-la-prensa-que-habian-robado-en-su-local-comercial\/#breadcrumb"},"inLanguage":"es-CL","potentialAction":[{"@type":"ReadAction","target":["https:\/\/eltrabajo.cl\/web\/se-entero-por-la-prensa-que-habian-robado-en-su-local-comercial\/"]}]},{"@type":"ImageObject","inLanguage":"es-CL","@id":"https:\/\/eltrabajo.cl\/web\/se-entero-por-la-prensa-que-habian-robado-en-su-local-comercial\/#primaryimage","url":"https:\/\/eltrabajo.cl\/web\/wp-content\/uploads\/2025\/03\/local-vanity-1.jpg","contentUrl":"https:\/\/eltrabajo.cl\/web\/wp-content\/uploads\/2025\/03\/local-vanity-1.jpg","width":700,"height":525,"caption":"Este es el frontis del local robado, ubicado en calle Prat."},{"@type":"BreadcrumbList","@id":"https:\/\/eltrabajo.cl\/web\/se-entero-por-la-prensa-que-habian-robado-en-su-local-comercial\/#breadcrumb","itemListElement":[{"@type":"ListItem","position":1,"name":"Portada","item":"https:\/\/eltrabajo.cl\/web\/"},{"@type":"ListItem","position":2,"name":"Se enter\u00f3 por la prensa que hab\u00edan robado en su local comercial"}]},{"@type":"WebSite","@id":"https:\/\/eltrabajo.cl\/web\/#website","url":"https:\/\/eltrabajo.cl\/web\/","name":"Diario El Trabajo","description":"Desde 1929 construyendo Identidad Local","publisher":{"@id":"https:\/\/eltrabajo.cl\/web\/#organization"},"potentialAction":[{"@type":"SearchAction","target":{"@type":"EntryPoint","urlTemplate":"https:\/\/eltrabajo.cl\/web\/?s={search_term_string}"},"query-input":{"@type":"PropertyValueSpecification","valueRequired":true,"valueName":"search_term_string"}}],"inLanguage":"es-CL"},{"@type":"Organization","@id":"https:\/\/eltrabajo.cl\/web\/#organization","name":"Diario El Trabajo","url":"https:\/\/eltrabajo.cl\/web\/","logo":{"@type":"ImageObject","inLanguage":"es-CL","@id":"https:\/\/eltrabajo.cl\/web\/#\/schema\/logo\/image\/","url":"https:\/\/eltrabajo.cl\/web\/wp-content\/uploads\/2024\/06\/profile-image-ig-page-diarioeltrabajo.jpg","contentUrl":"https:\/\/eltrabajo.cl\/web\/wp-content\/uploads\/2024\/06\/profile-image-ig-page-diarioeltrabajo.jpg","width":823,"height":823,"caption":"Diario El Trabajo"},"image":{"@id":"https:\/\/eltrabajo.cl\/web\/#\/schema\/logo\/image\/"},"sameAs":["https:\/\/www.facebook.com\/ElTrabajoDiario","https:\/\/x.com\/diarioeltrabajo"]},{"@type":"Person","@id":"https:\/\/eltrabajo.cl\/web\/#\/schema\/person\/45efd3d17f86ec456e44dd7debe1bf19","name":"Diario El Trabajo","image":{"@type":"ImageObject","inLanguage":"es-CL","@id":"https:\/\/secure.gravatar.com\/avatar\/7e6ec277dc4aea2677c2dc301d4227957219329c985ab69a3efc12518b5161aa?s=96&d=mm&r=g","url":"https:\/\/secure.gravatar.com\/avatar\/7e6ec277dc4aea2677c2dc301d4227957219329c985ab69a3efc12518b5161aa?s=96&d=mm&r=g","contentUrl":"https:\/\/secure.gravatar.com\/avatar\/7e6ec277dc4aea2677c2dc301d4227957219329c985ab69a3efc12518b5161aa?s=96&d=mm&r=g","caption":"Diario El Trabajo"},"sameAs":["https:\/\/eltrabajo.cl\/web"],"url":"https:\/\/eltrabajo.cl\/web\/author\/diario-el-trabajo\/"}]}},"_links":{"self":[{"href":"https:\/\/eltrabajo.cl\/web\/wp-json\/wp\/v2\/posts\/135745","targetHints":{"allow":["GET"]}}],"collection":[{"href":"https:\/\/eltrabajo.cl\/web\/wp-json\/wp\/v2\/posts"}],"about":[{"href":"https:\/\/eltrabajo.cl\/web\/wp-json\/wp\/v2\/types\/post"}],"author":[{"embeddable":true,"href":"https:\/\/eltrabajo.cl\/web\/wp-json\/wp\/v2\/users\/1"}],"replies":[{"embeddable":true,"href":"https:\/\/eltrabajo.cl\/web\/wp-json\/wp\/v2\/comments?post=135745"}],"version-history":[{"count":1,"href":"https:\/\/eltrabajo.cl\/web\/wp-json\/wp\/v2\/posts\/135745\/revisions"}],"predecessor-version":[{"id":135747,"href":"https:\/\/eltrabajo.cl\/web\/wp-json\/wp\/v2\/posts\/135745\/revisions\/135747"}],"wp:featuredmedia":[{"embeddable":true,"href":"https:\/\/eltrabajo.cl\/web\/wp-json\/wp\/v2\/media\/135746"}],"wp:attachment":[{"href":"https:\/\/eltrabajo.cl\/web\/wp-json\/wp\/v2\/media?parent=135745"}],"wp:term":[{"taxonomy":"category","embeddable":true,"href":"https:\/\/eltrabajo.cl\/web\/wp-json\/wp\/v2\/categories?post=135745"},{"taxonomy":"post_tag","embeddable":true,"href":"https:\/\/eltrabajo.cl\/web\/wp-json\/wp\/v2\/tags?post=135745"}],"curies":[{"name":"wp","href":"https:\/\/api.w.org\/{rel}","templated":true}]}}