{"id":135831,"date":"2025-03-19T20:46:51","date_gmt":"2025-03-19T23:46:51","guid":{"rendered":"https:\/\/eltrabajo.cl\/web\/?p=135831"},"modified":"2025-03-19T20:46:51","modified_gmt":"2025-03-19T23:46:51","slug":"banda-rebenke-estrena-documental-sobre-su-trayectoria-en-el-rock-campesino","status":"publish","type":"post","link":"https:\/\/eltrabajo.cl\/web\/banda-rebenke-estrena-documental-sobre-su-trayectoria-en-el-rock-campesino\/","title":{"rendered":"Banda \u2018Rebenke\u2019 estrena documental sobre su trayectoria en el rock campesino"},"content":{"rendered":"<ul>\n<li><strong>El registro celebra su historia, sus v\u00ednculos con el p\u00fablico y el proceso detr\u00e1s de su concierto m\u00e1s emotivo.-<\/strong><\/li>\n<\/ul>\n<p>Este lunes 17 de marzo, la banda aconcag\u00fcina \u2018<strong>Rebenke<\/strong>\u2019 estren\u00f3 su esperado documental \u2018Rebenke: 8 A\u00f1os de Rock Campesino\u2019 en el canal oficial de YouTube del grupo. El registro es un reflejo de su camino, rescatando todo lo vivido, aprendido y compartido a lo largo de estos a\u00f1os.<\/p>\n<p>El documental, presenta una serie de momentos y testimonios sobre el evento musical y cultural que marca la historia de la banda. Adem\u00e1s, muestra la energ\u00eda que Rebenke pone en cada presentaci\u00f3n, el compromiso con la m\u00fasica y el v\u00ednculo tan especial que han logrado crear con su p\u00fablico, especialmente en el Valle del Aconcagua.<\/p>\n<p>Asimismo, la pieza audiovisual documenta los preparativos y ensayos previos al concierto que tuvo lugar el 11 de enero de 2025 en el Aconcagua, una noche llena de emociones, amistad y pasi\u00f3n por la m\u00fasica <em>\u00abPara nosotros, este documental no es solo un registro, sino una forma de agradecer y revivir junto al p\u00fablico cada instante vivido\u00bb, <\/em>expres\u00f3 <strong>Sergio Meza<\/strong>, guitarrista el\u00e9ctrico y director general de la banda.<\/p>\n<p>La producci\u00f3n del documental se extendi\u00f3 por dos meses, durante los cuales se realizaron los trabajos de edici\u00f3n y montaje hasta alcanzar el corte final. La producci\u00f3n general estuvo a cargo de REBENKE, con el apoyo del equipo t\u00e9cnico, instituciones colaboradoras, sus familias y las personas que los apoyaron de manera desinteresada.<\/p>\n<p>Entre los colaboradores m\u00e1s destacados se encuentra: Diego Meza, en la direcci\u00f3n, montaje y edici\u00f3n; Pablo Barra y Heliosfera Rercords, en el sonido en vivo; Paul N\u00fa\u00f1ez y Electro Tierra, en la grabaci\u00f3n del sonido en vivo; Diego Vallejos, en la iluminaci\u00f3n; Pamela Leiva, como entrevistadora; y Fernanda Arancibia, en el <em>catering<\/em>.<\/p>\n<p>La banda, tambi\u00e9n agradeci\u00f3 la participaci\u00f3n de los artistas invitados, como \u2018Spinazo Ska\u2019 y \u2018Jahmyska\u2019, as\u00ed como a <strong>Gabriela P\u00e9rez<\/strong>, curadora de la Galer\u00eda de Arte \u2018Chiks Art\u2019 de San Felipe. Adem\u00e1s, expresaron su gratitud a los emprendedores que participaron, como \u2018Campo Queltehue\u2019 (Agricultura Familiar Campesina), \u2018Espacio NASER\u2019 (Terapia Integral) y Taller Hecho a Mano (Orfebrer\u00eda y Artesan\u00eda \u00c9tnica y Rupestre). Por \u00faltimo, destacaron a <strong>Macarena Vargas<\/strong>, del Departamento de Cultura de la Municipalidad de San Felipe, y a <strong>Camila Henr\u00edquez<\/strong>, del Club San Felipe.<\/p>\n<p>El documental ya est\u00e1 disponible en el canal oficial de YouTube de REBENKE, donde los seguidores pueden dejar sus comentarios.<\/p>\n<p>Finalmente, la banda invit\u00f3 a la comunidad a disfrutar de este proyecto audiovisual. <em>\u00abQueremos invitarles a ser parte de \u2018Rebenke: 8 A\u00f1os de Rock Campesino\u2019, donde compartimos la esencia de lo que somos y el camino que hemos construido junto a ustedes. A trav\u00e9s de este documental, podr\u00e1n ver momentos inolvidables, nuestra pasi\u00f3n por la m\u00fasica y la forma en que hemos fusionado el rock con nuestras ra\u00edces campesinas para crear algo \u00fanico<\/em>.<\/p>\n<p>\u00ab<em>Este es un regalo a quienes nos han acompa\u00f1ado en cada paso y a quienes quieran sumarse a nuestra agrupaci\u00f3n. No se lo pierdan, esperamos que lo disfruten tanto como nosotros\u00bb<\/em>.<\/p>\n<figure id=\"attachment_135832\" aria-describedby=\"caption-attachment-135832\" style=\"width: 699px\" class=\"wp-caption alignnone\"><img loading=\"lazy\" decoding=\"async\" class=\"size-full wp-image-135832\" src=\"http:\/\/eltrabajo.cl\/web\/wp-content\/uploads\/2025\/03\/documental-banda-Rebenke-2.jpg\" alt=\"Portada del documental \u2018Rebenke: 8 a\u00f1os de rock campesino\u2019.\" width=\"699\" height=\"393\" srcset=\"https:\/\/eltrabajo.cl\/web\/wp-content\/uploads\/2025\/03\/documental-banda-Rebenke-2.jpg 699w, https:\/\/eltrabajo.cl\/web\/wp-content\/uploads\/2025\/03\/documental-banda-Rebenke-2-300x169.jpg 300w, https:\/\/eltrabajo.cl\/web\/wp-content\/uploads\/2025\/03\/documental-banda-Rebenke-2-150x84.jpg 150w, https:\/\/eltrabajo.cl\/web\/wp-content\/uploads\/2025\/03\/documental-banda-Rebenke-2-696x391.jpg 696w\" sizes=\"auto, (max-width: 699px) 100vw, 699px\" \/><figcaption id=\"caption-attachment-135832\" class=\"wp-caption-text\">Portada del documental \u2018Rebenke: 8 a\u00f1os de rock campesino\u2019.<\/figcaption><\/figure>\n<figure id=\"attachment_135833\" aria-describedby=\"caption-attachment-135833\" style=\"width: 699px\" class=\"wp-caption alignnone\"><img loading=\"lazy\" decoding=\"async\" class=\"size-full wp-image-135833\" src=\"http:\/\/eltrabajo.cl\/web\/wp-content\/uploads\/2025\/03\/documental-banda-Rebenke-1.jpg\" alt=\"Integrantes que componen a la banda.\" width=\"699\" height=\"406\" srcset=\"https:\/\/eltrabajo.cl\/web\/wp-content\/uploads\/2025\/03\/documental-banda-Rebenke-1.jpg 699w, https:\/\/eltrabajo.cl\/web\/wp-content\/uploads\/2025\/03\/documental-banda-Rebenke-1-300x174.jpg 300w, https:\/\/eltrabajo.cl\/web\/wp-content\/uploads\/2025\/03\/documental-banda-Rebenke-1-150x87.jpg 150w, https:\/\/eltrabajo.cl\/web\/wp-content\/uploads\/2025\/03\/documental-banda-Rebenke-1-696x404.jpg 696w\" sizes=\"auto, (max-width: 699px) 100vw, 699px\" \/><figcaption id=\"caption-attachment-135833\" class=\"wp-caption-text\">Integrantes que componen a la banda.<\/figcaption><\/figure>\n","protected":false},"excerpt":{"rendered":"<p>El registro celebra su historia, sus v\u00ednculos con el p\u00fablico y el proceso detr\u00e1s de su concierto m\u00e1s emotivo.- Este lunes 17 de marzo, la banda aconcag\u00fcina \u2018Rebenke\u2019 estren\u00f3 su esperado documental \u2018Rebenke: 8 A\u00f1os de Rock Campesino\u2019 en el canal oficial de YouTube del grupo. El registro es un reflejo de su camino, rescatando [&hellip;]<\/p>\n","protected":false},"author":1,"featured_media":135833,"comment_status":"open","ping_status":"closed","sticky":false,"template":"","format":"standard","meta":{"footnotes":""},"categories":[4],"tags":[],"class_list":{"0":"post-135831","1":"post","2":"type-post","3":"status-publish","4":"format-standard","5":"has-post-thumbnail","7":"category-comunidad"},"yoast_head":"<!-- This site is optimized with the Yoast SEO plugin v27.4 - https:\/\/yoast.com\/product\/yoast-seo-wordpress\/ -->\n<title>Banda \u2018Rebenke\u2019 estrena documental sobre su trayectoria en el rock campesino - Diario El Trabajo<\/title>\n<meta name=\"robots\" content=\"index, follow, max-snippet:-1, max-image-preview:large, max-video-preview:-1\" \/>\n<link rel=\"canonical\" href=\"https:\/\/eltrabajo.cl\/web\/banda-rebenke-estrena-documental-sobre-su-trayectoria-en-el-rock-campesino\/\" \/>\n<meta property=\"og:locale\" content=\"es_ES\" \/>\n<meta property=\"og:type\" content=\"article\" \/>\n<meta property=\"og:title\" content=\"Banda \u2018Rebenke\u2019 estrena documental sobre su trayectoria en el rock campesino - Diario El Trabajo\" \/>\n<meta property=\"og:description\" content=\"El registro celebra su historia, sus v\u00ednculos con el p\u00fablico y el proceso detr\u00e1s de su concierto m\u00e1s emotivo.- Este lunes 17 de marzo, la banda aconcag\u00fcina \u2018Rebenke\u2019 estren\u00f3 su esperado documental \u2018Rebenke: 8 A\u00f1os de Rock Campesino\u2019 en el canal oficial de YouTube del grupo. El registro es un reflejo de su camino, rescatando [&hellip;]\" \/>\n<meta property=\"og:url\" content=\"https:\/\/eltrabajo.cl\/web\/banda-rebenke-estrena-documental-sobre-su-trayectoria-en-el-rock-campesino\/\" \/>\n<meta property=\"og:site_name\" content=\"Diario El Trabajo\" \/>\n<meta property=\"article:publisher\" content=\"https:\/\/www.facebook.com\/ElTrabajoDiario\" \/>\n<meta property=\"article:published_time\" content=\"2025-03-19T23:46:51+00:00\" \/>\n<meta property=\"og:image\" content=\"https:\/\/eltrabajo.cl\/web\/wp-content\/uploads\/2025\/03\/documental-banda-Rebenke-1.jpg\" \/>\n\t<meta property=\"og:image:width\" content=\"699\" \/>\n\t<meta property=\"og:image:height\" content=\"406\" \/>\n\t<meta property=\"og:image:type\" content=\"image\/jpeg\" \/>\n<meta name=\"author\" content=\"Diario El Trabajo\" \/>\n<meta name=\"twitter:card\" content=\"summary_large_image\" \/>\n<meta name=\"twitter:creator\" content=\"@diarioeltrabajo\" \/>\n<meta name=\"twitter:site\" content=\"@diarioeltrabajo\" \/>\n<meta name=\"twitter:label1\" content=\"Escrito por\" \/>\n\t<meta name=\"twitter:data1\" content=\"Diario El Trabajo\" \/>\n\t<meta name=\"twitter:label2\" content=\"Tiempo estimado de lectura\" \/>\n\t<meta name=\"twitter:data2\" content=\"4 minutos\" \/>\n<script type=\"application\/ld+json\" class=\"yoast-schema-graph\">{\"@context\":\"https:\\\/\\\/schema.org\",\"@graph\":[{\"@type\":\"Article\",\"@id\":\"https:\\\/\\\/eltrabajo.cl\\\/web\\\/banda-rebenke-estrena-documental-sobre-su-trayectoria-en-el-rock-campesino\\\/#article\",\"isPartOf\":{\"@id\":\"https:\\\/\\\/eltrabajo.cl\\\/web\\\/banda-rebenke-estrena-documental-sobre-su-trayectoria-en-el-rock-campesino\\\/\"},\"author\":{\"name\":\"Diario El Trabajo\",\"@id\":\"https:\\\/\\\/eltrabajo.cl\\\/web\\\/#\\\/schema\\\/person\\\/45efd3d17f86ec456e44dd7debe1bf19\"},\"headline\":\"Banda \u2018Rebenke\u2019 estrena documental sobre su trayectoria en el rock campesino\",\"datePublished\":\"2025-03-19T23:46:51+00:00\",\"mainEntityOfPage\":{\"@id\":\"https:\\\/\\\/eltrabajo.cl\\\/web\\\/banda-rebenke-estrena-documental-sobre-su-trayectoria-en-el-rock-campesino\\\/\"},\"wordCount\":582,\"commentCount\":0,\"publisher\":{\"@id\":\"https:\\\/\\\/eltrabajo.cl\\\/web\\\/#organization\"},\"image\":{\"@id\":\"https:\\\/\\\/eltrabajo.cl\\\/web\\\/banda-rebenke-estrena-documental-sobre-su-trayectoria-en-el-rock-campesino\\\/#primaryimage\"},\"thumbnailUrl\":\"https:\\\/\\\/eltrabajo.cl\\\/web\\\/wp-content\\\/uploads\\\/2025\\\/03\\\/documental-banda-Rebenke-1.jpg\",\"articleSection\":[\"Comunidad\"],\"inLanguage\":\"es-CL\",\"potentialAction\":[{\"@type\":\"CommentAction\",\"name\":\"Comment\",\"target\":[\"https:\\\/\\\/eltrabajo.cl\\\/web\\\/banda-rebenke-estrena-documental-sobre-su-trayectoria-en-el-rock-campesino\\\/#respond\"]}]},{\"@type\":\"WebPage\",\"@id\":\"https:\\\/\\\/eltrabajo.cl\\\/web\\\/banda-rebenke-estrena-documental-sobre-su-trayectoria-en-el-rock-campesino\\\/\",\"url\":\"https:\\\/\\\/eltrabajo.cl\\\/web\\\/banda-rebenke-estrena-documental-sobre-su-trayectoria-en-el-rock-campesino\\\/\",\"name\":\"Banda \u2018Rebenke\u2019 estrena documental sobre su trayectoria en el rock campesino - Diario El Trabajo\",\"isPartOf\":{\"@id\":\"https:\\\/\\\/eltrabajo.cl\\\/web\\\/#website\"},\"primaryImageOfPage\":{\"@id\":\"https:\\\/\\\/eltrabajo.cl\\\/web\\\/banda-rebenke-estrena-documental-sobre-su-trayectoria-en-el-rock-campesino\\\/#primaryimage\"},\"image\":{\"@id\":\"https:\\\/\\\/eltrabajo.cl\\\/web\\\/banda-rebenke-estrena-documental-sobre-su-trayectoria-en-el-rock-campesino\\\/#primaryimage\"},\"thumbnailUrl\":\"https:\\\/\\\/eltrabajo.cl\\\/web\\\/wp-content\\\/uploads\\\/2025\\\/03\\\/documental-banda-Rebenke-1.jpg\",\"datePublished\":\"2025-03-19T23:46:51+00:00\",\"breadcrumb\":{\"@id\":\"https:\\\/\\\/eltrabajo.cl\\\/web\\\/banda-rebenke-estrena-documental-sobre-su-trayectoria-en-el-rock-campesino\\\/#breadcrumb\"},\"inLanguage\":\"es-CL\",\"potentialAction\":[{\"@type\":\"ReadAction\",\"target\":[\"https:\\\/\\\/eltrabajo.cl\\\/web\\\/banda-rebenke-estrena-documental-sobre-su-trayectoria-en-el-rock-campesino\\\/\"]}]},{\"@type\":\"ImageObject\",\"inLanguage\":\"es-CL\",\"@id\":\"https:\\\/\\\/eltrabajo.cl\\\/web\\\/banda-rebenke-estrena-documental-sobre-su-trayectoria-en-el-rock-campesino\\\/#primaryimage\",\"url\":\"https:\\\/\\\/eltrabajo.cl\\\/web\\\/wp-content\\\/uploads\\\/2025\\\/03\\\/documental-banda-Rebenke-1.jpg\",\"contentUrl\":\"https:\\\/\\\/eltrabajo.cl\\\/web\\\/wp-content\\\/uploads\\\/2025\\\/03\\\/documental-banda-Rebenke-1.jpg\",\"width\":699,\"height\":406,\"caption\":\"Integrantes que componen a la banda.\"},{\"@type\":\"BreadcrumbList\",\"@id\":\"https:\\\/\\\/eltrabajo.cl\\\/web\\\/banda-rebenke-estrena-documental-sobre-su-trayectoria-en-el-rock-campesino\\\/#breadcrumb\",\"itemListElement\":[{\"@type\":\"ListItem\",\"position\":1,\"name\":\"Portada\",\"item\":\"https:\\\/\\\/eltrabajo.cl\\\/web\\\/\"},{\"@type\":\"ListItem\",\"position\":2,\"name\":\"Banda \u2018Rebenke\u2019 estrena documental sobre su trayectoria en el rock campesino\"}]},{\"@type\":\"WebSite\",\"@id\":\"https:\\\/\\\/eltrabajo.cl\\\/web\\\/#website\",\"url\":\"https:\\\/\\\/eltrabajo.cl\\\/web\\\/\",\"name\":\"Diario El Trabajo\",\"description\":\"Desde 1929 construyendo Identidad Local\",\"publisher\":{\"@id\":\"https:\\\/\\\/eltrabajo.cl\\\/web\\\/#organization\"},\"potentialAction\":[{\"@type\":\"SearchAction\",\"target\":{\"@type\":\"EntryPoint\",\"urlTemplate\":\"https:\\\/\\\/eltrabajo.cl\\\/web\\\/?s={search_term_string}\"},\"query-input\":{\"@type\":\"PropertyValueSpecification\",\"valueRequired\":true,\"valueName\":\"search_term_string\"}}],\"inLanguage\":\"es-CL\"},{\"@type\":\"Organization\",\"@id\":\"https:\\\/\\\/eltrabajo.cl\\\/web\\\/#organization\",\"name\":\"Diario El Trabajo\",\"url\":\"https:\\\/\\\/eltrabajo.cl\\\/web\\\/\",\"logo\":{\"@type\":\"ImageObject\",\"inLanguage\":\"es-CL\",\"@id\":\"https:\\\/\\\/eltrabajo.cl\\\/web\\\/#\\\/schema\\\/logo\\\/image\\\/\",\"url\":\"https:\\\/\\\/eltrabajo.cl\\\/web\\\/wp-content\\\/uploads\\\/2024\\\/06\\\/profile-image-ig-page-diarioeltrabajo.jpg\",\"contentUrl\":\"https:\\\/\\\/eltrabajo.cl\\\/web\\\/wp-content\\\/uploads\\\/2024\\\/06\\\/profile-image-ig-page-diarioeltrabajo.jpg\",\"width\":823,\"height\":823,\"caption\":\"Diario El Trabajo\"},\"image\":{\"@id\":\"https:\\\/\\\/eltrabajo.cl\\\/web\\\/#\\\/schema\\\/logo\\\/image\\\/\"},\"sameAs\":[\"https:\\\/\\\/www.facebook.com\\\/ElTrabajoDiario\",\"https:\\\/\\\/x.com\\\/diarioeltrabajo\"]},{\"@type\":\"Person\",\"@id\":\"https:\\\/\\\/eltrabajo.cl\\\/web\\\/#\\\/schema\\\/person\\\/45efd3d17f86ec456e44dd7debe1bf19\",\"name\":\"Diario El Trabajo\",\"image\":{\"@type\":\"ImageObject\",\"inLanguage\":\"es-CL\",\"@id\":\"https:\\\/\\\/secure.gravatar.com\\\/avatar\\\/7e6ec277dc4aea2677c2dc301d4227957219329c985ab69a3efc12518b5161aa?s=96&d=mm&r=g\",\"url\":\"https:\\\/\\\/secure.gravatar.com\\\/avatar\\\/7e6ec277dc4aea2677c2dc301d4227957219329c985ab69a3efc12518b5161aa?s=96&d=mm&r=g\",\"contentUrl\":\"https:\\\/\\\/secure.gravatar.com\\\/avatar\\\/7e6ec277dc4aea2677c2dc301d4227957219329c985ab69a3efc12518b5161aa?s=96&d=mm&r=g\",\"caption\":\"Diario El Trabajo\"},\"sameAs\":[\"https:\\\/\\\/eltrabajo.cl\\\/web\"],\"url\":\"https:\\\/\\\/eltrabajo.cl\\\/web\\\/author\\\/diario-el-trabajo\\\/\"}]}<\/script>\n<!-- \/ Yoast SEO plugin. -->","yoast_head_json":{"title":"Banda \u2018Rebenke\u2019 estrena documental sobre su trayectoria en el rock campesino - Diario El Trabajo","robots":{"index":"index","follow":"follow","max-snippet":"max-snippet:-1","max-image-preview":"max-image-preview:large","max-video-preview":"max-video-preview:-1"},"canonical":"https:\/\/eltrabajo.cl\/web\/banda-rebenke-estrena-documental-sobre-su-trayectoria-en-el-rock-campesino\/","og_locale":"es_ES","og_type":"article","og_title":"Banda \u2018Rebenke\u2019 estrena documental sobre su trayectoria en el rock campesino - Diario El Trabajo","og_description":"El registro celebra su historia, sus v\u00ednculos con el p\u00fablico y el proceso detr\u00e1s de su concierto m\u00e1s emotivo.- Este lunes 17 de marzo, la banda aconcag\u00fcina \u2018Rebenke\u2019 estren\u00f3 su esperado documental \u2018Rebenke: 8 A\u00f1os de Rock Campesino\u2019 en el canal oficial de YouTube del grupo. El registro es un reflejo de su camino, rescatando [&hellip;]","og_url":"https:\/\/eltrabajo.cl\/web\/banda-rebenke-estrena-documental-sobre-su-trayectoria-en-el-rock-campesino\/","og_site_name":"Diario El Trabajo","article_publisher":"https:\/\/www.facebook.com\/ElTrabajoDiario","article_published_time":"2025-03-19T23:46:51+00:00","og_image":[{"width":699,"height":406,"url":"https:\/\/eltrabajo.cl\/web\/wp-content\/uploads\/2025\/03\/documental-banda-Rebenke-1.jpg","type":"image\/jpeg"}],"author":"Diario El Trabajo","twitter_card":"summary_large_image","twitter_creator":"@diarioeltrabajo","twitter_site":"@diarioeltrabajo","twitter_misc":{"Escrito por":"Diario El Trabajo","Tiempo estimado de lectura":"4 minutos"},"schema":{"@context":"https:\/\/schema.org","@graph":[{"@type":"Article","@id":"https:\/\/eltrabajo.cl\/web\/banda-rebenke-estrena-documental-sobre-su-trayectoria-en-el-rock-campesino\/#article","isPartOf":{"@id":"https:\/\/eltrabajo.cl\/web\/banda-rebenke-estrena-documental-sobre-su-trayectoria-en-el-rock-campesino\/"},"author":{"name":"Diario El Trabajo","@id":"https:\/\/eltrabajo.cl\/web\/#\/schema\/person\/45efd3d17f86ec456e44dd7debe1bf19"},"headline":"Banda \u2018Rebenke\u2019 estrena documental sobre su trayectoria en el rock campesino","datePublished":"2025-03-19T23:46:51+00:00","mainEntityOfPage":{"@id":"https:\/\/eltrabajo.cl\/web\/banda-rebenke-estrena-documental-sobre-su-trayectoria-en-el-rock-campesino\/"},"wordCount":582,"commentCount":0,"publisher":{"@id":"https:\/\/eltrabajo.cl\/web\/#organization"},"image":{"@id":"https:\/\/eltrabajo.cl\/web\/banda-rebenke-estrena-documental-sobre-su-trayectoria-en-el-rock-campesino\/#primaryimage"},"thumbnailUrl":"https:\/\/eltrabajo.cl\/web\/wp-content\/uploads\/2025\/03\/documental-banda-Rebenke-1.jpg","articleSection":["Comunidad"],"inLanguage":"es-CL","potentialAction":[{"@type":"CommentAction","name":"Comment","target":["https:\/\/eltrabajo.cl\/web\/banda-rebenke-estrena-documental-sobre-su-trayectoria-en-el-rock-campesino\/#respond"]}]},{"@type":"WebPage","@id":"https:\/\/eltrabajo.cl\/web\/banda-rebenke-estrena-documental-sobre-su-trayectoria-en-el-rock-campesino\/","url":"https:\/\/eltrabajo.cl\/web\/banda-rebenke-estrena-documental-sobre-su-trayectoria-en-el-rock-campesino\/","name":"Banda \u2018Rebenke\u2019 estrena documental sobre su trayectoria en el rock campesino - Diario El Trabajo","isPartOf":{"@id":"https:\/\/eltrabajo.cl\/web\/#website"},"primaryImageOfPage":{"@id":"https:\/\/eltrabajo.cl\/web\/banda-rebenke-estrena-documental-sobre-su-trayectoria-en-el-rock-campesino\/#primaryimage"},"image":{"@id":"https:\/\/eltrabajo.cl\/web\/banda-rebenke-estrena-documental-sobre-su-trayectoria-en-el-rock-campesino\/#primaryimage"},"thumbnailUrl":"https:\/\/eltrabajo.cl\/web\/wp-content\/uploads\/2025\/03\/documental-banda-Rebenke-1.jpg","datePublished":"2025-03-19T23:46:51+00:00","breadcrumb":{"@id":"https:\/\/eltrabajo.cl\/web\/banda-rebenke-estrena-documental-sobre-su-trayectoria-en-el-rock-campesino\/#breadcrumb"},"inLanguage":"es-CL","potentialAction":[{"@type":"ReadAction","target":["https:\/\/eltrabajo.cl\/web\/banda-rebenke-estrena-documental-sobre-su-trayectoria-en-el-rock-campesino\/"]}]},{"@type":"ImageObject","inLanguage":"es-CL","@id":"https:\/\/eltrabajo.cl\/web\/banda-rebenke-estrena-documental-sobre-su-trayectoria-en-el-rock-campesino\/#primaryimage","url":"https:\/\/eltrabajo.cl\/web\/wp-content\/uploads\/2025\/03\/documental-banda-Rebenke-1.jpg","contentUrl":"https:\/\/eltrabajo.cl\/web\/wp-content\/uploads\/2025\/03\/documental-banda-Rebenke-1.jpg","width":699,"height":406,"caption":"Integrantes que componen a la banda."},{"@type":"BreadcrumbList","@id":"https:\/\/eltrabajo.cl\/web\/banda-rebenke-estrena-documental-sobre-su-trayectoria-en-el-rock-campesino\/#breadcrumb","itemListElement":[{"@type":"ListItem","position":1,"name":"Portada","item":"https:\/\/eltrabajo.cl\/web\/"},{"@type":"ListItem","position":2,"name":"Banda \u2018Rebenke\u2019 estrena documental sobre su trayectoria en el rock campesino"}]},{"@type":"WebSite","@id":"https:\/\/eltrabajo.cl\/web\/#website","url":"https:\/\/eltrabajo.cl\/web\/","name":"Diario El Trabajo","description":"Desde 1929 construyendo Identidad Local","publisher":{"@id":"https:\/\/eltrabajo.cl\/web\/#organization"},"potentialAction":[{"@type":"SearchAction","target":{"@type":"EntryPoint","urlTemplate":"https:\/\/eltrabajo.cl\/web\/?s={search_term_string}"},"query-input":{"@type":"PropertyValueSpecification","valueRequired":true,"valueName":"search_term_string"}}],"inLanguage":"es-CL"},{"@type":"Organization","@id":"https:\/\/eltrabajo.cl\/web\/#organization","name":"Diario El Trabajo","url":"https:\/\/eltrabajo.cl\/web\/","logo":{"@type":"ImageObject","inLanguage":"es-CL","@id":"https:\/\/eltrabajo.cl\/web\/#\/schema\/logo\/image\/","url":"https:\/\/eltrabajo.cl\/web\/wp-content\/uploads\/2024\/06\/profile-image-ig-page-diarioeltrabajo.jpg","contentUrl":"https:\/\/eltrabajo.cl\/web\/wp-content\/uploads\/2024\/06\/profile-image-ig-page-diarioeltrabajo.jpg","width":823,"height":823,"caption":"Diario El Trabajo"},"image":{"@id":"https:\/\/eltrabajo.cl\/web\/#\/schema\/logo\/image\/"},"sameAs":["https:\/\/www.facebook.com\/ElTrabajoDiario","https:\/\/x.com\/diarioeltrabajo"]},{"@type":"Person","@id":"https:\/\/eltrabajo.cl\/web\/#\/schema\/person\/45efd3d17f86ec456e44dd7debe1bf19","name":"Diario El Trabajo","image":{"@type":"ImageObject","inLanguage":"es-CL","@id":"https:\/\/secure.gravatar.com\/avatar\/7e6ec277dc4aea2677c2dc301d4227957219329c985ab69a3efc12518b5161aa?s=96&d=mm&r=g","url":"https:\/\/secure.gravatar.com\/avatar\/7e6ec277dc4aea2677c2dc301d4227957219329c985ab69a3efc12518b5161aa?s=96&d=mm&r=g","contentUrl":"https:\/\/secure.gravatar.com\/avatar\/7e6ec277dc4aea2677c2dc301d4227957219329c985ab69a3efc12518b5161aa?s=96&d=mm&r=g","caption":"Diario El Trabajo"},"sameAs":["https:\/\/eltrabajo.cl\/web"],"url":"https:\/\/eltrabajo.cl\/web\/author\/diario-el-trabajo\/"}]}},"_links":{"self":[{"href":"https:\/\/eltrabajo.cl\/web\/wp-json\/wp\/v2\/posts\/135831","targetHints":{"allow":["GET"]}}],"collection":[{"href":"https:\/\/eltrabajo.cl\/web\/wp-json\/wp\/v2\/posts"}],"about":[{"href":"https:\/\/eltrabajo.cl\/web\/wp-json\/wp\/v2\/types\/post"}],"author":[{"embeddable":true,"href":"https:\/\/eltrabajo.cl\/web\/wp-json\/wp\/v2\/users\/1"}],"replies":[{"embeddable":true,"href":"https:\/\/eltrabajo.cl\/web\/wp-json\/wp\/v2\/comments?post=135831"}],"version-history":[{"count":1,"href":"https:\/\/eltrabajo.cl\/web\/wp-json\/wp\/v2\/posts\/135831\/revisions"}],"predecessor-version":[{"id":135834,"href":"https:\/\/eltrabajo.cl\/web\/wp-json\/wp\/v2\/posts\/135831\/revisions\/135834"}],"wp:featuredmedia":[{"embeddable":true,"href":"https:\/\/eltrabajo.cl\/web\/wp-json\/wp\/v2\/media\/135833"}],"wp:attachment":[{"href":"https:\/\/eltrabajo.cl\/web\/wp-json\/wp\/v2\/media?parent=135831"}],"wp:term":[{"taxonomy":"category","embeddable":true,"href":"https:\/\/eltrabajo.cl\/web\/wp-json\/wp\/v2\/categories?post=135831"},{"taxonomy":"post_tag","embeddable":true,"href":"https:\/\/eltrabajo.cl\/web\/wp-json\/wp\/v2\/tags?post=135831"}],"curies":[{"name":"wp","href":"https:\/\/api.w.org\/{rel}","templated":true}]}}