{"id":135835,"date":"2025-03-19T20:49:27","date_gmt":"2025-03-19T23:49:27","guid":{"rendered":"https:\/\/eltrabajo.cl\/web\/?p=135835"},"modified":"2025-03-19T20:49:27","modified_gmt":"2025-03-19T23:49:27","slug":"molestia-generalizada-por-cables-de-telecomunicaciones-tirados-y-colgados-en-distintos-puntos-de-villa-el-carmen","status":"publish","type":"post","link":"https:\/\/eltrabajo.cl\/web\/molestia-generalizada-por-cables-de-telecomunicaciones-tirados-y-colgados-en-distintos-puntos-de-villa-el-carmen\/","title":{"rendered":"Molestia generalizada por cables de telecomunicaciones tirados y colgados en distintos puntos de Villa El Carmen"},"content":{"rendered":"<ul>\n<li><strong>Temen que se produzca alg\u00fan accidente, adem\u00e1s que aseguran que no se cumple ley que regula el retiro de cables a\u00e9reos y subterr\u00e1neos en desuso.-<\/strong><\/li>\n<\/ul>\n<p>Molestia vecinal existe en la Villa El Carmen, puesto que este martes y, aparentemente, luego de un trabajo ejecutado por alguna empresa de telecomunicaciones, distintos cables que ser\u00edan de fibra \u00f3ptica y que estaban en los postes de luz, aparecieron tirados en diversos puntos de una de sus calles principales, Avenida Ciudad de Mendoza.<\/p>\n<p>La desaz\u00f3n radica no solo en lo mal que se ve est\u00e9ticamente -cables tirados en las veredas y colgando de los postes el\u00e9ctricos-, sino en el peligro que se pudiese producir alg\u00fan accidente para cualquier transe\u00fante o ni\u00f1os que jueguen por el lugar, ya sea por enredarse en ellos o por el filo que presenta en sus puntas.<\/p>\n<p>En las im\u00e1genes que nos hicieron llegar los propios vecinos, se aprecia evidentemente esta problem\u00e1tica y c\u00f3mo, quienes hayan ejecutado este trabajo, dejaron a la suerte este material, m\u00e1s a\u00fan, pensando en la ley vigente que exige el retiro de cables en desuso de los postes, tal como indica uno de los residentes del sector.<\/p>\n<p>El preocupado ciudadano, coment\u00f3 a <strong>Diario El Trabajo <\/strong>no solo su molestia, sino tambi\u00e9n a qui\u00e9n atribuye la responsabilidad. <em>\u00abEs un peligro y es bastante feo visualmente c\u00f3mo dejaron, no s\u00e9 qui\u00e9n estuvo trabajando ah\u00ed, pero no me parece que sea la manera correcta de terminar el trabajo. Dejaron cables tirados, cables colgando, est\u00e9ticamente se ve horrible, es peligroso y qui\u00e9n sabe si ma\u00f1ana vienen y dejan m\u00e1s cables tirados, entonces, esto no puede ser que pase. Yo me encontr\u00e9 con la sorpresa de estos cables tirados tal como se ven las im\u00e1genes al llegar en la tarde de mi trabajo. Mi trabajo me obliga a estar afuera todo el d\u00eda y cuando llegu\u00e9, me encuentro con la sorpresa de que hay cables tirados.<\/em><\/p>\n<p>\u00ab<em>Por \u00faltimo, no tienen por qu\u00e9 dejar los cables as\u00ed, esa no es forma de trabajar. Eso es lo que m\u00e1s me molesta de la compa\u00f1\u00eda. Estos son cables de una empresa de telecomunicaciones, porque ese es un cable de fibra \u00f3ptica, por lo menos el que est\u00e1 colgando desde las comitivas que est\u00e1n arriba en el poste hasta el piso, y que sigue por un buen trecho ese cable largo, ese es un cable de fibra \u00f3ptica. Eso es de alguna empresa de telecomunicaciones que estuvo haciendo alg\u00fan trabajo\u00bb<\/em>, estableci\u00f3.<\/p>\n<p>Respecto a lo que debiese ser, por ley, un retiro obligatorio de aquellos cables que yo no se ocupan en los postes de luz, adem\u00e1s de la cantidad de estos botados, el vecino indic\u00f3 que <em>\u00abno tengo idea si est\u00e1n empezando alg\u00fan tipo de limpieza de los cables, que es un tema de una ley que sali\u00f3 hace mucho rato, pero que ha sido letra muerta y que simplemente lo dejaron ah\u00ed tirado<\/em>.<\/p>\n<p>\u00ab<em>Esto fue hoy d\u00eda <\/em>(ayer)<em>, alguien vino, alguna empresa de telecomunicaciones, vinieron t\u00e9cnicos, vaya a saber usted qu\u00e9 es lo que hicieron, pero as\u00ed dejaron. Hay m\u00e1s cables, yo saqu\u00e9 algunas fotos m\u00e1s, no quise seguir mirando m\u00e1s lejos, pero hay varias casas m\u00e1s que est\u00e1n con trozos de cables tambi\u00e9n tirados. O sea, esto estuvieron haci\u00e9ndolo en varias partes\u00bb<\/em>, a\u00f1adi\u00f3.<\/p>\n<p>Finalmente, el vecino entreg\u00f3 sus descargos en cuanto a este trabajo que fue ejecutado y se refiri\u00f3 a los peligros que reviste. <em>\u00abEsto es una problem\u00e1tica gratuita por parte de la empresa de telecomunicaciones que sea y los t\u00e9cnicos que vienen en representaci\u00f3n de esa empresa, porque no les costar\u00eda nada tomar sus cablecitos y enrollarlos y llev\u00e1rselos o, por \u00faltimo, en el peor de los casos, dejarlos amontonados en alguna parte, cosa que sean retirados por otra empresa o por los recolectores de basura; quien sea, pero no de la forma que dejaron todo esto tan desprolijo, tan sucio, tan mal hecho ese trabajo<\/em>.<\/p>\n<p>\u00ab<em>Es peligroso, es muy peligroso, no es un cable con energ\u00eda el\u00e9ctrica, pero sigue siendo un cable peligroso, porque cualquiera se puede enredar en \u00e9l, como habl\u00e1bamos hace un rato y se puede caer. Hay pedazos de cables que est\u00e1n as\u00ed como a la vista, alguien se puede; no s\u00e9, un ni\u00f1o peque\u00f1o se podr\u00eda pinchar hasta un ojo, la fibra \u00f3ptica es vidrio en definitiva, y es muy muy filoso en las puntas, en los extremos. Cualquier persona, un ni\u00f1o peque\u00f1o podr\u00eda lastimarse muy severamente con un cable de eso, en un ojito, por ejemplo\u00bb<\/em>, cerr\u00f3.<\/p>\n<figure id=\"attachment_135837\" aria-describedby=\"caption-attachment-135837\" style=\"width: 699px\" class=\"wp-caption alignnone\"><img loading=\"lazy\" decoding=\"async\" class=\"size-full wp-image-135837\" src=\"http:\/\/eltrabajo.cl\/web\/wp-content\/uploads\/2025\/03\/cables-villa-el-Carmen-1.jpg\" alt=\"Cable colgando desde el poste de luz.\" width=\"699\" height=\"833\" srcset=\"https:\/\/eltrabajo.cl\/web\/wp-content\/uploads\/2025\/03\/cables-villa-el-Carmen-1.jpg 699w, https:\/\/eltrabajo.cl\/web\/wp-content\/uploads\/2025\/03\/cables-villa-el-Carmen-1-252x300.jpg 252w, https:\/\/eltrabajo.cl\/web\/wp-content\/uploads\/2025\/03\/cables-villa-el-Carmen-1-352x420.jpg 352w, https:\/\/eltrabajo.cl\/web\/wp-content\/uploads\/2025\/03\/cables-villa-el-Carmen-1-150x179.jpg 150w, https:\/\/eltrabajo.cl\/web\/wp-content\/uploads\/2025\/03\/cables-villa-el-Carmen-1-300x358.jpg 300w, https:\/\/eltrabajo.cl\/web\/wp-content\/uploads\/2025\/03\/cables-villa-el-Carmen-1-696x829.jpg 696w\" sizes=\"auto, (max-width: 699px) 100vw, 699px\" \/><figcaption id=\"caption-attachment-135837\" class=\"wp-caption-text\">Cable colgando desde el poste de luz.<\/figcaption><\/figure>\n<figure id=\"attachment_135838\" aria-describedby=\"caption-attachment-135838\" style=\"width: 699px\" class=\"wp-caption alignnone\"><img loading=\"lazy\" decoding=\"async\" class=\"size-full wp-image-135838\" src=\"http:\/\/eltrabajo.cl\/web\/wp-content\/uploads\/2025\/03\/cables-villa-el-Carmen-2.jpg\" alt=\"Continuaci\u00f3n del cable colgando desde la luminaria. Recorre varios metros.\" width=\"699\" height=\"765\" srcset=\"https:\/\/eltrabajo.cl\/web\/wp-content\/uploads\/2025\/03\/cables-villa-el-Carmen-2.jpg 699w, https:\/\/eltrabajo.cl\/web\/wp-content\/uploads\/2025\/03\/cables-villa-el-Carmen-2-274x300.jpg 274w, https:\/\/eltrabajo.cl\/web\/wp-content\/uploads\/2025\/03\/cables-villa-el-Carmen-2-384x420.jpg 384w, https:\/\/eltrabajo.cl\/web\/wp-content\/uploads\/2025\/03\/cables-villa-el-Carmen-2-150x164.jpg 150w, https:\/\/eltrabajo.cl\/web\/wp-content\/uploads\/2025\/03\/cables-villa-el-Carmen-2-300x328.jpg 300w, https:\/\/eltrabajo.cl\/web\/wp-content\/uploads\/2025\/03\/cables-villa-el-Carmen-2-696x762.jpg 696w\" sizes=\"auto, (max-width: 699px) 100vw, 699px\" \/><figcaption id=\"caption-attachment-135838\" class=\"wp-caption-text\">Continuaci\u00f3n del cable colgando desde la luminaria. Recorre varios metros.<\/figcaption><\/figure>\n<figure id=\"attachment_135839\" aria-describedby=\"caption-attachment-135839\" style=\"width: 699px\" class=\"wp-caption alignnone\"><img loading=\"lazy\" decoding=\"async\" class=\"size-full wp-image-135839\" src=\"http:\/\/eltrabajo.cl\/web\/wp-content\/uploads\/2025\/03\/cables-villa-el-Carmen-3.jpg\" alt=\"M\u00e1s del material botado por la villa.\" width=\"699\" height=\"701\" srcset=\"https:\/\/eltrabajo.cl\/web\/wp-content\/uploads\/2025\/03\/cables-villa-el-Carmen-3.jpg 699w, https:\/\/eltrabajo.cl\/web\/wp-content\/uploads\/2025\/03\/cables-villa-el-Carmen-3-300x301.jpg 300w, https:\/\/eltrabajo.cl\/web\/wp-content\/uploads\/2025\/03\/cables-villa-el-Carmen-3-150x150.jpg 150w, https:\/\/eltrabajo.cl\/web\/wp-content\/uploads\/2025\/03\/cables-villa-el-Carmen-3-419x420.jpg 419w, https:\/\/eltrabajo.cl\/web\/wp-content\/uploads\/2025\/03\/cables-villa-el-Carmen-3-696x698.jpg 696w\" sizes=\"auto, (max-width: 699px) 100vw, 699px\" \/><figcaption id=\"caption-attachment-135839\" class=\"wp-caption-text\">M\u00e1s del material botado por la villa.<\/figcaption><\/figure>\n<figure id=\"attachment_135836\" aria-describedby=\"caption-attachment-135836\" style=\"width: 699px\" class=\"wp-caption alignnone\"><img loading=\"lazy\" decoding=\"async\" class=\"size-full wp-image-135836\" src=\"http:\/\/eltrabajo.cl\/web\/wp-content\/uploads\/2025\/03\/cables-villa-el-Carmen-4.jpg\" alt=\"Molestia por la mala ejecuci\u00f3n de alg\u00fan trabajo por parte de una empresa de telecomunicaciones.\" width=\"699\" height=\"629\" srcset=\"https:\/\/eltrabajo.cl\/web\/wp-content\/uploads\/2025\/03\/cables-villa-el-Carmen-4.jpg 699w, https:\/\/eltrabajo.cl\/web\/wp-content\/uploads\/2025\/03\/cables-villa-el-Carmen-4-300x270.jpg 300w, https:\/\/eltrabajo.cl\/web\/wp-content\/uploads\/2025\/03\/cables-villa-el-Carmen-4-467x420.jpg 467w, https:\/\/eltrabajo.cl\/web\/wp-content\/uploads\/2025\/03\/cables-villa-el-Carmen-4-150x135.jpg 150w, https:\/\/eltrabajo.cl\/web\/wp-content\/uploads\/2025\/03\/cables-villa-el-Carmen-4-696x626.jpg 696w\" sizes=\"auto, (max-width: 699px) 100vw, 699px\" \/><figcaption id=\"caption-attachment-135836\" class=\"wp-caption-text\">Molestia por la mala ejecuci\u00f3n de alg\u00fan trabajo por parte de una empresa de telecomunicaciones.<\/figcaption><\/figure>\n","protected":false},"excerpt":{"rendered":"<p>Temen que se produzca alg\u00fan accidente, adem\u00e1s que aseguran que no se cumple ley que regula el retiro de cables a\u00e9reos y subterr\u00e1neos en desuso.- Molestia vecinal existe en la Villa El Carmen, puesto que este martes y, aparentemente, luego de un trabajo ejecutado por alguna empresa de telecomunicaciones, distintos cables que ser\u00edan de fibra [&hellip;]<\/p>\n","protected":false},"author":1,"featured_media":135837,"comment_status":"open","ping_status":"closed","sticky":false,"template":"","format":"standard","meta":{"footnotes":""},"categories":[4],"tags":[],"class_list":{"0":"post-135835","1":"post","2":"type-post","3":"status-publish","4":"format-standard","5":"has-post-thumbnail","7":"category-comunidad"},"yoast_head":"<!-- This site is optimized with the Yoast SEO plugin v27.5 - https:\/\/yoast.com\/product\/yoast-seo-wordpress\/ -->\n<title>Molestia generalizada por cables de telecomunicaciones tirados y colgados en distintos puntos de Villa El Carmen - Diario El Trabajo<\/title>\n<meta name=\"robots\" content=\"index, follow, max-snippet:-1, max-image-preview:large, max-video-preview:-1\" \/>\n<link rel=\"canonical\" href=\"https:\/\/eltrabajo.cl\/web\/molestia-generalizada-por-cables-de-telecomunicaciones-tirados-y-colgados-en-distintos-puntos-de-villa-el-carmen\/\" \/>\n<meta property=\"og:locale\" content=\"es_ES\" \/>\n<meta property=\"og:type\" content=\"article\" \/>\n<meta property=\"og:title\" content=\"Molestia generalizada por cables de telecomunicaciones tirados y colgados en distintos puntos de Villa El Carmen - Diario El Trabajo\" \/>\n<meta property=\"og:description\" content=\"Temen que se produzca alg\u00fan accidente, adem\u00e1s que aseguran que no se cumple ley que regula el retiro de cables a\u00e9reos y subterr\u00e1neos en desuso.- Molestia vecinal existe en la Villa El Carmen, puesto que este martes y, aparentemente, luego de un trabajo ejecutado por alguna empresa de telecomunicaciones, distintos cables que ser\u00edan de fibra [&hellip;]\" \/>\n<meta property=\"og:url\" content=\"https:\/\/eltrabajo.cl\/web\/molestia-generalizada-por-cables-de-telecomunicaciones-tirados-y-colgados-en-distintos-puntos-de-villa-el-carmen\/\" \/>\n<meta property=\"og:site_name\" content=\"Diario El Trabajo\" \/>\n<meta property=\"article:publisher\" content=\"https:\/\/www.facebook.com\/ElTrabajoDiario\" \/>\n<meta property=\"article:published_time\" content=\"2025-03-19T23:49:27+00:00\" \/>\n<meta property=\"og:image\" content=\"https:\/\/eltrabajo.cl\/web\/wp-content\/uploads\/2025\/03\/cables-villa-el-Carmen-1.jpg\" \/>\n\t<meta property=\"og:image:width\" content=\"699\" \/>\n\t<meta property=\"og:image:height\" content=\"833\" \/>\n\t<meta property=\"og:image:type\" content=\"image\/jpeg\" \/>\n<meta name=\"author\" content=\"Diario El Trabajo\" \/>\n<meta name=\"twitter:card\" content=\"summary_large_image\" \/>\n<meta name=\"twitter:creator\" content=\"@diarioeltrabajo\" \/>\n<meta name=\"twitter:site\" content=\"@diarioeltrabajo\" \/>\n<meta name=\"twitter:label1\" content=\"Escrito por\" \/>\n\t<meta name=\"twitter:data1\" content=\"Diario El Trabajo\" \/>\n\t<meta name=\"twitter:label2\" content=\"Tiempo estimado de lectura\" \/>\n\t<meta name=\"twitter:data2\" content=\"5 minutos\" \/>\n<script type=\"application\/ld+json\" class=\"yoast-schema-graph\">{\"@context\":\"https:\\\/\\\/schema.org\",\"@graph\":[{\"@type\":\"Article\",\"@id\":\"https:\\\/\\\/eltrabajo.cl\\\/web\\\/molestia-generalizada-por-cables-de-telecomunicaciones-tirados-y-colgados-en-distintos-puntos-de-villa-el-carmen\\\/#article\",\"isPartOf\":{\"@id\":\"https:\\\/\\\/eltrabajo.cl\\\/web\\\/molestia-generalizada-por-cables-de-telecomunicaciones-tirados-y-colgados-en-distintos-puntos-de-villa-el-carmen\\\/\"},\"author\":{\"name\":\"Diario El Trabajo\",\"@id\":\"https:\\\/\\\/eltrabajo.cl\\\/web\\\/#\\\/schema\\\/person\\\/45efd3d17f86ec456e44dd7debe1bf19\"},\"headline\":\"Molestia generalizada por cables de telecomunicaciones tirados y colgados en distintos puntos de Villa El Carmen\",\"datePublished\":\"2025-03-19T23:49:27+00:00\",\"mainEntityOfPage\":{\"@id\":\"https:\\\/\\\/eltrabajo.cl\\\/web\\\/molestia-generalizada-por-cables-de-telecomunicaciones-tirados-y-colgados-en-distintos-puntos-de-villa-el-carmen\\\/\"},\"wordCount\":889,\"commentCount\":0,\"publisher\":{\"@id\":\"https:\\\/\\\/eltrabajo.cl\\\/web\\\/#organization\"},\"image\":{\"@id\":\"https:\\\/\\\/eltrabajo.cl\\\/web\\\/molestia-generalizada-por-cables-de-telecomunicaciones-tirados-y-colgados-en-distintos-puntos-de-villa-el-carmen\\\/#primaryimage\"},\"thumbnailUrl\":\"https:\\\/\\\/eltrabajo.cl\\\/web\\\/wp-content\\\/uploads\\\/2025\\\/03\\\/cables-villa-el-Carmen-1.jpg\",\"articleSection\":[\"Comunidad\"],\"inLanguage\":\"es-CL\",\"potentialAction\":[{\"@type\":\"CommentAction\",\"name\":\"Comment\",\"target\":[\"https:\\\/\\\/eltrabajo.cl\\\/web\\\/molestia-generalizada-por-cables-de-telecomunicaciones-tirados-y-colgados-en-distintos-puntos-de-villa-el-carmen\\\/#respond\"]}]},{\"@type\":\"WebPage\",\"@id\":\"https:\\\/\\\/eltrabajo.cl\\\/web\\\/molestia-generalizada-por-cables-de-telecomunicaciones-tirados-y-colgados-en-distintos-puntos-de-villa-el-carmen\\\/\",\"url\":\"https:\\\/\\\/eltrabajo.cl\\\/web\\\/molestia-generalizada-por-cables-de-telecomunicaciones-tirados-y-colgados-en-distintos-puntos-de-villa-el-carmen\\\/\",\"name\":\"Molestia generalizada por cables de telecomunicaciones tirados y colgados en distintos puntos de Villa El Carmen - Diario El Trabajo\",\"isPartOf\":{\"@id\":\"https:\\\/\\\/eltrabajo.cl\\\/web\\\/#website\"},\"primaryImageOfPage\":{\"@id\":\"https:\\\/\\\/eltrabajo.cl\\\/web\\\/molestia-generalizada-por-cables-de-telecomunicaciones-tirados-y-colgados-en-distintos-puntos-de-villa-el-carmen\\\/#primaryimage\"},\"image\":{\"@id\":\"https:\\\/\\\/eltrabajo.cl\\\/web\\\/molestia-generalizada-por-cables-de-telecomunicaciones-tirados-y-colgados-en-distintos-puntos-de-villa-el-carmen\\\/#primaryimage\"},\"thumbnailUrl\":\"https:\\\/\\\/eltrabajo.cl\\\/web\\\/wp-content\\\/uploads\\\/2025\\\/03\\\/cables-villa-el-Carmen-1.jpg\",\"datePublished\":\"2025-03-19T23:49:27+00:00\",\"breadcrumb\":{\"@id\":\"https:\\\/\\\/eltrabajo.cl\\\/web\\\/molestia-generalizada-por-cables-de-telecomunicaciones-tirados-y-colgados-en-distintos-puntos-de-villa-el-carmen\\\/#breadcrumb\"},\"inLanguage\":\"es-CL\",\"potentialAction\":[{\"@type\":\"ReadAction\",\"target\":[\"https:\\\/\\\/eltrabajo.cl\\\/web\\\/molestia-generalizada-por-cables-de-telecomunicaciones-tirados-y-colgados-en-distintos-puntos-de-villa-el-carmen\\\/\"]}]},{\"@type\":\"ImageObject\",\"inLanguage\":\"es-CL\",\"@id\":\"https:\\\/\\\/eltrabajo.cl\\\/web\\\/molestia-generalizada-por-cables-de-telecomunicaciones-tirados-y-colgados-en-distintos-puntos-de-villa-el-carmen\\\/#primaryimage\",\"url\":\"https:\\\/\\\/eltrabajo.cl\\\/web\\\/wp-content\\\/uploads\\\/2025\\\/03\\\/cables-villa-el-Carmen-1.jpg\",\"contentUrl\":\"https:\\\/\\\/eltrabajo.cl\\\/web\\\/wp-content\\\/uploads\\\/2025\\\/03\\\/cables-villa-el-Carmen-1.jpg\",\"width\":699,\"height\":833,\"caption\":\"Cable colgando desde el poste de luz.\"},{\"@type\":\"BreadcrumbList\",\"@id\":\"https:\\\/\\\/eltrabajo.cl\\\/web\\\/molestia-generalizada-por-cables-de-telecomunicaciones-tirados-y-colgados-en-distintos-puntos-de-villa-el-carmen\\\/#breadcrumb\",\"itemListElement\":[{\"@type\":\"ListItem\",\"position\":1,\"name\":\"Portada\",\"item\":\"https:\\\/\\\/eltrabajo.cl\\\/web\\\/\"},{\"@type\":\"ListItem\",\"position\":2,\"name\":\"Molestia generalizada por cables de telecomunicaciones tirados y colgados en distintos puntos de Villa El Carmen\"}]},{\"@type\":\"WebSite\",\"@id\":\"https:\\\/\\\/eltrabajo.cl\\\/web\\\/#website\",\"url\":\"https:\\\/\\\/eltrabajo.cl\\\/web\\\/\",\"name\":\"Diario El Trabajo\",\"description\":\"Desde 1929 construyendo Identidad Local\",\"publisher\":{\"@id\":\"https:\\\/\\\/eltrabajo.cl\\\/web\\\/#organization\"},\"potentialAction\":[{\"@type\":\"SearchAction\",\"target\":{\"@type\":\"EntryPoint\",\"urlTemplate\":\"https:\\\/\\\/eltrabajo.cl\\\/web\\\/?s={search_term_string}\"},\"query-input\":{\"@type\":\"PropertyValueSpecification\",\"valueRequired\":true,\"valueName\":\"search_term_string\"}}],\"inLanguage\":\"es-CL\"},{\"@type\":\"Organization\",\"@id\":\"https:\\\/\\\/eltrabajo.cl\\\/web\\\/#organization\",\"name\":\"Diario El Trabajo\",\"url\":\"https:\\\/\\\/eltrabajo.cl\\\/web\\\/\",\"logo\":{\"@type\":\"ImageObject\",\"inLanguage\":\"es-CL\",\"@id\":\"https:\\\/\\\/eltrabajo.cl\\\/web\\\/#\\\/schema\\\/logo\\\/image\\\/\",\"url\":\"https:\\\/\\\/eltrabajo.cl\\\/web\\\/wp-content\\\/uploads\\\/2024\\\/06\\\/profile-image-ig-page-diarioeltrabajo.jpg\",\"contentUrl\":\"https:\\\/\\\/eltrabajo.cl\\\/web\\\/wp-content\\\/uploads\\\/2024\\\/06\\\/profile-image-ig-page-diarioeltrabajo.jpg\",\"width\":823,\"height\":823,\"caption\":\"Diario El Trabajo\"},\"image\":{\"@id\":\"https:\\\/\\\/eltrabajo.cl\\\/web\\\/#\\\/schema\\\/logo\\\/image\\\/\"},\"sameAs\":[\"https:\\\/\\\/www.facebook.com\\\/ElTrabajoDiario\",\"https:\\\/\\\/x.com\\\/diarioeltrabajo\"]},{\"@type\":\"Person\",\"@id\":\"https:\\\/\\\/eltrabajo.cl\\\/web\\\/#\\\/schema\\\/person\\\/45efd3d17f86ec456e44dd7debe1bf19\",\"name\":\"Diario El Trabajo\",\"image\":{\"@type\":\"ImageObject\",\"inLanguage\":\"es-CL\",\"@id\":\"https:\\\/\\\/secure.gravatar.com\\\/avatar\\\/7e6ec277dc4aea2677c2dc301d4227957219329c985ab69a3efc12518b5161aa?s=96&d=mm&r=g\",\"url\":\"https:\\\/\\\/secure.gravatar.com\\\/avatar\\\/7e6ec277dc4aea2677c2dc301d4227957219329c985ab69a3efc12518b5161aa?s=96&d=mm&r=g\",\"contentUrl\":\"https:\\\/\\\/secure.gravatar.com\\\/avatar\\\/7e6ec277dc4aea2677c2dc301d4227957219329c985ab69a3efc12518b5161aa?s=96&d=mm&r=g\",\"caption\":\"Diario El Trabajo\"},\"sameAs\":[\"https:\\\/\\\/eltrabajo.cl\\\/web\"],\"url\":\"https:\\\/\\\/eltrabajo.cl\\\/web\\\/author\\\/diario-el-trabajo\\\/\"}]}<\/script>\n<!-- \/ Yoast SEO plugin. -->","yoast_head_json":{"title":"Molestia generalizada por cables de telecomunicaciones tirados y colgados en distintos puntos de Villa El Carmen - Diario El Trabajo","robots":{"index":"index","follow":"follow","max-snippet":"max-snippet:-1","max-image-preview":"max-image-preview:large","max-video-preview":"max-video-preview:-1"},"canonical":"https:\/\/eltrabajo.cl\/web\/molestia-generalizada-por-cables-de-telecomunicaciones-tirados-y-colgados-en-distintos-puntos-de-villa-el-carmen\/","og_locale":"es_ES","og_type":"article","og_title":"Molestia generalizada por cables de telecomunicaciones tirados y colgados en distintos puntos de Villa El Carmen - Diario El Trabajo","og_description":"Temen que se produzca alg\u00fan accidente, adem\u00e1s que aseguran que no se cumple ley que regula el retiro de cables a\u00e9reos y subterr\u00e1neos en desuso.- Molestia vecinal existe en la Villa El Carmen, puesto que este martes y, aparentemente, luego de un trabajo ejecutado por alguna empresa de telecomunicaciones, distintos cables que ser\u00edan de fibra [&hellip;]","og_url":"https:\/\/eltrabajo.cl\/web\/molestia-generalizada-por-cables-de-telecomunicaciones-tirados-y-colgados-en-distintos-puntos-de-villa-el-carmen\/","og_site_name":"Diario El Trabajo","article_publisher":"https:\/\/www.facebook.com\/ElTrabajoDiario","article_published_time":"2025-03-19T23:49:27+00:00","og_image":[{"width":699,"height":833,"url":"https:\/\/eltrabajo.cl\/web\/wp-content\/uploads\/2025\/03\/cables-villa-el-Carmen-1.jpg","type":"image\/jpeg"}],"author":"Diario El Trabajo","twitter_card":"summary_large_image","twitter_creator":"@diarioeltrabajo","twitter_site":"@diarioeltrabajo","twitter_misc":{"Escrito por":"Diario El Trabajo","Tiempo estimado de lectura":"5 minutos"},"schema":{"@context":"https:\/\/schema.org","@graph":[{"@type":"Article","@id":"https:\/\/eltrabajo.cl\/web\/molestia-generalizada-por-cables-de-telecomunicaciones-tirados-y-colgados-en-distintos-puntos-de-villa-el-carmen\/#article","isPartOf":{"@id":"https:\/\/eltrabajo.cl\/web\/molestia-generalizada-por-cables-de-telecomunicaciones-tirados-y-colgados-en-distintos-puntos-de-villa-el-carmen\/"},"author":{"name":"Diario El Trabajo","@id":"https:\/\/eltrabajo.cl\/web\/#\/schema\/person\/45efd3d17f86ec456e44dd7debe1bf19"},"headline":"Molestia generalizada por cables de telecomunicaciones tirados y colgados en distintos puntos de Villa El Carmen","datePublished":"2025-03-19T23:49:27+00:00","mainEntityOfPage":{"@id":"https:\/\/eltrabajo.cl\/web\/molestia-generalizada-por-cables-de-telecomunicaciones-tirados-y-colgados-en-distintos-puntos-de-villa-el-carmen\/"},"wordCount":889,"commentCount":0,"publisher":{"@id":"https:\/\/eltrabajo.cl\/web\/#organization"},"image":{"@id":"https:\/\/eltrabajo.cl\/web\/molestia-generalizada-por-cables-de-telecomunicaciones-tirados-y-colgados-en-distintos-puntos-de-villa-el-carmen\/#primaryimage"},"thumbnailUrl":"https:\/\/eltrabajo.cl\/web\/wp-content\/uploads\/2025\/03\/cables-villa-el-Carmen-1.jpg","articleSection":["Comunidad"],"inLanguage":"es-CL","potentialAction":[{"@type":"CommentAction","name":"Comment","target":["https:\/\/eltrabajo.cl\/web\/molestia-generalizada-por-cables-de-telecomunicaciones-tirados-y-colgados-en-distintos-puntos-de-villa-el-carmen\/#respond"]}]},{"@type":"WebPage","@id":"https:\/\/eltrabajo.cl\/web\/molestia-generalizada-por-cables-de-telecomunicaciones-tirados-y-colgados-en-distintos-puntos-de-villa-el-carmen\/","url":"https:\/\/eltrabajo.cl\/web\/molestia-generalizada-por-cables-de-telecomunicaciones-tirados-y-colgados-en-distintos-puntos-de-villa-el-carmen\/","name":"Molestia generalizada por cables de telecomunicaciones tirados y colgados en distintos puntos de Villa El Carmen - Diario El Trabajo","isPartOf":{"@id":"https:\/\/eltrabajo.cl\/web\/#website"},"primaryImageOfPage":{"@id":"https:\/\/eltrabajo.cl\/web\/molestia-generalizada-por-cables-de-telecomunicaciones-tirados-y-colgados-en-distintos-puntos-de-villa-el-carmen\/#primaryimage"},"image":{"@id":"https:\/\/eltrabajo.cl\/web\/molestia-generalizada-por-cables-de-telecomunicaciones-tirados-y-colgados-en-distintos-puntos-de-villa-el-carmen\/#primaryimage"},"thumbnailUrl":"https:\/\/eltrabajo.cl\/web\/wp-content\/uploads\/2025\/03\/cables-villa-el-Carmen-1.jpg","datePublished":"2025-03-19T23:49:27+00:00","breadcrumb":{"@id":"https:\/\/eltrabajo.cl\/web\/molestia-generalizada-por-cables-de-telecomunicaciones-tirados-y-colgados-en-distintos-puntos-de-villa-el-carmen\/#breadcrumb"},"inLanguage":"es-CL","potentialAction":[{"@type":"ReadAction","target":["https:\/\/eltrabajo.cl\/web\/molestia-generalizada-por-cables-de-telecomunicaciones-tirados-y-colgados-en-distintos-puntos-de-villa-el-carmen\/"]}]},{"@type":"ImageObject","inLanguage":"es-CL","@id":"https:\/\/eltrabajo.cl\/web\/molestia-generalizada-por-cables-de-telecomunicaciones-tirados-y-colgados-en-distintos-puntos-de-villa-el-carmen\/#primaryimage","url":"https:\/\/eltrabajo.cl\/web\/wp-content\/uploads\/2025\/03\/cables-villa-el-Carmen-1.jpg","contentUrl":"https:\/\/eltrabajo.cl\/web\/wp-content\/uploads\/2025\/03\/cables-villa-el-Carmen-1.jpg","width":699,"height":833,"caption":"Cable colgando desde el poste de luz."},{"@type":"BreadcrumbList","@id":"https:\/\/eltrabajo.cl\/web\/molestia-generalizada-por-cables-de-telecomunicaciones-tirados-y-colgados-en-distintos-puntos-de-villa-el-carmen\/#breadcrumb","itemListElement":[{"@type":"ListItem","position":1,"name":"Portada","item":"https:\/\/eltrabajo.cl\/web\/"},{"@type":"ListItem","position":2,"name":"Molestia generalizada por cables de telecomunicaciones tirados y colgados en distintos puntos de Villa El Carmen"}]},{"@type":"WebSite","@id":"https:\/\/eltrabajo.cl\/web\/#website","url":"https:\/\/eltrabajo.cl\/web\/","name":"Diario El Trabajo","description":"Desde 1929 construyendo Identidad Local","publisher":{"@id":"https:\/\/eltrabajo.cl\/web\/#organization"},"potentialAction":[{"@type":"SearchAction","target":{"@type":"EntryPoint","urlTemplate":"https:\/\/eltrabajo.cl\/web\/?s={search_term_string}"},"query-input":{"@type":"PropertyValueSpecification","valueRequired":true,"valueName":"search_term_string"}}],"inLanguage":"es-CL"},{"@type":"Organization","@id":"https:\/\/eltrabajo.cl\/web\/#organization","name":"Diario El Trabajo","url":"https:\/\/eltrabajo.cl\/web\/","logo":{"@type":"ImageObject","inLanguage":"es-CL","@id":"https:\/\/eltrabajo.cl\/web\/#\/schema\/logo\/image\/","url":"https:\/\/eltrabajo.cl\/web\/wp-content\/uploads\/2024\/06\/profile-image-ig-page-diarioeltrabajo.jpg","contentUrl":"https:\/\/eltrabajo.cl\/web\/wp-content\/uploads\/2024\/06\/profile-image-ig-page-diarioeltrabajo.jpg","width":823,"height":823,"caption":"Diario El Trabajo"},"image":{"@id":"https:\/\/eltrabajo.cl\/web\/#\/schema\/logo\/image\/"},"sameAs":["https:\/\/www.facebook.com\/ElTrabajoDiario","https:\/\/x.com\/diarioeltrabajo"]},{"@type":"Person","@id":"https:\/\/eltrabajo.cl\/web\/#\/schema\/person\/45efd3d17f86ec456e44dd7debe1bf19","name":"Diario El Trabajo","image":{"@type":"ImageObject","inLanguage":"es-CL","@id":"https:\/\/secure.gravatar.com\/avatar\/7e6ec277dc4aea2677c2dc301d4227957219329c985ab69a3efc12518b5161aa?s=96&d=mm&r=g","url":"https:\/\/secure.gravatar.com\/avatar\/7e6ec277dc4aea2677c2dc301d4227957219329c985ab69a3efc12518b5161aa?s=96&d=mm&r=g","contentUrl":"https:\/\/secure.gravatar.com\/avatar\/7e6ec277dc4aea2677c2dc301d4227957219329c985ab69a3efc12518b5161aa?s=96&d=mm&r=g","caption":"Diario El Trabajo"},"sameAs":["https:\/\/eltrabajo.cl\/web"],"url":"https:\/\/eltrabajo.cl\/web\/author\/diario-el-trabajo\/"}]}},"_links":{"self":[{"href":"https:\/\/eltrabajo.cl\/web\/wp-json\/wp\/v2\/posts\/135835","targetHints":{"allow":["GET"]}}],"collection":[{"href":"https:\/\/eltrabajo.cl\/web\/wp-json\/wp\/v2\/posts"}],"about":[{"href":"https:\/\/eltrabajo.cl\/web\/wp-json\/wp\/v2\/types\/post"}],"author":[{"embeddable":true,"href":"https:\/\/eltrabajo.cl\/web\/wp-json\/wp\/v2\/users\/1"}],"replies":[{"embeddable":true,"href":"https:\/\/eltrabajo.cl\/web\/wp-json\/wp\/v2\/comments?post=135835"}],"version-history":[{"count":2,"href":"https:\/\/eltrabajo.cl\/web\/wp-json\/wp\/v2\/posts\/135835\/revisions"}],"predecessor-version":[{"id":135841,"href":"https:\/\/eltrabajo.cl\/web\/wp-json\/wp\/v2\/posts\/135835\/revisions\/135841"}],"wp:featuredmedia":[{"embeddable":true,"href":"https:\/\/eltrabajo.cl\/web\/wp-json\/wp\/v2\/media\/135837"}],"wp:attachment":[{"href":"https:\/\/eltrabajo.cl\/web\/wp-json\/wp\/v2\/media?parent=135835"}],"wp:term":[{"taxonomy":"category","embeddable":true,"href":"https:\/\/eltrabajo.cl\/web\/wp-json\/wp\/v2\/categories?post=135835"},{"taxonomy":"post_tag","embeddable":true,"href":"https:\/\/eltrabajo.cl\/web\/wp-json\/wp\/v2\/tags?post=135835"}],"curies":[{"name":"wp","href":"https:\/\/api.w.org\/{rel}","templated":true}]}}