{"id":135856,"date":"2025-03-20T20:45:46","date_gmt":"2025-03-20T23:45:46","guid":{"rendered":"https:\/\/eltrabajo.cl\/web\/?p=135856"},"modified":"2025-03-20T20:45:46","modified_gmt":"2025-03-20T23:45:46","slug":"union-san-felipe-espera-dar-el-batacazo-en-la-copa-chile-ante-colo-colo","status":"publish","type":"post","link":"https:\/\/eltrabajo.cl\/web\/union-san-felipe-espera-dar-el-batacazo-en-la-copa-chile-ante-colo-colo\/","title":{"rendered":"Uni\u00f3n San Felipe espera dar el batacazo en la Copa Chile ante Colo Colo"},"content":{"rendered":"<p>Por la cuarta fecha de la fase de grupos de la Copa Chile, ahora con <strong>Pablo \u00c1lvarez<\/strong> en su banco t\u00e9cnico, Uni\u00f3n San Felipe buscar\u00e1 dar la sorpresa de la fecha frente a Colo Colo, en el partido que este domingo tendr\u00e1 lugar en el c\u00e9sped sint\u00e9tico del Estadio Nicol\u00e1s Chahu\u00e1n de la comuna de La Calera.<\/p>\n<p>Aunque el mal momento deportivo y competitivo por el que atraviesa el equipo albirrojo, tanto en la Copa Chile como el campeonato oficial, no da como para ilusionarse mucho, igual la hinchada se ha hecho algunas expectativas para el pleito de este domingo. <em>\u00abUn resultado adverso siempre es algo posible en el f\u00fatbol, pero creo es importante cambiar esa sensaci\u00f3n que no tenemos una idea o que hay confusi\u00f3n, as\u00ed que este compromiso debe servirnos para cambiar las sensaciones malas, adem\u00e1s de empezar a hacernos fuertes en lo futbol\u00edstico y mental, solo de esa manera lograremos crecer\u00bb<\/em>, declar\u00f3 el volante <strong>Boris Sagredo<\/strong>.<\/p>\n<p>En la previa al pleito contra el actual monarca del f\u00fatbol chileno, el experimentado mediocampista se refiri\u00f3 al cambio de entrenador del Un\u00ed Un\u00ed. <em>\u00abEsperemos que todo esto<\/em> (cambio de t\u00e9cnico) <em>se traduzca en mejoras que nos permitan progresar, siento que esa es la \u00fanica manera para que la gente se reencate con el equipo. Siempre es muy lindo jugar contra equipos grandes, as\u00ed que estamos con todas las ganas y disposici\u00f3n de hacer un buen partido y tener un nuevo comienzo, porque esto reci\u00e9n parte y a\u00fan queda mucho camino por recorrer\u00bb<\/em>, expres\u00f3.<\/p>\n<p>El encuentro est\u00e1 agendado para las seis de la tarde de pasado ma\u00f1ana y espera recibir una buena cantidad de p\u00fablico en sus tribunas.<\/p>\n<figure id=\"attachment_135857\" aria-describedby=\"caption-attachment-135857\" style=\"width: 699px\" class=\"wp-caption alignnone\"><img loading=\"lazy\" decoding=\"async\" class=\"size-full wp-image-135857\" src=\"http:\/\/eltrabajo.cl\/web\/wp-content\/uploads\/2025\/03\/sagredo.jpg\" alt=\"El experimentado Boris Sagredo conf\u00eda en que se puede hacer un buen encuentro frente a Colo Colo. \" width=\"699\" height=\"507\" srcset=\"https:\/\/eltrabajo.cl\/web\/wp-content\/uploads\/2025\/03\/sagredo.jpg 699w, https:\/\/eltrabajo.cl\/web\/wp-content\/uploads\/2025\/03\/sagredo-300x218.jpg 300w, https:\/\/eltrabajo.cl\/web\/wp-content\/uploads\/2025\/03\/sagredo-579x420.jpg 579w, https:\/\/eltrabajo.cl\/web\/wp-content\/uploads\/2025\/03\/sagredo-150x109.jpg 150w, https:\/\/eltrabajo.cl\/web\/wp-content\/uploads\/2025\/03\/sagredo-696x505.jpg 696w\" sizes=\"auto, (max-width: 699px) 100vw, 699px\" \/><figcaption id=\"caption-attachment-135857\" class=\"wp-caption-text\">El experimentado Boris Sagredo conf\u00eda en que se puede hacer un buen encuentro frente a Colo Colo.<\/figcaption><\/figure>\n","protected":false},"excerpt":{"rendered":"<p>Por la cuarta fecha de la fase de grupos de la Copa Chile, ahora con Pablo \u00c1lvarez en su banco t\u00e9cnico, Uni\u00f3n San Felipe buscar\u00e1 dar la sorpresa de la fecha frente a Colo Colo, en el partido que este domingo tendr\u00e1 lugar en el c\u00e9sped sint\u00e9tico del Estadio Nicol\u00e1s Chahu\u00e1n de la comuna de [&hellip;]<\/p>\n","protected":false},"author":1,"featured_media":135857,"comment_status":"open","ping_status":"closed","sticky":false,"template":"","format":"standard","meta":{"footnotes":""},"categories":[2],"tags":[],"class_list":{"0":"post-135856","1":"post","2":"type-post","3":"status-publish","4":"format-standard","5":"has-post-thumbnail","7":"category-deportes"},"yoast_head":"<!-- This site is optimized with the Yoast SEO plugin v27.4 - https:\/\/yoast.com\/product\/yoast-seo-wordpress\/ -->\n<title>Uni\u00f3n San Felipe espera dar el batacazo en la Copa Chile ante Colo Colo - Diario El Trabajo<\/title>\n<meta name=\"robots\" content=\"index, follow, max-snippet:-1, max-image-preview:large, max-video-preview:-1\" \/>\n<link rel=\"canonical\" href=\"https:\/\/eltrabajo.cl\/web\/union-san-felipe-espera-dar-el-batacazo-en-la-copa-chile-ante-colo-colo\/\" \/>\n<meta property=\"og:locale\" content=\"es_ES\" \/>\n<meta property=\"og:type\" content=\"article\" \/>\n<meta property=\"og:title\" content=\"Uni\u00f3n San Felipe espera dar el batacazo en la Copa Chile ante Colo Colo - Diario El Trabajo\" \/>\n<meta property=\"og:description\" content=\"Por la cuarta fecha de la fase de grupos de la Copa Chile, ahora con Pablo \u00c1lvarez en su banco t\u00e9cnico, Uni\u00f3n San Felipe buscar\u00e1 dar la sorpresa de la fecha frente a Colo Colo, en el partido que este domingo tendr\u00e1 lugar en el c\u00e9sped sint\u00e9tico del Estadio Nicol\u00e1s Chahu\u00e1n de la comuna de [&hellip;]\" \/>\n<meta property=\"og:url\" content=\"https:\/\/eltrabajo.cl\/web\/union-san-felipe-espera-dar-el-batacazo-en-la-copa-chile-ante-colo-colo\/\" \/>\n<meta property=\"og:site_name\" content=\"Diario El Trabajo\" \/>\n<meta property=\"article:publisher\" content=\"https:\/\/www.facebook.com\/ElTrabajoDiario\" \/>\n<meta property=\"article:published_time\" content=\"2025-03-20T23:45:46+00:00\" \/>\n<meta property=\"og:image\" content=\"https:\/\/eltrabajo.cl\/web\/wp-content\/uploads\/2025\/03\/sagredo.jpg\" \/>\n\t<meta property=\"og:image:width\" content=\"699\" \/>\n\t<meta property=\"og:image:height\" content=\"507\" \/>\n\t<meta property=\"og:image:type\" content=\"image\/jpeg\" \/>\n<meta name=\"author\" content=\"Diario El Trabajo\" \/>\n<meta name=\"twitter:card\" content=\"summary_large_image\" \/>\n<meta name=\"twitter:creator\" content=\"@diarioeltrabajo\" \/>\n<meta name=\"twitter:site\" content=\"@diarioeltrabajo\" \/>\n<meta name=\"twitter:label1\" content=\"Escrito por\" \/>\n\t<meta name=\"twitter:data1\" content=\"Diario El Trabajo\" \/>\n\t<meta name=\"twitter:label2\" content=\"Tiempo estimado de lectura\" \/>\n\t<meta name=\"twitter:data2\" content=\"2 minutos\" \/>\n<script type=\"application\/ld+json\" class=\"yoast-schema-graph\">{\"@context\":\"https:\\\/\\\/schema.org\",\"@graph\":[{\"@type\":\"Article\",\"@id\":\"https:\\\/\\\/eltrabajo.cl\\\/web\\\/union-san-felipe-espera-dar-el-batacazo-en-la-copa-chile-ante-colo-colo\\\/#article\",\"isPartOf\":{\"@id\":\"https:\\\/\\\/eltrabajo.cl\\\/web\\\/union-san-felipe-espera-dar-el-batacazo-en-la-copa-chile-ante-colo-colo\\\/\"},\"author\":{\"name\":\"Diario El Trabajo\",\"@id\":\"https:\\\/\\\/eltrabajo.cl\\\/web\\\/#\\\/schema\\\/person\\\/45efd3d17f86ec456e44dd7debe1bf19\"},\"headline\":\"Uni\u00f3n San Felipe espera dar el batacazo en la Copa Chile ante Colo Colo\",\"datePublished\":\"2025-03-20T23:45:46+00:00\",\"mainEntityOfPage\":{\"@id\":\"https:\\\/\\\/eltrabajo.cl\\\/web\\\/union-san-felipe-espera-dar-el-batacazo-en-la-copa-chile-ante-colo-colo\\\/\"},\"wordCount\":335,\"commentCount\":0,\"publisher\":{\"@id\":\"https:\\\/\\\/eltrabajo.cl\\\/web\\\/#organization\"},\"image\":{\"@id\":\"https:\\\/\\\/eltrabajo.cl\\\/web\\\/union-san-felipe-espera-dar-el-batacazo-en-la-copa-chile-ante-colo-colo\\\/#primaryimage\"},\"thumbnailUrl\":\"https:\\\/\\\/eltrabajo.cl\\\/web\\\/wp-content\\\/uploads\\\/2025\\\/03\\\/sagredo.jpg\",\"articleSection\":[\"Deportes\"],\"inLanguage\":\"es-CL\",\"potentialAction\":[{\"@type\":\"CommentAction\",\"name\":\"Comment\",\"target\":[\"https:\\\/\\\/eltrabajo.cl\\\/web\\\/union-san-felipe-espera-dar-el-batacazo-en-la-copa-chile-ante-colo-colo\\\/#respond\"]}]},{\"@type\":\"WebPage\",\"@id\":\"https:\\\/\\\/eltrabajo.cl\\\/web\\\/union-san-felipe-espera-dar-el-batacazo-en-la-copa-chile-ante-colo-colo\\\/\",\"url\":\"https:\\\/\\\/eltrabajo.cl\\\/web\\\/union-san-felipe-espera-dar-el-batacazo-en-la-copa-chile-ante-colo-colo\\\/\",\"name\":\"Uni\u00f3n San Felipe espera dar el batacazo en la Copa Chile ante Colo Colo - Diario El Trabajo\",\"isPartOf\":{\"@id\":\"https:\\\/\\\/eltrabajo.cl\\\/web\\\/#website\"},\"primaryImageOfPage\":{\"@id\":\"https:\\\/\\\/eltrabajo.cl\\\/web\\\/union-san-felipe-espera-dar-el-batacazo-en-la-copa-chile-ante-colo-colo\\\/#primaryimage\"},\"image\":{\"@id\":\"https:\\\/\\\/eltrabajo.cl\\\/web\\\/union-san-felipe-espera-dar-el-batacazo-en-la-copa-chile-ante-colo-colo\\\/#primaryimage\"},\"thumbnailUrl\":\"https:\\\/\\\/eltrabajo.cl\\\/web\\\/wp-content\\\/uploads\\\/2025\\\/03\\\/sagredo.jpg\",\"datePublished\":\"2025-03-20T23:45:46+00:00\",\"breadcrumb\":{\"@id\":\"https:\\\/\\\/eltrabajo.cl\\\/web\\\/union-san-felipe-espera-dar-el-batacazo-en-la-copa-chile-ante-colo-colo\\\/#breadcrumb\"},\"inLanguage\":\"es-CL\",\"potentialAction\":[{\"@type\":\"ReadAction\",\"target\":[\"https:\\\/\\\/eltrabajo.cl\\\/web\\\/union-san-felipe-espera-dar-el-batacazo-en-la-copa-chile-ante-colo-colo\\\/\"]}]},{\"@type\":\"ImageObject\",\"inLanguage\":\"es-CL\",\"@id\":\"https:\\\/\\\/eltrabajo.cl\\\/web\\\/union-san-felipe-espera-dar-el-batacazo-en-la-copa-chile-ante-colo-colo\\\/#primaryimage\",\"url\":\"https:\\\/\\\/eltrabajo.cl\\\/web\\\/wp-content\\\/uploads\\\/2025\\\/03\\\/sagredo.jpg\",\"contentUrl\":\"https:\\\/\\\/eltrabajo.cl\\\/web\\\/wp-content\\\/uploads\\\/2025\\\/03\\\/sagredo.jpg\",\"width\":699,\"height\":507,\"caption\":\"El experimentado Boris Sagredo conf\u00eda en que se puede hacer un buen encuentro frente a Colo Colo.\"},{\"@type\":\"BreadcrumbList\",\"@id\":\"https:\\\/\\\/eltrabajo.cl\\\/web\\\/union-san-felipe-espera-dar-el-batacazo-en-la-copa-chile-ante-colo-colo\\\/#breadcrumb\",\"itemListElement\":[{\"@type\":\"ListItem\",\"position\":1,\"name\":\"Portada\",\"item\":\"https:\\\/\\\/eltrabajo.cl\\\/web\\\/\"},{\"@type\":\"ListItem\",\"position\":2,\"name\":\"Uni\u00f3n San Felipe espera dar el batacazo en la Copa Chile ante Colo Colo\"}]},{\"@type\":\"WebSite\",\"@id\":\"https:\\\/\\\/eltrabajo.cl\\\/web\\\/#website\",\"url\":\"https:\\\/\\\/eltrabajo.cl\\\/web\\\/\",\"name\":\"Diario El Trabajo\",\"description\":\"Desde 1929 construyendo Identidad Local\",\"publisher\":{\"@id\":\"https:\\\/\\\/eltrabajo.cl\\\/web\\\/#organization\"},\"potentialAction\":[{\"@type\":\"SearchAction\",\"target\":{\"@type\":\"EntryPoint\",\"urlTemplate\":\"https:\\\/\\\/eltrabajo.cl\\\/web\\\/?s={search_term_string}\"},\"query-input\":{\"@type\":\"PropertyValueSpecification\",\"valueRequired\":true,\"valueName\":\"search_term_string\"}}],\"inLanguage\":\"es-CL\"},{\"@type\":\"Organization\",\"@id\":\"https:\\\/\\\/eltrabajo.cl\\\/web\\\/#organization\",\"name\":\"Diario El Trabajo\",\"url\":\"https:\\\/\\\/eltrabajo.cl\\\/web\\\/\",\"logo\":{\"@type\":\"ImageObject\",\"inLanguage\":\"es-CL\",\"@id\":\"https:\\\/\\\/eltrabajo.cl\\\/web\\\/#\\\/schema\\\/logo\\\/image\\\/\",\"url\":\"https:\\\/\\\/eltrabajo.cl\\\/web\\\/wp-content\\\/uploads\\\/2024\\\/06\\\/profile-image-ig-page-diarioeltrabajo.jpg\",\"contentUrl\":\"https:\\\/\\\/eltrabajo.cl\\\/web\\\/wp-content\\\/uploads\\\/2024\\\/06\\\/profile-image-ig-page-diarioeltrabajo.jpg\",\"width\":823,\"height\":823,\"caption\":\"Diario El Trabajo\"},\"image\":{\"@id\":\"https:\\\/\\\/eltrabajo.cl\\\/web\\\/#\\\/schema\\\/logo\\\/image\\\/\"},\"sameAs\":[\"https:\\\/\\\/www.facebook.com\\\/ElTrabajoDiario\",\"https:\\\/\\\/x.com\\\/diarioeltrabajo\"]},{\"@type\":\"Person\",\"@id\":\"https:\\\/\\\/eltrabajo.cl\\\/web\\\/#\\\/schema\\\/person\\\/45efd3d17f86ec456e44dd7debe1bf19\",\"name\":\"Diario El Trabajo\",\"image\":{\"@type\":\"ImageObject\",\"inLanguage\":\"es-CL\",\"@id\":\"https:\\\/\\\/secure.gravatar.com\\\/avatar\\\/7e6ec277dc4aea2677c2dc301d4227957219329c985ab69a3efc12518b5161aa?s=96&d=mm&r=g\",\"url\":\"https:\\\/\\\/secure.gravatar.com\\\/avatar\\\/7e6ec277dc4aea2677c2dc301d4227957219329c985ab69a3efc12518b5161aa?s=96&d=mm&r=g\",\"contentUrl\":\"https:\\\/\\\/secure.gravatar.com\\\/avatar\\\/7e6ec277dc4aea2677c2dc301d4227957219329c985ab69a3efc12518b5161aa?s=96&d=mm&r=g\",\"caption\":\"Diario El Trabajo\"},\"sameAs\":[\"https:\\\/\\\/eltrabajo.cl\\\/web\"],\"url\":\"https:\\\/\\\/eltrabajo.cl\\\/web\\\/author\\\/diario-el-trabajo\\\/\"}]}<\/script>\n<!-- \/ Yoast SEO plugin. -->","yoast_head_json":{"title":"Uni\u00f3n San Felipe espera dar el batacazo en la Copa Chile ante Colo Colo - Diario El Trabajo","robots":{"index":"index","follow":"follow","max-snippet":"max-snippet:-1","max-image-preview":"max-image-preview:large","max-video-preview":"max-video-preview:-1"},"canonical":"https:\/\/eltrabajo.cl\/web\/union-san-felipe-espera-dar-el-batacazo-en-la-copa-chile-ante-colo-colo\/","og_locale":"es_ES","og_type":"article","og_title":"Uni\u00f3n San Felipe espera dar el batacazo en la Copa Chile ante Colo Colo - Diario El Trabajo","og_description":"Por la cuarta fecha de la fase de grupos de la Copa Chile, ahora con Pablo \u00c1lvarez en su banco t\u00e9cnico, Uni\u00f3n San Felipe buscar\u00e1 dar la sorpresa de la fecha frente a Colo Colo, en el partido que este domingo tendr\u00e1 lugar en el c\u00e9sped sint\u00e9tico del Estadio Nicol\u00e1s Chahu\u00e1n de la comuna de [&hellip;]","og_url":"https:\/\/eltrabajo.cl\/web\/union-san-felipe-espera-dar-el-batacazo-en-la-copa-chile-ante-colo-colo\/","og_site_name":"Diario El Trabajo","article_publisher":"https:\/\/www.facebook.com\/ElTrabajoDiario","article_published_time":"2025-03-20T23:45:46+00:00","og_image":[{"width":699,"height":507,"url":"https:\/\/eltrabajo.cl\/web\/wp-content\/uploads\/2025\/03\/sagredo.jpg","type":"image\/jpeg"}],"author":"Diario El Trabajo","twitter_card":"summary_large_image","twitter_creator":"@diarioeltrabajo","twitter_site":"@diarioeltrabajo","twitter_misc":{"Escrito por":"Diario El Trabajo","Tiempo estimado de lectura":"2 minutos"},"schema":{"@context":"https:\/\/schema.org","@graph":[{"@type":"Article","@id":"https:\/\/eltrabajo.cl\/web\/union-san-felipe-espera-dar-el-batacazo-en-la-copa-chile-ante-colo-colo\/#article","isPartOf":{"@id":"https:\/\/eltrabajo.cl\/web\/union-san-felipe-espera-dar-el-batacazo-en-la-copa-chile-ante-colo-colo\/"},"author":{"name":"Diario El Trabajo","@id":"https:\/\/eltrabajo.cl\/web\/#\/schema\/person\/45efd3d17f86ec456e44dd7debe1bf19"},"headline":"Uni\u00f3n San Felipe espera dar el batacazo en la Copa Chile ante Colo Colo","datePublished":"2025-03-20T23:45:46+00:00","mainEntityOfPage":{"@id":"https:\/\/eltrabajo.cl\/web\/union-san-felipe-espera-dar-el-batacazo-en-la-copa-chile-ante-colo-colo\/"},"wordCount":335,"commentCount":0,"publisher":{"@id":"https:\/\/eltrabajo.cl\/web\/#organization"},"image":{"@id":"https:\/\/eltrabajo.cl\/web\/union-san-felipe-espera-dar-el-batacazo-en-la-copa-chile-ante-colo-colo\/#primaryimage"},"thumbnailUrl":"https:\/\/eltrabajo.cl\/web\/wp-content\/uploads\/2025\/03\/sagredo.jpg","articleSection":["Deportes"],"inLanguage":"es-CL","potentialAction":[{"@type":"CommentAction","name":"Comment","target":["https:\/\/eltrabajo.cl\/web\/union-san-felipe-espera-dar-el-batacazo-en-la-copa-chile-ante-colo-colo\/#respond"]}]},{"@type":"WebPage","@id":"https:\/\/eltrabajo.cl\/web\/union-san-felipe-espera-dar-el-batacazo-en-la-copa-chile-ante-colo-colo\/","url":"https:\/\/eltrabajo.cl\/web\/union-san-felipe-espera-dar-el-batacazo-en-la-copa-chile-ante-colo-colo\/","name":"Uni\u00f3n San Felipe espera dar el batacazo en la Copa Chile ante Colo Colo - Diario El Trabajo","isPartOf":{"@id":"https:\/\/eltrabajo.cl\/web\/#website"},"primaryImageOfPage":{"@id":"https:\/\/eltrabajo.cl\/web\/union-san-felipe-espera-dar-el-batacazo-en-la-copa-chile-ante-colo-colo\/#primaryimage"},"image":{"@id":"https:\/\/eltrabajo.cl\/web\/union-san-felipe-espera-dar-el-batacazo-en-la-copa-chile-ante-colo-colo\/#primaryimage"},"thumbnailUrl":"https:\/\/eltrabajo.cl\/web\/wp-content\/uploads\/2025\/03\/sagredo.jpg","datePublished":"2025-03-20T23:45:46+00:00","breadcrumb":{"@id":"https:\/\/eltrabajo.cl\/web\/union-san-felipe-espera-dar-el-batacazo-en-la-copa-chile-ante-colo-colo\/#breadcrumb"},"inLanguage":"es-CL","potentialAction":[{"@type":"ReadAction","target":["https:\/\/eltrabajo.cl\/web\/union-san-felipe-espera-dar-el-batacazo-en-la-copa-chile-ante-colo-colo\/"]}]},{"@type":"ImageObject","inLanguage":"es-CL","@id":"https:\/\/eltrabajo.cl\/web\/union-san-felipe-espera-dar-el-batacazo-en-la-copa-chile-ante-colo-colo\/#primaryimage","url":"https:\/\/eltrabajo.cl\/web\/wp-content\/uploads\/2025\/03\/sagredo.jpg","contentUrl":"https:\/\/eltrabajo.cl\/web\/wp-content\/uploads\/2025\/03\/sagredo.jpg","width":699,"height":507,"caption":"El experimentado Boris Sagredo conf\u00eda en que se puede hacer un buen encuentro frente a Colo Colo."},{"@type":"BreadcrumbList","@id":"https:\/\/eltrabajo.cl\/web\/union-san-felipe-espera-dar-el-batacazo-en-la-copa-chile-ante-colo-colo\/#breadcrumb","itemListElement":[{"@type":"ListItem","position":1,"name":"Portada","item":"https:\/\/eltrabajo.cl\/web\/"},{"@type":"ListItem","position":2,"name":"Uni\u00f3n San Felipe espera dar el batacazo en la Copa Chile ante Colo Colo"}]},{"@type":"WebSite","@id":"https:\/\/eltrabajo.cl\/web\/#website","url":"https:\/\/eltrabajo.cl\/web\/","name":"Diario El Trabajo","description":"Desde 1929 construyendo Identidad Local","publisher":{"@id":"https:\/\/eltrabajo.cl\/web\/#organization"},"potentialAction":[{"@type":"SearchAction","target":{"@type":"EntryPoint","urlTemplate":"https:\/\/eltrabajo.cl\/web\/?s={search_term_string}"},"query-input":{"@type":"PropertyValueSpecification","valueRequired":true,"valueName":"search_term_string"}}],"inLanguage":"es-CL"},{"@type":"Organization","@id":"https:\/\/eltrabajo.cl\/web\/#organization","name":"Diario El Trabajo","url":"https:\/\/eltrabajo.cl\/web\/","logo":{"@type":"ImageObject","inLanguage":"es-CL","@id":"https:\/\/eltrabajo.cl\/web\/#\/schema\/logo\/image\/","url":"https:\/\/eltrabajo.cl\/web\/wp-content\/uploads\/2024\/06\/profile-image-ig-page-diarioeltrabajo.jpg","contentUrl":"https:\/\/eltrabajo.cl\/web\/wp-content\/uploads\/2024\/06\/profile-image-ig-page-diarioeltrabajo.jpg","width":823,"height":823,"caption":"Diario El Trabajo"},"image":{"@id":"https:\/\/eltrabajo.cl\/web\/#\/schema\/logo\/image\/"},"sameAs":["https:\/\/www.facebook.com\/ElTrabajoDiario","https:\/\/x.com\/diarioeltrabajo"]},{"@type":"Person","@id":"https:\/\/eltrabajo.cl\/web\/#\/schema\/person\/45efd3d17f86ec456e44dd7debe1bf19","name":"Diario El Trabajo","image":{"@type":"ImageObject","inLanguage":"es-CL","@id":"https:\/\/secure.gravatar.com\/avatar\/7e6ec277dc4aea2677c2dc301d4227957219329c985ab69a3efc12518b5161aa?s=96&d=mm&r=g","url":"https:\/\/secure.gravatar.com\/avatar\/7e6ec277dc4aea2677c2dc301d4227957219329c985ab69a3efc12518b5161aa?s=96&d=mm&r=g","contentUrl":"https:\/\/secure.gravatar.com\/avatar\/7e6ec277dc4aea2677c2dc301d4227957219329c985ab69a3efc12518b5161aa?s=96&d=mm&r=g","caption":"Diario El Trabajo"},"sameAs":["https:\/\/eltrabajo.cl\/web"],"url":"https:\/\/eltrabajo.cl\/web\/author\/diario-el-trabajo\/"}]}},"_links":{"self":[{"href":"https:\/\/eltrabajo.cl\/web\/wp-json\/wp\/v2\/posts\/135856","targetHints":{"allow":["GET"]}}],"collection":[{"href":"https:\/\/eltrabajo.cl\/web\/wp-json\/wp\/v2\/posts"}],"about":[{"href":"https:\/\/eltrabajo.cl\/web\/wp-json\/wp\/v2\/types\/post"}],"author":[{"embeddable":true,"href":"https:\/\/eltrabajo.cl\/web\/wp-json\/wp\/v2\/users\/1"}],"replies":[{"embeddable":true,"href":"https:\/\/eltrabajo.cl\/web\/wp-json\/wp\/v2\/comments?post=135856"}],"version-history":[{"count":1,"href":"https:\/\/eltrabajo.cl\/web\/wp-json\/wp\/v2\/posts\/135856\/revisions"}],"predecessor-version":[{"id":135858,"href":"https:\/\/eltrabajo.cl\/web\/wp-json\/wp\/v2\/posts\/135856\/revisions\/135858"}],"wp:featuredmedia":[{"embeddable":true,"href":"https:\/\/eltrabajo.cl\/web\/wp-json\/wp\/v2\/media\/135857"}],"wp:attachment":[{"href":"https:\/\/eltrabajo.cl\/web\/wp-json\/wp\/v2\/media?parent=135856"}],"wp:term":[{"taxonomy":"category","embeddable":true,"href":"https:\/\/eltrabajo.cl\/web\/wp-json\/wp\/v2\/categories?post=135856"},{"taxonomy":"post_tag","embeddable":true,"href":"https:\/\/eltrabajo.cl\/web\/wp-json\/wp\/v2\/tags?post=135856"}],"curies":[{"name":"wp","href":"https:\/\/api.w.org\/{rel}","templated":true}]}}