{"id":135920,"date":"2025-03-24T20:48:47","date_gmt":"2025-03-24T23:48:47","guid":{"rendered":"https:\/\/eltrabajo.cl\/web\/?p=135920"},"modified":"2025-03-24T20:48:47","modified_gmt":"2025-03-24T23:48:47","slug":"jefe-scout-de-san-felipe-recibe-premio-latinoamericano-doctor-zenobio-valdivia","status":"publish","type":"post","link":"https:\/\/eltrabajo.cl\/web\/jefe-scout-de-san-felipe-recibe-premio-latinoamericano-doctor-zenobio-valdivia\/","title":{"rendered":"Jefe Scout de San Felipe recibe premio latinoamericano \u2018Doctor Zenobio Valdivia\u2019"},"content":{"rendered":"<p><strong>Manuel Machuca C\u00e9spedes<\/strong> es fundador y presidente de la Corporaci\u00f3n de Scout Ashanti Chile con sede en San Felipe, lleva 45 a\u00f1os en el escultismo, precisando que se trata de una forma de vida. En este contexto, d\u00edas atr\u00e1s recibi\u00f3 un reconocimiento internacional de Punta Cana, Rep\u00fablica Dominicana, hablamos de nada m\u00e1s y nada menos que el premio latinoamericano \u2018Doctor Zenobio Valdivia\u2019, premio que por primera vez recae en un jefe scout.<\/p>\n<p>Fue \u00e9l mismo quien nos cont\u00f3 de este reconocimiento, indicando que ven\u00eda llegando de Rep\u00fablica Dominicana <em>\u00abde un lugar llamado Miches, ubicado a una hora; una hora un cuarto m\u00e1s arriba de Punta Cana. Estuvimos ah\u00ed una semana,\u00a0 40 personas de distintos pa\u00edses que fuimos premiados en diferentes categor\u00edas. A modo de ejemplo, hubo psic\u00f3logos, sex\u00f3loga, cineasta, camar\u00f3grafo, escritor de libros, etc\u00e9tera\u00bb<\/em>.<\/p>\n<p>En el caso de Machuca, fue premiado como scout dentro de la categor\u00eda \u2018Gigante de Escultismo\u2019, la cual es por primera vez, desde el a\u00f1o 2016 que se instaur\u00f3 este premio, se entrega este reconocimiento a un jefe scout a nivel mundial.<\/p>\n<p>&#8211; <strong>\u00bfCu\u00e1l es la importancia que reviste para usted este premio?<\/strong><\/p>\n<p>&#8211; Uff\u2026 para m\u00ed muchas cosas, porque primero que nada, nadie es profeta en su tierra; aunque es malo decirlo, es la verdad. Recibir un premio internacional de esta magnitud es un reconocimiento a mis 45 a\u00f1os de trabajo, de dedicaci\u00f3n, de trabajo a la juventud de Chile, en la cual hemos estado preocupados de apoyarles con valores, principios, de animarlos cuando han tenido problemas econ\u00f3micos, de salud; que no hacemos diferencias en los ni\u00f1os en su clase social. Para m\u00ed es un reconocimiento al esfuerzo, sacrificio, a la perseverancia de tantos a\u00f1os.<\/p>\n<p>&#8211; <strong>\u00bfC\u00f3mo llegan a usted para otorgarle este premio?<\/strong><\/p>\n<p>&#8211; La verdad que primero me lleg\u00f3 una carta notificaci\u00f3n desde M\u00e9xico, de un director nacional de Prensa Am\u00e9rica en M\u00e9xico que ped\u00eda contactarse conmigo y quer\u00eda tener unos antecedentes m\u00edos. Logramos hacer contacto, porque me mandaron un tel\u00e9fono, un link para poder mandar correspondencia, hicimos el contacto y lo primero que me piden es mi curr\u00edculum como antecedente, porque alguien le dio mi nombre; al ver que hoja de vida estaba intachable, procedieron y despu\u00e9s me lleg\u00f3 la nominaci\u00f3n como confirmada para ir a Miches a recibir este premio, este reconocimiento internacional.<\/p>\n<p>Admite que la experiencia fue maravillosa, que no pens\u00f3 ni en sus mejores sue\u00f1os tenerla. <em>\u00abLe pongo un ejemplo, estuvimos acompa\u00f1ados durante cinco d\u00edas, de lunes a viernes, de un senador de la Rep\u00fablica Dominicana, de la alcaldesa de la ciudad, tambi\u00e9n estuvo el embajador de Guatemala y estaba de Costa Rica la presidenta de la C\u00e1mara de Diputados. Estar acompa\u00f1ado por diplom\u00e1ticos de ese nivel, compartir con ellos, se preocuparon hasta del m\u00e1s m\u00ednimo detalle, lo que diga no hace justicia a lo que recibimos en cuanto a alimentaci\u00f3n, traslados, tour y viajes. Nos llevaron a museos, fuimos a otras ciudades m\u00e1s grandes donde nos recibieron con un esquinazo que llamamos aqu\u00ed en Chile, pero fue un recibimiento en la calle, afuera de un recinto con c\u00f3ctel, con bailes, cosas que no esper\u00e1bamos y para todos los que fuimos premiados fuimos de sorpresa en sorpresa. Por eso le digo, ni en mis mejores sue\u00f1os hubiera so\u00f1ado tener una premiaci\u00f3n de esta \u00edndole\u00bb<\/em>, expres\u00f3 Machuca.<\/p>\n<p>Tras este reconocimiento, le pedimos que nos hiciera un recorrido r\u00e1pido de su trayectoria como scout se\u00f1alando que empez\u00f3 a los 7 a\u00f1os. <em>\u00abEstuve diez a\u00f1os como miembro beneficiario, a los 17 a\u00f1os fui llamado como jefe de Grupo y de Tropa por carencia de dirigentes en ese tiempo. De los 17 a ahora los 61, han pasado 45 a\u00f1os con una hoja de vida intachable, trabajando en diferentes cargos tanto distritales zonales como nacionales, todos sin ning\u00fan problema; con dificultades como en todos los cargos, pero sal\u00ed airoso de todas mis responsabilidades y espero seguir as\u00ed\u00bb<\/em>, indic\u00f3.<\/p>\n<p>&#8211; <strong>Reflexi\u00f3n final de todo lo vivido<\/strong><\/p>\n<p>&#8211; Primero que nada agradecerle a Dios por haberme dado la oportunidad de haber guiado, seguido trabajando. Me dio la fuerza, se la pido de nuevo hasta cuando \u00e9l determine poder seguir trabajando con la juventud, con los ni\u00f1os de 7 a 19 a\u00f1os, como es el escultismo, preparando nuevos jefes, dejando ra\u00edces y tambi\u00e9n tengo que agradecer a mi esposa, que en los \u00faltimos 28 a\u00f1os ha sido la compa\u00f1\u00eda, la ayuda id\u00f3nea y ha comprendido que para m\u00ed es una forma de vida, es parte de nuestra vida como familia, porque todos, mi esposa, mis hijos, estamos involucrados en el escultismo en las diferentes edades. Como reflexi\u00f3n final, yo quiero invitar a todos a que puedan conocer el escultismo, las puertas est\u00e1n abiertas, somos la Corporaci\u00f3n Ashanti ac\u00e1 en San Felipe, trabajamos en la Junta de Vecinos de El Canelo en el n\u00famero 194, en Luis Gajardo Guerrero. Ah\u00ed estamos funcionamos todos los viernes, de las 16:30 hasta las 19:30, 20:00 horas.<\/p>\n<figure id=\"attachment_135921\" aria-describedby=\"caption-attachment-135921\" style=\"width: 699px\" class=\"wp-caption alignnone\"><img loading=\"lazy\" decoding=\"async\" class=\"size-full wp-image-135921\" src=\"http:\/\/eltrabajo.cl\/web\/wp-content\/uploads\/2025\/03\/Premio-Scout.jpg\" alt=\"Manuel Machuca C\u00e9spedes con uniforme Scout, a su izquierda con el \u2018Doctor Zenobio Valdivia\u2019 y diplom\u00e1ticas presentes en la ceremonia.\" width=\"699\" height=\"587\" srcset=\"https:\/\/eltrabajo.cl\/web\/wp-content\/uploads\/2025\/03\/Premio-Scout.jpg 699w, https:\/\/eltrabajo.cl\/web\/wp-content\/uploads\/2025\/03\/Premio-Scout-300x252.jpg 300w, https:\/\/eltrabajo.cl\/web\/wp-content\/uploads\/2025\/03\/Premio-Scout-500x420.jpg 500w, https:\/\/eltrabajo.cl\/web\/wp-content\/uploads\/2025\/03\/Premio-Scout-150x126.jpg 150w, https:\/\/eltrabajo.cl\/web\/wp-content\/uploads\/2025\/03\/Premio-Scout-696x584.jpg 696w\" sizes=\"auto, (max-width: 699px) 100vw, 699px\" \/><figcaption id=\"caption-attachment-135921\" class=\"wp-caption-text\">Manuel Machuca C\u00e9spedes con uniforme Scout, a su izquierda con el \u2018Doctor Zenobio Valdivia\u2019 y diplom\u00e1ticas presentes en la ceremonia.<\/figcaption><\/figure>\n","protected":false},"excerpt":{"rendered":"<p>Manuel Machuca C\u00e9spedes es fundador y presidente de la Corporaci\u00f3n de Scout Ashanti Chile con sede en San Felipe, lleva 45 a\u00f1os en el escultismo, precisando que se trata de una forma de vida. En este contexto, d\u00edas atr\u00e1s recibi\u00f3 un reconocimiento internacional de Punta Cana, Rep\u00fablica Dominicana, hablamos de nada m\u00e1s y nada menos [&hellip;]<\/p>\n","protected":false},"author":1,"featured_media":135921,"comment_status":"open","ping_status":"closed","sticky":false,"template":"","format":"standard","meta":{"footnotes":""},"categories":[4],"tags":[],"class_list":{"0":"post-135920","1":"post","2":"type-post","3":"status-publish","4":"format-standard","5":"has-post-thumbnail","7":"category-comunidad"},"yoast_head":"<!-- This site is optimized with the Yoast SEO plugin v27.5 - https:\/\/yoast.com\/product\/yoast-seo-wordpress\/ -->\n<title>Jefe Scout de San Felipe recibe premio latinoamericano \u2018Doctor Zenobio Valdivia\u2019 - Diario El Trabajo<\/title>\n<meta name=\"robots\" content=\"index, follow, max-snippet:-1, max-image-preview:large, max-video-preview:-1\" \/>\n<link rel=\"canonical\" href=\"https:\/\/eltrabajo.cl\/web\/jefe-scout-de-san-felipe-recibe-premio-latinoamericano-doctor-zenobio-valdivia\/\" \/>\n<meta property=\"og:locale\" content=\"es_ES\" \/>\n<meta property=\"og:type\" content=\"article\" \/>\n<meta property=\"og:title\" content=\"Jefe Scout de San Felipe recibe premio latinoamericano \u2018Doctor Zenobio Valdivia\u2019 - Diario El Trabajo\" \/>\n<meta property=\"og:description\" content=\"Manuel Machuca C\u00e9spedes es fundador y presidente de la Corporaci\u00f3n de Scout Ashanti Chile con sede en San Felipe, lleva 45 a\u00f1os en el escultismo, precisando que se trata de una forma de vida. En este contexto, d\u00edas atr\u00e1s recibi\u00f3 un reconocimiento internacional de Punta Cana, Rep\u00fablica Dominicana, hablamos de nada m\u00e1s y nada menos [&hellip;]\" \/>\n<meta property=\"og:url\" content=\"https:\/\/eltrabajo.cl\/web\/jefe-scout-de-san-felipe-recibe-premio-latinoamericano-doctor-zenobio-valdivia\/\" \/>\n<meta property=\"og:site_name\" content=\"Diario El Trabajo\" \/>\n<meta property=\"article:publisher\" content=\"https:\/\/www.facebook.com\/ElTrabajoDiario\" \/>\n<meta property=\"article:published_time\" content=\"2025-03-24T23:48:47+00:00\" \/>\n<meta property=\"og:image\" content=\"https:\/\/eltrabajo.cl\/web\/wp-content\/uploads\/2025\/03\/Premio-Scout.jpg\" \/>\n\t<meta property=\"og:image:width\" content=\"699\" \/>\n\t<meta property=\"og:image:height\" content=\"587\" \/>\n\t<meta property=\"og:image:type\" content=\"image\/jpeg\" \/>\n<meta name=\"author\" content=\"Diario El Trabajo\" \/>\n<meta name=\"twitter:card\" content=\"summary_large_image\" \/>\n<meta name=\"twitter:creator\" content=\"@diarioeltrabajo\" \/>\n<meta name=\"twitter:site\" content=\"@diarioeltrabajo\" \/>\n<meta name=\"twitter:label1\" content=\"Escrito por\" \/>\n\t<meta name=\"twitter:data1\" content=\"Diario El Trabajo\" \/>\n\t<meta name=\"twitter:label2\" content=\"Tiempo estimado de lectura\" \/>\n\t<meta name=\"twitter:data2\" content=\"5 minutos\" \/>\n<script type=\"application\/ld+json\" class=\"yoast-schema-graph\">{\"@context\":\"https:\\\/\\\/schema.org\",\"@graph\":[{\"@type\":\"Article\",\"@id\":\"https:\\\/\\\/eltrabajo.cl\\\/web\\\/jefe-scout-de-san-felipe-recibe-premio-latinoamericano-doctor-zenobio-valdivia\\\/#article\",\"isPartOf\":{\"@id\":\"https:\\\/\\\/eltrabajo.cl\\\/web\\\/jefe-scout-de-san-felipe-recibe-premio-latinoamericano-doctor-zenobio-valdivia\\\/\"},\"author\":{\"name\":\"Diario El Trabajo\",\"@id\":\"https:\\\/\\\/eltrabajo.cl\\\/web\\\/#\\\/schema\\\/person\\\/45efd3d17f86ec456e44dd7debe1bf19\"},\"headline\":\"Jefe Scout de San Felipe recibe premio latinoamericano \u2018Doctor Zenobio Valdivia\u2019\",\"datePublished\":\"2025-03-24T23:48:47+00:00\",\"mainEntityOfPage\":{\"@id\":\"https:\\\/\\\/eltrabajo.cl\\\/web\\\/jefe-scout-de-san-felipe-recibe-premio-latinoamericano-doctor-zenobio-valdivia\\\/\"},\"wordCount\":912,\"commentCount\":0,\"publisher\":{\"@id\":\"https:\\\/\\\/eltrabajo.cl\\\/web\\\/#organization\"},\"image\":{\"@id\":\"https:\\\/\\\/eltrabajo.cl\\\/web\\\/jefe-scout-de-san-felipe-recibe-premio-latinoamericano-doctor-zenobio-valdivia\\\/#primaryimage\"},\"thumbnailUrl\":\"https:\\\/\\\/eltrabajo.cl\\\/web\\\/wp-content\\\/uploads\\\/2025\\\/03\\\/Premio-Scout.jpg\",\"articleSection\":[\"Comunidad\"],\"inLanguage\":\"es-CL\",\"potentialAction\":[{\"@type\":\"CommentAction\",\"name\":\"Comment\",\"target\":[\"https:\\\/\\\/eltrabajo.cl\\\/web\\\/jefe-scout-de-san-felipe-recibe-premio-latinoamericano-doctor-zenobio-valdivia\\\/#respond\"]}]},{\"@type\":\"WebPage\",\"@id\":\"https:\\\/\\\/eltrabajo.cl\\\/web\\\/jefe-scout-de-san-felipe-recibe-premio-latinoamericano-doctor-zenobio-valdivia\\\/\",\"url\":\"https:\\\/\\\/eltrabajo.cl\\\/web\\\/jefe-scout-de-san-felipe-recibe-premio-latinoamericano-doctor-zenobio-valdivia\\\/\",\"name\":\"Jefe Scout de San Felipe recibe premio latinoamericano \u2018Doctor Zenobio Valdivia\u2019 - Diario El Trabajo\",\"isPartOf\":{\"@id\":\"https:\\\/\\\/eltrabajo.cl\\\/web\\\/#website\"},\"primaryImageOfPage\":{\"@id\":\"https:\\\/\\\/eltrabajo.cl\\\/web\\\/jefe-scout-de-san-felipe-recibe-premio-latinoamericano-doctor-zenobio-valdivia\\\/#primaryimage\"},\"image\":{\"@id\":\"https:\\\/\\\/eltrabajo.cl\\\/web\\\/jefe-scout-de-san-felipe-recibe-premio-latinoamericano-doctor-zenobio-valdivia\\\/#primaryimage\"},\"thumbnailUrl\":\"https:\\\/\\\/eltrabajo.cl\\\/web\\\/wp-content\\\/uploads\\\/2025\\\/03\\\/Premio-Scout.jpg\",\"datePublished\":\"2025-03-24T23:48:47+00:00\",\"breadcrumb\":{\"@id\":\"https:\\\/\\\/eltrabajo.cl\\\/web\\\/jefe-scout-de-san-felipe-recibe-premio-latinoamericano-doctor-zenobio-valdivia\\\/#breadcrumb\"},\"inLanguage\":\"es-CL\",\"potentialAction\":[{\"@type\":\"ReadAction\",\"target\":[\"https:\\\/\\\/eltrabajo.cl\\\/web\\\/jefe-scout-de-san-felipe-recibe-premio-latinoamericano-doctor-zenobio-valdivia\\\/\"]}]},{\"@type\":\"ImageObject\",\"inLanguage\":\"es-CL\",\"@id\":\"https:\\\/\\\/eltrabajo.cl\\\/web\\\/jefe-scout-de-san-felipe-recibe-premio-latinoamericano-doctor-zenobio-valdivia\\\/#primaryimage\",\"url\":\"https:\\\/\\\/eltrabajo.cl\\\/web\\\/wp-content\\\/uploads\\\/2025\\\/03\\\/Premio-Scout.jpg\",\"contentUrl\":\"https:\\\/\\\/eltrabajo.cl\\\/web\\\/wp-content\\\/uploads\\\/2025\\\/03\\\/Premio-Scout.jpg\",\"width\":699,\"height\":587,\"caption\":\"Manuel Machuca C\u00e9spedes con uniforme Scout, a su izquierda con el \u2018Doctor Zenobio Valdivia\u2019 y diplom\u00e1ticas presentes en la ceremonia.\"},{\"@type\":\"BreadcrumbList\",\"@id\":\"https:\\\/\\\/eltrabajo.cl\\\/web\\\/jefe-scout-de-san-felipe-recibe-premio-latinoamericano-doctor-zenobio-valdivia\\\/#breadcrumb\",\"itemListElement\":[{\"@type\":\"ListItem\",\"position\":1,\"name\":\"Portada\",\"item\":\"https:\\\/\\\/eltrabajo.cl\\\/web\\\/\"},{\"@type\":\"ListItem\",\"position\":2,\"name\":\"Jefe Scout de San Felipe recibe premio latinoamericano \u2018Doctor Zenobio Valdivia\u2019\"}]},{\"@type\":\"WebSite\",\"@id\":\"https:\\\/\\\/eltrabajo.cl\\\/web\\\/#website\",\"url\":\"https:\\\/\\\/eltrabajo.cl\\\/web\\\/\",\"name\":\"Diario El Trabajo\",\"description\":\"Desde 1929 construyendo Identidad Local\",\"publisher\":{\"@id\":\"https:\\\/\\\/eltrabajo.cl\\\/web\\\/#organization\"},\"potentialAction\":[{\"@type\":\"SearchAction\",\"target\":{\"@type\":\"EntryPoint\",\"urlTemplate\":\"https:\\\/\\\/eltrabajo.cl\\\/web\\\/?s={search_term_string}\"},\"query-input\":{\"@type\":\"PropertyValueSpecification\",\"valueRequired\":true,\"valueName\":\"search_term_string\"}}],\"inLanguage\":\"es-CL\"},{\"@type\":\"Organization\",\"@id\":\"https:\\\/\\\/eltrabajo.cl\\\/web\\\/#organization\",\"name\":\"Diario El Trabajo\",\"url\":\"https:\\\/\\\/eltrabajo.cl\\\/web\\\/\",\"logo\":{\"@type\":\"ImageObject\",\"inLanguage\":\"es-CL\",\"@id\":\"https:\\\/\\\/eltrabajo.cl\\\/web\\\/#\\\/schema\\\/logo\\\/image\\\/\",\"url\":\"https:\\\/\\\/eltrabajo.cl\\\/web\\\/wp-content\\\/uploads\\\/2024\\\/06\\\/profile-image-ig-page-diarioeltrabajo.jpg\",\"contentUrl\":\"https:\\\/\\\/eltrabajo.cl\\\/web\\\/wp-content\\\/uploads\\\/2024\\\/06\\\/profile-image-ig-page-diarioeltrabajo.jpg\",\"width\":823,\"height\":823,\"caption\":\"Diario El Trabajo\"},\"image\":{\"@id\":\"https:\\\/\\\/eltrabajo.cl\\\/web\\\/#\\\/schema\\\/logo\\\/image\\\/\"},\"sameAs\":[\"https:\\\/\\\/www.facebook.com\\\/ElTrabajoDiario\",\"https:\\\/\\\/x.com\\\/diarioeltrabajo\"]},{\"@type\":\"Person\",\"@id\":\"https:\\\/\\\/eltrabajo.cl\\\/web\\\/#\\\/schema\\\/person\\\/45efd3d17f86ec456e44dd7debe1bf19\",\"name\":\"Diario El Trabajo\",\"image\":{\"@type\":\"ImageObject\",\"inLanguage\":\"es-CL\",\"@id\":\"https:\\\/\\\/secure.gravatar.com\\\/avatar\\\/7e6ec277dc4aea2677c2dc301d4227957219329c985ab69a3efc12518b5161aa?s=96&d=mm&r=g\",\"url\":\"https:\\\/\\\/secure.gravatar.com\\\/avatar\\\/7e6ec277dc4aea2677c2dc301d4227957219329c985ab69a3efc12518b5161aa?s=96&d=mm&r=g\",\"contentUrl\":\"https:\\\/\\\/secure.gravatar.com\\\/avatar\\\/7e6ec277dc4aea2677c2dc301d4227957219329c985ab69a3efc12518b5161aa?s=96&d=mm&r=g\",\"caption\":\"Diario El Trabajo\"},\"sameAs\":[\"https:\\\/\\\/eltrabajo.cl\\\/web\"],\"url\":\"https:\\\/\\\/eltrabajo.cl\\\/web\\\/author\\\/diario-el-trabajo\\\/\"}]}<\/script>\n<!-- \/ Yoast SEO plugin. -->","yoast_head_json":{"title":"Jefe Scout de San Felipe recibe premio latinoamericano \u2018Doctor Zenobio Valdivia\u2019 - Diario El Trabajo","robots":{"index":"index","follow":"follow","max-snippet":"max-snippet:-1","max-image-preview":"max-image-preview:large","max-video-preview":"max-video-preview:-1"},"canonical":"https:\/\/eltrabajo.cl\/web\/jefe-scout-de-san-felipe-recibe-premio-latinoamericano-doctor-zenobio-valdivia\/","og_locale":"es_ES","og_type":"article","og_title":"Jefe Scout de San Felipe recibe premio latinoamericano \u2018Doctor Zenobio Valdivia\u2019 - Diario El Trabajo","og_description":"Manuel Machuca C\u00e9spedes es fundador y presidente de la Corporaci\u00f3n de Scout Ashanti Chile con sede en San Felipe, lleva 45 a\u00f1os en el escultismo, precisando que se trata de una forma de vida. En este contexto, d\u00edas atr\u00e1s recibi\u00f3 un reconocimiento internacional de Punta Cana, Rep\u00fablica Dominicana, hablamos de nada m\u00e1s y nada menos [&hellip;]","og_url":"https:\/\/eltrabajo.cl\/web\/jefe-scout-de-san-felipe-recibe-premio-latinoamericano-doctor-zenobio-valdivia\/","og_site_name":"Diario El Trabajo","article_publisher":"https:\/\/www.facebook.com\/ElTrabajoDiario","article_published_time":"2025-03-24T23:48:47+00:00","og_image":[{"width":699,"height":587,"url":"https:\/\/eltrabajo.cl\/web\/wp-content\/uploads\/2025\/03\/Premio-Scout.jpg","type":"image\/jpeg"}],"author":"Diario El Trabajo","twitter_card":"summary_large_image","twitter_creator":"@diarioeltrabajo","twitter_site":"@diarioeltrabajo","twitter_misc":{"Escrito por":"Diario El Trabajo","Tiempo estimado de lectura":"5 minutos"},"schema":{"@context":"https:\/\/schema.org","@graph":[{"@type":"Article","@id":"https:\/\/eltrabajo.cl\/web\/jefe-scout-de-san-felipe-recibe-premio-latinoamericano-doctor-zenobio-valdivia\/#article","isPartOf":{"@id":"https:\/\/eltrabajo.cl\/web\/jefe-scout-de-san-felipe-recibe-premio-latinoamericano-doctor-zenobio-valdivia\/"},"author":{"name":"Diario El Trabajo","@id":"https:\/\/eltrabajo.cl\/web\/#\/schema\/person\/45efd3d17f86ec456e44dd7debe1bf19"},"headline":"Jefe Scout de San Felipe recibe premio latinoamericano \u2018Doctor Zenobio Valdivia\u2019","datePublished":"2025-03-24T23:48:47+00:00","mainEntityOfPage":{"@id":"https:\/\/eltrabajo.cl\/web\/jefe-scout-de-san-felipe-recibe-premio-latinoamericano-doctor-zenobio-valdivia\/"},"wordCount":912,"commentCount":0,"publisher":{"@id":"https:\/\/eltrabajo.cl\/web\/#organization"},"image":{"@id":"https:\/\/eltrabajo.cl\/web\/jefe-scout-de-san-felipe-recibe-premio-latinoamericano-doctor-zenobio-valdivia\/#primaryimage"},"thumbnailUrl":"https:\/\/eltrabajo.cl\/web\/wp-content\/uploads\/2025\/03\/Premio-Scout.jpg","articleSection":["Comunidad"],"inLanguage":"es-CL","potentialAction":[{"@type":"CommentAction","name":"Comment","target":["https:\/\/eltrabajo.cl\/web\/jefe-scout-de-san-felipe-recibe-premio-latinoamericano-doctor-zenobio-valdivia\/#respond"]}]},{"@type":"WebPage","@id":"https:\/\/eltrabajo.cl\/web\/jefe-scout-de-san-felipe-recibe-premio-latinoamericano-doctor-zenobio-valdivia\/","url":"https:\/\/eltrabajo.cl\/web\/jefe-scout-de-san-felipe-recibe-premio-latinoamericano-doctor-zenobio-valdivia\/","name":"Jefe Scout de San Felipe recibe premio latinoamericano \u2018Doctor Zenobio Valdivia\u2019 - Diario El Trabajo","isPartOf":{"@id":"https:\/\/eltrabajo.cl\/web\/#website"},"primaryImageOfPage":{"@id":"https:\/\/eltrabajo.cl\/web\/jefe-scout-de-san-felipe-recibe-premio-latinoamericano-doctor-zenobio-valdivia\/#primaryimage"},"image":{"@id":"https:\/\/eltrabajo.cl\/web\/jefe-scout-de-san-felipe-recibe-premio-latinoamericano-doctor-zenobio-valdivia\/#primaryimage"},"thumbnailUrl":"https:\/\/eltrabajo.cl\/web\/wp-content\/uploads\/2025\/03\/Premio-Scout.jpg","datePublished":"2025-03-24T23:48:47+00:00","breadcrumb":{"@id":"https:\/\/eltrabajo.cl\/web\/jefe-scout-de-san-felipe-recibe-premio-latinoamericano-doctor-zenobio-valdivia\/#breadcrumb"},"inLanguage":"es-CL","potentialAction":[{"@type":"ReadAction","target":["https:\/\/eltrabajo.cl\/web\/jefe-scout-de-san-felipe-recibe-premio-latinoamericano-doctor-zenobio-valdivia\/"]}]},{"@type":"ImageObject","inLanguage":"es-CL","@id":"https:\/\/eltrabajo.cl\/web\/jefe-scout-de-san-felipe-recibe-premio-latinoamericano-doctor-zenobio-valdivia\/#primaryimage","url":"https:\/\/eltrabajo.cl\/web\/wp-content\/uploads\/2025\/03\/Premio-Scout.jpg","contentUrl":"https:\/\/eltrabajo.cl\/web\/wp-content\/uploads\/2025\/03\/Premio-Scout.jpg","width":699,"height":587,"caption":"Manuel Machuca C\u00e9spedes con uniforme Scout, a su izquierda con el \u2018Doctor Zenobio Valdivia\u2019 y diplom\u00e1ticas presentes en la ceremonia."},{"@type":"BreadcrumbList","@id":"https:\/\/eltrabajo.cl\/web\/jefe-scout-de-san-felipe-recibe-premio-latinoamericano-doctor-zenobio-valdivia\/#breadcrumb","itemListElement":[{"@type":"ListItem","position":1,"name":"Portada","item":"https:\/\/eltrabajo.cl\/web\/"},{"@type":"ListItem","position":2,"name":"Jefe Scout de San Felipe recibe premio latinoamericano \u2018Doctor Zenobio Valdivia\u2019"}]},{"@type":"WebSite","@id":"https:\/\/eltrabajo.cl\/web\/#website","url":"https:\/\/eltrabajo.cl\/web\/","name":"Diario El Trabajo","description":"Desde 1929 construyendo Identidad Local","publisher":{"@id":"https:\/\/eltrabajo.cl\/web\/#organization"},"potentialAction":[{"@type":"SearchAction","target":{"@type":"EntryPoint","urlTemplate":"https:\/\/eltrabajo.cl\/web\/?s={search_term_string}"},"query-input":{"@type":"PropertyValueSpecification","valueRequired":true,"valueName":"search_term_string"}}],"inLanguage":"es-CL"},{"@type":"Organization","@id":"https:\/\/eltrabajo.cl\/web\/#organization","name":"Diario El Trabajo","url":"https:\/\/eltrabajo.cl\/web\/","logo":{"@type":"ImageObject","inLanguage":"es-CL","@id":"https:\/\/eltrabajo.cl\/web\/#\/schema\/logo\/image\/","url":"https:\/\/eltrabajo.cl\/web\/wp-content\/uploads\/2024\/06\/profile-image-ig-page-diarioeltrabajo.jpg","contentUrl":"https:\/\/eltrabajo.cl\/web\/wp-content\/uploads\/2024\/06\/profile-image-ig-page-diarioeltrabajo.jpg","width":823,"height":823,"caption":"Diario El Trabajo"},"image":{"@id":"https:\/\/eltrabajo.cl\/web\/#\/schema\/logo\/image\/"},"sameAs":["https:\/\/www.facebook.com\/ElTrabajoDiario","https:\/\/x.com\/diarioeltrabajo"]},{"@type":"Person","@id":"https:\/\/eltrabajo.cl\/web\/#\/schema\/person\/45efd3d17f86ec456e44dd7debe1bf19","name":"Diario El Trabajo","image":{"@type":"ImageObject","inLanguage":"es-CL","@id":"https:\/\/secure.gravatar.com\/avatar\/7e6ec277dc4aea2677c2dc301d4227957219329c985ab69a3efc12518b5161aa?s=96&d=mm&r=g","url":"https:\/\/secure.gravatar.com\/avatar\/7e6ec277dc4aea2677c2dc301d4227957219329c985ab69a3efc12518b5161aa?s=96&d=mm&r=g","contentUrl":"https:\/\/secure.gravatar.com\/avatar\/7e6ec277dc4aea2677c2dc301d4227957219329c985ab69a3efc12518b5161aa?s=96&d=mm&r=g","caption":"Diario El Trabajo"},"sameAs":["https:\/\/eltrabajo.cl\/web"],"url":"https:\/\/eltrabajo.cl\/web\/author\/diario-el-trabajo\/"}]}},"_links":{"self":[{"href":"https:\/\/eltrabajo.cl\/web\/wp-json\/wp\/v2\/posts\/135920","targetHints":{"allow":["GET"]}}],"collection":[{"href":"https:\/\/eltrabajo.cl\/web\/wp-json\/wp\/v2\/posts"}],"about":[{"href":"https:\/\/eltrabajo.cl\/web\/wp-json\/wp\/v2\/types\/post"}],"author":[{"embeddable":true,"href":"https:\/\/eltrabajo.cl\/web\/wp-json\/wp\/v2\/users\/1"}],"replies":[{"embeddable":true,"href":"https:\/\/eltrabajo.cl\/web\/wp-json\/wp\/v2\/comments?post=135920"}],"version-history":[{"count":1,"href":"https:\/\/eltrabajo.cl\/web\/wp-json\/wp\/v2\/posts\/135920\/revisions"}],"predecessor-version":[{"id":135922,"href":"https:\/\/eltrabajo.cl\/web\/wp-json\/wp\/v2\/posts\/135920\/revisions\/135922"}],"wp:featuredmedia":[{"embeddable":true,"href":"https:\/\/eltrabajo.cl\/web\/wp-json\/wp\/v2\/media\/135921"}],"wp:attachment":[{"href":"https:\/\/eltrabajo.cl\/web\/wp-json\/wp\/v2\/media?parent=135920"}],"wp:term":[{"taxonomy":"category","embeddable":true,"href":"https:\/\/eltrabajo.cl\/web\/wp-json\/wp\/v2\/categories?post=135920"},{"taxonomy":"post_tag","embeddable":true,"href":"https:\/\/eltrabajo.cl\/web\/wp-json\/wp\/v2\/tags?post=135920"}],"curies":[{"name":"wp","href":"https:\/\/api.w.org\/{rel}","templated":true}]}}