{"id":136078,"date":"2025-03-31T20:58:55","date_gmt":"2025-03-31T23:58:55","guid":{"rendered":"https:\/\/eltrabajo.cl\/web\/?p=136078"},"modified":"2025-03-31T20:58:55","modified_gmt":"2025-03-31T23:58:55","slug":"joven-promesa-del-atletismo-se-consagra-campeona-de-la-medio-maraton-santiago-by-hoka","status":"publish","type":"post","link":"https:\/\/eltrabajo.cl\/web\/joven-promesa-del-atletismo-se-consagra-campeona-de-la-medio-maraton-santiago-by-hoka\/","title":{"rendered":"Joven promesa del atletismo se consagra campeona de la Medio Marat\u00f3n \u2018Santiago by Hoka\u2019"},"content":{"rendered":"<ul>\n<li><strong>Con solo 11 a\u00f1os, Ignacia Araya se impuso en la categor\u00eda 10k de la medio marat\u00f3n, dejando atr\u00e1s a competidoras de hasta 19 a\u00f1os y reafirmando su talento y disciplina.-<\/strong><\/li>\n<\/ul>\n<p>El pasado domingo 30 de marzo, la comuna de Las Condes se transform\u00f3 en la cuna del deporte nacional al albergar la medio marat\u00f3n \u2018<strong>Santiago by Hoka<\/strong>\u2019, un evento que reuni\u00f3 a miles de corredores de todo Chile, quienes desafiaron sus l\u00edmites en las categor\u00edas de 21k, 10.5k y 5k.<\/p>\n<p>En esta destacada cita, San Felipe volvi\u00f3 a brillar, y esta vez fue de la mano de la corredora local <strong>Ignacia Isabella Araya Fern\u00e1ndez<\/strong>, estudiante del colegio Sunnyland School, quien se coron\u00f3 en el primer lugar del podio en la categor\u00eda 10k con un tiempo de 49 minutos con 32 segundos.<\/p>\n<p>Lo que hace a\u00fan m\u00e1s impresionante el logro de Ignacia es su corta edad, apenas 11 a\u00f1os, lo que la convierte en una verdadera promesa del atletismo. A pesar que la categor\u00eda en la que compiti\u00f3 abarca a j\u00f3venes de entre 15 y 19 a\u00f1os, Ignacia logr\u00f3 superar a rivales de mayor edad y experiencia, adjudic\u00e1ndose la medalla dorada.<\/p>\n<p>Este logro no solo es el resultado del talento innato de la joven sanfelipe\u00f1a, sino tambi\u00e9n del apoyo incondicional de su equipo familiar y profesional, su entrenadora <strong>Monserrat Espinoza<\/strong>, su dedicaci\u00f3n semanal en el Club de running \u2018Atl\u00e9tico Andino\u2019 de Los Andes y el respaldo del equipo profesional de \u2018Move Now\u2019 han sido claves en el desarrollo de Ignacia como atleta.<\/p>\n<p>Con la mirada puesta en nuevas metas, Ignacia contin\u00faa su preparaci\u00f3n para futuras competencias, demostrando que su carrera deportiva apenas comienza y que, sin duda, nos brindar\u00e1 m\u00e1s logros en el futuro.<\/p>\n<figure id=\"attachment_136080\" aria-describedby=\"caption-attachment-136080\" style=\"width: 699px\" class=\"wp-caption alignnone\"><img loading=\"lazy\" decoding=\"async\" class=\"size-full wp-image-136080\" src=\"http:\/\/eltrabajo.cl\/web\/wp-content\/uploads\/2025\/03\/Ignacia-Araya-atleta-2.jpg\" alt=\"Ignacia en el podio, donde se coron\u00f3 en el primer lugar en la categor\u00eda 10K.\" width=\"699\" height=\"470\" srcset=\"https:\/\/eltrabajo.cl\/web\/wp-content\/uploads\/2025\/03\/Ignacia-Araya-atleta-2.jpg 699w, https:\/\/eltrabajo.cl\/web\/wp-content\/uploads\/2025\/03\/Ignacia-Araya-atleta-2-300x202.jpg 300w, https:\/\/eltrabajo.cl\/web\/wp-content\/uploads\/2025\/03\/Ignacia-Araya-atleta-2-625x420.jpg 625w, https:\/\/eltrabajo.cl\/web\/wp-content\/uploads\/2025\/03\/Ignacia-Araya-atleta-2-150x101.jpg 150w, https:\/\/eltrabajo.cl\/web\/wp-content\/uploads\/2025\/03\/Ignacia-Araya-atleta-2-696x468.jpg 696w\" sizes=\"auto, (max-width: 699px) 100vw, 699px\" \/><figcaption id=\"caption-attachment-136080\" class=\"wp-caption-text\">Ignacia en el podio, donde se coron\u00f3 en el primer lugar en la categor\u00eda 10K.<\/figcaption><\/figure>\n<figure id=\"attachment_136079\" aria-describedby=\"caption-attachment-136079\" style=\"width: 699px\" class=\"wp-caption alignnone\"><img loading=\"lazy\" decoding=\"async\" class=\"size-full wp-image-136079\" src=\"http:\/\/eltrabajo.cl\/web\/wp-content\/uploads\/2025\/03\/Ignacia-Araya-atleta.jpg\" alt=\"El pasado domingo, Ignacia Isabella Araya Fern\u00e1ndez particip\u00f3 en la Medio Marat\u00f3n Santiago By Hoka.\" width=\"699\" height=\"793\" srcset=\"https:\/\/eltrabajo.cl\/web\/wp-content\/uploads\/2025\/03\/Ignacia-Araya-atleta.jpg 699w, https:\/\/eltrabajo.cl\/web\/wp-content\/uploads\/2025\/03\/Ignacia-Araya-atleta-264x300.jpg 264w, https:\/\/eltrabajo.cl\/web\/wp-content\/uploads\/2025\/03\/Ignacia-Araya-atleta-370x420.jpg 370w, https:\/\/eltrabajo.cl\/web\/wp-content\/uploads\/2025\/03\/Ignacia-Araya-atleta-150x170.jpg 150w, https:\/\/eltrabajo.cl\/web\/wp-content\/uploads\/2025\/03\/Ignacia-Araya-atleta-300x340.jpg 300w, https:\/\/eltrabajo.cl\/web\/wp-content\/uploads\/2025\/03\/Ignacia-Araya-atleta-696x790.jpg 696w\" sizes=\"auto, (max-width: 699px) 100vw, 699px\" \/><figcaption id=\"caption-attachment-136079\" class=\"wp-caption-text\">El pasado domingo, Ignacia Isabella Araya Fern\u00e1ndez particip\u00f3 en la Medio Marat\u00f3n Santiago By Hoka.<\/figcaption><\/figure>\n","protected":false},"excerpt":{"rendered":"<p>Con solo 11 a\u00f1os, Ignacia Araya se impuso en la categor\u00eda 10k de la medio marat\u00f3n, dejando atr\u00e1s a competidoras de hasta 19 a\u00f1os y reafirmando su talento y disciplina.- El pasado domingo 30 de marzo, la comuna de Las Condes se transform\u00f3 en la cuna del deporte nacional al albergar la medio marat\u00f3n \u2018Santiago [&hellip;]<\/p>\n","protected":false},"author":1,"featured_media":136080,"comment_status":"open","ping_status":"closed","sticky":false,"template":"","format":"standard","meta":{"footnotes":""},"categories":[4],"tags":[],"class_list":{"0":"post-136078","1":"post","2":"type-post","3":"status-publish","4":"format-standard","5":"has-post-thumbnail","7":"category-comunidad"},"yoast_head":"<!-- This site is optimized with the Yoast SEO plugin v27.4 - https:\/\/yoast.com\/product\/yoast-seo-wordpress\/ -->\n<title>Joven promesa del atletismo se consagra campeona de la Medio Marat\u00f3n \u2018Santiago by Hoka\u2019 - Diario El Trabajo<\/title>\n<meta name=\"robots\" content=\"index, follow, max-snippet:-1, max-image-preview:large, max-video-preview:-1\" \/>\n<link rel=\"canonical\" href=\"https:\/\/eltrabajo.cl\/web\/joven-promesa-del-atletismo-se-consagra-campeona-de-la-medio-maraton-santiago-by-hoka\/\" \/>\n<meta property=\"og:locale\" content=\"es_ES\" \/>\n<meta property=\"og:type\" content=\"article\" \/>\n<meta property=\"og:title\" content=\"Joven promesa del atletismo se consagra campeona de la Medio Marat\u00f3n \u2018Santiago by Hoka\u2019 - Diario El Trabajo\" \/>\n<meta property=\"og:description\" content=\"Con solo 11 a\u00f1os, Ignacia Araya se impuso en la categor\u00eda 10k de la medio marat\u00f3n, dejando atr\u00e1s a competidoras de hasta 19 a\u00f1os y reafirmando su talento y disciplina.- El pasado domingo 30 de marzo, la comuna de Las Condes se transform\u00f3 en la cuna del deporte nacional al albergar la medio marat\u00f3n \u2018Santiago [&hellip;]\" \/>\n<meta property=\"og:url\" content=\"https:\/\/eltrabajo.cl\/web\/joven-promesa-del-atletismo-se-consagra-campeona-de-la-medio-maraton-santiago-by-hoka\/\" \/>\n<meta property=\"og:site_name\" content=\"Diario El Trabajo\" \/>\n<meta property=\"article:publisher\" content=\"https:\/\/www.facebook.com\/ElTrabajoDiario\" \/>\n<meta property=\"article:published_time\" content=\"2025-03-31T23:58:55+00:00\" \/>\n<meta property=\"og:image\" content=\"https:\/\/eltrabajo.cl\/web\/wp-content\/uploads\/2025\/03\/Ignacia-Araya-atleta-2.jpg\" \/>\n\t<meta property=\"og:image:width\" content=\"699\" \/>\n\t<meta property=\"og:image:height\" content=\"470\" \/>\n\t<meta property=\"og:image:type\" content=\"image\/jpeg\" \/>\n<meta name=\"author\" content=\"Diario El Trabajo\" \/>\n<meta name=\"twitter:card\" content=\"summary_large_image\" \/>\n<meta name=\"twitter:creator\" content=\"@diarioeltrabajo\" \/>\n<meta name=\"twitter:site\" content=\"@diarioeltrabajo\" \/>\n<meta name=\"twitter:label1\" content=\"Escrito por\" \/>\n\t<meta name=\"twitter:data1\" content=\"Diario El Trabajo\" \/>\n\t<meta name=\"twitter:label2\" content=\"Tiempo estimado de lectura\" \/>\n\t<meta name=\"twitter:data2\" content=\"3 minutos\" \/>\n<script type=\"application\/ld+json\" class=\"yoast-schema-graph\">{\"@context\":\"https:\\\/\\\/schema.org\",\"@graph\":[{\"@type\":\"Article\",\"@id\":\"https:\\\/\\\/eltrabajo.cl\\\/web\\\/joven-promesa-del-atletismo-se-consagra-campeona-de-la-medio-maraton-santiago-by-hoka\\\/#article\",\"isPartOf\":{\"@id\":\"https:\\\/\\\/eltrabajo.cl\\\/web\\\/joven-promesa-del-atletismo-se-consagra-campeona-de-la-medio-maraton-santiago-by-hoka\\\/\"},\"author\":{\"name\":\"Diario El Trabajo\",\"@id\":\"https:\\\/\\\/eltrabajo.cl\\\/web\\\/#\\\/schema\\\/person\\\/45efd3d17f86ec456e44dd7debe1bf19\"},\"headline\":\"Joven promesa del atletismo se consagra campeona de la Medio Marat\u00f3n \u2018Santiago by Hoka\u2019\",\"datePublished\":\"2025-03-31T23:58:55+00:00\",\"mainEntityOfPage\":{\"@id\":\"https:\\\/\\\/eltrabajo.cl\\\/web\\\/joven-promesa-del-atletismo-se-consagra-campeona-de-la-medio-maraton-santiago-by-hoka\\\/\"},\"wordCount\":362,\"commentCount\":0,\"publisher\":{\"@id\":\"https:\\\/\\\/eltrabajo.cl\\\/web\\\/#organization\"},\"image\":{\"@id\":\"https:\\\/\\\/eltrabajo.cl\\\/web\\\/joven-promesa-del-atletismo-se-consagra-campeona-de-la-medio-maraton-santiago-by-hoka\\\/#primaryimage\"},\"thumbnailUrl\":\"https:\\\/\\\/eltrabajo.cl\\\/web\\\/wp-content\\\/uploads\\\/2025\\\/03\\\/Ignacia-Araya-atleta-2.jpg\",\"articleSection\":[\"Comunidad\"],\"inLanguage\":\"es-CL\",\"potentialAction\":[{\"@type\":\"CommentAction\",\"name\":\"Comment\",\"target\":[\"https:\\\/\\\/eltrabajo.cl\\\/web\\\/joven-promesa-del-atletismo-se-consagra-campeona-de-la-medio-maraton-santiago-by-hoka\\\/#respond\"]}]},{\"@type\":\"WebPage\",\"@id\":\"https:\\\/\\\/eltrabajo.cl\\\/web\\\/joven-promesa-del-atletismo-se-consagra-campeona-de-la-medio-maraton-santiago-by-hoka\\\/\",\"url\":\"https:\\\/\\\/eltrabajo.cl\\\/web\\\/joven-promesa-del-atletismo-se-consagra-campeona-de-la-medio-maraton-santiago-by-hoka\\\/\",\"name\":\"Joven promesa del atletismo se consagra campeona de la Medio Marat\u00f3n \u2018Santiago by Hoka\u2019 - Diario El Trabajo\",\"isPartOf\":{\"@id\":\"https:\\\/\\\/eltrabajo.cl\\\/web\\\/#website\"},\"primaryImageOfPage\":{\"@id\":\"https:\\\/\\\/eltrabajo.cl\\\/web\\\/joven-promesa-del-atletismo-se-consagra-campeona-de-la-medio-maraton-santiago-by-hoka\\\/#primaryimage\"},\"image\":{\"@id\":\"https:\\\/\\\/eltrabajo.cl\\\/web\\\/joven-promesa-del-atletismo-se-consagra-campeona-de-la-medio-maraton-santiago-by-hoka\\\/#primaryimage\"},\"thumbnailUrl\":\"https:\\\/\\\/eltrabajo.cl\\\/web\\\/wp-content\\\/uploads\\\/2025\\\/03\\\/Ignacia-Araya-atleta-2.jpg\",\"datePublished\":\"2025-03-31T23:58:55+00:00\",\"breadcrumb\":{\"@id\":\"https:\\\/\\\/eltrabajo.cl\\\/web\\\/joven-promesa-del-atletismo-se-consagra-campeona-de-la-medio-maraton-santiago-by-hoka\\\/#breadcrumb\"},\"inLanguage\":\"es-CL\",\"potentialAction\":[{\"@type\":\"ReadAction\",\"target\":[\"https:\\\/\\\/eltrabajo.cl\\\/web\\\/joven-promesa-del-atletismo-se-consagra-campeona-de-la-medio-maraton-santiago-by-hoka\\\/\"]}]},{\"@type\":\"ImageObject\",\"inLanguage\":\"es-CL\",\"@id\":\"https:\\\/\\\/eltrabajo.cl\\\/web\\\/joven-promesa-del-atletismo-se-consagra-campeona-de-la-medio-maraton-santiago-by-hoka\\\/#primaryimage\",\"url\":\"https:\\\/\\\/eltrabajo.cl\\\/web\\\/wp-content\\\/uploads\\\/2025\\\/03\\\/Ignacia-Araya-atleta-2.jpg\",\"contentUrl\":\"https:\\\/\\\/eltrabajo.cl\\\/web\\\/wp-content\\\/uploads\\\/2025\\\/03\\\/Ignacia-Araya-atleta-2.jpg\",\"width\":699,\"height\":470,\"caption\":\"Ignacia en el podio, donde se coron\u00f3 en el primer lugar en la categor\u00eda 10K.\"},{\"@type\":\"BreadcrumbList\",\"@id\":\"https:\\\/\\\/eltrabajo.cl\\\/web\\\/joven-promesa-del-atletismo-se-consagra-campeona-de-la-medio-maraton-santiago-by-hoka\\\/#breadcrumb\",\"itemListElement\":[{\"@type\":\"ListItem\",\"position\":1,\"name\":\"Portada\",\"item\":\"https:\\\/\\\/eltrabajo.cl\\\/web\\\/\"},{\"@type\":\"ListItem\",\"position\":2,\"name\":\"Joven promesa del atletismo se consagra campeona de la Medio Marat\u00f3n \u2018Santiago by Hoka\u2019\"}]},{\"@type\":\"WebSite\",\"@id\":\"https:\\\/\\\/eltrabajo.cl\\\/web\\\/#website\",\"url\":\"https:\\\/\\\/eltrabajo.cl\\\/web\\\/\",\"name\":\"Diario El Trabajo\",\"description\":\"Desde 1929 construyendo Identidad Local\",\"publisher\":{\"@id\":\"https:\\\/\\\/eltrabajo.cl\\\/web\\\/#organization\"},\"potentialAction\":[{\"@type\":\"SearchAction\",\"target\":{\"@type\":\"EntryPoint\",\"urlTemplate\":\"https:\\\/\\\/eltrabajo.cl\\\/web\\\/?s={search_term_string}\"},\"query-input\":{\"@type\":\"PropertyValueSpecification\",\"valueRequired\":true,\"valueName\":\"search_term_string\"}}],\"inLanguage\":\"es-CL\"},{\"@type\":\"Organization\",\"@id\":\"https:\\\/\\\/eltrabajo.cl\\\/web\\\/#organization\",\"name\":\"Diario El Trabajo\",\"url\":\"https:\\\/\\\/eltrabajo.cl\\\/web\\\/\",\"logo\":{\"@type\":\"ImageObject\",\"inLanguage\":\"es-CL\",\"@id\":\"https:\\\/\\\/eltrabajo.cl\\\/web\\\/#\\\/schema\\\/logo\\\/image\\\/\",\"url\":\"https:\\\/\\\/eltrabajo.cl\\\/web\\\/wp-content\\\/uploads\\\/2024\\\/06\\\/profile-image-ig-page-diarioeltrabajo.jpg\",\"contentUrl\":\"https:\\\/\\\/eltrabajo.cl\\\/web\\\/wp-content\\\/uploads\\\/2024\\\/06\\\/profile-image-ig-page-diarioeltrabajo.jpg\",\"width\":823,\"height\":823,\"caption\":\"Diario El Trabajo\"},\"image\":{\"@id\":\"https:\\\/\\\/eltrabajo.cl\\\/web\\\/#\\\/schema\\\/logo\\\/image\\\/\"},\"sameAs\":[\"https:\\\/\\\/www.facebook.com\\\/ElTrabajoDiario\",\"https:\\\/\\\/x.com\\\/diarioeltrabajo\"]},{\"@type\":\"Person\",\"@id\":\"https:\\\/\\\/eltrabajo.cl\\\/web\\\/#\\\/schema\\\/person\\\/45efd3d17f86ec456e44dd7debe1bf19\",\"name\":\"Diario El Trabajo\",\"image\":{\"@type\":\"ImageObject\",\"inLanguage\":\"es-CL\",\"@id\":\"https:\\\/\\\/secure.gravatar.com\\\/avatar\\\/7e6ec277dc4aea2677c2dc301d4227957219329c985ab69a3efc12518b5161aa?s=96&d=mm&r=g\",\"url\":\"https:\\\/\\\/secure.gravatar.com\\\/avatar\\\/7e6ec277dc4aea2677c2dc301d4227957219329c985ab69a3efc12518b5161aa?s=96&d=mm&r=g\",\"contentUrl\":\"https:\\\/\\\/secure.gravatar.com\\\/avatar\\\/7e6ec277dc4aea2677c2dc301d4227957219329c985ab69a3efc12518b5161aa?s=96&d=mm&r=g\",\"caption\":\"Diario El Trabajo\"},\"sameAs\":[\"https:\\\/\\\/eltrabajo.cl\\\/web\"],\"url\":\"https:\\\/\\\/eltrabajo.cl\\\/web\\\/author\\\/diario-el-trabajo\\\/\"}]}<\/script>\n<!-- \/ Yoast SEO plugin. -->","yoast_head_json":{"title":"Joven promesa del atletismo se consagra campeona de la Medio Marat\u00f3n \u2018Santiago by Hoka\u2019 - Diario El Trabajo","robots":{"index":"index","follow":"follow","max-snippet":"max-snippet:-1","max-image-preview":"max-image-preview:large","max-video-preview":"max-video-preview:-1"},"canonical":"https:\/\/eltrabajo.cl\/web\/joven-promesa-del-atletismo-se-consagra-campeona-de-la-medio-maraton-santiago-by-hoka\/","og_locale":"es_ES","og_type":"article","og_title":"Joven promesa del atletismo se consagra campeona de la Medio Marat\u00f3n \u2018Santiago by Hoka\u2019 - Diario El Trabajo","og_description":"Con solo 11 a\u00f1os, Ignacia Araya se impuso en la categor\u00eda 10k de la medio marat\u00f3n, dejando atr\u00e1s a competidoras de hasta 19 a\u00f1os y reafirmando su talento y disciplina.- El pasado domingo 30 de marzo, la comuna de Las Condes se transform\u00f3 en la cuna del deporte nacional al albergar la medio marat\u00f3n \u2018Santiago [&hellip;]","og_url":"https:\/\/eltrabajo.cl\/web\/joven-promesa-del-atletismo-se-consagra-campeona-de-la-medio-maraton-santiago-by-hoka\/","og_site_name":"Diario El Trabajo","article_publisher":"https:\/\/www.facebook.com\/ElTrabajoDiario","article_published_time":"2025-03-31T23:58:55+00:00","og_image":[{"width":699,"height":470,"url":"https:\/\/eltrabajo.cl\/web\/wp-content\/uploads\/2025\/03\/Ignacia-Araya-atleta-2.jpg","type":"image\/jpeg"}],"author":"Diario El Trabajo","twitter_card":"summary_large_image","twitter_creator":"@diarioeltrabajo","twitter_site":"@diarioeltrabajo","twitter_misc":{"Escrito por":"Diario El Trabajo","Tiempo estimado de lectura":"3 minutos"},"schema":{"@context":"https:\/\/schema.org","@graph":[{"@type":"Article","@id":"https:\/\/eltrabajo.cl\/web\/joven-promesa-del-atletismo-se-consagra-campeona-de-la-medio-maraton-santiago-by-hoka\/#article","isPartOf":{"@id":"https:\/\/eltrabajo.cl\/web\/joven-promesa-del-atletismo-se-consagra-campeona-de-la-medio-maraton-santiago-by-hoka\/"},"author":{"name":"Diario El Trabajo","@id":"https:\/\/eltrabajo.cl\/web\/#\/schema\/person\/45efd3d17f86ec456e44dd7debe1bf19"},"headline":"Joven promesa del atletismo se consagra campeona de la Medio Marat\u00f3n \u2018Santiago by Hoka\u2019","datePublished":"2025-03-31T23:58:55+00:00","mainEntityOfPage":{"@id":"https:\/\/eltrabajo.cl\/web\/joven-promesa-del-atletismo-se-consagra-campeona-de-la-medio-maraton-santiago-by-hoka\/"},"wordCount":362,"commentCount":0,"publisher":{"@id":"https:\/\/eltrabajo.cl\/web\/#organization"},"image":{"@id":"https:\/\/eltrabajo.cl\/web\/joven-promesa-del-atletismo-se-consagra-campeona-de-la-medio-maraton-santiago-by-hoka\/#primaryimage"},"thumbnailUrl":"https:\/\/eltrabajo.cl\/web\/wp-content\/uploads\/2025\/03\/Ignacia-Araya-atleta-2.jpg","articleSection":["Comunidad"],"inLanguage":"es-CL","potentialAction":[{"@type":"CommentAction","name":"Comment","target":["https:\/\/eltrabajo.cl\/web\/joven-promesa-del-atletismo-se-consagra-campeona-de-la-medio-maraton-santiago-by-hoka\/#respond"]}]},{"@type":"WebPage","@id":"https:\/\/eltrabajo.cl\/web\/joven-promesa-del-atletismo-se-consagra-campeona-de-la-medio-maraton-santiago-by-hoka\/","url":"https:\/\/eltrabajo.cl\/web\/joven-promesa-del-atletismo-se-consagra-campeona-de-la-medio-maraton-santiago-by-hoka\/","name":"Joven promesa del atletismo se consagra campeona de la Medio Marat\u00f3n \u2018Santiago by Hoka\u2019 - Diario El Trabajo","isPartOf":{"@id":"https:\/\/eltrabajo.cl\/web\/#website"},"primaryImageOfPage":{"@id":"https:\/\/eltrabajo.cl\/web\/joven-promesa-del-atletismo-se-consagra-campeona-de-la-medio-maraton-santiago-by-hoka\/#primaryimage"},"image":{"@id":"https:\/\/eltrabajo.cl\/web\/joven-promesa-del-atletismo-se-consagra-campeona-de-la-medio-maraton-santiago-by-hoka\/#primaryimage"},"thumbnailUrl":"https:\/\/eltrabajo.cl\/web\/wp-content\/uploads\/2025\/03\/Ignacia-Araya-atleta-2.jpg","datePublished":"2025-03-31T23:58:55+00:00","breadcrumb":{"@id":"https:\/\/eltrabajo.cl\/web\/joven-promesa-del-atletismo-se-consagra-campeona-de-la-medio-maraton-santiago-by-hoka\/#breadcrumb"},"inLanguage":"es-CL","potentialAction":[{"@type":"ReadAction","target":["https:\/\/eltrabajo.cl\/web\/joven-promesa-del-atletismo-se-consagra-campeona-de-la-medio-maraton-santiago-by-hoka\/"]}]},{"@type":"ImageObject","inLanguage":"es-CL","@id":"https:\/\/eltrabajo.cl\/web\/joven-promesa-del-atletismo-se-consagra-campeona-de-la-medio-maraton-santiago-by-hoka\/#primaryimage","url":"https:\/\/eltrabajo.cl\/web\/wp-content\/uploads\/2025\/03\/Ignacia-Araya-atleta-2.jpg","contentUrl":"https:\/\/eltrabajo.cl\/web\/wp-content\/uploads\/2025\/03\/Ignacia-Araya-atleta-2.jpg","width":699,"height":470,"caption":"Ignacia en el podio, donde se coron\u00f3 en el primer lugar en la categor\u00eda 10K."},{"@type":"BreadcrumbList","@id":"https:\/\/eltrabajo.cl\/web\/joven-promesa-del-atletismo-se-consagra-campeona-de-la-medio-maraton-santiago-by-hoka\/#breadcrumb","itemListElement":[{"@type":"ListItem","position":1,"name":"Portada","item":"https:\/\/eltrabajo.cl\/web\/"},{"@type":"ListItem","position":2,"name":"Joven promesa del atletismo se consagra campeona de la Medio Marat\u00f3n \u2018Santiago by Hoka\u2019"}]},{"@type":"WebSite","@id":"https:\/\/eltrabajo.cl\/web\/#website","url":"https:\/\/eltrabajo.cl\/web\/","name":"Diario El Trabajo","description":"Desde 1929 construyendo Identidad Local","publisher":{"@id":"https:\/\/eltrabajo.cl\/web\/#organization"},"potentialAction":[{"@type":"SearchAction","target":{"@type":"EntryPoint","urlTemplate":"https:\/\/eltrabajo.cl\/web\/?s={search_term_string}"},"query-input":{"@type":"PropertyValueSpecification","valueRequired":true,"valueName":"search_term_string"}}],"inLanguage":"es-CL"},{"@type":"Organization","@id":"https:\/\/eltrabajo.cl\/web\/#organization","name":"Diario El Trabajo","url":"https:\/\/eltrabajo.cl\/web\/","logo":{"@type":"ImageObject","inLanguage":"es-CL","@id":"https:\/\/eltrabajo.cl\/web\/#\/schema\/logo\/image\/","url":"https:\/\/eltrabajo.cl\/web\/wp-content\/uploads\/2024\/06\/profile-image-ig-page-diarioeltrabajo.jpg","contentUrl":"https:\/\/eltrabajo.cl\/web\/wp-content\/uploads\/2024\/06\/profile-image-ig-page-diarioeltrabajo.jpg","width":823,"height":823,"caption":"Diario El Trabajo"},"image":{"@id":"https:\/\/eltrabajo.cl\/web\/#\/schema\/logo\/image\/"},"sameAs":["https:\/\/www.facebook.com\/ElTrabajoDiario","https:\/\/x.com\/diarioeltrabajo"]},{"@type":"Person","@id":"https:\/\/eltrabajo.cl\/web\/#\/schema\/person\/45efd3d17f86ec456e44dd7debe1bf19","name":"Diario El Trabajo","image":{"@type":"ImageObject","inLanguage":"es-CL","@id":"https:\/\/secure.gravatar.com\/avatar\/7e6ec277dc4aea2677c2dc301d4227957219329c985ab69a3efc12518b5161aa?s=96&d=mm&r=g","url":"https:\/\/secure.gravatar.com\/avatar\/7e6ec277dc4aea2677c2dc301d4227957219329c985ab69a3efc12518b5161aa?s=96&d=mm&r=g","contentUrl":"https:\/\/secure.gravatar.com\/avatar\/7e6ec277dc4aea2677c2dc301d4227957219329c985ab69a3efc12518b5161aa?s=96&d=mm&r=g","caption":"Diario El Trabajo"},"sameAs":["https:\/\/eltrabajo.cl\/web"],"url":"https:\/\/eltrabajo.cl\/web\/author\/diario-el-trabajo\/"}]}},"_links":{"self":[{"href":"https:\/\/eltrabajo.cl\/web\/wp-json\/wp\/v2\/posts\/136078","targetHints":{"allow":["GET"]}}],"collection":[{"href":"https:\/\/eltrabajo.cl\/web\/wp-json\/wp\/v2\/posts"}],"about":[{"href":"https:\/\/eltrabajo.cl\/web\/wp-json\/wp\/v2\/types\/post"}],"author":[{"embeddable":true,"href":"https:\/\/eltrabajo.cl\/web\/wp-json\/wp\/v2\/users\/1"}],"replies":[{"embeddable":true,"href":"https:\/\/eltrabajo.cl\/web\/wp-json\/wp\/v2\/comments?post=136078"}],"version-history":[{"count":1,"href":"https:\/\/eltrabajo.cl\/web\/wp-json\/wp\/v2\/posts\/136078\/revisions"}],"predecessor-version":[{"id":136081,"href":"https:\/\/eltrabajo.cl\/web\/wp-json\/wp\/v2\/posts\/136078\/revisions\/136081"}],"wp:featuredmedia":[{"embeddable":true,"href":"https:\/\/eltrabajo.cl\/web\/wp-json\/wp\/v2\/media\/136080"}],"wp:attachment":[{"href":"https:\/\/eltrabajo.cl\/web\/wp-json\/wp\/v2\/media?parent=136078"}],"wp:term":[{"taxonomy":"category","embeddable":true,"href":"https:\/\/eltrabajo.cl\/web\/wp-json\/wp\/v2\/categories?post=136078"},{"taxonomy":"post_tag","embeddable":true,"href":"https:\/\/eltrabajo.cl\/web\/wp-json\/wp\/v2\/tags?post=136078"}],"curies":[{"name":"wp","href":"https:\/\/api.w.org\/{rel}","templated":true}]}}