{"id":136089,"date":"2025-04-01T20:42:12","date_gmt":"2025-04-01T23:42:12","guid":{"rendered":"https:\/\/eltrabajo.cl\/web\/?p=136089"},"modified":"2025-04-01T20:42:12","modified_gmt":"2025-04-01T23:42:12","slug":"decreto-de-alerta-sanitaria-a-contar-del-15-de-abril-uso-obligatorio-de-mascarilla-en-urgencias","status":"publish","type":"post","link":"https:\/\/eltrabajo.cl\/web\/decreto-de-alerta-sanitaria-a-contar-del-15-de-abril-uso-obligatorio-de-mascarilla-en-urgencias\/","title":{"rendered":"Decreto de Alerta Sanitaria: A contar del 15 de abril uso obligatorio de mascarilla en urgencias"},"content":{"rendered":"<ul>\n<li><strong>Colegio M\u00e9dico Aconcagua llama a vacunarse por aumento de virus respiratorios.-<\/strong><\/li>\n<\/ul>\n<p>Este lunes 24 de marzo, el Ministerio de Salud (Misal) public\u00f3 en el Diario Oficial el Decreto de Alerta Sanitaria por el aumento de casos de virus respiratorios estacionales. Esto, permite tomar medidas r\u00e1pidas como reasignar recursos, adquisici\u00f3n de medicamentos, as\u00ed como el refuerzo de las redes asistenciales.<\/p>\n<p>Pues bien, a contar del 15 de abril hasta el 31 de agosto ser\u00e1 obligatorio el uso de mascarillas en las unidades o establecimientos destinados a la atenci\u00f3n de urgencias<strong>,<\/strong> ya sean p\u00fablicos o privados a lo largo del pa\u00eds. Lo anterior, debido al aumento de virus respiratorios, espec\u00edficamente el rinovirus, el coronavirus, el virus sincicial y la influenza.<\/p>\n<p>\u00bfQu\u00e9 pasa con esto en el Valle del Aconcagua? Justamente encontramos caminando al doctor <strong>Luis Foncea<\/strong>, presidente del Colegio M\u00e9dico Aconcagua.<\/p>\n<p>&#8211; <strong>Com\u00e9ntenos qu\u00e9 hay de cierto, \u00bfvamos a entrar al uso de mascarillas de nuevo? Porque llegan informaciones por aqu\u00ed por all\u00e1<\/strong><\/p>\n<p>&#8211; S\u00ed, en el contexto de la alerta sanitaria nacional por el aumento de los virus circulantes respiratorios, influenza, parainfluenza, metapneumovirus, covid, principalmente cuando bajen m\u00e1s las temperaturas, y eso en la pr\u00e1ctica hace que la contagiosidad aumente y hay un llamado a la vacunaci\u00f3n; ya se hizo, se abri\u00f3 la campa\u00f1a en todo el pa\u00eds, de influenza y de covid. Nosotros como colegio m\u00e9dico, llamamos a vacunarse porque es importante, se ha demostrado la efectividad que tiene en disminuir los casos graves y tambi\u00e9n la posibilidad de contagio.<\/p>\n<p>&nbsp;<\/p>\n<p><strong>USO DE MASCARILLAS<\/strong><\/p>\n<p>En cuanto al uso de mascarillas, el Dr. Luis Foncea se\u00f1al\u00f3 que se debe dar en <em>\u00ablugares con mucha circulaci\u00f3n viral, como en las unidades de emergencias hospitalarias, en los SAR (Servicio de Alta Resolutividad), SAPU. Efectivamente, nos parece una buena medida, sobre todo, en el periodo de mayor circulaci\u00f3n viral\u00bb<\/em>, expres\u00f3 el presidente del Colegio M\u00e9dico.<\/p>\n<p>&#8211; <strong>Es decir buena medida que la gente la acate<\/strong><\/p>\n<p>&#8211; Pero, principalmente la precauci\u00f3n de vacunarse; o sea, aqu\u00ed las vacunas han salvado vidas, eso fue evidente en la pandemia y, por lo tanto, es necesario que se tomen las medidas antes que comience la circulaci\u00f3n viral en su m\u00e1xima expresi\u00f3n.<\/p>\n<p>&#8211; <strong>Doctor, importante se\u00f1alar que la vacuna no evita el contagio del covid, por ejemplo, sino que lo combate en el fondo \u00bfo no?, porque uno puede decir \u2018me vacun\u00e9, no me voy a contagiar\u2019 <\/strong><\/p>\n<p>&#8211; Claro, lo que pasa es que lo que est\u00e1 demostrado es que disminuye la posibilidad de contagio; o sea, necesitas una mayor carga de cantidad viral para contagiarte, pero adem\u00e1s, y lo m\u00e1s importante, es que la consecuencia de la infecci\u00f3n viral es menor. En el caso del covid, principalmente se estableci\u00f3 con claridad que la gente que se vacunaba ten\u00eda menos riesgo de morir o enfermar gravemente. Disminu\u00eda la posibilidad de hospitalizaci\u00f3n en la necesidad de cama cr\u00edtica, todo eso.<\/p>\n<p>En esta l\u00ednea, hemos visto que todos los d\u00edas en la ma\u00f1ana hay un equipo de salud instalado en la Plaza de Armas, frente al Ode\u00f3n, vacunando contra la influenza y el covid. Las dos vacunas se pueden colocar una en cada brazo. Ayer, por momentos, hubo personas que concurrieron a vacunarse.<\/p>\n<p>Durante la \u00faltima semana, se han encontrado 1.325 casos positivos para virus respiratorios, que se concentran principalmente en rinovirus y coronavirus, se\u00f1ala Radio B\u00edo-B\u00edo Chile.<\/p>\n<p>&nbsp;<\/p>\n<figure id=\"attachment_136091\" aria-describedby=\"caption-attachment-136091\" style=\"width: 699px\" class=\"wp-caption alignnone\"><img loading=\"lazy\" decoding=\"async\" class=\"size-full wp-image-136091\" src=\"http:\/\/eltrabajo.cl\/web\/wp-content\/uploads\/2025\/04\/Vacuna-uso-obligatorio-mascarilla.jpg\" alt=\"Personas en la Plaza de Armas de San Felipe esperando vacunarse.\" width=\"699\" height=\"387\" srcset=\"https:\/\/eltrabajo.cl\/web\/wp-content\/uploads\/2025\/04\/Vacuna-uso-obligatorio-mascarilla.jpg 699w, https:\/\/eltrabajo.cl\/web\/wp-content\/uploads\/2025\/04\/Vacuna-uso-obligatorio-mascarilla-300x166.jpg 300w, https:\/\/eltrabajo.cl\/web\/wp-content\/uploads\/2025\/04\/Vacuna-uso-obligatorio-mascarilla-150x83.jpg 150w, https:\/\/eltrabajo.cl\/web\/wp-content\/uploads\/2025\/04\/Vacuna-uso-obligatorio-mascarilla-696x385.jpg 696w\" sizes=\"auto, (max-width: 699px) 100vw, 699px\" \/><figcaption id=\"caption-attachment-136091\" class=\"wp-caption-text\">Personas en la Plaza de Armas de San Felipe esperando vacunarse.<\/figcaption><\/figure>\n<figure id=\"attachment_136090\" aria-describedby=\"caption-attachment-136090\" style=\"width: 699px\" class=\"wp-caption alignnone\"><img loading=\"lazy\" decoding=\"async\" class=\"size-full wp-image-136090\" src=\"http:\/\/eltrabajo.cl\/web\/wp-content\/uploads\/2025\/04\/Doctor-Luis-Foncea-uso-obligatorio-mascarilla.jpg\" alt=\"Doctor Luis Foncea, presidente del Colegio M\u00e9dico de Aconcagua.\" width=\"699\" height=\"553\" srcset=\"https:\/\/eltrabajo.cl\/web\/wp-content\/uploads\/2025\/04\/Doctor-Luis-Foncea-uso-obligatorio-mascarilla.jpg 699w, https:\/\/eltrabajo.cl\/web\/wp-content\/uploads\/2025\/04\/Doctor-Luis-Foncea-uso-obligatorio-mascarilla-300x237.jpg 300w, https:\/\/eltrabajo.cl\/web\/wp-content\/uploads\/2025\/04\/Doctor-Luis-Foncea-uso-obligatorio-mascarilla-531x420.jpg 531w, https:\/\/eltrabajo.cl\/web\/wp-content\/uploads\/2025\/04\/Doctor-Luis-Foncea-uso-obligatorio-mascarilla-150x119.jpg 150w, https:\/\/eltrabajo.cl\/web\/wp-content\/uploads\/2025\/04\/Doctor-Luis-Foncea-uso-obligatorio-mascarilla-696x551.jpg 696w\" sizes=\"auto, (max-width: 699px) 100vw, 699px\" \/><figcaption id=\"caption-attachment-136090\" class=\"wp-caption-text\">Doctor Luis Foncea, presidente del Colegio M\u00e9dico de Aconcagua.<\/figcaption><\/figure>\n<figure id=\"attachment_136092\" aria-describedby=\"caption-attachment-136092\" style=\"width: 699px\" class=\"wp-caption alignnone\"><img loading=\"lazy\" decoding=\"async\" class=\"size-full wp-image-136092\" src=\"http:\/\/eltrabajo.cl\/web\/wp-content\/uploads\/2025\/04\/Decreto-uso-obligatorio-mascarilla.jpg\" alt=\"El decreto de alerta sanitaria nacional.\" width=\"699\" height=\"890\" srcset=\"https:\/\/eltrabajo.cl\/web\/wp-content\/uploads\/2025\/04\/Decreto-uso-obligatorio-mascarilla.jpg 699w, https:\/\/eltrabajo.cl\/web\/wp-content\/uploads\/2025\/04\/Decreto-uso-obligatorio-mascarilla-236x300.jpg 236w, https:\/\/eltrabajo.cl\/web\/wp-content\/uploads\/2025\/04\/Decreto-uso-obligatorio-mascarilla-330x420.jpg 330w, https:\/\/eltrabajo.cl\/web\/wp-content\/uploads\/2025\/04\/Decreto-uso-obligatorio-mascarilla-150x191.jpg 150w, https:\/\/eltrabajo.cl\/web\/wp-content\/uploads\/2025\/04\/Decreto-uso-obligatorio-mascarilla-300x382.jpg 300w, https:\/\/eltrabajo.cl\/web\/wp-content\/uploads\/2025\/04\/Decreto-uso-obligatorio-mascarilla-696x886.jpg 696w\" sizes=\"auto, (max-width: 699px) 100vw, 699px\" \/><figcaption id=\"caption-attachment-136092\" class=\"wp-caption-text\">El decreto de alerta sanitaria nacional.<\/figcaption><\/figure>\n","protected":false},"excerpt":{"rendered":"<p>Colegio M\u00e9dico Aconcagua llama a vacunarse por aumento de virus respiratorios.- Este lunes 24 de marzo, el Ministerio de Salud (Misal) public\u00f3 en el Diario Oficial el Decreto de Alerta Sanitaria por el aumento de casos de virus respiratorios estacionales. Esto, permite tomar medidas r\u00e1pidas como reasignar recursos, adquisici\u00f3n de medicamentos, as\u00ed como el refuerzo [&hellip;]<\/p>\n","protected":false},"author":1,"featured_media":136091,"comment_status":"open","ping_status":"closed","sticky":false,"template":"","format":"standard","meta":{"footnotes":""},"categories":[3],"tags":[],"class_list":{"0":"post-136089","1":"post","2":"type-post","3":"status-publish","4":"format-standard","5":"has-post-thumbnail","7":"category-cronica-2"},"yoast_head":"<!-- This site is optimized with the Yoast SEO plugin v27.4 - https:\/\/yoast.com\/product\/yoast-seo-wordpress\/ -->\n<title>Decreto de Alerta Sanitaria: A contar del 15 de abril uso obligatorio de mascarilla en urgencias - Diario El Trabajo<\/title>\n<meta name=\"robots\" content=\"index, follow, max-snippet:-1, max-image-preview:large, max-video-preview:-1\" \/>\n<link rel=\"canonical\" href=\"https:\/\/eltrabajo.cl\/web\/decreto-de-alerta-sanitaria-a-contar-del-15-de-abril-uso-obligatorio-de-mascarilla-en-urgencias\/\" \/>\n<meta property=\"og:locale\" content=\"es_ES\" \/>\n<meta property=\"og:type\" content=\"article\" \/>\n<meta property=\"og:title\" content=\"Decreto de Alerta Sanitaria: A contar del 15 de abril uso obligatorio de mascarilla en urgencias - Diario El Trabajo\" \/>\n<meta property=\"og:description\" content=\"Colegio M\u00e9dico Aconcagua llama a vacunarse por aumento de virus respiratorios.- Este lunes 24 de marzo, el Ministerio de Salud (Misal) public\u00f3 en el Diario Oficial el Decreto de Alerta Sanitaria por el aumento de casos de virus respiratorios estacionales. Esto, permite tomar medidas r\u00e1pidas como reasignar recursos, adquisici\u00f3n de medicamentos, as\u00ed como el refuerzo [&hellip;]\" \/>\n<meta property=\"og:url\" content=\"https:\/\/eltrabajo.cl\/web\/decreto-de-alerta-sanitaria-a-contar-del-15-de-abril-uso-obligatorio-de-mascarilla-en-urgencias\/\" \/>\n<meta property=\"og:site_name\" content=\"Diario El Trabajo\" \/>\n<meta property=\"article:publisher\" content=\"https:\/\/www.facebook.com\/ElTrabajoDiario\" \/>\n<meta property=\"article:published_time\" content=\"2025-04-01T23:42:12+00:00\" \/>\n<meta property=\"og:image\" content=\"https:\/\/eltrabajo.cl\/web\/wp-content\/uploads\/2025\/04\/Vacuna-uso-obligatorio-mascarilla.jpg\" \/>\n\t<meta property=\"og:image:width\" content=\"699\" \/>\n\t<meta property=\"og:image:height\" content=\"387\" \/>\n\t<meta property=\"og:image:type\" content=\"image\/jpeg\" \/>\n<meta name=\"author\" content=\"Diario El Trabajo\" \/>\n<meta name=\"twitter:card\" content=\"summary_large_image\" \/>\n<meta name=\"twitter:creator\" content=\"@diarioeltrabajo\" \/>\n<meta name=\"twitter:site\" content=\"@diarioeltrabajo\" \/>\n<meta name=\"twitter:label1\" content=\"Escrito por\" \/>\n\t<meta name=\"twitter:data1\" content=\"Diario El Trabajo\" \/>\n\t<meta name=\"twitter:label2\" content=\"Tiempo estimado de lectura\" \/>\n\t<meta name=\"twitter:data2\" content=\"4 minutos\" \/>\n<script type=\"application\/ld+json\" class=\"yoast-schema-graph\">{\"@context\":\"https:\\\/\\\/schema.org\",\"@graph\":[{\"@type\":\"Article\",\"@id\":\"https:\\\/\\\/eltrabajo.cl\\\/web\\\/decreto-de-alerta-sanitaria-a-contar-del-15-de-abril-uso-obligatorio-de-mascarilla-en-urgencias\\\/#article\",\"isPartOf\":{\"@id\":\"https:\\\/\\\/eltrabajo.cl\\\/web\\\/decreto-de-alerta-sanitaria-a-contar-del-15-de-abril-uso-obligatorio-de-mascarilla-en-urgencias\\\/\"},\"author\":{\"name\":\"Diario El Trabajo\",\"@id\":\"https:\\\/\\\/eltrabajo.cl\\\/web\\\/#\\\/schema\\\/person\\\/45efd3d17f86ec456e44dd7debe1bf19\"},\"headline\":\"Decreto de Alerta Sanitaria: A contar del 15 de abril uso obligatorio de mascarilla en urgencias\",\"datePublished\":\"2025-04-01T23:42:12+00:00\",\"mainEntityOfPage\":{\"@id\":\"https:\\\/\\\/eltrabajo.cl\\\/web\\\/decreto-de-alerta-sanitaria-a-contar-del-15-de-abril-uso-obligatorio-de-mascarilla-en-urgencias\\\/\"},\"wordCount\":657,\"commentCount\":0,\"publisher\":{\"@id\":\"https:\\\/\\\/eltrabajo.cl\\\/web\\\/#organization\"},\"image\":{\"@id\":\"https:\\\/\\\/eltrabajo.cl\\\/web\\\/decreto-de-alerta-sanitaria-a-contar-del-15-de-abril-uso-obligatorio-de-mascarilla-en-urgencias\\\/#primaryimage\"},\"thumbnailUrl\":\"https:\\\/\\\/eltrabajo.cl\\\/web\\\/wp-content\\\/uploads\\\/2025\\\/04\\\/Vacuna-uso-obligatorio-mascarilla.jpg\",\"articleSection\":[\"Cr\u00f3nica\"],\"inLanguage\":\"es-CL\",\"potentialAction\":[{\"@type\":\"CommentAction\",\"name\":\"Comment\",\"target\":[\"https:\\\/\\\/eltrabajo.cl\\\/web\\\/decreto-de-alerta-sanitaria-a-contar-del-15-de-abril-uso-obligatorio-de-mascarilla-en-urgencias\\\/#respond\"]}]},{\"@type\":\"WebPage\",\"@id\":\"https:\\\/\\\/eltrabajo.cl\\\/web\\\/decreto-de-alerta-sanitaria-a-contar-del-15-de-abril-uso-obligatorio-de-mascarilla-en-urgencias\\\/\",\"url\":\"https:\\\/\\\/eltrabajo.cl\\\/web\\\/decreto-de-alerta-sanitaria-a-contar-del-15-de-abril-uso-obligatorio-de-mascarilla-en-urgencias\\\/\",\"name\":\"Decreto de Alerta Sanitaria: A contar del 15 de abril uso obligatorio de mascarilla en urgencias - Diario El Trabajo\",\"isPartOf\":{\"@id\":\"https:\\\/\\\/eltrabajo.cl\\\/web\\\/#website\"},\"primaryImageOfPage\":{\"@id\":\"https:\\\/\\\/eltrabajo.cl\\\/web\\\/decreto-de-alerta-sanitaria-a-contar-del-15-de-abril-uso-obligatorio-de-mascarilla-en-urgencias\\\/#primaryimage\"},\"image\":{\"@id\":\"https:\\\/\\\/eltrabajo.cl\\\/web\\\/decreto-de-alerta-sanitaria-a-contar-del-15-de-abril-uso-obligatorio-de-mascarilla-en-urgencias\\\/#primaryimage\"},\"thumbnailUrl\":\"https:\\\/\\\/eltrabajo.cl\\\/web\\\/wp-content\\\/uploads\\\/2025\\\/04\\\/Vacuna-uso-obligatorio-mascarilla.jpg\",\"datePublished\":\"2025-04-01T23:42:12+00:00\",\"breadcrumb\":{\"@id\":\"https:\\\/\\\/eltrabajo.cl\\\/web\\\/decreto-de-alerta-sanitaria-a-contar-del-15-de-abril-uso-obligatorio-de-mascarilla-en-urgencias\\\/#breadcrumb\"},\"inLanguage\":\"es-CL\",\"potentialAction\":[{\"@type\":\"ReadAction\",\"target\":[\"https:\\\/\\\/eltrabajo.cl\\\/web\\\/decreto-de-alerta-sanitaria-a-contar-del-15-de-abril-uso-obligatorio-de-mascarilla-en-urgencias\\\/\"]}]},{\"@type\":\"ImageObject\",\"inLanguage\":\"es-CL\",\"@id\":\"https:\\\/\\\/eltrabajo.cl\\\/web\\\/decreto-de-alerta-sanitaria-a-contar-del-15-de-abril-uso-obligatorio-de-mascarilla-en-urgencias\\\/#primaryimage\",\"url\":\"https:\\\/\\\/eltrabajo.cl\\\/web\\\/wp-content\\\/uploads\\\/2025\\\/04\\\/Vacuna-uso-obligatorio-mascarilla.jpg\",\"contentUrl\":\"https:\\\/\\\/eltrabajo.cl\\\/web\\\/wp-content\\\/uploads\\\/2025\\\/04\\\/Vacuna-uso-obligatorio-mascarilla.jpg\",\"width\":699,\"height\":387,\"caption\":\"Personas en la Plaza de Armas de San Felipe esperando vacunarse.\"},{\"@type\":\"BreadcrumbList\",\"@id\":\"https:\\\/\\\/eltrabajo.cl\\\/web\\\/decreto-de-alerta-sanitaria-a-contar-del-15-de-abril-uso-obligatorio-de-mascarilla-en-urgencias\\\/#breadcrumb\",\"itemListElement\":[{\"@type\":\"ListItem\",\"position\":1,\"name\":\"Portada\",\"item\":\"https:\\\/\\\/eltrabajo.cl\\\/web\\\/\"},{\"@type\":\"ListItem\",\"position\":2,\"name\":\"Decreto de Alerta Sanitaria: A contar del 15 de abril uso obligatorio de mascarilla en urgencias\"}]},{\"@type\":\"WebSite\",\"@id\":\"https:\\\/\\\/eltrabajo.cl\\\/web\\\/#website\",\"url\":\"https:\\\/\\\/eltrabajo.cl\\\/web\\\/\",\"name\":\"Diario El Trabajo\",\"description\":\"Desde 1929 construyendo Identidad Local\",\"publisher\":{\"@id\":\"https:\\\/\\\/eltrabajo.cl\\\/web\\\/#organization\"},\"potentialAction\":[{\"@type\":\"SearchAction\",\"target\":{\"@type\":\"EntryPoint\",\"urlTemplate\":\"https:\\\/\\\/eltrabajo.cl\\\/web\\\/?s={search_term_string}\"},\"query-input\":{\"@type\":\"PropertyValueSpecification\",\"valueRequired\":true,\"valueName\":\"search_term_string\"}}],\"inLanguage\":\"es-CL\"},{\"@type\":\"Organization\",\"@id\":\"https:\\\/\\\/eltrabajo.cl\\\/web\\\/#organization\",\"name\":\"Diario El Trabajo\",\"url\":\"https:\\\/\\\/eltrabajo.cl\\\/web\\\/\",\"logo\":{\"@type\":\"ImageObject\",\"inLanguage\":\"es-CL\",\"@id\":\"https:\\\/\\\/eltrabajo.cl\\\/web\\\/#\\\/schema\\\/logo\\\/image\\\/\",\"url\":\"https:\\\/\\\/eltrabajo.cl\\\/web\\\/wp-content\\\/uploads\\\/2024\\\/06\\\/profile-image-ig-page-diarioeltrabajo.jpg\",\"contentUrl\":\"https:\\\/\\\/eltrabajo.cl\\\/web\\\/wp-content\\\/uploads\\\/2024\\\/06\\\/profile-image-ig-page-diarioeltrabajo.jpg\",\"width\":823,\"height\":823,\"caption\":\"Diario El Trabajo\"},\"image\":{\"@id\":\"https:\\\/\\\/eltrabajo.cl\\\/web\\\/#\\\/schema\\\/logo\\\/image\\\/\"},\"sameAs\":[\"https:\\\/\\\/www.facebook.com\\\/ElTrabajoDiario\",\"https:\\\/\\\/x.com\\\/diarioeltrabajo\"]},{\"@type\":\"Person\",\"@id\":\"https:\\\/\\\/eltrabajo.cl\\\/web\\\/#\\\/schema\\\/person\\\/45efd3d17f86ec456e44dd7debe1bf19\",\"name\":\"Diario El Trabajo\",\"image\":{\"@type\":\"ImageObject\",\"inLanguage\":\"es-CL\",\"@id\":\"https:\\\/\\\/secure.gravatar.com\\\/avatar\\\/7e6ec277dc4aea2677c2dc301d4227957219329c985ab69a3efc12518b5161aa?s=96&d=mm&r=g\",\"url\":\"https:\\\/\\\/secure.gravatar.com\\\/avatar\\\/7e6ec277dc4aea2677c2dc301d4227957219329c985ab69a3efc12518b5161aa?s=96&d=mm&r=g\",\"contentUrl\":\"https:\\\/\\\/secure.gravatar.com\\\/avatar\\\/7e6ec277dc4aea2677c2dc301d4227957219329c985ab69a3efc12518b5161aa?s=96&d=mm&r=g\",\"caption\":\"Diario El Trabajo\"},\"sameAs\":[\"https:\\\/\\\/eltrabajo.cl\\\/web\"],\"url\":\"https:\\\/\\\/eltrabajo.cl\\\/web\\\/author\\\/diario-el-trabajo\\\/\"}]}<\/script>\n<!-- \/ Yoast SEO plugin. -->","yoast_head_json":{"title":"Decreto de Alerta Sanitaria: A contar del 15 de abril uso obligatorio de mascarilla en urgencias - Diario El Trabajo","robots":{"index":"index","follow":"follow","max-snippet":"max-snippet:-1","max-image-preview":"max-image-preview:large","max-video-preview":"max-video-preview:-1"},"canonical":"https:\/\/eltrabajo.cl\/web\/decreto-de-alerta-sanitaria-a-contar-del-15-de-abril-uso-obligatorio-de-mascarilla-en-urgencias\/","og_locale":"es_ES","og_type":"article","og_title":"Decreto de Alerta Sanitaria: A contar del 15 de abril uso obligatorio de mascarilla en urgencias - Diario El Trabajo","og_description":"Colegio M\u00e9dico Aconcagua llama a vacunarse por aumento de virus respiratorios.- Este lunes 24 de marzo, el Ministerio de Salud (Misal) public\u00f3 en el Diario Oficial el Decreto de Alerta Sanitaria por el aumento de casos de virus respiratorios estacionales. Esto, permite tomar medidas r\u00e1pidas como reasignar recursos, adquisici\u00f3n de medicamentos, as\u00ed como el refuerzo [&hellip;]","og_url":"https:\/\/eltrabajo.cl\/web\/decreto-de-alerta-sanitaria-a-contar-del-15-de-abril-uso-obligatorio-de-mascarilla-en-urgencias\/","og_site_name":"Diario El Trabajo","article_publisher":"https:\/\/www.facebook.com\/ElTrabajoDiario","article_published_time":"2025-04-01T23:42:12+00:00","og_image":[{"width":699,"height":387,"url":"https:\/\/eltrabajo.cl\/web\/wp-content\/uploads\/2025\/04\/Vacuna-uso-obligatorio-mascarilla.jpg","type":"image\/jpeg"}],"author":"Diario El Trabajo","twitter_card":"summary_large_image","twitter_creator":"@diarioeltrabajo","twitter_site":"@diarioeltrabajo","twitter_misc":{"Escrito por":"Diario El Trabajo","Tiempo estimado de lectura":"4 minutos"},"schema":{"@context":"https:\/\/schema.org","@graph":[{"@type":"Article","@id":"https:\/\/eltrabajo.cl\/web\/decreto-de-alerta-sanitaria-a-contar-del-15-de-abril-uso-obligatorio-de-mascarilla-en-urgencias\/#article","isPartOf":{"@id":"https:\/\/eltrabajo.cl\/web\/decreto-de-alerta-sanitaria-a-contar-del-15-de-abril-uso-obligatorio-de-mascarilla-en-urgencias\/"},"author":{"name":"Diario El Trabajo","@id":"https:\/\/eltrabajo.cl\/web\/#\/schema\/person\/45efd3d17f86ec456e44dd7debe1bf19"},"headline":"Decreto de Alerta Sanitaria: A contar del 15 de abril uso obligatorio de mascarilla en urgencias","datePublished":"2025-04-01T23:42:12+00:00","mainEntityOfPage":{"@id":"https:\/\/eltrabajo.cl\/web\/decreto-de-alerta-sanitaria-a-contar-del-15-de-abril-uso-obligatorio-de-mascarilla-en-urgencias\/"},"wordCount":657,"commentCount":0,"publisher":{"@id":"https:\/\/eltrabajo.cl\/web\/#organization"},"image":{"@id":"https:\/\/eltrabajo.cl\/web\/decreto-de-alerta-sanitaria-a-contar-del-15-de-abril-uso-obligatorio-de-mascarilla-en-urgencias\/#primaryimage"},"thumbnailUrl":"https:\/\/eltrabajo.cl\/web\/wp-content\/uploads\/2025\/04\/Vacuna-uso-obligatorio-mascarilla.jpg","articleSection":["Cr\u00f3nica"],"inLanguage":"es-CL","potentialAction":[{"@type":"CommentAction","name":"Comment","target":["https:\/\/eltrabajo.cl\/web\/decreto-de-alerta-sanitaria-a-contar-del-15-de-abril-uso-obligatorio-de-mascarilla-en-urgencias\/#respond"]}]},{"@type":"WebPage","@id":"https:\/\/eltrabajo.cl\/web\/decreto-de-alerta-sanitaria-a-contar-del-15-de-abril-uso-obligatorio-de-mascarilla-en-urgencias\/","url":"https:\/\/eltrabajo.cl\/web\/decreto-de-alerta-sanitaria-a-contar-del-15-de-abril-uso-obligatorio-de-mascarilla-en-urgencias\/","name":"Decreto de Alerta Sanitaria: A contar del 15 de abril uso obligatorio de mascarilla en urgencias - Diario El Trabajo","isPartOf":{"@id":"https:\/\/eltrabajo.cl\/web\/#website"},"primaryImageOfPage":{"@id":"https:\/\/eltrabajo.cl\/web\/decreto-de-alerta-sanitaria-a-contar-del-15-de-abril-uso-obligatorio-de-mascarilla-en-urgencias\/#primaryimage"},"image":{"@id":"https:\/\/eltrabajo.cl\/web\/decreto-de-alerta-sanitaria-a-contar-del-15-de-abril-uso-obligatorio-de-mascarilla-en-urgencias\/#primaryimage"},"thumbnailUrl":"https:\/\/eltrabajo.cl\/web\/wp-content\/uploads\/2025\/04\/Vacuna-uso-obligatorio-mascarilla.jpg","datePublished":"2025-04-01T23:42:12+00:00","breadcrumb":{"@id":"https:\/\/eltrabajo.cl\/web\/decreto-de-alerta-sanitaria-a-contar-del-15-de-abril-uso-obligatorio-de-mascarilla-en-urgencias\/#breadcrumb"},"inLanguage":"es-CL","potentialAction":[{"@type":"ReadAction","target":["https:\/\/eltrabajo.cl\/web\/decreto-de-alerta-sanitaria-a-contar-del-15-de-abril-uso-obligatorio-de-mascarilla-en-urgencias\/"]}]},{"@type":"ImageObject","inLanguage":"es-CL","@id":"https:\/\/eltrabajo.cl\/web\/decreto-de-alerta-sanitaria-a-contar-del-15-de-abril-uso-obligatorio-de-mascarilla-en-urgencias\/#primaryimage","url":"https:\/\/eltrabajo.cl\/web\/wp-content\/uploads\/2025\/04\/Vacuna-uso-obligatorio-mascarilla.jpg","contentUrl":"https:\/\/eltrabajo.cl\/web\/wp-content\/uploads\/2025\/04\/Vacuna-uso-obligatorio-mascarilla.jpg","width":699,"height":387,"caption":"Personas en la Plaza de Armas de San Felipe esperando vacunarse."},{"@type":"BreadcrumbList","@id":"https:\/\/eltrabajo.cl\/web\/decreto-de-alerta-sanitaria-a-contar-del-15-de-abril-uso-obligatorio-de-mascarilla-en-urgencias\/#breadcrumb","itemListElement":[{"@type":"ListItem","position":1,"name":"Portada","item":"https:\/\/eltrabajo.cl\/web\/"},{"@type":"ListItem","position":2,"name":"Decreto de Alerta Sanitaria: A contar del 15 de abril uso obligatorio de mascarilla en urgencias"}]},{"@type":"WebSite","@id":"https:\/\/eltrabajo.cl\/web\/#website","url":"https:\/\/eltrabajo.cl\/web\/","name":"Diario El Trabajo","description":"Desde 1929 construyendo Identidad Local","publisher":{"@id":"https:\/\/eltrabajo.cl\/web\/#organization"},"potentialAction":[{"@type":"SearchAction","target":{"@type":"EntryPoint","urlTemplate":"https:\/\/eltrabajo.cl\/web\/?s={search_term_string}"},"query-input":{"@type":"PropertyValueSpecification","valueRequired":true,"valueName":"search_term_string"}}],"inLanguage":"es-CL"},{"@type":"Organization","@id":"https:\/\/eltrabajo.cl\/web\/#organization","name":"Diario El Trabajo","url":"https:\/\/eltrabajo.cl\/web\/","logo":{"@type":"ImageObject","inLanguage":"es-CL","@id":"https:\/\/eltrabajo.cl\/web\/#\/schema\/logo\/image\/","url":"https:\/\/eltrabajo.cl\/web\/wp-content\/uploads\/2024\/06\/profile-image-ig-page-diarioeltrabajo.jpg","contentUrl":"https:\/\/eltrabajo.cl\/web\/wp-content\/uploads\/2024\/06\/profile-image-ig-page-diarioeltrabajo.jpg","width":823,"height":823,"caption":"Diario El Trabajo"},"image":{"@id":"https:\/\/eltrabajo.cl\/web\/#\/schema\/logo\/image\/"},"sameAs":["https:\/\/www.facebook.com\/ElTrabajoDiario","https:\/\/x.com\/diarioeltrabajo"]},{"@type":"Person","@id":"https:\/\/eltrabajo.cl\/web\/#\/schema\/person\/45efd3d17f86ec456e44dd7debe1bf19","name":"Diario El Trabajo","image":{"@type":"ImageObject","inLanguage":"es-CL","@id":"https:\/\/secure.gravatar.com\/avatar\/7e6ec277dc4aea2677c2dc301d4227957219329c985ab69a3efc12518b5161aa?s=96&d=mm&r=g","url":"https:\/\/secure.gravatar.com\/avatar\/7e6ec277dc4aea2677c2dc301d4227957219329c985ab69a3efc12518b5161aa?s=96&d=mm&r=g","contentUrl":"https:\/\/secure.gravatar.com\/avatar\/7e6ec277dc4aea2677c2dc301d4227957219329c985ab69a3efc12518b5161aa?s=96&d=mm&r=g","caption":"Diario El Trabajo"},"sameAs":["https:\/\/eltrabajo.cl\/web"],"url":"https:\/\/eltrabajo.cl\/web\/author\/diario-el-trabajo\/"}]}},"_links":{"self":[{"href":"https:\/\/eltrabajo.cl\/web\/wp-json\/wp\/v2\/posts\/136089","targetHints":{"allow":["GET"]}}],"collection":[{"href":"https:\/\/eltrabajo.cl\/web\/wp-json\/wp\/v2\/posts"}],"about":[{"href":"https:\/\/eltrabajo.cl\/web\/wp-json\/wp\/v2\/types\/post"}],"author":[{"embeddable":true,"href":"https:\/\/eltrabajo.cl\/web\/wp-json\/wp\/v2\/users\/1"}],"replies":[{"embeddable":true,"href":"https:\/\/eltrabajo.cl\/web\/wp-json\/wp\/v2\/comments?post=136089"}],"version-history":[{"count":1,"href":"https:\/\/eltrabajo.cl\/web\/wp-json\/wp\/v2\/posts\/136089\/revisions"}],"predecessor-version":[{"id":136093,"href":"https:\/\/eltrabajo.cl\/web\/wp-json\/wp\/v2\/posts\/136089\/revisions\/136093"}],"wp:featuredmedia":[{"embeddable":true,"href":"https:\/\/eltrabajo.cl\/web\/wp-json\/wp\/v2\/media\/136091"}],"wp:attachment":[{"href":"https:\/\/eltrabajo.cl\/web\/wp-json\/wp\/v2\/media?parent=136089"}],"wp:term":[{"taxonomy":"category","embeddable":true,"href":"https:\/\/eltrabajo.cl\/web\/wp-json\/wp\/v2\/categories?post=136089"},{"taxonomy":"post_tag","embeddable":true,"href":"https:\/\/eltrabajo.cl\/web\/wp-json\/wp\/v2\/tags?post=136089"}],"curies":[{"name":"wp","href":"https:\/\/api.w.org\/{rel}","templated":true}]}}