{"id":136097,"date":"2025-04-01T20:45:51","date_gmt":"2025-04-01T23:45:51","guid":{"rendered":"https:\/\/eltrabajo.cl\/web\/?p=136097"},"modified":"2025-04-01T20:45:51","modified_gmt":"2025-04-01T23:45:51","slug":"realizaran-fiesta-a-beneficio-de-musico-sanfelipeno-con-necrosis-en-su-cadera","status":"publish","type":"post","link":"https:\/\/eltrabajo.cl\/web\/realizaran-fiesta-a-beneficio-de-musico-sanfelipeno-con-necrosis-en-su-cadera\/","title":{"rendered":"Realizar\u00e1n fiesta a beneficio de m\u00fasico sanfelipe\u00f1o con necrosis en su cadera"},"content":{"rendered":"<ul>\n<li><strong>Este evento es una oportunidad para disfrutar de buena m\u00fasica, apoyar una causa solidaria y recordar la \u00e9poca dorada del rock latino en nuestra comuna.-<\/strong><\/li>\n<\/ul>\n<p>Este s\u00e1bado 5 de abril, el Club San Felipe ser\u00e1 el escenario de una fiesta que viajar\u00e1 en el tiempo, celebrando los mejores momentos musicales de los a\u00f1os 70, 80 y 90. La cita, contar\u00e1 con artistas en vivo y tiene como objetivo recaudar fondos para el tratamiento de <strong>Marcelo Hern\u00e1n Segovia Rodr\u00edguez<\/strong>, quien desde hace a\u00f1os enfrenta graves problemas en sus caderas y rodillas.<\/p>\n<p>Marcelo, un sanfelipe\u00f1o de 55 a\u00f1os, lleva m\u00e1s de diez a\u00f1os lidiando con serias complicaciones en sus caderas, las cuales en los \u00faltimos dos a\u00f1os han empeorado, pasando de una artrosis a una necrosis. Adem\u00e1s, esta condici\u00f3n ha afectado su rodilla. A pesar de sus esfuerzos por recibir tratamiento en el sistema p\u00fablico de salud, a\u00fan espera la operaci\u00f3n de pr\u00f3tesis en ambas caderas desde 2023, sin una fecha definida debido a la alta demanda de pacientes.<\/p>\n<p>Mientras aguarda la intervenci\u00f3n quir\u00fargica, Marcelo ha optado por un tratamiento alternativo en Santiago, que consiste en la aplicaci\u00f3n de ozono directamente en las partes afectadas. Este procedimiento, le ha permitido reducir el dolor y, gracias a ello, seguir trabajando como conductor de Uber, actividad que antes le resultaba casi imposible debido a las intensas molestias f\u00edsicas.<\/p>\n<p>Las limitaciones de movilidad que enfrenta Marcelo le dificultan realizar actividades cotidianas como caminar, vestirse, sentarse a comer o moverse dentro de su casa. Para poder desplazarse, necesita el uso de dos bastones, los que evidentemente complican su trabajo como chofer, especialmente al subir y bajar del autom\u00f3vil.<\/p>\n<p>Para seguir financiando este tratamiento y continuar con su atenci\u00f3n m\u00e9dica, Marcelo organiza este evento solidario que se llevar\u00e1 a cabo el s\u00e1bado en el Club San Felipe, ex \u2018La Barra\u2019, a partir de las 22:00 horas. La fiesta, contar\u00e1 con la participaci\u00f3n de tres destacadas bandas locales: <strong>Klever Band<\/strong>, <strong>Abraxas<\/strong> y <strong>Censura Previa<\/strong> junto al solista <strong>Walter Mazuela<\/strong>. El evento, celebrar\u00e1 los grandes \u00e9xitos de las d\u00e9cadas de los 70, 80 y 90, ofreciendo un variado repertorio de cl\u00e1sicos en ingl\u00e9s y espa\u00f1ol.<\/p>\n<p>Segovia, quien es reconocido por su trayectoria musical en la ciudad, destac\u00f3 el estilo de cada uno de los artistas que se presentar\u00e1n. <em>\u00abWalter har\u00e1 una serie de cl\u00e1sicos en ingl\u00e9s y en espa\u00f1ol en ac\u00fastico, despu\u00e9s viene Klever Band que \u00faltimamente ha estado sacando temas propios de rock latino y unos cover de Palmenia Pizarro y cl\u00e1sicos de los 70 y 80 en ingl\u00e9s; y Censura Previa para recordar la \u00e9poca de rock latino m\u00e1s a\u00f1orada\u00bb<\/em>.<\/p>\n<p>Durante el evento, se vender\u00e1n bebestibles y tragos, cuyas ganancias ir\u00e1n directamente a beneficio de Marcelo Segovia.<\/p>\n<p>La entrada al evento tendr\u00e1 un costo de $5.000 en la puerta, pero tambi\u00e9n se pueden adquirir preventas a $4.000 en el Caf\u00e9 Terraza, ubicado al costado de la Municipalidad de San Felipe, y en el local M1, en la intersecci\u00f3n de las calles Cajales con Buin.<\/p>\n<p>Finalmente, Segovia invit\u00f3 a la comunidad a participar del evento. <em>\u00abYo soy un m\u00fasico muy antiguo aqu\u00ed en San Felipe, muchos me ubican y les hago la invitaci\u00f3n, una para que pasen un buen momento y recordar la \u00e9poca de anta\u00f1o con grupos \u00cdconos de esa \u00e9poca, con m\u00fasica ad hoc a todos esos a\u00f1os, con un buen baileteo y buena compa\u00f1\u00eda, porque va a llegar mucha gente antigua de los a\u00f1os 80 de San Felipe, as\u00ed que espero que vaya lo mayor cantidad de gente y lo pasemos bien\u00bb, <\/em>concluy\u00f3.<\/p>\n<figure id=\"attachment_136098\" aria-describedby=\"caption-attachment-136098\" style=\"width: 700px\" class=\"wp-caption alignnone\"><img loading=\"lazy\" decoding=\"async\" class=\"size-full wp-image-136098\" src=\"http:\/\/eltrabajo.cl\/web\/wp-content\/uploads\/2025\/04\/evento-a-beneficio-2.jpg\" alt=\"Marcelo Hern\u00e1n Segovia Rodr\u00edguez, m\u00fasico sanfelipe\u00f1o.\" width=\"700\" height=\"569\" srcset=\"https:\/\/eltrabajo.cl\/web\/wp-content\/uploads\/2025\/04\/evento-a-beneficio-2.jpg 700w, https:\/\/eltrabajo.cl\/web\/wp-content\/uploads\/2025\/04\/evento-a-beneficio-2-300x244.jpg 300w, https:\/\/eltrabajo.cl\/web\/wp-content\/uploads\/2025\/04\/evento-a-beneficio-2-517x420.jpg 517w, https:\/\/eltrabajo.cl\/web\/wp-content\/uploads\/2025\/04\/evento-a-beneficio-2-150x122.jpg 150w, https:\/\/eltrabajo.cl\/web\/wp-content\/uploads\/2025\/04\/evento-a-beneficio-2-696x566.jpg 696w\" sizes=\"auto, (max-width: 700px) 100vw, 700px\" \/><figcaption id=\"caption-attachment-136098\" class=\"wp-caption-text\">Marcelo Hern\u00e1n Segovia Rodr\u00edguez, m\u00fasico sanfelipe\u00f1o.<\/figcaption><\/figure>\n<figure id=\"attachment_136100\" aria-describedby=\"caption-attachment-136100\" style=\"width: 699px\" class=\"wp-caption alignnone\"><img loading=\"lazy\" decoding=\"async\" class=\"size-full wp-image-136100\" src=\"http:\/\/eltrabajo.cl\/web\/wp-content\/uploads\/2025\/04\/evento-a-beneficio-1-1.jpg\" alt=\"Flayer oficial del evento.\" width=\"699\" height=\"1245\" srcset=\"https:\/\/eltrabajo.cl\/web\/wp-content\/uploads\/2025\/04\/evento-a-beneficio-1-1.jpg 699w, https:\/\/eltrabajo.cl\/web\/wp-content\/uploads\/2025\/04\/evento-a-beneficio-1-1-168x300.jpg 168w, https:\/\/eltrabajo.cl\/web\/wp-content\/uploads\/2025\/04\/evento-a-beneficio-1-1-575x1024.jpg 575w, https:\/\/eltrabajo.cl\/web\/wp-content\/uploads\/2025\/04\/evento-a-beneficio-1-1-236x420.jpg 236w, https:\/\/eltrabajo.cl\/web\/wp-content\/uploads\/2025\/04\/evento-a-beneficio-1-1-150x267.jpg 150w, https:\/\/eltrabajo.cl\/web\/wp-content\/uploads\/2025\/04\/evento-a-beneficio-1-1-300x534.jpg 300w, https:\/\/eltrabajo.cl\/web\/wp-content\/uploads\/2025\/04\/evento-a-beneficio-1-1-696x1240.jpg 696w\" sizes=\"auto, (max-width: 699px) 100vw, 699px\" \/><figcaption id=\"caption-attachment-136100\" class=\"wp-caption-text\">Flayer oficial del evento.<\/figcaption><\/figure>\n","protected":false},"excerpt":{"rendered":"<p>Este evento es una oportunidad para disfrutar de buena m\u00fasica, apoyar una causa solidaria y recordar la \u00e9poca dorada del rock latino en nuestra comuna.- Este s\u00e1bado 5 de abril, el Club San Felipe ser\u00e1 el escenario de una fiesta que viajar\u00e1 en el tiempo, celebrando los mejores momentos musicales de los a\u00f1os 70, 80 [&hellip;]<\/p>\n","protected":false},"author":1,"featured_media":136098,"comment_status":"open","ping_status":"closed","sticky":false,"template":"","format":"standard","meta":{"footnotes":""},"categories":[4],"tags":[],"class_list":{"0":"post-136097","1":"post","2":"type-post","3":"status-publish","4":"format-standard","5":"has-post-thumbnail","7":"category-comunidad"},"yoast_head":"<!-- This site is optimized with the Yoast SEO plugin v27.5 - https:\/\/yoast.com\/product\/yoast-seo-wordpress\/ -->\n<title>Realizar\u00e1n fiesta a beneficio de m\u00fasico sanfelipe\u00f1o con necrosis en su cadera - Diario El Trabajo<\/title>\n<meta name=\"robots\" content=\"index, follow, max-snippet:-1, max-image-preview:large, max-video-preview:-1\" \/>\n<link rel=\"canonical\" href=\"https:\/\/eltrabajo.cl\/web\/realizaran-fiesta-a-beneficio-de-musico-sanfelipeno-con-necrosis-en-su-cadera\/\" \/>\n<meta property=\"og:locale\" content=\"es_ES\" \/>\n<meta property=\"og:type\" content=\"article\" \/>\n<meta property=\"og:title\" content=\"Realizar\u00e1n fiesta a beneficio de m\u00fasico sanfelipe\u00f1o con necrosis en su cadera - Diario El Trabajo\" \/>\n<meta property=\"og:description\" content=\"Este evento es una oportunidad para disfrutar de buena m\u00fasica, apoyar una causa solidaria y recordar la \u00e9poca dorada del rock latino en nuestra comuna.- Este s\u00e1bado 5 de abril, el Club San Felipe ser\u00e1 el escenario de una fiesta que viajar\u00e1 en el tiempo, celebrando los mejores momentos musicales de los a\u00f1os 70, 80 [&hellip;]\" \/>\n<meta property=\"og:url\" content=\"https:\/\/eltrabajo.cl\/web\/realizaran-fiesta-a-beneficio-de-musico-sanfelipeno-con-necrosis-en-su-cadera\/\" \/>\n<meta property=\"og:site_name\" content=\"Diario El Trabajo\" \/>\n<meta property=\"article:publisher\" content=\"https:\/\/www.facebook.com\/ElTrabajoDiario\" \/>\n<meta property=\"article:published_time\" content=\"2025-04-01T23:45:51+00:00\" \/>\n<meta property=\"og:image\" content=\"https:\/\/eltrabajo.cl\/web\/wp-content\/uploads\/2025\/04\/evento-a-beneficio-2.jpg\" \/>\n\t<meta property=\"og:image:width\" content=\"700\" \/>\n\t<meta property=\"og:image:height\" content=\"569\" \/>\n\t<meta property=\"og:image:type\" content=\"image\/jpeg\" \/>\n<meta name=\"author\" content=\"Diario El Trabajo\" \/>\n<meta name=\"twitter:card\" content=\"summary_large_image\" \/>\n<meta name=\"twitter:creator\" content=\"@diarioeltrabajo\" \/>\n<meta name=\"twitter:site\" content=\"@diarioeltrabajo\" \/>\n<meta name=\"twitter:label1\" content=\"Escrito por\" \/>\n\t<meta name=\"twitter:data1\" content=\"Diario El Trabajo\" \/>\n\t<meta name=\"twitter:label2\" content=\"Tiempo estimado de lectura\" \/>\n\t<meta name=\"twitter:data2\" content=\"4 minutos\" \/>\n<script type=\"application\/ld+json\" class=\"yoast-schema-graph\">{\"@context\":\"https:\\\/\\\/schema.org\",\"@graph\":[{\"@type\":\"Article\",\"@id\":\"https:\\\/\\\/eltrabajo.cl\\\/web\\\/realizaran-fiesta-a-beneficio-de-musico-sanfelipeno-con-necrosis-en-su-cadera\\\/#article\",\"isPartOf\":{\"@id\":\"https:\\\/\\\/eltrabajo.cl\\\/web\\\/realizaran-fiesta-a-beneficio-de-musico-sanfelipeno-con-necrosis-en-su-cadera\\\/\"},\"author\":{\"name\":\"Diario El Trabajo\",\"@id\":\"https:\\\/\\\/eltrabajo.cl\\\/web\\\/#\\\/schema\\\/person\\\/45efd3d17f86ec456e44dd7debe1bf19\"},\"headline\":\"Realizar\u00e1n fiesta a beneficio de m\u00fasico sanfelipe\u00f1o con necrosis en su cadera\",\"datePublished\":\"2025-04-01T23:45:51+00:00\",\"mainEntityOfPage\":{\"@id\":\"https:\\\/\\\/eltrabajo.cl\\\/web\\\/realizaran-fiesta-a-beneficio-de-musico-sanfelipeno-con-necrosis-en-su-cadera\\\/\"},\"wordCount\":668,\"commentCount\":0,\"publisher\":{\"@id\":\"https:\\\/\\\/eltrabajo.cl\\\/web\\\/#organization\"},\"image\":{\"@id\":\"https:\\\/\\\/eltrabajo.cl\\\/web\\\/realizaran-fiesta-a-beneficio-de-musico-sanfelipeno-con-necrosis-en-su-cadera\\\/#primaryimage\"},\"thumbnailUrl\":\"https:\\\/\\\/eltrabajo.cl\\\/web\\\/wp-content\\\/uploads\\\/2025\\\/04\\\/evento-a-beneficio-2.jpg\",\"articleSection\":[\"Comunidad\"],\"inLanguage\":\"es-CL\",\"potentialAction\":[{\"@type\":\"CommentAction\",\"name\":\"Comment\",\"target\":[\"https:\\\/\\\/eltrabajo.cl\\\/web\\\/realizaran-fiesta-a-beneficio-de-musico-sanfelipeno-con-necrosis-en-su-cadera\\\/#respond\"]}]},{\"@type\":\"WebPage\",\"@id\":\"https:\\\/\\\/eltrabajo.cl\\\/web\\\/realizaran-fiesta-a-beneficio-de-musico-sanfelipeno-con-necrosis-en-su-cadera\\\/\",\"url\":\"https:\\\/\\\/eltrabajo.cl\\\/web\\\/realizaran-fiesta-a-beneficio-de-musico-sanfelipeno-con-necrosis-en-su-cadera\\\/\",\"name\":\"Realizar\u00e1n fiesta a beneficio de m\u00fasico sanfelipe\u00f1o con necrosis en su cadera - Diario El Trabajo\",\"isPartOf\":{\"@id\":\"https:\\\/\\\/eltrabajo.cl\\\/web\\\/#website\"},\"primaryImageOfPage\":{\"@id\":\"https:\\\/\\\/eltrabajo.cl\\\/web\\\/realizaran-fiesta-a-beneficio-de-musico-sanfelipeno-con-necrosis-en-su-cadera\\\/#primaryimage\"},\"image\":{\"@id\":\"https:\\\/\\\/eltrabajo.cl\\\/web\\\/realizaran-fiesta-a-beneficio-de-musico-sanfelipeno-con-necrosis-en-su-cadera\\\/#primaryimage\"},\"thumbnailUrl\":\"https:\\\/\\\/eltrabajo.cl\\\/web\\\/wp-content\\\/uploads\\\/2025\\\/04\\\/evento-a-beneficio-2.jpg\",\"datePublished\":\"2025-04-01T23:45:51+00:00\",\"breadcrumb\":{\"@id\":\"https:\\\/\\\/eltrabajo.cl\\\/web\\\/realizaran-fiesta-a-beneficio-de-musico-sanfelipeno-con-necrosis-en-su-cadera\\\/#breadcrumb\"},\"inLanguage\":\"es-CL\",\"potentialAction\":[{\"@type\":\"ReadAction\",\"target\":[\"https:\\\/\\\/eltrabajo.cl\\\/web\\\/realizaran-fiesta-a-beneficio-de-musico-sanfelipeno-con-necrosis-en-su-cadera\\\/\"]}]},{\"@type\":\"ImageObject\",\"inLanguage\":\"es-CL\",\"@id\":\"https:\\\/\\\/eltrabajo.cl\\\/web\\\/realizaran-fiesta-a-beneficio-de-musico-sanfelipeno-con-necrosis-en-su-cadera\\\/#primaryimage\",\"url\":\"https:\\\/\\\/eltrabajo.cl\\\/web\\\/wp-content\\\/uploads\\\/2025\\\/04\\\/evento-a-beneficio-2.jpg\",\"contentUrl\":\"https:\\\/\\\/eltrabajo.cl\\\/web\\\/wp-content\\\/uploads\\\/2025\\\/04\\\/evento-a-beneficio-2.jpg\",\"width\":700,\"height\":569,\"caption\":\"Marcelo Hern\u00e1n Segovia Rodr\u00edguez, m\u00fasico sanfelipe\u00f1o.\"},{\"@type\":\"BreadcrumbList\",\"@id\":\"https:\\\/\\\/eltrabajo.cl\\\/web\\\/realizaran-fiesta-a-beneficio-de-musico-sanfelipeno-con-necrosis-en-su-cadera\\\/#breadcrumb\",\"itemListElement\":[{\"@type\":\"ListItem\",\"position\":1,\"name\":\"Portada\",\"item\":\"https:\\\/\\\/eltrabajo.cl\\\/web\\\/\"},{\"@type\":\"ListItem\",\"position\":2,\"name\":\"Realizar\u00e1n fiesta a beneficio de m\u00fasico sanfelipe\u00f1o con necrosis en su cadera\"}]},{\"@type\":\"WebSite\",\"@id\":\"https:\\\/\\\/eltrabajo.cl\\\/web\\\/#website\",\"url\":\"https:\\\/\\\/eltrabajo.cl\\\/web\\\/\",\"name\":\"Diario El Trabajo\",\"description\":\"Desde 1929 construyendo Identidad Local\",\"publisher\":{\"@id\":\"https:\\\/\\\/eltrabajo.cl\\\/web\\\/#organization\"},\"potentialAction\":[{\"@type\":\"SearchAction\",\"target\":{\"@type\":\"EntryPoint\",\"urlTemplate\":\"https:\\\/\\\/eltrabajo.cl\\\/web\\\/?s={search_term_string}\"},\"query-input\":{\"@type\":\"PropertyValueSpecification\",\"valueRequired\":true,\"valueName\":\"search_term_string\"}}],\"inLanguage\":\"es-CL\"},{\"@type\":\"Organization\",\"@id\":\"https:\\\/\\\/eltrabajo.cl\\\/web\\\/#organization\",\"name\":\"Diario El Trabajo\",\"url\":\"https:\\\/\\\/eltrabajo.cl\\\/web\\\/\",\"logo\":{\"@type\":\"ImageObject\",\"inLanguage\":\"es-CL\",\"@id\":\"https:\\\/\\\/eltrabajo.cl\\\/web\\\/#\\\/schema\\\/logo\\\/image\\\/\",\"url\":\"https:\\\/\\\/eltrabajo.cl\\\/web\\\/wp-content\\\/uploads\\\/2024\\\/06\\\/profile-image-ig-page-diarioeltrabajo.jpg\",\"contentUrl\":\"https:\\\/\\\/eltrabajo.cl\\\/web\\\/wp-content\\\/uploads\\\/2024\\\/06\\\/profile-image-ig-page-diarioeltrabajo.jpg\",\"width\":823,\"height\":823,\"caption\":\"Diario El Trabajo\"},\"image\":{\"@id\":\"https:\\\/\\\/eltrabajo.cl\\\/web\\\/#\\\/schema\\\/logo\\\/image\\\/\"},\"sameAs\":[\"https:\\\/\\\/www.facebook.com\\\/ElTrabajoDiario\",\"https:\\\/\\\/x.com\\\/diarioeltrabajo\"]},{\"@type\":\"Person\",\"@id\":\"https:\\\/\\\/eltrabajo.cl\\\/web\\\/#\\\/schema\\\/person\\\/45efd3d17f86ec456e44dd7debe1bf19\",\"name\":\"Diario El Trabajo\",\"image\":{\"@type\":\"ImageObject\",\"inLanguage\":\"es-CL\",\"@id\":\"https:\\\/\\\/secure.gravatar.com\\\/avatar\\\/7e6ec277dc4aea2677c2dc301d4227957219329c985ab69a3efc12518b5161aa?s=96&d=mm&r=g\",\"url\":\"https:\\\/\\\/secure.gravatar.com\\\/avatar\\\/7e6ec277dc4aea2677c2dc301d4227957219329c985ab69a3efc12518b5161aa?s=96&d=mm&r=g\",\"contentUrl\":\"https:\\\/\\\/secure.gravatar.com\\\/avatar\\\/7e6ec277dc4aea2677c2dc301d4227957219329c985ab69a3efc12518b5161aa?s=96&d=mm&r=g\",\"caption\":\"Diario El Trabajo\"},\"sameAs\":[\"https:\\\/\\\/eltrabajo.cl\\\/web\"],\"url\":\"https:\\\/\\\/eltrabajo.cl\\\/web\\\/author\\\/diario-el-trabajo\\\/\"}]}<\/script>\n<!-- \/ Yoast SEO plugin. -->","yoast_head_json":{"title":"Realizar\u00e1n fiesta a beneficio de m\u00fasico sanfelipe\u00f1o con necrosis en su cadera - Diario El Trabajo","robots":{"index":"index","follow":"follow","max-snippet":"max-snippet:-1","max-image-preview":"max-image-preview:large","max-video-preview":"max-video-preview:-1"},"canonical":"https:\/\/eltrabajo.cl\/web\/realizaran-fiesta-a-beneficio-de-musico-sanfelipeno-con-necrosis-en-su-cadera\/","og_locale":"es_ES","og_type":"article","og_title":"Realizar\u00e1n fiesta a beneficio de m\u00fasico sanfelipe\u00f1o con necrosis en su cadera - Diario El Trabajo","og_description":"Este evento es una oportunidad para disfrutar de buena m\u00fasica, apoyar una causa solidaria y recordar la \u00e9poca dorada del rock latino en nuestra comuna.- Este s\u00e1bado 5 de abril, el Club San Felipe ser\u00e1 el escenario de una fiesta que viajar\u00e1 en el tiempo, celebrando los mejores momentos musicales de los a\u00f1os 70, 80 [&hellip;]","og_url":"https:\/\/eltrabajo.cl\/web\/realizaran-fiesta-a-beneficio-de-musico-sanfelipeno-con-necrosis-en-su-cadera\/","og_site_name":"Diario El Trabajo","article_publisher":"https:\/\/www.facebook.com\/ElTrabajoDiario","article_published_time":"2025-04-01T23:45:51+00:00","og_image":[{"width":700,"height":569,"url":"https:\/\/eltrabajo.cl\/web\/wp-content\/uploads\/2025\/04\/evento-a-beneficio-2.jpg","type":"image\/jpeg"}],"author":"Diario El Trabajo","twitter_card":"summary_large_image","twitter_creator":"@diarioeltrabajo","twitter_site":"@diarioeltrabajo","twitter_misc":{"Escrito por":"Diario El Trabajo","Tiempo estimado de lectura":"4 minutos"},"schema":{"@context":"https:\/\/schema.org","@graph":[{"@type":"Article","@id":"https:\/\/eltrabajo.cl\/web\/realizaran-fiesta-a-beneficio-de-musico-sanfelipeno-con-necrosis-en-su-cadera\/#article","isPartOf":{"@id":"https:\/\/eltrabajo.cl\/web\/realizaran-fiesta-a-beneficio-de-musico-sanfelipeno-con-necrosis-en-su-cadera\/"},"author":{"name":"Diario El Trabajo","@id":"https:\/\/eltrabajo.cl\/web\/#\/schema\/person\/45efd3d17f86ec456e44dd7debe1bf19"},"headline":"Realizar\u00e1n fiesta a beneficio de m\u00fasico sanfelipe\u00f1o con necrosis en su cadera","datePublished":"2025-04-01T23:45:51+00:00","mainEntityOfPage":{"@id":"https:\/\/eltrabajo.cl\/web\/realizaran-fiesta-a-beneficio-de-musico-sanfelipeno-con-necrosis-en-su-cadera\/"},"wordCount":668,"commentCount":0,"publisher":{"@id":"https:\/\/eltrabajo.cl\/web\/#organization"},"image":{"@id":"https:\/\/eltrabajo.cl\/web\/realizaran-fiesta-a-beneficio-de-musico-sanfelipeno-con-necrosis-en-su-cadera\/#primaryimage"},"thumbnailUrl":"https:\/\/eltrabajo.cl\/web\/wp-content\/uploads\/2025\/04\/evento-a-beneficio-2.jpg","articleSection":["Comunidad"],"inLanguage":"es-CL","potentialAction":[{"@type":"CommentAction","name":"Comment","target":["https:\/\/eltrabajo.cl\/web\/realizaran-fiesta-a-beneficio-de-musico-sanfelipeno-con-necrosis-en-su-cadera\/#respond"]}]},{"@type":"WebPage","@id":"https:\/\/eltrabajo.cl\/web\/realizaran-fiesta-a-beneficio-de-musico-sanfelipeno-con-necrosis-en-su-cadera\/","url":"https:\/\/eltrabajo.cl\/web\/realizaran-fiesta-a-beneficio-de-musico-sanfelipeno-con-necrosis-en-su-cadera\/","name":"Realizar\u00e1n fiesta a beneficio de m\u00fasico sanfelipe\u00f1o con necrosis en su cadera - Diario El Trabajo","isPartOf":{"@id":"https:\/\/eltrabajo.cl\/web\/#website"},"primaryImageOfPage":{"@id":"https:\/\/eltrabajo.cl\/web\/realizaran-fiesta-a-beneficio-de-musico-sanfelipeno-con-necrosis-en-su-cadera\/#primaryimage"},"image":{"@id":"https:\/\/eltrabajo.cl\/web\/realizaran-fiesta-a-beneficio-de-musico-sanfelipeno-con-necrosis-en-su-cadera\/#primaryimage"},"thumbnailUrl":"https:\/\/eltrabajo.cl\/web\/wp-content\/uploads\/2025\/04\/evento-a-beneficio-2.jpg","datePublished":"2025-04-01T23:45:51+00:00","breadcrumb":{"@id":"https:\/\/eltrabajo.cl\/web\/realizaran-fiesta-a-beneficio-de-musico-sanfelipeno-con-necrosis-en-su-cadera\/#breadcrumb"},"inLanguage":"es-CL","potentialAction":[{"@type":"ReadAction","target":["https:\/\/eltrabajo.cl\/web\/realizaran-fiesta-a-beneficio-de-musico-sanfelipeno-con-necrosis-en-su-cadera\/"]}]},{"@type":"ImageObject","inLanguage":"es-CL","@id":"https:\/\/eltrabajo.cl\/web\/realizaran-fiesta-a-beneficio-de-musico-sanfelipeno-con-necrosis-en-su-cadera\/#primaryimage","url":"https:\/\/eltrabajo.cl\/web\/wp-content\/uploads\/2025\/04\/evento-a-beneficio-2.jpg","contentUrl":"https:\/\/eltrabajo.cl\/web\/wp-content\/uploads\/2025\/04\/evento-a-beneficio-2.jpg","width":700,"height":569,"caption":"Marcelo Hern\u00e1n Segovia Rodr\u00edguez, m\u00fasico sanfelipe\u00f1o."},{"@type":"BreadcrumbList","@id":"https:\/\/eltrabajo.cl\/web\/realizaran-fiesta-a-beneficio-de-musico-sanfelipeno-con-necrosis-en-su-cadera\/#breadcrumb","itemListElement":[{"@type":"ListItem","position":1,"name":"Portada","item":"https:\/\/eltrabajo.cl\/web\/"},{"@type":"ListItem","position":2,"name":"Realizar\u00e1n fiesta a beneficio de m\u00fasico sanfelipe\u00f1o con necrosis en su cadera"}]},{"@type":"WebSite","@id":"https:\/\/eltrabajo.cl\/web\/#website","url":"https:\/\/eltrabajo.cl\/web\/","name":"Diario El Trabajo","description":"Desde 1929 construyendo Identidad Local","publisher":{"@id":"https:\/\/eltrabajo.cl\/web\/#organization"},"potentialAction":[{"@type":"SearchAction","target":{"@type":"EntryPoint","urlTemplate":"https:\/\/eltrabajo.cl\/web\/?s={search_term_string}"},"query-input":{"@type":"PropertyValueSpecification","valueRequired":true,"valueName":"search_term_string"}}],"inLanguage":"es-CL"},{"@type":"Organization","@id":"https:\/\/eltrabajo.cl\/web\/#organization","name":"Diario El Trabajo","url":"https:\/\/eltrabajo.cl\/web\/","logo":{"@type":"ImageObject","inLanguage":"es-CL","@id":"https:\/\/eltrabajo.cl\/web\/#\/schema\/logo\/image\/","url":"https:\/\/eltrabajo.cl\/web\/wp-content\/uploads\/2024\/06\/profile-image-ig-page-diarioeltrabajo.jpg","contentUrl":"https:\/\/eltrabajo.cl\/web\/wp-content\/uploads\/2024\/06\/profile-image-ig-page-diarioeltrabajo.jpg","width":823,"height":823,"caption":"Diario El Trabajo"},"image":{"@id":"https:\/\/eltrabajo.cl\/web\/#\/schema\/logo\/image\/"},"sameAs":["https:\/\/www.facebook.com\/ElTrabajoDiario","https:\/\/x.com\/diarioeltrabajo"]},{"@type":"Person","@id":"https:\/\/eltrabajo.cl\/web\/#\/schema\/person\/45efd3d17f86ec456e44dd7debe1bf19","name":"Diario El Trabajo","image":{"@type":"ImageObject","inLanguage":"es-CL","@id":"https:\/\/secure.gravatar.com\/avatar\/7e6ec277dc4aea2677c2dc301d4227957219329c985ab69a3efc12518b5161aa?s=96&d=mm&r=g","url":"https:\/\/secure.gravatar.com\/avatar\/7e6ec277dc4aea2677c2dc301d4227957219329c985ab69a3efc12518b5161aa?s=96&d=mm&r=g","contentUrl":"https:\/\/secure.gravatar.com\/avatar\/7e6ec277dc4aea2677c2dc301d4227957219329c985ab69a3efc12518b5161aa?s=96&d=mm&r=g","caption":"Diario El Trabajo"},"sameAs":["https:\/\/eltrabajo.cl\/web"],"url":"https:\/\/eltrabajo.cl\/web\/author\/diario-el-trabajo\/"}]}},"_links":{"self":[{"href":"https:\/\/eltrabajo.cl\/web\/wp-json\/wp\/v2\/posts\/136097","targetHints":{"allow":["GET"]}}],"collection":[{"href":"https:\/\/eltrabajo.cl\/web\/wp-json\/wp\/v2\/posts"}],"about":[{"href":"https:\/\/eltrabajo.cl\/web\/wp-json\/wp\/v2\/types\/post"}],"author":[{"embeddable":true,"href":"https:\/\/eltrabajo.cl\/web\/wp-json\/wp\/v2\/users\/1"}],"replies":[{"embeddable":true,"href":"https:\/\/eltrabajo.cl\/web\/wp-json\/wp\/v2\/comments?post=136097"}],"version-history":[{"count":1,"href":"https:\/\/eltrabajo.cl\/web\/wp-json\/wp\/v2\/posts\/136097\/revisions"}],"predecessor-version":[{"id":136101,"href":"https:\/\/eltrabajo.cl\/web\/wp-json\/wp\/v2\/posts\/136097\/revisions\/136101"}],"wp:featuredmedia":[{"embeddable":true,"href":"https:\/\/eltrabajo.cl\/web\/wp-json\/wp\/v2\/media\/136098"}],"wp:attachment":[{"href":"https:\/\/eltrabajo.cl\/web\/wp-json\/wp\/v2\/media?parent=136097"}],"wp:term":[{"taxonomy":"category","embeddable":true,"href":"https:\/\/eltrabajo.cl\/web\/wp-json\/wp\/v2\/categories?post=136097"},{"taxonomy":"post_tag","embeddable":true,"href":"https:\/\/eltrabajo.cl\/web\/wp-json\/wp\/v2\/tags?post=136097"}],"curies":[{"name":"wp","href":"https:\/\/api.w.org\/{rel}","templated":true}]}}