{"id":136102,"date":"2025-04-01T20:47:00","date_gmt":"2025-04-01T23:47:00","guid":{"rendered":"https:\/\/eltrabajo.cl\/web\/?p=136102"},"modified":"2025-04-01T20:47:00","modified_gmt":"2025-04-01T23:47:00","slug":"detienen-a-tres-personas-que-intentaron-ingresar-mas-de-2-kilos-de-ketamina","status":"publish","type":"post","link":"https:\/\/eltrabajo.cl\/web\/detienen-a-tres-personas-que-intentaron-ingresar-mas-de-2-kilos-de-ketamina\/","title":{"rendered":"Detienen a tres personas que intentaron ingresar m\u00e1s de 2 kilos de ketamina"},"content":{"rendered":"<ul>\n<li><strong>La droga fue descubierta oculta en la cabina de un cami\u00f3n en el paso Los Libertadores.\u2013<\/strong><\/li>\n<\/ul>\n<p>Ocultas entre ropa en la cabina de un cami\u00f3n que ingresaba a Chile con destino a Los Andes, funcionarios de Aduanas encontraron tres bolsas pl\u00e1sticas que resultaron contener 2.695 gramos de ketamina. Esa alerta fue el inicio de un operativo conjunto entre Aduanas, PDI y la Fiscal\u00eda, que culmin\u00f3 con tres detenidos.<\/p>\n<p>El caso se inici\u00f3 cuando uno de los funcionarios de Aduanas, que cumpl\u00eda labores de fiscalizaci\u00f3n en el sector de revisi\u00f3n de camiones, encontr\u00f3 un paquete negro bajo ropas que hab\u00eda detr\u00e1s del asiento del conductor. Dentro de este paquete se ocultaban las tres bolsas pl\u00e1sticas selladas al vac\u00edo, que a su vez conten\u00edan otras m\u00e1s peque\u00f1as de color azul.<\/p>\n<p>Luego de sostener que desconoc\u00eda el contenido de las bolsas, el conductor admiti\u00f3 haber recibido el encargo de entregar los productos en Chile a cambio de una suma de dinero, asegurando que le hab\u00edan indicado que se trataba de productos veterinarios.<\/p>\n<p>En este contexto, el jefe de Fiscalizaci\u00f3n de la Direcci\u00f3n Regional de la Aduana de Los Andes, <strong>Mariano G\u00f3mez<\/strong>, se\u00f1al\u00f3 que <em>\u00abel hallazgo se produjo durante un control regular por parte de uno de los fiscalizadores, quienes revisan no solo la documentaci\u00f3n de la carga, sino que tambi\u00e9n las cabinas y carrocer\u00edas de los veh\u00edculos mayores. Despu\u00e9s de unos minutos de conversaci\u00f3n y de aplicar las pruebas con tecnolog\u00eda de reconocimiento de part\u00edculas, el equipo de la Unidad de Drogas logr\u00f3 determinar que efectivamente transportaba el f\u00e1rmaco sint\u00e9tico\u00bb<\/em>.<\/p>\n<p>Por su parte, el jefe de la Brigada Antinarc\u00f3ticos y contra el Crimen Organizado (Brianco) de la PDI de Los Andes, <strong>Rony Ibazeta<\/strong>, sostuvo que <em>\u00abla droga equivale a 5 mil dosis, con un aval\u00fao aproximado de 60 millones de pesos. A ra\u00edz de este procedimiento, resultaron detenidos el camionero y dos receptores en la Regi\u00f3n Metropolitana, todos de nacionalidad extranjera.\u00a0 Para la detenci\u00f3n de los dos receptores, se desarroll\u00f3 una entrega vigilada para lograr identificar la estructura de la organizaci\u00f3n\u00bb<\/em>.<\/p>\n<p>Asimismo, el jefe de la Brianco agreg\u00f3 que las diligencias investigativas contin\u00faan en desarrollo, y que, por la cantidad y pureza de la droga, probablemente se iba a llegar al doble de lo incautado, para despu\u00e9s ser comercializada en distintos sectores de la capital.<\/p>\n<p>Finalmente, el delegado presidencial provincial de Los Andes, <strong>Cristian Aravena<\/strong>, destac\u00f3 que este procedimiento <em>\u00abdemuestra que el trabajo que se hace en el Complejo Fronterizo Los Libertadores es de la mayor calidad y a la vez, que no podemos relajar las medidas de control. Sabemos que muchas veces se complejiza por la cantidad de usuarios de Libertadores. Sin embargo, este tipo de situaciones nos da la raz\u00f3n en t\u00e9rminos de que el trabajo de control que se hace en frontera es tremendamente eficiente por parte de todos los servicios que cumplen funciones en ese punto\u00bb<\/em>, cerr\u00f3.<\/p>\n<figure id=\"attachment_136103\" aria-describedby=\"caption-attachment-136103\" style=\"width: 698px\" class=\"wp-caption alignnone\"><img loading=\"lazy\" decoding=\"async\" class=\"size-full wp-image-136103\" src=\"http:\/\/eltrabajo.cl\/web\/wp-content\/uploads\/2025\/04\/detenidos-en-Los-Libertadores.jpg\" alt=\"Incautan casi 3 kilos de ketamina en el paso Los Libertadores. \" width=\"698\" height=\"402\" srcset=\"https:\/\/eltrabajo.cl\/web\/wp-content\/uploads\/2025\/04\/detenidos-en-Los-Libertadores.jpg 698w, https:\/\/eltrabajo.cl\/web\/wp-content\/uploads\/2025\/04\/detenidos-en-Los-Libertadores-300x173.jpg 300w, https:\/\/eltrabajo.cl\/web\/wp-content\/uploads\/2025\/04\/detenidos-en-Los-Libertadores-150x86.jpg 150w, https:\/\/eltrabajo.cl\/web\/wp-content\/uploads\/2025\/04\/detenidos-en-Los-Libertadores-696x401.jpg 696w\" sizes=\"auto, (max-width: 698px) 100vw, 698px\" \/><figcaption id=\"caption-attachment-136103\" class=\"wp-caption-text\">Incautan casi 3 kilos de ketamina en el paso Los Libertadores.<\/figcaption><\/figure>\n","protected":false},"excerpt":{"rendered":"<p>La droga fue descubierta oculta en la cabina de un cami\u00f3n en el paso Los Libertadores.\u2013 Ocultas entre ropa en la cabina de un cami\u00f3n que ingresaba a Chile con destino a Los Andes, funcionarios de Aduanas encontraron tres bolsas pl\u00e1sticas que resultaron contener 2.695 gramos de ketamina. Esa alerta fue el inicio de un [&hellip;]<\/p>\n","protected":false},"author":1,"featured_media":136103,"comment_status":"open","ping_status":"closed","sticky":false,"template":"","format":"standard","meta":{"footnotes":""},"categories":[5],"tags":[],"class_list":{"0":"post-136102","1":"post","2":"type-post","3":"status-publish","4":"format-standard","5":"has-post-thumbnail","7":"category-policial"},"yoast_head":"<!-- This site is optimized with the Yoast SEO plugin v27.4 - https:\/\/yoast.com\/product\/yoast-seo-wordpress\/ -->\n<title>Detienen a tres personas que intentaron ingresar m\u00e1s de 2 kilos de ketamina - Diario El Trabajo<\/title>\n<meta name=\"robots\" content=\"index, follow, max-snippet:-1, max-image-preview:large, max-video-preview:-1\" \/>\n<link rel=\"canonical\" href=\"https:\/\/eltrabajo.cl\/web\/detienen-a-tres-personas-que-intentaron-ingresar-mas-de-2-kilos-de-ketamina\/\" \/>\n<meta property=\"og:locale\" content=\"es_ES\" \/>\n<meta property=\"og:type\" content=\"article\" \/>\n<meta property=\"og:title\" content=\"Detienen a tres personas que intentaron ingresar m\u00e1s de 2 kilos de ketamina - Diario El Trabajo\" \/>\n<meta property=\"og:description\" content=\"La droga fue descubierta oculta en la cabina de un cami\u00f3n en el paso Los Libertadores.\u2013 Ocultas entre ropa en la cabina de un cami\u00f3n que ingresaba a Chile con destino a Los Andes, funcionarios de Aduanas encontraron tres bolsas pl\u00e1sticas que resultaron contener 2.695 gramos de ketamina. Esa alerta fue el inicio de un [&hellip;]\" \/>\n<meta property=\"og:url\" content=\"https:\/\/eltrabajo.cl\/web\/detienen-a-tres-personas-que-intentaron-ingresar-mas-de-2-kilos-de-ketamina\/\" \/>\n<meta property=\"og:site_name\" content=\"Diario El Trabajo\" \/>\n<meta property=\"article:publisher\" content=\"https:\/\/www.facebook.com\/ElTrabajoDiario\" \/>\n<meta property=\"article:published_time\" content=\"2025-04-01T23:47:00+00:00\" \/>\n<meta property=\"og:image\" content=\"https:\/\/eltrabajo.cl\/web\/wp-content\/uploads\/2025\/04\/detenidos-en-Los-Libertadores.jpg\" \/>\n\t<meta property=\"og:image:width\" content=\"698\" \/>\n\t<meta property=\"og:image:height\" content=\"402\" \/>\n\t<meta property=\"og:image:type\" content=\"image\/jpeg\" \/>\n<meta name=\"author\" content=\"Diario El Trabajo\" \/>\n<meta name=\"twitter:card\" content=\"summary_large_image\" \/>\n<meta name=\"twitter:creator\" content=\"@diarioeltrabajo\" \/>\n<meta name=\"twitter:site\" content=\"@diarioeltrabajo\" \/>\n<meta name=\"twitter:label1\" content=\"Escrito por\" \/>\n\t<meta name=\"twitter:data1\" content=\"Diario El Trabajo\" \/>\n\t<meta name=\"twitter:label2\" content=\"Tiempo estimado de lectura\" \/>\n\t<meta name=\"twitter:data2\" content=\"3 minutos\" \/>\n<script type=\"application\/ld+json\" class=\"yoast-schema-graph\">{\"@context\":\"https:\\\/\\\/schema.org\",\"@graph\":[{\"@type\":\"Article\",\"@id\":\"https:\\\/\\\/eltrabajo.cl\\\/web\\\/detienen-a-tres-personas-que-intentaron-ingresar-mas-de-2-kilos-de-ketamina\\\/#article\",\"isPartOf\":{\"@id\":\"https:\\\/\\\/eltrabajo.cl\\\/web\\\/detienen-a-tres-personas-que-intentaron-ingresar-mas-de-2-kilos-de-ketamina\\\/\"},\"author\":{\"name\":\"Diario El Trabajo\",\"@id\":\"https:\\\/\\\/eltrabajo.cl\\\/web\\\/#\\\/schema\\\/person\\\/45efd3d17f86ec456e44dd7debe1bf19\"},\"headline\":\"Detienen a tres personas que intentaron ingresar m\u00e1s de 2 kilos de ketamina\",\"datePublished\":\"2025-04-01T23:47:00+00:00\",\"mainEntityOfPage\":{\"@id\":\"https:\\\/\\\/eltrabajo.cl\\\/web\\\/detienen-a-tres-personas-que-intentaron-ingresar-mas-de-2-kilos-de-ketamina\\\/\"},\"wordCount\":545,\"commentCount\":0,\"publisher\":{\"@id\":\"https:\\\/\\\/eltrabajo.cl\\\/web\\\/#organization\"},\"image\":{\"@id\":\"https:\\\/\\\/eltrabajo.cl\\\/web\\\/detienen-a-tres-personas-que-intentaron-ingresar-mas-de-2-kilos-de-ketamina\\\/#primaryimage\"},\"thumbnailUrl\":\"https:\\\/\\\/eltrabajo.cl\\\/web\\\/wp-content\\\/uploads\\\/2025\\\/04\\\/detenidos-en-Los-Libertadores.jpg\",\"articleSection\":[\"Policial\"],\"inLanguage\":\"es-CL\",\"potentialAction\":[{\"@type\":\"CommentAction\",\"name\":\"Comment\",\"target\":[\"https:\\\/\\\/eltrabajo.cl\\\/web\\\/detienen-a-tres-personas-que-intentaron-ingresar-mas-de-2-kilos-de-ketamina\\\/#respond\"]}]},{\"@type\":\"WebPage\",\"@id\":\"https:\\\/\\\/eltrabajo.cl\\\/web\\\/detienen-a-tres-personas-que-intentaron-ingresar-mas-de-2-kilos-de-ketamina\\\/\",\"url\":\"https:\\\/\\\/eltrabajo.cl\\\/web\\\/detienen-a-tres-personas-que-intentaron-ingresar-mas-de-2-kilos-de-ketamina\\\/\",\"name\":\"Detienen a tres personas que intentaron ingresar m\u00e1s de 2 kilos de ketamina - Diario El Trabajo\",\"isPartOf\":{\"@id\":\"https:\\\/\\\/eltrabajo.cl\\\/web\\\/#website\"},\"primaryImageOfPage\":{\"@id\":\"https:\\\/\\\/eltrabajo.cl\\\/web\\\/detienen-a-tres-personas-que-intentaron-ingresar-mas-de-2-kilos-de-ketamina\\\/#primaryimage\"},\"image\":{\"@id\":\"https:\\\/\\\/eltrabajo.cl\\\/web\\\/detienen-a-tres-personas-que-intentaron-ingresar-mas-de-2-kilos-de-ketamina\\\/#primaryimage\"},\"thumbnailUrl\":\"https:\\\/\\\/eltrabajo.cl\\\/web\\\/wp-content\\\/uploads\\\/2025\\\/04\\\/detenidos-en-Los-Libertadores.jpg\",\"datePublished\":\"2025-04-01T23:47:00+00:00\",\"breadcrumb\":{\"@id\":\"https:\\\/\\\/eltrabajo.cl\\\/web\\\/detienen-a-tres-personas-que-intentaron-ingresar-mas-de-2-kilos-de-ketamina\\\/#breadcrumb\"},\"inLanguage\":\"es-CL\",\"potentialAction\":[{\"@type\":\"ReadAction\",\"target\":[\"https:\\\/\\\/eltrabajo.cl\\\/web\\\/detienen-a-tres-personas-que-intentaron-ingresar-mas-de-2-kilos-de-ketamina\\\/\"]}]},{\"@type\":\"ImageObject\",\"inLanguage\":\"es-CL\",\"@id\":\"https:\\\/\\\/eltrabajo.cl\\\/web\\\/detienen-a-tres-personas-que-intentaron-ingresar-mas-de-2-kilos-de-ketamina\\\/#primaryimage\",\"url\":\"https:\\\/\\\/eltrabajo.cl\\\/web\\\/wp-content\\\/uploads\\\/2025\\\/04\\\/detenidos-en-Los-Libertadores.jpg\",\"contentUrl\":\"https:\\\/\\\/eltrabajo.cl\\\/web\\\/wp-content\\\/uploads\\\/2025\\\/04\\\/detenidos-en-Los-Libertadores.jpg\",\"width\":698,\"height\":402,\"caption\":\"Incautan casi 3 kilos de ketamina en el paso Los Libertadores.\"},{\"@type\":\"BreadcrumbList\",\"@id\":\"https:\\\/\\\/eltrabajo.cl\\\/web\\\/detienen-a-tres-personas-que-intentaron-ingresar-mas-de-2-kilos-de-ketamina\\\/#breadcrumb\",\"itemListElement\":[{\"@type\":\"ListItem\",\"position\":1,\"name\":\"Portada\",\"item\":\"https:\\\/\\\/eltrabajo.cl\\\/web\\\/\"},{\"@type\":\"ListItem\",\"position\":2,\"name\":\"Detienen a tres personas que intentaron ingresar m\u00e1s de 2 kilos de ketamina\"}]},{\"@type\":\"WebSite\",\"@id\":\"https:\\\/\\\/eltrabajo.cl\\\/web\\\/#website\",\"url\":\"https:\\\/\\\/eltrabajo.cl\\\/web\\\/\",\"name\":\"Diario El Trabajo\",\"description\":\"Desde 1929 construyendo Identidad Local\",\"publisher\":{\"@id\":\"https:\\\/\\\/eltrabajo.cl\\\/web\\\/#organization\"},\"potentialAction\":[{\"@type\":\"SearchAction\",\"target\":{\"@type\":\"EntryPoint\",\"urlTemplate\":\"https:\\\/\\\/eltrabajo.cl\\\/web\\\/?s={search_term_string}\"},\"query-input\":{\"@type\":\"PropertyValueSpecification\",\"valueRequired\":true,\"valueName\":\"search_term_string\"}}],\"inLanguage\":\"es-CL\"},{\"@type\":\"Organization\",\"@id\":\"https:\\\/\\\/eltrabajo.cl\\\/web\\\/#organization\",\"name\":\"Diario El Trabajo\",\"url\":\"https:\\\/\\\/eltrabajo.cl\\\/web\\\/\",\"logo\":{\"@type\":\"ImageObject\",\"inLanguage\":\"es-CL\",\"@id\":\"https:\\\/\\\/eltrabajo.cl\\\/web\\\/#\\\/schema\\\/logo\\\/image\\\/\",\"url\":\"https:\\\/\\\/eltrabajo.cl\\\/web\\\/wp-content\\\/uploads\\\/2024\\\/06\\\/profile-image-ig-page-diarioeltrabajo.jpg\",\"contentUrl\":\"https:\\\/\\\/eltrabajo.cl\\\/web\\\/wp-content\\\/uploads\\\/2024\\\/06\\\/profile-image-ig-page-diarioeltrabajo.jpg\",\"width\":823,\"height\":823,\"caption\":\"Diario El Trabajo\"},\"image\":{\"@id\":\"https:\\\/\\\/eltrabajo.cl\\\/web\\\/#\\\/schema\\\/logo\\\/image\\\/\"},\"sameAs\":[\"https:\\\/\\\/www.facebook.com\\\/ElTrabajoDiario\",\"https:\\\/\\\/x.com\\\/diarioeltrabajo\"]},{\"@type\":\"Person\",\"@id\":\"https:\\\/\\\/eltrabajo.cl\\\/web\\\/#\\\/schema\\\/person\\\/45efd3d17f86ec456e44dd7debe1bf19\",\"name\":\"Diario El Trabajo\",\"image\":{\"@type\":\"ImageObject\",\"inLanguage\":\"es-CL\",\"@id\":\"https:\\\/\\\/secure.gravatar.com\\\/avatar\\\/7e6ec277dc4aea2677c2dc301d4227957219329c985ab69a3efc12518b5161aa?s=96&d=mm&r=g\",\"url\":\"https:\\\/\\\/secure.gravatar.com\\\/avatar\\\/7e6ec277dc4aea2677c2dc301d4227957219329c985ab69a3efc12518b5161aa?s=96&d=mm&r=g\",\"contentUrl\":\"https:\\\/\\\/secure.gravatar.com\\\/avatar\\\/7e6ec277dc4aea2677c2dc301d4227957219329c985ab69a3efc12518b5161aa?s=96&d=mm&r=g\",\"caption\":\"Diario El Trabajo\"},\"sameAs\":[\"https:\\\/\\\/eltrabajo.cl\\\/web\"],\"url\":\"https:\\\/\\\/eltrabajo.cl\\\/web\\\/author\\\/diario-el-trabajo\\\/\"}]}<\/script>\n<!-- \/ Yoast SEO plugin. -->","yoast_head_json":{"title":"Detienen a tres personas que intentaron ingresar m\u00e1s de 2 kilos de ketamina - Diario El Trabajo","robots":{"index":"index","follow":"follow","max-snippet":"max-snippet:-1","max-image-preview":"max-image-preview:large","max-video-preview":"max-video-preview:-1"},"canonical":"https:\/\/eltrabajo.cl\/web\/detienen-a-tres-personas-que-intentaron-ingresar-mas-de-2-kilos-de-ketamina\/","og_locale":"es_ES","og_type":"article","og_title":"Detienen a tres personas que intentaron ingresar m\u00e1s de 2 kilos de ketamina - Diario El Trabajo","og_description":"La droga fue descubierta oculta en la cabina de un cami\u00f3n en el paso Los Libertadores.\u2013 Ocultas entre ropa en la cabina de un cami\u00f3n que ingresaba a Chile con destino a Los Andes, funcionarios de Aduanas encontraron tres bolsas pl\u00e1sticas que resultaron contener 2.695 gramos de ketamina. Esa alerta fue el inicio de un [&hellip;]","og_url":"https:\/\/eltrabajo.cl\/web\/detienen-a-tres-personas-que-intentaron-ingresar-mas-de-2-kilos-de-ketamina\/","og_site_name":"Diario El Trabajo","article_publisher":"https:\/\/www.facebook.com\/ElTrabajoDiario","article_published_time":"2025-04-01T23:47:00+00:00","og_image":[{"width":698,"height":402,"url":"https:\/\/eltrabajo.cl\/web\/wp-content\/uploads\/2025\/04\/detenidos-en-Los-Libertadores.jpg","type":"image\/jpeg"}],"author":"Diario El Trabajo","twitter_card":"summary_large_image","twitter_creator":"@diarioeltrabajo","twitter_site":"@diarioeltrabajo","twitter_misc":{"Escrito por":"Diario El Trabajo","Tiempo estimado de lectura":"3 minutos"},"schema":{"@context":"https:\/\/schema.org","@graph":[{"@type":"Article","@id":"https:\/\/eltrabajo.cl\/web\/detienen-a-tres-personas-que-intentaron-ingresar-mas-de-2-kilos-de-ketamina\/#article","isPartOf":{"@id":"https:\/\/eltrabajo.cl\/web\/detienen-a-tres-personas-que-intentaron-ingresar-mas-de-2-kilos-de-ketamina\/"},"author":{"name":"Diario El Trabajo","@id":"https:\/\/eltrabajo.cl\/web\/#\/schema\/person\/45efd3d17f86ec456e44dd7debe1bf19"},"headline":"Detienen a tres personas que intentaron ingresar m\u00e1s de 2 kilos de ketamina","datePublished":"2025-04-01T23:47:00+00:00","mainEntityOfPage":{"@id":"https:\/\/eltrabajo.cl\/web\/detienen-a-tres-personas-que-intentaron-ingresar-mas-de-2-kilos-de-ketamina\/"},"wordCount":545,"commentCount":0,"publisher":{"@id":"https:\/\/eltrabajo.cl\/web\/#organization"},"image":{"@id":"https:\/\/eltrabajo.cl\/web\/detienen-a-tres-personas-que-intentaron-ingresar-mas-de-2-kilos-de-ketamina\/#primaryimage"},"thumbnailUrl":"https:\/\/eltrabajo.cl\/web\/wp-content\/uploads\/2025\/04\/detenidos-en-Los-Libertadores.jpg","articleSection":["Policial"],"inLanguage":"es-CL","potentialAction":[{"@type":"CommentAction","name":"Comment","target":["https:\/\/eltrabajo.cl\/web\/detienen-a-tres-personas-que-intentaron-ingresar-mas-de-2-kilos-de-ketamina\/#respond"]}]},{"@type":"WebPage","@id":"https:\/\/eltrabajo.cl\/web\/detienen-a-tres-personas-que-intentaron-ingresar-mas-de-2-kilos-de-ketamina\/","url":"https:\/\/eltrabajo.cl\/web\/detienen-a-tres-personas-que-intentaron-ingresar-mas-de-2-kilos-de-ketamina\/","name":"Detienen a tres personas que intentaron ingresar m\u00e1s de 2 kilos de ketamina - Diario El Trabajo","isPartOf":{"@id":"https:\/\/eltrabajo.cl\/web\/#website"},"primaryImageOfPage":{"@id":"https:\/\/eltrabajo.cl\/web\/detienen-a-tres-personas-que-intentaron-ingresar-mas-de-2-kilos-de-ketamina\/#primaryimage"},"image":{"@id":"https:\/\/eltrabajo.cl\/web\/detienen-a-tres-personas-que-intentaron-ingresar-mas-de-2-kilos-de-ketamina\/#primaryimage"},"thumbnailUrl":"https:\/\/eltrabajo.cl\/web\/wp-content\/uploads\/2025\/04\/detenidos-en-Los-Libertadores.jpg","datePublished":"2025-04-01T23:47:00+00:00","breadcrumb":{"@id":"https:\/\/eltrabajo.cl\/web\/detienen-a-tres-personas-que-intentaron-ingresar-mas-de-2-kilos-de-ketamina\/#breadcrumb"},"inLanguage":"es-CL","potentialAction":[{"@type":"ReadAction","target":["https:\/\/eltrabajo.cl\/web\/detienen-a-tres-personas-que-intentaron-ingresar-mas-de-2-kilos-de-ketamina\/"]}]},{"@type":"ImageObject","inLanguage":"es-CL","@id":"https:\/\/eltrabajo.cl\/web\/detienen-a-tres-personas-que-intentaron-ingresar-mas-de-2-kilos-de-ketamina\/#primaryimage","url":"https:\/\/eltrabajo.cl\/web\/wp-content\/uploads\/2025\/04\/detenidos-en-Los-Libertadores.jpg","contentUrl":"https:\/\/eltrabajo.cl\/web\/wp-content\/uploads\/2025\/04\/detenidos-en-Los-Libertadores.jpg","width":698,"height":402,"caption":"Incautan casi 3 kilos de ketamina en el paso Los Libertadores."},{"@type":"BreadcrumbList","@id":"https:\/\/eltrabajo.cl\/web\/detienen-a-tres-personas-que-intentaron-ingresar-mas-de-2-kilos-de-ketamina\/#breadcrumb","itemListElement":[{"@type":"ListItem","position":1,"name":"Portada","item":"https:\/\/eltrabajo.cl\/web\/"},{"@type":"ListItem","position":2,"name":"Detienen a tres personas que intentaron ingresar m\u00e1s de 2 kilos de ketamina"}]},{"@type":"WebSite","@id":"https:\/\/eltrabajo.cl\/web\/#website","url":"https:\/\/eltrabajo.cl\/web\/","name":"Diario El Trabajo","description":"Desde 1929 construyendo Identidad Local","publisher":{"@id":"https:\/\/eltrabajo.cl\/web\/#organization"},"potentialAction":[{"@type":"SearchAction","target":{"@type":"EntryPoint","urlTemplate":"https:\/\/eltrabajo.cl\/web\/?s={search_term_string}"},"query-input":{"@type":"PropertyValueSpecification","valueRequired":true,"valueName":"search_term_string"}}],"inLanguage":"es-CL"},{"@type":"Organization","@id":"https:\/\/eltrabajo.cl\/web\/#organization","name":"Diario El Trabajo","url":"https:\/\/eltrabajo.cl\/web\/","logo":{"@type":"ImageObject","inLanguage":"es-CL","@id":"https:\/\/eltrabajo.cl\/web\/#\/schema\/logo\/image\/","url":"https:\/\/eltrabajo.cl\/web\/wp-content\/uploads\/2024\/06\/profile-image-ig-page-diarioeltrabajo.jpg","contentUrl":"https:\/\/eltrabajo.cl\/web\/wp-content\/uploads\/2024\/06\/profile-image-ig-page-diarioeltrabajo.jpg","width":823,"height":823,"caption":"Diario El Trabajo"},"image":{"@id":"https:\/\/eltrabajo.cl\/web\/#\/schema\/logo\/image\/"},"sameAs":["https:\/\/www.facebook.com\/ElTrabajoDiario","https:\/\/x.com\/diarioeltrabajo"]},{"@type":"Person","@id":"https:\/\/eltrabajo.cl\/web\/#\/schema\/person\/45efd3d17f86ec456e44dd7debe1bf19","name":"Diario El Trabajo","image":{"@type":"ImageObject","inLanguage":"es-CL","@id":"https:\/\/secure.gravatar.com\/avatar\/7e6ec277dc4aea2677c2dc301d4227957219329c985ab69a3efc12518b5161aa?s=96&d=mm&r=g","url":"https:\/\/secure.gravatar.com\/avatar\/7e6ec277dc4aea2677c2dc301d4227957219329c985ab69a3efc12518b5161aa?s=96&d=mm&r=g","contentUrl":"https:\/\/secure.gravatar.com\/avatar\/7e6ec277dc4aea2677c2dc301d4227957219329c985ab69a3efc12518b5161aa?s=96&d=mm&r=g","caption":"Diario El Trabajo"},"sameAs":["https:\/\/eltrabajo.cl\/web"],"url":"https:\/\/eltrabajo.cl\/web\/author\/diario-el-trabajo\/"}]}},"_links":{"self":[{"href":"https:\/\/eltrabajo.cl\/web\/wp-json\/wp\/v2\/posts\/136102","targetHints":{"allow":["GET"]}}],"collection":[{"href":"https:\/\/eltrabajo.cl\/web\/wp-json\/wp\/v2\/posts"}],"about":[{"href":"https:\/\/eltrabajo.cl\/web\/wp-json\/wp\/v2\/types\/post"}],"author":[{"embeddable":true,"href":"https:\/\/eltrabajo.cl\/web\/wp-json\/wp\/v2\/users\/1"}],"replies":[{"embeddable":true,"href":"https:\/\/eltrabajo.cl\/web\/wp-json\/wp\/v2\/comments?post=136102"}],"version-history":[{"count":1,"href":"https:\/\/eltrabajo.cl\/web\/wp-json\/wp\/v2\/posts\/136102\/revisions"}],"predecessor-version":[{"id":136104,"href":"https:\/\/eltrabajo.cl\/web\/wp-json\/wp\/v2\/posts\/136102\/revisions\/136104"}],"wp:featuredmedia":[{"embeddable":true,"href":"https:\/\/eltrabajo.cl\/web\/wp-json\/wp\/v2\/media\/136103"}],"wp:attachment":[{"href":"https:\/\/eltrabajo.cl\/web\/wp-json\/wp\/v2\/media?parent=136102"}],"wp:term":[{"taxonomy":"category","embeddable":true,"href":"https:\/\/eltrabajo.cl\/web\/wp-json\/wp\/v2\/categories?post=136102"},{"taxonomy":"post_tag","embeddable":true,"href":"https:\/\/eltrabajo.cl\/web\/wp-json\/wp\/v2\/tags?post=136102"}],"curies":[{"name":"wp","href":"https:\/\/api.w.org\/{rel}","templated":true}]}}