{"id":136109,"date":"2025-04-01T20:49:46","date_gmt":"2025-04-01T23:49:46","guid":{"rendered":"https:\/\/eltrabajo.cl\/web\/?p=136109"},"modified":"2025-04-01T20:49:46","modified_gmt":"2025-04-01T23:49:46","slug":"afinan-los-detalles-para-el-desalojo-del-lote-b-de-la-toma-de-san-felipe","status":"publish","type":"post","link":"https:\/\/eltrabajo.cl\/web\/afinan-los-detalles-para-el-desalojo-del-lote-b-de-la-toma-de-san-felipe\/","title":{"rendered":"Afinan los detalles para el desalojo del lote B de la Toma de San Felipe"},"content":{"rendered":"<ul>\n<li><strong>Autoridades aseguraron que existe un plan A, B y C para apoyar a las familias que saldr\u00e1n del lugar.\u2013<\/strong><\/li>\n<\/ul>\n<p>A 24 horas de concretarse el desalojo del lote B de la toma de San Felipe, se alistan los detalles para que este proceso se desarrolle con total normalidad, como, asimismo, qu\u00e9 pasar\u00e1 con las cientos de personas y familias que quedar\u00e1n sin un lugar donde ir.<\/p>\n<p>Es por esto, que ya se han habilitado dos albergues para poder dar la primera contenci\u00f3n y ayuda a estas personas, sin embargo, las dudas de la comunidad son claras. \u00bfDar\u00e1n abasto estos dos dispositivos para toda la gente que debe salir del lugar? \u00bfQuedar\u00e1n literalmente a la deriva por las calles?<\/p>\n<p>Al respecto, la alcaldesa <strong>Carmen Castillo<\/strong>, se\u00f1al\u00f3 que <em>\u00absabemos que hay muchas necesidades, nosotros queremos llamar a la calma a la comunidad por el hecho que hay todo un trabajo de planes de contingencia que se han hecho en distintas instancias. Desde nuestra perspectiva, todo el tema social, con salud, educaci\u00f3n, con Dideco, que tiene muchos componentes para orientar adecuadamente a quienes van a ser desalojados\u00bb<\/em>.<\/p>\n<p>En cuanto a las medidas que se han establecido para las personas que ser\u00e1n desalojadas, la edil sostuvo que <em>\u00abdesde la mirada social tiene un plan A que es alojar a personas que no tienen d\u00f3nde ir y que se les da por un tiempo muy acotado; alojamiento con ni\u00f1os, ni\u00f1as y adolescentes, que es el foco que nosotros tenemos normalmente, con su tutor\u00bb<\/em>.<\/p>\n<p>Consultada si es que estos dos dispositivos ser\u00e1n suficientes para todas las personas, Castillo respondi\u00f3 que <em>\u00abla experiencia que hay a nivel nacional en los desalojos, es que normalmente los desalojos no se usan en gran cantidad, por lo tanto, estamos igual preparados para un plan B y C, es decir, si va aumentando la cantidad de personas que requieren ser alojados, tenemos la posibilidad de hacerlo en un contexto de seguridad y dignidad que corresponde\u00bb<\/em>.<\/p>\n<p>En este contexto, la alcaldesa agreg\u00f3 que <em>\u00abinicialmente tenemos dos albergues para 40 personas cada uno, y tenemos toda la identificaci\u00f3n en caso que se requiera m\u00e1s. Todo esto ha sido evaluado dado que hicimos un buen catastro, llegamos sobre un 60% para saber qu\u00e9 tipo de personas, nacionalidad, para poder tener los ajustes como corresponde\u00bb<\/em>.<\/p>\n<p>Asimismo, Carmen Castillo indic\u00f3 que todo este plan se ha desarrollado en base al catastro que se ha efectuado, <em>\u00abtodo eso est\u00e1 en vista y en observaci\u00f3n, porque toda la preparaci\u00f3n ha sido con mucha responsabilidad y comunicando a las personas para que busquen donde poder cobijarse cuando salgan de la toma\u00bb<\/em>.<\/p>\n<p>Junto con esto, y ante las dudas que existe en las personas de la toma por una eventual \u2018separaci\u00f3n de familias\u2019, la alcaldesa dijo que <em>\u00abno es la separaci\u00f3n de familias, es una exigencia que nosotros tenemos, porque tenemos que darle prioridad a los ni\u00f1os y ni\u00f1as para que alojen, esperamos que esto no sea necesario utilizar el plan m\u00e1ximo de alojamiento\u00bb<\/em>.<\/p>\n<p>En relaci\u00f3n a las medidas que se han establecido en las villas y poblaciones cercanas a la toma, la edil precis\u00f3 que <em>\u00abpara nosotros el entorno es importante de ser considerado permanente, por eso, han sido informados y retroalimentados de todos los hechos que se est\u00e1n trabajando para poder evitar que hayan situaciones de desconocimiento\u00bb<\/em>.<\/p>\n<p>Por su parte, el delegado provincial de San Felipe, <strong>Daniel Mu\u00f1oz Pereira<\/strong>, a\u00f1adi\u00f3 que <em>\u00abpara el jueves est\u00e1 programado el desalojo del lote B, se ha hecho un trabajo de larga data, primero con Serviu y posteriormente la municipalidad, sin embargo, tuvieron que retirarse por las amenazas; se ha levantado la informaci\u00f3n de forma precisa\u00bb<\/em>.<\/p>\n<p>En este sentido, en cuanto a las medidas de mitigaci\u00f3n para desarrollar este proceso, la autoridad provincial expres\u00f3 que <em>\u00abse han dispuesto de dos albergues, hace bastante tiempo se ha informado de esto, se ha ido en apoyo de las familias respecto de qui\u00e9nes sean h\u00e1biles para apoyos p\u00fablicos, se ha ampliado la capacidad de los albergues<\/em>.<\/p>\n<p>\u00ab<em>Hemos levantado un plan de contingencia si es que se dan estas situaciones, no solo en la comuna de San Felipe, sino que tambi\u00e9n en todas las comunas\u00bb<\/em>, agreg\u00f3 el delegado, quien adem\u00e1s asegur\u00f3 que <em>\u00abpara el proceso de desalojo es necesario, luego de eso, debiese estar disponible la luz, esto es una medida para el proceso del desalojo\u00bb<\/em>.<\/p>\n<p>Finalmente, Daniel Mu\u00f1oz indic\u00f3 que, para este jueves, <em>\u00abel plan operativo para este proceso contempla el despliegue de unidades especializadas de Carabineros, nos hemos reunido con los vecinos de las villas aleda\u00f1as, el llamado es a la normalidad, que puedan hacer su vida con normalidad. No se contempla el cierre de calles\u00bb<\/em>, cerr\u00f3.<\/p>\n<figure id=\"attachment_136110\" aria-describedby=\"caption-attachment-136110\" style=\"width: 698px\" class=\"wp-caption alignnone\"><img loading=\"lazy\" decoding=\"async\" class=\"size-full wp-image-136110\" src=\"http:\/\/eltrabajo.cl\/web\/wp-content\/uploads\/2025\/04\/toma-Yevide.jpg\" alt=\"Alistan los detalles a 24 horas del desalojo de una parte de la toma de San Felipe. \" width=\"698\" height=\"381\" srcset=\"https:\/\/eltrabajo.cl\/web\/wp-content\/uploads\/2025\/04\/toma-Yevide.jpg 698w, https:\/\/eltrabajo.cl\/web\/wp-content\/uploads\/2025\/04\/toma-Yevide-300x164.jpg 300w, https:\/\/eltrabajo.cl\/web\/wp-content\/uploads\/2025\/04\/toma-Yevide-150x82.jpg 150w, https:\/\/eltrabajo.cl\/web\/wp-content\/uploads\/2025\/04\/toma-Yevide-696x380.jpg 696w\" sizes=\"auto, (max-width: 698px) 100vw, 698px\" \/><figcaption id=\"caption-attachment-136110\" class=\"wp-caption-text\">Alistan los detalles a 24 horas del desalojo de una parte de la toma de San Felipe.<\/figcaption><\/figure>\n","protected":false},"excerpt":{"rendered":"<p>Autoridades aseguraron que existe un plan A, B y C para apoyar a las familias que saldr\u00e1n del lugar.\u2013 A 24 horas de concretarse el desalojo del lote B de la toma de San Felipe, se alistan los detalles para que este proceso se desarrolle con total normalidad, como, asimismo, qu\u00e9 pasar\u00e1 con las cientos [&hellip;]<\/p>\n","protected":false},"author":1,"featured_media":136110,"comment_status":"open","ping_status":"closed","sticky":false,"template":"","format":"standard","meta":{"footnotes":""},"categories":[3],"tags":[],"class_list":{"0":"post-136109","1":"post","2":"type-post","3":"status-publish","4":"format-standard","5":"has-post-thumbnail","7":"category-cronica-2"},"yoast_head":"<!-- This site is optimized with the Yoast SEO plugin v27.4 - https:\/\/yoast.com\/product\/yoast-seo-wordpress\/ -->\n<title>Afinan los detalles para el desalojo del lote B de la Toma de San Felipe - Diario El Trabajo<\/title>\n<meta name=\"robots\" content=\"index, follow, max-snippet:-1, max-image-preview:large, max-video-preview:-1\" \/>\n<link rel=\"canonical\" href=\"https:\/\/eltrabajo.cl\/web\/afinan-los-detalles-para-el-desalojo-del-lote-b-de-la-toma-de-san-felipe\/\" \/>\n<meta property=\"og:locale\" content=\"es_ES\" \/>\n<meta property=\"og:type\" content=\"article\" \/>\n<meta property=\"og:title\" content=\"Afinan los detalles para el desalojo del lote B de la Toma de San Felipe - Diario El Trabajo\" \/>\n<meta property=\"og:description\" content=\"Autoridades aseguraron que existe un plan A, B y C para apoyar a las familias que saldr\u00e1n del lugar.\u2013 A 24 horas de concretarse el desalojo del lote B de la toma de San Felipe, se alistan los detalles para que este proceso se desarrolle con total normalidad, como, asimismo, qu\u00e9 pasar\u00e1 con las cientos [&hellip;]\" \/>\n<meta property=\"og:url\" content=\"https:\/\/eltrabajo.cl\/web\/afinan-los-detalles-para-el-desalojo-del-lote-b-de-la-toma-de-san-felipe\/\" \/>\n<meta property=\"og:site_name\" content=\"Diario El Trabajo\" \/>\n<meta property=\"article:publisher\" content=\"https:\/\/www.facebook.com\/ElTrabajoDiario\" \/>\n<meta property=\"article:published_time\" content=\"2025-04-01T23:49:46+00:00\" \/>\n<meta property=\"og:image\" content=\"https:\/\/eltrabajo.cl\/web\/wp-content\/uploads\/2025\/04\/toma-Yevide.jpg\" \/>\n\t<meta property=\"og:image:width\" content=\"698\" \/>\n\t<meta property=\"og:image:height\" content=\"381\" \/>\n\t<meta property=\"og:image:type\" content=\"image\/jpeg\" \/>\n<meta name=\"author\" content=\"Diario El Trabajo\" \/>\n<meta name=\"twitter:card\" content=\"summary_large_image\" \/>\n<meta name=\"twitter:creator\" content=\"@diarioeltrabajo\" \/>\n<meta name=\"twitter:site\" content=\"@diarioeltrabajo\" \/>\n<meta name=\"twitter:label1\" content=\"Escrito por\" \/>\n\t<meta name=\"twitter:data1\" content=\"Diario El Trabajo\" \/>\n\t<meta name=\"twitter:label2\" content=\"Tiempo estimado de lectura\" \/>\n\t<meta name=\"twitter:data2\" content=\"5 minutos\" \/>\n<script type=\"application\/ld+json\" class=\"yoast-schema-graph\">{\"@context\":\"https:\\\/\\\/schema.org\",\"@graph\":[{\"@type\":\"Article\",\"@id\":\"https:\\\/\\\/eltrabajo.cl\\\/web\\\/afinan-los-detalles-para-el-desalojo-del-lote-b-de-la-toma-de-san-felipe\\\/#article\",\"isPartOf\":{\"@id\":\"https:\\\/\\\/eltrabajo.cl\\\/web\\\/afinan-los-detalles-para-el-desalojo-del-lote-b-de-la-toma-de-san-felipe\\\/\"},\"author\":{\"name\":\"Diario El Trabajo\",\"@id\":\"https:\\\/\\\/eltrabajo.cl\\\/web\\\/#\\\/schema\\\/person\\\/45efd3d17f86ec456e44dd7debe1bf19\"},\"headline\":\"Afinan los detalles para el desalojo del lote B de la Toma de San Felipe\",\"datePublished\":\"2025-04-01T23:49:46+00:00\",\"mainEntityOfPage\":{\"@id\":\"https:\\\/\\\/eltrabajo.cl\\\/web\\\/afinan-los-detalles-para-el-desalojo-del-lote-b-de-la-toma-de-san-felipe\\\/\"},\"wordCount\":842,\"commentCount\":0,\"publisher\":{\"@id\":\"https:\\\/\\\/eltrabajo.cl\\\/web\\\/#organization\"},\"image\":{\"@id\":\"https:\\\/\\\/eltrabajo.cl\\\/web\\\/afinan-los-detalles-para-el-desalojo-del-lote-b-de-la-toma-de-san-felipe\\\/#primaryimage\"},\"thumbnailUrl\":\"https:\\\/\\\/eltrabajo.cl\\\/web\\\/wp-content\\\/uploads\\\/2025\\\/04\\\/toma-Yevide.jpg\",\"articleSection\":[\"Cr\u00f3nica\"],\"inLanguage\":\"es-CL\",\"potentialAction\":[{\"@type\":\"CommentAction\",\"name\":\"Comment\",\"target\":[\"https:\\\/\\\/eltrabajo.cl\\\/web\\\/afinan-los-detalles-para-el-desalojo-del-lote-b-de-la-toma-de-san-felipe\\\/#respond\"]}]},{\"@type\":\"WebPage\",\"@id\":\"https:\\\/\\\/eltrabajo.cl\\\/web\\\/afinan-los-detalles-para-el-desalojo-del-lote-b-de-la-toma-de-san-felipe\\\/\",\"url\":\"https:\\\/\\\/eltrabajo.cl\\\/web\\\/afinan-los-detalles-para-el-desalojo-del-lote-b-de-la-toma-de-san-felipe\\\/\",\"name\":\"Afinan los detalles para el desalojo del lote B de la Toma de San Felipe - Diario El Trabajo\",\"isPartOf\":{\"@id\":\"https:\\\/\\\/eltrabajo.cl\\\/web\\\/#website\"},\"primaryImageOfPage\":{\"@id\":\"https:\\\/\\\/eltrabajo.cl\\\/web\\\/afinan-los-detalles-para-el-desalojo-del-lote-b-de-la-toma-de-san-felipe\\\/#primaryimage\"},\"image\":{\"@id\":\"https:\\\/\\\/eltrabajo.cl\\\/web\\\/afinan-los-detalles-para-el-desalojo-del-lote-b-de-la-toma-de-san-felipe\\\/#primaryimage\"},\"thumbnailUrl\":\"https:\\\/\\\/eltrabajo.cl\\\/web\\\/wp-content\\\/uploads\\\/2025\\\/04\\\/toma-Yevide.jpg\",\"datePublished\":\"2025-04-01T23:49:46+00:00\",\"breadcrumb\":{\"@id\":\"https:\\\/\\\/eltrabajo.cl\\\/web\\\/afinan-los-detalles-para-el-desalojo-del-lote-b-de-la-toma-de-san-felipe\\\/#breadcrumb\"},\"inLanguage\":\"es-CL\",\"potentialAction\":[{\"@type\":\"ReadAction\",\"target\":[\"https:\\\/\\\/eltrabajo.cl\\\/web\\\/afinan-los-detalles-para-el-desalojo-del-lote-b-de-la-toma-de-san-felipe\\\/\"]}]},{\"@type\":\"ImageObject\",\"inLanguage\":\"es-CL\",\"@id\":\"https:\\\/\\\/eltrabajo.cl\\\/web\\\/afinan-los-detalles-para-el-desalojo-del-lote-b-de-la-toma-de-san-felipe\\\/#primaryimage\",\"url\":\"https:\\\/\\\/eltrabajo.cl\\\/web\\\/wp-content\\\/uploads\\\/2025\\\/04\\\/toma-Yevide.jpg\",\"contentUrl\":\"https:\\\/\\\/eltrabajo.cl\\\/web\\\/wp-content\\\/uploads\\\/2025\\\/04\\\/toma-Yevide.jpg\",\"width\":698,\"height\":381,\"caption\":\"Alistan los detalles a 24 horas del desalojo de una parte de la toma de San Felipe.\"},{\"@type\":\"BreadcrumbList\",\"@id\":\"https:\\\/\\\/eltrabajo.cl\\\/web\\\/afinan-los-detalles-para-el-desalojo-del-lote-b-de-la-toma-de-san-felipe\\\/#breadcrumb\",\"itemListElement\":[{\"@type\":\"ListItem\",\"position\":1,\"name\":\"Portada\",\"item\":\"https:\\\/\\\/eltrabajo.cl\\\/web\\\/\"},{\"@type\":\"ListItem\",\"position\":2,\"name\":\"Afinan los detalles para el desalojo del lote B de la Toma de San Felipe\"}]},{\"@type\":\"WebSite\",\"@id\":\"https:\\\/\\\/eltrabajo.cl\\\/web\\\/#website\",\"url\":\"https:\\\/\\\/eltrabajo.cl\\\/web\\\/\",\"name\":\"Diario El Trabajo\",\"description\":\"Desde 1929 construyendo Identidad Local\",\"publisher\":{\"@id\":\"https:\\\/\\\/eltrabajo.cl\\\/web\\\/#organization\"},\"potentialAction\":[{\"@type\":\"SearchAction\",\"target\":{\"@type\":\"EntryPoint\",\"urlTemplate\":\"https:\\\/\\\/eltrabajo.cl\\\/web\\\/?s={search_term_string}\"},\"query-input\":{\"@type\":\"PropertyValueSpecification\",\"valueRequired\":true,\"valueName\":\"search_term_string\"}}],\"inLanguage\":\"es-CL\"},{\"@type\":\"Organization\",\"@id\":\"https:\\\/\\\/eltrabajo.cl\\\/web\\\/#organization\",\"name\":\"Diario El Trabajo\",\"url\":\"https:\\\/\\\/eltrabajo.cl\\\/web\\\/\",\"logo\":{\"@type\":\"ImageObject\",\"inLanguage\":\"es-CL\",\"@id\":\"https:\\\/\\\/eltrabajo.cl\\\/web\\\/#\\\/schema\\\/logo\\\/image\\\/\",\"url\":\"https:\\\/\\\/eltrabajo.cl\\\/web\\\/wp-content\\\/uploads\\\/2024\\\/06\\\/profile-image-ig-page-diarioeltrabajo.jpg\",\"contentUrl\":\"https:\\\/\\\/eltrabajo.cl\\\/web\\\/wp-content\\\/uploads\\\/2024\\\/06\\\/profile-image-ig-page-diarioeltrabajo.jpg\",\"width\":823,\"height\":823,\"caption\":\"Diario El Trabajo\"},\"image\":{\"@id\":\"https:\\\/\\\/eltrabajo.cl\\\/web\\\/#\\\/schema\\\/logo\\\/image\\\/\"},\"sameAs\":[\"https:\\\/\\\/www.facebook.com\\\/ElTrabajoDiario\",\"https:\\\/\\\/x.com\\\/diarioeltrabajo\"]},{\"@type\":\"Person\",\"@id\":\"https:\\\/\\\/eltrabajo.cl\\\/web\\\/#\\\/schema\\\/person\\\/45efd3d17f86ec456e44dd7debe1bf19\",\"name\":\"Diario El Trabajo\",\"image\":{\"@type\":\"ImageObject\",\"inLanguage\":\"es-CL\",\"@id\":\"https:\\\/\\\/secure.gravatar.com\\\/avatar\\\/7e6ec277dc4aea2677c2dc301d4227957219329c985ab69a3efc12518b5161aa?s=96&d=mm&r=g\",\"url\":\"https:\\\/\\\/secure.gravatar.com\\\/avatar\\\/7e6ec277dc4aea2677c2dc301d4227957219329c985ab69a3efc12518b5161aa?s=96&d=mm&r=g\",\"contentUrl\":\"https:\\\/\\\/secure.gravatar.com\\\/avatar\\\/7e6ec277dc4aea2677c2dc301d4227957219329c985ab69a3efc12518b5161aa?s=96&d=mm&r=g\",\"caption\":\"Diario El Trabajo\"},\"sameAs\":[\"https:\\\/\\\/eltrabajo.cl\\\/web\"],\"url\":\"https:\\\/\\\/eltrabajo.cl\\\/web\\\/author\\\/diario-el-trabajo\\\/\"}]}<\/script>\n<!-- \/ Yoast SEO plugin. -->","yoast_head_json":{"title":"Afinan los detalles para el desalojo del lote B de la Toma de San Felipe - Diario El Trabajo","robots":{"index":"index","follow":"follow","max-snippet":"max-snippet:-1","max-image-preview":"max-image-preview:large","max-video-preview":"max-video-preview:-1"},"canonical":"https:\/\/eltrabajo.cl\/web\/afinan-los-detalles-para-el-desalojo-del-lote-b-de-la-toma-de-san-felipe\/","og_locale":"es_ES","og_type":"article","og_title":"Afinan los detalles para el desalojo del lote B de la Toma de San Felipe - Diario El Trabajo","og_description":"Autoridades aseguraron que existe un plan A, B y C para apoyar a las familias que saldr\u00e1n del lugar.\u2013 A 24 horas de concretarse el desalojo del lote B de la toma de San Felipe, se alistan los detalles para que este proceso se desarrolle con total normalidad, como, asimismo, qu\u00e9 pasar\u00e1 con las cientos [&hellip;]","og_url":"https:\/\/eltrabajo.cl\/web\/afinan-los-detalles-para-el-desalojo-del-lote-b-de-la-toma-de-san-felipe\/","og_site_name":"Diario El Trabajo","article_publisher":"https:\/\/www.facebook.com\/ElTrabajoDiario","article_published_time":"2025-04-01T23:49:46+00:00","og_image":[{"width":698,"height":381,"url":"https:\/\/eltrabajo.cl\/web\/wp-content\/uploads\/2025\/04\/toma-Yevide.jpg","type":"image\/jpeg"}],"author":"Diario El Trabajo","twitter_card":"summary_large_image","twitter_creator":"@diarioeltrabajo","twitter_site":"@diarioeltrabajo","twitter_misc":{"Escrito por":"Diario El Trabajo","Tiempo estimado de lectura":"5 minutos"},"schema":{"@context":"https:\/\/schema.org","@graph":[{"@type":"Article","@id":"https:\/\/eltrabajo.cl\/web\/afinan-los-detalles-para-el-desalojo-del-lote-b-de-la-toma-de-san-felipe\/#article","isPartOf":{"@id":"https:\/\/eltrabajo.cl\/web\/afinan-los-detalles-para-el-desalojo-del-lote-b-de-la-toma-de-san-felipe\/"},"author":{"name":"Diario El Trabajo","@id":"https:\/\/eltrabajo.cl\/web\/#\/schema\/person\/45efd3d17f86ec456e44dd7debe1bf19"},"headline":"Afinan los detalles para el desalojo del lote B de la Toma de San Felipe","datePublished":"2025-04-01T23:49:46+00:00","mainEntityOfPage":{"@id":"https:\/\/eltrabajo.cl\/web\/afinan-los-detalles-para-el-desalojo-del-lote-b-de-la-toma-de-san-felipe\/"},"wordCount":842,"commentCount":0,"publisher":{"@id":"https:\/\/eltrabajo.cl\/web\/#organization"},"image":{"@id":"https:\/\/eltrabajo.cl\/web\/afinan-los-detalles-para-el-desalojo-del-lote-b-de-la-toma-de-san-felipe\/#primaryimage"},"thumbnailUrl":"https:\/\/eltrabajo.cl\/web\/wp-content\/uploads\/2025\/04\/toma-Yevide.jpg","articleSection":["Cr\u00f3nica"],"inLanguage":"es-CL","potentialAction":[{"@type":"CommentAction","name":"Comment","target":["https:\/\/eltrabajo.cl\/web\/afinan-los-detalles-para-el-desalojo-del-lote-b-de-la-toma-de-san-felipe\/#respond"]}]},{"@type":"WebPage","@id":"https:\/\/eltrabajo.cl\/web\/afinan-los-detalles-para-el-desalojo-del-lote-b-de-la-toma-de-san-felipe\/","url":"https:\/\/eltrabajo.cl\/web\/afinan-los-detalles-para-el-desalojo-del-lote-b-de-la-toma-de-san-felipe\/","name":"Afinan los detalles para el desalojo del lote B de la Toma de San Felipe - Diario El Trabajo","isPartOf":{"@id":"https:\/\/eltrabajo.cl\/web\/#website"},"primaryImageOfPage":{"@id":"https:\/\/eltrabajo.cl\/web\/afinan-los-detalles-para-el-desalojo-del-lote-b-de-la-toma-de-san-felipe\/#primaryimage"},"image":{"@id":"https:\/\/eltrabajo.cl\/web\/afinan-los-detalles-para-el-desalojo-del-lote-b-de-la-toma-de-san-felipe\/#primaryimage"},"thumbnailUrl":"https:\/\/eltrabajo.cl\/web\/wp-content\/uploads\/2025\/04\/toma-Yevide.jpg","datePublished":"2025-04-01T23:49:46+00:00","breadcrumb":{"@id":"https:\/\/eltrabajo.cl\/web\/afinan-los-detalles-para-el-desalojo-del-lote-b-de-la-toma-de-san-felipe\/#breadcrumb"},"inLanguage":"es-CL","potentialAction":[{"@type":"ReadAction","target":["https:\/\/eltrabajo.cl\/web\/afinan-los-detalles-para-el-desalojo-del-lote-b-de-la-toma-de-san-felipe\/"]}]},{"@type":"ImageObject","inLanguage":"es-CL","@id":"https:\/\/eltrabajo.cl\/web\/afinan-los-detalles-para-el-desalojo-del-lote-b-de-la-toma-de-san-felipe\/#primaryimage","url":"https:\/\/eltrabajo.cl\/web\/wp-content\/uploads\/2025\/04\/toma-Yevide.jpg","contentUrl":"https:\/\/eltrabajo.cl\/web\/wp-content\/uploads\/2025\/04\/toma-Yevide.jpg","width":698,"height":381,"caption":"Alistan los detalles a 24 horas del desalojo de una parte de la toma de San Felipe."},{"@type":"BreadcrumbList","@id":"https:\/\/eltrabajo.cl\/web\/afinan-los-detalles-para-el-desalojo-del-lote-b-de-la-toma-de-san-felipe\/#breadcrumb","itemListElement":[{"@type":"ListItem","position":1,"name":"Portada","item":"https:\/\/eltrabajo.cl\/web\/"},{"@type":"ListItem","position":2,"name":"Afinan los detalles para el desalojo del lote B de la Toma de San Felipe"}]},{"@type":"WebSite","@id":"https:\/\/eltrabajo.cl\/web\/#website","url":"https:\/\/eltrabajo.cl\/web\/","name":"Diario El Trabajo","description":"Desde 1929 construyendo Identidad Local","publisher":{"@id":"https:\/\/eltrabajo.cl\/web\/#organization"},"potentialAction":[{"@type":"SearchAction","target":{"@type":"EntryPoint","urlTemplate":"https:\/\/eltrabajo.cl\/web\/?s={search_term_string}"},"query-input":{"@type":"PropertyValueSpecification","valueRequired":true,"valueName":"search_term_string"}}],"inLanguage":"es-CL"},{"@type":"Organization","@id":"https:\/\/eltrabajo.cl\/web\/#organization","name":"Diario El Trabajo","url":"https:\/\/eltrabajo.cl\/web\/","logo":{"@type":"ImageObject","inLanguage":"es-CL","@id":"https:\/\/eltrabajo.cl\/web\/#\/schema\/logo\/image\/","url":"https:\/\/eltrabajo.cl\/web\/wp-content\/uploads\/2024\/06\/profile-image-ig-page-diarioeltrabajo.jpg","contentUrl":"https:\/\/eltrabajo.cl\/web\/wp-content\/uploads\/2024\/06\/profile-image-ig-page-diarioeltrabajo.jpg","width":823,"height":823,"caption":"Diario El Trabajo"},"image":{"@id":"https:\/\/eltrabajo.cl\/web\/#\/schema\/logo\/image\/"},"sameAs":["https:\/\/www.facebook.com\/ElTrabajoDiario","https:\/\/x.com\/diarioeltrabajo"]},{"@type":"Person","@id":"https:\/\/eltrabajo.cl\/web\/#\/schema\/person\/45efd3d17f86ec456e44dd7debe1bf19","name":"Diario El Trabajo","image":{"@type":"ImageObject","inLanguage":"es-CL","@id":"https:\/\/secure.gravatar.com\/avatar\/7e6ec277dc4aea2677c2dc301d4227957219329c985ab69a3efc12518b5161aa?s=96&d=mm&r=g","url":"https:\/\/secure.gravatar.com\/avatar\/7e6ec277dc4aea2677c2dc301d4227957219329c985ab69a3efc12518b5161aa?s=96&d=mm&r=g","contentUrl":"https:\/\/secure.gravatar.com\/avatar\/7e6ec277dc4aea2677c2dc301d4227957219329c985ab69a3efc12518b5161aa?s=96&d=mm&r=g","caption":"Diario El Trabajo"},"sameAs":["https:\/\/eltrabajo.cl\/web"],"url":"https:\/\/eltrabajo.cl\/web\/author\/diario-el-trabajo\/"}]}},"_links":{"self":[{"href":"https:\/\/eltrabajo.cl\/web\/wp-json\/wp\/v2\/posts\/136109","targetHints":{"allow":["GET"]}}],"collection":[{"href":"https:\/\/eltrabajo.cl\/web\/wp-json\/wp\/v2\/posts"}],"about":[{"href":"https:\/\/eltrabajo.cl\/web\/wp-json\/wp\/v2\/types\/post"}],"author":[{"embeddable":true,"href":"https:\/\/eltrabajo.cl\/web\/wp-json\/wp\/v2\/users\/1"}],"replies":[{"embeddable":true,"href":"https:\/\/eltrabajo.cl\/web\/wp-json\/wp\/v2\/comments?post=136109"}],"version-history":[{"count":1,"href":"https:\/\/eltrabajo.cl\/web\/wp-json\/wp\/v2\/posts\/136109\/revisions"}],"predecessor-version":[{"id":136111,"href":"https:\/\/eltrabajo.cl\/web\/wp-json\/wp\/v2\/posts\/136109\/revisions\/136111"}],"wp:featuredmedia":[{"embeddable":true,"href":"https:\/\/eltrabajo.cl\/web\/wp-json\/wp\/v2\/media\/136110"}],"wp:attachment":[{"href":"https:\/\/eltrabajo.cl\/web\/wp-json\/wp\/v2\/media?parent=136109"}],"wp:term":[{"taxonomy":"category","embeddable":true,"href":"https:\/\/eltrabajo.cl\/web\/wp-json\/wp\/v2\/categories?post=136109"},{"taxonomy":"post_tag","embeddable":true,"href":"https:\/\/eltrabajo.cl\/web\/wp-json\/wp\/v2\/tags?post=136109"}],"curies":[{"name":"wp","href":"https:\/\/api.w.org\/{rel}","templated":true}]}}