{"id":136116,"date":"2025-04-02T20:38:16","date_gmt":"2025-04-02T23:38:16","guid":{"rendered":"https:\/\/eltrabajo.cl\/web\/?p=136116"},"modified":"2025-04-02T20:38:16","modified_gmt":"2025-04-02T23:38:16","slug":"imperdible-panorama-de-sabado-primera-version-de-la-copa-villa-argelia-campeonato-de-basquetbol-3-x-3","status":"publish","type":"post","link":"https:\/\/eltrabajo.cl\/web\/imperdible-panorama-de-sabado-primera-version-de-la-copa-villa-argelia-campeonato-de-basquetbol-3-x-3\/","title":{"rendered":"Imperdible panorama de s\u00e1bado: Primera versi\u00f3n de la \u2018Copa Villa Argelia\u2019, campeonato de b\u00e1squetbol 3 x 3"},"content":{"rendered":"<p>Para este s\u00e1bado 5 de abril, la multicancha de la Villa Argelia de nuestra comuna, se convertir\u00e1 en el epicentro de una fiesta deportiva con la realizaci\u00f3n del primer campeonato de b\u00e1squetbol 3 x 3. El evento, que adem\u00e1s contar\u00e1 con m\u00fasica en vivo y distintas sorpresas, se llevar\u00e1 a cabo a contar de las 17:00 horas y ser\u00e1 con entrada liberada.<\/p>\n<p>La \u2018Copa Villa Argelia\u2019, es organizada conjuntamente por la junta de vecinos y \u2018M4 Entertainment\u2019, a cargo de <strong>Dar\u00edo Malbr\u00e1n N\u00fa\u00f1ez<\/strong>, los cuales buscan brindar un espect\u00e1culo de gran nivel para la comunidad del sector, en esta competencia que contar\u00e1 con equipos de tres jugadores, a diferencia del b\u00e1squetbol tradicional y que promete emoci\u00f3n por montones.<\/p>\n<p>En medio de la jornada deportiva y la m\u00fasica que dar\u00e1 el ritmo con \u2018<strong>Dj Black Machine<\/strong>\u2019, se presentar\u00e1n los artistas urbanos \u2018<strong>Majubb<\/strong>\u2019, \u2018<strong>Basti Bull<\/strong>\u2019 y \u2018<strong>LilPandx<\/strong>\u2019. Adem\u00e1s, la iniciativa contar\u00e1 con venta de comida y bebestibles, as\u00ed como una zona de calentamiento para los jugadores.<\/p>\n<p>A\u00fan hay cupos para quienes quieran disputar la primera edici\u00f3n de la Copa Villa Argelia, la inscripci\u00f3n tiene un valor de $10.000 por equipo y lo pueden hacer comunic\u00e1ndose al WhatsApp +56 9 9469 9788. Para m\u00e1s informaci\u00f3n, visitar el Instagram <strong>@m4.entertainment_<\/strong>.<\/p>\n<p>Dar\u00edo Malbr\u00e1n, organizador del evento con la Junta de Vecinos de la Villa Argelia, entreg\u00f3 los detalles de este 3 x 3 y c\u00f3mo nace la idea de este evento. <em>\u00abAntiguamente yo ya hab\u00eda participado en una agrupaci\u00f3n social y la verdad ven\u00eda con la idea en mi mente hace mucho tiempo de organizar eventos y cosas por el estilo.Entonces, un d\u00eda fui a jugar b\u00e1squetbol a esta canchita donde vamos a realizar el evento y nada, la idea de hacer un campeonato de 3 x 3 se me vino inmediatamente a la cabeza.<\/em><\/p>\n<p>\u00ab<em>Esto surge porque tengo un anhelo de poder dedicarme, quiz\u00e1s, a este mundo de la organizaci\u00f3n de eventos. Me gusta lo que es el trabajo comunitario, trabajar con la comunidad, de repente sin fines de lucro, quiz\u00e1s una organizaci\u00f3n social por decirlo as\u00ed; me gusta\u00bb<\/em>, expres\u00f3.<\/p>\n<p>En cuanto a todas las sorpresas que tendr\u00e1 esta fiesta deportiva, se\u00f1al\u00f3 que <em>\u00abvamos a contar con un DJ, el cual nos va a acompa\u00f1ar toda la jornada, que es DJ Black Machine, quien va a hacer una intervenci\u00f3n tambi\u00e9n en medio de los partidos, de estilo de hip-hop estadounidense de los 80, 90. Vamos a contar con tres artistas; \u2018Majubb\u2019 de Los Andes, \u2018LilPandx\u2019 de LlayLlay y \u2018Basti Bull\u2019 de San Felipe.<\/em><\/p>\n<p>\u00ab<em>Vamos a contar con fot\u00f3grafa, vamos a contar con luces, puestos de comida, posiblemente un patio de comida. Vamos a contar con colaboradores, hay un colaborador que es el gimnasio \u2018Jalea Fit\u2019, quien va a poner un \u00e1rea de de calentamiento, con pesas, mancuernas y cosas as\u00ed para que los muchachos entren motivados a jugar.<\/em><\/p>\n<p>\u00ab<em>Vamos a contar con un \u00e1rbitro profesional de b\u00e1squetbol, vamos a contar con premios para los tres primeros equipos; copa y medallas para los tres primeros equipos. Va a haber un campeonato de triples entre medio del torneo, que tambi\u00e9n va a llevar un premio al ganador. Es gratuito para la comunidad y los equipos participantes tienen que pagar una inscripci\u00f3n de 10.000 pesos por equipo\u00bb<\/em>, coment\u00f3.<\/p>\n<p>En esta l\u00ednea, Malbr\u00e1n explic\u00f3 en qu\u00e9 consiste este 3 x 3 a diferencia del b\u00e1squetbol que conocemos todos. <em>\u00abEsta din\u00e1mica de deporte ya ha tomado fuerza en lo que es los deportes, incluso ol\u00edmpicos. Chile tiene muy buenos representantes en ese deporte. Bueno, la din\u00e1mica es que es distinto del baloncesto normal que todos conocemos, se juega de tres jugadores por lado, no de cinco y los partidos duran 10 minutos,no cuatro cuartos como un partido de b\u00e1squetbol normal<\/em> (\u2026) <em>Se ocupa solo un aro, solo la mitad de cancha, se juega solo en un lado por decirlo as\u00ed\u00bb<\/em>.<\/p>\n<p>Finalmente, estableci\u00f3 los horarios de la primera versi\u00f3n de la Copa Villa Argelia, adem\u00e1s de invitar a toda la comunidad a asistir y a que los \u00faltimos equipos alcancen una inscripci\u00f3n. <em>\u00abEste evento lo estamos organizando en conjunto con la Junta de Vecinos de la V\u00edlla Argelia y se llama \u2018Copa Villa Argelia\u2019 en su primera versi\u00f3n. Esto va a ser el s\u00e1bado 5 de abril, los jugadores est\u00e1n citados a las 4 de la tarde y el evento formalmente empieza a las 5 de la tarde,hasta pasado las 9.<\/em><\/p>\n<p>\u00ab<em>A\u00fan nos quedan unos pocos cupos, invitar a la comunidad de todo el Valle del Aconcagua, tenemos equipos de Putaendo, un equipo de Los Andes, tenemos equipos de mujeres, equipos mixtos, de varones. As\u00ed que va a ser una competencia s\u00faper entretenida y que esperamos replicar quiz\u00e1s en la misma cancha en alguna otra ocasi\u00f3n o en alg\u00fan otro sector del Valle del Aconcagua\u00bb<\/em>, cerr\u00f3 el organizador.<\/p>\n<figure id=\"attachment_136118\" aria-describedby=\"caption-attachment-136118\" style=\"width: 699px\" class=\"wp-caption alignnone\"><img loading=\"lazy\" decoding=\"async\" class=\"size-full wp-image-136118\" src=\"http:\/\/eltrabajo.cl\/web\/wp-content\/uploads\/2025\/04\/3x3-1.jpg\" alt=\"Este s\u00e1bado se realizar\u00e1 el 3 x 3 en la Villa Argelia.  \" width=\"699\" height=\"588\" srcset=\"https:\/\/eltrabajo.cl\/web\/wp-content\/uploads\/2025\/04\/3x3-1.jpg 699w, https:\/\/eltrabajo.cl\/web\/wp-content\/uploads\/2025\/04\/3x3-1-300x252.jpg 300w, https:\/\/eltrabajo.cl\/web\/wp-content\/uploads\/2025\/04\/3x3-1-499x420.jpg 499w, https:\/\/eltrabajo.cl\/web\/wp-content\/uploads\/2025\/04\/3x3-1-150x126.jpg 150w, https:\/\/eltrabajo.cl\/web\/wp-content\/uploads\/2025\/04\/3x3-1-696x585.jpg 696w\" sizes=\"auto, (max-width: 699px) 100vw, 699px\" \/><figcaption id=\"caption-attachment-136118\" class=\"wp-caption-text\">Este s\u00e1bado se realizar\u00e1 el 3 x 3 en la Villa Argelia.<\/figcaption><\/figure>\n<figure id=\"attachment_136117\" aria-describedby=\"caption-attachment-136117\" style=\"width: 700px\" class=\"wp-caption alignnone\"><img loading=\"lazy\" decoding=\"async\" class=\"size-full wp-image-136117\" src=\"http:\/\/eltrabajo.cl\/web\/wp-content\/uploads\/2025\/04\/3x3-4.jpg\" alt=\"La organizaci\u00f3n del evento est\u00e1 a cargo de la junta de vecinos de la villa y 'M4 Entertainmente'.\" width=\"700\" height=\"700\" srcset=\"https:\/\/eltrabajo.cl\/web\/wp-content\/uploads\/2025\/04\/3x3-4.jpg 700w, https:\/\/eltrabajo.cl\/web\/wp-content\/uploads\/2025\/04\/3x3-4-300x300.jpg 300w, https:\/\/eltrabajo.cl\/web\/wp-content\/uploads\/2025\/04\/3x3-4-150x150.jpg 150w, https:\/\/eltrabajo.cl\/web\/wp-content\/uploads\/2025\/04\/3x3-4-420x420.jpg 420w, https:\/\/eltrabajo.cl\/web\/wp-content\/uploads\/2025\/04\/3x3-4-696x696.jpg 696w\" sizes=\"auto, (max-width: 700px) 100vw, 700px\" \/><figcaption id=\"caption-attachment-136117\" class=\"wp-caption-text\">La organizaci\u00f3n del evento est\u00e1 a cargo de la junta de vecinos de la villa y &#8216;M4 Entertainmente&#8217;.<\/figcaption><\/figure>\n<figure id=\"attachment_136119\" aria-describedby=\"caption-attachment-136119\" style=\"width: 699px\" class=\"wp-caption alignnone\"><img loading=\"lazy\" decoding=\"async\" class=\"size-full wp-image-136119\" src=\"http:\/\/eltrabajo.cl\/web\/wp-content\/uploads\/2025\/04\/3x3-2.jpg\" alt=\"Flayer oficial de la primera edici\u00f3n de la Copa Villa Argelia.\" width=\"699\" height=\"986\" srcset=\"https:\/\/eltrabajo.cl\/web\/wp-content\/uploads\/2025\/04\/3x3-2.jpg 699w, https:\/\/eltrabajo.cl\/web\/wp-content\/uploads\/2025\/04\/3x3-2-213x300.jpg 213w, https:\/\/eltrabajo.cl\/web\/wp-content\/uploads\/2025\/04\/3x3-2-298x420.jpg 298w, https:\/\/eltrabajo.cl\/web\/wp-content\/uploads\/2025\/04\/3x3-2-150x212.jpg 150w, https:\/\/eltrabajo.cl\/web\/wp-content\/uploads\/2025\/04\/3x3-2-300x423.jpg 300w, https:\/\/eltrabajo.cl\/web\/wp-content\/uploads\/2025\/04\/3x3-2-696x982.jpg 696w\" sizes=\"auto, (max-width: 699px) 100vw, 699px\" \/><figcaption id=\"caption-attachment-136119\" class=\"wp-caption-text\">Flayer oficial de la primera edici\u00f3n de la Copa Villa Argelia.<\/figcaption><\/figure>\n","protected":false},"excerpt":{"rendered":"<p>Para este s\u00e1bado 5 de abril, la multicancha de la Villa Argelia de nuestra comuna, se convertir\u00e1 en el epicentro de una fiesta deportiva con la realizaci\u00f3n del primer campeonato de b\u00e1squetbol 3 x 3. El evento, que adem\u00e1s contar\u00e1 con m\u00fasica en vivo y distintas sorpresas, se llevar\u00e1 a cabo a contar de las [&hellip;]<\/p>\n","protected":false},"author":1,"featured_media":136119,"comment_status":"open","ping_status":"closed","sticky":false,"template":"","format":"standard","meta":{"footnotes":""},"categories":[4],"tags":[],"class_list":{"0":"post-136116","1":"post","2":"type-post","3":"status-publish","4":"format-standard","5":"has-post-thumbnail","7":"category-comunidad"},"yoast_head":"<!-- This site is optimized with the Yoast SEO plugin v27.4 - https:\/\/yoast.com\/product\/yoast-seo-wordpress\/ -->\n<title>Imperdible panorama de s\u00e1bado: Primera versi\u00f3n de la \u2018Copa Villa Argelia\u2019, campeonato de b\u00e1squetbol 3 x 3 - Diario El Trabajo<\/title>\n<meta name=\"robots\" content=\"index, follow, max-snippet:-1, max-image-preview:large, max-video-preview:-1\" \/>\n<link rel=\"canonical\" href=\"https:\/\/eltrabajo.cl\/web\/imperdible-panorama-de-sabado-primera-version-de-la-copa-villa-argelia-campeonato-de-basquetbol-3-x-3\/\" \/>\n<meta property=\"og:locale\" content=\"es_ES\" \/>\n<meta property=\"og:type\" content=\"article\" \/>\n<meta property=\"og:title\" content=\"Imperdible panorama de s\u00e1bado: Primera versi\u00f3n de la \u2018Copa Villa Argelia\u2019, campeonato de b\u00e1squetbol 3 x 3 - Diario El Trabajo\" \/>\n<meta property=\"og:description\" content=\"Para este s\u00e1bado 5 de abril, la multicancha de la Villa Argelia de nuestra comuna, se convertir\u00e1 en el epicentro de una fiesta deportiva con la realizaci\u00f3n del primer campeonato de b\u00e1squetbol 3 x 3. El evento, que adem\u00e1s contar\u00e1 con m\u00fasica en vivo y distintas sorpresas, se llevar\u00e1 a cabo a contar de las [&hellip;]\" \/>\n<meta property=\"og:url\" content=\"https:\/\/eltrabajo.cl\/web\/imperdible-panorama-de-sabado-primera-version-de-la-copa-villa-argelia-campeonato-de-basquetbol-3-x-3\/\" \/>\n<meta property=\"og:site_name\" content=\"Diario El Trabajo\" \/>\n<meta property=\"article:publisher\" content=\"https:\/\/www.facebook.com\/ElTrabajoDiario\" \/>\n<meta property=\"article:published_time\" content=\"2025-04-02T23:38:16+00:00\" \/>\n<meta property=\"og:image\" content=\"https:\/\/eltrabajo.cl\/web\/wp-content\/uploads\/2025\/04\/3x3-2.jpg\" \/>\n\t<meta property=\"og:image:width\" content=\"699\" \/>\n\t<meta property=\"og:image:height\" content=\"986\" \/>\n\t<meta property=\"og:image:type\" content=\"image\/jpeg\" \/>\n<meta name=\"author\" content=\"Diario El Trabajo\" \/>\n<meta name=\"twitter:card\" content=\"summary_large_image\" \/>\n<meta name=\"twitter:creator\" content=\"@diarioeltrabajo\" \/>\n<meta name=\"twitter:site\" content=\"@diarioeltrabajo\" \/>\n<meta name=\"twitter:label1\" content=\"Escrito por\" \/>\n\t<meta name=\"twitter:data1\" content=\"Diario El Trabajo\" \/>\n\t<meta name=\"twitter:label2\" content=\"Tiempo estimado de lectura\" \/>\n\t<meta name=\"twitter:data2\" content=\"5 minutos\" \/>\n<script type=\"application\/ld+json\" class=\"yoast-schema-graph\">{\"@context\":\"https:\\\/\\\/schema.org\",\"@graph\":[{\"@type\":\"Article\",\"@id\":\"https:\\\/\\\/eltrabajo.cl\\\/web\\\/imperdible-panorama-de-sabado-primera-version-de-la-copa-villa-argelia-campeonato-de-basquetbol-3-x-3\\\/#article\",\"isPartOf\":{\"@id\":\"https:\\\/\\\/eltrabajo.cl\\\/web\\\/imperdible-panorama-de-sabado-primera-version-de-la-copa-villa-argelia-campeonato-de-basquetbol-3-x-3\\\/\"},\"author\":{\"name\":\"Diario El Trabajo\",\"@id\":\"https:\\\/\\\/eltrabajo.cl\\\/web\\\/#\\\/schema\\\/person\\\/45efd3d17f86ec456e44dd7debe1bf19\"},\"headline\":\"Imperdible panorama de s\u00e1bado: Primera versi\u00f3n de la \u2018Copa Villa Argelia\u2019, campeonato de b\u00e1squetbol 3 x 3\",\"datePublished\":\"2025-04-02T23:38:16+00:00\",\"mainEntityOfPage\":{\"@id\":\"https:\\\/\\\/eltrabajo.cl\\\/web\\\/imperdible-panorama-de-sabado-primera-version-de-la-copa-villa-argelia-campeonato-de-basquetbol-3-x-3\\\/\"},\"wordCount\":918,\"commentCount\":0,\"publisher\":{\"@id\":\"https:\\\/\\\/eltrabajo.cl\\\/web\\\/#organization\"},\"image\":{\"@id\":\"https:\\\/\\\/eltrabajo.cl\\\/web\\\/imperdible-panorama-de-sabado-primera-version-de-la-copa-villa-argelia-campeonato-de-basquetbol-3-x-3\\\/#primaryimage\"},\"thumbnailUrl\":\"https:\\\/\\\/eltrabajo.cl\\\/web\\\/wp-content\\\/uploads\\\/2025\\\/04\\\/3x3-2.jpg\",\"articleSection\":[\"Comunidad\"],\"inLanguage\":\"es-CL\",\"potentialAction\":[{\"@type\":\"CommentAction\",\"name\":\"Comment\",\"target\":[\"https:\\\/\\\/eltrabajo.cl\\\/web\\\/imperdible-panorama-de-sabado-primera-version-de-la-copa-villa-argelia-campeonato-de-basquetbol-3-x-3\\\/#respond\"]}]},{\"@type\":\"WebPage\",\"@id\":\"https:\\\/\\\/eltrabajo.cl\\\/web\\\/imperdible-panorama-de-sabado-primera-version-de-la-copa-villa-argelia-campeonato-de-basquetbol-3-x-3\\\/\",\"url\":\"https:\\\/\\\/eltrabajo.cl\\\/web\\\/imperdible-panorama-de-sabado-primera-version-de-la-copa-villa-argelia-campeonato-de-basquetbol-3-x-3\\\/\",\"name\":\"Imperdible panorama de s\u00e1bado: Primera versi\u00f3n de la \u2018Copa Villa Argelia\u2019, campeonato de b\u00e1squetbol 3 x 3 - Diario El Trabajo\",\"isPartOf\":{\"@id\":\"https:\\\/\\\/eltrabajo.cl\\\/web\\\/#website\"},\"primaryImageOfPage\":{\"@id\":\"https:\\\/\\\/eltrabajo.cl\\\/web\\\/imperdible-panorama-de-sabado-primera-version-de-la-copa-villa-argelia-campeonato-de-basquetbol-3-x-3\\\/#primaryimage\"},\"image\":{\"@id\":\"https:\\\/\\\/eltrabajo.cl\\\/web\\\/imperdible-panorama-de-sabado-primera-version-de-la-copa-villa-argelia-campeonato-de-basquetbol-3-x-3\\\/#primaryimage\"},\"thumbnailUrl\":\"https:\\\/\\\/eltrabajo.cl\\\/web\\\/wp-content\\\/uploads\\\/2025\\\/04\\\/3x3-2.jpg\",\"datePublished\":\"2025-04-02T23:38:16+00:00\",\"breadcrumb\":{\"@id\":\"https:\\\/\\\/eltrabajo.cl\\\/web\\\/imperdible-panorama-de-sabado-primera-version-de-la-copa-villa-argelia-campeonato-de-basquetbol-3-x-3\\\/#breadcrumb\"},\"inLanguage\":\"es-CL\",\"potentialAction\":[{\"@type\":\"ReadAction\",\"target\":[\"https:\\\/\\\/eltrabajo.cl\\\/web\\\/imperdible-panorama-de-sabado-primera-version-de-la-copa-villa-argelia-campeonato-de-basquetbol-3-x-3\\\/\"]}]},{\"@type\":\"ImageObject\",\"inLanguage\":\"es-CL\",\"@id\":\"https:\\\/\\\/eltrabajo.cl\\\/web\\\/imperdible-panorama-de-sabado-primera-version-de-la-copa-villa-argelia-campeonato-de-basquetbol-3-x-3\\\/#primaryimage\",\"url\":\"https:\\\/\\\/eltrabajo.cl\\\/web\\\/wp-content\\\/uploads\\\/2025\\\/04\\\/3x3-2.jpg\",\"contentUrl\":\"https:\\\/\\\/eltrabajo.cl\\\/web\\\/wp-content\\\/uploads\\\/2025\\\/04\\\/3x3-2.jpg\",\"width\":699,\"height\":986,\"caption\":\"Flayer oficial de la primera edici\u00f3n de la Copa Villa Argelia.\"},{\"@type\":\"BreadcrumbList\",\"@id\":\"https:\\\/\\\/eltrabajo.cl\\\/web\\\/imperdible-panorama-de-sabado-primera-version-de-la-copa-villa-argelia-campeonato-de-basquetbol-3-x-3\\\/#breadcrumb\",\"itemListElement\":[{\"@type\":\"ListItem\",\"position\":1,\"name\":\"Portada\",\"item\":\"https:\\\/\\\/eltrabajo.cl\\\/web\\\/\"},{\"@type\":\"ListItem\",\"position\":2,\"name\":\"Imperdible panorama de s\u00e1bado: Primera versi\u00f3n de la \u2018Copa Villa Argelia\u2019, campeonato de b\u00e1squetbol 3 x 3\"}]},{\"@type\":\"WebSite\",\"@id\":\"https:\\\/\\\/eltrabajo.cl\\\/web\\\/#website\",\"url\":\"https:\\\/\\\/eltrabajo.cl\\\/web\\\/\",\"name\":\"Diario El Trabajo\",\"description\":\"Desde 1929 construyendo Identidad Local\",\"publisher\":{\"@id\":\"https:\\\/\\\/eltrabajo.cl\\\/web\\\/#organization\"},\"potentialAction\":[{\"@type\":\"SearchAction\",\"target\":{\"@type\":\"EntryPoint\",\"urlTemplate\":\"https:\\\/\\\/eltrabajo.cl\\\/web\\\/?s={search_term_string}\"},\"query-input\":{\"@type\":\"PropertyValueSpecification\",\"valueRequired\":true,\"valueName\":\"search_term_string\"}}],\"inLanguage\":\"es-CL\"},{\"@type\":\"Organization\",\"@id\":\"https:\\\/\\\/eltrabajo.cl\\\/web\\\/#organization\",\"name\":\"Diario El Trabajo\",\"url\":\"https:\\\/\\\/eltrabajo.cl\\\/web\\\/\",\"logo\":{\"@type\":\"ImageObject\",\"inLanguage\":\"es-CL\",\"@id\":\"https:\\\/\\\/eltrabajo.cl\\\/web\\\/#\\\/schema\\\/logo\\\/image\\\/\",\"url\":\"https:\\\/\\\/eltrabajo.cl\\\/web\\\/wp-content\\\/uploads\\\/2024\\\/06\\\/profile-image-ig-page-diarioeltrabajo.jpg\",\"contentUrl\":\"https:\\\/\\\/eltrabajo.cl\\\/web\\\/wp-content\\\/uploads\\\/2024\\\/06\\\/profile-image-ig-page-diarioeltrabajo.jpg\",\"width\":823,\"height\":823,\"caption\":\"Diario El Trabajo\"},\"image\":{\"@id\":\"https:\\\/\\\/eltrabajo.cl\\\/web\\\/#\\\/schema\\\/logo\\\/image\\\/\"},\"sameAs\":[\"https:\\\/\\\/www.facebook.com\\\/ElTrabajoDiario\",\"https:\\\/\\\/x.com\\\/diarioeltrabajo\"]},{\"@type\":\"Person\",\"@id\":\"https:\\\/\\\/eltrabajo.cl\\\/web\\\/#\\\/schema\\\/person\\\/45efd3d17f86ec456e44dd7debe1bf19\",\"name\":\"Diario El Trabajo\",\"image\":{\"@type\":\"ImageObject\",\"inLanguage\":\"es-CL\",\"@id\":\"https:\\\/\\\/secure.gravatar.com\\\/avatar\\\/7e6ec277dc4aea2677c2dc301d4227957219329c985ab69a3efc12518b5161aa?s=96&d=mm&r=g\",\"url\":\"https:\\\/\\\/secure.gravatar.com\\\/avatar\\\/7e6ec277dc4aea2677c2dc301d4227957219329c985ab69a3efc12518b5161aa?s=96&d=mm&r=g\",\"contentUrl\":\"https:\\\/\\\/secure.gravatar.com\\\/avatar\\\/7e6ec277dc4aea2677c2dc301d4227957219329c985ab69a3efc12518b5161aa?s=96&d=mm&r=g\",\"caption\":\"Diario El Trabajo\"},\"sameAs\":[\"https:\\\/\\\/eltrabajo.cl\\\/web\"],\"url\":\"https:\\\/\\\/eltrabajo.cl\\\/web\\\/author\\\/diario-el-trabajo\\\/\"}]}<\/script>\n<!-- \/ Yoast SEO plugin. -->","yoast_head_json":{"title":"Imperdible panorama de s\u00e1bado: Primera versi\u00f3n de la \u2018Copa Villa Argelia\u2019, campeonato de b\u00e1squetbol 3 x 3 - Diario El Trabajo","robots":{"index":"index","follow":"follow","max-snippet":"max-snippet:-1","max-image-preview":"max-image-preview:large","max-video-preview":"max-video-preview:-1"},"canonical":"https:\/\/eltrabajo.cl\/web\/imperdible-panorama-de-sabado-primera-version-de-la-copa-villa-argelia-campeonato-de-basquetbol-3-x-3\/","og_locale":"es_ES","og_type":"article","og_title":"Imperdible panorama de s\u00e1bado: Primera versi\u00f3n de la \u2018Copa Villa Argelia\u2019, campeonato de b\u00e1squetbol 3 x 3 - Diario El Trabajo","og_description":"Para este s\u00e1bado 5 de abril, la multicancha de la Villa Argelia de nuestra comuna, se convertir\u00e1 en el epicentro de una fiesta deportiva con la realizaci\u00f3n del primer campeonato de b\u00e1squetbol 3 x 3. El evento, que adem\u00e1s contar\u00e1 con m\u00fasica en vivo y distintas sorpresas, se llevar\u00e1 a cabo a contar de las [&hellip;]","og_url":"https:\/\/eltrabajo.cl\/web\/imperdible-panorama-de-sabado-primera-version-de-la-copa-villa-argelia-campeonato-de-basquetbol-3-x-3\/","og_site_name":"Diario El Trabajo","article_publisher":"https:\/\/www.facebook.com\/ElTrabajoDiario","article_published_time":"2025-04-02T23:38:16+00:00","og_image":[{"width":699,"height":986,"url":"https:\/\/eltrabajo.cl\/web\/wp-content\/uploads\/2025\/04\/3x3-2.jpg","type":"image\/jpeg"}],"author":"Diario El Trabajo","twitter_card":"summary_large_image","twitter_creator":"@diarioeltrabajo","twitter_site":"@diarioeltrabajo","twitter_misc":{"Escrito por":"Diario El Trabajo","Tiempo estimado de lectura":"5 minutos"},"schema":{"@context":"https:\/\/schema.org","@graph":[{"@type":"Article","@id":"https:\/\/eltrabajo.cl\/web\/imperdible-panorama-de-sabado-primera-version-de-la-copa-villa-argelia-campeonato-de-basquetbol-3-x-3\/#article","isPartOf":{"@id":"https:\/\/eltrabajo.cl\/web\/imperdible-panorama-de-sabado-primera-version-de-la-copa-villa-argelia-campeonato-de-basquetbol-3-x-3\/"},"author":{"name":"Diario El Trabajo","@id":"https:\/\/eltrabajo.cl\/web\/#\/schema\/person\/45efd3d17f86ec456e44dd7debe1bf19"},"headline":"Imperdible panorama de s\u00e1bado: Primera versi\u00f3n de la \u2018Copa Villa Argelia\u2019, campeonato de b\u00e1squetbol 3 x 3","datePublished":"2025-04-02T23:38:16+00:00","mainEntityOfPage":{"@id":"https:\/\/eltrabajo.cl\/web\/imperdible-panorama-de-sabado-primera-version-de-la-copa-villa-argelia-campeonato-de-basquetbol-3-x-3\/"},"wordCount":918,"commentCount":0,"publisher":{"@id":"https:\/\/eltrabajo.cl\/web\/#organization"},"image":{"@id":"https:\/\/eltrabajo.cl\/web\/imperdible-panorama-de-sabado-primera-version-de-la-copa-villa-argelia-campeonato-de-basquetbol-3-x-3\/#primaryimage"},"thumbnailUrl":"https:\/\/eltrabajo.cl\/web\/wp-content\/uploads\/2025\/04\/3x3-2.jpg","articleSection":["Comunidad"],"inLanguage":"es-CL","potentialAction":[{"@type":"CommentAction","name":"Comment","target":["https:\/\/eltrabajo.cl\/web\/imperdible-panorama-de-sabado-primera-version-de-la-copa-villa-argelia-campeonato-de-basquetbol-3-x-3\/#respond"]}]},{"@type":"WebPage","@id":"https:\/\/eltrabajo.cl\/web\/imperdible-panorama-de-sabado-primera-version-de-la-copa-villa-argelia-campeonato-de-basquetbol-3-x-3\/","url":"https:\/\/eltrabajo.cl\/web\/imperdible-panorama-de-sabado-primera-version-de-la-copa-villa-argelia-campeonato-de-basquetbol-3-x-3\/","name":"Imperdible panorama de s\u00e1bado: Primera versi\u00f3n de la \u2018Copa Villa Argelia\u2019, campeonato de b\u00e1squetbol 3 x 3 - Diario El Trabajo","isPartOf":{"@id":"https:\/\/eltrabajo.cl\/web\/#website"},"primaryImageOfPage":{"@id":"https:\/\/eltrabajo.cl\/web\/imperdible-panorama-de-sabado-primera-version-de-la-copa-villa-argelia-campeonato-de-basquetbol-3-x-3\/#primaryimage"},"image":{"@id":"https:\/\/eltrabajo.cl\/web\/imperdible-panorama-de-sabado-primera-version-de-la-copa-villa-argelia-campeonato-de-basquetbol-3-x-3\/#primaryimage"},"thumbnailUrl":"https:\/\/eltrabajo.cl\/web\/wp-content\/uploads\/2025\/04\/3x3-2.jpg","datePublished":"2025-04-02T23:38:16+00:00","breadcrumb":{"@id":"https:\/\/eltrabajo.cl\/web\/imperdible-panorama-de-sabado-primera-version-de-la-copa-villa-argelia-campeonato-de-basquetbol-3-x-3\/#breadcrumb"},"inLanguage":"es-CL","potentialAction":[{"@type":"ReadAction","target":["https:\/\/eltrabajo.cl\/web\/imperdible-panorama-de-sabado-primera-version-de-la-copa-villa-argelia-campeonato-de-basquetbol-3-x-3\/"]}]},{"@type":"ImageObject","inLanguage":"es-CL","@id":"https:\/\/eltrabajo.cl\/web\/imperdible-panorama-de-sabado-primera-version-de-la-copa-villa-argelia-campeonato-de-basquetbol-3-x-3\/#primaryimage","url":"https:\/\/eltrabajo.cl\/web\/wp-content\/uploads\/2025\/04\/3x3-2.jpg","contentUrl":"https:\/\/eltrabajo.cl\/web\/wp-content\/uploads\/2025\/04\/3x3-2.jpg","width":699,"height":986,"caption":"Flayer oficial de la primera edici\u00f3n de la Copa Villa Argelia."},{"@type":"BreadcrumbList","@id":"https:\/\/eltrabajo.cl\/web\/imperdible-panorama-de-sabado-primera-version-de-la-copa-villa-argelia-campeonato-de-basquetbol-3-x-3\/#breadcrumb","itemListElement":[{"@type":"ListItem","position":1,"name":"Portada","item":"https:\/\/eltrabajo.cl\/web\/"},{"@type":"ListItem","position":2,"name":"Imperdible panorama de s\u00e1bado: Primera versi\u00f3n de la \u2018Copa Villa Argelia\u2019, campeonato de b\u00e1squetbol 3 x 3"}]},{"@type":"WebSite","@id":"https:\/\/eltrabajo.cl\/web\/#website","url":"https:\/\/eltrabajo.cl\/web\/","name":"Diario El Trabajo","description":"Desde 1929 construyendo Identidad Local","publisher":{"@id":"https:\/\/eltrabajo.cl\/web\/#organization"},"potentialAction":[{"@type":"SearchAction","target":{"@type":"EntryPoint","urlTemplate":"https:\/\/eltrabajo.cl\/web\/?s={search_term_string}"},"query-input":{"@type":"PropertyValueSpecification","valueRequired":true,"valueName":"search_term_string"}}],"inLanguage":"es-CL"},{"@type":"Organization","@id":"https:\/\/eltrabajo.cl\/web\/#organization","name":"Diario El Trabajo","url":"https:\/\/eltrabajo.cl\/web\/","logo":{"@type":"ImageObject","inLanguage":"es-CL","@id":"https:\/\/eltrabajo.cl\/web\/#\/schema\/logo\/image\/","url":"https:\/\/eltrabajo.cl\/web\/wp-content\/uploads\/2024\/06\/profile-image-ig-page-diarioeltrabajo.jpg","contentUrl":"https:\/\/eltrabajo.cl\/web\/wp-content\/uploads\/2024\/06\/profile-image-ig-page-diarioeltrabajo.jpg","width":823,"height":823,"caption":"Diario El Trabajo"},"image":{"@id":"https:\/\/eltrabajo.cl\/web\/#\/schema\/logo\/image\/"},"sameAs":["https:\/\/www.facebook.com\/ElTrabajoDiario","https:\/\/x.com\/diarioeltrabajo"]},{"@type":"Person","@id":"https:\/\/eltrabajo.cl\/web\/#\/schema\/person\/45efd3d17f86ec456e44dd7debe1bf19","name":"Diario El Trabajo","image":{"@type":"ImageObject","inLanguage":"es-CL","@id":"https:\/\/secure.gravatar.com\/avatar\/7e6ec277dc4aea2677c2dc301d4227957219329c985ab69a3efc12518b5161aa?s=96&d=mm&r=g","url":"https:\/\/secure.gravatar.com\/avatar\/7e6ec277dc4aea2677c2dc301d4227957219329c985ab69a3efc12518b5161aa?s=96&d=mm&r=g","contentUrl":"https:\/\/secure.gravatar.com\/avatar\/7e6ec277dc4aea2677c2dc301d4227957219329c985ab69a3efc12518b5161aa?s=96&d=mm&r=g","caption":"Diario El Trabajo"},"sameAs":["https:\/\/eltrabajo.cl\/web"],"url":"https:\/\/eltrabajo.cl\/web\/author\/diario-el-trabajo\/"}]}},"_links":{"self":[{"href":"https:\/\/eltrabajo.cl\/web\/wp-json\/wp\/v2\/posts\/136116","targetHints":{"allow":["GET"]}}],"collection":[{"href":"https:\/\/eltrabajo.cl\/web\/wp-json\/wp\/v2\/posts"}],"about":[{"href":"https:\/\/eltrabajo.cl\/web\/wp-json\/wp\/v2\/types\/post"}],"author":[{"embeddable":true,"href":"https:\/\/eltrabajo.cl\/web\/wp-json\/wp\/v2\/users\/1"}],"replies":[{"embeddable":true,"href":"https:\/\/eltrabajo.cl\/web\/wp-json\/wp\/v2\/comments?post=136116"}],"version-history":[{"count":1,"href":"https:\/\/eltrabajo.cl\/web\/wp-json\/wp\/v2\/posts\/136116\/revisions"}],"predecessor-version":[{"id":136120,"href":"https:\/\/eltrabajo.cl\/web\/wp-json\/wp\/v2\/posts\/136116\/revisions\/136120"}],"wp:featuredmedia":[{"embeddable":true,"href":"https:\/\/eltrabajo.cl\/web\/wp-json\/wp\/v2\/media\/136119"}],"wp:attachment":[{"href":"https:\/\/eltrabajo.cl\/web\/wp-json\/wp\/v2\/media?parent=136116"}],"wp:term":[{"taxonomy":"category","embeddable":true,"href":"https:\/\/eltrabajo.cl\/web\/wp-json\/wp\/v2\/categories?post=136116"},{"taxonomy":"post_tag","embeddable":true,"href":"https:\/\/eltrabajo.cl\/web\/wp-json\/wp\/v2\/tags?post=136116"}],"curies":[{"name":"wp","href":"https:\/\/api.w.org\/{rel}","templated":true}]}}