{"id":136121,"date":"2025-04-02T20:41:22","date_gmt":"2025-04-02T23:41:22","guid":{"rendered":"https:\/\/eltrabajo.cl\/web\/?p=136121"},"modified":"2025-04-02T20:41:22","modified_gmt":"2025-04-02T23:41:22","slug":"en-poblacion-santa-brigida-llevan-varios-dias-sin-luz-en-el-alumbrado-publico","status":"publish","type":"post","link":"https:\/\/eltrabajo.cl\/web\/en-poblacion-santa-brigida-llevan-varios-dias-sin-luz-en-el-alumbrado-publico\/","title":{"rendered":"En Poblaci\u00f3n Santa Br\u00edgida llevan varios d\u00edas sin luz en el alumbrado p\u00fablico"},"content":{"rendered":"<ul>\n<li><strong>Vecinos han intentado tomar contacto con la empresa y no han tenido respuesta.-<\/strong><\/li>\n<\/ul>\n<p>\u00bfQu\u00e9 pasa con la empresa de mantenci\u00f3n de luminarias de San Felipe que no responde a los reclamos de la gente? Decimos esto porque este d\u00eda martes se puso en contacto un vecino de Poblaci\u00f3n Santa Br\u00edgida, <strong>Sergio<\/strong>, para pedirnos el contacto de la empresa encargada de la mantenci\u00f3n de las luminarias; lo encontramos y se lo dimos. El vecino nos indic\u00f3 que hab\u00eda mandado mensajes pidiendo solucionar la falta de luz en el alumbrado y no han tenido respuesta.<\/p>\n<p>\u00ab<em>Llevamos tres noches sin luz en el pasaje de la Santa Br\u00edgida, \u00bfa qui\u00e9n debemos reclamar o tel\u00e9fono para que las repongan por favor?\u00bb<\/em>, mencion\u00f3 el vecino.<\/p>\n<p>Luego de haber obtenido el contacto, nos dice que <em>\u00abah\u00ed les mand\u00e9 un mensajito a esta gente, vamos a ver si tengo respuesta en la ma\u00f1ana. Si no tengo, ah\u00ed les comunico a ustedes\u00bb<\/em>, indic\u00f3.<\/p>\n<p>En esta l\u00ednea, ayer a eso de las 07:30 horas nos mand\u00f3 un audio donde lamentablemente se\u00f1ala que <em>\u00abseguimos sin luz aqu\u00ed en la Santa Br\u00edgida, pasaje Juan Rebolledo, se han mandado los WhatsApp al n\u00famero que ustedes me enviaron y no hay respuesta ni contestan el tel\u00e9fono. \u00bfQu\u00e9 pasa? Y as\u00ed hablamos de la seguridad y hay varios vecinos que dejan sus veh\u00edculos afuera aqu\u00ed, imag\u00ednese con esta oscuridad est\u00e1n a la merced de los delincuentes\u00bb<\/em>, concluy\u00f3.<\/p>\n<p>Otro vecino, <strong>Miguel<\/strong>, nos mand\u00f3 lo siguiente, tambi\u00e9n relacionado con la falta de luz en Poblaci\u00f3n Santa Br\u00edgida.<\/p>\n<p>\u00abPor favor, si nos puede echar una manito, el alumbrado p\u00fablico est\u00e1 apagado desde el domingo en Calle Uno de la Poblaci\u00f3n Santa Br\u00edgida\u00bb, estableci\u00f3.<\/p>\n<p>Este \u00faltimo, al cerrar la nota, nos dice que se comunic\u00f3 con la Municipalidad de San Felipe: <em>\u00abMe dieron un n\u00famero telef\u00f3nico al cual llam\u00e9 y agendaron una visita no s\u00e9 para cuando, pero dijeron que ir\u00edan. Lo malo de todo esto, es que en las redes sociales y hasta incluso en la p\u00e1gina web de la municipalidad, todos los n\u00fameros telef\u00f3nicos para reportar\u2026no funcionan\u00bb<\/em>, se\u00f1al\u00f3 el vecino Miguel<\/p>\n<p>Recordar a la opini\u00f3n p\u00fablica, que son unos 10 millones de pesos mensuales que la Municipalidad de San Felipe paga mensual por el mantenimiento de las luminarias en la comuna.<\/p>\n<p>Hasta el cierre de esta nota no ten\u00edamos informaci\u00f3n si hab\u00eda concurrido o no la empresa.<\/p>\n<figure id=\"attachment_136123\" aria-describedby=\"caption-attachment-136123\" style=\"width: 699px\" class=\"wp-caption alignnone\"><img loading=\"lazy\" decoding=\"async\" class=\"size-full wp-image-136123\" src=\"http:\/\/eltrabajo.cl\/web\/wp-content\/uploads\/2025\/04\/sin-luz-1.jpg\" alt=\"Esto imagen nos hicieron llegar desde Poblaci\u00f3n Santa Br\u00edgida.\" width=\"699\" height=\"799\" srcset=\"https:\/\/eltrabajo.cl\/web\/wp-content\/uploads\/2025\/04\/sin-luz-1.jpg 699w, https:\/\/eltrabajo.cl\/web\/wp-content\/uploads\/2025\/04\/sin-luz-1-262x300.jpg 262w, https:\/\/eltrabajo.cl\/web\/wp-content\/uploads\/2025\/04\/sin-luz-1-367x420.jpg 367w, https:\/\/eltrabajo.cl\/web\/wp-content\/uploads\/2025\/04\/sin-luz-1-150x171.jpg 150w, https:\/\/eltrabajo.cl\/web\/wp-content\/uploads\/2025\/04\/sin-luz-1-300x343.jpg 300w, https:\/\/eltrabajo.cl\/web\/wp-content\/uploads\/2025\/04\/sin-luz-1-696x796.jpg 696w\" sizes=\"auto, (max-width: 699px) 100vw, 699px\" \/><figcaption id=\"caption-attachment-136123\" class=\"wp-caption-text\">Esto imagen nos hicieron llegar desde Poblaci\u00f3n Santa Br\u00edgida.<\/figcaption><\/figure>\n<figure id=\"attachment_136124\" aria-describedby=\"caption-attachment-136124\" style=\"width: 699px\" class=\"wp-caption alignnone\"><img loading=\"lazy\" decoding=\"async\" class=\"size-full wp-image-136124\" src=\"http:\/\/eltrabajo.cl\/web\/wp-content\/uploads\/2025\/04\/sin-luz-2.jpg\" alt=\"Pasaje sin luz.\" width=\"699\" height=\"1122\" srcset=\"https:\/\/eltrabajo.cl\/web\/wp-content\/uploads\/2025\/04\/sin-luz-2.jpg 699w, https:\/\/eltrabajo.cl\/web\/wp-content\/uploads\/2025\/04\/sin-luz-2-187x300.jpg 187w, https:\/\/eltrabajo.cl\/web\/wp-content\/uploads\/2025\/04\/sin-luz-2-638x1024.jpg 638w, https:\/\/eltrabajo.cl\/web\/wp-content\/uploads\/2025\/04\/sin-luz-2-262x420.jpg 262w, https:\/\/eltrabajo.cl\/web\/wp-content\/uploads\/2025\/04\/sin-luz-2-150x241.jpg 150w, https:\/\/eltrabajo.cl\/web\/wp-content\/uploads\/2025\/04\/sin-luz-2-300x482.jpg 300w, https:\/\/eltrabajo.cl\/web\/wp-content\/uploads\/2025\/04\/sin-luz-2-696x1117.jpg 696w\" sizes=\"auto, (max-width: 699px) 100vw, 699px\" \/><figcaption id=\"caption-attachment-136124\" class=\"wp-caption-text\">Pasaje sin luz.<\/figcaption><\/figure>\n<figure id=\"attachment_136125\" aria-describedby=\"caption-attachment-136125\" style=\"width: 699px\" class=\"wp-caption alignnone\"><img loading=\"lazy\" decoding=\"async\" class=\"size-full wp-image-136125\" src=\"http:\/\/eltrabajo.cl\/web\/wp-content\/uploads\/2025\/04\/sin-luz-3.jpg\" alt=\"Hasta este martes todo segu\u00eda oscuro.\" width=\"699\" height=\"1178\" srcset=\"https:\/\/eltrabajo.cl\/web\/wp-content\/uploads\/2025\/04\/sin-luz-3.jpg 699w, https:\/\/eltrabajo.cl\/web\/wp-content\/uploads\/2025\/04\/sin-luz-3-178x300.jpg 178w, https:\/\/eltrabajo.cl\/web\/wp-content\/uploads\/2025\/04\/sin-luz-3-608x1024.jpg 608w, https:\/\/eltrabajo.cl\/web\/wp-content\/uploads\/2025\/04\/sin-luz-3-249x420.jpg 249w, https:\/\/eltrabajo.cl\/web\/wp-content\/uploads\/2025\/04\/sin-luz-3-150x253.jpg 150w, https:\/\/eltrabajo.cl\/web\/wp-content\/uploads\/2025\/04\/sin-luz-3-300x506.jpg 300w, https:\/\/eltrabajo.cl\/web\/wp-content\/uploads\/2025\/04\/sin-luz-3-696x1173.jpg 696w\" sizes=\"auto, (max-width: 699px) 100vw, 699px\" \/><figcaption id=\"caption-attachment-136125\" class=\"wp-caption-text\">Hasta este mi\u00e9rcoles todo segu\u00eda oscuro.<\/figcaption><\/figure>\n<figure id=\"attachment_136122\" aria-describedby=\"caption-attachment-136122\" style=\"width: 699px\" class=\"wp-caption alignnone\"><img loading=\"lazy\" decoding=\"async\" class=\"size-full wp-image-136122\" src=\"http:\/\/eltrabajo.cl\/web\/wp-content\/uploads\/2025\/04\/sin-luz-4.jpg\" alt=\"Al cierre de la edici\u00f3n, no hemos tenido novedades de la reposici\u00f3n de las luminarias.\" width=\"699\" height=\"1419\" srcset=\"https:\/\/eltrabajo.cl\/web\/wp-content\/uploads\/2025\/04\/sin-luz-4.jpg 699w, https:\/\/eltrabajo.cl\/web\/wp-content\/uploads\/2025\/04\/sin-luz-4-148x300.jpg 148w, https:\/\/eltrabajo.cl\/web\/wp-content\/uploads\/2025\/04\/sin-luz-4-504x1024.jpg 504w, https:\/\/eltrabajo.cl\/web\/wp-content\/uploads\/2025\/04\/sin-luz-4-207x420.jpg 207w, https:\/\/eltrabajo.cl\/web\/wp-content\/uploads\/2025\/04\/sin-luz-4-150x305.jpg 150w, https:\/\/eltrabajo.cl\/web\/wp-content\/uploads\/2025\/04\/sin-luz-4-300x609.jpg 300w, https:\/\/eltrabajo.cl\/web\/wp-content\/uploads\/2025\/04\/sin-luz-4-696x1413.jpg 696w\" sizes=\"auto, (max-width: 699px) 100vw, 699px\" \/><figcaption id=\"caption-attachment-136122\" class=\"wp-caption-text\">Al cierre de la edici\u00f3n, no hemos tenido novedades de la reposici\u00f3n de las luminarias.<\/figcaption><\/figure>\n","protected":false},"excerpt":{"rendered":"<p>Vecinos han intentado tomar contacto con la empresa y no han tenido respuesta.- \u00bfQu\u00e9 pasa con la empresa de mantenci\u00f3n de luminarias de San Felipe que no responde a los reclamos de la gente? Decimos esto porque este d\u00eda martes se puso en contacto un vecino de Poblaci\u00f3n Santa Br\u00edgida, Sergio, para pedirnos el contacto [&hellip;]<\/p>\n","protected":false},"author":1,"featured_media":136124,"comment_status":"open","ping_status":"closed","sticky":false,"template":"","format":"standard","meta":{"footnotes":""},"categories":[4],"tags":[],"class_list":{"0":"post-136121","1":"post","2":"type-post","3":"status-publish","4":"format-standard","5":"has-post-thumbnail","7":"category-comunidad"},"yoast_head":"<!-- This site is optimized with the Yoast SEO plugin v27.4 - https:\/\/yoast.com\/product\/yoast-seo-wordpress\/ -->\n<title>En Poblaci\u00f3n Santa Br\u00edgida llevan varios d\u00edas sin luz en el alumbrado p\u00fablico - Diario El Trabajo<\/title>\n<meta name=\"robots\" content=\"index, follow, max-snippet:-1, max-image-preview:large, max-video-preview:-1\" \/>\n<link rel=\"canonical\" href=\"https:\/\/eltrabajo.cl\/web\/en-poblacion-santa-brigida-llevan-varios-dias-sin-luz-en-el-alumbrado-publico\/\" \/>\n<meta property=\"og:locale\" content=\"es_ES\" \/>\n<meta property=\"og:type\" content=\"article\" \/>\n<meta property=\"og:title\" content=\"En Poblaci\u00f3n Santa Br\u00edgida llevan varios d\u00edas sin luz en el alumbrado p\u00fablico - Diario El Trabajo\" \/>\n<meta property=\"og:description\" content=\"Vecinos han intentado tomar contacto con la empresa y no han tenido respuesta.- \u00bfQu\u00e9 pasa con la empresa de mantenci\u00f3n de luminarias de San Felipe que no responde a los reclamos de la gente? Decimos esto porque este d\u00eda martes se puso en contacto un vecino de Poblaci\u00f3n Santa Br\u00edgida, Sergio, para pedirnos el contacto [&hellip;]\" \/>\n<meta property=\"og:url\" content=\"https:\/\/eltrabajo.cl\/web\/en-poblacion-santa-brigida-llevan-varios-dias-sin-luz-en-el-alumbrado-publico\/\" \/>\n<meta property=\"og:site_name\" content=\"Diario El Trabajo\" \/>\n<meta property=\"article:publisher\" content=\"https:\/\/www.facebook.com\/ElTrabajoDiario\" \/>\n<meta property=\"article:published_time\" content=\"2025-04-02T23:41:22+00:00\" \/>\n<meta property=\"og:image\" content=\"https:\/\/eltrabajo.cl\/web\/wp-content\/uploads\/2025\/04\/sin-luz-2.jpg\" \/>\n\t<meta property=\"og:image:width\" content=\"699\" \/>\n\t<meta property=\"og:image:height\" content=\"1122\" \/>\n\t<meta property=\"og:image:type\" content=\"image\/jpeg\" \/>\n<meta name=\"author\" content=\"Diario El Trabajo\" \/>\n<meta name=\"twitter:card\" content=\"summary_large_image\" \/>\n<meta name=\"twitter:creator\" content=\"@diarioeltrabajo\" \/>\n<meta name=\"twitter:site\" content=\"@diarioeltrabajo\" \/>\n<meta name=\"twitter:label1\" content=\"Escrito por\" \/>\n\t<meta name=\"twitter:data1\" content=\"Diario El Trabajo\" \/>\n\t<meta name=\"twitter:label2\" content=\"Tiempo estimado de lectura\" \/>\n\t<meta name=\"twitter:data2\" content=\"3 minutos\" \/>\n<script type=\"application\/ld+json\" class=\"yoast-schema-graph\">{\"@context\":\"https:\\\/\\\/schema.org\",\"@graph\":[{\"@type\":\"Article\",\"@id\":\"https:\\\/\\\/eltrabajo.cl\\\/web\\\/en-poblacion-santa-brigida-llevan-varios-dias-sin-luz-en-el-alumbrado-publico\\\/#article\",\"isPartOf\":{\"@id\":\"https:\\\/\\\/eltrabajo.cl\\\/web\\\/en-poblacion-santa-brigida-llevan-varios-dias-sin-luz-en-el-alumbrado-publico\\\/\"},\"author\":{\"name\":\"Diario El Trabajo\",\"@id\":\"https:\\\/\\\/eltrabajo.cl\\\/web\\\/#\\\/schema\\\/person\\\/45efd3d17f86ec456e44dd7debe1bf19\"},\"headline\":\"En Poblaci\u00f3n Santa Br\u00edgida llevan varios d\u00edas sin luz en el alumbrado p\u00fablico\",\"datePublished\":\"2025-04-02T23:41:22+00:00\",\"mainEntityOfPage\":{\"@id\":\"https:\\\/\\\/eltrabajo.cl\\\/web\\\/en-poblacion-santa-brigida-llevan-varios-dias-sin-luz-en-el-alumbrado-publico\\\/\"},\"wordCount\":511,\"commentCount\":0,\"publisher\":{\"@id\":\"https:\\\/\\\/eltrabajo.cl\\\/web\\\/#organization\"},\"image\":{\"@id\":\"https:\\\/\\\/eltrabajo.cl\\\/web\\\/en-poblacion-santa-brigida-llevan-varios-dias-sin-luz-en-el-alumbrado-publico\\\/#primaryimage\"},\"thumbnailUrl\":\"https:\\\/\\\/eltrabajo.cl\\\/web\\\/wp-content\\\/uploads\\\/2025\\\/04\\\/sin-luz-2.jpg\",\"articleSection\":[\"Comunidad\"],\"inLanguage\":\"es-CL\",\"potentialAction\":[{\"@type\":\"CommentAction\",\"name\":\"Comment\",\"target\":[\"https:\\\/\\\/eltrabajo.cl\\\/web\\\/en-poblacion-santa-brigida-llevan-varios-dias-sin-luz-en-el-alumbrado-publico\\\/#respond\"]}]},{\"@type\":\"WebPage\",\"@id\":\"https:\\\/\\\/eltrabajo.cl\\\/web\\\/en-poblacion-santa-brigida-llevan-varios-dias-sin-luz-en-el-alumbrado-publico\\\/\",\"url\":\"https:\\\/\\\/eltrabajo.cl\\\/web\\\/en-poblacion-santa-brigida-llevan-varios-dias-sin-luz-en-el-alumbrado-publico\\\/\",\"name\":\"En Poblaci\u00f3n Santa Br\u00edgida llevan varios d\u00edas sin luz en el alumbrado p\u00fablico - Diario El Trabajo\",\"isPartOf\":{\"@id\":\"https:\\\/\\\/eltrabajo.cl\\\/web\\\/#website\"},\"primaryImageOfPage\":{\"@id\":\"https:\\\/\\\/eltrabajo.cl\\\/web\\\/en-poblacion-santa-brigida-llevan-varios-dias-sin-luz-en-el-alumbrado-publico\\\/#primaryimage\"},\"image\":{\"@id\":\"https:\\\/\\\/eltrabajo.cl\\\/web\\\/en-poblacion-santa-brigida-llevan-varios-dias-sin-luz-en-el-alumbrado-publico\\\/#primaryimage\"},\"thumbnailUrl\":\"https:\\\/\\\/eltrabajo.cl\\\/web\\\/wp-content\\\/uploads\\\/2025\\\/04\\\/sin-luz-2.jpg\",\"datePublished\":\"2025-04-02T23:41:22+00:00\",\"breadcrumb\":{\"@id\":\"https:\\\/\\\/eltrabajo.cl\\\/web\\\/en-poblacion-santa-brigida-llevan-varios-dias-sin-luz-en-el-alumbrado-publico\\\/#breadcrumb\"},\"inLanguage\":\"es-CL\",\"potentialAction\":[{\"@type\":\"ReadAction\",\"target\":[\"https:\\\/\\\/eltrabajo.cl\\\/web\\\/en-poblacion-santa-brigida-llevan-varios-dias-sin-luz-en-el-alumbrado-publico\\\/\"]}]},{\"@type\":\"ImageObject\",\"inLanguage\":\"es-CL\",\"@id\":\"https:\\\/\\\/eltrabajo.cl\\\/web\\\/en-poblacion-santa-brigida-llevan-varios-dias-sin-luz-en-el-alumbrado-publico\\\/#primaryimage\",\"url\":\"https:\\\/\\\/eltrabajo.cl\\\/web\\\/wp-content\\\/uploads\\\/2025\\\/04\\\/sin-luz-2.jpg\",\"contentUrl\":\"https:\\\/\\\/eltrabajo.cl\\\/web\\\/wp-content\\\/uploads\\\/2025\\\/04\\\/sin-luz-2.jpg\",\"width\":699,\"height\":1122,\"caption\":\"Pasaje sin luz.\"},{\"@type\":\"BreadcrumbList\",\"@id\":\"https:\\\/\\\/eltrabajo.cl\\\/web\\\/en-poblacion-santa-brigida-llevan-varios-dias-sin-luz-en-el-alumbrado-publico\\\/#breadcrumb\",\"itemListElement\":[{\"@type\":\"ListItem\",\"position\":1,\"name\":\"Portada\",\"item\":\"https:\\\/\\\/eltrabajo.cl\\\/web\\\/\"},{\"@type\":\"ListItem\",\"position\":2,\"name\":\"En Poblaci\u00f3n Santa Br\u00edgida llevan varios d\u00edas sin luz en el alumbrado p\u00fablico\"}]},{\"@type\":\"WebSite\",\"@id\":\"https:\\\/\\\/eltrabajo.cl\\\/web\\\/#website\",\"url\":\"https:\\\/\\\/eltrabajo.cl\\\/web\\\/\",\"name\":\"Diario El Trabajo\",\"description\":\"Desde 1929 construyendo Identidad Local\",\"publisher\":{\"@id\":\"https:\\\/\\\/eltrabajo.cl\\\/web\\\/#organization\"},\"potentialAction\":[{\"@type\":\"SearchAction\",\"target\":{\"@type\":\"EntryPoint\",\"urlTemplate\":\"https:\\\/\\\/eltrabajo.cl\\\/web\\\/?s={search_term_string}\"},\"query-input\":{\"@type\":\"PropertyValueSpecification\",\"valueRequired\":true,\"valueName\":\"search_term_string\"}}],\"inLanguage\":\"es-CL\"},{\"@type\":\"Organization\",\"@id\":\"https:\\\/\\\/eltrabajo.cl\\\/web\\\/#organization\",\"name\":\"Diario El Trabajo\",\"url\":\"https:\\\/\\\/eltrabajo.cl\\\/web\\\/\",\"logo\":{\"@type\":\"ImageObject\",\"inLanguage\":\"es-CL\",\"@id\":\"https:\\\/\\\/eltrabajo.cl\\\/web\\\/#\\\/schema\\\/logo\\\/image\\\/\",\"url\":\"https:\\\/\\\/eltrabajo.cl\\\/web\\\/wp-content\\\/uploads\\\/2024\\\/06\\\/profile-image-ig-page-diarioeltrabajo.jpg\",\"contentUrl\":\"https:\\\/\\\/eltrabajo.cl\\\/web\\\/wp-content\\\/uploads\\\/2024\\\/06\\\/profile-image-ig-page-diarioeltrabajo.jpg\",\"width\":823,\"height\":823,\"caption\":\"Diario El Trabajo\"},\"image\":{\"@id\":\"https:\\\/\\\/eltrabajo.cl\\\/web\\\/#\\\/schema\\\/logo\\\/image\\\/\"},\"sameAs\":[\"https:\\\/\\\/www.facebook.com\\\/ElTrabajoDiario\",\"https:\\\/\\\/x.com\\\/diarioeltrabajo\"]},{\"@type\":\"Person\",\"@id\":\"https:\\\/\\\/eltrabajo.cl\\\/web\\\/#\\\/schema\\\/person\\\/45efd3d17f86ec456e44dd7debe1bf19\",\"name\":\"Diario El Trabajo\",\"image\":{\"@type\":\"ImageObject\",\"inLanguage\":\"es-CL\",\"@id\":\"https:\\\/\\\/secure.gravatar.com\\\/avatar\\\/7e6ec277dc4aea2677c2dc301d4227957219329c985ab69a3efc12518b5161aa?s=96&d=mm&r=g\",\"url\":\"https:\\\/\\\/secure.gravatar.com\\\/avatar\\\/7e6ec277dc4aea2677c2dc301d4227957219329c985ab69a3efc12518b5161aa?s=96&d=mm&r=g\",\"contentUrl\":\"https:\\\/\\\/secure.gravatar.com\\\/avatar\\\/7e6ec277dc4aea2677c2dc301d4227957219329c985ab69a3efc12518b5161aa?s=96&d=mm&r=g\",\"caption\":\"Diario El Trabajo\"},\"sameAs\":[\"https:\\\/\\\/eltrabajo.cl\\\/web\"],\"url\":\"https:\\\/\\\/eltrabajo.cl\\\/web\\\/author\\\/diario-el-trabajo\\\/\"}]}<\/script>\n<!-- \/ Yoast SEO plugin. -->","yoast_head_json":{"title":"En Poblaci\u00f3n Santa Br\u00edgida llevan varios d\u00edas sin luz en el alumbrado p\u00fablico - Diario El Trabajo","robots":{"index":"index","follow":"follow","max-snippet":"max-snippet:-1","max-image-preview":"max-image-preview:large","max-video-preview":"max-video-preview:-1"},"canonical":"https:\/\/eltrabajo.cl\/web\/en-poblacion-santa-brigida-llevan-varios-dias-sin-luz-en-el-alumbrado-publico\/","og_locale":"es_ES","og_type":"article","og_title":"En Poblaci\u00f3n Santa Br\u00edgida llevan varios d\u00edas sin luz en el alumbrado p\u00fablico - Diario El Trabajo","og_description":"Vecinos han intentado tomar contacto con la empresa y no han tenido respuesta.- \u00bfQu\u00e9 pasa con la empresa de mantenci\u00f3n de luminarias de San Felipe que no responde a los reclamos de la gente? Decimos esto porque este d\u00eda martes se puso en contacto un vecino de Poblaci\u00f3n Santa Br\u00edgida, Sergio, para pedirnos el contacto [&hellip;]","og_url":"https:\/\/eltrabajo.cl\/web\/en-poblacion-santa-brigida-llevan-varios-dias-sin-luz-en-el-alumbrado-publico\/","og_site_name":"Diario El Trabajo","article_publisher":"https:\/\/www.facebook.com\/ElTrabajoDiario","article_published_time":"2025-04-02T23:41:22+00:00","og_image":[{"width":699,"height":1122,"url":"https:\/\/eltrabajo.cl\/web\/wp-content\/uploads\/2025\/04\/sin-luz-2.jpg","type":"image\/jpeg"}],"author":"Diario El Trabajo","twitter_card":"summary_large_image","twitter_creator":"@diarioeltrabajo","twitter_site":"@diarioeltrabajo","twitter_misc":{"Escrito por":"Diario El Trabajo","Tiempo estimado de lectura":"3 minutos"},"schema":{"@context":"https:\/\/schema.org","@graph":[{"@type":"Article","@id":"https:\/\/eltrabajo.cl\/web\/en-poblacion-santa-brigida-llevan-varios-dias-sin-luz-en-el-alumbrado-publico\/#article","isPartOf":{"@id":"https:\/\/eltrabajo.cl\/web\/en-poblacion-santa-brigida-llevan-varios-dias-sin-luz-en-el-alumbrado-publico\/"},"author":{"name":"Diario El Trabajo","@id":"https:\/\/eltrabajo.cl\/web\/#\/schema\/person\/45efd3d17f86ec456e44dd7debe1bf19"},"headline":"En Poblaci\u00f3n Santa Br\u00edgida llevan varios d\u00edas sin luz en el alumbrado p\u00fablico","datePublished":"2025-04-02T23:41:22+00:00","mainEntityOfPage":{"@id":"https:\/\/eltrabajo.cl\/web\/en-poblacion-santa-brigida-llevan-varios-dias-sin-luz-en-el-alumbrado-publico\/"},"wordCount":511,"commentCount":0,"publisher":{"@id":"https:\/\/eltrabajo.cl\/web\/#organization"},"image":{"@id":"https:\/\/eltrabajo.cl\/web\/en-poblacion-santa-brigida-llevan-varios-dias-sin-luz-en-el-alumbrado-publico\/#primaryimage"},"thumbnailUrl":"https:\/\/eltrabajo.cl\/web\/wp-content\/uploads\/2025\/04\/sin-luz-2.jpg","articleSection":["Comunidad"],"inLanguage":"es-CL","potentialAction":[{"@type":"CommentAction","name":"Comment","target":["https:\/\/eltrabajo.cl\/web\/en-poblacion-santa-brigida-llevan-varios-dias-sin-luz-en-el-alumbrado-publico\/#respond"]}]},{"@type":"WebPage","@id":"https:\/\/eltrabajo.cl\/web\/en-poblacion-santa-brigida-llevan-varios-dias-sin-luz-en-el-alumbrado-publico\/","url":"https:\/\/eltrabajo.cl\/web\/en-poblacion-santa-brigida-llevan-varios-dias-sin-luz-en-el-alumbrado-publico\/","name":"En Poblaci\u00f3n Santa Br\u00edgida llevan varios d\u00edas sin luz en el alumbrado p\u00fablico - Diario El Trabajo","isPartOf":{"@id":"https:\/\/eltrabajo.cl\/web\/#website"},"primaryImageOfPage":{"@id":"https:\/\/eltrabajo.cl\/web\/en-poblacion-santa-brigida-llevan-varios-dias-sin-luz-en-el-alumbrado-publico\/#primaryimage"},"image":{"@id":"https:\/\/eltrabajo.cl\/web\/en-poblacion-santa-brigida-llevan-varios-dias-sin-luz-en-el-alumbrado-publico\/#primaryimage"},"thumbnailUrl":"https:\/\/eltrabajo.cl\/web\/wp-content\/uploads\/2025\/04\/sin-luz-2.jpg","datePublished":"2025-04-02T23:41:22+00:00","breadcrumb":{"@id":"https:\/\/eltrabajo.cl\/web\/en-poblacion-santa-brigida-llevan-varios-dias-sin-luz-en-el-alumbrado-publico\/#breadcrumb"},"inLanguage":"es-CL","potentialAction":[{"@type":"ReadAction","target":["https:\/\/eltrabajo.cl\/web\/en-poblacion-santa-brigida-llevan-varios-dias-sin-luz-en-el-alumbrado-publico\/"]}]},{"@type":"ImageObject","inLanguage":"es-CL","@id":"https:\/\/eltrabajo.cl\/web\/en-poblacion-santa-brigida-llevan-varios-dias-sin-luz-en-el-alumbrado-publico\/#primaryimage","url":"https:\/\/eltrabajo.cl\/web\/wp-content\/uploads\/2025\/04\/sin-luz-2.jpg","contentUrl":"https:\/\/eltrabajo.cl\/web\/wp-content\/uploads\/2025\/04\/sin-luz-2.jpg","width":699,"height":1122,"caption":"Pasaje sin luz."},{"@type":"BreadcrumbList","@id":"https:\/\/eltrabajo.cl\/web\/en-poblacion-santa-brigida-llevan-varios-dias-sin-luz-en-el-alumbrado-publico\/#breadcrumb","itemListElement":[{"@type":"ListItem","position":1,"name":"Portada","item":"https:\/\/eltrabajo.cl\/web\/"},{"@type":"ListItem","position":2,"name":"En Poblaci\u00f3n Santa Br\u00edgida llevan varios d\u00edas sin luz en el alumbrado p\u00fablico"}]},{"@type":"WebSite","@id":"https:\/\/eltrabajo.cl\/web\/#website","url":"https:\/\/eltrabajo.cl\/web\/","name":"Diario El Trabajo","description":"Desde 1929 construyendo Identidad Local","publisher":{"@id":"https:\/\/eltrabajo.cl\/web\/#organization"},"potentialAction":[{"@type":"SearchAction","target":{"@type":"EntryPoint","urlTemplate":"https:\/\/eltrabajo.cl\/web\/?s={search_term_string}"},"query-input":{"@type":"PropertyValueSpecification","valueRequired":true,"valueName":"search_term_string"}}],"inLanguage":"es-CL"},{"@type":"Organization","@id":"https:\/\/eltrabajo.cl\/web\/#organization","name":"Diario El Trabajo","url":"https:\/\/eltrabajo.cl\/web\/","logo":{"@type":"ImageObject","inLanguage":"es-CL","@id":"https:\/\/eltrabajo.cl\/web\/#\/schema\/logo\/image\/","url":"https:\/\/eltrabajo.cl\/web\/wp-content\/uploads\/2024\/06\/profile-image-ig-page-diarioeltrabajo.jpg","contentUrl":"https:\/\/eltrabajo.cl\/web\/wp-content\/uploads\/2024\/06\/profile-image-ig-page-diarioeltrabajo.jpg","width":823,"height":823,"caption":"Diario El Trabajo"},"image":{"@id":"https:\/\/eltrabajo.cl\/web\/#\/schema\/logo\/image\/"},"sameAs":["https:\/\/www.facebook.com\/ElTrabajoDiario","https:\/\/x.com\/diarioeltrabajo"]},{"@type":"Person","@id":"https:\/\/eltrabajo.cl\/web\/#\/schema\/person\/45efd3d17f86ec456e44dd7debe1bf19","name":"Diario El Trabajo","image":{"@type":"ImageObject","inLanguage":"es-CL","@id":"https:\/\/secure.gravatar.com\/avatar\/7e6ec277dc4aea2677c2dc301d4227957219329c985ab69a3efc12518b5161aa?s=96&d=mm&r=g","url":"https:\/\/secure.gravatar.com\/avatar\/7e6ec277dc4aea2677c2dc301d4227957219329c985ab69a3efc12518b5161aa?s=96&d=mm&r=g","contentUrl":"https:\/\/secure.gravatar.com\/avatar\/7e6ec277dc4aea2677c2dc301d4227957219329c985ab69a3efc12518b5161aa?s=96&d=mm&r=g","caption":"Diario El Trabajo"},"sameAs":["https:\/\/eltrabajo.cl\/web"],"url":"https:\/\/eltrabajo.cl\/web\/author\/diario-el-trabajo\/"}]}},"_links":{"self":[{"href":"https:\/\/eltrabajo.cl\/web\/wp-json\/wp\/v2\/posts\/136121","targetHints":{"allow":["GET"]}}],"collection":[{"href":"https:\/\/eltrabajo.cl\/web\/wp-json\/wp\/v2\/posts"}],"about":[{"href":"https:\/\/eltrabajo.cl\/web\/wp-json\/wp\/v2\/types\/post"}],"author":[{"embeddable":true,"href":"https:\/\/eltrabajo.cl\/web\/wp-json\/wp\/v2\/users\/1"}],"replies":[{"embeddable":true,"href":"https:\/\/eltrabajo.cl\/web\/wp-json\/wp\/v2\/comments?post=136121"}],"version-history":[{"count":1,"href":"https:\/\/eltrabajo.cl\/web\/wp-json\/wp\/v2\/posts\/136121\/revisions"}],"predecessor-version":[{"id":136126,"href":"https:\/\/eltrabajo.cl\/web\/wp-json\/wp\/v2\/posts\/136121\/revisions\/136126"}],"wp:featuredmedia":[{"embeddable":true,"href":"https:\/\/eltrabajo.cl\/web\/wp-json\/wp\/v2\/media\/136124"}],"wp:attachment":[{"href":"https:\/\/eltrabajo.cl\/web\/wp-json\/wp\/v2\/media?parent=136121"}],"wp:term":[{"taxonomy":"category","embeddable":true,"href":"https:\/\/eltrabajo.cl\/web\/wp-json\/wp\/v2\/categories?post=136121"},{"taxonomy":"post_tag","embeddable":true,"href":"https:\/\/eltrabajo.cl\/web\/wp-json\/wp\/v2\/tags?post=136121"}],"curies":[{"name":"wp","href":"https:\/\/api.w.org\/{rel}","templated":true}]}}