{"id":136144,"date":"2025-04-03T20:50:08","date_gmt":"2025-04-03T23:50:08","guid":{"rendered":"https:\/\/eltrabajo.cl\/web\/?p=136144"},"modified":"2025-04-03T20:50:08","modified_gmt":"2025-04-03T23:50:08","slug":"club-vera-arcos-se-consagra-campeon-del-campeonato-nocturno-2025-sub-60","status":"publish","type":"post","link":"https:\/\/eltrabajo.cl\/web\/club-vera-arcos-se-consagra-campeon-del-campeonato-nocturno-2025-sub-60\/","title":{"rendered":"Club Vera Arcos se consagra campe\u00f3n del Campeonato Nocturno 2025 Sub-60"},"content":{"rendered":"<ul>\n<li><strong>Tras un re\u00f1ido torneo que culmin\u00f3 con una victoria rotunda frente a P\u00e9rez Quijanes, el equipo ya se prepara para el pr\u00f3ximo semestre.-<\/strong><\/li>\n<\/ul>\n<p>El pasado viernes 28 de marzo, concluy\u00f3 el Campeonato Nocturno Sub-60 organizado por la Liga Vecinal, con una destacada victoria del Club de F\u00fatbol Vera Arcos. En el encuentro final, que tuvo lugar en la cancha de La Parras\u00eda, el equipo se consagr\u00f3 campe\u00f3n de la competencia, repitiendo el t\u00edtulo que han defendido durante a\u00f1os en este torneo, que se lleva a cabo desde hace aproximadamente ocho a\u00f1os.<\/p>\n<p>El campeonato, que se desarroll\u00f3 durante tres meses, cont\u00f3 con la participaci\u00f3n de seis equipos: \u2018P\u00e9rez Quijanes\u2019, \u2018Ferreter\u00eda Oriente\u2019, \u2018Argelia\u2019, \u2018Club Deportivo Barcelona\u2019, \u2018Pedro Aguirre Cerda\u2019 y \u2018Vera Arcos\u2019. Tras haber quedado en segundo lugar el a\u00f1o pasado, el equipo de Vera Arcos dio un gran salto en 2025, imponi\u00e9ndose de manera contundente a P\u00e9rez Quijanes por 8 a 0 en la gran final.<\/p>\n<p><strong>Reinaldo Machuca<\/strong>, coordinador del Club de F\u00fatbol Vera Arcos, comparti\u00f3 sus impresiones tras la victoria. <em>\u00abEste campeonato fue sumamente disputado, porque tenemos campeones por un punto arriba; lo logramos en el \u00faltimo partido salir campeones,\u00a0 porque el que sal\u00eda segundo\u2026 nosotros sufr\u00edamos a contra pie e \u00edbamos a perder el campeonato, pero la suerte se nos dio a nuestro lado nuevamente y logramos salir campeones\u00bb<\/em>.<\/p>\n<p>Machuca tambi\u00e9n destac\u00f3 el liderazgo del capit\u00e1n del equipo, el exjugador profesional <strong>Juan Dur\u00e1n<\/strong>, quien ha sido pieza clave en el \u00e9xito de Vera Arcos.<\/p>\n<p>Con la vista puesta en el futuro, el club ya se prepara para la segunda fase del campeonato nocturno, que se desarrollar\u00e1 en septiembre, y seguir\u00e1 entrenando con el objetivo de mantener su nivel de excelencia.<\/p>\n<p>Finalmente, Machuca expres\u00f3 su agradecimiento a la empresa GAET, ubicada en la ciudad, por haber proporcionado la indumentaria al equipo.<\/p>\n<figure id=\"attachment_136146\" aria-describedby=\"caption-attachment-136146\" style=\"width: 699px\" class=\"wp-caption alignnone\"><img loading=\"lazy\" decoding=\"async\" class=\"size-full wp-image-136146\" src=\"http:\/\/eltrabajo.cl\/web\/wp-content\/uploads\/2025\/04\/vera-arcos-1.jpg\" alt=\"El Club de F\u00fatbol Vera Arcos se coron\u00f3 campe\u00f3n del Campeonato Nocturno Sub-60 2025.\" width=\"699\" height=\"394\" srcset=\"https:\/\/eltrabajo.cl\/web\/wp-content\/uploads\/2025\/04\/vera-arcos-1.jpg 699w, https:\/\/eltrabajo.cl\/web\/wp-content\/uploads\/2025\/04\/vera-arcos-1-300x169.jpg 300w, https:\/\/eltrabajo.cl\/web\/wp-content\/uploads\/2025\/04\/vera-arcos-1-150x85.jpg 150w, https:\/\/eltrabajo.cl\/web\/wp-content\/uploads\/2025\/04\/vera-arcos-1-696x392.jpg 696w\" sizes=\"auto, (max-width: 699px) 100vw, 699px\" \/><figcaption id=\"caption-attachment-136146\" class=\"wp-caption-text\">El Club de F\u00fatbol Vera Arcos se coron\u00f3 campe\u00f3n del Campeonato Nocturno Sub-60 2025.<\/figcaption><\/figure>\n<figure id=\"attachment_136145\" aria-describedby=\"caption-attachment-136145\" style=\"width: 699px\" class=\"wp-caption alignnone\"><img loading=\"lazy\" decoding=\"async\" class=\"size-full wp-image-136145\" src=\"http:\/\/eltrabajo.cl\/web\/wp-content\/uploads\/2025\/04\/vera-arcos-3.jpg\" alt=\"Reinaldo Machuca, coordinador del equipo.\" width=\"699\" height=\"615\" srcset=\"https:\/\/eltrabajo.cl\/web\/wp-content\/uploads\/2025\/04\/vera-arcos-3.jpg 699w, https:\/\/eltrabajo.cl\/web\/wp-content\/uploads\/2025\/04\/vera-arcos-3-300x264.jpg 300w, https:\/\/eltrabajo.cl\/web\/wp-content\/uploads\/2025\/04\/vera-arcos-3-477x420.jpg 477w, https:\/\/eltrabajo.cl\/web\/wp-content\/uploads\/2025\/04\/vera-arcos-3-150x132.jpg 150w, https:\/\/eltrabajo.cl\/web\/wp-content\/uploads\/2025\/04\/vera-arcos-3-696x612.jpg 696w\" sizes=\"auto, (max-width: 699px) 100vw, 699px\" \/><figcaption id=\"caption-attachment-136145\" class=\"wp-caption-text\">Reinaldo Machuca, coordinador del equipo.<\/figcaption><\/figure>\n<figure id=\"attachment_136147\" aria-describedby=\"caption-attachment-136147\" style=\"width: 699px\" class=\"wp-caption alignnone\"><img loading=\"lazy\" decoding=\"async\" class=\"size-full wp-image-136147\" src=\"http:\/\/eltrabajo.cl\/web\/wp-content\/uploads\/2025\/04\/vera-arcos-2.jpg\" alt=\"Juan Dur\u00e1n, capit\u00e1n del equipo, junto a sus hijos.\" width=\"699\" height=\"694\" srcset=\"https:\/\/eltrabajo.cl\/web\/wp-content\/uploads\/2025\/04\/vera-arcos-2.jpg 699w, https:\/\/eltrabajo.cl\/web\/wp-content\/uploads\/2025\/04\/vera-arcos-2-300x298.jpg 300w, https:\/\/eltrabajo.cl\/web\/wp-content\/uploads\/2025\/04\/vera-arcos-2-150x149.jpg 150w, https:\/\/eltrabajo.cl\/web\/wp-content\/uploads\/2025\/04\/vera-arcos-2-423x420.jpg 423w, https:\/\/eltrabajo.cl\/web\/wp-content\/uploads\/2025\/04\/vera-arcos-2-696x691.jpg 696w\" sizes=\"auto, (max-width: 699px) 100vw, 699px\" \/><figcaption id=\"caption-attachment-136147\" class=\"wp-caption-text\">Juan Dur\u00e1n, capit\u00e1n del equipo, junto a sus hijos.<\/figcaption><\/figure>\n","protected":false},"excerpt":{"rendered":"<p>Tras un re\u00f1ido torneo que culmin\u00f3 con una victoria rotunda frente a P\u00e9rez Quijanes, el equipo ya se prepara para el pr\u00f3ximo semestre.- El pasado viernes 28 de marzo, concluy\u00f3 el Campeonato Nocturno Sub-60 organizado por la Liga Vecinal, con una destacada victoria del Club de F\u00fatbol Vera Arcos. En el encuentro final, que tuvo [&hellip;]<\/p>\n","protected":false},"author":1,"featured_media":136146,"comment_status":"open","ping_status":"closed","sticky":false,"template":"","format":"standard","meta":{"footnotes":""},"categories":[2],"tags":[],"class_list":{"0":"post-136144","1":"post","2":"type-post","3":"status-publish","4":"format-standard","5":"has-post-thumbnail","7":"category-deportes"},"yoast_head":"<!-- This site is optimized with the Yoast SEO plugin v27.4 - https:\/\/yoast.com\/product\/yoast-seo-wordpress\/ -->\n<title>Club Vera Arcos se consagra campe\u00f3n del Campeonato Nocturno 2025 Sub-60 - Diario El Trabajo<\/title>\n<meta name=\"robots\" content=\"index, follow, max-snippet:-1, max-image-preview:large, max-video-preview:-1\" \/>\n<link rel=\"canonical\" href=\"https:\/\/eltrabajo.cl\/web\/club-vera-arcos-se-consagra-campeon-del-campeonato-nocturno-2025-sub-60\/\" \/>\n<meta property=\"og:locale\" content=\"es_ES\" \/>\n<meta property=\"og:type\" content=\"article\" \/>\n<meta property=\"og:title\" content=\"Club Vera Arcos se consagra campe\u00f3n del Campeonato Nocturno 2025 Sub-60 - Diario El Trabajo\" \/>\n<meta property=\"og:description\" content=\"Tras un re\u00f1ido torneo que culmin\u00f3 con una victoria rotunda frente a P\u00e9rez Quijanes, el equipo ya se prepara para el pr\u00f3ximo semestre.- El pasado viernes 28 de marzo, concluy\u00f3 el Campeonato Nocturno Sub-60 organizado por la Liga Vecinal, con una destacada victoria del Club de F\u00fatbol Vera Arcos. En el encuentro final, que tuvo [&hellip;]\" \/>\n<meta property=\"og:url\" content=\"https:\/\/eltrabajo.cl\/web\/club-vera-arcos-se-consagra-campeon-del-campeonato-nocturno-2025-sub-60\/\" \/>\n<meta property=\"og:site_name\" content=\"Diario El Trabajo\" \/>\n<meta property=\"article:publisher\" content=\"https:\/\/www.facebook.com\/ElTrabajoDiario\" \/>\n<meta property=\"article:published_time\" content=\"2025-04-03T23:50:08+00:00\" \/>\n<meta property=\"og:image\" content=\"https:\/\/eltrabajo.cl\/web\/wp-content\/uploads\/2025\/04\/vera-arcos-1.jpg\" \/>\n\t<meta property=\"og:image:width\" content=\"699\" \/>\n\t<meta property=\"og:image:height\" content=\"394\" \/>\n\t<meta property=\"og:image:type\" content=\"image\/jpeg\" \/>\n<meta name=\"author\" content=\"Diario El Trabajo\" \/>\n<meta name=\"twitter:card\" content=\"summary_large_image\" \/>\n<meta name=\"twitter:creator\" content=\"@diarioeltrabajo\" \/>\n<meta name=\"twitter:site\" content=\"@diarioeltrabajo\" \/>\n<meta name=\"twitter:label1\" content=\"Escrito por\" \/>\n\t<meta name=\"twitter:data1\" content=\"Diario El Trabajo\" \/>\n\t<meta name=\"twitter:label2\" content=\"Tiempo estimado de lectura\" \/>\n\t<meta name=\"twitter:data2\" content=\"3 minutos\" \/>\n<script type=\"application\/ld+json\" class=\"yoast-schema-graph\">{\"@context\":\"https:\\\/\\\/schema.org\",\"@graph\":[{\"@type\":\"Article\",\"@id\":\"https:\\\/\\\/eltrabajo.cl\\\/web\\\/club-vera-arcos-se-consagra-campeon-del-campeonato-nocturno-2025-sub-60\\\/#article\",\"isPartOf\":{\"@id\":\"https:\\\/\\\/eltrabajo.cl\\\/web\\\/club-vera-arcos-se-consagra-campeon-del-campeonato-nocturno-2025-sub-60\\\/\"},\"author\":{\"name\":\"Diario El Trabajo\",\"@id\":\"https:\\\/\\\/eltrabajo.cl\\\/web\\\/#\\\/schema\\\/person\\\/45efd3d17f86ec456e44dd7debe1bf19\"},\"headline\":\"Club Vera Arcos se consagra campe\u00f3n del Campeonato Nocturno 2025 Sub-60\",\"datePublished\":\"2025-04-03T23:50:08+00:00\",\"mainEntityOfPage\":{\"@id\":\"https:\\\/\\\/eltrabajo.cl\\\/web\\\/club-vera-arcos-se-consagra-campeon-del-campeonato-nocturno-2025-sub-60\\\/\"},\"wordCount\":382,\"commentCount\":0,\"publisher\":{\"@id\":\"https:\\\/\\\/eltrabajo.cl\\\/web\\\/#organization\"},\"image\":{\"@id\":\"https:\\\/\\\/eltrabajo.cl\\\/web\\\/club-vera-arcos-se-consagra-campeon-del-campeonato-nocturno-2025-sub-60\\\/#primaryimage\"},\"thumbnailUrl\":\"https:\\\/\\\/eltrabajo.cl\\\/web\\\/wp-content\\\/uploads\\\/2025\\\/04\\\/vera-arcos-1.jpg\",\"articleSection\":[\"Deportes\"],\"inLanguage\":\"es-CL\",\"potentialAction\":[{\"@type\":\"CommentAction\",\"name\":\"Comment\",\"target\":[\"https:\\\/\\\/eltrabajo.cl\\\/web\\\/club-vera-arcos-se-consagra-campeon-del-campeonato-nocturno-2025-sub-60\\\/#respond\"]}]},{\"@type\":\"WebPage\",\"@id\":\"https:\\\/\\\/eltrabajo.cl\\\/web\\\/club-vera-arcos-se-consagra-campeon-del-campeonato-nocturno-2025-sub-60\\\/\",\"url\":\"https:\\\/\\\/eltrabajo.cl\\\/web\\\/club-vera-arcos-se-consagra-campeon-del-campeonato-nocturno-2025-sub-60\\\/\",\"name\":\"Club Vera Arcos se consagra campe\u00f3n del Campeonato Nocturno 2025 Sub-60 - Diario El Trabajo\",\"isPartOf\":{\"@id\":\"https:\\\/\\\/eltrabajo.cl\\\/web\\\/#website\"},\"primaryImageOfPage\":{\"@id\":\"https:\\\/\\\/eltrabajo.cl\\\/web\\\/club-vera-arcos-se-consagra-campeon-del-campeonato-nocturno-2025-sub-60\\\/#primaryimage\"},\"image\":{\"@id\":\"https:\\\/\\\/eltrabajo.cl\\\/web\\\/club-vera-arcos-se-consagra-campeon-del-campeonato-nocturno-2025-sub-60\\\/#primaryimage\"},\"thumbnailUrl\":\"https:\\\/\\\/eltrabajo.cl\\\/web\\\/wp-content\\\/uploads\\\/2025\\\/04\\\/vera-arcos-1.jpg\",\"datePublished\":\"2025-04-03T23:50:08+00:00\",\"breadcrumb\":{\"@id\":\"https:\\\/\\\/eltrabajo.cl\\\/web\\\/club-vera-arcos-se-consagra-campeon-del-campeonato-nocturno-2025-sub-60\\\/#breadcrumb\"},\"inLanguage\":\"es-CL\",\"potentialAction\":[{\"@type\":\"ReadAction\",\"target\":[\"https:\\\/\\\/eltrabajo.cl\\\/web\\\/club-vera-arcos-se-consagra-campeon-del-campeonato-nocturno-2025-sub-60\\\/\"]}]},{\"@type\":\"ImageObject\",\"inLanguage\":\"es-CL\",\"@id\":\"https:\\\/\\\/eltrabajo.cl\\\/web\\\/club-vera-arcos-se-consagra-campeon-del-campeonato-nocturno-2025-sub-60\\\/#primaryimage\",\"url\":\"https:\\\/\\\/eltrabajo.cl\\\/web\\\/wp-content\\\/uploads\\\/2025\\\/04\\\/vera-arcos-1.jpg\",\"contentUrl\":\"https:\\\/\\\/eltrabajo.cl\\\/web\\\/wp-content\\\/uploads\\\/2025\\\/04\\\/vera-arcos-1.jpg\",\"width\":699,\"height\":394,\"caption\":\"El Club de F\u00fatbol Vera Arcos se coron\u00f3 campe\u00f3n del Campeonato Nocturno Sub-60 2025.\"},{\"@type\":\"BreadcrumbList\",\"@id\":\"https:\\\/\\\/eltrabajo.cl\\\/web\\\/club-vera-arcos-se-consagra-campeon-del-campeonato-nocturno-2025-sub-60\\\/#breadcrumb\",\"itemListElement\":[{\"@type\":\"ListItem\",\"position\":1,\"name\":\"Portada\",\"item\":\"https:\\\/\\\/eltrabajo.cl\\\/web\\\/\"},{\"@type\":\"ListItem\",\"position\":2,\"name\":\"Club Vera Arcos se consagra campe\u00f3n del Campeonato Nocturno 2025 Sub-60\"}]},{\"@type\":\"WebSite\",\"@id\":\"https:\\\/\\\/eltrabajo.cl\\\/web\\\/#website\",\"url\":\"https:\\\/\\\/eltrabajo.cl\\\/web\\\/\",\"name\":\"Diario El Trabajo\",\"description\":\"Desde 1929 construyendo Identidad Local\",\"publisher\":{\"@id\":\"https:\\\/\\\/eltrabajo.cl\\\/web\\\/#organization\"},\"potentialAction\":[{\"@type\":\"SearchAction\",\"target\":{\"@type\":\"EntryPoint\",\"urlTemplate\":\"https:\\\/\\\/eltrabajo.cl\\\/web\\\/?s={search_term_string}\"},\"query-input\":{\"@type\":\"PropertyValueSpecification\",\"valueRequired\":true,\"valueName\":\"search_term_string\"}}],\"inLanguage\":\"es-CL\"},{\"@type\":\"Organization\",\"@id\":\"https:\\\/\\\/eltrabajo.cl\\\/web\\\/#organization\",\"name\":\"Diario El Trabajo\",\"url\":\"https:\\\/\\\/eltrabajo.cl\\\/web\\\/\",\"logo\":{\"@type\":\"ImageObject\",\"inLanguage\":\"es-CL\",\"@id\":\"https:\\\/\\\/eltrabajo.cl\\\/web\\\/#\\\/schema\\\/logo\\\/image\\\/\",\"url\":\"https:\\\/\\\/eltrabajo.cl\\\/web\\\/wp-content\\\/uploads\\\/2024\\\/06\\\/profile-image-ig-page-diarioeltrabajo.jpg\",\"contentUrl\":\"https:\\\/\\\/eltrabajo.cl\\\/web\\\/wp-content\\\/uploads\\\/2024\\\/06\\\/profile-image-ig-page-diarioeltrabajo.jpg\",\"width\":823,\"height\":823,\"caption\":\"Diario El Trabajo\"},\"image\":{\"@id\":\"https:\\\/\\\/eltrabajo.cl\\\/web\\\/#\\\/schema\\\/logo\\\/image\\\/\"},\"sameAs\":[\"https:\\\/\\\/www.facebook.com\\\/ElTrabajoDiario\",\"https:\\\/\\\/x.com\\\/diarioeltrabajo\"]},{\"@type\":\"Person\",\"@id\":\"https:\\\/\\\/eltrabajo.cl\\\/web\\\/#\\\/schema\\\/person\\\/45efd3d17f86ec456e44dd7debe1bf19\",\"name\":\"Diario El Trabajo\",\"image\":{\"@type\":\"ImageObject\",\"inLanguage\":\"es-CL\",\"@id\":\"https:\\\/\\\/secure.gravatar.com\\\/avatar\\\/7e6ec277dc4aea2677c2dc301d4227957219329c985ab69a3efc12518b5161aa?s=96&d=mm&r=g\",\"url\":\"https:\\\/\\\/secure.gravatar.com\\\/avatar\\\/7e6ec277dc4aea2677c2dc301d4227957219329c985ab69a3efc12518b5161aa?s=96&d=mm&r=g\",\"contentUrl\":\"https:\\\/\\\/secure.gravatar.com\\\/avatar\\\/7e6ec277dc4aea2677c2dc301d4227957219329c985ab69a3efc12518b5161aa?s=96&d=mm&r=g\",\"caption\":\"Diario El Trabajo\"},\"sameAs\":[\"https:\\\/\\\/eltrabajo.cl\\\/web\"],\"url\":\"https:\\\/\\\/eltrabajo.cl\\\/web\\\/author\\\/diario-el-trabajo\\\/\"}]}<\/script>\n<!-- \/ Yoast SEO plugin. -->","yoast_head_json":{"title":"Club Vera Arcos se consagra campe\u00f3n del Campeonato Nocturno 2025 Sub-60 - Diario El Trabajo","robots":{"index":"index","follow":"follow","max-snippet":"max-snippet:-1","max-image-preview":"max-image-preview:large","max-video-preview":"max-video-preview:-1"},"canonical":"https:\/\/eltrabajo.cl\/web\/club-vera-arcos-se-consagra-campeon-del-campeonato-nocturno-2025-sub-60\/","og_locale":"es_ES","og_type":"article","og_title":"Club Vera Arcos se consagra campe\u00f3n del Campeonato Nocturno 2025 Sub-60 - Diario El Trabajo","og_description":"Tras un re\u00f1ido torneo que culmin\u00f3 con una victoria rotunda frente a P\u00e9rez Quijanes, el equipo ya se prepara para el pr\u00f3ximo semestre.- El pasado viernes 28 de marzo, concluy\u00f3 el Campeonato Nocturno Sub-60 organizado por la Liga Vecinal, con una destacada victoria del Club de F\u00fatbol Vera Arcos. En el encuentro final, que tuvo [&hellip;]","og_url":"https:\/\/eltrabajo.cl\/web\/club-vera-arcos-se-consagra-campeon-del-campeonato-nocturno-2025-sub-60\/","og_site_name":"Diario El Trabajo","article_publisher":"https:\/\/www.facebook.com\/ElTrabajoDiario","article_published_time":"2025-04-03T23:50:08+00:00","og_image":[{"width":699,"height":394,"url":"https:\/\/eltrabajo.cl\/web\/wp-content\/uploads\/2025\/04\/vera-arcos-1.jpg","type":"image\/jpeg"}],"author":"Diario El Trabajo","twitter_card":"summary_large_image","twitter_creator":"@diarioeltrabajo","twitter_site":"@diarioeltrabajo","twitter_misc":{"Escrito por":"Diario El Trabajo","Tiempo estimado de lectura":"3 minutos"},"schema":{"@context":"https:\/\/schema.org","@graph":[{"@type":"Article","@id":"https:\/\/eltrabajo.cl\/web\/club-vera-arcos-se-consagra-campeon-del-campeonato-nocturno-2025-sub-60\/#article","isPartOf":{"@id":"https:\/\/eltrabajo.cl\/web\/club-vera-arcos-se-consagra-campeon-del-campeonato-nocturno-2025-sub-60\/"},"author":{"name":"Diario El Trabajo","@id":"https:\/\/eltrabajo.cl\/web\/#\/schema\/person\/45efd3d17f86ec456e44dd7debe1bf19"},"headline":"Club Vera Arcos se consagra campe\u00f3n del Campeonato Nocturno 2025 Sub-60","datePublished":"2025-04-03T23:50:08+00:00","mainEntityOfPage":{"@id":"https:\/\/eltrabajo.cl\/web\/club-vera-arcos-se-consagra-campeon-del-campeonato-nocturno-2025-sub-60\/"},"wordCount":382,"commentCount":0,"publisher":{"@id":"https:\/\/eltrabajo.cl\/web\/#organization"},"image":{"@id":"https:\/\/eltrabajo.cl\/web\/club-vera-arcos-se-consagra-campeon-del-campeonato-nocturno-2025-sub-60\/#primaryimage"},"thumbnailUrl":"https:\/\/eltrabajo.cl\/web\/wp-content\/uploads\/2025\/04\/vera-arcos-1.jpg","articleSection":["Deportes"],"inLanguage":"es-CL","potentialAction":[{"@type":"CommentAction","name":"Comment","target":["https:\/\/eltrabajo.cl\/web\/club-vera-arcos-se-consagra-campeon-del-campeonato-nocturno-2025-sub-60\/#respond"]}]},{"@type":"WebPage","@id":"https:\/\/eltrabajo.cl\/web\/club-vera-arcos-se-consagra-campeon-del-campeonato-nocturno-2025-sub-60\/","url":"https:\/\/eltrabajo.cl\/web\/club-vera-arcos-se-consagra-campeon-del-campeonato-nocturno-2025-sub-60\/","name":"Club Vera Arcos se consagra campe\u00f3n del Campeonato Nocturno 2025 Sub-60 - Diario El Trabajo","isPartOf":{"@id":"https:\/\/eltrabajo.cl\/web\/#website"},"primaryImageOfPage":{"@id":"https:\/\/eltrabajo.cl\/web\/club-vera-arcos-se-consagra-campeon-del-campeonato-nocturno-2025-sub-60\/#primaryimage"},"image":{"@id":"https:\/\/eltrabajo.cl\/web\/club-vera-arcos-se-consagra-campeon-del-campeonato-nocturno-2025-sub-60\/#primaryimage"},"thumbnailUrl":"https:\/\/eltrabajo.cl\/web\/wp-content\/uploads\/2025\/04\/vera-arcos-1.jpg","datePublished":"2025-04-03T23:50:08+00:00","breadcrumb":{"@id":"https:\/\/eltrabajo.cl\/web\/club-vera-arcos-se-consagra-campeon-del-campeonato-nocturno-2025-sub-60\/#breadcrumb"},"inLanguage":"es-CL","potentialAction":[{"@type":"ReadAction","target":["https:\/\/eltrabajo.cl\/web\/club-vera-arcos-se-consagra-campeon-del-campeonato-nocturno-2025-sub-60\/"]}]},{"@type":"ImageObject","inLanguage":"es-CL","@id":"https:\/\/eltrabajo.cl\/web\/club-vera-arcos-se-consagra-campeon-del-campeonato-nocturno-2025-sub-60\/#primaryimage","url":"https:\/\/eltrabajo.cl\/web\/wp-content\/uploads\/2025\/04\/vera-arcos-1.jpg","contentUrl":"https:\/\/eltrabajo.cl\/web\/wp-content\/uploads\/2025\/04\/vera-arcos-1.jpg","width":699,"height":394,"caption":"El Club de F\u00fatbol Vera Arcos se coron\u00f3 campe\u00f3n del Campeonato Nocturno Sub-60 2025."},{"@type":"BreadcrumbList","@id":"https:\/\/eltrabajo.cl\/web\/club-vera-arcos-se-consagra-campeon-del-campeonato-nocturno-2025-sub-60\/#breadcrumb","itemListElement":[{"@type":"ListItem","position":1,"name":"Portada","item":"https:\/\/eltrabajo.cl\/web\/"},{"@type":"ListItem","position":2,"name":"Club Vera Arcos se consagra campe\u00f3n del Campeonato Nocturno 2025 Sub-60"}]},{"@type":"WebSite","@id":"https:\/\/eltrabajo.cl\/web\/#website","url":"https:\/\/eltrabajo.cl\/web\/","name":"Diario El Trabajo","description":"Desde 1929 construyendo Identidad Local","publisher":{"@id":"https:\/\/eltrabajo.cl\/web\/#organization"},"potentialAction":[{"@type":"SearchAction","target":{"@type":"EntryPoint","urlTemplate":"https:\/\/eltrabajo.cl\/web\/?s={search_term_string}"},"query-input":{"@type":"PropertyValueSpecification","valueRequired":true,"valueName":"search_term_string"}}],"inLanguage":"es-CL"},{"@type":"Organization","@id":"https:\/\/eltrabajo.cl\/web\/#organization","name":"Diario El Trabajo","url":"https:\/\/eltrabajo.cl\/web\/","logo":{"@type":"ImageObject","inLanguage":"es-CL","@id":"https:\/\/eltrabajo.cl\/web\/#\/schema\/logo\/image\/","url":"https:\/\/eltrabajo.cl\/web\/wp-content\/uploads\/2024\/06\/profile-image-ig-page-diarioeltrabajo.jpg","contentUrl":"https:\/\/eltrabajo.cl\/web\/wp-content\/uploads\/2024\/06\/profile-image-ig-page-diarioeltrabajo.jpg","width":823,"height":823,"caption":"Diario El Trabajo"},"image":{"@id":"https:\/\/eltrabajo.cl\/web\/#\/schema\/logo\/image\/"},"sameAs":["https:\/\/www.facebook.com\/ElTrabajoDiario","https:\/\/x.com\/diarioeltrabajo"]},{"@type":"Person","@id":"https:\/\/eltrabajo.cl\/web\/#\/schema\/person\/45efd3d17f86ec456e44dd7debe1bf19","name":"Diario El Trabajo","image":{"@type":"ImageObject","inLanguage":"es-CL","@id":"https:\/\/secure.gravatar.com\/avatar\/7e6ec277dc4aea2677c2dc301d4227957219329c985ab69a3efc12518b5161aa?s=96&d=mm&r=g","url":"https:\/\/secure.gravatar.com\/avatar\/7e6ec277dc4aea2677c2dc301d4227957219329c985ab69a3efc12518b5161aa?s=96&d=mm&r=g","contentUrl":"https:\/\/secure.gravatar.com\/avatar\/7e6ec277dc4aea2677c2dc301d4227957219329c985ab69a3efc12518b5161aa?s=96&d=mm&r=g","caption":"Diario El Trabajo"},"sameAs":["https:\/\/eltrabajo.cl\/web"],"url":"https:\/\/eltrabajo.cl\/web\/author\/diario-el-trabajo\/"}]}},"_links":{"self":[{"href":"https:\/\/eltrabajo.cl\/web\/wp-json\/wp\/v2\/posts\/136144","targetHints":{"allow":["GET"]}}],"collection":[{"href":"https:\/\/eltrabajo.cl\/web\/wp-json\/wp\/v2\/posts"}],"about":[{"href":"https:\/\/eltrabajo.cl\/web\/wp-json\/wp\/v2\/types\/post"}],"author":[{"embeddable":true,"href":"https:\/\/eltrabajo.cl\/web\/wp-json\/wp\/v2\/users\/1"}],"replies":[{"embeddable":true,"href":"https:\/\/eltrabajo.cl\/web\/wp-json\/wp\/v2\/comments?post=136144"}],"version-history":[{"count":1,"href":"https:\/\/eltrabajo.cl\/web\/wp-json\/wp\/v2\/posts\/136144\/revisions"}],"predecessor-version":[{"id":136148,"href":"https:\/\/eltrabajo.cl\/web\/wp-json\/wp\/v2\/posts\/136144\/revisions\/136148"}],"wp:featuredmedia":[{"embeddable":true,"href":"https:\/\/eltrabajo.cl\/web\/wp-json\/wp\/v2\/media\/136146"}],"wp:attachment":[{"href":"https:\/\/eltrabajo.cl\/web\/wp-json\/wp\/v2\/media?parent=136144"}],"wp:term":[{"taxonomy":"category","embeddable":true,"href":"https:\/\/eltrabajo.cl\/web\/wp-json\/wp\/v2\/categories?post=136144"},{"taxonomy":"post_tag","embeddable":true,"href":"https:\/\/eltrabajo.cl\/web\/wp-json\/wp\/v2\/tags?post=136144"}],"curies":[{"name":"wp","href":"https:\/\/api.w.org\/{rel}","templated":true}]}}