{"id":136149,"date":"2025-04-03T20:52:23","date_gmt":"2025-04-03T23:52:23","guid":{"rendered":"https:\/\/eltrabajo.cl\/web\/?p=136149"},"modified":"2025-04-03T20:52:23","modified_gmt":"2025-04-03T23:52:23","slug":"rinconada-de-silva-celebro-los-90-anos-del-cristo-de-madera-con-emotiva-jornada-de-fe-y-tradicion","status":"publish","type":"post","link":"https:\/\/eltrabajo.cl\/web\/rinconada-de-silva-celebro-los-90-anos-del-cristo-de-madera-con-emotiva-jornada-de-fe-y-tradicion\/","title":{"rendered":"Rinconada de Silva Celebr\u00f3 los 90 A\u00f1os del Cristo de Madera con emotiva jornada de fe y tradici\u00f3n\u00a0"},"content":{"rendered":"<ul>\n<li><strong>La ceremonia incluy\u00f3 un v\u00eda crucis, misa, reflexiones sobre el legado del escultor y una presentaci\u00f3n art\u00edstica.-<\/strong><\/li>\n<\/ul>\n<p>El pasado s\u00e1bado 29 de marzo, m\u00e1s de 300 personas, rinconadinos, autoridades eclesi\u00e1sticas y municipales, as\u00ed como fervientes creyentes, se dieron cita para conmemorar los 90 a\u00f1os del Cristo de Madera de Rinconada de Silva, un \u00edcono de la fe y la tradici\u00f3n de la comunidad. La jornada estuvo marcada por un ambiente de profunda devoci\u00f3n y hermandad, en el que se destac\u00f3 la participaci\u00f3n activa de los vecinos de la zona.<\/p>\n<p>La ceremonia comenz\u00f3 a las 18:00 horas, iniciando con el tradicional rezo del V\u00eda Crucis, que recorri\u00f3 cada una de las estaciones del lugar. Este acto fue acompa\u00f1ado por representantes de las 17 comunidades de la parroquia de Rinconada, quienes portaban cruces restauradas por los propios feligreses, un gesto que simboliz\u00f3 la unidad y el compromiso con la tradici\u00f3n religiosa.<\/p>\n<p>A continuaci\u00f3n, se celebr\u00f3 una misa solemne presidida por el obispo de San Felipe, <strong>Gonzalo Bravo \u00c1lvarez<\/strong>, quien estuvo acompa\u00f1ado por el padre <strong>Diego L\u00f3pez Encina <\/strong>y los ex p\u00e1rrocos <strong>Ricardo G\u00f3mez <\/strong>y <strong>Juan Cort\u00e9s<\/strong>. En este emotivo momento, tambi\u00e9n estuvo presente el sacerdote <strong>Gabriel Horn<\/strong>, hijo del escultor del Cristo de Madera, <strong>Peter Horn<\/strong>. Gabriel, comparti\u00f3 una profunda reflexi\u00f3n sobre su historia personal y el legado de su padre, relatando c\u00f3mo el escultor, quien lleg\u00f3 a Chile como misionero laico, descubri\u00f3 el tronco ca\u00eddo que m\u00e1s tarde se transformar\u00eda en la emblem\u00e1tica figura que hoy honra a Rinconada de Silva.<\/p>\n<p>El evento continu\u00f3 con una destacada presentaci\u00f3n art\u00edstica que fue impulsada por un grupo de rinconadinos. A trav\u00e9s de una exposici\u00f3n cultural, se narr\u00f3 la historia de la construcci\u00f3n del Cristo, acompa\u00f1ada de poes\u00eda y cantos que emocionaron a los presentes. El padre <strong>Diego L\u00f3pez, <\/strong>destac\u00f3 la importancia de la celebraci\u00f3n, se\u00f1alando que este aniversario fue impulsado por los propios rinconadinos, quienes mantienen viva la tradici\u00f3n y el amor por a\u00f1osa estructura.<\/p>\n<p>El Cristo de Madera, ubicado en el cerro de Rinconada de Silva, es mucho m\u00e1s que una figura religiosa; es un s\u00edmbolo de fe y unidad que ha trascendido generaciones. A lo largo de los a\u00f1os, se ha convertido en un importante destino de peregrinaci\u00f3n y turismo religioso, un lugar en el que los fieles encuentran consuelo y esperanza.<\/p>\n<p>El padre L\u00f3pez, recalc\u00f3 el profundo significado que representa este santo para la comunidad, se\u00f1alando que es un lugar que conecta a los rinconadinos con sus antepasados, quienes llevaron a cabo la gran proeza de erigir la figura, y con todos aquellos que han participado en su construcci\u00f3n y conservaci\u00f3n a lo largo de los a\u00f1os.<\/p>\n<p>\u00ab<em>El Santo Cristo es un lugar de fe, que conecta con los antepasados que hicieron esa gran proeza, y con todos los que han participado en la construcci\u00f3n del lugar y su mantenimiento. Es un legado que nos invita a levantar los ojos al cielo y contemplar a Jes\u00fas, que acoge y acompa\u00f1a la vida de los peregrinos. Ah\u00ed en el cerro La Cruz, quedan las penas y ruegos, y espero que bajen con la confianza de haberse escuchados. Son muchas las muestras de cari\u00f1o y de mandas por favores concedidos, es un lugar de gratitud<\/em>\u00bb, expres\u00f3.<\/p>\n<p>El evento culmin\u00f3 en un ambiente de profunda gratitud y espiritualidad, reafirmando el compromiso de la comunidad de Rinconada de Silva con su tradici\u00f3n y el legado que representa el Cristo de Madera, un s\u00edmbolo que sigue vigente y que continuar\u00e1 siendo parte fundamental de la vida religiosa y cultural de la localidad.<\/p>\n<figure id=\"attachment_136150\" aria-describedby=\"caption-attachment-136150\" style=\"width: 697px\" class=\"wp-caption alignnone\"><img loading=\"lazy\" decoding=\"async\" class=\"size-full wp-image-136150\" src=\"http:\/\/eltrabajo.cl\/web\/wp-content\/uploads\/2025\/04\/Aniversario-cristo-3.jpg\" alt=\"El evento culmin\u00f3 con una presentaci\u00f3n art\u00edstica que narr\u00f3 a historia de la fundaci\u00f3n del Cristo de Madera.\" width=\"697\" height=\"218\" srcset=\"https:\/\/eltrabajo.cl\/web\/wp-content\/uploads\/2025\/04\/Aniversario-cristo-3.jpg 697w, https:\/\/eltrabajo.cl\/web\/wp-content\/uploads\/2025\/04\/Aniversario-cristo-3-300x94.jpg 300w, https:\/\/eltrabajo.cl\/web\/wp-content\/uploads\/2025\/04\/Aniversario-cristo-3-150x47.jpg 150w\" sizes=\"auto, (max-width: 697px) 100vw, 697px\" \/><figcaption id=\"caption-attachment-136150\" class=\"wp-caption-text\">El evento culmin\u00f3 con una presentaci\u00f3n art\u00edstica que narr\u00f3 a historia de la fundaci\u00f3n del Cristo de Madera.<\/figcaption><\/figure>\n<figure id=\"attachment_136152\" aria-describedby=\"caption-attachment-136152\" style=\"width: 698px\" class=\"wp-caption alignnone\"><img loading=\"lazy\" decoding=\"async\" class=\"size-full wp-image-136152\" src=\"http:\/\/eltrabajo.cl\/web\/wp-content\/uploads\/2025\/04\/Aniversario-cristo-2.jpg\" alt=\"M\u00e1s de 300 personas asistieron a la celebraci\u00f3n de este caracter\u00edstico lugar de Rinconada.\u00a0\" width=\"698\" height=\"393\" srcset=\"https:\/\/eltrabajo.cl\/web\/wp-content\/uploads\/2025\/04\/Aniversario-cristo-2.jpg 698w, https:\/\/eltrabajo.cl\/web\/wp-content\/uploads\/2025\/04\/Aniversario-cristo-2-300x169.jpg 300w, https:\/\/eltrabajo.cl\/web\/wp-content\/uploads\/2025\/04\/Aniversario-cristo-2-150x84.jpg 150w, https:\/\/eltrabajo.cl\/web\/wp-content\/uploads\/2025\/04\/Aniversario-cristo-2-696x392.jpg 696w\" sizes=\"auto, (max-width: 698px) 100vw, 698px\" \/><figcaption id=\"caption-attachment-136152\" class=\"wp-caption-text\">M\u00e1s de 300 personas asistieron a la celebraci\u00f3n de este caracter\u00edstico lugar de Rinconada.\u00a0<\/figcaption><\/figure>\n<figure id=\"attachment_136151\" aria-describedby=\"caption-attachment-136151\" style=\"width: 698px\" class=\"wp-caption alignnone\"><img loading=\"lazy\" decoding=\"async\" class=\"size-full wp-image-136151\" src=\"http:\/\/eltrabajo.cl\/web\/wp-content\/uploads\/2025\/04\/Aniversario-cristo-1.jpg\" alt=\"El Cristo de Madera cumpli\u00f3 90 a\u00f1os.\" width=\"698\" height=\"398\" srcset=\"https:\/\/eltrabajo.cl\/web\/wp-content\/uploads\/2025\/04\/Aniversario-cristo-1.jpg 698w, https:\/\/eltrabajo.cl\/web\/wp-content\/uploads\/2025\/04\/Aniversario-cristo-1-300x171.jpg 300w, https:\/\/eltrabajo.cl\/web\/wp-content\/uploads\/2025\/04\/Aniversario-cristo-1-150x86.jpg 150w, https:\/\/eltrabajo.cl\/web\/wp-content\/uploads\/2025\/04\/Aniversario-cristo-1-696x397.jpg 696w\" sizes=\"auto, (max-width: 698px) 100vw, 698px\" \/><figcaption id=\"caption-attachment-136151\" class=\"wp-caption-text\">El Cristo de Madera cumpli\u00f3 90 a\u00f1os.<\/figcaption><\/figure>\n","protected":false},"excerpt":{"rendered":"<p>La ceremonia incluy\u00f3 un v\u00eda crucis, misa, reflexiones sobre el legado del escultor y una presentaci\u00f3n art\u00edstica.- El pasado s\u00e1bado 29 de marzo, m\u00e1s de 300 personas, rinconadinos, autoridades eclesi\u00e1sticas y municipales, as\u00ed como fervientes creyentes, se dieron cita para conmemorar los 90 a\u00f1os del Cristo de Madera de Rinconada de Silva, un \u00edcono de [&hellip;]<\/p>\n","protected":false},"author":1,"featured_media":136152,"comment_status":"open","ping_status":"closed","sticky":false,"template":"","format":"standard","meta":{"footnotes":""},"categories":[3],"tags":[],"class_list":{"0":"post-136149","1":"post","2":"type-post","3":"status-publish","4":"format-standard","5":"has-post-thumbnail","7":"category-cronica-2"},"yoast_head":"<!-- This site is optimized with the Yoast SEO plugin v27.5 - https:\/\/yoast.com\/product\/yoast-seo-wordpress\/ -->\n<title>Rinconada de Silva Celebr\u00f3 los 90 A\u00f1os del Cristo de Madera con emotiva jornada de fe y tradici\u00f3n\u00a0 - Diario El Trabajo<\/title>\n<meta name=\"robots\" content=\"index, follow, max-snippet:-1, max-image-preview:large, max-video-preview:-1\" \/>\n<link rel=\"canonical\" href=\"https:\/\/eltrabajo.cl\/web\/rinconada-de-silva-celebro-los-90-anos-del-cristo-de-madera-con-emotiva-jornada-de-fe-y-tradicion\/\" \/>\n<meta property=\"og:locale\" content=\"es_ES\" \/>\n<meta property=\"og:type\" content=\"article\" \/>\n<meta property=\"og:title\" content=\"Rinconada de Silva Celebr\u00f3 los 90 A\u00f1os del Cristo de Madera con emotiva jornada de fe y tradici\u00f3n\u00a0 - Diario El Trabajo\" \/>\n<meta property=\"og:description\" content=\"La ceremonia incluy\u00f3 un v\u00eda crucis, misa, reflexiones sobre el legado del escultor y una presentaci\u00f3n art\u00edstica.- El pasado s\u00e1bado 29 de marzo, m\u00e1s de 300 personas, rinconadinos, autoridades eclesi\u00e1sticas y municipales, as\u00ed como fervientes creyentes, se dieron cita para conmemorar los 90 a\u00f1os del Cristo de Madera de Rinconada de Silva, un \u00edcono de [&hellip;]\" \/>\n<meta property=\"og:url\" content=\"https:\/\/eltrabajo.cl\/web\/rinconada-de-silva-celebro-los-90-anos-del-cristo-de-madera-con-emotiva-jornada-de-fe-y-tradicion\/\" \/>\n<meta property=\"og:site_name\" content=\"Diario El Trabajo\" \/>\n<meta property=\"article:publisher\" content=\"https:\/\/www.facebook.com\/ElTrabajoDiario\" \/>\n<meta property=\"article:published_time\" content=\"2025-04-03T23:52:23+00:00\" \/>\n<meta property=\"og:image\" content=\"https:\/\/eltrabajo.cl\/web\/wp-content\/uploads\/2025\/04\/Aniversario-cristo-2.jpg\" \/>\n\t<meta property=\"og:image:width\" content=\"698\" \/>\n\t<meta property=\"og:image:height\" content=\"393\" \/>\n\t<meta property=\"og:image:type\" content=\"image\/jpeg\" \/>\n<meta name=\"author\" content=\"Diario El Trabajo\" \/>\n<meta name=\"twitter:card\" content=\"summary_large_image\" \/>\n<meta name=\"twitter:creator\" content=\"@diarioeltrabajo\" \/>\n<meta name=\"twitter:site\" content=\"@diarioeltrabajo\" \/>\n<meta name=\"twitter:label1\" content=\"Escrito por\" \/>\n\t<meta name=\"twitter:data1\" content=\"Diario El Trabajo\" \/>\n\t<meta name=\"twitter:label2\" content=\"Tiempo estimado de lectura\" \/>\n\t<meta name=\"twitter:data2\" content=\"4 minutos\" \/>\n<script type=\"application\/ld+json\" class=\"yoast-schema-graph\">{\"@context\":\"https:\\\/\\\/schema.org\",\"@graph\":[{\"@type\":\"Article\",\"@id\":\"https:\\\/\\\/eltrabajo.cl\\\/web\\\/rinconada-de-silva-celebro-los-90-anos-del-cristo-de-madera-con-emotiva-jornada-de-fe-y-tradicion\\\/#article\",\"isPartOf\":{\"@id\":\"https:\\\/\\\/eltrabajo.cl\\\/web\\\/rinconada-de-silva-celebro-los-90-anos-del-cristo-de-madera-con-emotiva-jornada-de-fe-y-tradicion\\\/\"},\"author\":{\"name\":\"Diario El Trabajo\",\"@id\":\"https:\\\/\\\/eltrabajo.cl\\\/web\\\/#\\\/schema\\\/person\\\/45efd3d17f86ec456e44dd7debe1bf19\"},\"headline\":\"Rinconada de Silva Celebr\u00f3 los 90 A\u00f1os del Cristo de Madera con emotiva jornada de fe y tradici\u00f3n\u00a0\",\"datePublished\":\"2025-04-03T23:52:23+00:00\",\"mainEntityOfPage\":{\"@id\":\"https:\\\/\\\/eltrabajo.cl\\\/web\\\/rinconada-de-silva-celebro-los-90-anos-del-cristo-de-madera-con-emotiva-jornada-de-fe-y-tradicion\\\/\"},\"wordCount\":720,\"commentCount\":0,\"publisher\":{\"@id\":\"https:\\\/\\\/eltrabajo.cl\\\/web\\\/#organization\"},\"image\":{\"@id\":\"https:\\\/\\\/eltrabajo.cl\\\/web\\\/rinconada-de-silva-celebro-los-90-anos-del-cristo-de-madera-con-emotiva-jornada-de-fe-y-tradicion\\\/#primaryimage\"},\"thumbnailUrl\":\"https:\\\/\\\/eltrabajo.cl\\\/web\\\/wp-content\\\/uploads\\\/2025\\\/04\\\/Aniversario-cristo-2.jpg\",\"articleSection\":[\"Cr\u00f3nica\"],\"inLanguage\":\"es-CL\",\"potentialAction\":[{\"@type\":\"CommentAction\",\"name\":\"Comment\",\"target\":[\"https:\\\/\\\/eltrabajo.cl\\\/web\\\/rinconada-de-silva-celebro-los-90-anos-del-cristo-de-madera-con-emotiva-jornada-de-fe-y-tradicion\\\/#respond\"]}]},{\"@type\":\"WebPage\",\"@id\":\"https:\\\/\\\/eltrabajo.cl\\\/web\\\/rinconada-de-silva-celebro-los-90-anos-del-cristo-de-madera-con-emotiva-jornada-de-fe-y-tradicion\\\/\",\"url\":\"https:\\\/\\\/eltrabajo.cl\\\/web\\\/rinconada-de-silva-celebro-los-90-anos-del-cristo-de-madera-con-emotiva-jornada-de-fe-y-tradicion\\\/\",\"name\":\"Rinconada de Silva Celebr\u00f3 los 90 A\u00f1os del Cristo de Madera con emotiva jornada de fe y tradici\u00f3n\u00a0 - Diario El Trabajo\",\"isPartOf\":{\"@id\":\"https:\\\/\\\/eltrabajo.cl\\\/web\\\/#website\"},\"primaryImageOfPage\":{\"@id\":\"https:\\\/\\\/eltrabajo.cl\\\/web\\\/rinconada-de-silva-celebro-los-90-anos-del-cristo-de-madera-con-emotiva-jornada-de-fe-y-tradicion\\\/#primaryimage\"},\"image\":{\"@id\":\"https:\\\/\\\/eltrabajo.cl\\\/web\\\/rinconada-de-silva-celebro-los-90-anos-del-cristo-de-madera-con-emotiva-jornada-de-fe-y-tradicion\\\/#primaryimage\"},\"thumbnailUrl\":\"https:\\\/\\\/eltrabajo.cl\\\/web\\\/wp-content\\\/uploads\\\/2025\\\/04\\\/Aniversario-cristo-2.jpg\",\"datePublished\":\"2025-04-03T23:52:23+00:00\",\"breadcrumb\":{\"@id\":\"https:\\\/\\\/eltrabajo.cl\\\/web\\\/rinconada-de-silva-celebro-los-90-anos-del-cristo-de-madera-con-emotiva-jornada-de-fe-y-tradicion\\\/#breadcrumb\"},\"inLanguage\":\"es-CL\",\"potentialAction\":[{\"@type\":\"ReadAction\",\"target\":[\"https:\\\/\\\/eltrabajo.cl\\\/web\\\/rinconada-de-silva-celebro-los-90-anos-del-cristo-de-madera-con-emotiva-jornada-de-fe-y-tradicion\\\/\"]}]},{\"@type\":\"ImageObject\",\"inLanguage\":\"es-CL\",\"@id\":\"https:\\\/\\\/eltrabajo.cl\\\/web\\\/rinconada-de-silva-celebro-los-90-anos-del-cristo-de-madera-con-emotiva-jornada-de-fe-y-tradicion\\\/#primaryimage\",\"url\":\"https:\\\/\\\/eltrabajo.cl\\\/web\\\/wp-content\\\/uploads\\\/2025\\\/04\\\/Aniversario-cristo-2.jpg\",\"contentUrl\":\"https:\\\/\\\/eltrabajo.cl\\\/web\\\/wp-content\\\/uploads\\\/2025\\\/04\\\/Aniversario-cristo-2.jpg\",\"width\":698,\"height\":393,\"caption\":\"M\u00e1s de 300 personas asistieron a la celebraci\u00f3n de este caracter\u00edstico lugar de Rinconada.\u00a0\"},{\"@type\":\"BreadcrumbList\",\"@id\":\"https:\\\/\\\/eltrabajo.cl\\\/web\\\/rinconada-de-silva-celebro-los-90-anos-del-cristo-de-madera-con-emotiva-jornada-de-fe-y-tradicion\\\/#breadcrumb\",\"itemListElement\":[{\"@type\":\"ListItem\",\"position\":1,\"name\":\"Portada\",\"item\":\"https:\\\/\\\/eltrabajo.cl\\\/web\\\/\"},{\"@type\":\"ListItem\",\"position\":2,\"name\":\"Rinconada de Silva Celebr\u00f3 los 90 A\u00f1os del Cristo de Madera con emotiva jornada de fe y tradici\u00f3n\u00a0\"}]},{\"@type\":\"WebSite\",\"@id\":\"https:\\\/\\\/eltrabajo.cl\\\/web\\\/#website\",\"url\":\"https:\\\/\\\/eltrabajo.cl\\\/web\\\/\",\"name\":\"Diario El Trabajo\",\"description\":\"Desde 1929 construyendo Identidad Local\",\"publisher\":{\"@id\":\"https:\\\/\\\/eltrabajo.cl\\\/web\\\/#organization\"},\"potentialAction\":[{\"@type\":\"SearchAction\",\"target\":{\"@type\":\"EntryPoint\",\"urlTemplate\":\"https:\\\/\\\/eltrabajo.cl\\\/web\\\/?s={search_term_string}\"},\"query-input\":{\"@type\":\"PropertyValueSpecification\",\"valueRequired\":true,\"valueName\":\"search_term_string\"}}],\"inLanguage\":\"es-CL\"},{\"@type\":\"Organization\",\"@id\":\"https:\\\/\\\/eltrabajo.cl\\\/web\\\/#organization\",\"name\":\"Diario El Trabajo\",\"url\":\"https:\\\/\\\/eltrabajo.cl\\\/web\\\/\",\"logo\":{\"@type\":\"ImageObject\",\"inLanguage\":\"es-CL\",\"@id\":\"https:\\\/\\\/eltrabajo.cl\\\/web\\\/#\\\/schema\\\/logo\\\/image\\\/\",\"url\":\"https:\\\/\\\/eltrabajo.cl\\\/web\\\/wp-content\\\/uploads\\\/2024\\\/06\\\/profile-image-ig-page-diarioeltrabajo.jpg\",\"contentUrl\":\"https:\\\/\\\/eltrabajo.cl\\\/web\\\/wp-content\\\/uploads\\\/2024\\\/06\\\/profile-image-ig-page-diarioeltrabajo.jpg\",\"width\":823,\"height\":823,\"caption\":\"Diario El Trabajo\"},\"image\":{\"@id\":\"https:\\\/\\\/eltrabajo.cl\\\/web\\\/#\\\/schema\\\/logo\\\/image\\\/\"},\"sameAs\":[\"https:\\\/\\\/www.facebook.com\\\/ElTrabajoDiario\",\"https:\\\/\\\/x.com\\\/diarioeltrabajo\"]},{\"@type\":\"Person\",\"@id\":\"https:\\\/\\\/eltrabajo.cl\\\/web\\\/#\\\/schema\\\/person\\\/45efd3d17f86ec456e44dd7debe1bf19\",\"name\":\"Diario El Trabajo\",\"image\":{\"@type\":\"ImageObject\",\"inLanguage\":\"es-CL\",\"@id\":\"https:\\\/\\\/secure.gravatar.com\\\/avatar\\\/7e6ec277dc4aea2677c2dc301d4227957219329c985ab69a3efc12518b5161aa?s=96&d=mm&r=g\",\"url\":\"https:\\\/\\\/secure.gravatar.com\\\/avatar\\\/7e6ec277dc4aea2677c2dc301d4227957219329c985ab69a3efc12518b5161aa?s=96&d=mm&r=g\",\"contentUrl\":\"https:\\\/\\\/secure.gravatar.com\\\/avatar\\\/7e6ec277dc4aea2677c2dc301d4227957219329c985ab69a3efc12518b5161aa?s=96&d=mm&r=g\",\"caption\":\"Diario El Trabajo\"},\"sameAs\":[\"https:\\\/\\\/eltrabajo.cl\\\/web\"],\"url\":\"https:\\\/\\\/eltrabajo.cl\\\/web\\\/author\\\/diario-el-trabajo\\\/\"}]}<\/script>\n<!-- \/ Yoast SEO plugin. -->","yoast_head_json":{"title":"Rinconada de Silva Celebr\u00f3 los 90 A\u00f1os del Cristo de Madera con emotiva jornada de fe y tradici\u00f3n\u00a0 - Diario El Trabajo","robots":{"index":"index","follow":"follow","max-snippet":"max-snippet:-1","max-image-preview":"max-image-preview:large","max-video-preview":"max-video-preview:-1"},"canonical":"https:\/\/eltrabajo.cl\/web\/rinconada-de-silva-celebro-los-90-anos-del-cristo-de-madera-con-emotiva-jornada-de-fe-y-tradicion\/","og_locale":"es_ES","og_type":"article","og_title":"Rinconada de Silva Celebr\u00f3 los 90 A\u00f1os del Cristo de Madera con emotiva jornada de fe y tradici\u00f3n\u00a0 - Diario El Trabajo","og_description":"La ceremonia incluy\u00f3 un v\u00eda crucis, misa, reflexiones sobre el legado del escultor y una presentaci\u00f3n art\u00edstica.- El pasado s\u00e1bado 29 de marzo, m\u00e1s de 300 personas, rinconadinos, autoridades eclesi\u00e1sticas y municipales, as\u00ed como fervientes creyentes, se dieron cita para conmemorar los 90 a\u00f1os del Cristo de Madera de Rinconada de Silva, un \u00edcono de [&hellip;]","og_url":"https:\/\/eltrabajo.cl\/web\/rinconada-de-silva-celebro-los-90-anos-del-cristo-de-madera-con-emotiva-jornada-de-fe-y-tradicion\/","og_site_name":"Diario El Trabajo","article_publisher":"https:\/\/www.facebook.com\/ElTrabajoDiario","article_published_time":"2025-04-03T23:52:23+00:00","og_image":[{"width":698,"height":393,"url":"https:\/\/eltrabajo.cl\/web\/wp-content\/uploads\/2025\/04\/Aniversario-cristo-2.jpg","type":"image\/jpeg"}],"author":"Diario El Trabajo","twitter_card":"summary_large_image","twitter_creator":"@diarioeltrabajo","twitter_site":"@diarioeltrabajo","twitter_misc":{"Escrito por":"Diario El Trabajo","Tiempo estimado de lectura":"4 minutos"},"schema":{"@context":"https:\/\/schema.org","@graph":[{"@type":"Article","@id":"https:\/\/eltrabajo.cl\/web\/rinconada-de-silva-celebro-los-90-anos-del-cristo-de-madera-con-emotiva-jornada-de-fe-y-tradicion\/#article","isPartOf":{"@id":"https:\/\/eltrabajo.cl\/web\/rinconada-de-silva-celebro-los-90-anos-del-cristo-de-madera-con-emotiva-jornada-de-fe-y-tradicion\/"},"author":{"name":"Diario El Trabajo","@id":"https:\/\/eltrabajo.cl\/web\/#\/schema\/person\/45efd3d17f86ec456e44dd7debe1bf19"},"headline":"Rinconada de Silva Celebr\u00f3 los 90 A\u00f1os del Cristo de Madera con emotiva jornada de fe y tradici\u00f3n\u00a0","datePublished":"2025-04-03T23:52:23+00:00","mainEntityOfPage":{"@id":"https:\/\/eltrabajo.cl\/web\/rinconada-de-silva-celebro-los-90-anos-del-cristo-de-madera-con-emotiva-jornada-de-fe-y-tradicion\/"},"wordCount":720,"commentCount":0,"publisher":{"@id":"https:\/\/eltrabajo.cl\/web\/#organization"},"image":{"@id":"https:\/\/eltrabajo.cl\/web\/rinconada-de-silva-celebro-los-90-anos-del-cristo-de-madera-con-emotiva-jornada-de-fe-y-tradicion\/#primaryimage"},"thumbnailUrl":"https:\/\/eltrabajo.cl\/web\/wp-content\/uploads\/2025\/04\/Aniversario-cristo-2.jpg","articleSection":["Cr\u00f3nica"],"inLanguage":"es-CL","potentialAction":[{"@type":"CommentAction","name":"Comment","target":["https:\/\/eltrabajo.cl\/web\/rinconada-de-silva-celebro-los-90-anos-del-cristo-de-madera-con-emotiva-jornada-de-fe-y-tradicion\/#respond"]}]},{"@type":"WebPage","@id":"https:\/\/eltrabajo.cl\/web\/rinconada-de-silva-celebro-los-90-anos-del-cristo-de-madera-con-emotiva-jornada-de-fe-y-tradicion\/","url":"https:\/\/eltrabajo.cl\/web\/rinconada-de-silva-celebro-los-90-anos-del-cristo-de-madera-con-emotiva-jornada-de-fe-y-tradicion\/","name":"Rinconada de Silva Celebr\u00f3 los 90 A\u00f1os del Cristo de Madera con emotiva jornada de fe y tradici\u00f3n\u00a0 - Diario El Trabajo","isPartOf":{"@id":"https:\/\/eltrabajo.cl\/web\/#website"},"primaryImageOfPage":{"@id":"https:\/\/eltrabajo.cl\/web\/rinconada-de-silva-celebro-los-90-anos-del-cristo-de-madera-con-emotiva-jornada-de-fe-y-tradicion\/#primaryimage"},"image":{"@id":"https:\/\/eltrabajo.cl\/web\/rinconada-de-silva-celebro-los-90-anos-del-cristo-de-madera-con-emotiva-jornada-de-fe-y-tradicion\/#primaryimage"},"thumbnailUrl":"https:\/\/eltrabajo.cl\/web\/wp-content\/uploads\/2025\/04\/Aniversario-cristo-2.jpg","datePublished":"2025-04-03T23:52:23+00:00","breadcrumb":{"@id":"https:\/\/eltrabajo.cl\/web\/rinconada-de-silva-celebro-los-90-anos-del-cristo-de-madera-con-emotiva-jornada-de-fe-y-tradicion\/#breadcrumb"},"inLanguage":"es-CL","potentialAction":[{"@type":"ReadAction","target":["https:\/\/eltrabajo.cl\/web\/rinconada-de-silva-celebro-los-90-anos-del-cristo-de-madera-con-emotiva-jornada-de-fe-y-tradicion\/"]}]},{"@type":"ImageObject","inLanguage":"es-CL","@id":"https:\/\/eltrabajo.cl\/web\/rinconada-de-silva-celebro-los-90-anos-del-cristo-de-madera-con-emotiva-jornada-de-fe-y-tradicion\/#primaryimage","url":"https:\/\/eltrabajo.cl\/web\/wp-content\/uploads\/2025\/04\/Aniversario-cristo-2.jpg","contentUrl":"https:\/\/eltrabajo.cl\/web\/wp-content\/uploads\/2025\/04\/Aniversario-cristo-2.jpg","width":698,"height":393,"caption":"M\u00e1s de 300 personas asistieron a la celebraci\u00f3n de este caracter\u00edstico lugar de Rinconada.\u00a0"},{"@type":"BreadcrumbList","@id":"https:\/\/eltrabajo.cl\/web\/rinconada-de-silva-celebro-los-90-anos-del-cristo-de-madera-con-emotiva-jornada-de-fe-y-tradicion\/#breadcrumb","itemListElement":[{"@type":"ListItem","position":1,"name":"Portada","item":"https:\/\/eltrabajo.cl\/web\/"},{"@type":"ListItem","position":2,"name":"Rinconada de Silva Celebr\u00f3 los 90 A\u00f1os del Cristo de Madera con emotiva jornada de fe y tradici\u00f3n\u00a0"}]},{"@type":"WebSite","@id":"https:\/\/eltrabajo.cl\/web\/#website","url":"https:\/\/eltrabajo.cl\/web\/","name":"Diario El Trabajo","description":"Desde 1929 construyendo Identidad Local","publisher":{"@id":"https:\/\/eltrabajo.cl\/web\/#organization"},"potentialAction":[{"@type":"SearchAction","target":{"@type":"EntryPoint","urlTemplate":"https:\/\/eltrabajo.cl\/web\/?s={search_term_string}"},"query-input":{"@type":"PropertyValueSpecification","valueRequired":true,"valueName":"search_term_string"}}],"inLanguage":"es-CL"},{"@type":"Organization","@id":"https:\/\/eltrabajo.cl\/web\/#organization","name":"Diario El Trabajo","url":"https:\/\/eltrabajo.cl\/web\/","logo":{"@type":"ImageObject","inLanguage":"es-CL","@id":"https:\/\/eltrabajo.cl\/web\/#\/schema\/logo\/image\/","url":"https:\/\/eltrabajo.cl\/web\/wp-content\/uploads\/2024\/06\/profile-image-ig-page-diarioeltrabajo.jpg","contentUrl":"https:\/\/eltrabajo.cl\/web\/wp-content\/uploads\/2024\/06\/profile-image-ig-page-diarioeltrabajo.jpg","width":823,"height":823,"caption":"Diario El Trabajo"},"image":{"@id":"https:\/\/eltrabajo.cl\/web\/#\/schema\/logo\/image\/"},"sameAs":["https:\/\/www.facebook.com\/ElTrabajoDiario","https:\/\/x.com\/diarioeltrabajo"]},{"@type":"Person","@id":"https:\/\/eltrabajo.cl\/web\/#\/schema\/person\/45efd3d17f86ec456e44dd7debe1bf19","name":"Diario El Trabajo","image":{"@type":"ImageObject","inLanguage":"es-CL","@id":"https:\/\/secure.gravatar.com\/avatar\/7e6ec277dc4aea2677c2dc301d4227957219329c985ab69a3efc12518b5161aa?s=96&d=mm&r=g","url":"https:\/\/secure.gravatar.com\/avatar\/7e6ec277dc4aea2677c2dc301d4227957219329c985ab69a3efc12518b5161aa?s=96&d=mm&r=g","contentUrl":"https:\/\/secure.gravatar.com\/avatar\/7e6ec277dc4aea2677c2dc301d4227957219329c985ab69a3efc12518b5161aa?s=96&d=mm&r=g","caption":"Diario El Trabajo"},"sameAs":["https:\/\/eltrabajo.cl\/web"],"url":"https:\/\/eltrabajo.cl\/web\/author\/diario-el-trabajo\/"}]}},"_links":{"self":[{"href":"https:\/\/eltrabajo.cl\/web\/wp-json\/wp\/v2\/posts\/136149","targetHints":{"allow":["GET"]}}],"collection":[{"href":"https:\/\/eltrabajo.cl\/web\/wp-json\/wp\/v2\/posts"}],"about":[{"href":"https:\/\/eltrabajo.cl\/web\/wp-json\/wp\/v2\/types\/post"}],"author":[{"embeddable":true,"href":"https:\/\/eltrabajo.cl\/web\/wp-json\/wp\/v2\/users\/1"}],"replies":[{"embeddable":true,"href":"https:\/\/eltrabajo.cl\/web\/wp-json\/wp\/v2\/comments?post=136149"}],"version-history":[{"count":1,"href":"https:\/\/eltrabajo.cl\/web\/wp-json\/wp\/v2\/posts\/136149\/revisions"}],"predecessor-version":[{"id":136153,"href":"https:\/\/eltrabajo.cl\/web\/wp-json\/wp\/v2\/posts\/136149\/revisions\/136153"}],"wp:featuredmedia":[{"embeddable":true,"href":"https:\/\/eltrabajo.cl\/web\/wp-json\/wp\/v2\/media\/136152"}],"wp:attachment":[{"href":"https:\/\/eltrabajo.cl\/web\/wp-json\/wp\/v2\/media?parent=136149"}],"wp:term":[{"taxonomy":"category","embeddable":true,"href":"https:\/\/eltrabajo.cl\/web\/wp-json\/wp\/v2\/categories?post=136149"},{"taxonomy":"post_tag","embeddable":true,"href":"https:\/\/eltrabajo.cl\/web\/wp-json\/wp\/v2\/tags?post=136149"}],"curies":[{"name":"wp","href":"https:\/\/api.w.org\/{rel}","templated":true}]}}