{"id":136165,"date":"2025-04-03T20:59:30","date_gmt":"2025-04-03T23:59:30","guid":{"rendered":"https:\/\/eltrabajo.cl\/web\/?p=136165"},"modified":"2025-04-03T20:59:30","modified_gmt":"2025-04-03T23:59:30","slug":"desalojan-el-lote-11-de-la-toma-de-san-felipe","status":"publish","type":"post","link":"https:\/\/eltrabajo.cl\/web\/desalojan-el-lote-11-de-la-toma-de-san-felipe\/","title":{"rendered":"Desalojan el Lote 11 de la Toma de San Felipe"},"content":{"rendered":"<ul>\n<li><strong>Carabineros prim\u00f3 la instancia de di\u00e1logo para desarrollar el proceso.\u2013<\/strong><\/li>\n<\/ul>\n<p>Hasta que lleg\u00f3 el d\u00eda. El tan anunciado y trabajado desalojo del Lote 11 o tambi\u00e9n llamado Lote B de la Toma de San Felipe, se llev\u00f3 a cabo durante la jornada de este jueves con un amplio operativo de Carabineros en el sector.<\/p>\n<p>A eso de las 6:30 de la madrugada, y cuando la oscuridad a\u00fan reinaba en los cielos de Aconcagua, personal de Carabineros de San Felipe con el apoyo de unidades especiales de otras ciudades del pa\u00eds, se desplegaron por diversos puntos del sector ale\u00f1ado a la toma.<\/p>\n<p>Es as\u00ed, como efectivos se instalaron en la ruta CH60 con un punto fijo, adem\u00e1s de diversos carros por calle Diego de Almagro y Tacna Norte y Sur. Esto \u00faltimo, no estuvo exento de algunas dificultades para los vecinos y vecinas de las villas aleda\u00f1as, ya que seg\u00fan se hab\u00eda informado de parte de las autoridades en la previa, no existir\u00edan cortes de tr\u00e1nsito.<\/p>\n<p>Sin embargo, personal de Carabineros impidi\u00f3 por algunos minutos el tr\u00e1nsito en la esquina de calle Diego de Almagro con Tacna Norte, solo habilitando el paso a los veh\u00edculos de los residentes que sal\u00edan del sector. La situaci\u00f3n eso s\u00ed, se normaliz\u00f3 a medida que avanzaban los minutos.<\/p>\n<p>Ya a eso de las 7:00 am, el numeroso contingente de Carabineros estaba apostado en el camino de acceso a la toma, generando las instancias de di\u00e1logo respectivas con los funcionarios capacitados para dicha labor. Al mismo tiempo, una barricada ard\u00eda en la ruta de acceso del recinto tomado de manera ilegal.<\/p>\n<p>A esa misma hora, los establecimientos educacionales ya se encontraban abiertos para recibir a los menores y brindarles todo el apoyo, sin embargo, estos no fueron enviados a las escuelas y permanecieron al interior de la toma.<\/p>\n<p>Fue as\u00ed, y a medida que comenzaba a aclarar, que la situaci\u00f3n se fue tornando cada vez m\u00e1s complicada para hacer ingreso a la toma; esto, dado que una barricada ard\u00eda intensamente en el acceso al lugar, fuego que posteriormente alcanz\u00f3 un veh\u00edculo y la techumbre de alguna de las casas.<\/p>\n<p>Fue en ese momento, que Carabineros decidi\u00f3 actuar con el carro lanza agua para poder apagar el fuego, escoltados por el carro lanza gases. Afortunadamente, estos \u00faltimos no fueron necesarios de usar. Personal policial apag\u00f3 el fuego y comenz\u00f3 a ingresar de infanter\u00eda a la toma.<\/p>\n<p>El recibimiento fue hostil por algunos minutos, las piedras volaban por el lugar con el objetivo de agredir al personal policial apostado en el acceso a la toma, aunque afortunadamente, ninguna de estas hiri\u00f3 a los efectivos, quienes lograron ingresar sin mayores contratiempos para reestablecer el orden en cuesti\u00f3n de minutos.<\/p>\n<p>Lo que parec\u00eda ser una imagen violenta, de las cuales se ha visto en otros operativos de estas caracter\u00edsticas, solo termin\u00f3 siendo en un peque\u00f1o episodio en el marco de este trabajo de Carabineros, logrando entrar a la toma y asegurar el per\u00edmetro que deb\u00eda ser desalojado.<\/p>\n<p>Una vez que la situaci\u00f3n logr\u00f3 ser controlada, arrib\u00f3 personal de Bomberos de San Felipe para reabastecer el carro lanza agua de Carabineros. Al mismo tiempo, ingresaba cada vez m\u00e1s personal policial para asegurar el lugar, todo esto, ya mediante las diversas instancias de di\u00e1logo, las que fueron acatadas por la gente de la toma y finalmente, las familias fueron desalojadas del lugar.<\/p>\n<p>Fue as\u00ed como avanz\u00f3 el reloj y poco antes del mediod\u00eda, la maquinaria pesada, que estaba estacionada en zonas seguras, ingres\u00f3 a la zona para comenzar a derribar las casas y despejar el ya famoso Lote 11 de la Toma de San Felipe.<\/p>\n<p>En ese momento, y estando en lugar de los hechos, el prefecto de Carabineros de Aconcagua, <strong>Mauricio Guzm\u00e1n<\/strong>, se\u00f1al\u00f3 que <em>\u00abla funci\u00f3n principal ha sido conversar con las personas, hacerles entender que esta es una acci\u00f3n judicial y que hab\u00eda que cumplirla, no tuvimos da\u00f1os fiscales, personal lesionado ni tampoco personas detenidas, se despej\u00f3 el lugar y la empresa ha procedido con el despeje\u00bb<\/em>.<\/p>\n<p>A medida que la maquinaria derribaba viviendas levantadas de forma irregular en el lugar, la preocupaci\u00f3n y el trabajo se enfocaba en poder retirar a los menores de edad que permanec\u00edan al interior de la toma y poder trasladarlos a los albergues. Personal municipal se enfoc\u00f3 en esta labor, logrando llevar a algunos ni\u00f1os y ni\u00f1as a estos sitios.<\/p>\n<p>En este contexto, la imagen hacia el interior del asentamiento precario mostraba las m\u00e1quinas trabajando resguardadas por Carabineros, mientras las personas de la toma ve\u00edan como se materializaba el desalojo, propiamente tal.<\/p>\n<p>Por su parte, el comisario de Carabineros, mayor <strong>Gonzalo Medina<\/strong>, tambi\u00e9n presente en el lugar de los hechos, indic\u00f3 que <em>\u00abgracias a Dios, la voluntad y cooperaci\u00f3n de todas las personas que han estado en su interior, sobre todo personas migrantes, han tenido un trato deferente y garantizando siempre los protocolos nacionales e internacionales en cuanto a los Derechos Humanos\u00bb<\/em>.<\/p>\n<p>Asimismo, el mayor Medina agreg\u00f3 que <em>\u00aben la ma\u00f1ana hubo una peque\u00f1a retenci\u00f3n, la v\u00eda del di\u00e1logo fue clave con nuestros funcionarios policiales como agentes de di\u00e1logo e instructores de derechos humanos, se hizo el trabajo sobre la base de lo planificado\u00bb<\/em>.<\/p>\n<p>En este contexto, y en el marco de c\u00f3mo se logr\u00f3 superar este incidente, el comisario de Carabineros precis\u00f3 que <em>\u00abpersonas que viven en el sector, tomando conocimiento previo y bajo la comunicaci\u00f3n con los \u00f3rganos locales, provinciales y Carabineros de Chile, tomaron las providencias del caso con antelaci\u00f3n, y eso permiti\u00f3 que esto se desarrollada de forma segura y sin riesgo para la sociedad\u00bb<\/em>.<\/p>\n<p>Finalmente, el mayor Gonzalo Medina asegur\u00f3 que <em>\u00abno hay personas lesionadas ni veh\u00edculos policiales afectados, tampoco de otros organismos, tampoco personal de Carabineros utiliz\u00f3 la violencia, siempre sigui\u00f3 sus protocolos de acuerdo a los modelos de intervenci\u00f3n policial\u00bb<\/em>.<\/p>\n<p>A medida que ya avanzaba la tarde del jueves, y bajo un calor m\u00e1s intenso en Aconcagua, las labores de despeje de la zona continuaron para luego comenzar a instalar un cierre perimetral del Lote 11 de la Toma de San Felipe.<\/p>\n<p>Junto con esto, personal de Carabineros logr\u00f3 rescatar varios animales, entre ellos perros y gatos peque\u00f1os que posteriormente fueron trasladados hasta la Veterinaria Municipal para su atenci\u00f3n de salud.<\/p>\n<p>Hasta el cierre de esta edici\u00f3n, la presencia de Carabineros en la zona de la toma se manten\u00eda con un ampli\u00f3 despliegue de funcionarios y funcionarias que resguardaban el per\u00edmetro desalojado, como, asimismo, las labores de despeje y cierre de este punto en particular de la mega toma de nuestra ciudad.<\/p>\n<figure id=\"attachment_136171\" aria-describedby=\"caption-attachment-136171\" style=\"width: 698px\" class=\"wp-caption alignnone\"><img loading=\"lazy\" decoding=\"async\" class=\"size-full wp-image-136171\" src=\"http:\/\/eltrabajo.cl\/web\/wp-content\/uploads\/2025\/04\/desalojo-toma-5.jpg\" alt=\"Momento en el que comienzan a derribas las viviendas. \" width=\"698\" height=\"376\" srcset=\"https:\/\/eltrabajo.cl\/web\/wp-content\/uploads\/2025\/04\/desalojo-toma-5.jpg 698w, https:\/\/eltrabajo.cl\/web\/wp-content\/uploads\/2025\/04\/desalojo-toma-5-300x162.jpg 300w, https:\/\/eltrabajo.cl\/web\/wp-content\/uploads\/2025\/04\/desalojo-toma-5-150x81.jpg 150w, https:\/\/eltrabajo.cl\/web\/wp-content\/uploads\/2025\/04\/desalojo-toma-5-696x375.jpg 696w\" sizes=\"auto, (max-width: 698px) 100vw, 698px\" \/><figcaption id=\"caption-attachment-136171\" class=\"wp-caption-text\">Momento en el que comienzan a derribas las viviendas.<\/figcaption><\/figure>\n<figure id=\"attachment_136168\" aria-describedby=\"caption-attachment-136168\" style=\"width: 698px\" class=\"wp-caption alignnone\"><img loading=\"lazy\" decoding=\"async\" class=\"size-full wp-image-136168\" src=\"http:\/\/eltrabajo.cl\/web\/wp-content\/uploads\/2025\/04\/desalojo-toma-2.jpg\" alt=\"As\u00ed se intent\u00f3 impedir el ingreso a la toma. \" width=\"698\" height=\"446\" srcset=\"https:\/\/eltrabajo.cl\/web\/wp-content\/uploads\/2025\/04\/desalojo-toma-2.jpg 698w, https:\/\/eltrabajo.cl\/web\/wp-content\/uploads\/2025\/04\/desalojo-toma-2-300x192.jpg 300w, https:\/\/eltrabajo.cl\/web\/wp-content\/uploads\/2025\/04\/desalojo-toma-2-657x420.jpg 657w, https:\/\/eltrabajo.cl\/web\/wp-content\/uploads\/2025\/04\/desalojo-toma-2-150x96.jpg 150w, https:\/\/eltrabajo.cl\/web\/wp-content\/uploads\/2025\/04\/desalojo-toma-2-696x445.jpg 696w\" sizes=\"auto, (max-width: 698px) 100vw, 698px\" \/><figcaption id=\"caption-attachment-136168\" class=\"wp-caption-text\">As\u00ed se intent\u00f3 impedir el ingreso a la toma.<\/figcaption><\/figure>\n<figure id=\"attachment_136169\" aria-describedby=\"caption-attachment-136169\" style=\"width: 699px\" class=\"wp-caption alignnone\"><img loading=\"lazy\" decoding=\"async\" class=\"size-full wp-image-136169\" src=\"http:\/\/eltrabajo.cl\/web\/wp-content\/uploads\/2025\/04\/desalojo-toma-3.jpg\" alt=\"Este es el momento en que Carabineros logra ingresar al campamento y tomar posesi\u00f3n del lugar. \" width=\"699\" height=\"475\" srcset=\"https:\/\/eltrabajo.cl\/web\/wp-content\/uploads\/2025\/04\/desalojo-toma-3.jpg 699w, https:\/\/eltrabajo.cl\/web\/wp-content\/uploads\/2025\/04\/desalojo-toma-3-300x204.jpg 300w, https:\/\/eltrabajo.cl\/web\/wp-content\/uploads\/2025\/04\/desalojo-toma-3-618x420.jpg 618w, https:\/\/eltrabajo.cl\/web\/wp-content\/uploads\/2025\/04\/desalojo-toma-3-150x102.jpg 150w, https:\/\/eltrabajo.cl\/web\/wp-content\/uploads\/2025\/04\/desalojo-toma-3-696x473.jpg 696w\" sizes=\"auto, (max-width: 699px) 100vw, 699px\" \/><figcaption id=\"caption-attachment-136169\" class=\"wp-caption-text\">Este es el momento en que Carabineros logra ingresar al campamento y tomar posesi\u00f3n del lugar.<\/figcaption><\/figure>\n<figure id=\"attachment_136170\" aria-describedby=\"caption-attachment-136170\" style=\"width: 699px\" class=\"wp-caption alignnone\"><img loading=\"lazy\" decoding=\"async\" class=\"size-full wp-image-136170\" src=\"http:\/\/eltrabajo.cl\/web\/wp-content\/uploads\/2025\/04\/desalojo-toma-4.jpg\" alt=\"Los agentes de di\u00e1logo de Carabineros fueron claves para evitar mayores incidentes. \" width=\"699\" height=\"525\" srcset=\"https:\/\/eltrabajo.cl\/web\/wp-content\/uploads\/2025\/04\/desalojo-toma-4.jpg 699w, https:\/\/eltrabajo.cl\/web\/wp-content\/uploads\/2025\/04\/desalojo-toma-4-300x225.jpg 300w, https:\/\/eltrabajo.cl\/web\/wp-content\/uploads\/2025\/04\/desalojo-toma-4-559x420.jpg 559w, https:\/\/eltrabajo.cl\/web\/wp-content\/uploads\/2025\/04\/desalojo-toma-4-80x60.jpg 80w, https:\/\/eltrabajo.cl\/web\/wp-content\/uploads\/2025\/04\/desalojo-toma-4-150x113.jpg 150w, https:\/\/eltrabajo.cl\/web\/wp-content\/uploads\/2025\/04\/desalojo-toma-4-696x523.jpg 696w\" sizes=\"auto, (max-width: 699px) 100vw, 699px\" \/><figcaption id=\"caption-attachment-136170\" class=\"wp-caption-text\">Los agentes de di\u00e1logo de Carabineros fueron claves para evitar mayores incidentes.<\/figcaption><\/figure>\n<figure id=\"attachment_136167\" aria-describedby=\"caption-attachment-136167\" style=\"width: 699px\" class=\"wp-caption alignnone\"><img loading=\"lazy\" decoding=\"async\" class=\"size-full wp-image-136167\" src=\"http:\/\/eltrabajo.cl\/web\/wp-content\/uploads\/2025\/04\/desalojo-toma-1.jpg\" alt=\"Esta fue la barricada que se gener\u00f3 en el ingreso a la toma. \" width=\"699\" height=\"553\" srcset=\"https:\/\/eltrabajo.cl\/web\/wp-content\/uploads\/2025\/04\/desalojo-toma-1.jpg 699w, https:\/\/eltrabajo.cl\/web\/wp-content\/uploads\/2025\/04\/desalojo-toma-1-300x237.jpg 300w, https:\/\/eltrabajo.cl\/web\/wp-content\/uploads\/2025\/04\/desalojo-toma-1-531x420.jpg 531w, https:\/\/eltrabajo.cl\/web\/wp-content\/uploads\/2025\/04\/desalojo-toma-1-150x119.jpg 150w, https:\/\/eltrabajo.cl\/web\/wp-content\/uploads\/2025\/04\/desalojo-toma-1-696x551.jpg 696w\" sizes=\"auto, (max-width: 699px) 100vw, 699px\" \/><figcaption id=\"caption-attachment-136167\" class=\"wp-caption-text\">Esta fue la barricada que se gener\u00f3 en el ingreso a la toma.<\/figcaption><\/figure>\n<figure id=\"attachment_136166\" aria-describedby=\"caption-attachment-136166\" style=\"width: 699px\" class=\"wp-caption alignnone\"><img loading=\"lazy\" decoding=\"async\" class=\"size-full wp-image-136166\" src=\"http:\/\/eltrabajo.cl\/web\/wp-content\/uploads\/2025\/04\/desalojo-toma-6.jpg\" alt=\"As\u00ed qued\u00f3 el auto que fue quemado en la barricada. \" width=\"699\" height=\"580\" srcset=\"https:\/\/eltrabajo.cl\/web\/wp-content\/uploads\/2025\/04\/desalojo-toma-6.jpg 699w, https:\/\/eltrabajo.cl\/web\/wp-content\/uploads\/2025\/04\/desalojo-toma-6-300x249.jpg 300w, https:\/\/eltrabajo.cl\/web\/wp-content\/uploads\/2025\/04\/desalojo-toma-6-506x420.jpg 506w, https:\/\/eltrabajo.cl\/web\/wp-content\/uploads\/2025\/04\/desalojo-toma-6-150x124.jpg 150w, https:\/\/eltrabajo.cl\/web\/wp-content\/uploads\/2025\/04\/desalojo-toma-6-696x578.jpg 696w\" sizes=\"auto, (max-width: 699px) 100vw, 699px\" \/><figcaption id=\"caption-attachment-136166\" class=\"wp-caption-text\">As\u00ed qued\u00f3 el auto que fue quemado en la barricada.<\/figcaption><\/figure>\n","protected":false},"excerpt":{"rendered":"<p>Carabineros prim\u00f3 la instancia de di\u00e1logo para desarrollar el proceso.\u2013 Hasta que lleg\u00f3 el d\u00eda. El tan anunciado y trabajado desalojo del Lote 11 o tambi\u00e9n llamado Lote B de la Toma de San Felipe, se llev\u00f3 a cabo durante la jornada de este jueves con un amplio operativo de Carabineros en el sector. A [&hellip;]<\/p>\n","protected":false},"author":1,"featured_media":136168,"comment_status":"open","ping_status":"closed","sticky":false,"template":"","format":"standard","meta":{"footnotes":""},"categories":[3],"tags":[],"class_list":{"0":"post-136165","1":"post","2":"type-post","3":"status-publish","4":"format-standard","5":"has-post-thumbnail","7":"category-cronica-2"},"yoast_head":"<!-- This site is optimized with the Yoast SEO plugin v27.4 - https:\/\/yoast.com\/product\/yoast-seo-wordpress\/ -->\n<title>Desalojan el Lote 11 de la Toma de San Felipe - Diario El Trabajo<\/title>\n<meta name=\"robots\" content=\"index, follow, max-snippet:-1, max-image-preview:large, max-video-preview:-1\" \/>\n<link rel=\"canonical\" href=\"https:\/\/eltrabajo.cl\/web\/desalojan-el-lote-11-de-la-toma-de-san-felipe\/\" \/>\n<meta property=\"og:locale\" content=\"es_ES\" \/>\n<meta property=\"og:type\" content=\"article\" \/>\n<meta property=\"og:title\" content=\"Desalojan el Lote 11 de la Toma de San Felipe - Diario El Trabajo\" \/>\n<meta property=\"og:description\" content=\"Carabineros prim\u00f3 la instancia de di\u00e1logo para desarrollar el proceso.\u2013 Hasta que lleg\u00f3 el d\u00eda. El tan anunciado y trabajado desalojo del Lote 11 o tambi\u00e9n llamado Lote B de la Toma de San Felipe, se llev\u00f3 a cabo durante la jornada de este jueves con un amplio operativo de Carabineros en el sector. A [&hellip;]\" \/>\n<meta property=\"og:url\" content=\"https:\/\/eltrabajo.cl\/web\/desalojan-el-lote-11-de-la-toma-de-san-felipe\/\" \/>\n<meta property=\"og:site_name\" content=\"Diario El Trabajo\" \/>\n<meta property=\"article:publisher\" content=\"https:\/\/www.facebook.com\/ElTrabajoDiario\" \/>\n<meta property=\"article:published_time\" content=\"2025-04-03T23:59:30+00:00\" \/>\n<meta property=\"og:image\" content=\"https:\/\/eltrabajo.cl\/web\/wp-content\/uploads\/2025\/04\/desalojo-toma-2.jpg\" \/>\n\t<meta property=\"og:image:width\" content=\"698\" \/>\n\t<meta property=\"og:image:height\" content=\"446\" \/>\n\t<meta property=\"og:image:type\" content=\"image\/jpeg\" \/>\n<meta name=\"author\" content=\"Diario El Trabajo\" \/>\n<meta name=\"twitter:card\" content=\"summary_large_image\" \/>\n<meta name=\"twitter:creator\" content=\"@diarioeltrabajo\" \/>\n<meta name=\"twitter:site\" content=\"@diarioeltrabajo\" \/>\n<meta name=\"twitter:label1\" content=\"Escrito por\" \/>\n\t<meta name=\"twitter:data1\" content=\"Diario El Trabajo\" \/>\n\t<meta name=\"twitter:label2\" content=\"Tiempo estimado de lectura\" \/>\n\t<meta name=\"twitter:data2\" content=\"7 minutos\" \/>\n<script type=\"application\/ld+json\" class=\"yoast-schema-graph\">{\"@context\":\"https:\\\/\\\/schema.org\",\"@graph\":[{\"@type\":\"Article\",\"@id\":\"https:\\\/\\\/eltrabajo.cl\\\/web\\\/desalojan-el-lote-11-de-la-toma-de-san-felipe\\\/#article\",\"isPartOf\":{\"@id\":\"https:\\\/\\\/eltrabajo.cl\\\/web\\\/desalojan-el-lote-11-de-la-toma-de-san-felipe\\\/\"},\"author\":{\"name\":\"Diario El Trabajo\",\"@id\":\"https:\\\/\\\/eltrabajo.cl\\\/web\\\/#\\\/schema\\\/person\\\/45efd3d17f86ec456e44dd7debe1bf19\"},\"headline\":\"Desalojan el Lote 11 de la Toma de San Felipe\",\"datePublished\":\"2025-04-03T23:59:30+00:00\",\"mainEntityOfPage\":{\"@id\":\"https:\\\/\\\/eltrabajo.cl\\\/web\\\/desalojan-el-lote-11-de-la-toma-de-san-felipe\\\/\"},\"wordCount\":1266,\"commentCount\":0,\"publisher\":{\"@id\":\"https:\\\/\\\/eltrabajo.cl\\\/web\\\/#organization\"},\"image\":{\"@id\":\"https:\\\/\\\/eltrabajo.cl\\\/web\\\/desalojan-el-lote-11-de-la-toma-de-san-felipe\\\/#primaryimage\"},\"thumbnailUrl\":\"https:\\\/\\\/eltrabajo.cl\\\/web\\\/wp-content\\\/uploads\\\/2025\\\/04\\\/desalojo-toma-2.jpg\",\"articleSection\":[\"Cr\u00f3nica\"],\"inLanguage\":\"es-CL\",\"potentialAction\":[{\"@type\":\"CommentAction\",\"name\":\"Comment\",\"target\":[\"https:\\\/\\\/eltrabajo.cl\\\/web\\\/desalojan-el-lote-11-de-la-toma-de-san-felipe\\\/#respond\"]}]},{\"@type\":\"WebPage\",\"@id\":\"https:\\\/\\\/eltrabajo.cl\\\/web\\\/desalojan-el-lote-11-de-la-toma-de-san-felipe\\\/\",\"url\":\"https:\\\/\\\/eltrabajo.cl\\\/web\\\/desalojan-el-lote-11-de-la-toma-de-san-felipe\\\/\",\"name\":\"Desalojan el Lote 11 de la Toma de San Felipe - Diario El Trabajo\",\"isPartOf\":{\"@id\":\"https:\\\/\\\/eltrabajo.cl\\\/web\\\/#website\"},\"primaryImageOfPage\":{\"@id\":\"https:\\\/\\\/eltrabajo.cl\\\/web\\\/desalojan-el-lote-11-de-la-toma-de-san-felipe\\\/#primaryimage\"},\"image\":{\"@id\":\"https:\\\/\\\/eltrabajo.cl\\\/web\\\/desalojan-el-lote-11-de-la-toma-de-san-felipe\\\/#primaryimage\"},\"thumbnailUrl\":\"https:\\\/\\\/eltrabajo.cl\\\/web\\\/wp-content\\\/uploads\\\/2025\\\/04\\\/desalojo-toma-2.jpg\",\"datePublished\":\"2025-04-03T23:59:30+00:00\",\"breadcrumb\":{\"@id\":\"https:\\\/\\\/eltrabajo.cl\\\/web\\\/desalojan-el-lote-11-de-la-toma-de-san-felipe\\\/#breadcrumb\"},\"inLanguage\":\"es-CL\",\"potentialAction\":[{\"@type\":\"ReadAction\",\"target\":[\"https:\\\/\\\/eltrabajo.cl\\\/web\\\/desalojan-el-lote-11-de-la-toma-de-san-felipe\\\/\"]}]},{\"@type\":\"ImageObject\",\"inLanguage\":\"es-CL\",\"@id\":\"https:\\\/\\\/eltrabajo.cl\\\/web\\\/desalojan-el-lote-11-de-la-toma-de-san-felipe\\\/#primaryimage\",\"url\":\"https:\\\/\\\/eltrabajo.cl\\\/web\\\/wp-content\\\/uploads\\\/2025\\\/04\\\/desalojo-toma-2.jpg\",\"contentUrl\":\"https:\\\/\\\/eltrabajo.cl\\\/web\\\/wp-content\\\/uploads\\\/2025\\\/04\\\/desalojo-toma-2.jpg\",\"width\":698,\"height\":446,\"caption\":\"As\u00ed se intent\u00f3 impedir el ingreso a la toma.\"},{\"@type\":\"BreadcrumbList\",\"@id\":\"https:\\\/\\\/eltrabajo.cl\\\/web\\\/desalojan-el-lote-11-de-la-toma-de-san-felipe\\\/#breadcrumb\",\"itemListElement\":[{\"@type\":\"ListItem\",\"position\":1,\"name\":\"Portada\",\"item\":\"https:\\\/\\\/eltrabajo.cl\\\/web\\\/\"},{\"@type\":\"ListItem\",\"position\":2,\"name\":\"Desalojan el Lote 11 de la Toma de San Felipe\"}]},{\"@type\":\"WebSite\",\"@id\":\"https:\\\/\\\/eltrabajo.cl\\\/web\\\/#website\",\"url\":\"https:\\\/\\\/eltrabajo.cl\\\/web\\\/\",\"name\":\"Diario El Trabajo\",\"description\":\"Desde 1929 construyendo Identidad Local\",\"publisher\":{\"@id\":\"https:\\\/\\\/eltrabajo.cl\\\/web\\\/#organization\"},\"potentialAction\":[{\"@type\":\"SearchAction\",\"target\":{\"@type\":\"EntryPoint\",\"urlTemplate\":\"https:\\\/\\\/eltrabajo.cl\\\/web\\\/?s={search_term_string}\"},\"query-input\":{\"@type\":\"PropertyValueSpecification\",\"valueRequired\":true,\"valueName\":\"search_term_string\"}}],\"inLanguage\":\"es-CL\"},{\"@type\":\"Organization\",\"@id\":\"https:\\\/\\\/eltrabajo.cl\\\/web\\\/#organization\",\"name\":\"Diario El Trabajo\",\"url\":\"https:\\\/\\\/eltrabajo.cl\\\/web\\\/\",\"logo\":{\"@type\":\"ImageObject\",\"inLanguage\":\"es-CL\",\"@id\":\"https:\\\/\\\/eltrabajo.cl\\\/web\\\/#\\\/schema\\\/logo\\\/image\\\/\",\"url\":\"https:\\\/\\\/eltrabajo.cl\\\/web\\\/wp-content\\\/uploads\\\/2024\\\/06\\\/profile-image-ig-page-diarioeltrabajo.jpg\",\"contentUrl\":\"https:\\\/\\\/eltrabajo.cl\\\/web\\\/wp-content\\\/uploads\\\/2024\\\/06\\\/profile-image-ig-page-diarioeltrabajo.jpg\",\"width\":823,\"height\":823,\"caption\":\"Diario El Trabajo\"},\"image\":{\"@id\":\"https:\\\/\\\/eltrabajo.cl\\\/web\\\/#\\\/schema\\\/logo\\\/image\\\/\"},\"sameAs\":[\"https:\\\/\\\/www.facebook.com\\\/ElTrabajoDiario\",\"https:\\\/\\\/x.com\\\/diarioeltrabajo\"]},{\"@type\":\"Person\",\"@id\":\"https:\\\/\\\/eltrabajo.cl\\\/web\\\/#\\\/schema\\\/person\\\/45efd3d17f86ec456e44dd7debe1bf19\",\"name\":\"Diario El Trabajo\",\"image\":{\"@type\":\"ImageObject\",\"inLanguage\":\"es-CL\",\"@id\":\"https:\\\/\\\/secure.gravatar.com\\\/avatar\\\/7e6ec277dc4aea2677c2dc301d4227957219329c985ab69a3efc12518b5161aa?s=96&d=mm&r=g\",\"url\":\"https:\\\/\\\/secure.gravatar.com\\\/avatar\\\/7e6ec277dc4aea2677c2dc301d4227957219329c985ab69a3efc12518b5161aa?s=96&d=mm&r=g\",\"contentUrl\":\"https:\\\/\\\/secure.gravatar.com\\\/avatar\\\/7e6ec277dc4aea2677c2dc301d4227957219329c985ab69a3efc12518b5161aa?s=96&d=mm&r=g\",\"caption\":\"Diario El Trabajo\"},\"sameAs\":[\"https:\\\/\\\/eltrabajo.cl\\\/web\"],\"url\":\"https:\\\/\\\/eltrabajo.cl\\\/web\\\/author\\\/diario-el-trabajo\\\/\"}]}<\/script>\n<!-- \/ Yoast SEO plugin. -->","yoast_head_json":{"title":"Desalojan el Lote 11 de la Toma de San Felipe - Diario El Trabajo","robots":{"index":"index","follow":"follow","max-snippet":"max-snippet:-1","max-image-preview":"max-image-preview:large","max-video-preview":"max-video-preview:-1"},"canonical":"https:\/\/eltrabajo.cl\/web\/desalojan-el-lote-11-de-la-toma-de-san-felipe\/","og_locale":"es_ES","og_type":"article","og_title":"Desalojan el Lote 11 de la Toma de San Felipe - Diario El Trabajo","og_description":"Carabineros prim\u00f3 la instancia de di\u00e1logo para desarrollar el proceso.\u2013 Hasta que lleg\u00f3 el d\u00eda. El tan anunciado y trabajado desalojo del Lote 11 o tambi\u00e9n llamado Lote B de la Toma de San Felipe, se llev\u00f3 a cabo durante la jornada de este jueves con un amplio operativo de Carabineros en el sector. A [&hellip;]","og_url":"https:\/\/eltrabajo.cl\/web\/desalojan-el-lote-11-de-la-toma-de-san-felipe\/","og_site_name":"Diario El Trabajo","article_publisher":"https:\/\/www.facebook.com\/ElTrabajoDiario","article_published_time":"2025-04-03T23:59:30+00:00","og_image":[{"width":698,"height":446,"url":"https:\/\/eltrabajo.cl\/web\/wp-content\/uploads\/2025\/04\/desalojo-toma-2.jpg","type":"image\/jpeg"}],"author":"Diario El Trabajo","twitter_card":"summary_large_image","twitter_creator":"@diarioeltrabajo","twitter_site":"@diarioeltrabajo","twitter_misc":{"Escrito por":"Diario El Trabajo","Tiempo estimado de lectura":"7 minutos"},"schema":{"@context":"https:\/\/schema.org","@graph":[{"@type":"Article","@id":"https:\/\/eltrabajo.cl\/web\/desalojan-el-lote-11-de-la-toma-de-san-felipe\/#article","isPartOf":{"@id":"https:\/\/eltrabajo.cl\/web\/desalojan-el-lote-11-de-la-toma-de-san-felipe\/"},"author":{"name":"Diario El Trabajo","@id":"https:\/\/eltrabajo.cl\/web\/#\/schema\/person\/45efd3d17f86ec456e44dd7debe1bf19"},"headline":"Desalojan el Lote 11 de la Toma de San Felipe","datePublished":"2025-04-03T23:59:30+00:00","mainEntityOfPage":{"@id":"https:\/\/eltrabajo.cl\/web\/desalojan-el-lote-11-de-la-toma-de-san-felipe\/"},"wordCount":1266,"commentCount":0,"publisher":{"@id":"https:\/\/eltrabajo.cl\/web\/#organization"},"image":{"@id":"https:\/\/eltrabajo.cl\/web\/desalojan-el-lote-11-de-la-toma-de-san-felipe\/#primaryimage"},"thumbnailUrl":"https:\/\/eltrabajo.cl\/web\/wp-content\/uploads\/2025\/04\/desalojo-toma-2.jpg","articleSection":["Cr\u00f3nica"],"inLanguage":"es-CL","potentialAction":[{"@type":"CommentAction","name":"Comment","target":["https:\/\/eltrabajo.cl\/web\/desalojan-el-lote-11-de-la-toma-de-san-felipe\/#respond"]}]},{"@type":"WebPage","@id":"https:\/\/eltrabajo.cl\/web\/desalojan-el-lote-11-de-la-toma-de-san-felipe\/","url":"https:\/\/eltrabajo.cl\/web\/desalojan-el-lote-11-de-la-toma-de-san-felipe\/","name":"Desalojan el Lote 11 de la Toma de San Felipe - Diario El Trabajo","isPartOf":{"@id":"https:\/\/eltrabajo.cl\/web\/#website"},"primaryImageOfPage":{"@id":"https:\/\/eltrabajo.cl\/web\/desalojan-el-lote-11-de-la-toma-de-san-felipe\/#primaryimage"},"image":{"@id":"https:\/\/eltrabajo.cl\/web\/desalojan-el-lote-11-de-la-toma-de-san-felipe\/#primaryimage"},"thumbnailUrl":"https:\/\/eltrabajo.cl\/web\/wp-content\/uploads\/2025\/04\/desalojo-toma-2.jpg","datePublished":"2025-04-03T23:59:30+00:00","breadcrumb":{"@id":"https:\/\/eltrabajo.cl\/web\/desalojan-el-lote-11-de-la-toma-de-san-felipe\/#breadcrumb"},"inLanguage":"es-CL","potentialAction":[{"@type":"ReadAction","target":["https:\/\/eltrabajo.cl\/web\/desalojan-el-lote-11-de-la-toma-de-san-felipe\/"]}]},{"@type":"ImageObject","inLanguage":"es-CL","@id":"https:\/\/eltrabajo.cl\/web\/desalojan-el-lote-11-de-la-toma-de-san-felipe\/#primaryimage","url":"https:\/\/eltrabajo.cl\/web\/wp-content\/uploads\/2025\/04\/desalojo-toma-2.jpg","contentUrl":"https:\/\/eltrabajo.cl\/web\/wp-content\/uploads\/2025\/04\/desalojo-toma-2.jpg","width":698,"height":446,"caption":"As\u00ed se intent\u00f3 impedir el ingreso a la toma."},{"@type":"BreadcrumbList","@id":"https:\/\/eltrabajo.cl\/web\/desalojan-el-lote-11-de-la-toma-de-san-felipe\/#breadcrumb","itemListElement":[{"@type":"ListItem","position":1,"name":"Portada","item":"https:\/\/eltrabajo.cl\/web\/"},{"@type":"ListItem","position":2,"name":"Desalojan el Lote 11 de la Toma de San Felipe"}]},{"@type":"WebSite","@id":"https:\/\/eltrabajo.cl\/web\/#website","url":"https:\/\/eltrabajo.cl\/web\/","name":"Diario El Trabajo","description":"Desde 1929 construyendo Identidad Local","publisher":{"@id":"https:\/\/eltrabajo.cl\/web\/#organization"},"potentialAction":[{"@type":"SearchAction","target":{"@type":"EntryPoint","urlTemplate":"https:\/\/eltrabajo.cl\/web\/?s={search_term_string}"},"query-input":{"@type":"PropertyValueSpecification","valueRequired":true,"valueName":"search_term_string"}}],"inLanguage":"es-CL"},{"@type":"Organization","@id":"https:\/\/eltrabajo.cl\/web\/#organization","name":"Diario El Trabajo","url":"https:\/\/eltrabajo.cl\/web\/","logo":{"@type":"ImageObject","inLanguage":"es-CL","@id":"https:\/\/eltrabajo.cl\/web\/#\/schema\/logo\/image\/","url":"https:\/\/eltrabajo.cl\/web\/wp-content\/uploads\/2024\/06\/profile-image-ig-page-diarioeltrabajo.jpg","contentUrl":"https:\/\/eltrabajo.cl\/web\/wp-content\/uploads\/2024\/06\/profile-image-ig-page-diarioeltrabajo.jpg","width":823,"height":823,"caption":"Diario El Trabajo"},"image":{"@id":"https:\/\/eltrabajo.cl\/web\/#\/schema\/logo\/image\/"},"sameAs":["https:\/\/www.facebook.com\/ElTrabajoDiario","https:\/\/x.com\/diarioeltrabajo"]},{"@type":"Person","@id":"https:\/\/eltrabajo.cl\/web\/#\/schema\/person\/45efd3d17f86ec456e44dd7debe1bf19","name":"Diario El Trabajo","image":{"@type":"ImageObject","inLanguage":"es-CL","@id":"https:\/\/secure.gravatar.com\/avatar\/7e6ec277dc4aea2677c2dc301d4227957219329c985ab69a3efc12518b5161aa?s=96&d=mm&r=g","url":"https:\/\/secure.gravatar.com\/avatar\/7e6ec277dc4aea2677c2dc301d4227957219329c985ab69a3efc12518b5161aa?s=96&d=mm&r=g","contentUrl":"https:\/\/secure.gravatar.com\/avatar\/7e6ec277dc4aea2677c2dc301d4227957219329c985ab69a3efc12518b5161aa?s=96&d=mm&r=g","caption":"Diario El Trabajo"},"sameAs":["https:\/\/eltrabajo.cl\/web"],"url":"https:\/\/eltrabajo.cl\/web\/author\/diario-el-trabajo\/"}]}},"_links":{"self":[{"href":"https:\/\/eltrabajo.cl\/web\/wp-json\/wp\/v2\/posts\/136165","targetHints":{"allow":["GET"]}}],"collection":[{"href":"https:\/\/eltrabajo.cl\/web\/wp-json\/wp\/v2\/posts"}],"about":[{"href":"https:\/\/eltrabajo.cl\/web\/wp-json\/wp\/v2\/types\/post"}],"author":[{"embeddable":true,"href":"https:\/\/eltrabajo.cl\/web\/wp-json\/wp\/v2\/users\/1"}],"replies":[{"embeddable":true,"href":"https:\/\/eltrabajo.cl\/web\/wp-json\/wp\/v2\/comments?post=136165"}],"version-history":[{"count":1,"href":"https:\/\/eltrabajo.cl\/web\/wp-json\/wp\/v2\/posts\/136165\/revisions"}],"predecessor-version":[{"id":136172,"href":"https:\/\/eltrabajo.cl\/web\/wp-json\/wp\/v2\/posts\/136165\/revisions\/136172"}],"wp:featuredmedia":[{"embeddable":true,"href":"https:\/\/eltrabajo.cl\/web\/wp-json\/wp\/v2\/media\/136168"}],"wp:attachment":[{"href":"https:\/\/eltrabajo.cl\/web\/wp-json\/wp\/v2\/media?parent=136165"}],"wp:term":[{"taxonomy":"category","embeddable":true,"href":"https:\/\/eltrabajo.cl\/web\/wp-json\/wp\/v2\/categories?post=136165"},{"taxonomy":"post_tag","embeddable":true,"href":"https:\/\/eltrabajo.cl\/web\/wp-json\/wp\/v2\/tags?post=136165"}],"curies":[{"name":"wp","href":"https:\/\/api.w.org\/{rel}","templated":true}]}}