{"id":136235,"date":"2025-04-08T21:43:52","date_gmt":"2025-04-09T00:43:52","guid":{"rendered":"https:\/\/eltrabajo.cl\/web\/?p=136235"},"modified":"2025-04-08T21:43:52","modified_gmt":"2025-04-09T00:43:52","slug":"basura-y-mal-estado-del-camino-hacia-el-complejo-deportivo-podria-este-ser-el-origen-de-la-disputa-comunicacional-entre-union-san-felipe-y-la-alcaldesa","status":"publish","type":"post","link":"https:\/\/eltrabajo.cl\/web\/basura-y-mal-estado-del-camino-hacia-el-complejo-deportivo-podria-este-ser-el-origen-de-la-disputa-comunicacional-entre-union-san-felipe-y-la-alcaldesa\/","title":{"rendered":"Basura y mal estado del camino hacia el Complejo Deportivo: \u00bfPodr\u00eda este ser el origen de la disputa comunicacional entre Uni\u00f3n San Felipe y la alcaldesa?"},"content":{"rendered":"<p>Desde hace un tiempo a esta fecha que no escuch\u00e1bamos o no se tocaba la problem\u00e1tica que envuelve al camino hacia el Complejo Deportivo de Uni\u00f3n San Felipe.<\/p>\n<p>Comentada es la peligrosidad que existe en la ida y vuelta de los cadetes que van, precisamente, a ese lugar a practicar f\u00fatbol. La inseguridad en el trayecto tendr\u00eda lugar principalmente por asaltos a personas, incluidos jugadores de las fuerzas b\u00e1sicas. Ya en ediciones anteriores, hemos hablado de otro de los problemas, gran cantidad de basura en los alrededores.<\/p>\n<p>Revisando la red social \u2018X\u2019, a prop\u00f3sito de este round comunicacional entre el presidente de Uni\u00f3n San Felipe, Ra\u00fal Delgado, con la alcaldesa <strong>Carmen Castillo<\/strong>, nos encontramos con que el m\u00e1ximo dirigente del elenco albirrojo anteriormente se hab\u00eda sumado a los reclamos por el estado en que se encuentra la calle Parras\u00eda, que va hacia el Complejo Deportivo del Un\u00ed Un\u00ed.<\/p>\n<p>Como ejemplo, el d\u00eda 3 de abril public\u00f3 el siguiente mensaje <em>\u00abUnas 200 ni\u00f1as y ni\u00f1os, sin contar entrenadores y planteles profesionales transitan todos los d\u00edas por la calle Parras\u00eda para dirigirse al Complejo de @USanFelipeSADP. Es dif\u00edcil transitarla. Suciedad y delincuencia. \u00bfQu\u00e9 hacen las autoridades? Nada @munisanfelipe\u00bb<\/em>.<\/p>\n<p>\u00ab<em>Calle Parras\u00eda. San Felipe. Adem\u00e1s de peligrosa para circular, sucia. Esto es permanente. Sra. Alcaldesa, por lo visto ni usted ni sus asesores toman medidas para solucionar este grave problema. Hasta cuando hay que soportar esta dejadez @munisanfelipe\u00bb<\/em>, se\u00f1al\u00f3 otro de sus posteos.<\/p>\n<p>En pos de la seguridad de los j\u00f3venes que van practicar deporte, en este caso f\u00fatbol, es de esperar que se tomen las medidas necesarias y se limpie el lugar.<\/p>\n<figure id=\"attachment_136237\" aria-describedby=\"caption-attachment-136237\" style=\"width: 700px\" class=\"wp-caption alignnone\"><img loading=\"lazy\" decoding=\"async\" class=\"size-full wp-image-136237\" src=\"http:\/\/eltrabajo.cl\/web\/wp-content\/uploads\/2025\/04\/Complejo-1.jpg\" alt=\"Imagen sacada desde la cuenta \u2018X\u2019 de @raulfutbol27 (Ra\u00fal Delgado), como se ve gran cantidad de basura.\" width=\"700\" height=\"525\" srcset=\"https:\/\/eltrabajo.cl\/web\/wp-content\/uploads\/2025\/04\/Complejo-1.jpg 700w, https:\/\/eltrabajo.cl\/web\/wp-content\/uploads\/2025\/04\/Complejo-1-300x225.jpg 300w, https:\/\/eltrabajo.cl\/web\/wp-content\/uploads\/2025\/04\/Complejo-1-560x420.jpg 560w, https:\/\/eltrabajo.cl\/web\/wp-content\/uploads\/2025\/04\/Complejo-1-80x60.jpg 80w, https:\/\/eltrabajo.cl\/web\/wp-content\/uploads\/2025\/04\/Complejo-1-150x113.jpg 150w, https:\/\/eltrabajo.cl\/web\/wp-content\/uploads\/2025\/04\/Complejo-1-696x522.jpg 696w\" sizes=\"auto, (max-width: 700px) 100vw, 700px\" \/><figcaption id=\"caption-attachment-136237\" class=\"wp-caption-text\">Imagen sacada desde la cuenta \u2018X\u2019 de @raulfutbol27 (Ra\u00fal Delgado), como se ve gran cantidad de basura.<\/figcaption><\/figure>\n<figure id=\"attachment_136238\" aria-describedby=\"caption-attachment-136238\" style=\"width: 700px\" class=\"wp-caption alignnone\"><img loading=\"lazy\" decoding=\"async\" class=\"size-full wp-image-136238\" src=\"http:\/\/eltrabajo.cl\/web\/wp-content\/uploads\/2025\/04\/Complejo-2.jpg\" alt=\"Fotograf\u00eda sacada tambi\u00e9n desde el perfil de \u2018X\u2019 del mandam\u00e1s de Uni\u00f3n San Felipe.\" width=\"700\" height=\"525\" srcset=\"https:\/\/eltrabajo.cl\/web\/wp-content\/uploads\/2025\/04\/Complejo-2.jpg 700w, https:\/\/eltrabajo.cl\/web\/wp-content\/uploads\/2025\/04\/Complejo-2-300x225.jpg 300w, https:\/\/eltrabajo.cl\/web\/wp-content\/uploads\/2025\/04\/Complejo-2-560x420.jpg 560w, https:\/\/eltrabajo.cl\/web\/wp-content\/uploads\/2025\/04\/Complejo-2-80x60.jpg 80w, https:\/\/eltrabajo.cl\/web\/wp-content\/uploads\/2025\/04\/Complejo-2-150x113.jpg 150w, https:\/\/eltrabajo.cl\/web\/wp-content\/uploads\/2025\/04\/Complejo-2-696x522.jpg 696w\" sizes=\"auto, (max-width: 700px) 100vw, 700px\" \/><figcaption id=\"caption-attachment-136238\" class=\"wp-caption-text\">Fotograf\u00eda sacada tambi\u00e9n desde el perfil de \u2018X\u2019 del mandam\u00e1s de Uni\u00f3n San Felipe.<\/figcaption><\/figure>\n<figure id=\"attachment_136236\" aria-describedby=\"caption-attachment-136236\" style=\"width: 700px\" class=\"wp-caption alignnone\"><img loading=\"lazy\" decoding=\"async\" class=\"size-full wp-image-136236\" src=\"http:\/\/eltrabajo.cl\/web\/wp-content\/uploads\/2025\/04\/Complejo-3.jpg\" alt=\"Ser\u00e1 la basura y el mal estado del camino, el origen de la disputa con la Municipalidad de San Felipe.\" width=\"700\" height=\"525\" srcset=\"https:\/\/eltrabajo.cl\/web\/wp-content\/uploads\/2025\/04\/Complejo-3.jpg 700w, https:\/\/eltrabajo.cl\/web\/wp-content\/uploads\/2025\/04\/Complejo-3-300x225.jpg 300w, https:\/\/eltrabajo.cl\/web\/wp-content\/uploads\/2025\/04\/Complejo-3-560x420.jpg 560w, https:\/\/eltrabajo.cl\/web\/wp-content\/uploads\/2025\/04\/Complejo-3-80x60.jpg 80w, https:\/\/eltrabajo.cl\/web\/wp-content\/uploads\/2025\/04\/Complejo-3-150x113.jpg 150w, https:\/\/eltrabajo.cl\/web\/wp-content\/uploads\/2025\/04\/Complejo-3-696x522.jpg 696w\" sizes=\"auto, (max-width: 700px) 100vw, 700px\" \/><figcaption id=\"caption-attachment-136236\" class=\"wp-caption-text\">Ser\u00e1 la basura y el mal estado del camino, el origen de la disputa con la Municipalidad de San Felipe.<\/figcaption><\/figure>\n","protected":false},"excerpt":{"rendered":"<p>Desde hace un tiempo a esta fecha que no escuch\u00e1bamos o no se tocaba la problem\u00e1tica que envuelve al camino hacia el Complejo Deportivo de Uni\u00f3n San Felipe. Comentada es la peligrosidad que existe en la ida y vuelta de los cadetes que van, precisamente, a ese lugar a practicar f\u00fatbol. La inseguridad en el [&hellip;]<\/p>\n","protected":false},"author":1,"featured_media":136237,"comment_status":"open","ping_status":"closed","sticky":false,"template":"","format":"standard","meta":{"footnotes":""},"categories":[3],"tags":[],"class_list":{"0":"post-136235","1":"post","2":"type-post","3":"status-publish","4":"format-standard","5":"has-post-thumbnail","7":"category-cronica-2"},"yoast_head":"<!-- This site is optimized with the Yoast SEO plugin v27.4 - https:\/\/yoast.com\/product\/yoast-seo-wordpress\/ -->\n<title>Basura y mal estado del camino hacia el Complejo Deportivo: \u00bfPodr\u00eda este ser el origen de la disputa comunicacional entre Uni\u00f3n San Felipe y la alcaldesa? - Diario El Trabajo<\/title>\n<meta name=\"robots\" content=\"index, follow, max-snippet:-1, max-image-preview:large, max-video-preview:-1\" \/>\n<link rel=\"canonical\" href=\"https:\/\/eltrabajo.cl\/web\/basura-y-mal-estado-del-camino-hacia-el-complejo-deportivo-podria-este-ser-el-origen-de-la-disputa-comunicacional-entre-union-san-felipe-y-la-alcaldesa\/\" \/>\n<meta property=\"og:locale\" content=\"es_ES\" \/>\n<meta property=\"og:type\" content=\"article\" \/>\n<meta property=\"og:title\" content=\"Basura y mal estado del camino hacia el Complejo Deportivo: \u00bfPodr\u00eda este ser el origen de la disputa comunicacional entre Uni\u00f3n San Felipe y la alcaldesa? - Diario El Trabajo\" \/>\n<meta property=\"og:description\" content=\"Desde hace un tiempo a esta fecha que no escuch\u00e1bamos o no se tocaba la problem\u00e1tica que envuelve al camino hacia el Complejo Deportivo de Uni\u00f3n San Felipe. Comentada es la peligrosidad que existe en la ida y vuelta de los cadetes que van, precisamente, a ese lugar a practicar f\u00fatbol. La inseguridad en el [&hellip;]\" \/>\n<meta property=\"og:url\" content=\"https:\/\/eltrabajo.cl\/web\/basura-y-mal-estado-del-camino-hacia-el-complejo-deportivo-podria-este-ser-el-origen-de-la-disputa-comunicacional-entre-union-san-felipe-y-la-alcaldesa\/\" \/>\n<meta property=\"og:site_name\" content=\"Diario El Trabajo\" \/>\n<meta property=\"article:publisher\" content=\"https:\/\/www.facebook.com\/ElTrabajoDiario\" \/>\n<meta property=\"article:published_time\" content=\"2025-04-09T00:43:52+00:00\" \/>\n<meta property=\"og:image\" content=\"https:\/\/eltrabajo.cl\/web\/wp-content\/uploads\/2025\/04\/Complejo-1.jpg\" \/>\n\t<meta property=\"og:image:width\" content=\"700\" \/>\n\t<meta property=\"og:image:height\" content=\"525\" \/>\n\t<meta property=\"og:image:type\" content=\"image\/jpeg\" \/>\n<meta name=\"author\" content=\"Diario El Trabajo\" \/>\n<meta name=\"twitter:card\" content=\"summary_large_image\" \/>\n<meta name=\"twitter:creator\" content=\"@diarioeltrabajo\" \/>\n<meta name=\"twitter:site\" content=\"@diarioeltrabajo\" \/>\n<meta name=\"twitter:label1\" content=\"Escrito por\" \/>\n\t<meta name=\"twitter:data1\" content=\"Diario El Trabajo\" \/>\n\t<meta name=\"twitter:label2\" content=\"Tiempo estimado de lectura\" \/>\n\t<meta name=\"twitter:data2\" content=\"3 minutos\" \/>\n<script type=\"application\/ld+json\" class=\"yoast-schema-graph\">{\"@context\":\"https:\\\/\\\/schema.org\",\"@graph\":[{\"@type\":\"Article\",\"@id\":\"https:\\\/\\\/eltrabajo.cl\\\/web\\\/basura-y-mal-estado-del-camino-hacia-el-complejo-deportivo-podria-este-ser-el-origen-de-la-disputa-comunicacional-entre-union-san-felipe-y-la-alcaldesa\\\/#article\",\"isPartOf\":{\"@id\":\"https:\\\/\\\/eltrabajo.cl\\\/web\\\/basura-y-mal-estado-del-camino-hacia-el-complejo-deportivo-podria-este-ser-el-origen-de-la-disputa-comunicacional-entre-union-san-felipe-y-la-alcaldesa\\\/\"},\"author\":{\"name\":\"Diario El Trabajo\",\"@id\":\"https:\\\/\\\/eltrabajo.cl\\\/web\\\/#\\\/schema\\\/person\\\/45efd3d17f86ec456e44dd7debe1bf19\"},\"headline\":\"Basura y mal estado del camino hacia el Complejo Deportivo: \u00bfPodr\u00eda este ser el origen de la disputa comunicacional entre Uni\u00f3n San Felipe y la alcaldesa?\",\"datePublished\":\"2025-04-09T00:43:52+00:00\",\"mainEntityOfPage\":{\"@id\":\"https:\\\/\\\/eltrabajo.cl\\\/web\\\/basura-y-mal-estado-del-camino-hacia-el-complejo-deportivo-podria-este-ser-el-origen-de-la-disputa-comunicacional-entre-union-san-felipe-y-la-alcaldesa\\\/\"},\"wordCount\":395,\"commentCount\":0,\"publisher\":{\"@id\":\"https:\\\/\\\/eltrabajo.cl\\\/web\\\/#organization\"},\"image\":{\"@id\":\"https:\\\/\\\/eltrabajo.cl\\\/web\\\/basura-y-mal-estado-del-camino-hacia-el-complejo-deportivo-podria-este-ser-el-origen-de-la-disputa-comunicacional-entre-union-san-felipe-y-la-alcaldesa\\\/#primaryimage\"},\"thumbnailUrl\":\"https:\\\/\\\/eltrabajo.cl\\\/web\\\/wp-content\\\/uploads\\\/2025\\\/04\\\/Complejo-1.jpg\",\"articleSection\":[\"Cr\u00f3nica\"],\"inLanguage\":\"es-CL\",\"potentialAction\":[{\"@type\":\"CommentAction\",\"name\":\"Comment\",\"target\":[\"https:\\\/\\\/eltrabajo.cl\\\/web\\\/basura-y-mal-estado-del-camino-hacia-el-complejo-deportivo-podria-este-ser-el-origen-de-la-disputa-comunicacional-entre-union-san-felipe-y-la-alcaldesa\\\/#respond\"]}]},{\"@type\":\"WebPage\",\"@id\":\"https:\\\/\\\/eltrabajo.cl\\\/web\\\/basura-y-mal-estado-del-camino-hacia-el-complejo-deportivo-podria-este-ser-el-origen-de-la-disputa-comunicacional-entre-union-san-felipe-y-la-alcaldesa\\\/\",\"url\":\"https:\\\/\\\/eltrabajo.cl\\\/web\\\/basura-y-mal-estado-del-camino-hacia-el-complejo-deportivo-podria-este-ser-el-origen-de-la-disputa-comunicacional-entre-union-san-felipe-y-la-alcaldesa\\\/\",\"name\":\"Basura y mal estado del camino hacia el Complejo Deportivo: \u00bfPodr\u00eda este ser el origen de la disputa comunicacional entre Uni\u00f3n San Felipe y la alcaldesa? - Diario El Trabajo\",\"isPartOf\":{\"@id\":\"https:\\\/\\\/eltrabajo.cl\\\/web\\\/#website\"},\"primaryImageOfPage\":{\"@id\":\"https:\\\/\\\/eltrabajo.cl\\\/web\\\/basura-y-mal-estado-del-camino-hacia-el-complejo-deportivo-podria-este-ser-el-origen-de-la-disputa-comunicacional-entre-union-san-felipe-y-la-alcaldesa\\\/#primaryimage\"},\"image\":{\"@id\":\"https:\\\/\\\/eltrabajo.cl\\\/web\\\/basura-y-mal-estado-del-camino-hacia-el-complejo-deportivo-podria-este-ser-el-origen-de-la-disputa-comunicacional-entre-union-san-felipe-y-la-alcaldesa\\\/#primaryimage\"},\"thumbnailUrl\":\"https:\\\/\\\/eltrabajo.cl\\\/web\\\/wp-content\\\/uploads\\\/2025\\\/04\\\/Complejo-1.jpg\",\"datePublished\":\"2025-04-09T00:43:52+00:00\",\"breadcrumb\":{\"@id\":\"https:\\\/\\\/eltrabajo.cl\\\/web\\\/basura-y-mal-estado-del-camino-hacia-el-complejo-deportivo-podria-este-ser-el-origen-de-la-disputa-comunicacional-entre-union-san-felipe-y-la-alcaldesa\\\/#breadcrumb\"},\"inLanguage\":\"es-CL\",\"potentialAction\":[{\"@type\":\"ReadAction\",\"target\":[\"https:\\\/\\\/eltrabajo.cl\\\/web\\\/basura-y-mal-estado-del-camino-hacia-el-complejo-deportivo-podria-este-ser-el-origen-de-la-disputa-comunicacional-entre-union-san-felipe-y-la-alcaldesa\\\/\"]}]},{\"@type\":\"ImageObject\",\"inLanguage\":\"es-CL\",\"@id\":\"https:\\\/\\\/eltrabajo.cl\\\/web\\\/basura-y-mal-estado-del-camino-hacia-el-complejo-deportivo-podria-este-ser-el-origen-de-la-disputa-comunicacional-entre-union-san-felipe-y-la-alcaldesa\\\/#primaryimage\",\"url\":\"https:\\\/\\\/eltrabajo.cl\\\/web\\\/wp-content\\\/uploads\\\/2025\\\/04\\\/Complejo-1.jpg\",\"contentUrl\":\"https:\\\/\\\/eltrabajo.cl\\\/web\\\/wp-content\\\/uploads\\\/2025\\\/04\\\/Complejo-1.jpg\",\"width\":700,\"height\":525,\"caption\":\"Imagen sacada desde la cuenta \u2018X\u2019 de @raulfutbol27 (Ra\u00fal Delgado), como se ve gran cantidad de basura.\"},{\"@type\":\"BreadcrumbList\",\"@id\":\"https:\\\/\\\/eltrabajo.cl\\\/web\\\/basura-y-mal-estado-del-camino-hacia-el-complejo-deportivo-podria-este-ser-el-origen-de-la-disputa-comunicacional-entre-union-san-felipe-y-la-alcaldesa\\\/#breadcrumb\",\"itemListElement\":[{\"@type\":\"ListItem\",\"position\":1,\"name\":\"Portada\",\"item\":\"https:\\\/\\\/eltrabajo.cl\\\/web\\\/\"},{\"@type\":\"ListItem\",\"position\":2,\"name\":\"Basura y mal estado del camino hacia el Complejo Deportivo: \u00bfPodr\u00eda este ser el origen de la disputa comunicacional entre Uni\u00f3n San Felipe y la alcaldesa?\"}]},{\"@type\":\"WebSite\",\"@id\":\"https:\\\/\\\/eltrabajo.cl\\\/web\\\/#website\",\"url\":\"https:\\\/\\\/eltrabajo.cl\\\/web\\\/\",\"name\":\"Diario El Trabajo\",\"description\":\"Desde 1929 construyendo Identidad Local\",\"publisher\":{\"@id\":\"https:\\\/\\\/eltrabajo.cl\\\/web\\\/#organization\"},\"potentialAction\":[{\"@type\":\"SearchAction\",\"target\":{\"@type\":\"EntryPoint\",\"urlTemplate\":\"https:\\\/\\\/eltrabajo.cl\\\/web\\\/?s={search_term_string}\"},\"query-input\":{\"@type\":\"PropertyValueSpecification\",\"valueRequired\":true,\"valueName\":\"search_term_string\"}}],\"inLanguage\":\"es-CL\"},{\"@type\":\"Organization\",\"@id\":\"https:\\\/\\\/eltrabajo.cl\\\/web\\\/#organization\",\"name\":\"Diario El Trabajo\",\"url\":\"https:\\\/\\\/eltrabajo.cl\\\/web\\\/\",\"logo\":{\"@type\":\"ImageObject\",\"inLanguage\":\"es-CL\",\"@id\":\"https:\\\/\\\/eltrabajo.cl\\\/web\\\/#\\\/schema\\\/logo\\\/image\\\/\",\"url\":\"https:\\\/\\\/eltrabajo.cl\\\/web\\\/wp-content\\\/uploads\\\/2024\\\/06\\\/profile-image-ig-page-diarioeltrabajo.jpg\",\"contentUrl\":\"https:\\\/\\\/eltrabajo.cl\\\/web\\\/wp-content\\\/uploads\\\/2024\\\/06\\\/profile-image-ig-page-diarioeltrabajo.jpg\",\"width\":823,\"height\":823,\"caption\":\"Diario El Trabajo\"},\"image\":{\"@id\":\"https:\\\/\\\/eltrabajo.cl\\\/web\\\/#\\\/schema\\\/logo\\\/image\\\/\"},\"sameAs\":[\"https:\\\/\\\/www.facebook.com\\\/ElTrabajoDiario\",\"https:\\\/\\\/x.com\\\/diarioeltrabajo\"]},{\"@type\":\"Person\",\"@id\":\"https:\\\/\\\/eltrabajo.cl\\\/web\\\/#\\\/schema\\\/person\\\/45efd3d17f86ec456e44dd7debe1bf19\",\"name\":\"Diario El Trabajo\",\"image\":{\"@type\":\"ImageObject\",\"inLanguage\":\"es-CL\",\"@id\":\"https:\\\/\\\/secure.gravatar.com\\\/avatar\\\/7e6ec277dc4aea2677c2dc301d4227957219329c985ab69a3efc12518b5161aa?s=96&d=mm&r=g\",\"url\":\"https:\\\/\\\/secure.gravatar.com\\\/avatar\\\/7e6ec277dc4aea2677c2dc301d4227957219329c985ab69a3efc12518b5161aa?s=96&d=mm&r=g\",\"contentUrl\":\"https:\\\/\\\/secure.gravatar.com\\\/avatar\\\/7e6ec277dc4aea2677c2dc301d4227957219329c985ab69a3efc12518b5161aa?s=96&d=mm&r=g\",\"caption\":\"Diario El Trabajo\"},\"sameAs\":[\"https:\\\/\\\/eltrabajo.cl\\\/web\"],\"url\":\"https:\\\/\\\/eltrabajo.cl\\\/web\\\/author\\\/diario-el-trabajo\\\/\"}]}<\/script>\n<!-- \/ Yoast SEO plugin. -->","yoast_head_json":{"title":"Basura y mal estado del camino hacia el Complejo Deportivo: \u00bfPodr\u00eda este ser el origen de la disputa comunicacional entre Uni\u00f3n San Felipe y la alcaldesa? - Diario El Trabajo","robots":{"index":"index","follow":"follow","max-snippet":"max-snippet:-1","max-image-preview":"max-image-preview:large","max-video-preview":"max-video-preview:-1"},"canonical":"https:\/\/eltrabajo.cl\/web\/basura-y-mal-estado-del-camino-hacia-el-complejo-deportivo-podria-este-ser-el-origen-de-la-disputa-comunicacional-entre-union-san-felipe-y-la-alcaldesa\/","og_locale":"es_ES","og_type":"article","og_title":"Basura y mal estado del camino hacia el Complejo Deportivo: \u00bfPodr\u00eda este ser el origen de la disputa comunicacional entre Uni\u00f3n San Felipe y la alcaldesa? - Diario El Trabajo","og_description":"Desde hace un tiempo a esta fecha que no escuch\u00e1bamos o no se tocaba la problem\u00e1tica que envuelve al camino hacia el Complejo Deportivo de Uni\u00f3n San Felipe. Comentada es la peligrosidad que existe en la ida y vuelta de los cadetes que van, precisamente, a ese lugar a practicar f\u00fatbol. La inseguridad en el [&hellip;]","og_url":"https:\/\/eltrabajo.cl\/web\/basura-y-mal-estado-del-camino-hacia-el-complejo-deportivo-podria-este-ser-el-origen-de-la-disputa-comunicacional-entre-union-san-felipe-y-la-alcaldesa\/","og_site_name":"Diario El Trabajo","article_publisher":"https:\/\/www.facebook.com\/ElTrabajoDiario","article_published_time":"2025-04-09T00:43:52+00:00","og_image":[{"width":700,"height":525,"url":"https:\/\/eltrabajo.cl\/web\/wp-content\/uploads\/2025\/04\/Complejo-1.jpg","type":"image\/jpeg"}],"author":"Diario El Trabajo","twitter_card":"summary_large_image","twitter_creator":"@diarioeltrabajo","twitter_site":"@diarioeltrabajo","twitter_misc":{"Escrito por":"Diario El Trabajo","Tiempo estimado de lectura":"3 minutos"},"schema":{"@context":"https:\/\/schema.org","@graph":[{"@type":"Article","@id":"https:\/\/eltrabajo.cl\/web\/basura-y-mal-estado-del-camino-hacia-el-complejo-deportivo-podria-este-ser-el-origen-de-la-disputa-comunicacional-entre-union-san-felipe-y-la-alcaldesa\/#article","isPartOf":{"@id":"https:\/\/eltrabajo.cl\/web\/basura-y-mal-estado-del-camino-hacia-el-complejo-deportivo-podria-este-ser-el-origen-de-la-disputa-comunicacional-entre-union-san-felipe-y-la-alcaldesa\/"},"author":{"name":"Diario El Trabajo","@id":"https:\/\/eltrabajo.cl\/web\/#\/schema\/person\/45efd3d17f86ec456e44dd7debe1bf19"},"headline":"Basura y mal estado del camino hacia el Complejo Deportivo: \u00bfPodr\u00eda este ser el origen de la disputa comunicacional entre Uni\u00f3n San Felipe y la alcaldesa?","datePublished":"2025-04-09T00:43:52+00:00","mainEntityOfPage":{"@id":"https:\/\/eltrabajo.cl\/web\/basura-y-mal-estado-del-camino-hacia-el-complejo-deportivo-podria-este-ser-el-origen-de-la-disputa-comunicacional-entre-union-san-felipe-y-la-alcaldesa\/"},"wordCount":395,"commentCount":0,"publisher":{"@id":"https:\/\/eltrabajo.cl\/web\/#organization"},"image":{"@id":"https:\/\/eltrabajo.cl\/web\/basura-y-mal-estado-del-camino-hacia-el-complejo-deportivo-podria-este-ser-el-origen-de-la-disputa-comunicacional-entre-union-san-felipe-y-la-alcaldesa\/#primaryimage"},"thumbnailUrl":"https:\/\/eltrabajo.cl\/web\/wp-content\/uploads\/2025\/04\/Complejo-1.jpg","articleSection":["Cr\u00f3nica"],"inLanguage":"es-CL","potentialAction":[{"@type":"CommentAction","name":"Comment","target":["https:\/\/eltrabajo.cl\/web\/basura-y-mal-estado-del-camino-hacia-el-complejo-deportivo-podria-este-ser-el-origen-de-la-disputa-comunicacional-entre-union-san-felipe-y-la-alcaldesa\/#respond"]}]},{"@type":"WebPage","@id":"https:\/\/eltrabajo.cl\/web\/basura-y-mal-estado-del-camino-hacia-el-complejo-deportivo-podria-este-ser-el-origen-de-la-disputa-comunicacional-entre-union-san-felipe-y-la-alcaldesa\/","url":"https:\/\/eltrabajo.cl\/web\/basura-y-mal-estado-del-camino-hacia-el-complejo-deportivo-podria-este-ser-el-origen-de-la-disputa-comunicacional-entre-union-san-felipe-y-la-alcaldesa\/","name":"Basura y mal estado del camino hacia el Complejo Deportivo: \u00bfPodr\u00eda este ser el origen de la disputa comunicacional entre Uni\u00f3n San Felipe y la alcaldesa? - Diario El Trabajo","isPartOf":{"@id":"https:\/\/eltrabajo.cl\/web\/#website"},"primaryImageOfPage":{"@id":"https:\/\/eltrabajo.cl\/web\/basura-y-mal-estado-del-camino-hacia-el-complejo-deportivo-podria-este-ser-el-origen-de-la-disputa-comunicacional-entre-union-san-felipe-y-la-alcaldesa\/#primaryimage"},"image":{"@id":"https:\/\/eltrabajo.cl\/web\/basura-y-mal-estado-del-camino-hacia-el-complejo-deportivo-podria-este-ser-el-origen-de-la-disputa-comunicacional-entre-union-san-felipe-y-la-alcaldesa\/#primaryimage"},"thumbnailUrl":"https:\/\/eltrabajo.cl\/web\/wp-content\/uploads\/2025\/04\/Complejo-1.jpg","datePublished":"2025-04-09T00:43:52+00:00","breadcrumb":{"@id":"https:\/\/eltrabajo.cl\/web\/basura-y-mal-estado-del-camino-hacia-el-complejo-deportivo-podria-este-ser-el-origen-de-la-disputa-comunicacional-entre-union-san-felipe-y-la-alcaldesa\/#breadcrumb"},"inLanguage":"es-CL","potentialAction":[{"@type":"ReadAction","target":["https:\/\/eltrabajo.cl\/web\/basura-y-mal-estado-del-camino-hacia-el-complejo-deportivo-podria-este-ser-el-origen-de-la-disputa-comunicacional-entre-union-san-felipe-y-la-alcaldesa\/"]}]},{"@type":"ImageObject","inLanguage":"es-CL","@id":"https:\/\/eltrabajo.cl\/web\/basura-y-mal-estado-del-camino-hacia-el-complejo-deportivo-podria-este-ser-el-origen-de-la-disputa-comunicacional-entre-union-san-felipe-y-la-alcaldesa\/#primaryimage","url":"https:\/\/eltrabajo.cl\/web\/wp-content\/uploads\/2025\/04\/Complejo-1.jpg","contentUrl":"https:\/\/eltrabajo.cl\/web\/wp-content\/uploads\/2025\/04\/Complejo-1.jpg","width":700,"height":525,"caption":"Imagen sacada desde la cuenta \u2018X\u2019 de @raulfutbol27 (Ra\u00fal Delgado), como se ve gran cantidad de basura."},{"@type":"BreadcrumbList","@id":"https:\/\/eltrabajo.cl\/web\/basura-y-mal-estado-del-camino-hacia-el-complejo-deportivo-podria-este-ser-el-origen-de-la-disputa-comunicacional-entre-union-san-felipe-y-la-alcaldesa\/#breadcrumb","itemListElement":[{"@type":"ListItem","position":1,"name":"Portada","item":"https:\/\/eltrabajo.cl\/web\/"},{"@type":"ListItem","position":2,"name":"Basura y mal estado del camino hacia el Complejo Deportivo: \u00bfPodr\u00eda este ser el origen de la disputa comunicacional entre Uni\u00f3n San Felipe y la alcaldesa?"}]},{"@type":"WebSite","@id":"https:\/\/eltrabajo.cl\/web\/#website","url":"https:\/\/eltrabajo.cl\/web\/","name":"Diario El Trabajo","description":"Desde 1929 construyendo Identidad Local","publisher":{"@id":"https:\/\/eltrabajo.cl\/web\/#organization"},"potentialAction":[{"@type":"SearchAction","target":{"@type":"EntryPoint","urlTemplate":"https:\/\/eltrabajo.cl\/web\/?s={search_term_string}"},"query-input":{"@type":"PropertyValueSpecification","valueRequired":true,"valueName":"search_term_string"}}],"inLanguage":"es-CL"},{"@type":"Organization","@id":"https:\/\/eltrabajo.cl\/web\/#organization","name":"Diario El Trabajo","url":"https:\/\/eltrabajo.cl\/web\/","logo":{"@type":"ImageObject","inLanguage":"es-CL","@id":"https:\/\/eltrabajo.cl\/web\/#\/schema\/logo\/image\/","url":"https:\/\/eltrabajo.cl\/web\/wp-content\/uploads\/2024\/06\/profile-image-ig-page-diarioeltrabajo.jpg","contentUrl":"https:\/\/eltrabajo.cl\/web\/wp-content\/uploads\/2024\/06\/profile-image-ig-page-diarioeltrabajo.jpg","width":823,"height":823,"caption":"Diario El Trabajo"},"image":{"@id":"https:\/\/eltrabajo.cl\/web\/#\/schema\/logo\/image\/"},"sameAs":["https:\/\/www.facebook.com\/ElTrabajoDiario","https:\/\/x.com\/diarioeltrabajo"]},{"@type":"Person","@id":"https:\/\/eltrabajo.cl\/web\/#\/schema\/person\/45efd3d17f86ec456e44dd7debe1bf19","name":"Diario El Trabajo","image":{"@type":"ImageObject","inLanguage":"es-CL","@id":"https:\/\/secure.gravatar.com\/avatar\/7e6ec277dc4aea2677c2dc301d4227957219329c985ab69a3efc12518b5161aa?s=96&d=mm&r=g","url":"https:\/\/secure.gravatar.com\/avatar\/7e6ec277dc4aea2677c2dc301d4227957219329c985ab69a3efc12518b5161aa?s=96&d=mm&r=g","contentUrl":"https:\/\/secure.gravatar.com\/avatar\/7e6ec277dc4aea2677c2dc301d4227957219329c985ab69a3efc12518b5161aa?s=96&d=mm&r=g","caption":"Diario El Trabajo"},"sameAs":["https:\/\/eltrabajo.cl\/web"],"url":"https:\/\/eltrabajo.cl\/web\/author\/diario-el-trabajo\/"}]}},"_links":{"self":[{"href":"https:\/\/eltrabajo.cl\/web\/wp-json\/wp\/v2\/posts\/136235","targetHints":{"allow":["GET"]}}],"collection":[{"href":"https:\/\/eltrabajo.cl\/web\/wp-json\/wp\/v2\/posts"}],"about":[{"href":"https:\/\/eltrabajo.cl\/web\/wp-json\/wp\/v2\/types\/post"}],"author":[{"embeddable":true,"href":"https:\/\/eltrabajo.cl\/web\/wp-json\/wp\/v2\/users\/1"}],"replies":[{"embeddable":true,"href":"https:\/\/eltrabajo.cl\/web\/wp-json\/wp\/v2\/comments?post=136235"}],"version-history":[{"count":1,"href":"https:\/\/eltrabajo.cl\/web\/wp-json\/wp\/v2\/posts\/136235\/revisions"}],"predecessor-version":[{"id":136239,"href":"https:\/\/eltrabajo.cl\/web\/wp-json\/wp\/v2\/posts\/136235\/revisions\/136239"}],"wp:featuredmedia":[{"embeddable":true,"href":"https:\/\/eltrabajo.cl\/web\/wp-json\/wp\/v2\/media\/136237"}],"wp:attachment":[{"href":"https:\/\/eltrabajo.cl\/web\/wp-json\/wp\/v2\/media?parent=136235"}],"wp:term":[{"taxonomy":"category","embeddable":true,"href":"https:\/\/eltrabajo.cl\/web\/wp-json\/wp\/v2\/categories?post=136235"},{"taxonomy":"post_tag","embeddable":true,"href":"https:\/\/eltrabajo.cl\/web\/wp-json\/wp\/v2\/tags?post=136235"}],"curies":[{"name":"wp","href":"https:\/\/api.w.org\/{rel}","templated":true}]}}