{"id":136240,"date":"2025-04-08T21:45:12","date_gmt":"2025-04-09T00:45:12","guid":{"rendered":"https:\/\/eltrabajo.cl\/web\/?p=136240"},"modified":"2025-04-08T21:45:12","modified_gmt":"2025-04-09T00:45:12","slug":"carreras-de-autos-regresan-al-valle-de-aconcagua-con-primera-fecha-campeonato-2025","status":"publish","type":"post","link":"https:\/\/eltrabajo.cl\/web\/carreras-de-autos-regresan-al-valle-de-aconcagua-con-primera-fecha-campeonato-2025\/","title":{"rendered":"Carreras de Autos regresan al Valle de Aconcagua con Primera Fecha Campeonato 2025"},"content":{"rendered":"<ul>\n<li><strong>Este s\u00e1bado 12 y domingo 13 de abril, el valle se convertir\u00e1 en el epicentro de la velocidad con una nueva edici\u00f3n de las competencias automovil\u00edsticas.-<\/strong><\/li>\n<\/ul>\n<p>La esperada Primera Fecha del Campeonato 2025 de carreras de autos en el Valle de Aconcagua regresa con fuerza este fin de semana. Organizado por el Club Deportivo Parque Racing de Santa Mar\u00eda, el evento contar\u00e1 con una variada programaci\u00f3n que reunir\u00e1 a los m\u00e1s apasionados del mundo de las competencias automovil\u00edsticas.<\/p>\n<p>La jornada comenzar\u00e1 el s\u00e1bado 12 de abril a las 10:00 horas con la inauguraci\u00f3n de la prueba de pique o \u2018cuarto de milla\u2019, que promete emociones intensas. El domingo 13 de abril, por su parte, se llevar\u00e1 a cabo una interesante carrera de Fiat 600, dividida en tres categor\u00edas, adem\u00e1s de otras dos categor\u00edas de veh\u00edculos multimarca con motores de hasta 1.600 cent\u00edmetros c\u00fabicos.<\/p>\n<p>La actividad se llevar\u00e1 a cabo en un recinto cerrado ubicado en el sector de San Fernando, en la ruta 775 de Santa Mar\u00eda. El espacio cuenta con todas las autorizaciones necesarias, y ofrece diferentes tipos de pistas para las distintas competencias, que incluyen circuitos para Fiat 600, karting cross, Jeep y motos. Adem\u00e1s, recientemente se ha a\u00f1adido una nueva pista de pique, la cual est\u00e1 siendo afinada para la jornada.<\/p>\n<p>A lo largo de las ediciones anteriores, el evento ha contado con una destacada participaci\u00f3n de competidores de diversos puntos del Valle del Aconcagua, incluyendo localidades como Curacav\u00ed, Villa Alemana, San Antonio, Santiago y Melipilla.<\/p>\n<p><strong>Juan Ahumada<\/strong>, presidente del Club Deportivo Parque Reyes, resalt\u00f3 la calidad del evento y la respuesta positiva de los participantes.<em>\u00a0 \u00abLas personas vienen a competir aqu\u00ed a este recinto que les gusta, les encanta porque es un lugar seguro, ordenado, bien se\u00f1alizado, con buenos reglamentos. Entonces, hay gente de afuera que viene a participar ac\u00e1 y le gusta el lugar, pues, el ambiente es un lugar bien bonito, aparte que no rodea aqu\u00ed la cordillera y es un lugar s\u00faper espectacular como va este tipo de evento\u00bb<\/em>.<\/p>\n<p>El evento ser\u00e1 una excelente oportunidad para disfrutar de la velocidad y el ambiente \u00fanico que se crea en estos encuentros. Habr\u00e1 una variada oferta gastron\u00f3mica con <em>food trucks<\/em>, y la animaci\u00f3n estar\u00e1 a cargo de <strong>Marcelo Ibaceta Ponce<\/strong> y <strong>Juan Eleazar<\/strong>, quien realizar\u00e1 grabaciones a\u00e9reas con un dron.<\/p>\n<p>Con el respaldo de la Primera Compa\u00f1\u00eda de Bomberos de Santa Mar\u00eda y el auspicio de la Municipalidad de Santa Mar\u00eda y algunas empresas, este evento promete ser una experiencia inolvidable para los fan\u00e1ticos de las carreras.<\/p>\n<figure id=\"attachment_136242\" aria-describedby=\"caption-attachment-136242\" style=\"width: 699px\" class=\"wp-caption alignnone\"><img loading=\"lazy\" decoding=\"async\" class=\"size-full wp-image-136242\" src=\"http:\/\/eltrabajo.cl\/web\/wp-content\/uploads\/2025\/04\/Evento-de-autos-1.jpg\" alt=\"Este fin de semana se realizar\u00e1 la primera fecha del campeonato 2025 de carreras de autos en Santa Mar\u00eda.\" width=\"699\" height=\"315\" srcset=\"https:\/\/eltrabajo.cl\/web\/wp-content\/uploads\/2025\/04\/Evento-de-autos-1.jpg 699w, https:\/\/eltrabajo.cl\/web\/wp-content\/uploads\/2025\/04\/Evento-de-autos-1-300x135.jpg 300w, https:\/\/eltrabajo.cl\/web\/wp-content\/uploads\/2025\/04\/Evento-de-autos-1-150x68.jpg 150w, https:\/\/eltrabajo.cl\/web\/wp-content\/uploads\/2025\/04\/Evento-de-autos-1-696x314.jpg 696w\" sizes=\"auto, (max-width: 699px) 100vw, 699px\" \/><figcaption id=\"caption-attachment-136242\" class=\"wp-caption-text\">Este fin de semana se realizar\u00e1 la primera fecha del campeonato 2025 de carreras de autos en Santa Mar\u00eda.<\/figcaption><\/figure>\n<figure id=\"attachment_136241\" aria-describedby=\"caption-attachment-136241\" style=\"width: 699px\" class=\"wp-caption alignnone\"><img loading=\"lazy\" decoding=\"async\" class=\"size-full wp-image-136241\" src=\"http:\/\/eltrabajo.cl\/web\/wp-content\/uploads\/2025\/04\/Evento-de-autos-2.jpg\" alt=\"Al evento asistir\u00e1 p\u00fablico local y de otros sectores de la regi\u00f3n.\" width=\"699\" height=\"390\" srcset=\"https:\/\/eltrabajo.cl\/web\/wp-content\/uploads\/2025\/04\/Evento-de-autos-2.jpg 699w, https:\/\/eltrabajo.cl\/web\/wp-content\/uploads\/2025\/04\/Evento-de-autos-2-300x167.jpg 300w, https:\/\/eltrabajo.cl\/web\/wp-content\/uploads\/2025\/04\/Evento-de-autos-2-150x84.jpg 150w, https:\/\/eltrabajo.cl\/web\/wp-content\/uploads\/2025\/04\/Evento-de-autos-2-696x388.jpg 696w\" sizes=\"auto, (max-width: 699px) 100vw, 699px\" \/><figcaption id=\"caption-attachment-136241\" class=\"wp-caption-text\">Al evento asistir\u00e1 p\u00fablico local y de otros sectores de la regi\u00f3n.<\/figcaption><\/figure>\n","protected":false},"excerpt":{"rendered":"<p>Este s\u00e1bado 12 y domingo 13 de abril, el valle se convertir\u00e1 en el epicentro de la velocidad con una nueva edici\u00f3n de las competencias automovil\u00edsticas.- La esperada Primera Fecha del Campeonato 2025 de carreras de autos en el Valle de Aconcagua regresa con fuerza este fin de semana. Organizado por el Club Deportivo Parque [&hellip;]<\/p>\n","protected":false},"author":1,"featured_media":136242,"comment_status":"open","ping_status":"closed","sticky":false,"template":"","format":"standard","meta":{"footnotes":""},"categories":[4],"tags":[],"class_list":{"0":"post-136240","1":"post","2":"type-post","3":"status-publish","4":"format-standard","5":"has-post-thumbnail","7":"category-comunidad"},"yoast_head":"<!-- This site is optimized with the Yoast SEO plugin v27.4 - https:\/\/yoast.com\/product\/yoast-seo-wordpress\/ -->\n<title>Carreras de Autos regresan al Valle de Aconcagua con Primera Fecha Campeonato 2025 - Diario El Trabajo<\/title>\n<meta name=\"robots\" content=\"index, follow, max-snippet:-1, max-image-preview:large, max-video-preview:-1\" \/>\n<link rel=\"canonical\" href=\"https:\/\/eltrabajo.cl\/web\/carreras-de-autos-regresan-al-valle-de-aconcagua-con-primera-fecha-campeonato-2025\/\" \/>\n<meta property=\"og:locale\" content=\"es_ES\" \/>\n<meta property=\"og:type\" content=\"article\" \/>\n<meta property=\"og:title\" content=\"Carreras de Autos regresan al Valle de Aconcagua con Primera Fecha Campeonato 2025 - Diario El Trabajo\" \/>\n<meta property=\"og:description\" content=\"Este s\u00e1bado 12 y domingo 13 de abril, el valle se convertir\u00e1 en el epicentro de la velocidad con una nueva edici\u00f3n de las competencias automovil\u00edsticas.- La esperada Primera Fecha del Campeonato 2025 de carreras de autos en el Valle de Aconcagua regresa con fuerza este fin de semana. Organizado por el Club Deportivo Parque [&hellip;]\" \/>\n<meta property=\"og:url\" content=\"https:\/\/eltrabajo.cl\/web\/carreras-de-autos-regresan-al-valle-de-aconcagua-con-primera-fecha-campeonato-2025\/\" \/>\n<meta property=\"og:site_name\" content=\"Diario El Trabajo\" \/>\n<meta property=\"article:publisher\" content=\"https:\/\/www.facebook.com\/ElTrabajoDiario\" \/>\n<meta property=\"article:published_time\" content=\"2025-04-09T00:45:12+00:00\" \/>\n<meta property=\"og:image\" content=\"https:\/\/eltrabajo.cl\/web\/wp-content\/uploads\/2025\/04\/Evento-de-autos-1.jpg\" \/>\n\t<meta property=\"og:image:width\" content=\"699\" \/>\n\t<meta property=\"og:image:height\" content=\"315\" \/>\n\t<meta property=\"og:image:type\" content=\"image\/jpeg\" \/>\n<meta name=\"author\" content=\"Diario El Trabajo\" \/>\n<meta name=\"twitter:card\" content=\"summary_large_image\" \/>\n<meta name=\"twitter:creator\" content=\"@diarioeltrabajo\" \/>\n<meta name=\"twitter:site\" content=\"@diarioeltrabajo\" \/>\n<meta name=\"twitter:label1\" content=\"Escrito por\" \/>\n\t<meta name=\"twitter:data1\" content=\"Diario El Trabajo\" \/>\n\t<meta name=\"twitter:label2\" content=\"Tiempo estimado de lectura\" \/>\n\t<meta name=\"twitter:data2\" content=\"3 minutos\" \/>\n<script type=\"application\/ld+json\" class=\"yoast-schema-graph\">{\"@context\":\"https:\\\/\\\/schema.org\",\"@graph\":[{\"@type\":\"Article\",\"@id\":\"https:\\\/\\\/eltrabajo.cl\\\/web\\\/carreras-de-autos-regresan-al-valle-de-aconcagua-con-primera-fecha-campeonato-2025\\\/#article\",\"isPartOf\":{\"@id\":\"https:\\\/\\\/eltrabajo.cl\\\/web\\\/carreras-de-autos-regresan-al-valle-de-aconcagua-con-primera-fecha-campeonato-2025\\\/\"},\"author\":{\"name\":\"Diario El Trabajo\",\"@id\":\"https:\\\/\\\/eltrabajo.cl\\\/web\\\/#\\\/schema\\\/person\\\/45efd3d17f86ec456e44dd7debe1bf19\"},\"headline\":\"Carreras de Autos regresan al Valle de Aconcagua con Primera Fecha Campeonato 2025\",\"datePublished\":\"2025-04-09T00:45:12+00:00\",\"mainEntityOfPage\":{\"@id\":\"https:\\\/\\\/eltrabajo.cl\\\/web\\\/carreras-de-autos-regresan-al-valle-de-aconcagua-con-primera-fecha-campeonato-2025\\\/\"},\"wordCount\":500,\"commentCount\":0,\"publisher\":{\"@id\":\"https:\\\/\\\/eltrabajo.cl\\\/web\\\/#organization\"},\"image\":{\"@id\":\"https:\\\/\\\/eltrabajo.cl\\\/web\\\/carreras-de-autos-regresan-al-valle-de-aconcagua-con-primera-fecha-campeonato-2025\\\/#primaryimage\"},\"thumbnailUrl\":\"https:\\\/\\\/eltrabajo.cl\\\/web\\\/wp-content\\\/uploads\\\/2025\\\/04\\\/Evento-de-autos-1.jpg\",\"articleSection\":[\"Comunidad\"],\"inLanguage\":\"es-CL\",\"potentialAction\":[{\"@type\":\"CommentAction\",\"name\":\"Comment\",\"target\":[\"https:\\\/\\\/eltrabajo.cl\\\/web\\\/carreras-de-autos-regresan-al-valle-de-aconcagua-con-primera-fecha-campeonato-2025\\\/#respond\"]}]},{\"@type\":\"WebPage\",\"@id\":\"https:\\\/\\\/eltrabajo.cl\\\/web\\\/carreras-de-autos-regresan-al-valle-de-aconcagua-con-primera-fecha-campeonato-2025\\\/\",\"url\":\"https:\\\/\\\/eltrabajo.cl\\\/web\\\/carreras-de-autos-regresan-al-valle-de-aconcagua-con-primera-fecha-campeonato-2025\\\/\",\"name\":\"Carreras de Autos regresan al Valle de Aconcagua con Primera Fecha Campeonato 2025 - Diario El Trabajo\",\"isPartOf\":{\"@id\":\"https:\\\/\\\/eltrabajo.cl\\\/web\\\/#website\"},\"primaryImageOfPage\":{\"@id\":\"https:\\\/\\\/eltrabajo.cl\\\/web\\\/carreras-de-autos-regresan-al-valle-de-aconcagua-con-primera-fecha-campeonato-2025\\\/#primaryimage\"},\"image\":{\"@id\":\"https:\\\/\\\/eltrabajo.cl\\\/web\\\/carreras-de-autos-regresan-al-valle-de-aconcagua-con-primera-fecha-campeonato-2025\\\/#primaryimage\"},\"thumbnailUrl\":\"https:\\\/\\\/eltrabajo.cl\\\/web\\\/wp-content\\\/uploads\\\/2025\\\/04\\\/Evento-de-autos-1.jpg\",\"datePublished\":\"2025-04-09T00:45:12+00:00\",\"breadcrumb\":{\"@id\":\"https:\\\/\\\/eltrabajo.cl\\\/web\\\/carreras-de-autos-regresan-al-valle-de-aconcagua-con-primera-fecha-campeonato-2025\\\/#breadcrumb\"},\"inLanguage\":\"es-CL\",\"potentialAction\":[{\"@type\":\"ReadAction\",\"target\":[\"https:\\\/\\\/eltrabajo.cl\\\/web\\\/carreras-de-autos-regresan-al-valle-de-aconcagua-con-primera-fecha-campeonato-2025\\\/\"]}]},{\"@type\":\"ImageObject\",\"inLanguage\":\"es-CL\",\"@id\":\"https:\\\/\\\/eltrabajo.cl\\\/web\\\/carreras-de-autos-regresan-al-valle-de-aconcagua-con-primera-fecha-campeonato-2025\\\/#primaryimage\",\"url\":\"https:\\\/\\\/eltrabajo.cl\\\/web\\\/wp-content\\\/uploads\\\/2025\\\/04\\\/Evento-de-autos-1.jpg\",\"contentUrl\":\"https:\\\/\\\/eltrabajo.cl\\\/web\\\/wp-content\\\/uploads\\\/2025\\\/04\\\/Evento-de-autos-1.jpg\",\"width\":699,\"height\":315,\"caption\":\"Este fin de semana se realizar\u00e1 la primera fecha del campeonato 2025 de carreras de autos en Santa Mar\u00eda.\"},{\"@type\":\"BreadcrumbList\",\"@id\":\"https:\\\/\\\/eltrabajo.cl\\\/web\\\/carreras-de-autos-regresan-al-valle-de-aconcagua-con-primera-fecha-campeonato-2025\\\/#breadcrumb\",\"itemListElement\":[{\"@type\":\"ListItem\",\"position\":1,\"name\":\"Portada\",\"item\":\"https:\\\/\\\/eltrabajo.cl\\\/web\\\/\"},{\"@type\":\"ListItem\",\"position\":2,\"name\":\"Carreras de Autos regresan al Valle de Aconcagua con Primera Fecha Campeonato 2025\"}]},{\"@type\":\"WebSite\",\"@id\":\"https:\\\/\\\/eltrabajo.cl\\\/web\\\/#website\",\"url\":\"https:\\\/\\\/eltrabajo.cl\\\/web\\\/\",\"name\":\"Diario El Trabajo\",\"description\":\"Desde 1929 construyendo Identidad Local\",\"publisher\":{\"@id\":\"https:\\\/\\\/eltrabajo.cl\\\/web\\\/#organization\"},\"potentialAction\":[{\"@type\":\"SearchAction\",\"target\":{\"@type\":\"EntryPoint\",\"urlTemplate\":\"https:\\\/\\\/eltrabajo.cl\\\/web\\\/?s={search_term_string}\"},\"query-input\":{\"@type\":\"PropertyValueSpecification\",\"valueRequired\":true,\"valueName\":\"search_term_string\"}}],\"inLanguage\":\"es-CL\"},{\"@type\":\"Organization\",\"@id\":\"https:\\\/\\\/eltrabajo.cl\\\/web\\\/#organization\",\"name\":\"Diario El Trabajo\",\"url\":\"https:\\\/\\\/eltrabajo.cl\\\/web\\\/\",\"logo\":{\"@type\":\"ImageObject\",\"inLanguage\":\"es-CL\",\"@id\":\"https:\\\/\\\/eltrabajo.cl\\\/web\\\/#\\\/schema\\\/logo\\\/image\\\/\",\"url\":\"https:\\\/\\\/eltrabajo.cl\\\/web\\\/wp-content\\\/uploads\\\/2024\\\/06\\\/profile-image-ig-page-diarioeltrabajo.jpg\",\"contentUrl\":\"https:\\\/\\\/eltrabajo.cl\\\/web\\\/wp-content\\\/uploads\\\/2024\\\/06\\\/profile-image-ig-page-diarioeltrabajo.jpg\",\"width\":823,\"height\":823,\"caption\":\"Diario El Trabajo\"},\"image\":{\"@id\":\"https:\\\/\\\/eltrabajo.cl\\\/web\\\/#\\\/schema\\\/logo\\\/image\\\/\"},\"sameAs\":[\"https:\\\/\\\/www.facebook.com\\\/ElTrabajoDiario\",\"https:\\\/\\\/x.com\\\/diarioeltrabajo\"]},{\"@type\":\"Person\",\"@id\":\"https:\\\/\\\/eltrabajo.cl\\\/web\\\/#\\\/schema\\\/person\\\/45efd3d17f86ec456e44dd7debe1bf19\",\"name\":\"Diario El Trabajo\",\"image\":{\"@type\":\"ImageObject\",\"inLanguage\":\"es-CL\",\"@id\":\"https:\\\/\\\/secure.gravatar.com\\\/avatar\\\/7e6ec277dc4aea2677c2dc301d4227957219329c985ab69a3efc12518b5161aa?s=96&d=mm&r=g\",\"url\":\"https:\\\/\\\/secure.gravatar.com\\\/avatar\\\/7e6ec277dc4aea2677c2dc301d4227957219329c985ab69a3efc12518b5161aa?s=96&d=mm&r=g\",\"contentUrl\":\"https:\\\/\\\/secure.gravatar.com\\\/avatar\\\/7e6ec277dc4aea2677c2dc301d4227957219329c985ab69a3efc12518b5161aa?s=96&d=mm&r=g\",\"caption\":\"Diario El Trabajo\"},\"sameAs\":[\"https:\\\/\\\/eltrabajo.cl\\\/web\"],\"url\":\"https:\\\/\\\/eltrabajo.cl\\\/web\\\/author\\\/diario-el-trabajo\\\/\"}]}<\/script>\n<!-- \/ Yoast SEO plugin. -->","yoast_head_json":{"title":"Carreras de Autos regresan al Valle de Aconcagua con Primera Fecha Campeonato 2025 - Diario El Trabajo","robots":{"index":"index","follow":"follow","max-snippet":"max-snippet:-1","max-image-preview":"max-image-preview:large","max-video-preview":"max-video-preview:-1"},"canonical":"https:\/\/eltrabajo.cl\/web\/carreras-de-autos-regresan-al-valle-de-aconcagua-con-primera-fecha-campeonato-2025\/","og_locale":"es_ES","og_type":"article","og_title":"Carreras de Autos regresan al Valle de Aconcagua con Primera Fecha Campeonato 2025 - Diario El Trabajo","og_description":"Este s\u00e1bado 12 y domingo 13 de abril, el valle se convertir\u00e1 en el epicentro de la velocidad con una nueva edici\u00f3n de las competencias automovil\u00edsticas.- La esperada Primera Fecha del Campeonato 2025 de carreras de autos en el Valle de Aconcagua regresa con fuerza este fin de semana. Organizado por el Club Deportivo Parque [&hellip;]","og_url":"https:\/\/eltrabajo.cl\/web\/carreras-de-autos-regresan-al-valle-de-aconcagua-con-primera-fecha-campeonato-2025\/","og_site_name":"Diario El Trabajo","article_publisher":"https:\/\/www.facebook.com\/ElTrabajoDiario","article_published_time":"2025-04-09T00:45:12+00:00","og_image":[{"width":699,"height":315,"url":"https:\/\/eltrabajo.cl\/web\/wp-content\/uploads\/2025\/04\/Evento-de-autos-1.jpg","type":"image\/jpeg"}],"author":"Diario El Trabajo","twitter_card":"summary_large_image","twitter_creator":"@diarioeltrabajo","twitter_site":"@diarioeltrabajo","twitter_misc":{"Escrito por":"Diario El Trabajo","Tiempo estimado de lectura":"3 minutos"},"schema":{"@context":"https:\/\/schema.org","@graph":[{"@type":"Article","@id":"https:\/\/eltrabajo.cl\/web\/carreras-de-autos-regresan-al-valle-de-aconcagua-con-primera-fecha-campeonato-2025\/#article","isPartOf":{"@id":"https:\/\/eltrabajo.cl\/web\/carreras-de-autos-regresan-al-valle-de-aconcagua-con-primera-fecha-campeonato-2025\/"},"author":{"name":"Diario El Trabajo","@id":"https:\/\/eltrabajo.cl\/web\/#\/schema\/person\/45efd3d17f86ec456e44dd7debe1bf19"},"headline":"Carreras de Autos regresan al Valle de Aconcagua con Primera Fecha Campeonato 2025","datePublished":"2025-04-09T00:45:12+00:00","mainEntityOfPage":{"@id":"https:\/\/eltrabajo.cl\/web\/carreras-de-autos-regresan-al-valle-de-aconcagua-con-primera-fecha-campeonato-2025\/"},"wordCount":500,"commentCount":0,"publisher":{"@id":"https:\/\/eltrabajo.cl\/web\/#organization"},"image":{"@id":"https:\/\/eltrabajo.cl\/web\/carreras-de-autos-regresan-al-valle-de-aconcagua-con-primera-fecha-campeonato-2025\/#primaryimage"},"thumbnailUrl":"https:\/\/eltrabajo.cl\/web\/wp-content\/uploads\/2025\/04\/Evento-de-autos-1.jpg","articleSection":["Comunidad"],"inLanguage":"es-CL","potentialAction":[{"@type":"CommentAction","name":"Comment","target":["https:\/\/eltrabajo.cl\/web\/carreras-de-autos-regresan-al-valle-de-aconcagua-con-primera-fecha-campeonato-2025\/#respond"]}]},{"@type":"WebPage","@id":"https:\/\/eltrabajo.cl\/web\/carreras-de-autos-regresan-al-valle-de-aconcagua-con-primera-fecha-campeonato-2025\/","url":"https:\/\/eltrabajo.cl\/web\/carreras-de-autos-regresan-al-valle-de-aconcagua-con-primera-fecha-campeonato-2025\/","name":"Carreras de Autos regresan al Valle de Aconcagua con Primera Fecha Campeonato 2025 - Diario El Trabajo","isPartOf":{"@id":"https:\/\/eltrabajo.cl\/web\/#website"},"primaryImageOfPage":{"@id":"https:\/\/eltrabajo.cl\/web\/carreras-de-autos-regresan-al-valle-de-aconcagua-con-primera-fecha-campeonato-2025\/#primaryimage"},"image":{"@id":"https:\/\/eltrabajo.cl\/web\/carreras-de-autos-regresan-al-valle-de-aconcagua-con-primera-fecha-campeonato-2025\/#primaryimage"},"thumbnailUrl":"https:\/\/eltrabajo.cl\/web\/wp-content\/uploads\/2025\/04\/Evento-de-autos-1.jpg","datePublished":"2025-04-09T00:45:12+00:00","breadcrumb":{"@id":"https:\/\/eltrabajo.cl\/web\/carreras-de-autos-regresan-al-valle-de-aconcagua-con-primera-fecha-campeonato-2025\/#breadcrumb"},"inLanguage":"es-CL","potentialAction":[{"@type":"ReadAction","target":["https:\/\/eltrabajo.cl\/web\/carreras-de-autos-regresan-al-valle-de-aconcagua-con-primera-fecha-campeonato-2025\/"]}]},{"@type":"ImageObject","inLanguage":"es-CL","@id":"https:\/\/eltrabajo.cl\/web\/carreras-de-autos-regresan-al-valle-de-aconcagua-con-primera-fecha-campeonato-2025\/#primaryimage","url":"https:\/\/eltrabajo.cl\/web\/wp-content\/uploads\/2025\/04\/Evento-de-autos-1.jpg","contentUrl":"https:\/\/eltrabajo.cl\/web\/wp-content\/uploads\/2025\/04\/Evento-de-autos-1.jpg","width":699,"height":315,"caption":"Este fin de semana se realizar\u00e1 la primera fecha del campeonato 2025 de carreras de autos en Santa Mar\u00eda."},{"@type":"BreadcrumbList","@id":"https:\/\/eltrabajo.cl\/web\/carreras-de-autos-regresan-al-valle-de-aconcagua-con-primera-fecha-campeonato-2025\/#breadcrumb","itemListElement":[{"@type":"ListItem","position":1,"name":"Portada","item":"https:\/\/eltrabajo.cl\/web\/"},{"@type":"ListItem","position":2,"name":"Carreras de Autos regresan al Valle de Aconcagua con Primera Fecha Campeonato 2025"}]},{"@type":"WebSite","@id":"https:\/\/eltrabajo.cl\/web\/#website","url":"https:\/\/eltrabajo.cl\/web\/","name":"Diario El Trabajo","description":"Desde 1929 construyendo Identidad Local","publisher":{"@id":"https:\/\/eltrabajo.cl\/web\/#organization"},"potentialAction":[{"@type":"SearchAction","target":{"@type":"EntryPoint","urlTemplate":"https:\/\/eltrabajo.cl\/web\/?s={search_term_string}"},"query-input":{"@type":"PropertyValueSpecification","valueRequired":true,"valueName":"search_term_string"}}],"inLanguage":"es-CL"},{"@type":"Organization","@id":"https:\/\/eltrabajo.cl\/web\/#organization","name":"Diario El Trabajo","url":"https:\/\/eltrabajo.cl\/web\/","logo":{"@type":"ImageObject","inLanguage":"es-CL","@id":"https:\/\/eltrabajo.cl\/web\/#\/schema\/logo\/image\/","url":"https:\/\/eltrabajo.cl\/web\/wp-content\/uploads\/2024\/06\/profile-image-ig-page-diarioeltrabajo.jpg","contentUrl":"https:\/\/eltrabajo.cl\/web\/wp-content\/uploads\/2024\/06\/profile-image-ig-page-diarioeltrabajo.jpg","width":823,"height":823,"caption":"Diario El Trabajo"},"image":{"@id":"https:\/\/eltrabajo.cl\/web\/#\/schema\/logo\/image\/"},"sameAs":["https:\/\/www.facebook.com\/ElTrabajoDiario","https:\/\/x.com\/diarioeltrabajo"]},{"@type":"Person","@id":"https:\/\/eltrabajo.cl\/web\/#\/schema\/person\/45efd3d17f86ec456e44dd7debe1bf19","name":"Diario El Trabajo","image":{"@type":"ImageObject","inLanguage":"es-CL","@id":"https:\/\/secure.gravatar.com\/avatar\/7e6ec277dc4aea2677c2dc301d4227957219329c985ab69a3efc12518b5161aa?s=96&d=mm&r=g","url":"https:\/\/secure.gravatar.com\/avatar\/7e6ec277dc4aea2677c2dc301d4227957219329c985ab69a3efc12518b5161aa?s=96&d=mm&r=g","contentUrl":"https:\/\/secure.gravatar.com\/avatar\/7e6ec277dc4aea2677c2dc301d4227957219329c985ab69a3efc12518b5161aa?s=96&d=mm&r=g","caption":"Diario El Trabajo"},"sameAs":["https:\/\/eltrabajo.cl\/web"],"url":"https:\/\/eltrabajo.cl\/web\/author\/diario-el-trabajo\/"}]}},"_links":{"self":[{"href":"https:\/\/eltrabajo.cl\/web\/wp-json\/wp\/v2\/posts\/136240","targetHints":{"allow":["GET"]}}],"collection":[{"href":"https:\/\/eltrabajo.cl\/web\/wp-json\/wp\/v2\/posts"}],"about":[{"href":"https:\/\/eltrabajo.cl\/web\/wp-json\/wp\/v2\/types\/post"}],"author":[{"embeddable":true,"href":"https:\/\/eltrabajo.cl\/web\/wp-json\/wp\/v2\/users\/1"}],"replies":[{"embeddable":true,"href":"https:\/\/eltrabajo.cl\/web\/wp-json\/wp\/v2\/comments?post=136240"}],"version-history":[{"count":1,"href":"https:\/\/eltrabajo.cl\/web\/wp-json\/wp\/v2\/posts\/136240\/revisions"}],"predecessor-version":[{"id":136243,"href":"https:\/\/eltrabajo.cl\/web\/wp-json\/wp\/v2\/posts\/136240\/revisions\/136243"}],"wp:featuredmedia":[{"embeddable":true,"href":"https:\/\/eltrabajo.cl\/web\/wp-json\/wp\/v2\/media\/136242"}],"wp:attachment":[{"href":"https:\/\/eltrabajo.cl\/web\/wp-json\/wp\/v2\/media?parent=136240"}],"wp:term":[{"taxonomy":"category","embeddable":true,"href":"https:\/\/eltrabajo.cl\/web\/wp-json\/wp\/v2\/categories?post=136240"},{"taxonomy":"post_tag","embeddable":true,"href":"https:\/\/eltrabajo.cl\/web\/wp-json\/wp\/v2\/tags?post=136240"}],"curies":[{"name":"wp","href":"https:\/\/api.w.org\/{rel}","templated":true}]}}