{"id":136244,"date":"2025-04-08T21:51:18","date_gmt":"2025-04-09T00:51:18","guid":{"rendered":"https:\/\/eltrabajo.cl\/web\/?p=136244"},"modified":"2025-04-08T21:48:09","modified_gmt":"2025-04-09T00:48:09","slug":"una-vez-mas-vecinos-de-el-algarrobal-deben-soportar-avalancha-de-vehiculos-por-desvio-del-transito-tras-accidente-vehicular","status":"publish","type":"post","link":"https:\/\/eltrabajo.cl\/web\/una-vez-mas-vecinos-de-el-algarrobal-deben-soportar-avalancha-de-vehiculos-por-desvio-del-transito-tras-accidente-vehicular\/","title":{"rendered":"Una vez m\u00e1s vecinos de El Algarrobal deben soportar avalancha de veh\u00edculos por desv\u00edo del tr\u00e1nsito tras accidente vehicular"},"content":{"rendered":"<p><span style=\"color: #ff0000;\">Ruta San Felipe-Putaendo:<\/span><\/p>\n<p>La ma\u00f1ana de este martes se produjo un accidente de tr\u00e1nsito en la Ruta que une San Felipe con Putaendo en las cercan\u00edas del Colegio Sunnyland. Por este hecho, se debi\u00f3 suspender el tr\u00e1nsito desviando todo por el sector de El Algarrobal una vez m\u00e1s, situaci\u00f3n por la que los propios vecinos vienen quej\u00e1ndose desde hace tiempo y esto, simplemente porque el camino no cumple con las condiciones para un alto tr\u00e1nsito vehicular, debido a que es muy angosto.<\/p>\n<p>De esta problem\u00e1tica convers\u00f3 <strong>Diario El Trabajo<\/strong> con la presidenta de la Junta de Vecinos de Algarrobal, <strong>Carla Galaz Figueroa<\/strong>, quien se\u00f1al\u00f3 que el a\u00f1o pasado ya sostuvieron una reuni\u00f3n con la alcaldesa. <em>\u00abEsa vez que hubo un accidente con la micro, no s\u00e9 si eso est\u00e1 reporteado en Diario El Trabajo, y ah\u00ed se habl\u00f3 la situaci\u00f3n porque las calles se estaban achicando antes que ensanchando, porque la gente a orilla del cerro, estaban haciendo casitas y botaban la tierra hacia la calle, entonces, las calles se estaban achicando. Pero como le digo, siempre se le ha hablado a la alcaldesa y siempre nos han dicho que van a ver esas situaciones\u00bb<\/em>, se\u00f1al\u00f3.<\/p>\n<p>La dirigente, reiter\u00f3 que el a\u00f1o pasado se habl\u00f3 el problema y <em>\u00abellos dijeron que iban a ver la situaci\u00f3n de ensanchar, pasar una m\u00e1quina. Supuestamente pas\u00f3, pero no hizo nada, solamente por lo que vimos fue como que sac\u00f3 unas piedras que estaban a la orilla y nada m\u00e1s, no hizo lo que ten\u00eda que hacer\u00bb<\/em>, a\u00f1adi\u00f3.<\/p>\n<p>&#8211; <strong>Hoy d\u00eda (ayer) hubo un accidente en la ma\u00f1ana, quedando al descubierto nuevamente esa problem\u00e1tica<\/strong><\/p>\n<p>&#8211; Exacto, casi siempre cuando pasa un accidente en ese sector, entre 21 de Mayo y el (Colegio) Sunnyland, la gente pasa por ac\u00e1, siempre\u2026 siempre cuando hay un accidente. Los vecinos han reclamado, porque se sabe que El Algarrobal es un pueblo que est\u00e1 bien poblado de gente, igual les complica que pasen todos los autos que tienen que pasar por Putaendo o de San Felipe a Putaendo y viceversa.<\/p>\n<p>&#8211; \u00bf<strong>Cu\u00e1l ser\u00eda su accionar como presidenta de la junta de vecinos? \u00bfReiterar el llamado para que pasen una m\u00e1quina para ensanchar el camino, algo as\u00ed?<\/strong><\/p>\n<p>&#8211; S\u00ed, la gente no est\u00e1 pidiendo que le vengan a hacer un gran lujo de un camino, porque no se puede realmente por la situaci\u00f3n de que parece que el alcantarillado se hizo por el medio, sino me equivoco. La gente est\u00e1 pidiendo que ensanchen la calle, que retome lo que le corresponde, recuperarla, porque la calle puede recuperar su espacio \u00bfme entiende?, pero la alcaldesa no s\u00e9, parece tienen que hablarlo con Vialidad y ello parece que nos mandaron esa m\u00e1quina grande, pero no hizo nada, realmente no hizo nada. A nosotros se nos olvid\u00f3 sacar fotos y mand\u00e1rselas a ella, decirle \u2018esto hizo la m\u00e1quina, no hizo nada, solamente pas\u00f3 un raspaje por una orilla nom\u00e1s, no recuper\u00f3 lo que ten\u00eda que recuperar, recuperar la calle\u2019. Tenemos mapas de todo eso de la calle, cu\u00e1nto tiene que ser, se lo mandamos a ella todo eso y no hubo soluci\u00f3n, fue como una risa para nosotros, se rieron de ensanchar la calle.<\/p>\n<p>Le preguntamos a la presidenta de la Junta de Vecinos de El Algarrobal si quer\u00eda agregar algo m\u00e1s a esta nota. De inmediato, mencion\u00f3 el problema de lomos de toros, porque <em>\u00abaqu\u00ed la gente pasa, sobretodo la que viene de Putaendo en las ma\u00f1anas para evitar los tacos del 21 de Mayo, se van por ac\u00e1, pasan rajados y hay dos lomos de toro en el colegio y no son ni siquiera lomos de toro; nada, es como una risa ese que hicieron ah\u00ed en el colegio, los dos hemos tenido problemas con ellos\u2026es para la risa\u00bb<\/em>, concluy\u00f3.<\/p>\n<figure id=\"attachment_136247\" aria-describedby=\"caption-attachment-136247\" style=\"width: 699px\" class=\"wp-caption alignnone\"><img loading=\"lazy\" decoding=\"async\" class=\"size-full wp-image-136247\" src=\"http:\/\/eltrabajo.cl\/web\/wp-content\/uploads\/2025\/04\/Lomos.jpg\" alt=\"Este lomo de toro dice la presidenta que es para la risa. \u00bfLo ve usted? tendr\u00edan que hacer zoom.\" width=\"699\" height=\"363\" srcset=\"https:\/\/eltrabajo.cl\/web\/wp-content\/uploads\/2025\/04\/Lomos.jpg 699w, https:\/\/eltrabajo.cl\/web\/wp-content\/uploads\/2025\/04\/Lomos-300x156.jpg 300w, https:\/\/eltrabajo.cl\/web\/wp-content\/uploads\/2025\/04\/Lomos-150x78.jpg 150w, https:\/\/eltrabajo.cl\/web\/wp-content\/uploads\/2025\/04\/Lomos-696x361.jpg 696w\" sizes=\"auto, (max-width: 699px) 100vw, 699px\" \/><figcaption id=\"caption-attachment-136247\" class=\"wp-caption-text\">Este lomo de toro dice la presidenta que es para la risa. \u00bfLo ve usted? tendr\u00edan que hacer zoom.<\/figcaption><\/figure>\n<figure id=\"attachment_136246\" aria-describedby=\"caption-attachment-136246\" style=\"width: 699px\" class=\"wp-caption alignnone\"><img loading=\"lazy\" decoding=\"async\" class=\"size-full wp-image-136246\" src=\"http:\/\/eltrabajo.cl\/web\/wp-content\/uploads\/2025\/04\/Lomos-2.jpg\" alt=\"Otro reductor de velocidad que no cumple su funci\u00f3n al ser demasiado peque\u00f1o.\" width=\"699\" height=\"364\" srcset=\"https:\/\/eltrabajo.cl\/web\/wp-content\/uploads\/2025\/04\/Lomos-2.jpg 699w, https:\/\/eltrabajo.cl\/web\/wp-content\/uploads\/2025\/04\/Lomos-2-300x156.jpg 300w, https:\/\/eltrabajo.cl\/web\/wp-content\/uploads\/2025\/04\/Lomos-2-150x78.jpg 150w, https:\/\/eltrabajo.cl\/web\/wp-content\/uploads\/2025\/04\/Lomos-2-696x362.jpg 696w\" sizes=\"auto, (max-width: 699px) 100vw, 699px\" \/><figcaption id=\"caption-attachment-136246\" class=\"wp-caption-text\">Otro reductor de velocidad que no cumple su funci\u00f3n al ser demasiado peque\u00f1o.<\/figcaption><\/figure>\n<figure id=\"attachment_136245\" aria-describedby=\"caption-attachment-136245\" style=\"width: 699px\" class=\"wp-caption alignnone\"><img loading=\"lazy\" decoding=\"async\" class=\"size-full wp-image-136245\" src=\"http:\/\/eltrabajo.cl\/web\/wp-content\/uploads\/2025\/04\/Taco.jpg\" alt=\"A esto se refiere Carla Galaz Figueroa, aumenta el flujo vehicular cuando ocurre un accidente de tr\u00e1nsito. \" width=\"699\" height=\"577\" srcset=\"https:\/\/eltrabajo.cl\/web\/wp-content\/uploads\/2025\/04\/Taco.jpg 699w, https:\/\/eltrabajo.cl\/web\/wp-content\/uploads\/2025\/04\/Taco-300x248.jpg 300w, https:\/\/eltrabajo.cl\/web\/wp-content\/uploads\/2025\/04\/Taco-509x420.jpg 509w, https:\/\/eltrabajo.cl\/web\/wp-content\/uploads\/2025\/04\/Taco-150x124.jpg 150w, https:\/\/eltrabajo.cl\/web\/wp-content\/uploads\/2025\/04\/Taco-696x575.jpg 696w\" sizes=\"auto, (max-width: 699px) 100vw, 699px\" \/><figcaption id=\"caption-attachment-136245\" class=\"wp-caption-text\">A esto se refiere Carla Galaz Figueroa, aumenta el flujo vehicular cuando ocurre un accidente de tr\u00e1nsito.<\/figcaption><\/figure>\n<figure id=\"attachment_136248\" aria-describedby=\"caption-attachment-136248\" style=\"width: 699px\" class=\"wp-caption alignnone\"><img loading=\"lazy\" decoding=\"async\" class=\"size-full wp-image-136248\" src=\"http:\/\/eltrabajo.cl\/web\/wp-content\/uploads\/2025\/04\/Taco-2.jpg\" alt=\"Otra imagen de los tacos que se producen producto de los desv\u00edos luego de un accidente.\" width=\"699\" height=\"619\" srcset=\"https:\/\/eltrabajo.cl\/web\/wp-content\/uploads\/2025\/04\/Taco-2.jpg 699w, https:\/\/eltrabajo.cl\/web\/wp-content\/uploads\/2025\/04\/Taco-2-300x266.jpg 300w, https:\/\/eltrabajo.cl\/web\/wp-content\/uploads\/2025\/04\/Taco-2-474x420.jpg 474w, https:\/\/eltrabajo.cl\/web\/wp-content\/uploads\/2025\/04\/Taco-2-150x133.jpg 150w, https:\/\/eltrabajo.cl\/web\/wp-content\/uploads\/2025\/04\/Taco-2-696x616.jpg 696w\" sizes=\"auto, (max-width: 699px) 100vw, 699px\" \/><figcaption id=\"caption-attachment-136248\" class=\"wp-caption-text\">Otra imagen de los tacos que se producen producto de los desv\u00edos luego de un accidente.<\/figcaption><\/figure>\n","protected":false},"excerpt":{"rendered":"<p>Ruta San Felipe-Putaendo: La ma\u00f1ana de este martes se produjo un accidente de tr\u00e1nsito en la Ruta que une San Felipe con Putaendo en las cercan\u00edas del Colegio Sunnyland. Por este hecho, se debi\u00f3 suspender el tr\u00e1nsito desviando todo por el sector de El Algarrobal una vez m\u00e1s, situaci\u00f3n por la que los propios vecinos [&hellip;]<\/p>\n","protected":false},"author":1,"featured_media":136245,"comment_status":"open","ping_status":"closed","sticky":false,"template":"","format":"standard","meta":{"footnotes":""},"categories":[4],"tags":[],"class_list":{"0":"post-136244","1":"post","2":"type-post","3":"status-publish","4":"format-standard","5":"has-post-thumbnail","7":"category-comunidad"},"yoast_head":"<!-- This site is optimized with the Yoast SEO plugin v27.4 - https:\/\/yoast.com\/product\/yoast-seo-wordpress\/ -->\n<title>Una vez m\u00e1s vecinos de El Algarrobal deben soportar avalancha de veh\u00edculos por desv\u00edo del tr\u00e1nsito tras accidente vehicular - Diario El Trabajo<\/title>\n<meta name=\"robots\" content=\"index, follow, max-snippet:-1, max-image-preview:large, max-video-preview:-1\" \/>\n<link rel=\"canonical\" href=\"https:\/\/eltrabajo.cl\/web\/una-vez-mas-vecinos-de-el-algarrobal-deben-soportar-avalancha-de-vehiculos-por-desvio-del-transito-tras-accidente-vehicular\/\" \/>\n<meta property=\"og:locale\" content=\"es_ES\" \/>\n<meta property=\"og:type\" content=\"article\" \/>\n<meta property=\"og:title\" content=\"Una vez m\u00e1s vecinos de El Algarrobal deben soportar avalancha de veh\u00edculos por desv\u00edo del tr\u00e1nsito tras accidente vehicular - Diario El Trabajo\" \/>\n<meta property=\"og:description\" content=\"Ruta San Felipe-Putaendo: La ma\u00f1ana de este martes se produjo un accidente de tr\u00e1nsito en la Ruta que une San Felipe con Putaendo en las cercan\u00edas del Colegio Sunnyland. Por este hecho, se debi\u00f3 suspender el tr\u00e1nsito desviando todo por el sector de El Algarrobal una vez m\u00e1s, situaci\u00f3n por la que los propios vecinos [&hellip;]\" \/>\n<meta property=\"og:url\" content=\"https:\/\/eltrabajo.cl\/web\/una-vez-mas-vecinos-de-el-algarrobal-deben-soportar-avalancha-de-vehiculos-por-desvio-del-transito-tras-accidente-vehicular\/\" \/>\n<meta property=\"og:site_name\" content=\"Diario El Trabajo\" \/>\n<meta property=\"article:publisher\" content=\"https:\/\/www.facebook.com\/ElTrabajoDiario\" \/>\n<meta property=\"article:published_time\" content=\"2025-04-09T00:51:18+00:00\" \/>\n<meta property=\"og:image\" content=\"https:\/\/eltrabajo.cl\/web\/wp-content\/uploads\/2025\/04\/Taco.jpg\" \/>\n\t<meta property=\"og:image:width\" content=\"699\" \/>\n\t<meta property=\"og:image:height\" content=\"577\" \/>\n\t<meta property=\"og:image:type\" content=\"image\/jpeg\" \/>\n<meta name=\"author\" content=\"Diario El Trabajo\" \/>\n<meta name=\"twitter:card\" content=\"summary_large_image\" \/>\n<meta name=\"twitter:creator\" content=\"@diarioeltrabajo\" \/>\n<meta name=\"twitter:site\" content=\"@diarioeltrabajo\" \/>\n<meta name=\"twitter:label1\" content=\"Escrito por\" \/>\n\t<meta name=\"twitter:data1\" content=\"Diario El Trabajo\" \/>\n\t<meta name=\"twitter:label2\" content=\"Tiempo estimado de lectura\" \/>\n\t<meta name=\"twitter:data2\" content=\"5 minutos\" \/>\n<script type=\"application\/ld+json\" class=\"yoast-schema-graph\">{\"@context\":\"https:\\\/\\\/schema.org\",\"@graph\":[{\"@type\":\"Article\",\"@id\":\"https:\\\/\\\/eltrabajo.cl\\\/web\\\/una-vez-mas-vecinos-de-el-algarrobal-deben-soportar-avalancha-de-vehiculos-por-desvio-del-transito-tras-accidente-vehicular\\\/#article\",\"isPartOf\":{\"@id\":\"https:\\\/\\\/eltrabajo.cl\\\/web\\\/una-vez-mas-vecinos-de-el-algarrobal-deben-soportar-avalancha-de-vehiculos-por-desvio-del-transito-tras-accidente-vehicular\\\/\"},\"author\":{\"name\":\"Diario El Trabajo\",\"@id\":\"https:\\\/\\\/eltrabajo.cl\\\/web\\\/#\\\/schema\\\/person\\\/45efd3d17f86ec456e44dd7debe1bf19\"},\"headline\":\"Una vez m\u00e1s vecinos de El Algarrobal deben soportar avalancha de veh\u00edculos por desv\u00edo del tr\u00e1nsito tras accidente vehicular\",\"datePublished\":\"2025-04-09T00:51:18+00:00\",\"mainEntityOfPage\":{\"@id\":\"https:\\\/\\\/eltrabajo.cl\\\/web\\\/una-vez-mas-vecinos-de-el-algarrobal-deben-soportar-avalancha-de-vehiculos-por-desvio-del-transito-tras-accidente-vehicular\\\/\"},\"wordCount\":786,\"commentCount\":0,\"publisher\":{\"@id\":\"https:\\\/\\\/eltrabajo.cl\\\/web\\\/#organization\"},\"image\":{\"@id\":\"https:\\\/\\\/eltrabajo.cl\\\/web\\\/una-vez-mas-vecinos-de-el-algarrobal-deben-soportar-avalancha-de-vehiculos-por-desvio-del-transito-tras-accidente-vehicular\\\/#primaryimage\"},\"thumbnailUrl\":\"https:\\\/\\\/eltrabajo.cl\\\/web\\\/wp-content\\\/uploads\\\/2025\\\/04\\\/Taco.jpg\",\"articleSection\":[\"Comunidad\"],\"inLanguage\":\"es-CL\",\"potentialAction\":[{\"@type\":\"CommentAction\",\"name\":\"Comment\",\"target\":[\"https:\\\/\\\/eltrabajo.cl\\\/web\\\/una-vez-mas-vecinos-de-el-algarrobal-deben-soportar-avalancha-de-vehiculos-por-desvio-del-transito-tras-accidente-vehicular\\\/#respond\"]}]},{\"@type\":\"WebPage\",\"@id\":\"https:\\\/\\\/eltrabajo.cl\\\/web\\\/una-vez-mas-vecinos-de-el-algarrobal-deben-soportar-avalancha-de-vehiculos-por-desvio-del-transito-tras-accidente-vehicular\\\/\",\"url\":\"https:\\\/\\\/eltrabajo.cl\\\/web\\\/una-vez-mas-vecinos-de-el-algarrobal-deben-soportar-avalancha-de-vehiculos-por-desvio-del-transito-tras-accidente-vehicular\\\/\",\"name\":\"Una vez m\u00e1s vecinos de El Algarrobal deben soportar avalancha de veh\u00edculos por desv\u00edo del tr\u00e1nsito tras accidente vehicular - Diario El Trabajo\",\"isPartOf\":{\"@id\":\"https:\\\/\\\/eltrabajo.cl\\\/web\\\/#website\"},\"primaryImageOfPage\":{\"@id\":\"https:\\\/\\\/eltrabajo.cl\\\/web\\\/una-vez-mas-vecinos-de-el-algarrobal-deben-soportar-avalancha-de-vehiculos-por-desvio-del-transito-tras-accidente-vehicular\\\/#primaryimage\"},\"image\":{\"@id\":\"https:\\\/\\\/eltrabajo.cl\\\/web\\\/una-vez-mas-vecinos-de-el-algarrobal-deben-soportar-avalancha-de-vehiculos-por-desvio-del-transito-tras-accidente-vehicular\\\/#primaryimage\"},\"thumbnailUrl\":\"https:\\\/\\\/eltrabajo.cl\\\/web\\\/wp-content\\\/uploads\\\/2025\\\/04\\\/Taco.jpg\",\"datePublished\":\"2025-04-09T00:51:18+00:00\",\"breadcrumb\":{\"@id\":\"https:\\\/\\\/eltrabajo.cl\\\/web\\\/una-vez-mas-vecinos-de-el-algarrobal-deben-soportar-avalancha-de-vehiculos-por-desvio-del-transito-tras-accidente-vehicular\\\/#breadcrumb\"},\"inLanguage\":\"es-CL\",\"potentialAction\":[{\"@type\":\"ReadAction\",\"target\":[\"https:\\\/\\\/eltrabajo.cl\\\/web\\\/una-vez-mas-vecinos-de-el-algarrobal-deben-soportar-avalancha-de-vehiculos-por-desvio-del-transito-tras-accidente-vehicular\\\/\"]}]},{\"@type\":\"ImageObject\",\"inLanguage\":\"es-CL\",\"@id\":\"https:\\\/\\\/eltrabajo.cl\\\/web\\\/una-vez-mas-vecinos-de-el-algarrobal-deben-soportar-avalancha-de-vehiculos-por-desvio-del-transito-tras-accidente-vehicular\\\/#primaryimage\",\"url\":\"https:\\\/\\\/eltrabajo.cl\\\/web\\\/wp-content\\\/uploads\\\/2025\\\/04\\\/Taco.jpg\",\"contentUrl\":\"https:\\\/\\\/eltrabajo.cl\\\/web\\\/wp-content\\\/uploads\\\/2025\\\/04\\\/Taco.jpg\",\"width\":699,\"height\":577,\"caption\":\"A esto se refiere Carla Galaz Figueroa, aumenta el flujo vehicular cuando ocurre un accidente de tr\u00e1nsito.\"},{\"@type\":\"BreadcrumbList\",\"@id\":\"https:\\\/\\\/eltrabajo.cl\\\/web\\\/una-vez-mas-vecinos-de-el-algarrobal-deben-soportar-avalancha-de-vehiculos-por-desvio-del-transito-tras-accidente-vehicular\\\/#breadcrumb\",\"itemListElement\":[{\"@type\":\"ListItem\",\"position\":1,\"name\":\"Portada\",\"item\":\"https:\\\/\\\/eltrabajo.cl\\\/web\\\/\"},{\"@type\":\"ListItem\",\"position\":2,\"name\":\"Una vez m\u00e1s vecinos de El Algarrobal deben soportar avalancha de veh\u00edculos por desv\u00edo del tr\u00e1nsito tras accidente vehicular\"}]},{\"@type\":\"WebSite\",\"@id\":\"https:\\\/\\\/eltrabajo.cl\\\/web\\\/#website\",\"url\":\"https:\\\/\\\/eltrabajo.cl\\\/web\\\/\",\"name\":\"Diario El Trabajo\",\"description\":\"Desde 1929 construyendo Identidad Local\",\"publisher\":{\"@id\":\"https:\\\/\\\/eltrabajo.cl\\\/web\\\/#organization\"},\"potentialAction\":[{\"@type\":\"SearchAction\",\"target\":{\"@type\":\"EntryPoint\",\"urlTemplate\":\"https:\\\/\\\/eltrabajo.cl\\\/web\\\/?s={search_term_string}\"},\"query-input\":{\"@type\":\"PropertyValueSpecification\",\"valueRequired\":true,\"valueName\":\"search_term_string\"}}],\"inLanguage\":\"es-CL\"},{\"@type\":\"Organization\",\"@id\":\"https:\\\/\\\/eltrabajo.cl\\\/web\\\/#organization\",\"name\":\"Diario El Trabajo\",\"url\":\"https:\\\/\\\/eltrabajo.cl\\\/web\\\/\",\"logo\":{\"@type\":\"ImageObject\",\"inLanguage\":\"es-CL\",\"@id\":\"https:\\\/\\\/eltrabajo.cl\\\/web\\\/#\\\/schema\\\/logo\\\/image\\\/\",\"url\":\"https:\\\/\\\/eltrabajo.cl\\\/web\\\/wp-content\\\/uploads\\\/2024\\\/06\\\/profile-image-ig-page-diarioeltrabajo.jpg\",\"contentUrl\":\"https:\\\/\\\/eltrabajo.cl\\\/web\\\/wp-content\\\/uploads\\\/2024\\\/06\\\/profile-image-ig-page-diarioeltrabajo.jpg\",\"width\":823,\"height\":823,\"caption\":\"Diario El Trabajo\"},\"image\":{\"@id\":\"https:\\\/\\\/eltrabajo.cl\\\/web\\\/#\\\/schema\\\/logo\\\/image\\\/\"},\"sameAs\":[\"https:\\\/\\\/www.facebook.com\\\/ElTrabajoDiario\",\"https:\\\/\\\/x.com\\\/diarioeltrabajo\"]},{\"@type\":\"Person\",\"@id\":\"https:\\\/\\\/eltrabajo.cl\\\/web\\\/#\\\/schema\\\/person\\\/45efd3d17f86ec456e44dd7debe1bf19\",\"name\":\"Diario El Trabajo\",\"image\":{\"@type\":\"ImageObject\",\"inLanguage\":\"es-CL\",\"@id\":\"https:\\\/\\\/secure.gravatar.com\\\/avatar\\\/7e6ec277dc4aea2677c2dc301d4227957219329c985ab69a3efc12518b5161aa?s=96&d=mm&r=g\",\"url\":\"https:\\\/\\\/secure.gravatar.com\\\/avatar\\\/7e6ec277dc4aea2677c2dc301d4227957219329c985ab69a3efc12518b5161aa?s=96&d=mm&r=g\",\"contentUrl\":\"https:\\\/\\\/secure.gravatar.com\\\/avatar\\\/7e6ec277dc4aea2677c2dc301d4227957219329c985ab69a3efc12518b5161aa?s=96&d=mm&r=g\",\"caption\":\"Diario El Trabajo\"},\"sameAs\":[\"https:\\\/\\\/eltrabajo.cl\\\/web\"],\"url\":\"https:\\\/\\\/eltrabajo.cl\\\/web\\\/author\\\/diario-el-trabajo\\\/\"}]}<\/script>\n<!-- \/ Yoast SEO plugin. -->","yoast_head_json":{"title":"Una vez m\u00e1s vecinos de El Algarrobal deben soportar avalancha de veh\u00edculos por desv\u00edo del tr\u00e1nsito tras accidente vehicular - Diario El Trabajo","robots":{"index":"index","follow":"follow","max-snippet":"max-snippet:-1","max-image-preview":"max-image-preview:large","max-video-preview":"max-video-preview:-1"},"canonical":"https:\/\/eltrabajo.cl\/web\/una-vez-mas-vecinos-de-el-algarrobal-deben-soportar-avalancha-de-vehiculos-por-desvio-del-transito-tras-accidente-vehicular\/","og_locale":"es_ES","og_type":"article","og_title":"Una vez m\u00e1s vecinos de El Algarrobal deben soportar avalancha de veh\u00edculos por desv\u00edo del tr\u00e1nsito tras accidente vehicular - Diario El Trabajo","og_description":"Ruta San Felipe-Putaendo: La ma\u00f1ana de este martes se produjo un accidente de tr\u00e1nsito en la Ruta que une San Felipe con Putaendo en las cercan\u00edas del Colegio Sunnyland. Por este hecho, se debi\u00f3 suspender el tr\u00e1nsito desviando todo por el sector de El Algarrobal una vez m\u00e1s, situaci\u00f3n por la que los propios vecinos [&hellip;]","og_url":"https:\/\/eltrabajo.cl\/web\/una-vez-mas-vecinos-de-el-algarrobal-deben-soportar-avalancha-de-vehiculos-por-desvio-del-transito-tras-accidente-vehicular\/","og_site_name":"Diario El Trabajo","article_publisher":"https:\/\/www.facebook.com\/ElTrabajoDiario","article_published_time":"2025-04-09T00:51:18+00:00","og_image":[{"width":699,"height":577,"url":"https:\/\/eltrabajo.cl\/web\/wp-content\/uploads\/2025\/04\/Taco.jpg","type":"image\/jpeg"}],"author":"Diario El Trabajo","twitter_card":"summary_large_image","twitter_creator":"@diarioeltrabajo","twitter_site":"@diarioeltrabajo","twitter_misc":{"Escrito por":"Diario El Trabajo","Tiempo estimado de lectura":"5 minutos"},"schema":{"@context":"https:\/\/schema.org","@graph":[{"@type":"Article","@id":"https:\/\/eltrabajo.cl\/web\/una-vez-mas-vecinos-de-el-algarrobal-deben-soportar-avalancha-de-vehiculos-por-desvio-del-transito-tras-accidente-vehicular\/#article","isPartOf":{"@id":"https:\/\/eltrabajo.cl\/web\/una-vez-mas-vecinos-de-el-algarrobal-deben-soportar-avalancha-de-vehiculos-por-desvio-del-transito-tras-accidente-vehicular\/"},"author":{"name":"Diario El Trabajo","@id":"https:\/\/eltrabajo.cl\/web\/#\/schema\/person\/45efd3d17f86ec456e44dd7debe1bf19"},"headline":"Una vez m\u00e1s vecinos de El Algarrobal deben soportar avalancha de veh\u00edculos por desv\u00edo del tr\u00e1nsito tras accidente vehicular","datePublished":"2025-04-09T00:51:18+00:00","mainEntityOfPage":{"@id":"https:\/\/eltrabajo.cl\/web\/una-vez-mas-vecinos-de-el-algarrobal-deben-soportar-avalancha-de-vehiculos-por-desvio-del-transito-tras-accidente-vehicular\/"},"wordCount":786,"commentCount":0,"publisher":{"@id":"https:\/\/eltrabajo.cl\/web\/#organization"},"image":{"@id":"https:\/\/eltrabajo.cl\/web\/una-vez-mas-vecinos-de-el-algarrobal-deben-soportar-avalancha-de-vehiculos-por-desvio-del-transito-tras-accidente-vehicular\/#primaryimage"},"thumbnailUrl":"https:\/\/eltrabajo.cl\/web\/wp-content\/uploads\/2025\/04\/Taco.jpg","articleSection":["Comunidad"],"inLanguage":"es-CL","potentialAction":[{"@type":"CommentAction","name":"Comment","target":["https:\/\/eltrabajo.cl\/web\/una-vez-mas-vecinos-de-el-algarrobal-deben-soportar-avalancha-de-vehiculos-por-desvio-del-transito-tras-accidente-vehicular\/#respond"]}]},{"@type":"WebPage","@id":"https:\/\/eltrabajo.cl\/web\/una-vez-mas-vecinos-de-el-algarrobal-deben-soportar-avalancha-de-vehiculos-por-desvio-del-transito-tras-accidente-vehicular\/","url":"https:\/\/eltrabajo.cl\/web\/una-vez-mas-vecinos-de-el-algarrobal-deben-soportar-avalancha-de-vehiculos-por-desvio-del-transito-tras-accidente-vehicular\/","name":"Una vez m\u00e1s vecinos de El Algarrobal deben soportar avalancha de veh\u00edculos por desv\u00edo del tr\u00e1nsito tras accidente vehicular - Diario El Trabajo","isPartOf":{"@id":"https:\/\/eltrabajo.cl\/web\/#website"},"primaryImageOfPage":{"@id":"https:\/\/eltrabajo.cl\/web\/una-vez-mas-vecinos-de-el-algarrobal-deben-soportar-avalancha-de-vehiculos-por-desvio-del-transito-tras-accidente-vehicular\/#primaryimage"},"image":{"@id":"https:\/\/eltrabajo.cl\/web\/una-vez-mas-vecinos-de-el-algarrobal-deben-soportar-avalancha-de-vehiculos-por-desvio-del-transito-tras-accidente-vehicular\/#primaryimage"},"thumbnailUrl":"https:\/\/eltrabajo.cl\/web\/wp-content\/uploads\/2025\/04\/Taco.jpg","datePublished":"2025-04-09T00:51:18+00:00","breadcrumb":{"@id":"https:\/\/eltrabajo.cl\/web\/una-vez-mas-vecinos-de-el-algarrobal-deben-soportar-avalancha-de-vehiculos-por-desvio-del-transito-tras-accidente-vehicular\/#breadcrumb"},"inLanguage":"es-CL","potentialAction":[{"@type":"ReadAction","target":["https:\/\/eltrabajo.cl\/web\/una-vez-mas-vecinos-de-el-algarrobal-deben-soportar-avalancha-de-vehiculos-por-desvio-del-transito-tras-accidente-vehicular\/"]}]},{"@type":"ImageObject","inLanguage":"es-CL","@id":"https:\/\/eltrabajo.cl\/web\/una-vez-mas-vecinos-de-el-algarrobal-deben-soportar-avalancha-de-vehiculos-por-desvio-del-transito-tras-accidente-vehicular\/#primaryimage","url":"https:\/\/eltrabajo.cl\/web\/wp-content\/uploads\/2025\/04\/Taco.jpg","contentUrl":"https:\/\/eltrabajo.cl\/web\/wp-content\/uploads\/2025\/04\/Taco.jpg","width":699,"height":577,"caption":"A esto se refiere Carla Galaz Figueroa, aumenta el flujo vehicular cuando ocurre un accidente de tr\u00e1nsito."},{"@type":"BreadcrumbList","@id":"https:\/\/eltrabajo.cl\/web\/una-vez-mas-vecinos-de-el-algarrobal-deben-soportar-avalancha-de-vehiculos-por-desvio-del-transito-tras-accidente-vehicular\/#breadcrumb","itemListElement":[{"@type":"ListItem","position":1,"name":"Portada","item":"https:\/\/eltrabajo.cl\/web\/"},{"@type":"ListItem","position":2,"name":"Una vez m\u00e1s vecinos de El Algarrobal deben soportar avalancha de veh\u00edculos por desv\u00edo del tr\u00e1nsito tras accidente vehicular"}]},{"@type":"WebSite","@id":"https:\/\/eltrabajo.cl\/web\/#website","url":"https:\/\/eltrabajo.cl\/web\/","name":"Diario El Trabajo","description":"Desde 1929 construyendo Identidad Local","publisher":{"@id":"https:\/\/eltrabajo.cl\/web\/#organization"},"potentialAction":[{"@type":"SearchAction","target":{"@type":"EntryPoint","urlTemplate":"https:\/\/eltrabajo.cl\/web\/?s={search_term_string}"},"query-input":{"@type":"PropertyValueSpecification","valueRequired":true,"valueName":"search_term_string"}}],"inLanguage":"es-CL"},{"@type":"Organization","@id":"https:\/\/eltrabajo.cl\/web\/#organization","name":"Diario El Trabajo","url":"https:\/\/eltrabajo.cl\/web\/","logo":{"@type":"ImageObject","inLanguage":"es-CL","@id":"https:\/\/eltrabajo.cl\/web\/#\/schema\/logo\/image\/","url":"https:\/\/eltrabajo.cl\/web\/wp-content\/uploads\/2024\/06\/profile-image-ig-page-diarioeltrabajo.jpg","contentUrl":"https:\/\/eltrabajo.cl\/web\/wp-content\/uploads\/2024\/06\/profile-image-ig-page-diarioeltrabajo.jpg","width":823,"height":823,"caption":"Diario El Trabajo"},"image":{"@id":"https:\/\/eltrabajo.cl\/web\/#\/schema\/logo\/image\/"},"sameAs":["https:\/\/www.facebook.com\/ElTrabajoDiario","https:\/\/x.com\/diarioeltrabajo"]},{"@type":"Person","@id":"https:\/\/eltrabajo.cl\/web\/#\/schema\/person\/45efd3d17f86ec456e44dd7debe1bf19","name":"Diario El Trabajo","image":{"@type":"ImageObject","inLanguage":"es-CL","@id":"https:\/\/secure.gravatar.com\/avatar\/7e6ec277dc4aea2677c2dc301d4227957219329c985ab69a3efc12518b5161aa?s=96&d=mm&r=g","url":"https:\/\/secure.gravatar.com\/avatar\/7e6ec277dc4aea2677c2dc301d4227957219329c985ab69a3efc12518b5161aa?s=96&d=mm&r=g","contentUrl":"https:\/\/secure.gravatar.com\/avatar\/7e6ec277dc4aea2677c2dc301d4227957219329c985ab69a3efc12518b5161aa?s=96&d=mm&r=g","caption":"Diario El Trabajo"},"sameAs":["https:\/\/eltrabajo.cl\/web"],"url":"https:\/\/eltrabajo.cl\/web\/author\/diario-el-trabajo\/"}]}},"_links":{"self":[{"href":"https:\/\/eltrabajo.cl\/web\/wp-json\/wp\/v2\/posts\/136244","targetHints":{"allow":["GET"]}}],"collection":[{"href":"https:\/\/eltrabajo.cl\/web\/wp-json\/wp\/v2\/posts"}],"about":[{"href":"https:\/\/eltrabajo.cl\/web\/wp-json\/wp\/v2\/types\/post"}],"author":[{"embeddable":true,"href":"https:\/\/eltrabajo.cl\/web\/wp-json\/wp\/v2\/users\/1"}],"replies":[{"embeddable":true,"href":"https:\/\/eltrabajo.cl\/web\/wp-json\/wp\/v2\/comments?post=136244"}],"version-history":[{"count":1,"href":"https:\/\/eltrabajo.cl\/web\/wp-json\/wp\/v2\/posts\/136244\/revisions"}],"predecessor-version":[{"id":136249,"href":"https:\/\/eltrabajo.cl\/web\/wp-json\/wp\/v2\/posts\/136244\/revisions\/136249"}],"wp:featuredmedia":[{"embeddable":true,"href":"https:\/\/eltrabajo.cl\/web\/wp-json\/wp\/v2\/media\/136245"}],"wp:attachment":[{"href":"https:\/\/eltrabajo.cl\/web\/wp-json\/wp\/v2\/media?parent=136244"}],"wp:term":[{"taxonomy":"category","embeddable":true,"href":"https:\/\/eltrabajo.cl\/web\/wp-json\/wp\/v2\/categories?post=136244"},{"taxonomy":"post_tag","embeddable":true,"href":"https:\/\/eltrabajo.cl\/web\/wp-json\/wp\/v2\/tags?post=136244"}],"curies":[{"name":"wp","href":"https:\/\/api.w.org\/{rel}","templated":true}]}}