{"id":136256,"date":"2025-04-08T21:53:06","date_gmt":"2025-04-09T00:53:06","guid":{"rendered":"https:\/\/eltrabajo.cl\/web\/?p=136256"},"modified":"2025-04-08T21:53:06","modified_gmt":"2025-04-09T00:53:06","slug":"alcaldesa-carmen-castillo-solicita-la-renuncia-al-administrador-municipal","status":"publish","type":"post","link":"https:\/\/eltrabajo.cl\/web\/alcaldesa-carmen-castillo-solicita-la-renuncia-al-administrador-municipal\/","title":{"rendered":"Alcaldesa Carmen Castillo solicita la renuncia al Administrador Municipal"},"content":{"rendered":"<ul>\n<li><strong>Concejales piden que se entreguen los motivos de la decisi\u00f3n.\u2013<\/strong><\/li>\n<\/ul>\n<p>Un verdadero terremoto pol\u00edtico sacude al municipio de San Felipe en las \u00faltimas semanas. A la querella contra la alcaldesa <strong>Carmen<\/strong> <strong>Castillo<\/strong> y el director jur\u00eddico por parte del presidente de los Funcionarios Municipales, ahora se suma la solicitud de renuncia al administrador municipal, <strong>Hern\u00e1n Herrera Caballero<\/strong>, por parte de la edil.<\/p>\n<p>Los motivos por los cuales se ha tomado esta decisi\u00f3n a\u00fan son desconocidos, pese a que ya eran evidentes y claros los desencuentros entre Herrera y la alcaldesa. Al respecto, la jefa comunal declin\u00f3 referirse al caso durante la jornada de este martes, y solo se han limitado a se\u00f1alar que se emitir\u00e1 una declaraci\u00f3n p\u00fablica.<\/p>\n<p>En este contexto, y consultado parte del Concejo Municipal, se mostraron un tanto sorprendidos por esta decisi\u00f3n, abogando tambi\u00e9n por la entrega de informaci\u00f3n de esta medida.<\/p>\n<p>El concejal <strong>Basilio Muena<\/strong>, se\u00f1al\u00f3 que <em>\u00absin tener mayores antecedentes, porque no ha habido ninguna comunicaci\u00f3n formal hacia el cuerpo de concejales por parte de la alcaldesa, si bien es cierto, es una potestad de la alcaldesa de poder definir a su equipo de confianza, para el Concejo Municipal y en lo personal, el v\u00ednculo que ten\u00eda el municipio con el Concejo Municipal, era a trav\u00e9s de la figura de Hern\u00e1n Herrera\u00bb<\/em>.<\/p>\n<p>En cuanto a este caso, Muena agreg\u00f3 que <em>\u00abpuedo manifestar mi total desacuerdo en la forma en la cual se le ha solicitado la renuncia a Hern\u00e1n, creemos que no es la forma adecuada, es una persona que ha demostrado durante el ejercicio de su cargo ser una persona que impone siempre el di\u00e1logo, los acuerdos para ir subsanando diversas situaciones, dentro de sus atribuciones, y esperamos tener mayores antecedentes que hacen, en definitiva, que la alcaldesa le pida la renuncia\u00bb<\/em>.<\/p>\n<p>Asimismo, y en relaci\u00f3n a la labor del ahora ex administrador municipal, el edil coment\u00f3 que <em>\u00abuno reconoce en \u00e9l a un profesional joven, una persona que es sanfelipe\u00f1a, una persona que tiene diversas capacidades, y que, en el ejercicio de su cargo, siempre demostr\u00f3 la actitud y las ganas de poder ir resolviendo diversas situaciones y dar la cara tambi\u00e9n frente a acontecimientos que suced\u00edan en el municipio para mejorar la comuna\u00bb<\/em>.<\/p>\n<p>Misma situaci\u00f3n plante\u00f3 el concejal <strong>Guillermo Lillo<\/strong>, quien sostuvo que <em>\u00abnosotros, lamentablemente no supimos de esto, la alcaldesa cuando tiene gente de confianza puede removerlos, pero s\u00ed me hubiese gustado que nos hubiesen informado de qu\u00e9 se trata.<\/em> <em>Con Hern\u00e1n ten\u00edamos buen nexo para trabajar dentro de la municipalidad, pero los pormenores no los sabemos. No s\u00e9 qu\u00e9 habr\u00e1 pasado realmente, quiero tener la informaci\u00f3n de porqu\u00e9 fue removido del cargo\u00bb<\/em>, cerr\u00f3.<\/p>\n<p>Hasta el cierre de esta edici\u00f3n, el municipio no ha emitido dicha declaraci\u00f3n p\u00fablica respecto de la solicitud de renuncia al administrador municipal.<\/p>\n<p>&nbsp;<\/p>\n<p><strong>PARTIDO SOCIALISTA SE PRONUNCIA<\/strong><\/p>\n<p>Frente a esta decisi\u00f3n, el Partido Socialista (PS) expres\u00f3 su lamento por la solicitud de renuncia a Herrera Caballero mediante un comunicado p\u00fablico, el cual dejamos a continuaci\u00f3n:<\/p>\n<p>\u00ab<em>La Direcci\u00f3n Comunal San Felipe del Partido Socialista de Chile lamenta profundamente la solicitud de renuncia del administrador municipal de la comuna, Hern\u00e1n Herrera Caballero, quien durante cuatro a\u00f1os acompa\u00f1\u00f3 la gesti\u00f3n de la alcaldesa Carmen Castillo Taucher.<\/em><\/p>\n<p>\u00ab<em>Nuestro compa\u00f1ero Hern\u00e1n Herrera destac\u00f3 por su lealtad, liderazgo y compromiso con el desarrollo humano de San Felipe, representando en todo momento los valores m\u00e1s nobles de nuestra militancia. Su desempe\u00f1o se caracteriz\u00f3 por una conducta profesional y \u00e9tica intachable, aportando con convicci\u00f3n pol\u00edtica al servicio de nuestra comunidad.<\/em><\/p>\n<p>\u00ab<em>Si bien comprendemos que el cargo de administrador municipal es de exclusiva confianza de la alcald\u00eda, lamentamos esta determinaci\u00f3n, pues deja en evidencia que el Partido Socialista no tiene participaci\u00f3n ni un rol activo en las definiciones y decisiones de la actual administraci\u00f3n municipal.<\/em><\/p>\n<p>\u00ab<em>Reiteramos nuestra plena confianza en las capacidades y el compromiso pol\u00edtico de nuestro compa\u00f1ero Hern\u00e1n Herrera Caballero, quien puede seguir siendo un gran aporte para la gesti\u00f3n municipal y un valioso cuadro para las futuras tareas que el socialismo y el pa\u00eds demanden\u00bb<\/em>.<\/p>\n<figure id=\"attachment_136257\" aria-describedby=\"caption-attachment-136257\" style=\"width: 699px\" class=\"wp-caption alignnone\"><img loading=\"lazy\" decoding=\"async\" class=\"size-full wp-image-136257\" src=\"http:\/\/eltrabajo.cl\/web\/wp-content\/uploads\/2025\/04\/Municipalidad-de-San-Felipe-solicitan-renuncia-a-administrador-municipal.jpg\" alt=\"Alcaldesa Castillo solicit\u00f3 la renuncia al Administrador Municipal. \" width=\"699\" height=\"389\" srcset=\"https:\/\/eltrabajo.cl\/web\/wp-content\/uploads\/2025\/04\/Municipalidad-de-San-Felipe-solicitan-renuncia-a-administrador-municipal.jpg 699w, https:\/\/eltrabajo.cl\/web\/wp-content\/uploads\/2025\/04\/Municipalidad-de-San-Felipe-solicitan-renuncia-a-administrador-municipal-300x167.jpg 300w, https:\/\/eltrabajo.cl\/web\/wp-content\/uploads\/2025\/04\/Municipalidad-de-San-Felipe-solicitan-renuncia-a-administrador-municipal-150x83.jpg 150w, https:\/\/eltrabajo.cl\/web\/wp-content\/uploads\/2025\/04\/Municipalidad-de-San-Felipe-solicitan-renuncia-a-administrador-municipal-696x387.jpg 696w\" sizes=\"auto, (max-width: 699px) 100vw, 699px\" \/><figcaption id=\"caption-attachment-136257\" class=\"wp-caption-text\">Alcaldesa Castillo solicit\u00f3 la renuncia al Administrador Municipal.<\/figcaption><\/figure>\n","protected":false},"excerpt":{"rendered":"<p>Concejales piden que se entreguen los motivos de la decisi\u00f3n.\u2013 Un verdadero terremoto pol\u00edtico sacude al municipio de San Felipe en las \u00faltimas semanas. A la querella contra la alcaldesa Carmen Castillo y el director jur\u00eddico por parte del presidente de los Funcionarios Municipales, ahora se suma la solicitud de renuncia al administrador municipal, Hern\u00e1n [&hellip;]<\/p>\n","protected":false},"author":1,"featured_media":136257,"comment_status":"open","ping_status":"closed","sticky":false,"template":"","format":"standard","meta":{"footnotes":""},"categories":[3],"tags":[],"class_list":{"0":"post-136256","1":"post","2":"type-post","3":"status-publish","4":"format-standard","5":"has-post-thumbnail","7":"category-cronica-2"},"yoast_head":"<!-- This site is optimized with the Yoast SEO plugin v27.4 - https:\/\/yoast.com\/product\/yoast-seo-wordpress\/ -->\n<title>Alcaldesa Carmen Castillo solicita la renuncia al Administrador Municipal - Diario El Trabajo<\/title>\n<meta name=\"robots\" content=\"index, follow, max-snippet:-1, max-image-preview:large, max-video-preview:-1\" \/>\n<link rel=\"canonical\" href=\"https:\/\/eltrabajo.cl\/web\/alcaldesa-carmen-castillo-solicita-la-renuncia-al-administrador-municipal\/\" \/>\n<meta property=\"og:locale\" content=\"es_ES\" \/>\n<meta property=\"og:type\" content=\"article\" \/>\n<meta property=\"og:title\" content=\"Alcaldesa Carmen Castillo solicita la renuncia al Administrador Municipal - Diario El Trabajo\" \/>\n<meta property=\"og:description\" content=\"Concejales piden que se entreguen los motivos de la decisi\u00f3n.\u2013 Un verdadero terremoto pol\u00edtico sacude al municipio de San Felipe en las \u00faltimas semanas. A la querella contra la alcaldesa Carmen Castillo y el director jur\u00eddico por parte del presidente de los Funcionarios Municipales, ahora se suma la solicitud de renuncia al administrador municipal, Hern\u00e1n [&hellip;]\" \/>\n<meta property=\"og:url\" content=\"https:\/\/eltrabajo.cl\/web\/alcaldesa-carmen-castillo-solicita-la-renuncia-al-administrador-municipal\/\" \/>\n<meta property=\"og:site_name\" content=\"Diario El Trabajo\" \/>\n<meta property=\"article:publisher\" content=\"https:\/\/www.facebook.com\/ElTrabajoDiario\" \/>\n<meta property=\"article:published_time\" content=\"2025-04-09T00:53:06+00:00\" \/>\n<meta property=\"og:image\" content=\"https:\/\/eltrabajo.cl\/web\/wp-content\/uploads\/2025\/04\/Municipalidad-de-San-Felipe-solicitan-renuncia-a-administrador-municipal.jpg\" \/>\n\t<meta property=\"og:image:width\" content=\"699\" \/>\n\t<meta property=\"og:image:height\" content=\"389\" \/>\n\t<meta property=\"og:image:type\" content=\"image\/jpeg\" \/>\n<meta name=\"author\" content=\"Diario El Trabajo\" \/>\n<meta name=\"twitter:card\" content=\"summary_large_image\" \/>\n<meta name=\"twitter:creator\" content=\"@diarioeltrabajo\" \/>\n<meta name=\"twitter:site\" content=\"@diarioeltrabajo\" \/>\n<meta name=\"twitter:label1\" content=\"Escrito por\" \/>\n\t<meta name=\"twitter:data1\" content=\"Diario El Trabajo\" \/>\n\t<meta name=\"twitter:label2\" content=\"Tiempo estimado de lectura\" \/>\n\t<meta name=\"twitter:data2\" content=\"4 minutos\" \/>\n<script type=\"application\/ld+json\" class=\"yoast-schema-graph\">{\"@context\":\"https:\\\/\\\/schema.org\",\"@graph\":[{\"@type\":\"Article\",\"@id\":\"https:\\\/\\\/eltrabajo.cl\\\/web\\\/alcaldesa-carmen-castillo-solicita-la-renuncia-al-administrador-municipal\\\/#article\",\"isPartOf\":{\"@id\":\"https:\\\/\\\/eltrabajo.cl\\\/web\\\/alcaldesa-carmen-castillo-solicita-la-renuncia-al-administrador-municipal\\\/\"},\"author\":{\"name\":\"Diario El Trabajo\",\"@id\":\"https:\\\/\\\/eltrabajo.cl\\\/web\\\/#\\\/schema\\\/person\\\/45efd3d17f86ec456e44dd7debe1bf19\"},\"headline\":\"Alcaldesa Carmen Castillo solicita la renuncia al Administrador Municipal\",\"datePublished\":\"2025-04-09T00:53:06+00:00\",\"mainEntityOfPage\":{\"@id\":\"https:\\\/\\\/eltrabajo.cl\\\/web\\\/alcaldesa-carmen-castillo-solicita-la-renuncia-al-administrador-municipal\\\/\"},\"wordCount\":750,\"commentCount\":0,\"publisher\":{\"@id\":\"https:\\\/\\\/eltrabajo.cl\\\/web\\\/#organization\"},\"image\":{\"@id\":\"https:\\\/\\\/eltrabajo.cl\\\/web\\\/alcaldesa-carmen-castillo-solicita-la-renuncia-al-administrador-municipal\\\/#primaryimage\"},\"thumbnailUrl\":\"https:\\\/\\\/eltrabajo.cl\\\/web\\\/wp-content\\\/uploads\\\/2025\\\/04\\\/Municipalidad-de-San-Felipe-solicitan-renuncia-a-administrador-municipal.jpg\",\"articleSection\":[\"Cr\u00f3nica\"],\"inLanguage\":\"es-CL\",\"potentialAction\":[{\"@type\":\"CommentAction\",\"name\":\"Comment\",\"target\":[\"https:\\\/\\\/eltrabajo.cl\\\/web\\\/alcaldesa-carmen-castillo-solicita-la-renuncia-al-administrador-municipal\\\/#respond\"]}]},{\"@type\":\"WebPage\",\"@id\":\"https:\\\/\\\/eltrabajo.cl\\\/web\\\/alcaldesa-carmen-castillo-solicita-la-renuncia-al-administrador-municipal\\\/\",\"url\":\"https:\\\/\\\/eltrabajo.cl\\\/web\\\/alcaldesa-carmen-castillo-solicita-la-renuncia-al-administrador-municipal\\\/\",\"name\":\"Alcaldesa Carmen Castillo solicita la renuncia al Administrador Municipal - Diario El Trabajo\",\"isPartOf\":{\"@id\":\"https:\\\/\\\/eltrabajo.cl\\\/web\\\/#website\"},\"primaryImageOfPage\":{\"@id\":\"https:\\\/\\\/eltrabajo.cl\\\/web\\\/alcaldesa-carmen-castillo-solicita-la-renuncia-al-administrador-municipal\\\/#primaryimage\"},\"image\":{\"@id\":\"https:\\\/\\\/eltrabajo.cl\\\/web\\\/alcaldesa-carmen-castillo-solicita-la-renuncia-al-administrador-municipal\\\/#primaryimage\"},\"thumbnailUrl\":\"https:\\\/\\\/eltrabajo.cl\\\/web\\\/wp-content\\\/uploads\\\/2025\\\/04\\\/Municipalidad-de-San-Felipe-solicitan-renuncia-a-administrador-municipal.jpg\",\"datePublished\":\"2025-04-09T00:53:06+00:00\",\"breadcrumb\":{\"@id\":\"https:\\\/\\\/eltrabajo.cl\\\/web\\\/alcaldesa-carmen-castillo-solicita-la-renuncia-al-administrador-municipal\\\/#breadcrumb\"},\"inLanguage\":\"es-CL\",\"potentialAction\":[{\"@type\":\"ReadAction\",\"target\":[\"https:\\\/\\\/eltrabajo.cl\\\/web\\\/alcaldesa-carmen-castillo-solicita-la-renuncia-al-administrador-municipal\\\/\"]}]},{\"@type\":\"ImageObject\",\"inLanguage\":\"es-CL\",\"@id\":\"https:\\\/\\\/eltrabajo.cl\\\/web\\\/alcaldesa-carmen-castillo-solicita-la-renuncia-al-administrador-municipal\\\/#primaryimage\",\"url\":\"https:\\\/\\\/eltrabajo.cl\\\/web\\\/wp-content\\\/uploads\\\/2025\\\/04\\\/Municipalidad-de-San-Felipe-solicitan-renuncia-a-administrador-municipal.jpg\",\"contentUrl\":\"https:\\\/\\\/eltrabajo.cl\\\/web\\\/wp-content\\\/uploads\\\/2025\\\/04\\\/Municipalidad-de-San-Felipe-solicitan-renuncia-a-administrador-municipal.jpg\",\"width\":699,\"height\":389,\"caption\":\"Alcaldesa Castillo solicit\u00f3 la renuncia al Administrador Municipal.\"},{\"@type\":\"BreadcrumbList\",\"@id\":\"https:\\\/\\\/eltrabajo.cl\\\/web\\\/alcaldesa-carmen-castillo-solicita-la-renuncia-al-administrador-municipal\\\/#breadcrumb\",\"itemListElement\":[{\"@type\":\"ListItem\",\"position\":1,\"name\":\"Portada\",\"item\":\"https:\\\/\\\/eltrabajo.cl\\\/web\\\/\"},{\"@type\":\"ListItem\",\"position\":2,\"name\":\"Alcaldesa Carmen Castillo solicita la renuncia al Administrador Municipal\"}]},{\"@type\":\"WebSite\",\"@id\":\"https:\\\/\\\/eltrabajo.cl\\\/web\\\/#website\",\"url\":\"https:\\\/\\\/eltrabajo.cl\\\/web\\\/\",\"name\":\"Diario El Trabajo\",\"description\":\"Desde 1929 construyendo Identidad Local\",\"publisher\":{\"@id\":\"https:\\\/\\\/eltrabajo.cl\\\/web\\\/#organization\"},\"potentialAction\":[{\"@type\":\"SearchAction\",\"target\":{\"@type\":\"EntryPoint\",\"urlTemplate\":\"https:\\\/\\\/eltrabajo.cl\\\/web\\\/?s={search_term_string}\"},\"query-input\":{\"@type\":\"PropertyValueSpecification\",\"valueRequired\":true,\"valueName\":\"search_term_string\"}}],\"inLanguage\":\"es-CL\"},{\"@type\":\"Organization\",\"@id\":\"https:\\\/\\\/eltrabajo.cl\\\/web\\\/#organization\",\"name\":\"Diario El Trabajo\",\"url\":\"https:\\\/\\\/eltrabajo.cl\\\/web\\\/\",\"logo\":{\"@type\":\"ImageObject\",\"inLanguage\":\"es-CL\",\"@id\":\"https:\\\/\\\/eltrabajo.cl\\\/web\\\/#\\\/schema\\\/logo\\\/image\\\/\",\"url\":\"https:\\\/\\\/eltrabajo.cl\\\/web\\\/wp-content\\\/uploads\\\/2024\\\/06\\\/profile-image-ig-page-diarioeltrabajo.jpg\",\"contentUrl\":\"https:\\\/\\\/eltrabajo.cl\\\/web\\\/wp-content\\\/uploads\\\/2024\\\/06\\\/profile-image-ig-page-diarioeltrabajo.jpg\",\"width\":823,\"height\":823,\"caption\":\"Diario El Trabajo\"},\"image\":{\"@id\":\"https:\\\/\\\/eltrabajo.cl\\\/web\\\/#\\\/schema\\\/logo\\\/image\\\/\"},\"sameAs\":[\"https:\\\/\\\/www.facebook.com\\\/ElTrabajoDiario\",\"https:\\\/\\\/x.com\\\/diarioeltrabajo\"]},{\"@type\":\"Person\",\"@id\":\"https:\\\/\\\/eltrabajo.cl\\\/web\\\/#\\\/schema\\\/person\\\/45efd3d17f86ec456e44dd7debe1bf19\",\"name\":\"Diario El Trabajo\",\"image\":{\"@type\":\"ImageObject\",\"inLanguage\":\"es-CL\",\"@id\":\"https:\\\/\\\/secure.gravatar.com\\\/avatar\\\/7e6ec277dc4aea2677c2dc301d4227957219329c985ab69a3efc12518b5161aa?s=96&d=mm&r=g\",\"url\":\"https:\\\/\\\/secure.gravatar.com\\\/avatar\\\/7e6ec277dc4aea2677c2dc301d4227957219329c985ab69a3efc12518b5161aa?s=96&d=mm&r=g\",\"contentUrl\":\"https:\\\/\\\/secure.gravatar.com\\\/avatar\\\/7e6ec277dc4aea2677c2dc301d4227957219329c985ab69a3efc12518b5161aa?s=96&d=mm&r=g\",\"caption\":\"Diario El Trabajo\"},\"sameAs\":[\"https:\\\/\\\/eltrabajo.cl\\\/web\"],\"url\":\"https:\\\/\\\/eltrabajo.cl\\\/web\\\/author\\\/diario-el-trabajo\\\/\"}]}<\/script>\n<!-- \/ Yoast SEO plugin. -->","yoast_head_json":{"title":"Alcaldesa Carmen Castillo solicita la renuncia al Administrador Municipal - Diario El Trabajo","robots":{"index":"index","follow":"follow","max-snippet":"max-snippet:-1","max-image-preview":"max-image-preview:large","max-video-preview":"max-video-preview:-1"},"canonical":"https:\/\/eltrabajo.cl\/web\/alcaldesa-carmen-castillo-solicita-la-renuncia-al-administrador-municipal\/","og_locale":"es_ES","og_type":"article","og_title":"Alcaldesa Carmen Castillo solicita la renuncia al Administrador Municipal - Diario El Trabajo","og_description":"Concejales piden que se entreguen los motivos de la decisi\u00f3n.\u2013 Un verdadero terremoto pol\u00edtico sacude al municipio de San Felipe en las \u00faltimas semanas. A la querella contra la alcaldesa Carmen Castillo y el director jur\u00eddico por parte del presidente de los Funcionarios Municipales, ahora se suma la solicitud de renuncia al administrador municipal, Hern\u00e1n [&hellip;]","og_url":"https:\/\/eltrabajo.cl\/web\/alcaldesa-carmen-castillo-solicita-la-renuncia-al-administrador-municipal\/","og_site_name":"Diario El Trabajo","article_publisher":"https:\/\/www.facebook.com\/ElTrabajoDiario","article_published_time":"2025-04-09T00:53:06+00:00","og_image":[{"width":699,"height":389,"url":"https:\/\/eltrabajo.cl\/web\/wp-content\/uploads\/2025\/04\/Municipalidad-de-San-Felipe-solicitan-renuncia-a-administrador-municipal.jpg","type":"image\/jpeg"}],"author":"Diario El Trabajo","twitter_card":"summary_large_image","twitter_creator":"@diarioeltrabajo","twitter_site":"@diarioeltrabajo","twitter_misc":{"Escrito por":"Diario El Trabajo","Tiempo estimado de lectura":"4 minutos"},"schema":{"@context":"https:\/\/schema.org","@graph":[{"@type":"Article","@id":"https:\/\/eltrabajo.cl\/web\/alcaldesa-carmen-castillo-solicita-la-renuncia-al-administrador-municipal\/#article","isPartOf":{"@id":"https:\/\/eltrabajo.cl\/web\/alcaldesa-carmen-castillo-solicita-la-renuncia-al-administrador-municipal\/"},"author":{"name":"Diario El Trabajo","@id":"https:\/\/eltrabajo.cl\/web\/#\/schema\/person\/45efd3d17f86ec456e44dd7debe1bf19"},"headline":"Alcaldesa Carmen Castillo solicita la renuncia al Administrador Municipal","datePublished":"2025-04-09T00:53:06+00:00","mainEntityOfPage":{"@id":"https:\/\/eltrabajo.cl\/web\/alcaldesa-carmen-castillo-solicita-la-renuncia-al-administrador-municipal\/"},"wordCount":750,"commentCount":0,"publisher":{"@id":"https:\/\/eltrabajo.cl\/web\/#organization"},"image":{"@id":"https:\/\/eltrabajo.cl\/web\/alcaldesa-carmen-castillo-solicita-la-renuncia-al-administrador-municipal\/#primaryimage"},"thumbnailUrl":"https:\/\/eltrabajo.cl\/web\/wp-content\/uploads\/2025\/04\/Municipalidad-de-San-Felipe-solicitan-renuncia-a-administrador-municipal.jpg","articleSection":["Cr\u00f3nica"],"inLanguage":"es-CL","potentialAction":[{"@type":"CommentAction","name":"Comment","target":["https:\/\/eltrabajo.cl\/web\/alcaldesa-carmen-castillo-solicita-la-renuncia-al-administrador-municipal\/#respond"]}]},{"@type":"WebPage","@id":"https:\/\/eltrabajo.cl\/web\/alcaldesa-carmen-castillo-solicita-la-renuncia-al-administrador-municipal\/","url":"https:\/\/eltrabajo.cl\/web\/alcaldesa-carmen-castillo-solicita-la-renuncia-al-administrador-municipal\/","name":"Alcaldesa Carmen Castillo solicita la renuncia al Administrador Municipal - Diario El Trabajo","isPartOf":{"@id":"https:\/\/eltrabajo.cl\/web\/#website"},"primaryImageOfPage":{"@id":"https:\/\/eltrabajo.cl\/web\/alcaldesa-carmen-castillo-solicita-la-renuncia-al-administrador-municipal\/#primaryimage"},"image":{"@id":"https:\/\/eltrabajo.cl\/web\/alcaldesa-carmen-castillo-solicita-la-renuncia-al-administrador-municipal\/#primaryimage"},"thumbnailUrl":"https:\/\/eltrabajo.cl\/web\/wp-content\/uploads\/2025\/04\/Municipalidad-de-San-Felipe-solicitan-renuncia-a-administrador-municipal.jpg","datePublished":"2025-04-09T00:53:06+00:00","breadcrumb":{"@id":"https:\/\/eltrabajo.cl\/web\/alcaldesa-carmen-castillo-solicita-la-renuncia-al-administrador-municipal\/#breadcrumb"},"inLanguage":"es-CL","potentialAction":[{"@type":"ReadAction","target":["https:\/\/eltrabajo.cl\/web\/alcaldesa-carmen-castillo-solicita-la-renuncia-al-administrador-municipal\/"]}]},{"@type":"ImageObject","inLanguage":"es-CL","@id":"https:\/\/eltrabajo.cl\/web\/alcaldesa-carmen-castillo-solicita-la-renuncia-al-administrador-municipal\/#primaryimage","url":"https:\/\/eltrabajo.cl\/web\/wp-content\/uploads\/2025\/04\/Municipalidad-de-San-Felipe-solicitan-renuncia-a-administrador-municipal.jpg","contentUrl":"https:\/\/eltrabajo.cl\/web\/wp-content\/uploads\/2025\/04\/Municipalidad-de-San-Felipe-solicitan-renuncia-a-administrador-municipal.jpg","width":699,"height":389,"caption":"Alcaldesa Castillo solicit\u00f3 la renuncia al Administrador Municipal."},{"@type":"BreadcrumbList","@id":"https:\/\/eltrabajo.cl\/web\/alcaldesa-carmen-castillo-solicita-la-renuncia-al-administrador-municipal\/#breadcrumb","itemListElement":[{"@type":"ListItem","position":1,"name":"Portada","item":"https:\/\/eltrabajo.cl\/web\/"},{"@type":"ListItem","position":2,"name":"Alcaldesa Carmen Castillo solicita la renuncia al Administrador Municipal"}]},{"@type":"WebSite","@id":"https:\/\/eltrabajo.cl\/web\/#website","url":"https:\/\/eltrabajo.cl\/web\/","name":"Diario El Trabajo","description":"Desde 1929 construyendo Identidad Local","publisher":{"@id":"https:\/\/eltrabajo.cl\/web\/#organization"},"potentialAction":[{"@type":"SearchAction","target":{"@type":"EntryPoint","urlTemplate":"https:\/\/eltrabajo.cl\/web\/?s={search_term_string}"},"query-input":{"@type":"PropertyValueSpecification","valueRequired":true,"valueName":"search_term_string"}}],"inLanguage":"es-CL"},{"@type":"Organization","@id":"https:\/\/eltrabajo.cl\/web\/#organization","name":"Diario El Trabajo","url":"https:\/\/eltrabajo.cl\/web\/","logo":{"@type":"ImageObject","inLanguage":"es-CL","@id":"https:\/\/eltrabajo.cl\/web\/#\/schema\/logo\/image\/","url":"https:\/\/eltrabajo.cl\/web\/wp-content\/uploads\/2024\/06\/profile-image-ig-page-diarioeltrabajo.jpg","contentUrl":"https:\/\/eltrabajo.cl\/web\/wp-content\/uploads\/2024\/06\/profile-image-ig-page-diarioeltrabajo.jpg","width":823,"height":823,"caption":"Diario El Trabajo"},"image":{"@id":"https:\/\/eltrabajo.cl\/web\/#\/schema\/logo\/image\/"},"sameAs":["https:\/\/www.facebook.com\/ElTrabajoDiario","https:\/\/x.com\/diarioeltrabajo"]},{"@type":"Person","@id":"https:\/\/eltrabajo.cl\/web\/#\/schema\/person\/45efd3d17f86ec456e44dd7debe1bf19","name":"Diario El Trabajo","image":{"@type":"ImageObject","inLanguage":"es-CL","@id":"https:\/\/secure.gravatar.com\/avatar\/7e6ec277dc4aea2677c2dc301d4227957219329c985ab69a3efc12518b5161aa?s=96&d=mm&r=g","url":"https:\/\/secure.gravatar.com\/avatar\/7e6ec277dc4aea2677c2dc301d4227957219329c985ab69a3efc12518b5161aa?s=96&d=mm&r=g","contentUrl":"https:\/\/secure.gravatar.com\/avatar\/7e6ec277dc4aea2677c2dc301d4227957219329c985ab69a3efc12518b5161aa?s=96&d=mm&r=g","caption":"Diario El Trabajo"},"sameAs":["https:\/\/eltrabajo.cl\/web"],"url":"https:\/\/eltrabajo.cl\/web\/author\/diario-el-trabajo\/"}]}},"_links":{"self":[{"href":"https:\/\/eltrabajo.cl\/web\/wp-json\/wp\/v2\/posts\/136256","targetHints":{"allow":["GET"]}}],"collection":[{"href":"https:\/\/eltrabajo.cl\/web\/wp-json\/wp\/v2\/posts"}],"about":[{"href":"https:\/\/eltrabajo.cl\/web\/wp-json\/wp\/v2\/types\/post"}],"author":[{"embeddable":true,"href":"https:\/\/eltrabajo.cl\/web\/wp-json\/wp\/v2\/users\/1"}],"replies":[{"embeddable":true,"href":"https:\/\/eltrabajo.cl\/web\/wp-json\/wp\/v2\/comments?post=136256"}],"version-history":[{"count":1,"href":"https:\/\/eltrabajo.cl\/web\/wp-json\/wp\/v2\/posts\/136256\/revisions"}],"predecessor-version":[{"id":136258,"href":"https:\/\/eltrabajo.cl\/web\/wp-json\/wp\/v2\/posts\/136256\/revisions\/136258"}],"wp:featuredmedia":[{"embeddable":true,"href":"https:\/\/eltrabajo.cl\/web\/wp-json\/wp\/v2\/media\/136257"}],"wp:attachment":[{"href":"https:\/\/eltrabajo.cl\/web\/wp-json\/wp\/v2\/media?parent=136256"}],"wp:term":[{"taxonomy":"category","embeddable":true,"href":"https:\/\/eltrabajo.cl\/web\/wp-json\/wp\/v2\/categories?post=136256"},{"taxonomy":"post_tag","embeddable":true,"href":"https:\/\/eltrabajo.cl\/web\/wp-json\/wp\/v2\/tags?post=136256"}],"curies":[{"name":"wp","href":"https:\/\/api.w.org\/{rel}","templated":true}]}}