{"id":136263,"date":"2025-04-09T21:32:43","date_gmt":"2025-04-10T00:32:43","guid":{"rendered":"https:\/\/eltrabajo.cl\/web\/?p=136263"},"modified":"2025-04-10T11:07:40","modified_gmt":"2025-04-10T14:07:40","slug":"francisco-palladino-ya-tomo-el-mando-tecnico-de-union-san-felipe","status":"publish","type":"post","link":"https:\/\/eltrabajo.cl\/web\/francisco-palladino-ya-tomo-el-mando-tecnico-de-union-san-felipe\/","title":{"rendered":"Francisco Palladino ya tom\u00f3 el mando t\u00e9cnico de Uni\u00f3n San Felipe"},"content":{"rendered":"<p>En la ma\u00f1ana de ayer, <strong>Francisco Palladino,<\/strong> dirigi\u00f3 su primera pr\u00e1ctica al mando del primer equipo de Uni\u00f3n San Felipe. La exigente sesi\u00f3n de entrenamiento se prolong\u00f3 por poco m\u00e1s de dos horas, teniendo lugar en la cancha dos del complejo deportivo de la tienda albirroja.<\/p>\n<p>Una vez terminado el adiestramiento, el profesor Palladino sostuvo una conversaci\u00f3n con <strong>El Trabajo Deportivo<\/strong>, ocasi\u00f3n en la que mostr\u00f3 su satisfacci\u00f3n por llegar al Un\u00ed Un\u00ed y retornar al f\u00fatbol chileno. <em>\u00abTengo una gran felicidad por llegar a un club que tiene grandes instalaciones. S\u00e9 que se trata de una coyuntura dif\u00edcil, pero al mismo tiempo es desafiante y nos ilusiona mucho con que podremos revertir esta situaci\u00f3n\u00bb<\/em>, relat\u00f3 el estratego.<\/p>\n<p>Profundizando su apreciaci\u00f3n respecto a su llegada, Palladino dijo: <em>\u00abHay un plantel para pensar en cosas importantes. Tengo la convicci\u00f3n del trabajo que venimos a realizar, afortunadamente conocemos bien la categor\u00eda, por lo que sabemos que se podr\u00e1 salir adelante\u00bb<\/em>.<\/p>\n<p>Respecto a la urgencia por sumar de manera inmediata, con pocas horas de pr\u00e1cticas, el estratego se\u00f1al\u00f3: <em>\u00abVamos a intentar el viernes presentar dos o tres conceptos importantes que creemos podremos presentar. Ac\u00e1 no hay que dar excusas, ya que podr\u00edamos haber manejado esta situaci\u00f3n y, tal vez, haber optado por dirigir en el pr\u00f3ximo encuentro para tener m\u00e1s entrenamientos, pero estamos convencidos de nuestra responsabilidad. Ac\u00e1 no venimos a especular y el equipo nos necesita\u00bb<\/em>.<\/p>\n<figure id=\"attachment_136264\" aria-describedby=\"caption-attachment-136264\" style=\"width: 699px\" class=\"wp-caption alignnone\"><img loading=\"lazy\" decoding=\"async\" class=\"size-full wp-image-136264\" src=\"http:\/\/eltrabajo.cl\/web\/wp-content\/uploads\/2025\/04\/Palladino-1.jpg\" alt=\"Francisco Palladino durante el entrenamiento de ayer en la ma\u00f1ana. \" width=\"699\" height=\"465\" srcset=\"https:\/\/eltrabajo.cl\/web\/wp-content\/uploads\/2025\/04\/Palladino-1.jpg 699w, https:\/\/eltrabajo.cl\/web\/wp-content\/uploads\/2025\/04\/Palladino-1-300x200.jpg 300w, https:\/\/eltrabajo.cl\/web\/wp-content\/uploads\/2025\/04\/Palladino-1-631x420.jpg 631w, https:\/\/eltrabajo.cl\/web\/wp-content\/uploads\/2025\/04\/Palladino-1-150x100.jpg 150w, https:\/\/eltrabajo.cl\/web\/wp-content\/uploads\/2025\/04\/Palladino-1-696x463.jpg 696w\" sizes=\"auto, (max-width: 699px) 100vw, 699px\" \/><figcaption id=\"caption-attachment-136264\" class=\"wp-caption-text\">Francisco Palladino durante el entrenamiento de ayer en la ma\u00f1ana.<\/figcaption><\/figure>\n","protected":false},"excerpt":{"rendered":"<p>En la ma\u00f1ana de ayer, Francisco Palladino, dirigi\u00f3 su primera pr\u00e1ctica al mando del primer equipo de Uni\u00f3n San Felipe. La exigente sesi\u00f3n de entrenamiento se prolong\u00f3 por poco m\u00e1s de dos horas, teniendo lugar en la cancha dos del complejo deportivo de la tienda albirroja. Una vez terminado el adiestramiento, el profesor Palladino sostuvo [&hellip;]<\/p>\n","protected":false},"author":1,"featured_media":136264,"comment_status":"open","ping_status":"closed","sticky":false,"template":"","format":"standard","meta":{"footnotes":""},"categories":[2],"tags":[],"class_list":{"0":"post-136263","1":"post","2":"type-post","3":"status-publish","4":"format-standard","5":"has-post-thumbnail","7":"category-deportes"},"yoast_head":"<!-- This site is optimized with the Yoast SEO plugin v27.4 - https:\/\/yoast.com\/product\/yoast-seo-wordpress\/ -->\n<title>Francisco Palladino ya tom\u00f3 el mando t\u00e9cnico de Uni\u00f3n San Felipe - Diario El Trabajo<\/title>\n<meta name=\"robots\" content=\"index, follow, max-snippet:-1, max-image-preview:large, max-video-preview:-1\" \/>\n<link rel=\"canonical\" href=\"https:\/\/eltrabajo.cl\/web\/francisco-palladino-ya-tomo-el-mando-tecnico-de-union-san-felipe\/\" \/>\n<meta property=\"og:locale\" content=\"es_ES\" \/>\n<meta property=\"og:type\" content=\"article\" \/>\n<meta property=\"og:title\" content=\"Francisco Palladino ya tom\u00f3 el mando t\u00e9cnico de Uni\u00f3n San Felipe - Diario El Trabajo\" \/>\n<meta property=\"og:description\" content=\"En la ma\u00f1ana de ayer, Francisco Palladino, dirigi\u00f3 su primera pr\u00e1ctica al mando del primer equipo de Uni\u00f3n San Felipe. La exigente sesi\u00f3n de entrenamiento se prolong\u00f3 por poco m\u00e1s de dos horas, teniendo lugar en la cancha dos del complejo deportivo de la tienda albirroja. Una vez terminado el adiestramiento, el profesor Palladino sostuvo [&hellip;]\" \/>\n<meta property=\"og:url\" content=\"https:\/\/eltrabajo.cl\/web\/francisco-palladino-ya-tomo-el-mando-tecnico-de-union-san-felipe\/\" \/>\n<meta property=\"og:site_name\" content=\"Diario El Trabajo\" \/>\n<meta property=\"article:publisher\" content=\"https:\/\/www.facebook.com\/ElTrabajoDiario\" \/>\n<meta property=\"article:published_time\" content=\"2025-04-10T00:32:43+00:00\" \/>\n<meta property=\"article:modified_time\" content=\"2025-04-10T14:07:40+00:00\" \/>\n<meta property=\"og:image\" content=\"https:\/\/eltrabajo.cl\/web\/wp-content\/uploads\/2025\/04\/Palladino-1.jpg\" \/>\n\t<meta property=\"og:image:width\" content=\"699\" \/>\n\t<meta property=\"og:image:height\" content=\"465\" \/>\n\t<meta property=\"og:image:type\" content=\"image\/jpeg\" \/>\n<meta name=\"author\" content=\"Diario El Trabajo\" \/>\n<meta name=\"twitter:card\" content=\"summary_large_image\" \/>\n<meta name=\"twitter:creator\" content=\"@diarioeltrabajo\" \/>\n<meta name=\"twitter:site\" content=\"@diarioeltrabajo\" \/>\n<meta name=\"twitter:label1\" content=\"Escrito por\" \/>\n\t<meta name=\"twitter:data1\" content=\"Diario El Trabajo\" \/>\n\t<meta name=\"twitter:label2\" content=\"Tiempo estimado de lectura\" \/>\n\t<meta name=\"twitter:data2\" content=\"2 minutos\" \/>\n<script type=\"application\/ld+json\" class=\"yoast-schema-graph\">{\"@context\":\"https:\\\/\\\/schema.org\",\"@graph\":[{\"@type\":\"Article\",\"@id\":\"https:\\\/\\\/eltrabajo.cl\\\/web\\\/francisco-palladino-ya-tomo-el-mando-tecnico-de-union-san-felipe\\\/#article\",\"isPartOf\":{\"@id\":\"https:\\\/\\\/eltrabajo.cl\\\/web\\\/francisco-palladino-ya-tomo-el-mando-tecnico-de-union-san-felipe\\\/\"},\"author\":{\"name\":\"Diario El Trabajo\",\"@id\":\"https:\\\/\\\/eltrabajo.cl\\\/web\\\/#\\\/schema\\\/person\\\/45efd3d17f86ec456e44dd7debe1bf19\"},\"headline\":\"Francisco Palladino ya tom\u00f3 el mando t\u00e9cnico de Uni\u00f3n San Felipe\",\"datePublished\":\"2025-04-10T00:32:43+00:00\",\"dateModified\":\"2025-04-10T14:07:40+00:00\",\"mainEntityOfPage\":{\"@id\":\"https:\\\/\\\/eltrabajo.cl\\\/web\\\/francisco-palladino-ya-tomo-el-mando-tecnico-de-union-san-felipe\\\/\"},\"wordCount\":285,\"commentCount\":0,\"publisher\":{\"@id\":\"https:\\\/\\\/eltrabajo.cl\\\/web\\\/#organization\"},\"image\":{\"@id\":\"https:\\\/\\\/eltrabajo.cl\\\/web\\\/francisco-palladino-ya-tomo-el-mando-tecnico-de-union-san-felipe\\\/#primaryimage\"},\"thumbnailUrl\":\"https:\\\/\\\/eltrabajo.cl\\\/web\\\/wp-content\\\/uploads\\\/2025\\\/04\\\/Palladino-1.jpg\",\"articleSection\":[\"Deportes\"],\"inLanguage\":\"es-CL\",\"potentialAction\":[{\"@type\":\"CommentAction\",\"name\":\"Comment\",\"target\":[\"https:\\\/\\\/eltrabajo.cl\\\/web\\\/francisco-palladino-ya-tomo-el-mando-tecnico-de-union-san-felipe\\\/#respond\"]}]},{\"@type\":\"WebPage\",\"@id\":\"https:\\\/\\\/eltrabajo.cl\\\/web\\\/francisco-palladino-ya-tomo-el-mando-tecnico-de-union-san-felipe\\\/\",\"url\":\"https:\\\/\\\/eltrabajo.cl\\\/web\\\/francisco-palladino-ya-tomo-el-mando-tecnico-de-union-san-felipe\\\/\",\"name\":\"Francisco Palladino ya tom\u00f3 el mando t\u00e9cnico de Uni\u00f3n San Felipe - Diario El Trabajo\",\"isPartOf\":{\"@id\":\"https:\\\/\\\/eltrabajo.cl\\\/web\\\/#website\"},\"primaryImageOfPage\":{\"@id\":\"https:\\\/\\\/eltrabajo.cl\\\/web\\\/francisco-palladino-ya-tomo-el-mando-tecnico-de-union-san-felipe\\\/#primaryimage\"},\"image\":{\"@id\":\"https:\\\/\\\/eltrabajo.cl\\\/web\\\/francisco-palladino-ya-tomo-el-mando-tecnico-de-union-san-felipe\\\/#primaryimage\"},\"thumbnailUrl\":\"https:\\\/\\\/eltrabajo.cl\\\/web\\\/wp-content\\\/uploads\\\/2025\\\/04\\\/Palladino-1.jpg\",\"datePublished\":\"2025-04-10T00:32:43+00:00\",\"dateModified\":\"2025-04-10T14:07:40+00:00\",\"breadcrumb\":{\"@id\":\"https:\\\/\\\/eltrabajo.cl\\\/web\\\/francisco-palladino-ya-tomo-el-mando-tecnico-de-union-san-felipe\\\/#breadcrumb\"},\"inLanguage\":\"es-CL\",\"potentialAction\":[{\"@type\":\"ReadAction\",\"target\":[\"https:\\\/\\\/eltrabajo.cl\\\/web\\\/francisco-palladino-ya-tomo-el-mando-tecnico-de-union-san-felipe\\\/\"]}]},{\"@type\":\"ImageObject\",\"inLanguage\":\"es-CL\",\"@id\":\"https:\\\/\\\/eltrabajo.cl\\\/web\\\/francisco-palladino-ya-tomo-el-mando-tecnico-de-union-san-felipe\\\/#primaryimage\",\"url\":\"https:\\\/\\\/eltrabajo.cl\\\/web\\\/wp-content\\\/uploads\\\/2025\\\/04\\\/Palladino-1.jpg\",\"contentUrl\":\"https:\\\/\\\/eltrabajo.cl\\\/web\\\/wp-content\\\/uploads\\\/2025\\\/04\\\/Palladino-1.jpg\",\"width\":699,\"height\":465,\"caption\":\"Francisco Palladino durante el entrenamiento de ayer en la ma\u00f1ana.\"},{\"@type\":\"BreadcrumbList\",\"@id\":\"https:\\\/\\\/eltrabajo.cl\\\/web\\\/francisco-palladino-ya-tomo-el-mando-tecnico-de-union-san-felipe\\\/#breadcrumb\",\"itemListElement\":[{\"@type\":\"ListItem\",\"position\":1,\"name\":\"Portada\",\"item\":\"https:\\\/\\\/eltrabajo.cl\\\/web\\\/\"},{\"@type\":\"ListItem\",\"position\":2,\"name\":\"Francisco Palladino ya tom\u00f3 el mando t\u00e9cnico de Uni\u00f3n San Felipe\"}]},{\"@type\":\"WebSite\",\"@id\":\"https:\\\/\\\/eltrabajo.cl\\\/web\\\/#website\",\"url\":\"https:\\\/\\\/eltrabajo.cl\\\/web\\\/\",\"name\":\"Diario El Trabajo\",\"description\":\"Desde 1929 construyendo Identidad Local\",\"publisher\":{\"@id\":\"https:\\\/\\\/eltrabajo.cl\\\/web\\\/#organization\"},\"potentialAction\":[{\"@type\":\"SearchAction\",\"target\":{\"@type\":\"EntryPoint\",\"urlTemplate\":\"https:\\\/\\\/eltrabajo.cl\\\/web\\\/?s={search_term_string}\"},\"query-input\":{\"@type\":\"PropertyValueSpecification\",\"valueRequired\":true,\"valueName\":\"search_term_string\"}}],\"inLanguage\":\"es-CL\"},{\"@type\":\"Organization\",\"@id\":\"https:\\\/\\\/eltrabajo.cl\\\/web\\\/#organization\",\"name\":\"Diario El Trabajo\",\"url\":\"https:\\\/\\\/eltrabajo.cl\\\/web\\\/\",\"logo\":{\"@type\":\"ImageObject\",\"inLanguage\":\"es-CL\",\"@id\":\"https:\\\/\\\/eltrabajo.cl\\\/web\\\/#\\\/schema\\\/logo\\\/image\\\/\",\"url\":\"https:\\\/\\\/eltrabajo.cl\\\/web\\\/wp-content\\\/uploads\\\/2024\\\/06\\\/profile-image-ig-page-diarioeltrabajo.jpg\",\"contentUrl\":\"https:\\\/\\\/eltrabajo.cl\\\/web\\\/wp-content\\\/uploads\\\/2024\\\/06\\\/profile-image-ig-page-diarioeltrabajo.jpg\",\"width\":823,\"height\":823,\"caption\":\"Diario El Trabajo\"},\"image\":{\"@id\":\"https:\\\/\\\/eltrabajo.cl\\\/web\\\/#\\\/schema\\\/logo\\\/image\\\/\"},\"sameAs\":[\"https:\\\/\\\/www.facebook.com\\\/ElTrabajoDiario\",\"https:\\\/\\\/x.com\\\/diarioeltrabajo\"]},{\"@type\":\"Person\",\"@id\":\"https:\\\/\\\/eltrabajo.cl\\\/web\\\/#\\\/schema\\\/person\\\/45efd3d17f86ec456e44dd7debe1bf19\",\"name\":\"Diario El Trabajo\",\"image\":{\"@type\":\"ImageObject\",\"inLanguage\":\"es-CL\",\"@id\":\"https:\\\/\\\/secure.gravatar.com\\\/avatar\\\/7e6ec277dc4aea2677c2dc301d4227957219329c985ab69a3efc12518b5161aa?s=96&d=mm&r=g\",\"url\":\"https:\\\/\\\/secure.gravatar.com\\\/avatar\\\/7e6ec277dc4aea2677c2dc301d4227957219329c985ab69a3efc12518b5161aa?s=96&d=mm&r=g\",\"contentUrl\":\"https:\\\/\\\/secure.gravatar.com\\\/avatar\\\/7e6ec277dc4aea2677c2dc301d4227957219329c985ab69a3efc12518b5161aa?s=96&d=mm&r=g\",\"caption\":\"Diario El Trabajo\"},\"sameAs\":[\"https:\\\/\\\/eltrabajo.cl\\\/web\"],\"url\":\"https:\\\/\\\/eltrabajo.cl\\\/web\\\/author\\\/diario-el-trabajo\\\/\"}]}<\/script>\n<!-- \/ Yoast SEO plugin. -->","yoast_head_json":{"title":"Francisco Palladino ya tom\u00f3 el mando t\u00e9cnico de Uni\u00f3n San Felipe - Diario El Trabajo","robots":{"index":"index","follow":"follow","max-snippet":"max-snippet:-1","max-image-preview":"max-image-preview:large","max-video-preview":"max-video-preview:-1"},"canonical":"https:\/\/eltrabajo.cl\/web\/francisco-palladino-ya-tomo-el-mando-tecnico-de-union-san-felipe\/","og_locale":"es_ES","og_type":"article","og_title":"Francisco Palladino ya tom\u00f3 el mando t\u00e9cnico de Uni\u00f3n San Felipe - Diario El Trabajo","og_description":"En la ma\u00f1ana de ayer, Francisco Palladino, dirigi\u00f3 su primera pr\u00e1ctica al mando del primer equipo de Uni\u00f3n San Felipe. La exigente sesi\u00f3n de entrenamiento se prolong\u00f3 por poco m\u00e1s de dos horas, teniendo lugar en la cancha dos del complejo deportivo de la tienda albirroja. Una vez terminado el adiestramiento, el profesor Palladino sostuvo [&hellip;]","og_url":"https:\/\/eltrabajo.cl\/web\/francisco-palladino-ya-tomo-el-mando-tecnico-de-union-san-felipe\/","og_site_name":"Diario El Trabajo","article_publisher":"https:\/\/www.facebook.com\/ElTrabajoDiario","article_published_time":"2025-04-10T00:32:43+00:00","article_modified_time":"2025-04-10T14:07:40+00:00","og_image":[{"width":699,"height":465,"url":"https:\/\/eltrabajo.cl\/web\/wp-content\/uploads\/2025\/04\/Palladino-1.jpg","type":"image\/jpeg"}],"author":"Diario El Trabajo","twitter_card":"summary_large_image","twitter_creator":"@diarioeltrabajo","twitter_site":"@diarioeltrabajo","twitter_misc":{"Escrito por":"Diario El Trabajo","Tiempo estimado de lectura":"2 minutos"},"schema":{"@context":"https:\/\/schema.org","@graph":[{"@type":"Article","@id":"https:\/\/eltrabajo.cl\/web\/francisco-palladino-ya-tomo-el-mando-tecnico-de-union-san-felipe\/#article","isPartOf":{"@id":"https:\/\/eltrabajo.cl\/web\/francisco-palladino-ya-tomo-el-mando-tecnico-de-union-san-felipe\/"},"author":{"name":"Diario El Trabajo","@id":"https:\/\/eltrabajo.cl\/web\/#\/schema\/person\/45efd3d17f86ec456e44dd7debe1bf19"},"headline":"Francisco Palladino ya tom\u00f3 el mando t\u00e9cnico de Uni\u00f3n San Felipe","datePublished":"2025-04-10T00:32:43+00:00","dateModified":"2025-04-10T14:07:40+00:00","mainEntityOfPage":{"@id":"https:\/\/eltrabajo.cl\/web\/francisco-palladino-ya-tomo-el-mando-tecnico-de-union-san-felipe\/"},"wordCount":285,"commentCount":0,"publisher":{"@id":"https:\/\/eltrabajo.cl\/web\/#organization"},"image":{"@id":"https:\/\/eltrabajo.cl\/web\/francisco-palladino-ya-tomo-el-mando-tecnico-de-union-san-felipe\/#primaryimage"},"thumbnailUrl":"https:\/\/eltrabajo.cl\/web\/wp-content\/uploads\/2025\/04\/Palladino-1.jpg","articleSection":["Deportes"],"inLanguage":"es-CL","potentialAction":[{"@type":"CommentAction","name":"Comment","target":["https:\/\/eltrabajo.cl\/web\/francisco-palladino-ya-tomo-el-mando-tecnico-de-union-san-felipe\/#respond"]}]},{"@type":"WebPage","@id":"https:\/\/eltrabajo.cl\/web\/francisco-palladino-ya-tomo-el-mando-tecnico-de-union-san-felipe\/","url":"https:\/\/eltrabajo.cl\/web\/francisco-palladino-ya-tomo-el-mando-tecnico-de-union-san-felipe\/","name":"Francisco Palladino ya tom\u00f3 el mando t\u00e9cnico de Uni\u00f3n San Felipe - Diario El Trabajo","isPartOf":{"@id":"https:\/\/eltrabajo.cl\/web\/#website"},"primaryImageOfPage":{"@id":"https:\/\/eltrabajo.cl\/web\/francisco-palladino-ya-tomo-el-mando-tecnico-de-union-san-felipe\/#primaryimage"},"image":{"@id":"https:\/\/eltrabajo.cl\/web\/francisco-palladino-ya-tomo-el-mando-tecnico-de-union-san-felipe\/#primaryimage"},"thumbnailUrl":"https:\/\/eltrabajo.cl\/web\/wp-content\/uploads\/2025\/04\/Palladino-1.jpg","datePublished":"2025-04-10T00:32:43+00:00","dateModified":"2025-04-10T14:07:40+00:00","breadcrumb":{"@id":"https:\/\/eltrabajo.cl\/web\/francisco-palladino-ya-tomo-el-mando-tecnico-de-union-san-felipe\/#breadcrumb"},"inLanguage":"es-CL","potentialAction":[{"@type":"ReadAction","target":["https:\/\/eltrabajo.cl\/web\/francisco-palladino-ya-tomo-el-mando-tecnico-de-union-san-felipe\/"]}]},{"@type":"ImageObject","inLanguage":"es-CL","@id":"https:\/\/eltrabajo.cl\/web\/francisco-palladino-ya-tomo-el-mando-tecnico-de-union-san-felipe\/#primaryimage","url":"https:\/\/eltrabajo.cl\/web\/wp-content\/uploads\/2025\/04\/Palladino-1.jpg","contentUrl":"https:\/\/eltrabajo.cl\/web\/wp-content\/uploads\/2025\/04\/Palladino-1.jpg","width":699,"height":465,"caption":"Francisco Palladino durante el entrenamiento de ayer en la ma\u00f1ana."},{"@type":"BreadcrumbList","@id":"https:\/\/eltrabajo.cl\/web\/francisco-palladino-ya-tomo-el-mando-tecnico-de-union-san-felipe\/#breadcrumb","itemListElement":[{"@type":"ListItem","position":1,"name":"Portada","item":"https:\/\/eltrabajo.cl\/web\/"},{"@type":"ListItem","position":2,"name":"Francisco Palladino ya tom\u00f3 el mando t\u00e9cnico de Uni\u00f3n San Felipe"}]},{"@type":"WebSite","@id":"https:\/\/eltrabajo.cl\/web\/#website","url":"https:\/\/eltrabajo.cl\/web\/","name":"Diario El Trabajo","description":"Desde 1929 construyendo Identidad Local","publisher":{"@id":"https:\/\/eltrabajo.cl\/web\/#organization"},"potentialAction":[{"@type":"SearchAction","target":{"@type":"EntryPoint","urlTemplate":"https:\/\/eltrabajo.cl\/web\/?s={search_term_string}"},"query-input":{"@type":"PropertyValueSpecification","valueRequired":true,"valueName":"search_term_string"}}],"inLanguage":"es-CL"},{"@type":"Organization","@id":"https:\/\/eltrabajo.cl\/web\/#organization","name":"Diario El Trabajo","url":"https:\/\/eltrabajo.cl\/web\/","logo":{"@type":"ImageObject","inLanguage":"es-CL","@id":"https:\/\/eltrabajo.cl\/web\/#\/schema\/logo\/image\/","url":"https:\/\/eltrabajo.cl\/web\/wp-content\/uploads\/2024\/06\/profile-image-ig-page-diarioeltrabajo.jpg","contentUrl":"https:\/\/eltrabajo.cl\/web\/wp-content\/uploads\/2024\/06\/profile-image-ig-page-diarioeltrabajo.jpg","width":823,"height":823,"caption":"Diario El Trabajo"},"image":{"@id":"https:\/\/eltrabajo.cl\/web\/#\/schema\/logo\/image\/"},"sameAs":["https:\/\/www.facebook.com\/ElTrabajoDiario","https:\/\/x.com\/diarioeltrabajo"]},{"@type":"Person","@id":"https:\/\/eltrabajo.cl\/web\/#\/schema\/person\/45efd3d17f86ec456e44dd7debe1bf19","name":"Diario El Trabajo","image":{"@type":"ImageObject","inLanguage":"es-CL","@id":"https:\/\/secure.gravatar.com\/avatar\/7e6ec277dc4aea2677c2dc301d4227957219329c985ab69a3efc12518b5161aa?s=96&d=mm&r=g","url":"https:\/\/secure.gravatar.com\/avatar\/7e6ec277dc4aea2677c2dc301d4227957219329c985ab69a3efc12518b5161aa?s=96&d=mm&r=g","contentUrl":"https:\/\/secure.gravatar.com\/avatar\/7e6ec277dc4aea2677c2dc301d4227957219329c985ab69a3efc12518b5161aa?s=96&d=mm&r=g","caption":"Diario El Trabajo"},"sameAs":["https:\/\/eltrabajo.cl\/web"],"url":"https:\/\/eltrabajo.cl\/web\/author\/diario-el-trabajo\/"}]}},"_links":{"self":[{"href":"https:\/\/eltrabajo.cl\/web\/wp-json\/wp\/v2\/posts\/136263","targetHints":{"allow":["GET"]}}],"collection":[{"href":"https:\/\/eltrabajo.cl\/web\/wp-json\/wp\/v2\/posts"}],"about":[{"href":"https:\/\/eltrabajo.cl\/web\/wp-json\/wp\/v2\/types\/post"}],"author":[{"embeddable":true,"href":"https:\/\/eltrabajo.cl\/web\/wp-json\/wp\/v2\/users\/1"}],"replies":[{"embeddable":true,"href":"https:\/\/eltrabajo.cl\/web\/wp-json\/wp\/v2\/comments?post=136263"}],"version-history":[{"count":1,"href":"https:\/\/eltrabajo.cl\/web\/wp-json\/wp\/v2\/posts\/136263\/revisions"}],"predecessor-version":[{"id":136265,"href":"https:\/\/eltrabajo.cl\/web\/wp-json\/wp\/v2\/posts\/136263\/revisions\/136265"}],"wp:featuredmedia":[{"embeddable":true,"href":"https:\/\/eltrabajo.cl\/web\/wp-json\/wp\/v2\/media\/136264"}],"wp:attachment":[{"href":"https:\/\/eltrabajo.cl\/web\/wp-json\/wp\/v2\/media?parent=136263"}],"wp:term":[{"taxonomy":"category","embeddable":true,"href":"https:\/\/eltrabajo.cl\/web\/wp-json\/wp\/v2\/categories?post=136263"},{"taxonomy":"post_tag","embeddable":true,"href":"https:\/\/eltrabajo.cl\/web\/wp-json\/wp\/v2\/tags?post=136263"}],"curies":[{"name":"wp","href":"https:\/\/api.w.org\/{rel}","templated":true}]}}