{"id":136278,"date":"2025-04-09T21:38:16","date_gmt":"2025-04-10T00:38:16","guid":{"rendered":"https:\/\/eltrabajo.cl\/web\/?p=136278"},"modified":"2025-04-10T10:58:02","modified_gmt":"2025-04-10T13:58:02","slug":"busca-desesperadamente-justicia-para-su-esposo-que-fue-victima-de-grave-accidente-de-transito-hace-mas-de-un-ano","status":"publish","type":"post","link":"https:\/\/eltrabajo.cl\/web\/busca-desesperadamente-justicia-para-su-esposo-que-fue-victima-de-grave-accidente-de-transito-hace-mas-de-un-ano\/","title":{"rendered":"Busca desesperadamente justicia para su esposo que fue v\u00edctima de grave accidente de tr\u00e1nsito hace m\u00e1s de un a\u00f1o"},"content":{"rendered":"<ul>\n<li><strong>Seg\u00fan su testimonio, el responsable no se ha hecho cargo luego de chocar a su pareja.-<\/strong><\/li>\n<\/ul>\n<p><strong>Abigail Salinas Villarreal<\/strong>, a trav\u00e9s de <strong>Diario El Trabajo<\/strong>, quiso hacer p\u00fablica la lamentable situaci\u00f3n que est\u00e1 viviendo hoy en d\u00eda con su esposo <strong>Daniel Quezada<\/strong>, quien sufri\u00f3 un accidente de tr\u00e1nsito a mediados de febrero del a\u00f1o 2024 y hasta la fecha, la persona que protagoniz\u00f3 este siniestro vial no habr\u00eda asumido su responsabilidad seg\u00fan su testimonio.<\/p>\n<p>Nos refresca la memoria indicando que <em>\u00abel d\u00eda 18 de febrero del 2024, mi esposo fue v\u00edctima de un grave accidente de tr\u00e1nsito mientras se dirig\u00eda a casa. El hecho ocurri\u00f3 en Avenida Enc\u00f3n, cuando un veh\u00edculo lo impact\u00f3 violentamente mientras \u00e9l se desplazaba en motocicleta. A la fecha, la persona responsable no ha asumido ninguna consecuencia por sus actos\u00bb<\/em>, coment\u00f3.<\/p>\n<p>Admite que <em>\u00abproducto del accidente, mi esposo sufri\u00f3 m\u00faltiples fracturas graves; fractura de acet\u00e1bulo, cadera, v\u00e9rtebra T12, pelvis, fractura expuesta del pie izquierdo, entre otras lesiones de alta complejidad. Estuvo hospitalizado durante 40 d\u00edas, cuatro meses en silla de ruedas, y a\u00fan hoy contin\u00faa en rehabilitaci\u00f3n, con dificultades para caminar\u00bb<\/em>.<\/p>\n<p>A pesar de la denuncia interpuesta ante la Fiscal\u00eda de San Felipe, <em>\u00abel proceso ha sido extremadamente lento. Ha pasado un a\u00f1o, sin avances concretos, mientras la persona responsable sigue libre, viviendo su vida con total normalidad. Cabe destacar, que al momento del accidente este conductor no contaba ni con licencia de conducir ni con la documentaci\u00f3n correspondiente del veh\u00edculo y predeciblemente bajo los efectos del alcohol\u00bb<\/em>.<\/p>\n<p>&nbsp;<\/p>\n<p><strong>OSCURO PANORAMA ECON\u00d3MICO<\/strong><\/p>\n<p>\u00ab<em>Mientras tanto, nosotros enfrentamos una carga econ\u00f3mica enorme; deudas hospitalarias, p\u00e9rdida de ingresos, y un proceso emocional y f\u00edsico devastador. Hoy exigimos justicia, no puede ser que alguien maneje sin licencia, cause un accidente tan grave y simplemente no responda\u00bb<\/em>, lament\u00f3.<\/p>\n<p>&nbsp;<\/p>\n<p><strong>BUSCAN JUSTICIA<\/strong><\/p>\n<p>\u00ab<em>No buscamos venganza, buscamos responsabilidad, queremos que se visibilice este caso, porque situaciones as\u00ed no pueden seguir ocurriendo con impunidad\u00bb<\/em>, a\u00f1adi\u00f3 Salinas.<\/p>\n<p>Su esposo actualmente est\u00e1 con licencia, hace un a\u00f1o y dos meses, y con la finalidad de evidenciar lo que le sucede a su esposo, nos hizo llegar im\u00e1genes de radiograf\u00edas que a continuaci\u00f3n exponemos.<\/p>\n<figure id=\"attachment_136279\" aria-describedby=\"caption-attachment-136279\" style=\"width: 700px\" class=\"wp-caption alignnone\"><img loading=\"lazy\" decoding=\"async\" class=\"size-full wp-image-136279\" src=\"http:\/\/eltrabajo.cl\/web\/wp-content\/uploads\/2025\/04\/Accidente-2.jpg\" alt=\"Fractura expuesta del pie y de la v\u00e9rtebra T12.\" width=\"700\" height=\"649\" srcset=\"https:\/\/eltrabajo.cl\/web\/wp-content\/uploads\/2025\/04\/Accidente-2.jpg 700w, https:\/\/eltrabajo.cl\/web\/wp-content\/uploads\/2025\/04\/Accidente-2-300x278.jpg 300w, https:\/\/eltrabajo.cl\/web\/wp-content\/uploads\/2025\/04\/Accidente-2-453x420.jpg 453w, https:\/\/eltrabajo.cl\/web\/wp-content\/uploads\/2025\/04\/Accidente-2-150x139.jpg 150w, https:\/\/eltrabajo.cl\/web\/wp-content\/uploads\/2025\/04\/Accidente-2-696x645.jpg 696w\" sizes=\"auto, (max-width: 700px) 100vw, 700px\" \/><figcaption id=\"caption-attachment-136279\" class=\"wp-caption-text\">Fractura expuesta del pie y de la v\u00e9rtebra T12.<\/figcaption><\/figure>\n<figure id=\"attachment_136280\" aria-describedby=\"caption-attachment-136280\" style=\"width: 700px\" class=\"wp-caption alignnone\"><img loading=\"lazy\" decoding=\"async\" class=\"size-full wp-image-136280\" src=\"http:\/\/eltrabajo.cl\/web\/wp-content\/uploads\/2025\/04\/Accidente-1.jpg\" alt=\"Tornillos en su pelvis.\" width=\"700\" height=\"683\" srcset=\"https:\/\/eltrabajo.cl\/web\/wp-content\/uploads\/2025\/04\/Accidente-1.jpg 700w, https:\/\/eltrabajo.cl\/web\/wp-content\/uploads\/2025\/04\/Accidente-1-300x293.jpg 300w, https:\/\/eltrabajo.cl\/web\/wp-content\/uploads\/2025\/04\/Accidente-1-430x420.jpg 430w, https:\/\/eltrabajo.cl\/web\/wp-content\/uploads\/2025\/04\/Accidente-1-150x146.jpg 150w, https:\/\/eltrabajo.cl\/web\/wp-content\/uploads\/2025\/04\/Accidente-1-696x679.jpg 696w\" sizes=\"auto, (max-width: 700px) 100vw, 700px\" \/><figcaption id=\"caption-attachment-136280\" class=\"wp-caption-text\">Tornillos en su pelvis.<\/figcaption><\/figure>\n","protected":false},"excerpt":{"rendered":"<p>Seg\u00fan su testimonio, el responsable no se ha hecho cargo luego de chocar a su pareja.- Abigail Salinas Villarreal, a trav\u00e9s de Diario El Trabajo, quiso hacer p\u00fablica la lamentable situaci\u00f3n que est\u00e1 viviendo hoy en d\u00eda con su esposo Daniel Quezada, quien sufri\u00f3 un accidente de tr\u00e1nsito a mediados de febrero del a\u00f1o 2024 [&hellip;]<\/p>\n","protected":false},"author":1,"featured_media":136280,"comment_status":"open","ping_status":"closed","sticky":false,"template":"","format":"standard","meta":{"footnotes":""},"categories":[4],"tags":[],"class_list":{"0":"post-136278","1":"post","2":"type-post","3":"status-publish","4":"format-standard","5":"has-post-thumbnail","7":"category-comunidad"},"yoast_head":"<!-- This site is optimized with the Yoast SEO plugin v27.4 - https:\/\/yoast.com\/product\/yoast-seo-wordpress\/ -->\n<title>Busca desesperadamente justicia para su esposo que fue v\u00edctima de grave accidente de tr\u00e1nsito hace m\u00e1s de un a\u00f1o - Diario El Trabajo<\/title>\n<meta name=\"robots\" content=\"index, follow, max-snippet:-1, max-image-preview:large, max-video-preview:-1\" \/>\n<link rel=\"canonical\" href=\"https:\/\/eltrabajo.cl\/web\/busca-desesperadamente-justicia-para-su-esposo-que-fue-victima-de-grave-accidente-de-transito-hace-mas-de-un-ano\/\" \/>\n<meta property=\"og:locale\" content=\"es_ES\" \/>\n<meta property=\"og:type\" content=\"article\" \/>\n<meta property=\"og:title\" content=\"Busca desesperadamente justicia para su esposo que fue v\u00edctima de grave accidente de tr\u00e1nsito hace m\u00e1s de un a\u00f1o - Diario El Trabajo\" \/>\n<meta property=\"og:description\" content=\"Seg\u00fan su testimonio, el responsable no se ha hecho cargo luego de chocar a su pareja.- Abigail Salinas Villarreal, a trav\u00e9s de Diario El Trabajo, quiso hacer p\u00fablica la lamentable situaci\u00f3n que est\u00e1 viviendo hoy en d\u00eda con su esposo Daniel Quezada, quien sufri\u00f3 un accidente de tr\u00e1nsito a mediados de febrero del a\u00f1o 2024 [&hellip;]\" \/>\n<meta property=\"og:url\" content=\"https:\/\/eltrabajo.cl\/web\/busca-desesperadamente-justicia-para-su-esposo-que-fue-victima-de-grave-accidente-de-transito-hace-mas-de-un-ano\/\" \/>\n<meta property=\"og:site_name\" content=\"Diario El Trabajo\" \/>\n<meta property=\"article:publisher\" content=\"https:\/\/www.facebook.com\/ElTrabajoDiario\" \/>\n<meta property=\"article:published_time\" content=\"2025-04-10T00:38:16+00:00\" \/>\n<meta property=\"article:modified_time\" content=\"2025-04-10T13:58:02+00:00\" \/>\n<meta property=\"og:image\" content=\"https:\/\/eltrabajo.cl\/web\/wp-content\/uploads\/2025\/04\/Accidente-1.jpg\" \/>\n\t<meta property=\"og:image:width\" content=\"700\" \/>\n\t<meta property=\"og:image:height\" content=\"683\" \/>\n\t<meta property=\"og:image:type\" content=\"image\/jpeg\" \/>\n<meta name=\"author\" content=\"Diario El Trabajo\" \/>\n<meta name=\"twitter:card\" content=\"summary_large_image\" \/>\n<meta name=\"twitter:creator\" content=\"@diarioeltrabajo\" \/>\n<meta name=\"twitter:site\" content=\"@diarioeltrabajo\" \/>\n<meta name=\"twitter:label1\" content=\"Escrito por\" \/>\n\t<meta name=\"twitter:data1\" content=\"Diario El Trabajo\" \/>\n\t<meta name=\"twitter:label2\" content=\"Tiempo estimado de lectura\" \/>\n\t<meta name=\"twitter:data2\" content=\"3 minutos\" \/>\n<script type=\"application\/ld+json\" class=\"yoast-schema-graph\">{\"@context\":\"https:\\\/\\\/schema.org\",\"@graph\":[{\"@type\":\"Article\",\"@id\":\"https:\\\/\\\/eltrabajo.cl\\\/web\\\/busca-desesperadamente-justicia-para-su-esposo-que-fue-victima-de-grave-accidente-de-transito-hace-mas-de-un-ano\\\/#article\",\"isPartOf\":{\"@id\":\"https:\\\/\\\/eltrabajo.cl\\\/web\\\/busca-desesperadamente-justicia-para-su-esposo-que-fue-victima-de-grave-accidente-de-transito-hace-mas-de-un-ano\\\/\"},\"author\":{\"name\":\"Diario El Trabajo\",\"@id\":\"https:\\\/\\\/eltrabajo.cl\\\/web\\\/#\\\/schema\\\/person\\\/45efd3d17f86ec456e44dd7debe1bf19\"},\"headline\":\"Busca desesperadamente justicia para su esposo que fue v\u00edctima de grave accidente de tr\u00e1nsito hace m\u00e1s de un a\u00f1o\",\"datePublished\":\"2025-04-10T00:38:16+00:00\",\"dateModified\":\"2025-04-10T13:58:02+00:00\",\"mainEntityOfPage\":{\"@id\":\"https:\\\/\\\/eltrabajo.cl\\\/web\\\/busca-desesperadamente-justicia-para-su-esposo-que-fue-victima-de-grave-accidente-de-transito-hace-mas-de-un-ano\\\/\"},\"wordCount\":440,\"commentCount\":0,\"publisher\":{\"@id\":\"https:\\\/\\\/eltrabajo.cl\\\/web\\\/#organization\"},\"image\":{\"@id\":\"https:\\\/\\\/eltrabajo.cl\\\/web\\\/busca-desesperadamente-justicia-para-su-esposo-que-fue-victima-de-grave-accidente-de-transito-hace-mas-de-un-ano\\\/#primaryimage\"},\"thumbnailUrl\":\"https:\\\/\\\/eltrabajo.cl\\\/web\\\/wp-content\\\/uploads\\\/2025\\\/04\\\/Accidente-1.jpg\",\"articleSection\":[\"Comunidad\"],\"inLanguage\":\"es-CL\",\"potentialAction\":[{\"@type\":\"CommentAction\",\"name\":\"Comment\",\"target\":[\"https:\\\/\\\/eltrabajo.cl\\\/web\\\/busca-desesperadamente-justicia-para-su-esposo-que-fue-victima-de-grave-accidente-de-transito-hace-mas-de-un-ano\\\/#respond\"]}]},{\"@type\":\"WebPage\",\"@id\":\"https:\\\/\\\/eltrabajo.cl\\\/web\\\/busca-desesperadamente-justicia-para-su-esposo-que-fue-victima-de-grave-accidente-de-transito-hace-mas-de-un-ano\\\/\",\"url\":\"https:\\\/\\\/eltrabajo.cl\\\/web\\\/busca-desesperadamente-justicia-para-su-esposo-que-fue-victima-de-grave-accidente-de-transito-hace-mas-de-un-ano\\\/\",\"name\":\"Busca desesperadamente justicia para su esposo que fue v\u00edctima de grave accidente de tr\u00e1nsito hace m\u00e1s de un a\u00f1o - Diario El Trabajo\",\"isPartOf\":{\"@id\":\"https:\\\/\\\/eltrabajo.cl\\\/web\\\/#website\"},\"primaryImageOfPage\":{\"@id\":\"https:\\\/\\\/eltrabajo.cl\\\/web\\\/busca-desesperadamente-justicia-para-su-esposo-que-fue-victima-de-grave-accidente-de-transito-hace-mas-de-un-ano\\\/#primaryimage\"},\"image\":{\"@id\":\"https:\\\/\\\/eltrabajo.cl\\\/web\\\/busca-desesperadamente-justicia-para-su-esposo-que-fue-victima-de-grave-accidente-de-transito-hace-mas-de-un-ano\\\/#primaryimage\"},\"thumbnailUrl\":\"https:\\\/\\\/eltrabajo.cl\\\/web\\\/wp-content\\\/uploads\\\/2025\\\/04\\\/Accidente-1.jpg\",\"datePublished\":\"2025-04-10T00:38:16+00:00\",\"dateModified\":\"2025-04-10T13:58:02+00:00\",\"breadcrumb\":{\"@id\":\"https:\\\/\\\/eltrabajo.cl\\\/web\\\/busca-desesperadamente-justicia-para-su-esposo-que-fue-victima-de-grave-accidente-de-transito-hace-mas-de-un-ano\\\/#breadcrumb\"},\"inLanguage\":\"es-CL\",\"potentialAction\":[{\"@type\":\"ReadAction\",\"target\":[\"https:\\\/\\\/eltrabajo.cl\\\/web\\\/busca-desesperadamente-justicia-para-su-esposo-que-fue-victima-de-grave-accidente-de-transito-hace-mas-de-un-ano\\\/\"]}]},{\"@type\":\"ImageObject\",\"inLanguage\":\"es-CL\",\"@id\":\"https:\\\/\\\/eltrabajo.cl\\\/web\\\/busca-desesperadamente-justicia-para-su-esposo-que-fue-victima-de-grave-accidente-de-transito-hace-mas-de-un-ano\\\/#primaryimage\",\"url\":\"https:\\\/\\\/eltrabajo.cl\\\/web\\\/wp-content\\\/uploads\\\/2025\\\/04\\\/Accidente-1.jpg\",\"contentUrl\":\"https:\\\/\\\/eltrabajo.cl\\\/web\\\/wp-content\\\/uploads\\\/2025\\\/04\\\/Accidente-1.jpg\",\"width\":700,\"height\":683,\"caption\":\"Tornillos en su pelvis.\"},{\"@type\":\"BreadcrumbList\",\"@id\":\"https:\\\/\\\/eltrabajo.cl\\\/web\\\/busca-desesperadamente-justicia-para-su-esposo-que-fue-victima-de-grave-accidente-de-transito-hace-mas-de-un-ano\\\/#breadcrumb\",\"itemListElement\":[{\"@type\":\"ListItem\",\"position\":1,\"name\":\"Portada\",\"item\":\"https:\\\/\\\/eltrabajo.cl\\\/web\\\/\"},{\"@type\":\"ListItem\",\"position\":2,\"name\":\"Busca desesperadamente justicia para su esposo que fue v\u00edctima de grave accidente de tr\u00e1nsito hace m\u00e1s de un a\u00f1o\"}]},{\"@type\":\"WebSite\",\"@id\":\"https:\\\/\\\/eltrabajo.cl\\\/web\\\/#website\",\"url\":\"https:\\\/\\\/eltrabajo.cl\\\/web\\\/\",\"name\":\"Diario El Trabajo\",\"description\":\"Desde 1929 construyendo Identidad Local\",\"publisher\":{\"@id\":\"https:\\\/\\\/eltrabajo.cl\\\/web\\\/#organization\"},\"potentialAction\":[{\"@type\":\"SearchAction\",\"target\":{\"@type\":\"EntryPoint\",\"urlTemplate\":\"https:\\\/\\\/eltrabajo.cl\\\/web\\\/?s={search_term_string}\"},\"query-input\":{\"@type\":\"PropertyValueSpecification\",\"valueRequired\":true,\"valueName\":\"search_term_string\"}}],\"inLanguage\":\"es-CL\"},{\"@type\":\"Organization\",\"@id\":\"https:\\\/\\\/eltrabajo.cl\\\/web\\\/#organization\",\"name\":\"Diario El Trabajo\",\"url\":\"https:\\\/\\\/eltrabajo.cl\\\/web\\\/\",\"logo\":{\"@type\":\"ImageObject\",\"inLanguage\":\"es-CL\",\"@id\":\"https:\\\/\\\/eltrabajo.cl\\\/web\\\/#\\\/schema\\\/logo\\\/image\\\/\",\"url\":\"https:\\\/\\\/eltrabajo.cl\\\/web\\\/wp-content\\\/uploads\\\/2024\\\/06\\\/profile-image-ig-page-diarioeltrabajo.jpg\",\"contentUrl\":\"https:\\\/\\\/eltrabajo.cl\\\/web\\\/wp-content\\\/uploads\\\/2024\\\/06\\\/profile-image-ig-page-diarioeltrabajo.jpg\",\"width\":823,\"height\":823,\"caption\":\"Diario El Trabajo\"},\"image\":{\"@id\":\"https:\\\/\\\/eltrabajo.cl\\\/web\\\/#\\\/schema\\\/logo\\\/image\\\/\"},\"sameAs\":[\"https:\\\/\\\/www.facebook.com\\\/ElTrabajoDiario\",\"https:\\\/\\\/x.com\\\/diarioeltrabajo\"]},{\"@type\":\"Person\",\"@id\":\"https:\\\/\\\/eltrabajo.cl\\\/web\\\/#\\\/schema\\\/person\\\/45efd3d17f86ec456e44dd7debe1bf19\",\"name\":\"Diario El Trabajo\",\"image\":{\"@type\":\"ImageObject\",\"inLanguage\":\"es-CL\",\"@id\":\"https:\\\/\\\/secure.gravatar.com\\\/avatar\\\/7e6ec277dc4aea2677c2dc301d4227957219329c985ab69a3efc12518b5161aa?s=96&d=mm&r=g\",\"url\":\"https:\\\/\\\/secure.gravatar.com\\\/avatar\\\/7e6ec277dc4aea2677c2dc301d4227957219329c985ab69a3efc12518b5161aa?s=96&d=mm&r=g\",\"contentUrl\":\"https:\\\/\\\/secure.gravatar.com\\\/avatar\\\/7e6ec277dc4aea2677c2dc301d4227957219329c985ab69a3efc12518b5161aa?s=96&d=mm&r=g\",\"caption\":\"Diario El Trabajo\"},\"sameAs\":[\"https:\\\/\\\/eltrabajo.cl\\\/web\"],\"url\":\"https:\\\/\\\/eltrabajo.cl\\\/web\\\/author\\\/diario-el-trabajo\\\/\"}]}<\/script>\n<!-- \/ Yoast SEO plugin. -->","yoast_head_json":{"title":"Busca desesperadamente justicia para su esposo que fue v\u00edctima de grave accidente de tr\u00e1nsito hace m\u00e1s de un a\u00f1o - Diario El Trabajo","robots":{"index":"index","follow":"follow","max-snippet":"max-snippet:-1","max-image-preview":"max-image-preview:large","max-video-preview":"max-video-preview:-1"},"canonical":"https:\/\/eltrabajo.cl\/web\/busca-desesperadamente-justicia-para-su-esposo-que-fue-victima-de-grave-accidente-de-transito-hace-mas-de-un-ano\/","og_locale":"es_ES","og_type":"article","og_title":"Busca desesperadamente justicia para su esposo que fue v\u00edctima de grave accidente de tr\u00e1nsito hace m\u00e1s de un a\u00f1o - Diario El Trabajo","og_description":"Seg\u00fan su testimonio, el responsable no se ha hecho cargo luego de chocar a su pareja.- Abigail Salinas Villarreal, a trav\u00e9s de Diario El Trabajo, quiso hacer p\u00fablica la lamentable situaci\u00f3n que est\u00e1 viviendo hoy en d\u00eda con su esposo Daniel Quezada, quien sufri\u00f3 un accidente de tr\u00e1nsito a mediados de febrero del a\u00f1o 2024 [&hellip;]","og_url":"https:\/\/eltrabajo.cl\/web\/busca-desesperadamente-justicia-para-su-esposo-que-fue-victima-de-grave-accidente-de-transito-hace-mas-de-un-ano\/","og_site_name":"Diario El Trabajo","article_publisher":"https:\/\/www.facebook.com\/ElTrabajoDiario","article_published_time":"2025-04-10T00:38:16+00:00","article_modified_time":"2025-04-10T13:58:02+00:00","og_image":[{"width":700,"height":683,"url":"https:\/\/eltrabajo.cl\/web\/wp-content\/uploads\/2025\/04\/Accidente-1.jpg","type":"image\/jpeg"}],"author":"Diario El Trabajo","twitter_card":"summary_large_image","twitter_creator":"@diarioeltrabajo","twitter_site":"@diarioeltrabajo","twitter_misc":{"Escrito por":"Diario El Trabajo","Tiempo estimado de lectura":"3 minutos"},"schema":{"@context":"https:\/\/schema.org","@graph":[{"@type":"Article","@id":"https:\/\/eltrabajo.cl\/web\/busca-desesperadamente-justicia-para-su-esposo-que-fue-victima-de-grave-accidente-de-transito-hace-mas-de-un-ano\/#article","isPartOf":{"@id":"https:\/\/eltrabajo.cl\/web\/busca-desesperadamente-justicia-para-su-esposo-que-fue-victima-de-grave-accidente-de-transito-hace-mas-de-un-ano\/"},"author":{"name":"Diario El Trabajo","@id":"https:\/\/eltrabajo.cl\/web\/#\/schema\/person\/45efd3d17f86ec456e44dd7debe1bf19"},"headline":"Busca desesperadamente justicia para su esposo que fue v\u00edctima de grave accidente de tr\u00e1nsito hace m\u00e1s de un a\u00f1o","datePublished":"2025-04-10T00:38:16+00:00","dateModified":"2025-04-10T13:58:02+00:00","mainEntityOfPage":{"@id":"https:\/\/eltrabajo.cl\/web\/busca-desesperadamente-justicia-para-su-esposo-que-fue-victima-de-grave-accidente-de-transito-hace-mas-de-un-ano\/"},"wordCount":440,"commentCount":0,"publisher":{"@id":"https:\/\/eltrabajo.cl\/web\/#organization"},"image":{"@id":"https:\/\/eltrabajo.cl\/web\/busca-desesperadamente-justicia-para-su-esposo-que-fue-victima-de-grave-accidente-de-transito-hace-mas-de-un-ano\/#primaryimage"},"thumbnailUrl":"https:\/\/eltrabajo.cl\/web\/wp-content\/uploads\/2025\/04\/Accidente-1.jpg","articleSection":["Comunidad"],"inLanguage":"es-CL","potentialAction":[{"@type":"CommentAction","name":"Comment","target":["https:\/\/eltrabajo.cl\/web\/busca-desesperadamente-justicia-para-su-esposo-que-fue-victima-de-grave-accidente-de-transito-hace-mas-de-un-ano\/#respond"]}]},{"@type":"WebPage","@id":"https:\/\/eltrabajo.cl\/web\/busca-desesperadamente-justicia-para-su-esposo-que-fue-victima-de-grave-accidente-de-transito-hace-mas-de-un-ano\/","url":"https:\/\/eltrabajo.cl\/web\/busca-desesperadamente-justicia-para-su-esposo-que-fue-victima-de-grave-accidente-de-transito-hace-mas-de-un-ano\/","name":"Busca desesperadamente justicia para su esposo que fue v\u00edctima de grave accidente de tr\u00e1nsito hace m\u00e1s de un a\u00f1o - Diario El Trabajo","isPartOf":{"@id":"https:\/\/eltrabajo.cl\/web\/#website"},"primaryImageOfPage":{"@id":"https:\/\/eltrabajo.cl\/web\/busca-desesperadamente-justicia-para-su-esposo-que-fue-victima-de-grave-accidente-de-transito-hace-mas-de-un-ano\/#primaryimage"},"image":{"@id":"https:\/\/eltrabajo.cl\/web\/busca-desesperadamente-justicia-para-su-esposo-que-fue-victima-de-grave-accidente-de-transito-hace-mas-de-un-ano\/#primaryimage"},"thumbnailUrl":"https:\/\/eltrabajo.cl\/web\/wp-content\/uploads\/2025\/04\/Accidente-1.jpg","datePublished":"2025-04-10T00:38:16+00:00","dateModified":"2025-04-10T13:58:02+00:00","breadcrumb":{"@id":"https:\/\/eltrabajo.cl\/web\/busca-desesperadamente-justicia-para-su-esposo-que-fue-victima-de-grave-accidente-de-transito-hace-mas-de-un-ano\/#breadcrumb"},"inLanguage":"es-CL","potentialAction":[{"@type":"ReadAction","target":["https:\/\/eltrabajo.cl\/web\/busca-desesperadamente-justicia-para-su-esposo-que-fue-victima-de-grave-accidente-de-transito-hace-mas-de-un-ano\/"]}]},{"@type":"ImageObject","inLanguage":"es-CL","@id":"https:\/\/eltrabajo.cl\/web\/busca-desesperadamente-justicia-para-su-esposo-que-fue-victima-de-grave-accidente-de-transito-hace-mas-de-un-ano\/#primaryimage","url":"https:\/\/eltrabajo.cl\/web\/wp-content\/uploads\/2025\/04\/Accidente-1.jpg","contentUrl":"https:\/\/eltrabajo.cl\/web\/wp-content\/uploads\/2025\/04\/Accidente-1.jpg","width":700,"height":683,"caption":"Tornillos en su pelvis."},{"@type":"BreadcrumbList","@id":"https:\/\/eltrabajo.cl\/web\/busca-desesperadamente-justicia-para-su-esposo-que-fue-victima-de-grave-accidente-de-transito-hace-mas-de-un-ano\/#breadcrumb","itemListElement":[{"@type":"ListItem","position":1,"name":"Portada","item":"https:\/\/eltrabajo.cl\/web\/"},{"@type":"ListItem","position":2,"name":"Busca desesperadamente justicia para su esposo que fue v\u00edctima de grave accidente de tr\u00e1nsito hace m\u00e1s de un a\u00f1o"}]},{"@type":"WebSite","@id":"https:\/\/eltrabajo.cl\/web\/#website","url":"https:\/\/eltrabajo.cl\/web\/","name":"Diario El Trabajo","description":"Desde 1929 construyendo Identidad Local","publisher":{"@id":"https:\/\/eltrabajo.cl\/web\/#organization"},"potentialAction":[{"@type":"SearchAction","target":{"@type":"EntryPoint","urlTemplate":"https:\/\/eltrabajo.cl\/web\/?s={search_term_string}"},"query-input":{"@type":"PropertyValueSpecification","valueRequired":true,"valueName":"search_term_string"}}],"inLanguage":"es-CL"},{"@type":"Organization","@id":"https:\/\/eltrabajo.cl\/web\/#organization","name":"Diario El Trabajo","url":"https:\/\/eltrabajo.cl\/web\/","logo":{"@type":"ImageObject","inLanguage":"es-CL","@id":"https:\/\/eltrabajo.cl\/web\/#\/schema\/logo\/image\/","url":"https:\/\/eltrabajo.cl\/web\/wp-content\/uploads\/2024\/06\/profile-image-ig-page-diarioeltrabajo.jpg","contentUrl":"https:\/\/eltrabajo.cl\/web\/wp-content\/uploads\/2024\/06\/profile-image-ig-page-diarioeltrabajo.jpg","width":823,"height":823,"caption":"Diario El Trabajo"},"image":{"@id":"https:\/\/eltrabajo.cl\/web\/#\/schema\/logo\/image\/"},"sameAs":["https:\/\/www.facebook.com\/ElTrabajoDiario","https:\/\/x.com\/diarioeltrabajo"]},{"@type":"Person","@id":"https:\/\/eltrabajo.cl\/web\/#\/schema\/person\/45efd3d17f86ec456e44dd7debe1bf19","name":"Diario El Trabajo","image":{"@type":"ImageObject","inLanguage":"es-CL","@id":"https:\/\/secure.gravatar.com\/avatar\/7e6ec277dc4aea2677c2dc301d4227957219329c985ab69a3efc12518b5161aa?s=96&d=mm&r=g","url":"https:\/\/secure.gravatar.com\/avatar\/7e6ec277dc4aea2677c2dc301d4227957219329c985ab69a3efc12518b5161aa?s=96&d=mm&r=g","contentUrl":"https:\/\/secure.gravatar.com\/avatar\/7e6ec277dc4aea2677c2dc301d4227957219329c985ab69a3efc12518b5161aa?s=96&d=mm&r=g","caption":"Diario El Trabajo"},"sameAs":["https:\/\/eltrabajo.cl\/web"],"url":"https:\/\/eltrabajo.cl\/web\/author\/diario-el-trabajo\/"}]}},"_links":{"self":[{"href":"https:\/\/eltrabajo.cl\/web\/wp-json\/wp\/v2\/posts\/136278","targetHints":{"allow":["GET"]}}],"collection":[{"href":"https:\/\/eltrabajo.cl\/web\/wp-json\/wp\/v2\/posts"}],"about":[{"href":"https:\/\/eltrabajo.cl\/web\/wp-json\/wp\/v2\/types\/post"}],"author":[{"embeddable":true,"href":"https:\/\/eltrabajo.cl\/web\/wp-json\/wp\/v2\/users\/1"}],"replies":[{"embeddable":true,"href":"https:\/\/eltrabajo.cl\/web\/wp-json\/wp\/v2\/comments?post=136278"}],"version-history":[{"count":4,"href":"https:\/\/eltrabajo.cl\/web\/wp-json\/wp\/v2\/posts\/136278\/revisions"}],"predecessor-version":[{"id":136290,"href":"https:\/\/eltrabajo.cl\/web\/wp-json\/wp\/v2\/posts\/136278\/revisions\/136290"}],"wp:featuredmedia":[{"embeddable":true,"href":"https:\/\/eltrabajo.cl\/web\/wp-json\/wp\/v2\/media\/136280"}],"wp:attachment":[{"href":"https:\/\/eltrabajo.cl\/web\/wp-json\/wp\/v2\/media?parent=136278"}],"wp:term":[{"taxonomy":"category","embeddable":true,"href":"https:\/\/eltrabajo.cl\/web\/wp-json\/wp\/v2\/categories?post=136278"},{"taxonomy":"post_tag","embeddable":true,"href":"https:\/\/eltrabajo.cl\/web\/wp-json\/wp\/v2\/tags?post=136278"}],"curies":[{"name":"wp","href":"https:\/\/api.w.org\/{rel}","templated":true}]}}