{"id":136308,"date":"2025-04-10T21:28:29","date_gmt":"2025-04-11T00:28:29","guid":{"rendered":"https:\/\/eltrabajo.cl\/web\/?p=136308"},"modified":"2025-04-10T21:28:29","modified_gmt":"2025-04-11T00:28:29","slug":"con-tecnico-nuevo-union-san-felipe-quiere-comenzar-a-levantar-cabeza","status":"publish","type":"post","link":"https:\/\/eltrabajo.cl\/web\/con-tecnico-nuevo-union-san-felipe-quiere-comenzar-a-levantar-cabeza\/","title":{"rendered":"Con t\u00e9cnico nuevo Uni\u00f3n San Felipe quiere comenzar a levantar cabeza"},"content":{"rendered":"<p>Esta noche, ahora bajo la conducci\u00f3n t\u00e9cnica del charr\u00faa <strong>Francisco Palladino<\/strong>, Uni\u00f3n San Felipe intentar\u00e1 salir ileso en su visita a Quillota para empezar a poner una mirada m\u00e1s optimista en sus pr\u00f3ximos desaf\u00edos.<\/p>\n<p>Claramente la tarea no es nada sencilla, ya que San Luis es un equipo que, sin ser brillante, es de cuidado, lo que claramente obligar\u00e1 a los albirrojos a estar aplicados para evitar sufrir aver\u00edas en su arco.<\/p>\n<p>El pleito correspondiente a la fecha 6 del torneo de la Primera B, ser\u00e1 el encargado de abrir la jornada. Quillotanos y sanfelipe\u00f1os se citar\u00e1n a partir de las 20:00 horas en el estadio Lucio Fari\u00f1a Fern\u00e1ndez de Quillota.<\/p>\n<p>Sobre el duelo de esta noche, el portero <strong>Paulo Garc\u00e9s<\/strong>, dijo: <em>\u00abTenemos que remontar, es lo que nos toca y debemos hacer. San Luis es un rival dif\u00edcil que viene fuerte despu\u00e9s de haber eliminado a la UC en la Copa Chile. Nosotros tenemos un cuerpo t\u00e9cnico nuevo que tiene muchas ganas de sacar esto adelante\u00bb<\/em>.<\/p>\n<p>Programaci\u00f3n fecha 6:<\/p>\n<p>Viernes 11<\/p>\n<p>20:00: San Luis \u2013 Uni\u00f3n San Felipe.<\/p>\n<p>S\u00e1bado 12<\/p>\n<p>12:00: Recoleta \u2013 Deportes Antofagasta.<\/p>\n<p>15:00: Rangers \u2013 Curic\u00f3 Unido.<\/p>\n<p>17:30: Cobreloa \u2013 Magallanes.<\/p>\n<p>Domingo 13<\/p>\n<p>12:30: Deportes Concepci\u00f3n \u2013 Deportes Copiap\u00f3.<\/p>\n<p>15:00: Santiago Wanderers \u2013 Deportes Temuco.<\/p>\n<p>18:00: Santa Cruz \u2013 Santiago Morning.<\/p>\n<p>20:30: San Marcos \u2013 Universidad de Concepci\u00f3n.<\/p>\n<p>Tabla de Posiciones<\/p>\n<p>Lugar\u00a0 \u00a0 \u00a0 \u00a0 \u00a0 \u00a0 \u00a0 \u00a0 \u00a0Ptos.<\/p>\n<p>Deportes Copiap\u00f3 11<\/p>\n<p>Santiago Wanderers 10<\/p>\n<p>Univ. de Concepci\u00f3n 10<\/p>\n<p>Deportes Recoleta 10<\/p>\n<p>Rangers 8<\/p>\n<p>Magallanes 7<\/p>\n<p>San Marcos 7<\/p>\n<p>Cobreloa 6<\/p>\n<p>Curic\u00f3 6<\/p>\n<p>San Luis 6<\/p>\n<p>Deportes Temuco 5<\/p>\n<p>Antofagasta 5<\/p>\n<p>Santa Cruz 4<\/p>\n<p>Deportes Concepci\u00f3n 4<\/p>\n<p>Uni\u00f3n San Felipe 2<\/p>\n<p>Santiago Morning -4<\/p>\n<figure id=\"attachment_136309\" aria-describedby=\"caption-attachment-136309\" style=\"width: 699px\" class=\"wp-caption alignnone\"><img loading=\"lazy\" decoding=\"async\" class=\"size-full wp-image-136309\" src=\"http:\/\/eltrabajo.cl\/web\/wp-content\/uploads\/2025\/04\/uni-uni-1.jpg\" alt=\"Sobre Francisco Palladino recaer\u00e1 la responsabilidad de que el Un\u00ed Un\u00ed inicie su repunte. \" width=\"699\" height=\"445\" srcset=\"https:\/\/eltrabajo.cl\/web\/wp-content\/uploads\/2025\/04\/uni-uni-1.jpg 699w, https:\/\/eltrabajo.cl\/web\/wp-content\/uploads\/2025\/04\/uni-uni-1-300x191.jpg 300w, https:\/\/eltrabajo.cl\/web\/wp-content\/uploads\/2025\/04\/uni-uni-1-660x420.jpg 660w, https:\/\/eltrabajo.cl\/web\/wp-content\/uploads\/2025\/04\/uni-uni-1-150x95.jpg 150w, https:\/\/eltrabajo.cl\/web\/wp-content\/uploads\/2025\/04\/uni-uni-1-696x443.jpg 696w\" sizes=\"auto, (max-width: 699px) 100vw, 699px\" \/><figcaption id=\"caption-attachment-136309\" class=\"wp-caption-text\">Sobre Francisco Palladino recaer\u00e1 la responsabilidad de que el Un\u00ed Un\u00ed inicie su repunte.<\/figcaption><\/figure>\n","protected":false},"excerpt":{"rendered":"<p>Esta noche, ahora bajo la conducci\u00f3n t\u00e9cnica del charr\u00faa Francisco Palladino, Uni\u00f3n San Felipe intentar\u00e1 salir ileso en su visita a Quillota para empezar a poner una mirada m\u00e1s optimista en sus pr\u00f3ximos desaf\u00edos. Claramente la tarea no es nada sencilla, ya que San Luis es un equipo que, sin ser brillante, es de cuidado, [&hellip;]<\/p>\n","protected":false},"author":1,"featured_media":136309,"comment_status":"open","ping_status":"closed","sticky":false,"template":"","format":"standard","meta":{"footnotes":""},"categories":[2],"tags":[],"class_list":{"0":"post-136308","1":"post","2":"type-post","3":"status-publish","4":"format-standard","5":"has-post-thumbnail","7":"category-deportes"},"yoast_head":"<!-- This site is optimized with the Yoast SEO plugin v27.5 - https:\/\/yoast.com\/product\/yoast-seo-wordpress\/ -->\n<title>Con t\u00e9cnico nuevo Uni\u00f3n San Felipe quiere comenzar a levantar cabeza - Diario El Trabajo<\/title>\n<meta name=\"robots\" content=\"index, follow, max-snippet:-1, max-image-preview:large, max-video-preview:-1\" \/>\n<link rel=\"canonical\" href=\"https:\/\/eltrabajo.cl\/web\/con-tecnico-nuevo-union-san-felipe-quiere-comenzar-a-levantar-cabeza\/\" \/>\n<meta property=\"og:locale\" content=\"es_ES\" \/>\n<meta property=\"og:type\" content=\"article\" \/>\n<meta property=\"og:title\" content=\"Con t\u00e9cnico nuevo Uni\u00f3n San Felipe quiere comenzar a levantar cabeza - Diario El Trabajo\" \/>\n<meta property=\"og:description\" content=\"Esta noche, ahora bajo la conducci\u00f3n t\u00e9cnica del charr\u00faa Francisco Palladino, Uni\u00f3n San Felipe intentar\u00e1 salir ileso en su visita a Quillota para empezar a poner una mirada m\u00e1s optimista en sus pr\u00f3ximos desaf\u00edos. Claramente la tarea no es nada sencilla, ya que San Luis es un equipo que, sin ser brillante, es de cuidado, [&hellip;]\" \/>\n<meta property=\"og:url\" content=\"https:\/\/eltrabajo.cl\/web\/con-tecnico-nuevo-union-san-felipe-quiere-comenzar-a-levantar-cabeza\/\" \/>\n<meta property=\"og:site_name\" content=\"Diario El Trabajo\" \/>\n<meta property=\"article:publisher\" content=\"https:\/\/www.facebook.com\/ElTrabajoDiario\" \/>\n<meta property=\"article:published_time\" content=\"2025-04-11T00:28:29+00:00\" \/>\n<meta property=\"og:image\" content=\"https:\/\/eltrabajo.cl\/web\/wp-content\/uploads\/2025\/04\/uni-uni-1.jpg\" \/>\n\t<meta property=\"og:image:width\" content=\"699\" \/>\n\t<meta property=\"og:image:height\" content=\"445\" \/>\n\t<meta property=\"og:image:type\" content=\"image\/jpeg\" \/>\n<meta name=\"author\" content=\"Diario El Trabajo\" \/>\n<meta name=\"twitter:card\" content=\"summary_large_image\" \/>\n<meta name=\"twitter:creator\" content=\"@diarioeltrabajo\" \/>\n<meta name=\"twitter:site\" content=\"@diarioeltrabajo\" \/>\n<meta name=\"twitter:label1\" content=\"Escrito por\" \/>\n\t<meta name=\"twitter:data1\" content=\"Diario El Trabajo\" \/>\n\t<meta name=\"twitter:label2\" content=\"Tiempo estimado de lectura\" \/>\n\t<meta name=\"twitter:data2\" content=\"2 minutos\" \/>\n<script type=\"application\/ld+json\" class=\"yoast-schema-graph\">{\"@context\":\"https:\\\/\\\/schema.org\",\"@graph\":[{\"@type\":\"Article\",\"@id\":\"https:\\\/\\\/eltrabajo.cl\\\/web\\\/con-tecnico-nuevo-union-san-felipe-quiere-comenzar-a-levantar-cabeza\\\/#article\",\"isPartOf\":{\"@id\":\"https:\\\/\\\/eltrabajo.cl\\\/web\\\/con-tecnico-nuevo-union-san-felipe-quiere-comenzar-a-levantar-cabeza\\\/\"},\"author\":{\"name\":\"Diario El Trabajo\",\"@id\":\"https:\\\/\\\/eltrabajo.cl\\\/web\\\/#\\\/schema\\\/person\\\/45efd3d17f86ec456e44dd7debe1bf19\"},\"headline\":\"Con t\u00e9cnico nuevo Uni\u00f3n San Felipe quiere comenzar a levantar cabeza\",\"datePublished\":\"2025-04-11T00:28:29+00:00\",\"mainEntityOfPage\":{\"@id\":\"https:\\\/\\\/eltrabajo.cl\\\/web\\\/con-tecnico-nuevo-union-san-felipe-quiere-comenzar-a-levantar-cabeza\\\/\"},\"wordCount\":293,\"commentCount\":0,\"publisher\":{\"@id\":\"https:\\\/\\\/eltrabajo.cl\\\/web\\\/#organization\"},\"image\":{\"@id\":\"https:\\\/\\\/eltrabajo.cl\\\/web\\\/con-tecnico-nuevo-union-san-felipe-quiere-comenzar-a-levantar-cabeza\\\/#primaryimage\"},\"thumbnailUrl\":\"https:\\\/\\\/eltrabajo.cl\\\/web\\\/wp-content\\\/uploads\\\/2025\\\/04\\\/uni-uni-1.jpg\",\"articleSection\":[\"Deportes\"],\"inLanguage\":\"es-CL\",\"potentialAction\":[{\"@type\":\"CommentAction\",\"name\":\"Comment\",\"target\":[\"https:\\\/\\\/eltrabajo.cl\\\/web\\\/con-tecnico-nuevo-union-san-felipe-quiere-comenzar-a-levantar-cabeza\\\/#respond\"]}]},{\"@type\":\"WebPage\",\"@id\":\"https:\\\/\\\/eltrabajo.cl\\\/web\\\/con-tecnico-nuevo-union-san-felipe-quiere-comenzar-a-levantar-cabeza\\\/\",\"url\":\"https:\\\/\\\/eltrabajo.cl\\\/web\\\/con-tecnico-nuevo-union-san-felipe-quiere-comenzar-a-levantar-cabeza\\\/\",\"name\":\"Con t\u00e9cnico nuevo Uni\u00f3n San Felipe quiere comenzar a levantar cabeza - Diario El Trabajo\",\"isPartOf\":{\"@id\":\"https:\\\/\\\/eltrabajo.cl\\\/web\\\/#website\"},\"primaryImageOfPage\":{\"@id\":\"https:\\\/\\\/eltrabajo.cl\\\/web\\\/con-tecnico-nuevo-union-san-felipe-quiere-comenzar-a-levantar-cabeza\\\/#primaryimage\"},\"image\":{\"@id\":\"https:\\\/\\\/eltrabajo.cl\\\/web\\\/con-tecnico-nuevo-union-san-felipe-quiere-comenzar-a-levantar-cabeza\\\/#primaryimage\"},\"thumbnailUrl\":\"https:\\\/\\\/eltrabajo.cl\\\/web\\\/wp-content\\\/uploads\\\/2025\\\/04\\\/uni-uni-1.jpg\",\"datePublished\":\"2025-04-11T00:28:29+00:00\",\"breadcrumb\":{\"@id\":\"https:\\\/\\\/eltrabajo.cl\\\/web\\\/con-tecnico-nuevo-union-san-felipe-quiere-comenzar-a-levantar-cabeza\\\/#breadcrumb\"},\"inLanguage\":\"es-CL\",\"potentialAction\":[{\"@type\":\"ReadAction\",\"target\":[\"https:\\\/\\\/eltrabajo.cl\\\/web\\\/con-tecnico-nuevo-union-san-felipe-quiere-comenzar-a-levantar-cabeza\\\/\"]}]},{\"@type\":\"ImageObject\",\"inLanguage\":\"es-CL\",\"@id\":\"https:\\\/\\\/eltrabajo.cl\\\/web\\\/con-tecnico-nuevo-union-san-felipe-quiere-comenzar-a-levantar-cabeza\\\/#primaryimage\",\"url\":\"https:\\\/\\\/eltrabajo.cl\\\/web\\\/wp-content\\\/uploads\\\/2025\\\/04\\\/uni-uni-1.jpg\",\"contentUrl\":\"https:\\\/\\\/eltrabajo.cl\\\/web\\\/wp-content\\\/uploads\\\/2025\\\/04\\\/uni-uni-1.jpg\",\"width\":699,\"height\":445,\"caption\":\"Sobre Francisco Palladino recaer\u00e1 la responsabilidad de que el Un\u00ed Un\u00ed inicie su repunte.\"},{\"@type\":\"BreadcrumbList\",\"@id\":\"https:\\\/\\\/eltrabajo.cl\\\/web\\\/con-tecnico-nuevo-union-san-felipe-quiere-comenzar-a-levantar-cabeza\\\/#breadcrumb\",\"itemListElement\":[{\"@type\":\"ListItem\",\"position\":1,\"name\":\"Portada\",\"item\":\"https:\\\/\\\/eltrabajo.cl\\\/web\\\/\"},{\"@type\":\"ListItem\",\"position\":2,\"name\":\"Con t\u00e9cnico nuevo Uni\u00f3n San Felipe quiere comenzar a levantar cabeza\"}]},{\"@type\":\"WebSite\",\"@id\":\"https:\\\/\\\/eltrabajo.cl\\\/web\\\/#website\",\"url\":\"https:\\\/\\\/eltrabajo.cl\\\/web\\\/\",\"name\":\"Diario El Trabajo\",\"description\":\"Desde 1929 construyendo Identidad Local\",\"publisher\":{\"@id\":\"https:\\\/\\\/eltrabajo.cl\\\/web\\\/#organization\"},\"potentialAction\":[{\"@type\":\"SearchAction\",\"target\":{\"@type\":\"EntryPoint\",\"urlTemplate\":\"https:\\\/\\\/eltrabajo.cl\\\/web\\\/?s={search_term_string}\"},\"query-input\":{\"@type\":\"PropertyValueSpecification\",\"valueRequired\":true,\"valueName\":\"search_term_string\"}}],\"inLanguage\":\"es-CL\"},{\"@type\":\"Organization\",\"@id\":\"https:\\\/\\\/eltrabajo.cl\\\/web\\\/#organization\",\"name\":\"Diario El Trabajo\",\"url\":\"https:\\\/\\\/eltrabajo.cl\\\/web\\\/\",\"logo\":{\"@type\":\"ImageObject\",\"inLanguage\":\"es-CL\",\"@id\":\"https:\\\/\\\/eltrabajo.cl\\\/web\\\/#\\\/schema\\\/logo\\\/image\\\/\",\"url\":\"https:\\\/\\\/eltrabajo.cl\\\/web\\\/wp-content\\\/uploads\\\/2024\\\/06\\\/profile-image-ig-page-diarioeltrabajo.jpg\",\"contentUrl\":\"https:\\\/\\\/eltrabajo.cl\\\/web\\\/wp-content\\\/uploads\\\/2024\\\/06\\\/profile-image-ig-page-diarioeltrabajo.jpg\",\"width\":823,\"height\":823,\"caption\":\"Diario El Trabajo\"},\"image\":{\"@id\":\"https:\\\/\\\/eltrabajo.cl\\\/web\\\/#\\\/schema\\\/logo\\\/image\\\/\"},\"sameAs\":[\"https:\\\/\\\/www.facebook.com\\\/ElTrabajoDiario\",\"https:\\\/\\\/x.com\\\/diarioeltrabajo\"]},{\"@type\":\"Person\",\"@id\":\"https:\\\/\\\/eltrabajo.cl\\\/web\\\/#\\\/schema\\\/person\\\/45efd3d17f86ec456e44dd7debe1bf19\",\"name\":\"Diario El Trabajo\",\"image\":{\"@type\":\"ImageObject\",\"inLanguage\":\"es-CL\",\"@id\":\"https:\\\/\\\/secure.gravatar.com\\\/avatar\\\/7e6ec277dc4aea2677c2dc301d4227957219329c985ab69a3efc12518b5161aa?s=96&d=mm&r=g\",\"url\":\"https:\\\/\\\/secure.gravatar.com\\\/avatar\\\/7e6ec277dc4aea2677c2dc301d4227957219329c985ab69a3efc12518b5161aa?s=96&d=mm&r=g\",\"contentUrl\":\"https:\\\/\\\/secure.gravatar.com\\\/avatar\\\/7e6ec277dc4aea2677c2dc301d4227957219329c985ab69a3efc12518b5161aa?s=96&d=mm&r=g\",\"caption\":\"Diario El Trabajo\"},\"sameAs\":[\"https:\\\/\\\/eltrabajo.cl\\\/web\"],\"url\":\"https:\\\/\\\/eltrabajo.cl\\\/web\\\/author\\\/diario-el-trabajo\\\/\"}]}<\/script>\n<!-- \/ Yoast SEO plugin. -->","yoast_head_json":{"title":"Con t\u00e9cnico nuevo Uni\u00f3n San Felipe quiere comenzar a levantar cabeza - Diario El Trabajo","robots":{"index":"index","follow":"follow","max-snippet":"max-snippet:-1","max-image-preview":"max-image-preview:large","max-video-preview":"max-video-preview:-1"},"canonical":"https:\/\/eltrabajo.cl\/web\/con-tecnico-nuevo-union-san-felipe-quiere-comenzar-a-levantar-cabeza\/","og_locale":"es_ES","og_type":"article","og_title":"Con t\u00e9cnico nuevo Uni\u00f3n San Felipe quiere comenzar a levantar cabeza - Diario El Trabajo","og_description":"Esta noche, ahora bajo la conducci\u00f3n t\u00e9cnica del charr\u00faa Francisco Palladino, Uni\u00f3n San Felipe intentar\u00e1 salir ileso en su visita a Quillota para empezar a poner una mirada m\u00e1s optimista en sus pr\u00f3ximos desaf\u00edos. Claramente la tarea no es nada sencilla, ya que San Luis es un equipo que, sin ser brillante, es de cuidado, [&hellip;]","og_url":"https:\/\/eltrabajo.cl\/web\/con-tecnico-nuevo-union-san-felipe-quiere-comenzar-a-levantar-cabeza\/","og_site_name":"Diario El Trabajo","article_publisher":"https:\/\/www.facebook.com\/ElTrabajoDiario","article_published_time":"2025-04-11T00:28:29+00:00","og_image":[{"width":699,"height":445,"url":"https:\/\/eltrabajo.cl\/web\/wp-content\/uploads\/2025\/04\/uni-uni-1.jpg","type":"image\/jpeg"}],"author":"Diario El Trabajo","twitter_card":"summary_large_image","twitter_creator":"@diarioeltrabajo","twitter_site":"@diarioeltrabajo","twitter_misc":{"Escrito por":"Diario El Trabajo","Tiempo estimado de lectura":"2 minutos"},"schema":{"@context":"https:\/\/schema.org","@graph":[{"@type":"Article","@id":"https:\/\/eltrabajo.cl\/web\/con-tecnico-nuevo-union-san-felipe-quiere-comenzar-a-levantar-cabeza\/#article","isPartOf":{"@id":"https:\/\/eltrabajo.cl\/web\/con-tecnico-nuevo-union-san-felipe-quiere-comenzar-a-levantar-cabeza\/"},"author":{"name":"Diario El Trabajo","@id":"https:\/\/eltrabajo.cl\/web\/#\/schema\/person\/45efd3d17f86ec456e44dd7debe1bf19"},"headline":"Con t\u00e9cnico nuevo Uni\u00f3n San Felipe quiere comenzar a levantar cabeza","datePublished":"2025-04-11T00:28:29+00:00","mainEntityOfPage":{"@id":"https:\/\/eltrabajo.cl\/web\/con-tecnico-nuevo-union-san-felipe-quiere-comenzar-a-levantar-cabeza\/"},"wordCount":293,"commentCount":0,"publisher":{"@id":"https:\/\/eltrabajo.cl\/web\/#organization"},"image":{"@id":"https:\/\/eltrabajo.cl\/web\/con-tecnico-nuevo-union-san-felipe-quiere-comenzar-a-levantar-cabeza\/#primaryimage"},"thumbnailUrl":"https:\/\/eltrabajo.cl\/web\/wp-content\/uploads\/2025\/04\/uni-uni-1.jpg","articleSection":["Deportes"],"inLanguage":"es-CL","potentialAction":[{"@type":"CommentAction","name":"Comment","target":["https:\/\/eltrabajo.cl\/web\/con-tecnico-nuevo-union-san-felipe-quiere-comenzar-a-levantar-cabeza\/#respond"]}]},{"@type":"WebPage","@id":"https:\/\/eltrabajo.cl\/web\/con-tecnico-nuevo-union-san-felipe-quiere-comenzar-a-levantar-cabeza\/","url":"https:\/\/eltrabajo.cl\/web\/con-tecnico-nuevo-union-san-felipe-quiere-comenzar-a-levantar-cabeza\/","name":"Con t\u00e9cnico nuevo Uni\u00f3n San Felipe quiere comenzar a levantar cabeza - Diario El Trabajo","isPartOf":{"@id":"https:\/\/eltrabajo.cl\/web\/#website"},"primaryImageOfPage":{"@id":"https:\/\/eltrabajo.cl\/web\/con-tecnico-nuevo-union-san-felipe-quiere-comenzar-a-levantar-cabeza\/#primaryimage"},"image":{"@id":"https:\/\/eltrabajo.cl\/web\/con-tecnico-nuevo-union-san-felipe-quiere-comenzar-a-levantar-cabeza\/#primaryimage"},"thumbnailUrl":"https:\/\/eltrabajo.cl\/web\/wp-content\/uploads\/2025\/04\/uni-uni-1.jpg","datePublished":"2025-04-11T00:28:29+00:00","breadcrumb":{"@id":"https:\/\/eltrabajo.cl\/web\/con-tecnico-nuevo-union-san-felipe-quiere-comenzar-a-levantar-cabeza\/#breadcrumb"},"inLanguage":"es-CL","potentialAction":[{"@type":"ReadAction","target":["https:\/\/eltrabajo.cl\/web\/con-tecnico-nuevo-union-san-felipe-quiere-comenzar-a-levantar-cabeza\/"]}]},{"@type":"ImageObject","inLanguage":"es-CL","@id":"https:\/\/eltrabajo.cl\/web\/con-tecnico-nuevo-union-san-felipe-quiere-comenzar-a-levantar-cabeza\/#primaryimage","url":"https:\/\/eltrabajo.cl\/web\/wp-content\/uploads\/2025\/04\/uni-uni-1.jpg","contentUrl":"https:\/\/eltrabajo.cl\/web\/wp-content\/uploads\/2025\/04\/uni-uni-1.jpg","width":699,"height":445,"caption":"Sobre Francisco Palladino recaer\u00e1 la responsabilidad de que el Un\u00ed Un\u00ed inicie su repunte."},{"@type":"BreadcrumbList","@id":"https:\/\/eltrabajo.cl\/web\/con-tecnico-nuevo-union-san-felipe-quiere-comenzar-a-levantar-cabeza\/#breadcrumb","itemListElement":[{"@type":"ListItem","position":1,"name":"Portada","item":"https:\/\/eltrabajo.cl\/web\/"},{"@type":"ListItem","position":2,"name":"Con t\u00e9cnico nuevo Uni\u00f3n San Felipe quiere comenzar a levantar cabeza"}]},{"@type":"WebSite","@id":"https:\/\/eltrabajo.cl\/web\/#website","url":"https:\/\/eltrabajo.cl\/web\/","name":"Diario El Trabajo","description":"Desde 1929 construyendo Identidad Local","publisher":{"@id":"https:\/\/eltrabajo.cl\/web\/#organization"},"potentialAction":[{"@type":"SearchAction","target":{"@type":"EntryPoint","urlTemplate":"https:\/\/eltrabajo.cl\/web\/?s={search_term_string}"},"query-input":{"@type":"PropertyValueSpecification","valueRequired":true,"valueName":"search_term_string"}}],"inLanguage":"es-CL"},{"@type":"Organization","@id":"https:\/\/eltrabajo.cl\/web\/#organization","name":"Diario El Trabajo","url":"https:\/\/eltrabajo.cl\/web\/","logo":{"@type":"ImageObject","inLanguage":"es-CL","@id":"https:\/\/eltrabajo.cl\/web\/#\/schema\/logo\/image\/","url":"https:\/\/eltrabajo.cl\/web\/wp-content\/uploads\/2024\/06\/profile-image-ig-page-diarioeltrabajo.jpg","contentUrl":"https:\/\/eltrabajo.cl\/web\/wp-content\/uploads\/2024\/06\/profile-image-ig-page-diarioeltrabajo.jpg","width":823,"height":823,"caption":"Diario El Trabajo"},"image":{"@id":"https:\/\/eltrabajo.cl\/web\/#\/schema\/logo\/image\/"},"sameAs":["https:\/\/www.facebook.com\/ElTrabajoDiario","https:\/\/x.com\/diarioeltrabajo"]},{"@type":"Person","@id":"https:\/\/eltrabajo.cl\/web\/#\/schema\/person\/45efd3d17f86ec456e44dd7debe1bf19","name":"Diario El Trabajo","image":{"@type":"ImageObject","inLanguage":"es-CL","@id":"https:\/\/secure.gravatar.com\/avatar\/7e6ec277dc4aea2677c2dc301d4227957219329c985ab69a3efc12518b5161aa?s=96&d=mm&r=g","url":"https:\/\/secure.gravatar.com\/avatar\/7e6ec277dc4aea2677c2dc301d4227957219329c985ab69a3efc12518b5161aa?s=96&d=mm&r=g","contentUrl":"https:\/\/secure.gravatar.com\/avatar\/7e6ec277dc4aea2677c2dc301d4227957219329c985ab69a3efc12518b5161aa?s=96&d=mm&r=g","caption":"Diario El Trabajo"},"sameAs":["https:\/\/eltrabajo.cl\/web"],"url":"https:\/\/eltrabajo.cl\/web\/author\/diario-el-trabajo\/"}]}},"_links":{"self":[{"href":"https:\/\/eltrabajo.cl\/web\/wp-json\/wp\/v2\/posts\/136308","targetHints":{"allow":["GET"]}}],"collection":[{"href":"https:\/\/eltrabajo.cl\/web\/wp-json\/wp\/v2\/posts"}],"about":[{"href":"https:\/\/eltrabajo.cl\/web\/wp-json\/wp\/v2\/types\/post"}],"author":[{"embeddable":true,"href":"https:\/\/eltrabajo.cl\/web\/wp-json\/wp\/v2\/users\/1"}],"replies":[{"embeddable":true,"href":"https:\/\/eltrabajo.cl\/web\/wp-json\/wp\/v2\/comments?post=136308"}],"version-history":[{"count":1,"href":"https:\/\/eltrabajo.cl\/web\/wp-json\/wp\/v2\/posts\/136308\/revisions"}],"predecessor-version":[{"id":136310,"href":"https:\/\/eltrabajo.cl\/web\/wp-json\/wp\/v2\/posts\/136308\/revisions\/136310"}],"wp:featuredmedia":[{"embeddable":true,"href":"https:\/\/eltrabajo.cl\/web\/wp-json\/wp\/v2\/media\/136309"}],"wp:attachment":[{"href":"https:\/\/eltrabajo.cl\/web\/wp-json\/wp\/v2\/media?parent=136308"}],"wp:term":[{"taxonomy":"category","embeddable":true,"href":"https:\/\/eltrabajo.cl\/web\/wp-json\/wp\/v2\/categories?post=136308"},{"taxonomy":"post_tag","embeddable":true,"href":"https:\/\/eltrabajo.cl\/web\/wp-json\/wp\/v2\/tags?post=136308"}],"curies":[{"name":"wp","href":"https:\/\/api.w.org\/{rel}","templated":true}]}}