{"id":136324,"date":"2025-04-10T21:34:58","date_gmt":"2025-04-11T00:34:58","guid":{"rendered":"https:\/\/eltrabajo.cl\/web\/?p=136324"},"modified":"2025-04-10T21:34:58","modified_gmt":"2025-04-11T00:34:58","slug":"ex-soldados-conscriptos-del-regimiento-de-yungay-celebran-42-anos-desde-su-ingreso-al-servicio-militar","status":"publish","type":"post","link":"https:\/\/eltrabajo.cl\/web\/ex-soldados-conscriptos-del-regimiento-de-yungay-celebran-42-anos-desde-su-ingreso-al-servicio-militar\/","title":{"rendered":"Ex soldados conscriptos del Regimiento de Yungay celebran 42 a\u00f1os desde su ingreso al servicio militar"},"content":{"rendered":"<p>Este s\u00e1bado 5 de abril, en un camping ubicado en el sector de 21 de Mayo en Quebrada Herrera, se reuni\u00f3 un grupo de ex soldados conscriptos que partieron haciendo su servicio militar en el glorioso Regimiento Yungay de San Felipe para terminarlo en Punta Arenas en el a\u00f1o 1981, m\u00e1s espec\u00edficamente en el Regimiento Nro. 10 \u2018Pudeto\u2019. Lo anterior, por el conflicto de la Guerra de las Malvinas.<\/p>\n<p>Durante la reuni\u00f3n de camarader\u00eda se rieron, recordaron viejas an\u00e9cdotas y degustaron una rica comida. Adem\u00e1s, al momento de sacarse la foto grupal que quedar\u00e1 para la posteridad, los otrora soldados parec\u00edan verdaderos \u2018cabros chicos\u2019.<\/p>\n<p><strong>Diario El Trabajo<\/strong> estuvo presente en la reuni\u00f3n y convers\u00f3 con el presidente de la directiva de esta agrupaci\u00f3n, <strong>H\u00e9ctor Contreras<\/strong>, quien entreg\u00f3 detalles de lo que fue la junta.<\/p>\n<p>&#8211; <strong>\u00bfQu\u00e9 est\u00e1n celebrando hoy d\u00eda?<\/strong><\/p>\n<p>&#8211; La verdad que este es el aniversario 42 de nuestro primer d\u00eda que nos juntamos en el Regimiento Yungay, que fue un d\u00eda 1 de abril del a\u00f1o 81. Para nosotros en estos momentos es muy grato juntarnos el equipo completo, hay m\u00e1s de 20 ac\u00e1, pero normalmente somos 40 soldados conscriptos con una trayectoria de 42 a\u00f1os que no nos ve\u00edamos pr\u00e1cticamente despu\u00e9s que salimos del servicio militar y por ah\u00ed, incentivo de algunos de ac\u00e1 de San Felipe, empezamos a juntarnos y eso llev\u00f3 a esta rica y sana convivencia que hemos tenido hoy d\u00eda (s\u00e1bado) y para nosotros como te estaba diciendo, es muy grato de tenerlas cada vez m\u00e1s, hoy lleg\u00f3 uno nuevo que no nos ve\u00edamos hace 42 a\u00f1os. Tenemos una directiva con la cual siempre estamos en consenso para hacer bien las cosas. Es lo que queremos, un respeto entre nosotros, pasarlo bien, divertirnos, contarnos nuestras an\u00e9cdotas, vivencias que hemos tenido durante 42 a\u00f1os, porque no nos ve\u00edamos. Somos todos ya maduros, m\u00e1s de 60 a\u00f1os y ver que ya todos son padres, abuelos, es gratificante.<\/p>\n<p><strong>Presidente, cu\u00e9ntele a nuestros lectores que estuvieron ac\u00e1 en San Felipe, pero tambi\u00e9n en Punta Arenas. \u00bfC\u00f3mo fue eso?<\/strong><\/p>\n<p>&#8211; Mira, nosotros el a\u00f1o 81 ingresamos ac\u00e1 al Regimiento Yungay, estuvimos un a\u00f1o, posteriormente un d\u00eda 13 de abril una sorpresa que nos ten\u00edan ac\u00e1 en el Yungay, es que nos \u00edbamos de campa\u00f1a, pero no nos \u00edbamos nada de campa\u00f1a. Fuimos destinados al Regimiento Nro. 10 \u2018Pudeto\u2019 de Punta Arenas, donde fuimos a defender a nuestro pa\u00eds. Estuvimos casi un a\u00f1o y medio en sitio de estado, haciendo patria en Punta Arenas y como todo soldado, nosotros al pie del ca\u00f1\u00f3n, haciendo trincheras, pasando hambre, fr\u00edo, la angustia de no estar con nuestras familias y recibiendo tambi\u00e9n, por qu\u00e9 no decirlo\u2026 golpes, que en su tiempo se le pegaba al \u2018pelao\u2019, ahora no. Pero, tambi\u00e9n es parte de la ense\u00f1anza, creemos nosotros, algunos obviamente no lo miran as\u00ed, pero para la mayor\u00eda es parte de la ense\u00f1anza de ser un poco m\u00e1s maduro, saber adorar a lo que tiene alrededor, es lo que nosotros nos valor\u00e1bamos en esos tiempos. Valor a nuestros padres, hermanos, nuestras familias e incluso a nosotros como equipo. Fuimos 120 trasladados de ac\u00e1 de la zona de Aconcagua al Regimiento Nro. 10 \u2018Pudeto\u2019. Esa es parte de la historia que podemos contar.<\/p>\n<p>Tambi\u00e9n, estuvimos conversando con algunos de los ex soldados conscriptos como <strong>Exequiel Gald\u00e1mez<\/strong>, conocido como el \u2018P\u00e1jaro Lecaros\u2019, quien nos se\u00f1al\u00f3 que para \u00e9l era muy emocionante. \u00abNosotros llevamos mucho tiempo compartiendo, reuni\u00e9ndonos como grupo \u2018Promoci\u00f3n 81-83\u2019. Todos los encuentros que hemos hecho han sido como se aprecian, gratificantes, muy\u00a0 emocionantes. La mayor\u00eda de los camaradas que estamos ac\u00e1 somos padres, abuelos, t\u00edos\u00bb, indic\u00f3.<\/p>\n<p>En el di\u00e1logo, admite que vuelven a esos momentos del servicio militar. <em>\u00abEfectivamente, volvemos a esos momentos como lo pudiste apreciar, donde se reviven las emociones an\u00e9cdotas, experiencias vividas que nosotros tuvimos ac\u00e1 como lo dec\u00eda mi camarada H\u00e9ctor Contreras, es una cosa muy emocionante, porque nosotros \u00e9ramos ni\u00f1os en ese tiempo. Yo entr\u00e9 en forma voluntaria a los 17 a\u00f1os, fui inscrito en forma voluntaria, salimos a la edad de 20 a\u00f1os, todav\u00eda no cumpl\u00edamos 21 salimos licenciados.<\/em><\/p>\n<p>\u00ab<em>Fuimos trasladados a Punta Arenas por el tema de la Guerra de Las Malvinas, todo eso en defensa de la patria, eso es un orgullo para todos estos viejos que est\u00e1n ac\u00e1; se los digo en forma respetuosa, porque ya somos todos mayores de 60 a\u00f1os, yo tengo 62. Algunos camaradas tienen 65, que postergaron su servicio militar obligatorio, que en esa fecha era as\u00ed, por temas personales y estudios\u00bb<\/em>, se\u00f1al\u00f3 Gald\u00e1mez.<\/p>\n<p><strong>Julio Caballero<\/strong>, tambi\u00e9n record\u00f3 emocionado los buenos momentos, <em>\u00abcada vez que nos juntamos tratamos de pasarlo bien, recordando cuando estuvimos en Punta Arenas en el Yungay como se dice, somos la \u00faltima generaci\u00f3n\u00bb<\/em>, precis\u00f3.<\/p>\n<p>Reconoce que el servicio militar antiguo es muy diferente a lo que se hace hoy d\u00eda,\u00a0 <em>\u00abporque nosotros fuimos la \u00faltima generaci\u00f3n, como digamos del palo, que nos maltrataban; bueno, est\u00e1bamos haciendo el servicio militar nosotros, no podemos quejarnos de nada m\u00e1s, porque nos preparaba y eso nos sirvi\u00f3 mucho cuando est\u00e1bamos en Punta Arenas. Cuando estuvimos ac\u00e1 en el Yungay, era una escuela de respeto y disciplina. Eso nos sirvi\u00f3 mucho cuando estuvimos en el sur. Estuvimos en un conflicto que mucha gente no nos entiende mucho\u00bb<\/em>, a\u00f1adi\u00f3.<\/p>\n<p>&#8211; <strong>\u00bfQu\u00e9 se sent\u00eda estando all\u00e1?<\/strong><\/p>\n<p>&#8211; Imag\u00ednese, lejos de la familia, estando en las trincheras donde ten\u00edamos que salir con palas para poder ver el cielo todo nublado, pero para m\u00ed fue una experiencia enriquecedora e incluso como una forma de vida, porque uno trata de inculcar lo que nos ense\u00f1aron, lo que uno vivi\u00f3. Ahora, nosotros tratamos de hacer algo de bien para el pa\u00eds, para lo que nosotros vivimos.<\/p>\n<figure id=\"attachment_136328\" aria-describedby=\"caption-attachment-136328\" style=\"width: 698px\" class=\"wp-caption alignnone\"><img loading=\"lazy\" decoding=\"async\" class=\"size-full wp-image-136328\" src=\"http:\/\/eltrabajo.cl\/web\/wp-content\/uploads\/2025\/04\/Encuentro-soldados.jpg\" alt=\"Reunidos disfrutando del encuentro.    \" width=\"698\" height=\"317\" srcset=\"https:\/\/eltrabajo.cl\/web\/wp-content\/uploads\/2025\/04\/Encuentro-soldados.jpg 698w, https:\/\/eltrabajo.cl\/web\/wp-content\/uploads\/2025\/04\/Encuentro-soldados-300x136.jpg 300w, https:\/\/eltrabajo.cl\/web\/wp-content\/uploads\/2025\/04\/Encuentro-soldados-150x68.jpg 150w, https:\/\/eltrabajo.cl\/web\/wp-content\/uploads\/2025\/04\/Encuentro-soldados-696x316.jpg 696w\" sizes=\"auto, (max-width: 698px) 100vw, 698px\" \/><figcaption id=\"caption-attachment-136328\" class=\"wp-caption-text\">Reunidos disfrutando del encuentro.<\/figcaption><\/figure>\n<figure id=\"attachment_136327\" aria-describedby=\"caption-attachment-136327\" style=\"width: 699px\" class=\"wp-caption alignnone\"><img loading=\"lazy\" decoding=\"async\" class=\"size-full wp-image-136327\" src=\"http:\/\/eltrabajo.cl\/web\/wp-content\/uploads\/2025\/04\/Compartiendo-soldados.jpg\" alt=\"Una buena sobremesa luego de la comida.\" width=\"699\" height=\"339\" srcset=\"https:\/\/eltrabajo.cl\/web\/wp-content\/uploads\/2025\/04\/Compartiendo-soldados.jpg 699w, https:\/\/eltrabajo.cl\/web\/wp-content\/uploads\/2025\/04\/Compartiendo-soldados-300x145.jpg 300w, https:\/\/eltrabajo.cl\/web\/wp-content\/uploads\/2025\/04\/Compartiendo-soldados-150x73.jpg 150w, https:\/\/eltrabajo.cl\/web\/wp-content\/uploads\/2025\/04\/Compartiendo-soldados-696x338.jpg 696w\" sizes=\"auto, (max-width: 699px) 100vw, 699px\" \/><figcaption id=\"caption-attachment-136327\" class=\"wp-caption-text\">Una buena sobremesa luego de la comida.<\/figcaption><\/figure>\n<figure id=\"attachment_136326\" aria-describedby=\"caption-attachment-136326\" style=\"width: 698px\" class=\"wp-caption alignnone\"><img loading=\"lazy\" decoding=\"async\" class=\"size-full wp-image-136326\" src=\"http:\/\/eltrabajo.cl\/web\/wp-content\/uploads\/2025\/04\/Almuerzo-soldados.jpg\" alt=\"Ac\u00e1 vemos al grupo de ex soldados conscriptos almorzando todos juntos.\" width=\"698\" height=\"341\" srcset=\"https:\/\/eltrabajo.cl\/web\/wp-content\/uploads\/2025\/04\/Almuerzo-soldados.jpg 698w, https:\/\/eltrabajo.cl\/web\/wp-content\/uploads\/2025\/04\/Almuerzo-soldados-300x147.jpg 300w, https:\/\/eltrabajo.cl\/web\/wp-content\/uploads\/2025\/04\/Almuerzo-soldados-150x73.jpg 150w, https:\/\/eltrabajo.cl\/web\/wp-content\/uploads\/2025\/04\/Almuerzo-soldados-696x340.jpg 696w\" sizes=\"auto, (max-width: 698px) 100vw, 698px\" \/><figcaption id=\"caption-attachment-136326\" class=\"wp-caption-text\">Ac\u00e1 vemos al grupo de ex soldados conscriptos almorzando todos juntos.<\/figcaption><\/figure>\n<figure id=\"attachment_136325\" aria-describedby=\"caption-attachment-136325\" style=\"width: 698px\" class=\"wp-caption alignnone\"><img loading=\"lazy\" decoding=\"async\" class=\"size-full wp-image-136325\" src=\"http:\/\/eltrabajo.cl\/web\/wp-content\/uploads\/2025\/04\/Jugando-soldados.jpg\" alt=\"Antes de la foto oficial del encuentro, jugando como verdaderos \u2018cabros chicos\u2019.\" width=\"698\" height=\"404\" srcset=\"https:\/\/eltrabajo.cl\/web\/wp-content\/uploads\/2025\/04\/Jugando-soldados.jpg 698w, https:\/\/eltrabajo.cl\/web\/wp-content\/uploads\/2025\/04\/Jugando-soldados-300x174.jpg 300w, https:\/\/eltrabajo.cl\/web\/wp-content\/uploads\/2025\/04\/Jugando-soldados-150x87.jpg 150w, https:\/\/eltrabajo.cl\/web\/wp-content\/uploads\/2025\/04\/Jugando-soldados-696x403.jpg 696w\" sizes=\"auto, (max-width: 698px) 100vw, 698px\" \/><figcaption id=\"caption-attachment-136325\" class=\"wp-caption-text\">Antes de la foto oficial del encuentro, jugando como verdaderos \u2018cabros chicos\u2019.<\/figcaption><\/figure>\n","protected":false},"excerpt":{"rendered":"<p>Este s\u00e1bado 5 de abril, en un camping ubicado en el sector de 21 de Mayo en Quebrada Herrera, se reuni\u00f3 un grupo de ex soldados conscriptos que partieron haciendo su servicio militar en el glorioso Regimiento Yungay de San Felipe para terminarlo en Punta Arenas en el a\u00f1o 1981, m\u00e1s espec\u00edficamente en el Regimiento [&hellip;]<\/p>\n","protected":false},"author":1,"featured_media":136328,"comment_status":"open","ping_status":"closed","sticky":false,"template":"","format":"standard","meta":{"footnotes":""},"categories":[4],"tags":[],"class_list":{"0":"post-136324","1":"post","2":"type-post","3":"status-publish","4":"format-standard","5":"has-post-thumbnail","7":"category-comunidad"},"yoast_head":"<!-- This site is optimized with the Yoast SEO plugin v27.4 - https:\/\/yoast.com\/product\/yoast-seo-wordpress\/ -->\n<title>Ex soldados conscriptos del Regimiento de Yungay celebran 42 a\u00f1os desde su ingreso al servicio militar - Diario El Trabajo<\/title>\n<meta name=\"robots\" content=\"index, follow, max-snippet:-1, max-image-preview:large, max-video-preview:-1\" \/>\n<link rel=\"canonical\" href=\"https:\/\/eltrabajo.cl\/web\/ex-soldados-conscriptos-del-regimiento-de-yungay-celebran-42-anos-desde-su-ingreso-al-servicio-militar\/\" \/>\n<meta property=\"og:locale\" content=\"es_ES\" \/>\n<meta property=\"og:type\" content=\"article\" \/>\n<meta property=\"og:title\" content=\"Ex soldados conscriptos del Regimiento de Yungay celebran 42 a\u00f1os desde su ingreso al servicio militar - Diario El Trabajo\" \/>\n<meta property=\"og:description\" content=\"Este s\u00e1bado 5 de abril, en un camping ubicado en el sector de 21 de Mayo en Quebrada Herrera, se reuni\u00f3 un grupo de ex soldados conscriptos que partieron haciendo su servicio militar en el glorioso Regimiento Yungay de San Felipe para terminarlo en Punta Arenas en el a\u00f1o 1981, m\u00e1s espec\u00edficamente en el Regimiento [&hellip;]\" \/>\n<meta property=\"og:url\" content=\"https:\/\/eltrabajo.cl\/web\/ex-soldados-conscriptos-del-regimiento-de-yungay-celebran-42-anos-desde-su-ingreso-al-servicio-militar\/\" \/>\n<meta property=\"og:site_name\" content=\"Diario El Trabajo\" \/>\n<meta property=\"article:publisher\" content=\"https:\/\/www.facebook.com\/ElTrabajoDiario\" \/>\n<meta property=\"article:published_time\" content=\"2025-04-11T00:34:58+00:00\" \/>\n<meta property=\"og:image\" content=\"https:\/\/eltrabajo.cl\/web\/wp-content\/uploads\/2025\/04\/Encuentro-soldados.jpg\" \/>\n\t<meta property=\"og:image:width\" content=\"698\" \/>\n\t<meta property=\"og:image:height\" content=\"317\" \/>\n\t<meta property=\"og:image:type\" content=\"image\/jpeg\" \/>\n<meta name=\"author\" content=\"Diario El Trabajo\" \/>\n<meta name=\"twitter:card\" content=\"summary_large_image\" \/>\n<meta name=\"twitter:creator\" content=\"@diarioeltrabajo\" \/>\n<meta name=\"twitter:site\" content=\"@diarioeltrabajo\" \/>\n<meta name=\"twitter:label1\" content=\"Escrito por\" \/>\n\t<meta name=\"twitter:data1\" content=\"Diario El Trabajo\" \/>\n\t<meta name=\"twitter:label2\" content=\"Tiempo estimado de lectura\" \/>\n\t<meta name=\"twitter:data2\" content=\"6 minutos\" \/>\n<script type=\"application\/ld+json\" class=\"yoast-schema-graph\">{\"@context\":\"https:\\\/\\\/schema.org\",\"@graph\":[{\"@type\":\"Article\",\"@id\":\"https:\\\/\\\/eltrabajo.cl\\\/web\\\/ex-soldados-conscriptos-del-regimiento-de-yungay-celebran-42-anos-desde-su-ingreso-al-servicio-militar\\\/#article\",\"isPartOf\":{\"@id\":\"https:\\\/\\\/eltrabajo.cl\\\/web\\\/ex-soldados-conscriptos-del-regimiento-de-yungay-celebran-42-anos-desde-su-ingreso-al-servicio-militar\\\/\"},\"author\":{\"name\":\"Diario El Trabajo\",\"@id\":\"https:\\\/\\\/eltrabajo.cl\\\/web\\\/#\\\/schema\\\/person\\\/45efd3d17f86ec456e44dd7debe1bf19\"},\"headline\":\"Ex soldados conscriptos del Regimiento de Yungay celebran 42 a\u00f1os desde su ingreso al servicio militar\",\"datePublished\":\"2025-04-11T00:34:58+00:00\",\"mainEntityOfPage\":{\"@id\":\"https:\\\/\\\/eltrabajo.cl\\\/web\\\/ex-soldados-conscriptos-del-regimiento-de-yungay-celebran-42-anos-desde-su-ingreso-al-servicio-militar\\\/\"},\"wordCount\":1090,\"commentCount\":0,\"publisher\":{\"@id\":\"https:\\\/\\\/eltrabajo.cl\\\/web\\\/#organization\"},\"image\":{\"@id\":\"https:\\\/\\\/eltrabajo.cl\\\/web\\\/ex-soldados-conscriptos-del-regimiento-de-yungay-celebran-42-anos-desde-su-ingreso-al-servicio-militar\\\/#primaryimage\"},\"thumbnailUrl\":\"https:\\\/\\\/eltrabajo.cl\\\/web\\\/wp-content\\\/uploads\\\/2025\\\/04\\\/Encuentro-soldados.jpg\",\"articleSection\":[\"Comunidad\"],\"inLanguage\":\"es-CL\",\"potentialAction\":[{\"@type\":\"CommentAction\",\"name\":\"Comment\",\"target\":[\"https:\\\/\\\/eltrabajo.cl\\\/web\\\/ex-soldados-conscriptos-del-regimiento-de-yungay-celebran-42-anos-desde-su-ingreso-al-servicio-militar\\\/#respond\"]}]},{\"@type\":\"WebPage\",\"@id\":\"https:\\\/\\\/eltrabajo.cl\\\/web\\\/ex-soldados-conscriptos-del-regimiento-de-yungay-celebran-42-anos-desde-su-ingreso-al-servicio-militar\\\/\",\"url\":\"https:\\\/\\\/eltrabajo.cl\\\/web\\\/ex-soldados-conscriptos-del-regimiento-de-yungay-celebran-42-anos-desde-su-ingreso-al-servicio-militar\\\/\",\"name\":\"Ex soldados conscriptos del Regimiento de Yungay celebran 42 a\u00f1os desde su ingreso al servicio militar - Diario El Trabajo\",\"isPartOf\":{\"@id\":\"https:\\\/\\\/eltrabajo.cl\\\/web\\\/#website\"},\"primaryImageOfPage\":{\"@id\":\"https:\\\/\\\/eltrabajo.cl\\\/web\\\/ex-soldados-conscriptos-del-regimiento-de-yungay-celebran-42-anos-desde-su-ingreso-al-servicio-militar\\\/#primaryimage\"},\"image\":{\"@id\":\"https:\\\/\\\/eltrabajo.cl\\\/web\\\/ex-soldados-conscriptos-del-regimiento-de-yungay-celebran-42-anos-desde-su-ingreso-al-servicio-militar\\\/#primaryimage\"},\"thumbnailUrl\":\"https:\\\/\\\/eltrabajo.cl\\\/web\\\/wp-content\\\/uploads\\\/2025\\\/04\\\/Encuentro-soldados.jpg\",\"datePublished\":\"2025-04-11T00:34:58+00:00\",\"breadcrumb\":{\"@id\":\"https:\\\/\\\/eltrabajo.cl\\\/web\\\/ex-soldados-conscriptos-del-regimiento-de-yungay-celebran-42-anos-desde-su-ingreso-al-servicio-militar\\\/#breadcrumb\"},\"inLanguage\":\"es-CL\",\"potentialAction\":[{\"@type\":\"ReadAction\",\"target\":[\"https:\\\/\\\/eltrabajo.cl\\\/web\\\/ex-soldados-conscriptos-del-regimiento-de-yungay-celebran-42-anos-desde-su-ingreso-al-servicio-militar\\\/\"]}]},{\"@type\":\"ImageObject\",\"inLanguage\":\"es-CL\",\"@id\":\"https:\\\/\\\/eltrabajo.cl\\\/web\\\/ex-soldados-conscriptos-del-regimiento-de-yungay-celebran-42-anos-desde-su-ingreso-al-servicio-militar\\\/#primaryimage\",\"url\":\"https:\\\/\\\/eltrabajo.cl\\\/web\\\/wp-content\\\/uploads\\\/2025\\\/04\\\/Encuentro-soldados.jpg\",\"contentUrl\":\"https:\\\/\\\/eltrabajo.cl\\\/web\\\/wp-content\\\/uploads\\\/2025\\\/04\\\/Encuentro-soldados.jpg\",\"width\":698,\"height\":317,\"caption\":\"Reunidos disfrutando del encuentro.\"},{\"@type\":\"BreadcrumbList\",\"@id\":\"https:\\\/\\\/eltrabajo.cl\\\/web\\\/ex-soldados-conscriptos-del-regimiento-de-yungay-celebran-42-anos-desde-su-ingreso-al-servicio-militar\\\/#breadcrumb\",\"itemListElement\":[{\"@type\":\"ListItem\",\"position\":1,\"name\":\"Portada\",\"item\":\"https:\\\/\\\/eltrabajo.cl\\\/web\\\/\"},{\"@type\":\"ListItem\",\"position\":2,\"name\":\"Ex soldados conscriptos del Regimiento de Yungay celebran 42 a\u00f1os desde su ingreso al servicio militar\"}]},{\"@type\":\"WebSite\",\"@id\":\"https:\\\/\\\/eltrabajo.cl\\\/web\\\/#website\",\"url\":\"https:\\\/\\\/eltrabajo.cl\\\/web\\\/\",\"name\":\"Diario El Trabajo\",\"description\":\"Desde 1929 construyendo Identidad Local\",\"publisher\":{\"@id\":\"https:\\\/\\\/eltrabajo.cl\\\/web\\\/#organization\"},\"potentialAction\":[{\"@type\":\"SearchAction\",\"target\":{\"@type\":\"EntryPoint\",\"urlTemplate\":\"https:\\\/\\\/eltrabajo.cl\\\/web\\\/?s={search_term_string}\"},\"query-input\":{\"@type\":\"PropertyValueSpecification\",\"valueRequired\":true,\"valueName\":\"search_term_string\"}}],\"inLanguage\":\"es-CL\"},{\"@type\":\"Organization\",\"@id\":\"https:\\\/\\\/eltrabajo.cl\\\/web\\\/#organization\",\"name\":\"Diario El Trabajo\",\"url\":\"https:\\\/\\\/eltrabajo.cl\\\/web\\\/\",\"logo\":{\"@type\":\"ImageObject\",\"inLanguage\":\"es-CL\",\"@id\":\"https:\\\/\\\/eltrabajo.cl\\\/web\\\/#\\\/schema\\\/logo\\\/image\\\/\",\"url\":\"https:\\\/\\\/eltrabajo.cl\\\/web\\\/wp-content\\\/uploads\\\/2024\\\/06\\\/profile-image-ig-page-diarioeltrabajo.jpg\",\"contentUrl\":\"https:\\\/\\\/eltrabajo.cl\\\/web\\\/wp-content\\\/uploads\\\/2024\\\/06\\\/profile-image-ig-page-diarioeltrabajo.jpg\",\"width\":823,\"height\":823,\"caption\":\"Diario El Trabajo\"},\"image\":{\"@id\":\"https:\\\/\\\/eltrabajo.cl\\\/web\\\/#\\\/schema\\\/logo\\\/image\\\/\"},\"sameAs\":[\"https:\\\/\\\/www.facebook.com\\\/ElTrabajoDiario\",\"https:\\\/\\\/x.com\\\/diarioeltrabajo\"]},{\"@type\":\"Person\",\"@id\":\"https:\\\/\\\/eltrabajo.cl\\\/web\\\/#\\\/schema\\\/person\\\/45efd3d17f86ec456e44dd7debe1bf19\",\"name\":\"Diario El Trabajo\",\"image\":{\"@type\":\"ImageObject\",\"inLanguage\":\"es-CL\",\"@id\":\"https:\\\/\\\/secure.gravatar.com\\\/avatar\\\/7e6ec277dc4aea2677c2dc301d4227957219329c985ab69a3efc12518b5161aa?s=96&d=mm&r=g\",\"url\":\"https:\\\/\\\/secure.gravatar.com\\\/avatar\\\/7e6ec277dc4aea2677c2dc301d4227957219329c985ab69a3efc12518b5161aa?s=96&d=mm&r=g\",\"contentUrl\":\"https:\\\/\\\/secure.gravatar.com\\\/avatar\\\/7e6ec277dc4aea2677c2dc301d4227957219329c985ab69a3efc12518b5161aa?s=96&d=mm&r=g\",\"caption\":\"Diario El Trabajo\"},\"sameAs\":[\"https:\\\/\\\/eltrabajo.cl\\\/web\"],\"url\":\"https:\\\/\\\/eltrabajo.cl\\\/web\\\/author\\\/diario-el-trabajo\\\/\"}]}<\/script>\n<!-- \/ Yoast SEO plugin. -->","yoast_head_json":{"title":"Ex soldados conscriptos del Regimiento de Yungay celebran 42 a\u00f1os desde su ingreso al servicio militar - Diario El Trabajo","robots":{"index":"index","follow":"follow","max-snippet":"max-snippet:-1","max-image-preview":"max-image-preview:large","max-video-preview":"max-video-preview:-1"},"canonical":"https:\/\/eltrabajo.cl\/web\/ex-soldados-conscriptos-del-regimiento-de-yungay-celebran-42-anos-desde-su-ingreso-al-servicio-militar\/","og_locale":"es_ES","og_type":"article","og_title":"Ex soldados conscriptos del Regimiento de Yungay celebran 42 a\u00f1os desde su ingreso al servicio militar - Diario El Trabajo","og_description":"Este s\u00e1bado 5 de abril, en un camping ubicado en el sector de 21 de Mayo en Quebrada Herrera, se reuni\u00f3 un grupo de ex soldados conscriptos que partieron haciendo su servicio militar en el glorioso Regimiento Yungay de San Felipe para terminarlo en Punta Arenas en el a\u00f1o 1981, m\u00e1s espec\u00edficamente en el Regimiento [&hellip;]","og_url":"https:\/\/eltrabajo.cl\/web\/ex-soldados-conscriptos-del-regimiento-de-yungay-celebran-42-anos-desde-su-ingreso-al-servicio-militar\/","og_site_name":"Diario El Trabajo","article_publisher":"https:\/\/www.facebook.com\/ElTrabajoDiario","article_published_time":"2025-04-11T00:34:58+00:00","og_image":[{"width":698,"height":317,"url":"https:\/\/eltrabajo.cl\/web\/wp-content\/uploads\/2025\/04\/Encuentro-soldados.jpg","type":"image\/jpeg"}],"author":"Diario El Trabajo","twitter_card":"summary_large_image","twitter_creator":"@diarioeltrabajo","twitter_site":"@diarioeltrabajo","twitter_misc":{"Escrito por":"Diario El Trabajo","Tiempo estimado de lectura":"6 minutos"},"schema":{"@context":"https:\/\/schema.org","@graph":[{"@type":"Article","@id":"https:\/\/eltrabajo.cl\/web\/ex-soldados-conscriptos-del-regimiento-de-yungay-celebran-42-anos-desde-su-ingreso-al-servicio-militar\/#article","isPartOf":{"@id":"https:\/\/eltrabajo.cl\/web\/ex-soldados-conscriptos-del-regimiento-de-yungay-celebran-42-anos-desde-su-ingreso-al-servicio-militar\/"},"author":{"name":"Diario El Trabajo","@id":"https:\/\/eltrabajo.cl\/web\/#\/schema\/person\/45efd3d17f86ec456e44dd7debe1bf19"},"headline":"Ex soldados conscriptos del Regimiento de Yungay celebran 42 a\u00f1os desde su ingreso al servicio militar","datePublished":"2025-04-11T00:34:58+00:00","mainEntityOfPage":{"@id":"https:\/\/eltrabajo.cl\/web\/ex-soldados-conscriptos-del-regimiento-de-yungay-celebran-42-anos-desde-su-ingreso-al-servicio-militar\/"},"wordCount":1090,"commentCount":0,"publisher":{"@id":"https:\/\/eltrabajo.cl\/web\/#organization"},"image":{"@id":"https:\/\/eltrabajo.cl\/web\/ex-soldados-conscriptos-del-regimiento-de-yungay-celebran-42-anos-desde-su-ingreso-al-servicio-militar\/#primaryimage"},"thumbnailUrl":"https:\/\/eltrabajo.cl\/web\/wp-content\/uploads\/2025\/04\/Encuentro-soldados.jpg","articleSection":["Comunidad"],"inLanguage":"es-CL","potentialAction":[{"@type":"CommentAction","name":"Comment","target":["https:\/\/eltrabajo.cl\/web\/ex-soldados-conscriptos-del-regimiento-de-yungay-celebran-42-anos-desde-su-ingreso-al-servicio-militar\/#respond"]}]},{"@type":"WebPage","@id":"https:\/\/eltrabajo.cl\/web\/ex-soldados-conscriptos-del-regimiento-de-yungay-celebran-42-anos-desde-su-ingreso-al-servicio-militar\/","url":"https:\/\/eltrabajo.cl\/web\/ex-soldados-conscriptos-del-regimiento-de-yungay-celebran-42-anos-desde-su-ingreso-al-servicio-militar\/","name":"Ex soldados conscriptos del Regimiento de Yungay celebran 42 a\u00f1os desde su ingreso al servicio militar - Diario El Trabajo","isPartOf":{"@id":"https:\/\/eltrabajo.cl\/web\/#website"},"primaryImageOfPage":{"@id":"https:\/\/eltrabajo.cl\/web\/ex-soldados-conscriptos-del-regimiento-de-yungay-celebran-42-anos-desde-su-ingreso-al-servicio-militar\/#primaryimage"},"image":{"@id":"https:\/\/eltrabajo.cl\/web\/ex-soldados-conscriptos-del-regimiento-de-yungay-celebran-42-anos-desde-su-ingreso-al-servicio-militar\/#primaryimage"},"thumbnailUrl":"https:\/\/eltrabajo.cl\/web\/wp-content\/uploads\/2025\/04\/Encuentro-soldados.jpg","datePublished":"2025-04-11T00:34:58+00:00","breadcrumb":{"@id":"https:\/\/eltrabajo.cl\/web\/ex-soldados-conscriptos-del-regimiento-de-yungay-celebran-42-anos-desde-su-ingreso-al-servicio-militar\/#breadcrumb"},"inLanguage":"es-CL","potentialAction":[{"@type":"ReadAction","target":["https:\/\/eltrabajo.cl\/web\/ex-soldados-conscriptos-del-regimiento-de-yungay-celebran-42-anos-desde-su-ingreso-al-servicio-militar\/"]}]},{"@type":"ImageObject","inLanguage":"es-CL","@id":"https:\/\/eltrabajo.cl\/web\/ex-soldados-conscriptos-del-regimiento-de-yungay-celebran-42-anos-desde-su-ingreso-al-servicio-militar\/#primaryimage","url":"https:\/\/eltrabajo.cl\/web\/wp-content\/uploads\/2025\/04\/Encuentro-soldados.jpg","contentUrl":"https:\/\/eltrabajo.cl\/web\/wp-content\/uploads\/2025\/04\/Encuentro-soldados.jpg","width":698,"height":317,"caption":"Reunidos disfrutando del encuentro."},{"@type":"BreadcrumbList","@id":"https:\/\/eltrabajo.cl\/web\/ex-soldados-conscriptos-del-regimiento-de-yungay-celebran-42-anos-desde-su-ingreso-al-servicio-militar\/#breadcrumb","itemListElement":[{"@type":"ListItem","position":1,"name":"Portada","item":"https:\/\/eltrabajo.cl\/web\/"},{"@type":"ListItem","position":2,"name":"Ex soldados conscriptos del Regimiento de Yungay celebran 42 a\u00f1os desde su ingreso al servicio militar"}]},{"@type":"WebSite","@id":"https:\/\/eltrabajo.cl\/web\/#website","url":"https:\/\/eltrabajo.cl\/web\/","name":"Diario El Trabajo","description":"Desde 1929 construyendo Identidad Local","publisher":{"@id":"https:\/\/eltrabajo.cl\/web\/#organization"},"potentialAction":[{"@type":"SearchAction","target":{"@type":"EntryPoint","urlTemplate":"https:\/\/eltrabajo.cl\/web\/?s={search_term_string}"},"query-input":{"@type":"PropertyValueSpecification","valueRequired":true,"valueName":"search_term_string"}}],"inLanguage":"es-CL"},{"@type":"Organization","@id":"https:\/\/eltrabajo.cl\/web\/#organization","name":"Diario El Trabajo","url":"https:\/\/eltrabajo.cl\/web\/","logo":{"@type":"ImageObject","inLanguage":"es-CL","@id":"https:\/\/eltrabajo.cl\/web\/#\/schema\/logo\/image\/","url":"https:\/\/eltrabajo.cl\/web\/wp-content\/uploads\/2024\/06\/profile-image-ig-page-diarioeltrabajo.jpg","contentUrl":"https:\/\/eltrabajo.cl\/web\/wp-content\/uploads\/2024\/06\/profile-image-ig-page-diarioeltrabajo.jpg","width":823,"height":823,"caption":"Diario El Trabajo"},"image":{"@id":"https:\/\/eltrabajo.cl\/web\/#\/schema\/logo\/image\/"},"sameAs":["https:\/\/www.facebook.com\/ElTrabajoDiario","https:\/\/x.com\/diarioeltrabajo"]},{"@type":"Person","@id":"https:\/\/eltrabajo.cl\/web\/#\/schema\/person\/45efd3d17f86ec456e44dd7debe1bf19","name":"Diario El Trabajo","image":{"@type":"ImageObject","inLanguage":"es-CL","@id":"https:\/\/secure.gravatar.com\/avatar\/7e6ec277dc4aea2677c2dc301d4227957219329c985ab69a3efc12518b5161aa?s=96&d=mm&r=g","url":"https:\/\/secure.gravatar.com\/avatar\/7e6ec277dc4aea2677c2dc301d4227957219329c985ab69a3efc12518b5161aa?s=96&d=mm&r=g","contentUrl":"https:\/\/secure.gravatar.com\/avatar\/7e6ec277dc4aea2677c2dc301d4227957219329c985ab69a3efc12518b5161aa?s=96&d=mm&r=g","caption":"Diario El Trabajo"},"sameAs":["https:\/\/eltrabajo.cl\/web"],"url":"https:\/\/eltrabajo.cl\/web\/author\/diario-el-trabajo\/"}]}},"_links":{"self":[{"href":"https:\/\/eltrabajo.cl\/web\/wp-json\/wp\/v2\/posts\/136324","targetHints":{"allow":["GET"]}}],"collection":[{"href":"https:\/\/eltrabajo.cl\/web\/wp-json\/wp\/v2\/posts"}],"about":[{"href":"https:\/\/eltrabajo.cl\/web\/wp-json\/wp\/v2\/types\/post"}],"author":[{"embeddable":true,"href":"https:\/\/eltrabajo.cl\/web\/wp-json\/wp\/v2\/users\/1"}],"replies":[{"embeddable":true,"href":"https:\/\/eltrabajo.cl\/web\/wp-json\/wp\/v2\/comments?post=136324"}],"version-history":[{"count":1,"href":"https:\/\/eltrabajo.cl\/web\/wp-json\/wp\/v2\/posts\/136324\/revisions"}],"predecessor-version":[{"id":136329,"href":"https:\/\/eltrabajo.cl\/web\/wp-json\/wp\/v2\/posts\/136324\/revisions\/136329"}],"wp:featuredmedia":[{"embeddable":true,"href":"https:\/\/eltrabajo.cl\/web\/wp-json\/wp\/v2\/media\/136328"}],"wp:attachment":[{"href":"https:\/\/eltrabajo.cl\/web\/wp-json\/wp\/v2\/media?parent=136324"}],"wp:term":[{"taxonomy":"category","embeddable":true,"href":"https:\/\/eltrabajo.cl\/web\/wp-json\/wp\/v2\/categories?post=136324"},{"taxonomy":"post_tag","embeddable":true,"href":"https:\/\/eltrabajo.cl\/web\/wp-json\/wp\/v2\/tags?post=136324"}],"curies":[{"name":"wp","href":"https:\/\/api.w.org\/{rel}","templated":true}]}}