{"id":136344,"date":"2025-04-13T22:15:17","date_gmt":"2025-04-14T01:15:17","guid":{"rendered":"https:\/\/eltrabajo.cl\/web\/?p=136344"},"modified":"2025-04-13T22:15:17","modified_gmt":"2025-04-14T01:15:17","slug":"cd-la-corvi-pide-electricidad-en-cancha-de-pac-para-entrenar-a-ninos","status":"publish","type":"post","link":"https:\/\/eltrabajo.cl\/web\/cd-la-corvi-pide-electricidad-en-cancha-de-pac-para-entrenar-a-ninos\/","title":{"rendered":"CD La Corvi pide electricidad en cancha de PAC para entrenar a ni\u00f1os"},"content":{"rendered":"<ul>\n<li><strong>Formado a fines de diciembre, la agrupaci\u00f3n deportiva sin fines de lucro enfrenta obst\u00e1culos para utilizar la cancha debido a conflictos con la junta de vecinos del sector.-<\/strong><\/li>\n<\/ul>\n<p>La conexi\u00f3n a la red el\u00e9ctrica de los postes de luz de la cancha ubicada en la Poblaci\u00f3n Pedro Aguirre Cerda es la principal solicitud del Club Deportivo La Corvi, una agrupaci\u00f3n que desde diciembre de 2024 entrena de forma gratuita a m\u00e1s de 30 ni\u00f1os en f\u00fatbol.<\/p>\n<p>Motivada por la preocupaci\u00f3n de ver a ni\u00f1as y ni\u00f1os jugando en las calles, expuestos a problem\u00e1ticas como el alcohol y las drogas, <strong>Gabriela Godoy<\/strong>, presidenta del club, organiz\u00f3 junto a apoderados este proyecto deportivo comunitario y solicit\u00f3 el uso del recinto deportivo.<\/p>\n<p>Tras m\u00faltiples negativas por parte de quienes viven en el sector y la directiva de la junta de vecinos, finalmente lograron acceder a la cancha, aunque de forma intermitente y bajo condiciones que han cambiado arbitrariamente, seg\u00fan denuncia la dirigente.<\/p>\n<p>Actualmente, m\u00e1s de 30 ni\u00f1os entrenan de lunes a jueves entre las 19:00 y 21:00 horas. Sin embargo, la falta de iluminaci\u00f3n y los intentos por reducir los horarios de uso han generado nuevas tensiones.<em> \u00abNos estaban bajando los d\u00edas de entrenamiento, imag\u00ednese\u2026 son ni\u00f1os que necesitan estar ocupados, que no pueden quedar sin actividad\u00bb,<\/em> explic\u00f3 Godoy. Con el cambio de estaci\u00f3n y la disminuci\u00f3n de luz natural, la necesidad de iluminaci\u00f3n artificial se ha vuelto urgente para garantizar entrenamientos seguros.<\/p>\n<p>Aunque el club a\u00fan se encuentra en proceso de formalizaci\u00f3n, ya cuenta con libros oficiales y en mayo realizar\u00e1n su votaci\u00f3n para definir la directiva ante el Registro Civil. Han enviado diversas cartas a la municipalidad y a concejales, solicitando apoyo concreto y formalizaci\u00f3n del acuerdo de uso de la cancha. Sin embargo, los conflictos con la junta de vecinos han dificultado la implementaci\u00f3n de soluciones permanentes.<\/p>\n<p>\u00ab<em>No pueden hacer partidos, no se pueden hacer bingos. Antes ac\u00e1 se llenaba la cancha en la noche, porque hac\u00edan partidos y llegaba toda la gente a verlos y ahora no se puede hacer nada. Sacaron a la gente del coro por la bulla, hac\u00edan zumba para los adultos mayores, lo sacaron. Hac\u00edan taller de baloncesto, lo sacaron. Ahora nos quer\u00edan sacar a nosotros<\/em>.<\/p>\n<p>\u00ab<em>Nos han tratado mal, han dicho que los ni\u00f1os son delincuentes. El m\u00e1s grande tiene 14 a\u00f1os. No se puede hablar as\u00ed de los cabros que est\u00e1n buscando otra oportunidad\u00bb,<\/em> afirm\u00f3 Godoy. Adem\u00e1s, indic\u00f3 que otros talleres y actividades tambi\u00e9n han sido expulsados del espacio comunitario, lo que da cuenta de un problema mayor de gesti\u00f3n del lugar.<\/p>\n<p>Una de las razones entregadas por la junta de vecinos para restringir el uso del recinto, de acuerdo a Godoy, es el supuesto desnivel del pavimento que, seg\u00fan argumentan, podr\u00eda provocar accidentes. Sin embargo, aclara que dicho desnivel existe desde hace a\u00f1os y no ha impedido otras actividades anteriormente.<\/p>\n<p>Actualmente, el club paga 12.000 pesos mensuales por el agua, un gasto que, seg\u00fan Godoy, deber\u00eda ser asumido por las entidades responsables del recinto, ya que se trata de una iniciativa comunitaria sin fines de lucro orientada a la infancia. Si se restablece la electricidad, el club est\u00e1 dispuesto a cubrir el costo del consumo, como ya lo han planteado formalmente.<\/p>\n<p>\u00ab<em>Queremos que dejen por escrito el acuerdo de uso y que nos permitan traer luz. Esta cancha podr\u00eda ser un espacio vivo para la comunidad, pero hoy est\u00e1 limitada por una gesti\u00f3n que no representa a todos\u00bb,<\/em> concluy\u00f3 la presidenta del club deportivo La Corvi.<\/p>\n<p>&nbsp;<\/p>\n<p><strong>JJ.VV NO ENTREGA DECLARACIONES<\/strong><\/p>\n<p><strong>Diario El Trabajo<\/strong> intent\u00f3 obtener una declaraci\u00f3n de la directiva de la Junta de Vecinos de la poblaci\u00f3n Pedro Aguirre Cerda respecto a las gestiones realizadas para mejorar la cancha. La directiva respondi\u00f3 que no se referir\u00e1 al tema por el momento, ya que est\u00e1n en proceso de presentar los proyectos necesarios para la implementaci\u00f3n completa del recinto. Indicaron que mientras no obtengan respuesta oficial, entregar declaraciones ser\u00eda \u2018irresponsable\u2019.<\/p>\n<figure id=\"attachment_136347\" aria-describedby=\"caption-attachment-136347\" style=\"width: 699px\" class=\"wp-caption alignnone\"><img loading=\"lazy\" decoding=\"async\" class=\"size-full wp-image-136347\" src=\"http:\/\/eltrabajo.cl\/web\/wp-content\/uploads\/2025\/04\/Cancha-pedro-Aguirre-2.jpg\" alt=\"En penumbras deben entrenar los menores por falta de iluminaci\u00f3n.Adem\u00e1s, con el cambio de hora, han tenido que adelantar sus entrenamientos.\" width=\"699\" height=\"933\" srcset=\"https:\/\/eltrabajo.cl\/web\/wp-content\/uploads\/2025\/04\/Cancha-pedro-Aguirre-2.jpg 699w, https:\/\/eltrabajo.cl\/web\/wp-content\/uploads\/2025\/04\/Cancha-pedro-Aguirre-2-225x300.jpg 225w, https:\/\/eltrabajo.cl\/web\/wp-content\/uploads\/2025\/04\/Cancha-pedro-Aguirre-2-315x420.jpg 315w, https:\/\/eltrabajo.cl\/web\/wp-content\/uploads\/2025\/04\/Cancha-pedro-Aguirre-2-150x200.jpg 150w, https:\/\/eltrabajo.cl\/web\/wp-content\/uploads\/2025\/04\/Cancha-pedro-Aguirre-2-300x400.jpg 300w, https:\/\/eltrabajo.cl\/web\/wp-content\/uploads\/2025\/04\/Cancha-pedro-Aguirre-2-696x929.jpg 696w\" sizes=\"auto, (max-width: 699px) 100vw, 699px\" \/><figcaption id=\"caption-attachment-136347\" class=\"wp-caption-text\">En penumbras deben entrenar los menores por falta de iluminaci\u00f3n.<br \/>Adem\u00e1s, con el cambio de hora, han tenido que adelantar sus entrenamientos.<\/figcaption><\/figure>\n<figure id=\"attachment_136345\" aria-describedby=\"caption-attachment-136345\" style=\"width: 699px\" class=\"wp-caption alignnone\"><img loading=\"lazy\" decoding=\"async\" class=\"size-full wp-image-136345\" src=\"http:\/\/eltrabajo.cl\/web\/wp-content\/uploads\/2025\/04\/Cancha-pedro-Aguirre-3.jpg\" alt=\"Este es el desnivel que impedir\u00eda realizar actividades deportivas en la cancha.\" width=\"699\" height=\"933\" srcset=\"https:\/\/eltrabajo.cl\/web\/wp-content\/uploads\/2025\/04\/Cancha-pedro-Aguirre-3.jpg 699w, https:\/\/eltrabajo.cl\/web\/wp-content\/uploads\/2025\/04\/Cancha-pedro-Aguirre-3-225x300.jpg 225w, https:\/\/eltrabajo.cl\/web\/wp-content\/uploads\/2025\/04\/Cancha-pedro-Aguirre-3-315x420.jpg 315w, https:\/\/eltrabajo.cl\/web\/wp-content\/uploads\/2025\/04\/Cancha-pedro-Aguirre-3-150x200.jpg 150w, https:\/\/eltrabajo.cl\/web\/wp-content\/uploads\/2025\/04\/Cancha-pedro-Aguirre-3-300x400.jpg 300w, https:\/\/eltrabajo.cl\/web\/wp-content\/uploads\/2025\/04\/Cancha-pedro-Aguirre-3-696x929.jpg 696w\" sizes=\"auto, (max-width: 699px) 100vw, 699px\" \/><figcaption id=\"caption-attachment-136345\" class=\"wp-caption-text\">Este es el desnivel que impedir\u00eda realizar actividades deportivas en la cancha.<\/figcaption><\/figure>\n","protected":false},"excerpt":{"rendered":"<p>Formado a fines de diciembre, la agrupaci\u00f3n deportiva sin fines de lucro enfrenta obst\u00e1culos para utilizar la cancha debido a conflictos con la junta de vecinos del sector.- La conexi\u00f3n a la red el\u00e9ctrica de los postes de luz de la cancha ubicada en la Poblaci\u00f3n Pedro Aguirre Cerda es la principal solicitud del Club [&hellip;]<\/p>\n","protected":false},"author":1,"featured_media":136347,"comment_status":"open","ping_status":"closed","sticky":false,"template":"","format":"standard","meta":{"footnotes":""},"categories":[4],"tags":[],"class_list":{"0":"post-136344","1":"post","2":"type-post","3":"status-publish","4":"format-standard","5":"has-post-thumbnail","7":"category-comunidad"},"yoast_head":"<!-- This site is optimized with the Yoast SEO plugin v27.4 - https:\/\/yoast.com\/product\/yoast-seo-wordpress\/ -->\n<title>CD La Corvi pide electricidad en cancha de PAC para entrenar a ni\u00f1os - Diario El Trabajo<\/title>\n<meta name=\"robots\" content=\"index, follow, max-snippet:-1, max-image-preview:large, max-video-preview:-1\" \/>\n<link rel=\"canonical\" href=\"https:\/\/eltrabajo.cl\/web\/cd-la-corvi-pide-electricidad-en-cancha-de-pac-para-entrenar-a-ninos\/\" \/>\n<meta property=\"og:locale\" content=\"es_ES\" \/>\n<meta property=\"og:type\" content=\"article\" \/>\n<meta property=\"og:title\" content=\"CD La Corvi pide electricidad en cancha de PAC para entrenar a ni\u00f1os - Diario El Trabajo\" \/>\n<meta property=\"og:description\" content=\"Formado a fines de diciembre, la agrupaci\u00f3n deportiva sin fines de lucro enfrenta obst\u00e1culos para utilizar la cancha debido a conflictos con la junta de vecinos del sector.- La conexi\u00f3n a la red el\u00e9ctrica de los postes de luz de la cancha ubicada en la Poblaci\u00f3n Pedro Aguirre Cerda es la principal solicitud del Club [&hellip;]\" \/>\n<meta property=\"og:url\" content=\"https:\/\/eltrabajo.cl\/web\/cd-la-corvi-pide-electricidad-en-cancha-de-pac-para-entrenar-a-ninos\/\" \/>\n<meta property=\"og:site_name\" content=\"Diario El Trabajo\" \/>\n<meta property=\"article:publisher\" content=\"https:\/\/www.facebook.com\/ElTrabajoDiario\" \/>\n<meta property=\"article:published_time\" content=\"2025-04-14T01:15:17+00:00\" \/>\n<meta property=\"og:image\" content=\"https:\/\/eltrabajo.cl\/web\/wp-content\/uploads\/2025\/04\/Cancha-pedro-Aguirre-2.jpg\" \/>\n\t<meta property=\"og:image:width\" content=\"699\" \/>\n\t<meta property=\"og:image:height\" content=\"933\" \/>\n\t<meta property=\"og:image:type\" content=\"image\/jpeg\" \/>\n<meta name=\"author\" content=\"Diario El Trabajo\" \/>\n<meta name=\"twitter:card\" content=\"summary_large_image\" \/>\n<meta name=\"twitter:creator\" content=\"@diarioeltrabajo\" \/>\n<meta name=\"twitter:site\" content=\"@diarioeltrabajo\" \/>\n<meta name=\"twitter:label1\" content=\"Escrito por\" \/>\n\t<meta name=\"twitter:data1\" content=\"Diario El Trabajo\" \/>\n\t<meta name=\"twitter:label2\" content=\"Tiempo estimado de lectura\" \/>\n\t<meta name=\"twitter:data2\" content=\"4 minutos\" \/>\n<script type=\"application\/ld+json\" class=\"yoast-schema-graph\">{\"@context\":\"https:\\\/\\\/schema.org\",\"@graph\":[{\"@type\":\"Article\",\"@id\":\"https:\\\/\\\/eltrabajo.cl\\\/web\\\/cd-la-corvi-pide-electricidad-en-cancha-de-pac-para-entrenar-a-ninos\\\/#article\",\"isPartOf\":{\"@id\":\"https:\\\/\\\/eltrabajo.cl\\\/web\\\/cd-la-corvi-pide-electricidad-en-cancha-de-pac-para-entrenar-a-ninos\\\/\"},\"author\":{\"name\":\"Diario El Trabajo\",\"@id\":\"https:\\\/\\\/eltrabajo.cl\\\/web\\\/#\\\/schema\\\/person\\\/45efd3d17f86ec456e44dd7debe1bf19\"},\"headline\":\"CD La Corvi pide electricidad en cancha de PAC para entrenar a ni\u00f1os\",\"datePublished\":\"2025-04-14T01:15:17+00:00\",\"mainEntityOfPage\":{\"@id\":\"https:\\\/\\\/eltrabajo.cl\\\/web\\\/cd-la-corvi-pide-electricidad-en-cancha-de-pac-para-entrenar-a-ninos\\\/\"},\"wordCount\":771,\"commentCount\":0,\"publisher\":{\"@id\":\"https:\\\/\\\/eltrabajo.cl\\\/web\\\/#organization\"},\"image\":{\"@id\":\"https:\\\/\\\/eltrabajo.cl\\\/web\\\/cd-la-corvi-pide-electricidad-en-cancha-de-pac-para-entrenar-a-ninos\\\/#primaryimage\"},\"thumbnailUrl\":\"https:\\\/\\\/eltrabajo.cl\\\/web\\\/wp-content\\\/uploads\\\/2025\\\/04\\\/Cancha-pedro-Aguirre-2.jpg\",\"articleSection\":[\"Comunidad\"],\"inLanguage\":\"es-CL\",\"potentialAction\":[{\"@type\":\"CommentAction\",\"name\":\"Comment\",\"target\":[\"https:\\\/\\\/eltrabajo.cl\\\/web\\\/cd-la-corvi-pide-electricidad-en-cancha-de-pac-para-entrenar-a-ninos\\\/#respond\"]}]},{\"@type\":\"WebPage\",\"@id\":\"https:\\\/\\\/eltrabajo.cl\\\/web\\\/cd-la-corvi-pide-electricidad-en-cancha-de-pac-para-entrenar-a-ninos\\\/\",\"url\":\"https:\\\/\\\/eltrabajo.cl\\\/web\\\/cd-la-corvi-pide-electricidad-en-cancha-de-pac-para-entrenar-a-ninos\\\/\",\"name\":\"CD La Corvi pide electricidad en cancha de PAC para entrenar a ni\u00f1os - Diario El Trabajo\",\"isPartOf\":{\"@id\":\"https:\\\/\\\/eltrabajo.cl\\\/web\\\/#website\"},\"primaryImageOfPage\":{\"@id\":\"https:\\\/\\\/eltrabajo.cl\\\/web\\\/cd-la-corvi-pide-electricidad-en-cancha-de-pac-para-entrenar-a-ninos\\\/#primaryimage\"},\"image\":{\"@id\":\"https:\\\/\\\/eltrabajo.cl\\\/web\\\/cd-la-corvi-pide-electricidad-en-cancha-de-pac-para-entrenar-a-ninos\\\/#primaryimage\"},\"thumbnailUrl\":\"https:\\\/\\\/eltrabajo.cl\\\/web\\\/wp-content\\\/uploads\\\/2025\\\/04\\\/Cancha-pedro-Aguirre-2.jpg\",\"datePublished\":\"2025-04-14T01:15:17+00:00\",\"breadcrumb\":{\"@id\":\"https:\\\/\\\/eltrabajo.cl\\\/web\\\/cd-la-corvi-pide-electricidad-en-cancha-de-pac-para-entrenar-a-ninos\\\/#breadcrumb\"},\"inLanguage\":\"es-CL\",\"potentialAction\":[{\"@type\":\"ReadAction\",\"target\":[\"https:\\\/\\\/eltrabajo.cl\\\/web\\\/cd-la-corvi-pide-electricidad-en-cancha-de-pac-para-entrenar-a-ninos\\\/\"]}]},{\"@type\":\"ImageObject\",\"inLanguage\":\"es-CL\",\"@id\":\"https:\\\/\\\/eltrabajo.cl\\\/web\\\/cd-la-corvi-pide-electricidad-en-cancha-de-pac-para-entrenar-a-ninos\\\/#primaryimage\",\"url\":\"https:\\\/\\\/eltrabajo.cl\\\/web\\\/wp-content\\\/uploads\\\/2025\\\/04\\\/Cancha-pedro-Aguirre-2.jpg\",\"contentUrl\":\"https:\\\/\\\/eltrabajo.cl\\\/web\\\/wp-content\\\/uploads\\\/2025\\\/04\\\/Cancha-pedro-Aguirre-2.jpg\",\"width\":699,\"height\":933,\"caption\":\"En penumbras deben entrenar los menores por falta de iluminaci\u00f3n. Adem\u00e1s, con el cambio de hora, han tenido que adelantar sus entrenamientos.\"},{\"@type\":\"BreadcrumbList\",\"@id\":\"https:\\\/\\\/eltrabajo.cl\\\/web\\\/cd-la-corvi-pide-electricidad-en-cancha-de-pac-para-entrenar-a-ninos\\\/#breadcrumb\",\"itemListElement\":[{\"@type\":\"ListItem\",\"position\":1,\"name\":\"Portada\",\"item\":\"https:\\\/\\\/eltrabajo.cl\\\/web\\\/\"},{\"@type\":\"ListItem\",\"position\":2,\"name\":\"CD La Corvi pide electricidad en cancha de PAC para entrenar a ni\u00f1os\"}]},{\"@type\":\"WebSite\",\"@id\":\"https:\\\/\\\/eltrabajo.cl\\\/web\\\/#website\",\"url\":\"https:\\\/\\\/eltrabajo.cl\\\/web\\\/\",\"name\":\"Diario El Trabajo\",\"description\":\"Desde 1929 construyendo Identidad Local\",\"publisher\":{\"@id\":\"https:\\\/\\\/eltrabajo.cl\\\/web\\\/#organization\"},\"potentialAction\":[{\"@type\":\"SearchAction\",\"target\":{\"@type\":\"EntryPoint\",\"urlTemplate\":\"https:\\\/\\\/eltrabajo.cl\\\/web\\\/?s={search_term_string}\"},\"query-input\":{\"@type\":\"PropertyValueSpecification\",\"valueRequired\":true,\"valueName\":\"search_term_string\"}}],\"inLanguage\":\"es-CL\"},{\"@type\":\"Organization\",\"@id\":\"https:\\\/\\\/eltrabajo.cl\\\/web\\\/#organization\",\"name\":\"Diario El Trabajo\",\"url\":\"https:\\\/\\\/eltrabajo.cl\\\/web\\\/\",\"logo\":{\"@type\":\"ImageObject\",\"inLanguage\":\"es-CL\",\"@id\":\"https:\\\/\\\/eltrabajo.cl\\\/web\\\/#\\\/schema\\\/logo\\\/image\\\/\",\"url\":\"https:\\\/\\\/eltrabajo.cl\\\/web\\\/wp-content\\\/uploads\\\/2024\\\/06\\\/profile-image-ig-page-diarioeltrabajo.jpg\",\"contentUrl\":\"https:\\\/\\\/eltrabajo.cl\\\/web\\\/wp-content\\\/uploads\\\/2024\\\/06\\\/profile-image-ig-page-diarioeltrabajo.jpg\",\"width\":823,\"height\":823,\"caption\":\"Diario El Trabajo\"},\"image\":{\"@id\":\"https:\\\/\\\/eltrabajo.cl\\\/web\\\/#\\\/schema\\\/logo\\\/image\\\/\"},\"sameAs\":[\"https:\\\/\\\/www.facebook.com\\\/ElTrabajoDiario\",\"https:\\\/\\\/x.com\\\/diarioeltrabajo\"]},{\"@type\":\"Person\",\"@id\":\"https:\\\/\\\/eltrabajo.cl\\\/web\\\/#\\\/schema\\\/person\\\/45efd3d17f86ec456e44dd7debe1bf19\",\"name\":\"Diario El Trabajo\",\"image\":{\"@type\":\"ImageObject\",\"inLanguage\":\"es-CL\",\"@id\":\"https:\\\/\\\/secure.gravatar.com\\\/avatar\\\/7e6ec277dc4aea2677c2dc301d4227957219329c985ab69a3efc12518b5161aa?s=96&d=mm&r=g\",\"url\":\"https:\\\/\\\/secure.gravatar.com\\\/avatar\\\/7e6ec277dc4aea2677c2dc301d4227957219329c985ab69a3efc12518b5161aa?s=96&d=mm&r=g\",\"contentUrl\":\"https:\\\/\\\/secure.gravatar.com\\\/avatar\\\/7e6ec277dc4aea2677c2dc301d4227957219329c985ab69a3efc12518b5161aa?s=96&d=mm&r=g\",\"caption\":\"Diario El Trabajo\"},\"sameAs\":[\"https:\\\/\\\/eltrabajo.cl\\\/web\"],\"url\":\"https:\\\/\\\/eltrabajo.cl\\\/web\\\/author\\\/diario-el-trabajo\\\/\"}]}<\/script>\n<!-- \/ Yoast SEO plugin. -->","yoast_head_json":{"title":"CD La Corvi pide electricidad en cancha de PAC para entrenar a ni\u00f1os - Diario El Trabajo","robots":{"index":"index","follow":"follow","max-snippet":"max-snippet:-1","max-image-preview":"max-image-preview:large","max-video-preview":"max-video-preview:-1"},"canonical":"https:\/\/eltrabajo.cl\/web\/cd-la-corvi-pide-electricidad-en-cancha-de-pac-para-entrenar-a-ninos\/","og_locale":"es_ES","og_type":"article","og_title":"CD La Corvi pide electricidad en cancha de PAC para entrenar a ni\u00f1os - Diario El Trabajo","og_description":"Formado a fines de diciembre, la agrupaci\u00f3n deportiva sin fines de lucro enfrenta obst\u00e1culos para utilizar la cancha debido a conflictos con la junta de vecinos del sector.- La conexi\u00f3n a la red el\u00e9ctrica de los postes de luz de la cancha ubicada en la Poblaci\u00f3n Pedro Aguirre Cerda es la principal solicitud del Club [&hellip;]","og_url":"https:\/\/eltrabajo.cl\/web\/cd-la-corvi-pide-electricidad-en-cancha-de-pac-para-entrenar-a-ninos\/","og_site_name":"Diario El Trabajo","article_publisher":"https:\/\/www.facebook.com\/ElTrabajoDiario","article_published_time":"2025-04-14T01:15:17+00:00","og_image":[{"width":699,"height":933,"url":"https:\/\/eltrabajo.cl\/web\/wp-content\/uploads\/2025\/04\/Cancha-pedro-Aguirre-2.jpg","type":"image\/jpeg"}],"author":"Diario El Trabajo","twitter_card":"summary_large_image","twitter_creator":"@diarioeltrabajo","twitter_site":"@diarioeltrabajo","twitter_misc":{"Escrito por":"Diario El Trabajo","Tiempo estimado de lectura":"4 minutos"},"schema":{"@context":"https:\/\/schema.org","@graph":[{"@type":"Article","@id":"https:\/\/eltrabajo.cl\/web\/cd-la-corvi-pide-electricidad-en-cancha-de-pac-para-entrenar-a-ninos\/#article","isPartOf":{"@id":"https:\/\/eltrabajo.cl\/web\/cd-la-corvi-pide-electricidad-en-cancha-de-pac-para-entrenar-a-ninos\/"},"author":{"name":"Diario El Trabajo","@id":"https:\/\/eltrabajo.cl\/web\/#\/schema\/person\/45efd3d17f86ec456e44dd7debe1bf19"},"headline":"CD La Corvi pide electricidad en cancha de PAC para entrenar a ni\u00f1os","datePublished":"2025-04-14T01:15:17+00:00","mainEntityOfPage":{"@id":"https:\/\/eltrabajo.cl\/web\/cd-la-corvi-pide-electricidad-en-cancha-de-pac-para-entrenar-a-ninos\/"},"wordCount":771,"commentCount":0,"publisher":{"@id":"https:\/\/eltrabajo.cl\/web\/#organization"},"image":{"@id":"https:\/\/eltrabajo.cl\/web\/cd-la-corvi-pide-electricidad-en-cancha-de-pac-para-entrenar-a-ninos\/#primaryimage"},"thumbnailUrl":"https:\/\/eltrabajo.cl\/web\/wp-content\/uploads\/2025\/04\/Cancha-pedro-Aguirre-2.jpg","articleSection":["Comunidad"],"inLanguage":"es-CL","potentialAction":[{"@type":"CommentAction","name":"Comment","target":["https:\/\/eltrabajo.cl\/web\/cd-la-corvi-pide-electricidad-en-cancha-de-pac-para-entrenar-a-ninos\/#respond"]}]},{"@type":"WebPage","@id":"https:\/\/eltrabajo.cl\/web\/cd-la-corvi-pide-electricidad-en-cancha-de-pac-para-entrenar-a-ninos\/","url":"https:\/\/eltrabajo.cl\/web\/cd-la-corvi-pide-electricidad-en-cancha-de-pac-para-entrenar-a-ninos\/","name":"CD La Corvi pide electricidad en cancha de PAC para entrenar a ni\u00f1os - Diario El Trabajo","isPartOf":{"@id":"https:\/\/eltrabajo.cl\/web\/#website"},"primaryImageOfPage":{"@id":"https:\/\/eltrabajo.cl\/web\/cd-la-corvi-pide-electricidad-en-cancha-de-pac-para-entrenar-a-ninos\/#primaryimage"},"image":{"@id":"https:\/\/eltrabajo.cl\/web\/cd-la-corvi-pide-electricidad-en-cancha-de-pac-para-entrenar-a-ninos\/#primaryimage"},"thumbnailUrl":"https:\/\/eltrabajo.cl\/web\/wp-content\/uploads\/2025\/04\/Cancha-pedro-Aguirre-2.jpg","datePublished":"2025-04-14T01:15:17+00:00","breadcrumb":{"@id":"https:\/\/eltrabajo.cl\/web\/cd-la-corvi-pide-electricidad-en-cancha-de-pac-para-entrenar-a-ninos\/#breadcrumb"},"inLanguage":"es-CL","potentialAction":[{"@type":"ReadAction","target":["https:\/\/eltrabajo.cl\/web\/cd-la-corvi-pide-electricidad-en-cancha-de-pac-para-entrenar-a-ninos\/"]}]},{"@type":"ImageObject","inLanguage":"es-CL","@id":"https:\/\/eltrabajo.cl\/web\/cd-la-corvi-pide-electricidad-en-cancha-de-pac-para-entrenar-a-ninos\/#primaryimage","url":"https:\/\/eltrabajo.cl\/web\/wp-content\/uploads\/2025\/04\/Cancha-pedro-Aguirre-2.jpg","contentUrl":"https:\/\/eltrabajo.cl\/web\/wp-content\/uploads\/2025\/04\/Cancha-pedro-Aguirre-2.jpg","width":699,"height":933,"caption":"En penumbras deben entrenar los menores por falta de iluminaci\u00f3n. Adem\u00e1s, con el cambio de hora, han tenido que adelantar sus entrenamientos."},{"@type":"BreadcrumbList","@id":"https:\/\/eltrabajo.cl\/web\/cd-la-corvi-pide-electricidad-en-cancha-de-pac-para-entrenar-a-ninos\/#breadcrumb","itemListElement":[{"@type":"ListItem","position":1,"name":"Portada","item":"https:\/\/eltrabajo.cl\/web\/"},{"@type":"ListItem","position":2,"name":"CD La Corvi pide electricidad en cancha de PAC para entrenar a ni\u00f1os"}]},{"@type":"WebSite","@id":"https:\/\/eltrabajo.cl\/web\/#website","url":"https:\/\/eltrabajo.cl\/web\/","name":"Diario El Trabajo","description":"Desde 1929 construyendo Identidad Local","publisher":{"@id":"https:\/\/eltrabajo.cl\/web\/#organization"},"potentialAction":[{"@type":"SearchAction","target":{"@type":"EntryPoint","urlTemplate":"https:\/\/eltrabajo.cl\/web\/?s={search_term_string}"},"query-input":{"@type":"PropertyValueSpecification","valueRequired":true,"valueName":"search_term_string"}}],"inLanguage":"es-CL"},{"@type":"Organization","@id":"https:\/\/eltrabajo.cl\/web\/#organization","name":"Diario El Trabajo","url":"https:\/\/eltrabajo.cl\/web\/","logo":{"@type":"ImageObject","inLanguage":"es-CL","@id":"https:\/\/eltrabajo.cl\/web\/#\/schema\/logo\/image\/","url":"https:\/\/eltrabajo.cl\/web\/wp-content\/uploads\/2024\/06\/profile-image-ig-page-diarioeltrabajo.jpg","contentUrl":"https:\/\/eltrabajo.cl\/web\/wp-content\/uploads\/2024\/06\/profile-image-ig-page-diarioeltrabajo.jpg","width":823,"height":823,"caption":"Diario El Trabajo"},"image":{"@id":"https:\/\/eltrabajo.cl\/web\/#\/schema\/logo\/image\/"},"sameAs":["https:\/\/www.facebook.com\/ElTrabajoDiario","https:\/\/x.com\/diarioeltrabajo"]},{"@type":"Person","@id":"https:\/\/eltrabajo.cl\/web\/#\/schema\/person\/45efd3d17f86ec456e44dd7debe1bf19","name":"Diario El Trabajo","image":{"@type":"ImageObject","inLanguage":"es-CL","@id":"https:\/\/secure.gravatar.com\/avatar\/7e6ec277dc4aea2677c2dc301d4227957219329c985ab69a3efc12518b5161aa?s=96&d=mm&r=g","url":"https:\/\/secure.gravatar.com\/avatar\/7e6ec277dc4aea2677c2dc301d4227957219329c985ab69a3efc12518b5161aa?s=96&d=mm&r=g","contentUrl":"https:\/\/secure.gravatar.com\/avatar\/7e6ec277dc4aea2677c2dc301d4227957219329c985ab69a3efc12518b5161aa?s=96&d=mm&r=g","caption":"Diario El Trabajo"},"sameAs":["https:\/\/eltrabajo.cl\/web"],"url":"https:\/\/eltrabajo.cl\/web\/author\/diario-el-trabajo\/"}]}},"_links":{"self":[{"href":"https:\/\/eltrabajo.cl\/web\/wp-json\/wp\/v2\/posts\/136344","targetHints":{"allow":["GET"]}}],"collection":[{"href":"https:\/\/eltrabajo.cl\/web\/wp-json\/wp\/v2\/posts"}],"about":[{"href":"https:\/\/eltrabajo.cl\/web\/wp-json\/wp\/v2\/types\/post"}],"author":[{"embeddable":true,"href":"https:\/\/eltrabajo.cl\/web\/wp-json\/wp\/v2\/users\/1"}],"replies":[{"embeddable":true,"href":"https:\/\/eltrabajo.cl\/web\/wp-json\/wp\/v2\/comments?post=136344"}],"version-history":[{"count":1,"href":"https:\/\/eltrabajo.cl\/web\/wp-json\/wp\/v2\/posts\/136344\/revisions"}],"predecessor-version":[{"id":136348,"href":"https:\/\/eltrabajo.cl\/web\/wp-json\/wp\/v2\/posts\/136344\/revisions\/136348"}],"wp:featuredmedia":[{"embeddable":true,"href":"https:\/\/eltrabajo.cl\/web\/wp-json\/wp\/v2\/media\/136347"}],"wp:attachment":[{"href":"https:\/\/eltrabajo.cl\/web\/wp-json\/wp\/v2\/media?parent=136344"}],"wp:term":[{"taxonomy":"category","embeddable":true,"href":"https:\/\/eltrabajo.cl\/web\/wp-json\/wp\/v2\/categories?post=136344"},{"taxonomy":"post_tag","embeddable":true,"href":"https:\/\/eltrabajo.cl\/web\/wp-json\/wp\/v2\/tags?post=136344"}],"curies":[{"name":"wp","href":"https:\/\/api.w.org\/{rel}","templated":true}]}}