{"id":136349,"date":"2025-04-13T22:16:47","date_gmt":"2025-04-14T01:16:47","guid":{"rendered":"https:\/\/eltrabajo.cl\/web\/?p=136349"},"modified":"2025-04-13T22:16:47","modified_gmt":"2025-04-14T01:16:47","slug":"denuncian-plaga-de-moscas-por-arribo-de-camiones-recolectores-de-basura-al-sector","status":"publish","type":"post","link":"https:\/\/eltrabajo.cl\/web\/denuncian-plaga-de-moscas-por-arribo-de-camiones-recolectores-de-basura-al-sector\/","title":{"rendered":"Denuncian plaga de moscas por arribo de\u00a0camiones recolectores de basura al sector"},"content":{"rendered":"<p><span style=\"color: #ff0000;\">Vecinos de Tres Esquinas:<\/span><\/p>\n<p>Un grave problema est\u00e1 afectando a gran parte del sector Tres Esquinas, m\u00e1s espec\u00edficamente a las viviendas ubicadas entre el puente Pocuro y el mencionado sector, debido a la llegada de una molesta plaga de moscas que han disminuido ostensiblemente su calidad de vida.<\/p>\n<p>Se trata de unas 20 viviendas cuyos moradores se han visto afectados por esta situaci\u00f3n, la que atribuyen al hecho de que, en terrenos de una planta industrial del sector, han llegado a estacionarse los camiones recolectores de basura de la nueva empresa que recientemente se adjudic\u00f3 dicho servicio.<\/p>\n<p>Lo anterior debido a que la plaga apareci\u00f3 precisamente el mes pasado, cuando los camiones recolectores comenzaron a estacionarse en dicha planta, al aire libre, lo que provoca la aparici\u00f3n de las moscas.<\/p>\n<p>La situaci\u00f3n se torna m\u00e1s grave en los d\u00edas de calor, pues las moscas inundan las viviendas del sector, constituyendo un riesgo sanitario gratuito que de la noche a la ma\u00f1ana les ha cambiado la calidad de vida.<\/p>\n<p>Los vecinos piden alg\u00fan tipo de soluci\u00f3n, ya sea que se vayan a otro lugar donde los camiones puedan quedar guardados en un recinto cerrado, o donde no haya vecinos en las cercan\u00edas.<\/p>\n<figure id=\"attachment_136350\" aria-describedby=\"caption-attachment-136350\" style=\"width: 699px\" class=\"wp-caption alignnone\"><img loading=\"lazy\" decoding=\"async\" class=\"size-full wp-image-136350\" src=\"http:\/\/eltrabajo.cl\/web\/wp-content\/uploads\/2025\/04\/moscas-2.jpg\" alt=\"La aparici\u00f3n de moscas coincidi\u00f3 con la llegada de los camiones recolectores de basura que quedan aparcados durante gran parte del d\u00eda en una planta industrial ubicada en dicho sector.\" width=\"699\" height=\"315\" srcset=\"https:\/\/eltrabajo.cl\/web\/wp-content\/uploads\/2025\/04\/moscas-2.jpg 699w, https:\/\/eltrabajo.cl\/web\/wp-content\/uploads\/2025\/04\/moscas-2-300x135.jpg 300w, https:\/\/eltrabajo.cl\/web\/wp-content\/uploads\/2025\/04\/moscas-2-150x68.jpg 150w, https:\/\/eltrabajo.cl\/web\/wp-content\/uploads\/2025\/04\/moscas-2-696x314.jpg 696w\" sizes=\"auto, (max-width: 699px) 100vw, 699px\" \/><figcaption id=\"caption-attachment-136350\" class=\"wp-caption-text\">La aparici\u00f3n de moscas coincidi\u00f3 con la llegada de los camiones recolectores de basura que quedan aparcados durante gran parte del d\u00eda en una planta industrial ubicada en dicho sector.<\/figcaption><\/figure>\n<figure id=\"attachment_136351\" aria-describedby=\"caption-attachment-136351\" style=\"width: 699px\" class=\"wp-caption alignnone\"><img loading=\"lazy\" decoding=\"async\" class=\"size-full wp-image-136351\" src=\"http:\/\/eltrabajo.cl\/web\/wp-content\/uploads\/2025\/04\/moscas-1.jpg\" alt=\"Una molesta plaga de moscas est\u00e1 afectando a vecinos del sector Tres Esquinas.\" width=\"699\" height=\"517\" srcset=\"https:\/\/eltrabajo.cl\/web\/wp-content\/uploads\/2025\/04\/moscas-1.jpg 699w, https:\/\/eltrabajo.cl\/web\/wp-content\/uploads\/2025\/04\/moscas-1-300x222.jpg 300w, https:\/\/eltrabajo.cl\/web\/wp-content\/uploads\/2025\/04\/moscas-1-568x420.jpg 568w, https:\/\/eltrabajo.cl\/web\/wp-content\/uploads\/2025\/04\/moscas-1-80x60.jpg 80w, https:\/\/eltrabajo.cl\/web\/wp-content\/uploads\/2025\/04\/moscas-1-150x111.jpg 150w, https:\/\/eltrabajo.cl\/web\/wp-content\/uploads\/2025\/04\/moscas-1-485x360.jpg 485w, https:\/\/eltrabajo.cl\/web\/wp-content\/uploads\/2025\/04\/moscas-1-696x515.jpg 696w\" sizes=\"auto, (max-width: 699px) 100vw, 699px\" \/><figcaption id=\"caption-attachment-136351\" class=\"wp-caption-text\">Una molesta plaga de moscas est\u00e1 afectando a vecinos del sector Tres Esquinas.<\/figcaption><\/figure>\n","protected":false},"excerpt":{"rendered":"<p>Vecinos de Tres Esquinas: Un grave problema est\u00e1 afectando a gran parte del sector Tres Esquinas, m\u00e1s espec\u00edficamente a las viviendas ubicadas entre el puente Pocuro y el mencionado sector, debido a la llegada de una molesta plaga de moscas que han disminuido ostensiblemente su calidad de vida. Se trata de unas 20 viviendas cuyos [&hellip;]<\/p>\n","protected":false},"author":1,"featured_media":136351,"comment_status":"open","ping_status":"closed","sticky":false,"template":"","format":"standard","meta":{"footnotes":""},"categories":[4],"tags":[],"class_list":{"0":"post-136349","1":"post","2":"type-post","3":"status-publish","4":"format-standard","5":"has-post-thumbnail","7":"category-comunidad"},"yoast_head":"<!-- This site is optimized with the Yoast SEO plugin v27.4 - https:\/\/yoast.com\/product\/yoast-seo-wordpress\/ -->\n<title>Denuncian plaga de moscas por arribo de\u00a0camiones recolectores de basura al sector - Diario El Trabajo<\/title>\n<meta name=\"robots\" content=\"index, follow, max-snippet:-1, max-image-preview:large, max-video-preview:-1\" \/>\n<link rel=\"canonical\" href=\"https:\/\/eltrabajo.cl\/web\/denuncian-plaga-de-moscas-por-arribo-de-camiones-recolectores-de-basura-al-sector\/\" \/>\n<meta property=\"og:locale\" content=\"es_ES\" \/>\n<meta property=\"og:type\" content=\"article\" \/>\n<meta property=\"og:title\" content=\"Denuncian plaga de moscas por arribo de\u00a0camiones recolectores de basura al sector - Diario El Trabajo\" \/>\n<meta property=\"og:description\" content=\"Vecinos de Tres Esquinas: Un grave problema est\u00e1 afectando a gran parte del sector Tres Esquinas, m\u00e1s espec\u00edficamente a las viviendas ubicadas entre el puente Pocuro y el mencionado sector, debido a la llegada de una molesta plaga de moscas que han disminuido ostensiblemente su calidad de vida. Se trata de unas 20 viviendas cuyos [&hellip;]\" \/>\n<meta property=\"og:url\" content=\"https:\/\/eltrabajo.cl\/web\/denuncian-plaga-de-moscas-por-arribo-de-camiones-recolectores-de-basura-al-sector\/\" \/>\n<meta property=\"og:site_name\" content=\"Diario El Trabajo\" \/>\n<meta property=\"article:publisher\" content=\"https:\/\/www.facebook.com\/ElTrabajoDiario\" \/>\n<meta property=\"article:published_time\" content=\"2025-04-14T01:16:47+00:00\" \/>\n<meta property=\"og:image\" content=\"https:\/\/eltrabajo.cl\/web\/wp-content\/uploads\/2025\/04\/moscas-1.jpg\" \/>\n\t<meta property=\"og:image:width\" content=\"699\" \/>\n\t<meta property=\"og:image:height\" content=\"517\" \/>\n\t<meta property=\"og:image:type\" content=\"image\/jpeg\" \/>\n<meta name=\"author\" content=\"Diario El Trabajo\" \/>\n<meta name=\"twitter:card\" content=\"summary_large_image\" \/>\n<meta name=\"twitter:creator\" content=\"@diarioeltrabajo\" \/>\n<meta name=\"twitter:site\" content=\"@diarioeltrabajo\" \/>\n<meta name=\"twitter:label1\" content=\"Escrito por\" \/>\n\t<meta name=\"twitter:data1\" content=\"Diario El Trabajo\" \/>\n\t<meta name=\"twitter:label2\" content=\"Tiempo estimado de lectura\" \/>\n\t<meta name=\"twitter:data2\" content=\"2 minutos\" \/>\n<script type=\"application\/ld+json\" class=\"yoast-schema-graph\">{\"@context\":\"https:\\\/\\\/schema.org\",\"@graph\":[{\"@type\":\"Article\",\"@id\":\"https:\\\/\\\/eltrabajo.cl\\\/web\\\/denuncian-plaga-de-moscas-por-arribo-de-camiones-recolectores-de-basura-al-sector\\\/#article\",\"isPartOf\":{\"@id\":\"https:\\\/\\\/eltrabajo.cl\\\/web\\\/denuncian-plaga-de-moscas-por-arribo-de-camiones-recolectores-de-basura-al-sector\\\/\"},\"author\":{\"name\":\"Diario El Trabajo\",\"@id\":\"https:\\\/\\\/eltrabajo.cl\\\/web\\\/#\\\/schema\\\/person\\\/45efd3d17f86ec456e44dd7debe1bf19\"},\"headline\":\"Denuncian plaga de moscas por arribo de\u00a0camiones recolectores de basura al sector\",\"datePublished\":\"2025-04-14T01:16:47+00:00\",\"mainEntityOfPage\":{\"@id\":\"https:\\\/\\\/eltrabajo.cl\\\/web\\\/denuncian-plaga-de-moscas-por-arribo-de-camiones-recolectores-de-basura-al-sector\\\/\"},\"wordCount\":283,\"commentCount\":0,\"publisher\":{\"@id\":\"https:\\\/\\\/eltrabajo.cl\\\/web\\\/#organization\"},\"image\":{\"@id\":\"https:\\\/\\\/eltrabajo.cl\\\/web\\\/denuncian-plaga-de-moscas-por-arribo-de-camiones-recolectores-de-basura-al-sector\\\/#primaryimage\"},\"thumbnailUrl\":\"https:\\\/\\\/eltrabajo.cl\\\/web\\\/wp-content\\\/uploads\\\/2025\\\/04\\\/moscas-1.jpg\",\"articleSection\":[\"Comunidad\"],\"inLanguage\":\"es-CL\",\"potentialAction\":[{\"@type\":\"CommentAction\",\"name\":\"Comment\",\"target\":[\"https:\\\/\\\/eltrabajo.cl\\\/web\\\/denuncian-plaga-de-moscas-por-arribo-de-camiones-recolectores-de-basura-al-sector\\\/#respond\"]}]},{\"@type\":\"WebPage\",\"@id\":\"https:\\\/\\\/eltrabajo.cl\\\/web\\\/denuncian-plaga-de-moscas-por-arribo-de-camiones-recolectores-de-basura-al-sector\\\/\",\"url\":\"https:\\\/\\\/eltrabajo.cl\\\/web\\\/denuncian-plaga-de-moscas-por-arribo-de-camiones-recolectores-de-basura-al-sector\\\/\",\"name\":\"Denuncian plaga de moscas por arribo de\u00a0camiones recolectores de basura al sector - Diario El Trabajo\",\"isPartOf\":{\"@id\":\"https:\\\/\\\/eltrabajo.cl\\\/web\\\/#website\"},\"primaryImageOfPage\":{\"@id\":\"https:\\\/\\\/eltrabajo.cl\\\/web\\\/denuncian-plaga-de-moscas-por-arribo-de-camiones-recolectores-de-basura-al-sector\\\/#primaryimage\"},\"image\":{\"@id\":\"https:\\\/\\\/eltrabajo.cl\\\/web\\\/denuncian-plaga-de-moscas-por-arribo-de-camiones-recolectores-de-basura-al-sector\\\/#primaryimage\"},\"thumbnailUrl\":\"https:\\\/\\\/eltrabajo.cl\\\/web\\\/wp-content\\\/uploads\\\/2025\\\/04\\\/moscas-1.jpg\",\"datePublished\":\"2025-04-14T01:16:47+00:00\",\"breadcrumb\":{\"@id\":\"https:\\\/\\\/eltrabajo.cl\\\/web\\\/denuncian-plaga-de-moscas-por-arribo-de-camiones-recolectores-de-basura-al-sector\\\/#breadcrumb\"},\"inLanguage\":\"es-CL\",\"potentialAction\":[{\"@type\":\"ReadAction\",\"target\":[\"https:\\\/\\\/eltrabajo.cl\\\/web\\\/denuncian-plaga-de-moscas-por-arribo-de-camiones-recolectores-de-basura-al-sector\\\/\"]}]},{\"@type\":\"ImageObject\",\"inLanguage\":\"es-CL\",\"@id\":\"https:\\\/\\\/eltrabajo.cl\\\/web\\\/denuncian-plaga-de-moscas-por-arribo-de-camiones-recolectores-de-basura-al-sector\\\/#primaryimage\",\"url\":\"https:\\\/\\\/eltrabajo.cl\\\/web\\\/wp-content\\\/uploads\\\/2025\\\/04\\\/moscas-1.jpg\",\"contentUrl\":\"https:\\\/\\\/eltrabajo.cl\\\/web\\\/wp-content\\\/uploads\\\/2025\\\/04\\\/moscas-1.jpg\",\"width\":699,\"height\":517,\"caption\":\"Una molesta plaga de moscas est\u00e1 afectando a vecinos del sector Tres Esquinas.\"},{\"@type\":\"BreadcrumbList\",\"@id\":\"https:\\\/\\\/eltrabajo.cl\\\/web\\\/denuncian-plaga-de-moscas-por-arribo-de-camiones-recolectores-de-basura-al-sector\\\/#breadcrumb\",\"itemListElement\":[{\"@type\":\"ListItem\",\"position\":1,\"name\":\"Portada\",\"item\":\"https:\\\/\\\/eltrabajo.cl\\\/web\\\/\"},{\"@type\":\"ListItem\",\"position\":2,\"name\":\"Denuncian plaga de moscas por arribo de\u00a0camiones recolectores de basura al sector\"}]},{\"@type\":\"WebSite\",\"@id\":\"https:\\\/\\\/eltrabajo.cl\\\/web\\\/#website\",\"url\":\"https:\\\/\\\/eltrabajo.cl\\\/web\\\/\",\"name\":\"Diario El Trabajo\",\"description\":\"Desde 1929 construyendo Identidad Local\",\"publisher\":{\"@id\":\"https:\\\/\\\/eltrabajo.cl\\\/web\\\/#organization\"},\"potentialAction\":[{\"@type\":\"SearchAction\",\"target\":{\"@type\":\"EntryPoint\",\"urlTemplate\":\"https:\\\/\\\/eltrabajo.cl\\\/web\\\/?s={search_term_string}\"},\"query-input\":{\"@type\":\"PropertyValueSpecification\",\"valueRequired\":true,\"valueName\":\"search_term_string\"}}],\"inLanguage\":\"es-CL\"},{\"@type\":\"Organization\",\"@id\":\"https:\\\/\\\/eltrabajo.cl\\\/web\\\/#organization\",\"name\":\"Diario El Trabajo\",\"url\":\"https:\\\/\\\/eltrabajo.cl\\\/web\\\/\",\"logo\":{\"@type\":\"ImageObject\",\"inLanguage\":\"es-CL\",\"@id\":\"https:\\\/\\\/eltrabajo.cl\\\/web\\\/#\\\/schema\\\/logo\\\/image\\\/\",\"url\":\"https:\\\/\\\/eltrabajo.cl\\\/web\\\/wp-content\\\/uploads\\\/2024\\\/06\\\/profile-image-ig-page-diarioeltrabajo.jpg\",\"contentUrl\":\"https:\\\/\\\/eltrabajo.cl\\\/web\\\/wp-content\\\/uploads\\\/2024\\\/06\\\/profile-image-ig-page-diarioeltrabajo.jpg\",\"width\":823,\"height\":823,\"caption\":\"Diario El Trabajo\"},\"image\":{\"@id\":\"https:\\\/\\\/eltrabajo.cl\\\/web\\\/#\\\/schema\\\/logo\\\/image\\\/\"},\"sameAs\":[\"https:\\\/\\\/www.facebook.com\\\/ElTrabajoDiario\",\"https:\\\/\\\/x.com\\\/diarioeltrabajo\"]},{\"@type\":\"Person\",\"@id\":\"https:\\\/\\\/eltrabajo.cl\\\/web\\\/#\\\/schema\\\/person\\\/45efd3d17f86ec456e44dd7debe1bf19\",\"name\":\"Diario El Trabajo\",\"image\":{\"@type\":\"ImageObject\",\"inLanguage\":\"es-CL\",\"@id\":\"https:\\\/\\\/secure.gravatar.com\\\/avatar\\\/7e6ec277dc4aea2677c2dc301d4227957219329c985ab69a3efc12518b5161aa?s=96&d=mm&r=g\",\"url\":\"https:\\\/\\\/secure.gravatar.com\\\/avatar\\\/7e6ec277dc4aea2677c2dc301d4227957219329c985ab69a3efc12518b5161aa?s=96&d=mm&r=g\",\"contentUrl\":\"https:\\\/\\\/secure.gravatar.com\\\/avatar\\\/7e6ec277dc4aea2677c2dc301d4227957219329c985ab69a3efc12518b5161aa?s=96&d=mm&r=g\",\"caption\":\"Diario El Trabajo\"},\"sameAs\":[\"https:\\\/\\\/eltrabajo.cl\\\/web\"],\"url\":\"https:\\\/\\\/eltrabajo.cl\\\/web\\\/author\\\/diario-el-trabajo\\\/\"}]}<\/script>\n<!-- \/ Yoast SEO plugin. -->","yoast_head_json":{"title":"Denuncian plaga de moscas por arribo de\u00a0camiones recolectores de basura al sector - Diario El Trabajo","robots":{"index":"index","follow":"follow","max-snippet":"max-snippet:-1","max-image-preview":"max-image-preview:large","max-video-preview":"max-video-preview:-1"},"canonical":"https:\/\/eltrabajo.cl\/web\/denuncian-plaga-de-moscas-por-arribo-de-camiones-recolectores-de-basura-al-sector\/","og_locale":"es_ES","og_type":"article","og_title":"Denuncian plaga de moscas por arribo de\u00a0camiones recolectores de basura al sector - Diario El Trabajo","og_description":"Vecinos de Tres Esquinas: Un grave problema est\u00e1 afectando a gran parte del sector Tres Esquinas, m\u00e1s espec\u00edficamente a las viviendas ubicadas entre el puente Pocuro y el mencionado sector, debido a la llegada de una molesta plaga de moscas que han disminuido ostensiblemente su calidad de vida. Se trata de unas 20 viviendas cuyos [&hellip;]","og_url":"https:\/\/eltrabajo.cl\/web\/denuncian-plaga-de-moscas-por-arribo-de-camiones-recolectores-de-basura-al-sector\/","og_site_name":"Diario El Trabajo","article_publisher":"https:\/\/www.facebook.com\/ElTrabajoDiario","article_published_time":"2025-04-14T01:16:47+00:00","og_image":[{"width":699,"height":517,"url":"https:\/\/eltrabajo.cl\/web\/wp-content\/uploads\/2025\/04\/moscas-1.jpg","type":"image\/jpeg"}],"author":"Diario El Trabajo","twitter_card":"summary_large_image","twitter_creator":"@diarioeltrabajo","twitter_site":"@diarioeltrabajo","twitter_misc":{"Escrito por":"Diario El Trabajo","Tiempo estimado de lectura":"2 minutos"},"schema":{"@context":"https:\/\/schema.org","@graph":[{"@type":"Article","@id":"https:\/\/eltrabajo.cl\/web\/denuncian-plaga-de-moscas-por-arribo-de-camiones-recolectores-de-basura-al-sector\/#article","isPartOf":{"@id":"https:\/\/eltrabajo.cl\/web\/denuncian-plaga-de-moscas-por-arribo-de-camiones-recolectores-de-basura-al-sector\/"},"author":{"name":"Diario El Trabajo","@id":"https:\/\/eltrabajo.cl\/web\/#\/schema\/person\/45efd3d17f86ec456e44dd7debe1bf19"},"headline":"Denuncian plaga de moscas por arribo de\u00a0camiones recolectores de basura al sector","datePublished":"2025-04-14T01:16:47+00:00","mainEntityOfPage":{"@id":"https:\/\/eltrabajo.cl\/web\/denuncian-plaga-de-moscas-por-arribo-de-camiones-recolectores-de-basura-al-sector\/"},"wordCount":283,"commentCount":0,"publisher":{"@id":"https:\/\/eltrabajo.cl\/web\/#organization"},"image":{"@id":"https:\/\/eltrabajo.cl\/web\/denuncian-plaga-de-moscas-por-arribo-de-camiones-recolectores-de-basura-al-sector\/#primaryimage"},"thumbnailUrl":"https:\/\/eltrabajo.cl\/web\/wp-content\/uploads\/2025\/04\/moscas-1.jpg","articleSection":["Comunidad"],"inLanguage":"es-CL","potentialAction":[{"@type":"CommentAction","name":"Comment","target":["https:\/\/eltrabajo.cl\/web\/denuncian-plaga-de-moscas-por-arribo-de-camiones-recolectores-de-basura-al-sector\/#respond"]}]},{"@type":"WebPage","@id":"https:\/\/eltrabajo.cl\/web\/denuncian-plaga-de-moscas-por-arribo-de-camiones-recolectores-de-basura-al-sector\/","url":"https:\/\/eltrabajo.cl\/web\/denuncian-plaga-de-moscas-por-arribo-de-camiones-recolectores-de-basura-al-sector\/","name":"Denuncian plaga de moscas por arribo de\u00a0camiones recolectores de basura al sector - Diario El Trabajo","isPartOf":{"@id":"https:\/\/eltrabajo.cl\/web\/#website"},"primaryImageOfPage":{"@id":"https:\/\/eltrabajo.cl\/web\/denuncian-plaga-de-moscas-por-arribo-de-camiones-recolectores-de-basura-al-sector\/#primaryimage"},"image":{"@id":"https:\/\/eltrabajo.cl\/web\/denuncian-plaga-de-moscas-por-arribo-de-camiones-recolectores-de-basura-al-sector\/#primaryimage"},"thumbnailUrl":"https:\/\/eltrabajo.cl\/web\/wp-content\/uploads\/2025\/04\/moscas-1.jpg","datePublished":"2025-04-14T01:16:47+00:00","breadcrumb":{"@id":"https:\/\/eltrabajo.cl\/web\/denuncian-plaga-de-moscas-por-arribo-de-camiones-recolectores-de-basura-al-sector\/#breadcrumb"},"inLanguage":"es-CL","potentialAction":[{"@type":"ReadAction","target":["https:\/\/eltrabajo.cl\/web\/denuncian-plaga-de-moscas-por-arribo-de-camiones-recolectores-de-basura-al-sector\/"]}]},{"@type":"ImageObject","inLanguage":"es-CL","@id":"https:\/\/eltrabajo.cl\/web\/denuncian-plaga-de-moscas-por-arribo-de-camiones-recolectores-de-basura-al-sector\/#primaryimage","url":"https:\/\/eltrabajo.cl\/web\/wp-content\/uploads\/2025\/04\/moscas-1.jpg","contentUrl":"https:\/\/eltrabajo.cl\/web\/wp-content\/uploads\/2025\/04\/moscas-1.jpg","width":699,"height":517,"caption":"Una molesta plaga de moscas est\u00e1 afectando a vecinos del sector Tres Esquinas."},{"@type":"BreadcrumbList","@id":"https:\/\/eltrabajo.cl\/web\/denuncian-plaga-de-moscas-por-arribo-de-camiones-recolectores-de-basura-al-sector\/#breadcrumb","itemListElement":[{"@type":"ListItem","position":1,"name":"Portada","item":"https:\/\/eltrabajo.cl\/web\/"},{"@type":"ListItem","position":2,"name":"Denuncian plaga de moscas por arribo de\u00a0camiones recolectores de basura al sector"}]},{"@type":"WebSite","@id":"https:\/\/eltrabajo.cl\/web\/#website","url":"https:\/\/eltrabajo.cl\/web\/","name":"Diario El Trabajo","description":"Desde 1929 construyendo Identidad Local","publisher":{"@id":"https:\/\/eltrabajo.cl\/web\/#organization"},"potentialAction":[{"@type":"SearchAction","target":{"@type":"EntryPoint","urlTemplate":"https:\/\/eltrabajo.cl\/web\/?s={search_term_string}"},"query-input":{"@type":"PropertyValueSpecification","valueRequired":true,"valueName":"search_term_string"}}],"inLanguage":"es-CL"},{"@type":"Organization","@id":"https:\/\/eltrabajo.cl\/web\/#organization","name":"Diario El Trabajo","url":"https:\/\/eltrabajo.cl\/web\/","logo":{"@type":"ImageObject","inLanguage":"es-CL","@id":"https:\/\/eltrabajo.cl\/web\/#\/schema\/logo\/image\/","url":"https:\/\/eltrabajo.cl\/web\/wp-content\/uploads\/2024\/06\/profile-image-ig-page-diarioeltrabajo.jpg","contentUrl":"https:\/\/eltrabajo.cl\/web\/wp-content\/uploads\/2024\/06\/profile-image-ig-page-diarioeltrabajo.jpg","width":823,"height":823,"caption":"Diario El Trabajo"},"image":{"@id":"https:\/\/eltrabajo.cl\/web\/#\/schema\/logo\/image\/"},"sameAs":["https:\/\/www.facebook.com\/ElTrabajoDiario","https:\/\/x.com\/diarioeltrabajo"]},{"@type":"Person","@id":"https:\/\/eltrabajo.cl\/web\/#\/schema\/person\/45efd3d17f86ec456e44dd7debe1bf19","name":"Diario El Trabajo","image":{"@type":"ImageObject","inLanguage":"es-CL","@id":"https:\/\/secure.gravatar.com\/avatar\/7e6ec277dc4aea2677c2dc301d4227957219329c985ab69a3efc12518b5161aa?s=96&d=mm&r=g","url":"https:\/\/secure.gravatar.com\/avatar\/7e6ec277dc4aea2677c2dc301d4227957219329c985ab69a3efc12518b5161aa?s=96&d=mm&r=g","contentUrl":"https:\/\/secure.gravatar.com\/avatar\/7e6ec277dc4aea2677c2dc301d4227957219329c985ab69a3efc12518b5161aa?s=96&d=mm&r=g","caption":"Diario El Trabajo"},"sameAs":["https:\/\/eltrabajo.cl\/web"],"url":"https:\/\/eltrabajo.cl\/web\/author\/diario-el-trabajo\/"}]}},"_links":{"self":[{"href":"https:\/\/eltrabajo.cl\/web\/wp-json\/wp\/v2\/posts\/136349","targetHints":{"allow":["GET"]}}],"collection":[{"href":"https:\/\/eltrabajo.cl\/web\/wp-json\/wp\/v2\/posts"}],"about":[{"href":"https:\/\/eltrabajo.cl\/web\/wp-json\/wp\/v2\/types\/post"}],"author":[{"embeddable":true,"href":"https:\/\/eltrabajo.cl\/web\/wp-json\/wp\/v2\/users\/1"}],"replies":[{"embeddable":true,"href":"https:\/\/eltrabajo.cl\/web\/wp-json\/wp\/v2\/comments?post=136349"}],"version-history":[{"count":1,"href":"https:\/\/eltrabajo.cl\/web\/wp-json\/wp\/v2\/posts\/136349\/revisions"}],"predecessor-version":[{"id":136352,"href":"https:\/\/eltrabajo.cl\/web\/wp-json\/wp\/v2\/posts\/136349\/revisions\/136352"}],"wp:featuredmedia":[{"embeddable":true,"href":"https:\/\/eltrabajo.cl\/web\/wp-json\/wp\/v2\/media\/136351"}],"wp:attachment":[{"href":"https:\/\/eltrabajo.cl\/web\/wp-json\/wp\/v2\/media?parent=136349"}],"wp:term":[{"taxonomy":"category","embeddable":true,"href":"https:\/\/eltrabajo.cl\/web\/wp-json\/wp\/v2\/categories?post=136349"},{"taxonomy":"post_tag","embeddable":true,"href":"https:\/\/eltrabajo.cl\/web\/wp-json\/wp\/v2\/tags?post=136349"}],"curies":[{"name":"wp","href":"https:\/\/api.w.org\/{rel}","templated":true}]}}