{"id":136360,"date":"2025-04-13T22:20:24","date_gmt":"2025-04-14T01:20:24","guid":{"rendered":"https:\/\/eltrabajo.cl\/web\/?p=136360"},"modified":"2025-04-13T22:20:24","modified_gmt":"2025-04-14T01:20:24","slug":"dos-jugadores-del-uni-detenidos-al-finalizar-encuentro-con-san-luis","status":"publish","type":"post","link":"https:\/\/eltrabajo.cl\/web\/dos-jugadores-del-uni-detenidos-al-finalizar-encuentro-con-san-luis\/","title":{"rendered":"Dos jugadores del Un\u00ed detenidos al finalizar encuentro con San Luis"},"content":{"rendered":"<ul>\n<li><strong>Paulo Garc\u00e9s y Facundo Monteseir\u00edn fueron aprehendidos por infracci\u00f3n a la ley de violencia en los estadios.-<\/strong><\/li>\n<\/ul>\n<p>Este viernes, y solo d\u00edas despu\u00e9s de la tragedia de los hinchas fallecidos en la previa del encuentro de Copa Libertadores entre Colo Colo y Fortaleza de Brasil, que puso en jaque las medidas de seguridad de nuestro f\u00fatbol y de programas que no funcionaron como \u2018Estadio Seguro\u2019, dos jugadores de Uni\u00f3n san Felipe resultaron detenidos tras finalizar el encuentro versus San Luis de Quillota este viernes, por golpear a un guardia de seguridad.<\/p>\n<p>Concluido el pleito, en el que el Un\u00ed Un\u00ed perdi\u00f3 \u2013con evidentes fallas arbitrales- por 2 a 1 ante los \u2018canarios\u2019, algunos jugadores unionistas se abalanzaron sobre la carteta arbitral para reclamar los cobros que los afectaron. Fue en ese momento, cuando un guardia de seguridad denunci\u00f3 haber sido objeto de una agresi\u00f3n por parte del arquero <strong>Paulo Garc\u00e9s<\/strong> y el central y capit\u00e1n, <strong>Facundo Monteseir\u00edn<\/strong>, situaci\u00f3n que deriv\u00f3 en la posterior detenci\u00f3n de ambos jugadores por infracci\u00f3n a la ley de violencia en los estadios, tem\u00e1tica que ha sido contingencia nacional deportiva de la \u00faltima semana.<\/p>\n<p>En esta l\u00ednea, tras efectuarse el control de detenci\u00f3n el d\u00eda s\u00e1bado, el defensor Monteseir\u00edn fue formalizado por el delito de lesiones leves y qued\u00f3 con las medidas cautelares de arraigo nacional y prohibici\u00f3n de acercarse a la v\u00edctima por los 90 d\u00edas que dure la investigaci\u00f3n. Por otra parte, se determin\u00f3 que el portero Paulo Garc\u00e9s fuera absuelto.<\/p>\n<p>Los detalles fueron proporcionados por la fiscal de Quillota, <strong>Gabriela Fuenzalida<\/strong>, quien estableci\u00f3 que <em>\u00abhoy <\/em>(s\u00e1bado) <em>tuvo lugar audiencia de control de detenci\u00f3n, donde fue formalizado conforme a la ley de violencia en los estadios, por ocasionar lesiones de car\u00e1cter cl\u00ednicamente leves, un jugador perteneciente al club de f\u00fatbol San Felipe.<\/em><\/p>\n<p>\u00ab<em>Los hechos suceden el d\u00eda de ayer 11 de abril, luego de tener lugar un partido de f\u00fatbol que se llevaba a cabo en el estadio Lucio Fari\u00f1a, donde jugaba el equipo de f\u00fatbol San Felipe en contra del equipo de f\u00fatbol San Luis\u00bb<\/em>, indic\u00f3.<\/p>\n<p>En esta l\u00ednea, la fiscal explic\u00f3 c\u00f3mo se origin\u00f3 la detenci\u00f3n del jugador albirrojo. <em>\u00abConforme a razones que se investigan, habr\u00eda habido una discusi\u00f3n previa contra el \u00e1rbitro una vez finalizado el partido, lo que llev\u00f3 a que los \u00e1nimos por parte del equipo de San Felipe aumentaran, se enojaran, y un tercero que ten\u00eda la calidad de guardia, sali\u00f3 en defensa de este \u00e1rbitro, recibiendo un golpe de pu\u00f1o por parte de este jugador de San Felipe\u00bb<\/em>.<\/p>\n<p>Finalmente, Fuenzalida precis\u00f3 las medidas cautelares con las qued\u00f3 Facundo Monteseir\u00edn. <em>\u00abSe le formaliz\u00f3 conforme a la ley de violencia en los estadios, qued\u00f3 con medidas cautelares de prohibici\u00f3n de acercarse a la v\u00edctima, el arraigo nacional y se fij\u00f3 un plazo de investigaci\u00f3n de 90 d\u00edas\u00bb<\/em>, cerr\u00f3.<\/p>\n<figure id=\"attachment_136361\" aria-describedby=\"caption-attachment-136361\" style=\"width: 698px\" class=\"wp-caption alignnone\"><img loading=\"lazy\" decoding=\"async\" class=\"size-full wp-image-136361\" src=\"http:\/\/eltrabajo.cl\/web\/wp-content\/uploads\/2025\/04\/detenido-Monteseirin.jpg\" alt=\"Facundo Montesir\u00edn luego de ser detenido.\" width=\"698\" height=\"535\" srcset=\"https:\/\/eltrabajo.cl\/web\/wp-content\/uploads\/2025\/04\/detenido-Monteseirin.jpg 698w, https:\/\/eltrabajo.cl\/web\/wp-content\/uploads\/2025\/04\/detenido-Monteseirin-300x230.jpg 300w, https:\/\/eltrabajo.cl\/web\/wp-content\/uploads\/2025\/04\/detenido-Monteseirin-548x420.jpg 548w, https:\/\/eltrabajo.cl\/web\/wp-content\/uploads\/2025\/04\/detenido-Monteseirin-80x60.jpg 80w, https:\/\/eltrabajo.cl\/web\/wp-content\/uploads\/2025\/04\/detenido-Monteseirin-150x115.jpg 150w, https:\/\/eltrabajo.cl\/web\/wp-content\/uploads\/2025\/04\/detenido-Monteseirin-696x533.jpg 696w\" sizes=\"auto, (max-width: 698px) 100vw, 698px\" \/><figcaption id=\"caption-attachment-136361\" class=\"wp-caption-text\">Facundo Montesir\u00edn luego de ser detenido.<\/figcaption><\/figure>\n<figure id=\"attachment_136362\" aria-describedby=\"caption-attachment-136362\" style=\"width: 699px\" class=\"wp-caption alignnone\"><img loading=\"lazy\" decoding=\"async\" class=\"size-full wp-image-136362\" src=\"http:\/\/eltrabajo.cl\/web\/wp-content\/uploads\/2025\/04\/detenido-Garces.jpg\" alt=\"Paulo Garc\u00e9s tambi\u00e9n fue aprehendido, aunque posteriormente liberado.\" width=\"699\" height=\"968\" srcset=\"https:\/\/eltrabajo.cl\/web\/wp-content\/uploads\/2025\/04\/detenido-Garces.jpg 699w, https:\/\/eltrabajo.cl\/web\/wp-content\/uploads\/2025\/04\/detenido-Garces-217x300.jpg 217w, https:\/\/eltrabajo.cl\/web\/wp-content\/uploads\/2025\/04\/detenido-Garces-303x420.jpg 303w, https:\/\/eltrabajo.cl\/web\/wp-content\/uploads\/2025\/04\/detenido-Garces-150x208.jpg 150w, https:\/\/eltrabajo.cl\/web\/wp-content\/uploads\/2025\/04\/detenido-Garces-300x415.jpg 300w, https:\/\/eltrabajo.cl\/web\/wp-content\/uploads\/2025\/04\/detenido-Garces-696x964.jpg 696w\" sizes=\"auto, (max-width: 699px) 100vw, 699px\" \/><figcaption id=\"caption-attachment-136362\" class=\"wp-caption-text\">Paulo Garc\u00e9s tambi\u00e9n fue aprehendido, aunque posteriormente liberado.<\/figcaption><\/figure>\n","protected":false},"excerpt":{"rendered":"<p>Paulo Garc\u00e9s y Facundo Monteseir\u00edn fueron aprehendidos por infracci\u00f3n a la ley de violencia en los estadios.- Este viernes, y solo d\u00edas despu\u00e9s de la tragedia de los hinchas fallecidos en la previa del encuentro de Copa Libertadores entre Colo Colo y Fortaleza de Brasil, que puso en jaque las medidas de seguridad de nuestro [&hellip;]<\/p>\n","protected":false},"author":1,"featured_media":136361,"comment_status":"open","ping_status":"closed","sticky":false,"template":"","format":"standard","meta":{"footnotes":""},"categories":[5],"tags":[],"class_list":{"0":"post-136360","1":"post","2":"type-post","3":"status-publish","4":"format-standard","5":"has-post-thumbnail","7":"category-policial"},"yoast_head":"<!-- This site is optimized with the Yoast SEO plugin v27.4 - https:\/\/yoast.com\/product\/yoast-seo-wordpress\/ -->\n<title>Dos jugadores del Un\u00ed detenidos al finalizar encuentro con San Luis - Diario El Trabajo<\/title>\n<meta name=\"robots\" content=\"index, follow, max-snippet:-1, max-image-preview:large, max-video-preview:-1\" \/>\n<link rel=\"canonical\" href=\"https:\/\/eltrabajo.cl\/web\/dos-jugadores-del-uni-detenidos-al-finalizar-encuentro-con-san-luis\/\" \/>\n<meta property=\"og:locale\" content=\"es_ES\" \/>\n<meta property=\"og:type\" content=\"article\" \/>\n<meta property=\"og:title\" content=\"Dos jugadores del Un\u00ed detenidos al finalizar encuentro con San Luis - Diario El Trabajo\" \/>\n<meta property=\"og:description\" content=\"Paulo Garc\u00e9s y Facundo Monteseir\u00edn fueron aprehendidos por infracci\u00f3n a la ley de violencia en los estadios.- Este viernes, y solo d\u00edas despu\u00e9s de la tragedia de los hinchas fallecidos en la previa del encuentro de Copa Libertadores entre Colo Colo y Fortaleza de Brasil, que puso en jaque las medidas de seguridad de nuestro [&hellip;]\" \/>\n<meta property=\"og:url\" content=\"https:\/\/eltrabajo.cl\/web\/dos-jugadores-del-uni-detenidos-al-finalizar-encuentro-con-san-luis\/\" \/>\n<meta property=\"og:site_name\" content=\"Diario El Trabajo\" \/>\n<meta property=\"article:publisher\" content=\"https:\/\/www.facebook.com\/ElTrabajoDiario\" \/>\n<meta property=\"article:published_time\" content=\"2025-04-14T01:20:24+00:00\" \/>\n<meta property=\"og:image\" content=\"https:\/\/eltrabajo.cl\/web\/wp-content\/uploads\/2025\/04\/detenido-Monteseirin.jpg\" \/>\n\t<meta property=\"og:image:width\" content=\"698\" \/>\n\t<meta property=\"og:image:height\" content=\"535\" \/>\n\t<meta property=\"og:image:type\" content=\"image\/jpeg\" \/>\n<meta name=\"author\" content=\"Diario El Trabajo\" \/>\n<meta name=\"twitter:card\" content=\"summary_large_image\" \/>\n<meta name=\"twitter:creator\" content=\"@diarioeltrabajo\" \/>\n<meta name=\"twitter:site\" content=\"@diarioeltrabajo\" \/>\n<meta name=\"twitter:label1\" content=\"Escrito por\" \/>\n\t<meta name=\"twitter:data1\" content=\"Diario El Trabajo\" \/>\n\t<meta name=\"twitter:label2\" content=\"Tiempo estimado de lectura\" \/>\n\t<meta name=\"twitter:data2\" content=\"3 minutos\" \/>\n<script type=\"application\/ld+json\" class=\"yoast-schema-graph\">{\"@context\":\"https:\\\/\\\/schema.org\",\"@graph\":[{\"@type\":\"Article\",\"@id\":\"https:\\\/\\\/eltrabajo.cl\\\/web\\\/dos-jugadores-del-uni-detenidos-al-finalizar-encuentro-con-san-luis\\\/#article\",\"isPartOf\":{\"@id\":\"https:\\\/\\\/eltrabajo.cl\\\/web\\\/dos-jugadores-del-uni-detenidos-al-finalizar-encuentro-con-san-luis\\\/\"},\"author\":{\"name\":\"Diario El Trabajo\",\"@id\":\"https:\\\/\\\/eltrabajo.cl\\\/web\\\/#\\\/schema\\\/person\\\/45efd3d17f86ec456e44dd7debe1bf19\"},\"headline\":\"Dos jugadores del Un\u00ed detenidos al finalizar encuentro con San Luis\",\"datePublished\":\"2025-04-14T01:20:24+00:00\",\"mainEntityOfPage\":{\"@id\":\"https:\\\/\\\/eltrabajo.cl\\\/web\\\/dos-jugadores-del-uni-detenidos-al-finalizar-encuentro-con-san-luis\\\/\"},\"wordCount\":554,\"commentCount\":0,\"publisher\":{\"@id\":\"https:\\\/\\\/eltrabajo.cl\\\/web\\\/#organization\"},\"image\":{\"@id\":\"https:\\\/\\\/eltrabajo.cl\\\/web\\\/dos-jugadores-del-uni-detenidos-al-finalizar-encuentro-con-san-luis\\\/#primaryimage\"},\"thumbnailUrl\":\"https:\\\/\\\/eltrabajo.cl\\\/web\\\/wp-content\\\/uploads\\\/2025\\\/04\\\/detenido-Monteseirin.jpg\",\"articleSection\":[\"Policial\"],\"inLanguage\":\"es-CL\",\"potentialAction\":[{\"@type\":\"CommentAction\",\"name\":\"Comment\",\"target\":[\"https:\\\/\\\/eltrabajo.cl\\\/web\\\/dos-jugadores-del-uni-detenidos-al-finalizar-encuentro-con-san-luis\\\/#respond\"]}]},{\"@type\":\"WebPage\",\"@id\":\"https:\\\/\\\/eltrabajo.cl\\\/web\\\/dos-jugadores-del-uni-detenidos-al-finalizar-encuentro-con-san-luis\\\/\",\"url\":\"https:\\\/\\\/eltrabajo.cl\\\/web\\\/dos-jugadores-del-uni-detenidos-al-finalizar-encuentro-con-san-luis\\\/\",\"name\":\"Dos jugadores del Un\u00ed detenidos al finalizar encuentro con San Luis - Diario El Trabajo\",\"isPartOf\":{\"@id\":\"https:\\\/\\\/eltrabajo.cl\\\/web\\\/#website\"},\"primaryImageOfPage\":{\"@id\":\"https:\\\/\\\/eltrabajo.cl\\\/web\\\/dos-jugadores-del-uni-detenidos-al-finalizar-encuentro-con-san-luis\\\/#primaryimage\"},\"image\":{\"@id\":\"https:\\\/\\\/eltrabajo.cl\\\/web\\\/dos-jugadores-del-uni-detenidos-al-finalizar-encuentro-con-san-luis\\\/#primaryimage\"},\"thumbnailUrl\":\"https:\\\/\\\/eltrabajo.cl\\\/web\\\/wp-content\\\/uploads\\\/2025\\\/04\\\/detenido-Monteseirin.jpg\",\"datePublished\":\"2025-04-14T01:20:24+00:00\",\"breadcrumb\":{\"@id\":\"https:\\\/\\\/eltrabajo.cl\\\/web\\\/dos-jugadores-del-uni-detenidos-al-finalizar-encuentro-con-san-luis\\\/#breadcrumb\"},\"inLanguage\":\"es-CL\",\"potentialAction\":[{\"@type\":\"ReadAction\",\"target\":[\"https:\\\/\\\/eltrabajo.cl\\\/web\\\/dos-jugadores-del-uni-detenidos-al-finalizar-encuentro-con-san-luis\\\/\"]}]},{\"@type\":\"ImageObject\",\"inLanguage\":\"es-CL\",\"@id\":\"https:\\\/\\\/eltrabajo.cl\\\/web\\\/dos-jugadores-del-uni-detenidos-al-finalizar-encuentro-con-san-luis\\\/#primaryimage\",\"url\":\"https:\\\/\\\/eltrabajo.cl\\\/web\\\/wp-content\\\/uploads\\\/2025\\\/04\\\/detenido-Monteseirin.jpg\",\"contentUrl\":\"https:\\\/\\\/eltrabajo.cl\\\/web\\\/wp-content\\\/uploads\\\/2025\\\/04\\\/detenido-Monteseirin.jpg\",\"width\":698,\"height\":535,\"caption\":\"Facundo Montesir\u00edn luego de ser detenido.\"},{\"@type\":\"BreadcrumbList\",\"@id\":\"https:\\\/\\\/eltrabajo.cl\\\/web\\\/dos-jugadores-del-uni-detenidos-al-finalizar-encuentro-con-san-luis\\\/#breadcrumb\",\"itemListElement\":[{\"@type\":\"ListItem\",\"position\":1,\"name\":\"Portada\",\"item\":\"https:\\\/\\\/eltrabajo.cl\\\/web\\\/\"},{\"@type\":\"ListItem\",\"position\":2,\"name\":\"Dos jugadores del Un\u00ed detenidos al finalizar encuentro con San Luis\"}]},{\"@type\":\"WebSite\",\"@id\":\"https:\\\/\\\/eltrabajo.cl\\\/web\\\/#website\",\"url\":\"https:\\\/\\\/eltrabajo.cl\\\/web\\\/\",\"name\":\"Diario El Trabajo\",\"description\":\"Desde 1929 construyendo Identidad Local\",\"publisher\":{\"@id\":\"https:\\\/\\\/eltrabajo.cl\\\/web\\\/#organization\"},\"potentialAction\":[{\"@type\":\"SearchAction\",\"target\":{\"@type\":\"EntryPoint\",\"urlTemplate\":\"https:\\\/\\\/eltrabajo.cl\\\/web\\\/?s={search_term_string}\"},\"query-input\":{\"@type\":\"PropertyValueSpecification\",\"valueRequired\":true,\"valueName\":\"search_term_string\"}}],\"inLanguage\":\"es-CL\"},{\"@type\":\"Organization\",\"@id\":\"https:\\\/\\\/eltrabajo.cl\\\/web\\\/#organization\",\"name\":\"Diario El Trabajo\",\"url\":\"https:\\\/\\\/eltrabajo.cl\\\/web\\\/\",\"logo\":{\"@type\":\"ImageObject\",\"inLanguage\":\"es-CL\",\"@id\":\"https:\\\/\\\/eltrabajo.cl\\\/web\\\/#\\\/schema\\\/logo\\\/image\\\/\",\"url\":\"https:\\\/\\\/eltrabajo.cl\\\/web\\\/wp-content\\\/uploads\\\/2024\\\/06\\\/profile-image-ig-page-diarioeltrabajo.jpg\",\"contentUrl\":\"https:\\\/\\\/eltrabajo.cl\\\/web\\\/wp-content\\\/uploads\\\/2024\\\/06\\\/profile-image-ig-page-diarioeltrabajo.jpg\",\"width\":823,\"height\":823,\"caption\":\"Diario El Trabajo\"},\"image\":{\"@id\":\"https:\\\/\\\/eltrabajo.cl\\\/web\\\/#\\\/schema\\\/logo\\\/image\\\/\"},\"sameAs\":[\"https:\\\/\\\/www.facebook.com\\\/ElTrabajoDiario\",\"https:\\\/\\\/x.com\\\/diarioeltrabajo\"]},{\"@type\":\"Person\",\"@id\":\"https:\\\/\\\/eltrabajo.cl\\\/web\\\/#\\\/schema\\\/person\\\/45efd3d17f86ec456e44dd7debe1bf19\",\"name\":\"Diario El Trabajo\",\"image\":{\"@type\":\"ImageObject\",\"inLanguage\":\"es-CL\",\"@id\":\"https:\\\/\\\/secure.gravatar.com\\\/avatar\\\/7e6ec277dc4aea2677c2dc301d4227957219329c985ab69a3efc12518b5161aa?s=96&d=mm&r=g\",\"url\":\"https:\\\/\\\/secure.gravatar.com\\\/avatar\\\/7e6ec277dc4aea2677c2dc301d4227957219329c985ab69a3efc12518b5161aa?s=96&d=mm&r=g\",\"contentUrl\":\"https:\\\/\\\/secure.gravatar.com\\\/avatar\\\/7e6ec277dc4aea2677c2dc301d4227957219329c985ab69a3efc12518b5161aa?s=96&d=mm&r=g\",\"caption\":\"Diario El Trabajo\"},\"sameAs\":[\"https:\\\/\\\/eltrabajo.cl\\\/web\"],\"url\":\"https:\\\/\\\/eltrabajo.cl\\\/web\\\/author\\\/diario-el-trabajo\\\/\"}]}<\/script>\n<!-- \/ Yoast SEO plugin. -->","yoast_head_json":{"title":"Dos jugadores del Un\u00ed detenidos al finalizar encuentro con San Luis - Diario El Trabajo","robots":{"index":"index","follow":"follow","max-snippet":"max-snippet:-1","max-image-preview":"max-image-preview:large","max-video-preview":"max-video-preview:-1"},"canonical":"https:\/\/eltrabajo.cl\/web\/dos-jugadores-del-uni-detenidos-al-finalizar-encuentro-con-san-luis\/","og_locale":"es_ES","og_type":"article","og_title":"Dos jugadores del Un\u00ed detenidos al finalizar encuentro con San Luis - Diario El Trabajo","og_description":"Paulo Garc\u00e9s y Facundo Monteseir\u00edn fueron aprehendidos por infracci\u00f3n a la ley de violencia en los estadios.- Este viernes, y solo d\u00edas despu\u00e9s de la tragedia de los hinchas fallecidos en la previa del encuentro de Copa Libertadores entre Colo Colo y Fortaleza de Brasil, que puso en jaque las medidas de seguridad de nuestro [&hellip;]","og_url":"https:\/\/eltrabajo.cl\/web\/dos-jugadores-del-uni-detenidos-al-finalizar-encuentro-con-san-luis\/","og_site_name":"Diario El Trabajo","article_publisher":"https:\/\/www.facebook.com\/ElTrabajoDiario","article_published_time":"2025-04-14T01:20:24+00:00","og_image":[{"width":698,"height":535,"url":"https:\/\/eltrabajo.cl\/web\/wp-content\/uploads\/2025\/04\/detenido-Monteseirin.jpg","type":"image\/jpeg"}],"author":"Diario El Trabajo","twitter_card":"summary_large_image","twitter_creator":"@diarioeltrabajo","twitter_site":"@diarioeltrabajo","twitter_misc":{"Escrito por":"Diario El Trabajo","Tiempo estimado de lectura":"3 minutos"},"schema":{"@context":"https:\/\/schema.org","@graph":[{"@type":"Article","@id":"https:\/\/eltrabajo.cl\/web\/dos-jugadores-del-uni-detenidos-al-finalizar-encuentro-con-san-luis\/#article","isPartOf":{"@id":"https:\/\/eltrabajo.cl\/web\/dos-jugadores-del-uni-detenidos-al-finalizar-encuentro-con-san-luis\/"},"author":{"name":"Diario El Trabajo","@id":"https:\/\/eltrabajo.cl\/web\/#\/schema\/person\/45efd3d17f86ec456e44dd7debe1bf19"},"headline":"Dos jugadores del Un\u00ed detenidos al finalizar encuentro con San Luis","datePublished":"2025-04-14T01:20:24+00:00","mainEntityOfPage":{"@id":"https:\/\/eltrabajo.cl\/web\/dos-jugadores-del-uni-detenidos-al-finalizar-encuentro-con-san-luis\/"},"wordCount":554,"commentCount":0,"publisher":{"@id":"https:\/\/eltrabajo.cl\/web\/#organization"},"image":{"@id":"https:\/\/eltrabajo.cl\/web\/dos-jugadores-del-uni-detenidos-al-finalizar-encuentro-con-san-luis\/#primaryimage"},"thumbnailUrl":"https:\/\/eltrabajo.cl\/web\/wp-content\/uploads\/2025\/04\/detenido-Monteseirin.jpg","articleSection":["Policial"],"inLanguage":"es-CL","potentialAction":[{"@type":"CommentAction","name":"Comment","target":["https:\/\/eltrabajo.cl\/web\/dos-jugadores-del-uni-detenidos-al-finalizar-encuentro-con-san-luis\/#respond"]}]},{"@type":"WebPage","@id":"https:\/\/eltrabajo.cl\/web\/dos-jugadores-del-uni-detenidos-al-finalizar-encuentro-con-san-luis\/","url":"https:\/\/eltrabajo.cl\/web\/dos-jugadores-del-uni-detenidos-al-finalizar-encuentro-con-san-luis\/","name":"Dos jugadores del Un\u00ed detenidos al finalizar encuentro con San Luis - Diario El Trabajo","isPartOf":{"@id":"https:\/\/eltrabajo.cl\/web\/#website"},"primaryImageOfPage":{"@id":"https:\/\/eltrabajo.cl\/web\/dos-jugadores-del-uni-detenidos-al-finalizar-encuentro-con-san-luis\/#primaryimage"},"image":{"@id":"https:\/\/eltrabajo.cl\/web\/dos-jugadores-del-uni-detenidos-al-finalizar-encuentro-con-san-luis\/#primaryimage"},"thumbnailUrl":"https:\/\/eltrabajo.cl\/web\/wp-content\/uploads\/2025\/04\/detenido-Monteseirin.jpg","datePublished":"2025-04-14T01:20:24+00:00","breadcrumb":{"@id":"https:\/\/eltrabajo.cl\/web\/dos-jugadores-del-uni-detenidos-al-finalizar-encuentro-con-san-luis\/#breadcrumb"},"inLanguage":"es-CL","potentialAction":[{"@type":"ReadAction","target":["https:\/\/eltrabajo.cl\/web\/dos-jugadores-del-uni-detenidos-al-finalizar-encuentro-con-san-luis\/"]}]},{"@type":"ImageObject","inLanguage":"es-CL","@id":"https:\/\/eltrabajo.cl\/web\/dos-jugadores-del-uni-detenidos-al-finalizar-encuentro-con-san-luis\/#primaryimage","url":"https:\/\/eltrabajo.cl\/web\/wp-content\/uploads\/2025\/04\/detenido-Monteseirin.jpg","contentUrl":"https:\/\/eltrabajo.cl\/web\/wp-content\/uploads\/2025\/04\/detenido-Monteseirin.jpg","width":698,"height":535,"caption":"Facundo Montesir\u00edn luego de ser detenido."},{"@type":"BreadcrumbList","@id":"https:\/\/eltrabajo.cl\/web\/dos-jugadores-del-uni-detenidos-al-finalizar-encuentro-con-san-luis\/#breadcrumb","itemListElement":[{"@type":"ListItem","position":1,"name":"Portada","item":"https:\/\/eltrabajo.cl\/web\/"},{"@type":"ListItem","position":2,"name":"Dos jugadores del Un\u00ed detenidos al finalizar encuentro con San Luis"}]},{"@type":"WebSite","@id":"https:\/\/eltrabajo.cl\/web\/#website","url":"https:\/\/eltrabajo.cl\/web\/","name":"Diario El Trabajo","description":"Desde 1929 construyendo Identidad Local","publisher":{"@id":"https:\/\/eltrabajo.cl\/web\/#organization"},"potentialAction":[{"@type":"SearchAction","target":{"@type":"EntryPoint","urlTemplate":"https:\/\/eltrabajo.cl\/web\/?s={search_term_string}"},"query-input":{"@type":"PropertyValueSpecification","valueRequired":true,"valueName":"search_term_string"}}],"inLanguage":"es-CL"},{"@type":"Organization","@id":"https:\/\/eltrabajo.cl\/web\/#organization","name":"Diario El Trabajo","url":"https:\/\/eltrabajo.cl\/web\/","logo":{"@type":"ImageObject","inLanguage":"es-CL","@id":"https:\/\/eltrabajo.cl\/web\/#\/schema\/logo\/image\/","url":"https:\/\/eltrabajo.cl\/web\/wp-content\/uploads\/2024\/06\/profile-image-ig-page-diarioeltrabajo.jpg","contentUrl":"https:\/\/eltrabajo.cl\/web\/wp-content\/uploads\/2024\/06\/profile-image-ig-page-diarioeltrabajo.jpg","width":823,"height":823,"caption":"Diario El Trabajo"},"image":{"@id":"https:\/\/eltrabajo.cl\/web\/#\/schema\/logo\/image\/"},"sameAs":["https:\/\/www.facebook.com\/ElTrabajoDiario","https:\/\/x.com\/diarioeltrabajo"]},{"@type":"Person","@id":"https:\/\/eltrabajo.cl\/web\/#\/schema\/person\/45efd3d17f86ec456e44dd7debe1bf19","name":"Diario El Trabajo","image":{"@type":"ImageObject","inLanguage":"es-CL","@id":"https:\/\/secure.gravatar.com\/avatar\/7e6ec277dc4aea2677c2dc301d4227957219329c985ab69a3efc12518b5161aa?s=96&d=mm&r=g","url":"https:\/\/secure.gravatar.com\/avatar\/7e6ec277dc4aea2677c2dc301d4227957219329c985ab69a3efc12518b5161aa?s=96&d=mm&r=g","contentUrl":"https:\/\/secure.gravatar.com\/avatar\/7e6ec277dc4aea2677c2dc301d4227957219329c985ab69a3efc12518b5161aa?s=96&d=mm&r=g","caption":"Diario El Trabajo"},"sameAs":["https:\/\/eltrabajo.cl\/web"],"url":"https:\/\/eltrabajo.cl\/web\/author\/diario-el-trabajo\/"}]}},"_links":{"self":[{"href":"https:\/\/eltrabajo.cl\/web\/wp-json\/wp\/v2\/posts\/136360","targetHints":{"allow":["GET"]}}],"collection":[{"href":"https:\/\/eltrabajo.cl\/web\/wp-json\/wp\/v2\/posts"}],"about":[{"href":"https:\/\/eltrabajo.cl\/web\/wp-json\/wp\/v2\/types\/post"}],"author":[{"embeddable":true,"href":"https:\/\/eltrabajo.cl\/web\/wp-json\/wp\/v2\/users\/1"}],"replies":[{"embeddable":true,"href":"https:\/\/eltrabajo.cl\/web\/wp-json\/wp\/v2\/comments?post=136360"}],"version-history":[{"count":1,"href":"https:\/\/eltrabajo.cl\/web\/wp-json\/wp\/v2\/posts\/136360\/revisions"}],"predecessor-version":[{"id":136363,"href":"https:\/\/eltrabajo.cl\/web\/wp-json\/wp\/v2\/posts\/136360\/revisions\/136363"}],"wp:featuredmedia":[{"embeddable":true,"href":"https:\/\/eltrabajo.cl\/web\/wp-json\/wp\/v2\/media\/136361"}],"wp:attachment":[{"href":"https:\/\/eltrabajo.cl\/web\/wp-json\/wp\/v2\/media?parent=136360"}],"wp:term":[{"taxonomy":"category","embeddable":true,"href":"https:\/\/eltrabajo.cl\/web\/wp-json\/wp\/v2\/categories?post=136360"},{"taxonomy":"post_tag","embeddable":true,"href":"https:\/\/eltrabajo.cl\/web\/wp-json\/wp\/v2\/tags?post=136360"}],"curies":[{"name":"wp","href":"https:\/\/api.w.org\/{rel}","templated":true}]}}